{"id":18463,"date":"2023-03-22T13:54:29","date_gmt":"2023-03-22T13:54:29","guid":{"rendered":"https:\/\/www.public.sn\/?p=18463"},"modified":"2023-03-22T13:54:29","modified_gmt":"2023-03-22T13:54:29","slug":"abdou-karim-fofana-le-medecin-qui-a-etabli-le-certificat-medical-est-un-militant-de-pastef","status":"publish","type":"post","link":"https:\/\/www.public.sn\/index.php\/2023\/03\/22\/abdou-karim-fofana-le-medecin-qui-a-etabli-le-certificat-medical-est-un-militant-de-pastef\/","title":{"rendered":"Abdou Karim Fofana : \u00ab Le m\u00e9decin qui a \u00e9tabli le certificat m\u00e9dical est un militant de Pastef \u00bb"},"content":{"rendered":"<p><strong>Ousmane Sonko, le leader du parti Pastef et chef de l\u2019opposition s\u00e9n\u00e9galaise, a \u00e9t\u00e9 hospitalis\u00e9 jeudi 16 mars au soir apr\u00e8s une altercation avec les forces de l\u2019ordre. \u00ab Depuis que les FDS m\u2019ont d\u00e9pos\u00e9 chez moi, je suis sujet \u00e0 de terribles vertiges, je souffre de douleurs au bas ventre et j\u2019\u00e9prouve des difficult\u00e9s respiratoires \u00bb, s\u2019est-il expliqu\u00e9.<\/strong><\/p><div class=\"publi-paragraphe1\" style=\"margin-top: 10px;margin-bottom: 10px;margin-left: auto;margin-right: auto;text-align: center;\" id=\"publi-4138569023\"><div class=\"publi-adlabel\">Publicit\u00e9<\/div><script async src=\"\/\/pagead2.googlesyndication.com\/pagead\/js\/adsbygoogle.js?client=ca-pub-4089586018074219\" crossorigin=\"anonymous\"><\/script><ins class=\"adsbygoogle\" style=\"display:block;\" data-ad-client=\"ca-pub-4089586018074219\" \ndata-ad-slot=\"2087940154\" \ndata-ad-format=\"auto\"><\/ins>\n<script> \n(adsbygoogle = window.adsbygoogle || []).push({}); \n<\/script>\n<\/div>\n<p>Apr\u00e8s les responsables de son parti et des membres de la soci\u00e9t\u00e9 civile, qui se sont exprim\u00e9s en faveur de son \u00e9vacuation \u00e0 l\u2019\u00e9tranger, car \u00e9tant mal en point, le porte-parole du Gouvernement, Abdou Karim Fofana a aussi r\u00e9agi au sujet de cette nouvelle du bulletin de sant\u00e9 du maire de Ziguinchor. \u00ab Nous entendons beaucoup parler d\u2019\u00e9vacuation sanitaire. Je rappelle que l\u2019\u00e9vacuation sanitaire au S\u00e9n\u00e9gal pour des personnes qui sont sous contr\u00f4le judiciaire est r\u00e9glement\u00e9e. \u00bb<\/p>\n<p>\u00ab Vous ne pouvez pas aller chez un m\u00e9decin militant qui tient une clinique et qui indique qu\u2019il ne re\u00e7oit que des militants d\u2019un parti politique pour vous faire une attestation ou un certificat m\u00e9dical qui vous permet d\u2019\u00eatre \u00e9vacu\u00e9 sanitairement. Je pense qu\u2019il faudrait qu\u2019on soit s\u00e9rieux \u00bb, rapporte Le Grand Panel<\/p>\n<div class=\"publi-apres-le-contenu\" style=\"margin-top: 10px;margin-bottom: 10px;margin-left: auto;margin-right: auto;text-align: center;\" id=\"publi-2446819910\"><div class=\"publi-adlabel\">Publicit\u00e9<\/div><script async src=\"\/\/pagead2.googlesyndication.com\/pagead\/js\/adsbygoogle.js?client=ca-pub-4089586018074219\" crossorigin=\"anonymous\"><\/script><ins class=\"adsbygoogle\" style=\"display:block;\" data-ad-client=\"ca-pub-4089586018074219\" \ndata-ad-slot=\"2087940154\" \ndata-ad-format=\"auto\"><\/ins>\n<script> \n(adsbygoogle = window.adsbygoogle || []).push({}); \n<\/script>\n<\/div>","protected":false},"excerpt":{"rendered":"<p>Ousmane Sonko, le leader du parti Pastef et chef de l\u2019opposition s\u00e9n\u00e9galaise, a \u00e9t\u00e9 hospitalis\u00e9 jeudi 16 mars au soir apr\u00e8s une altercation avec les forces de l\u2019ordre. \u00ab Depuis que les FDS m\u2019ont d\u00e9pos\u00e9 chez moi, je suis sujet \u00e0 de terribles vertiges, je souffre de douleurs au bas ventre et j\u2019\u00e9prouve des difficult\u00e9s respiratoires \u00bb, s\u2019est-il expliqu\u00e9. Apr\u00e8s les responsables de son parti et des membres de la soci\u00e9t\u00e9 civile, qui se sont exprim\u00e9s en faveur de son \u00e9vacuation \u00e0 l\u2019\u00e9tranger, car \u00e9tant mal en point, le porte-parole du Gouvernement, Abdou Karim Fofana a aussi r\u00e9agi au sujet de cette nouvelle du bulletin de sant\u00e9 du maire de Ziguinchor. \u00ab Nous entendons beaucoup parler d\u2019\u00e9vacuation sanitaire. Je rappelle que l\u2019\u00e9vacuation sanitaire au S\u00e9n\u00e9gal pour des personnes qui sont sous contr\u00f4le judiciaire est r\u00e9glement\u00e9e. \u00bb \u00ab Vous ne pouvez pas aller chez un m\u00e9decin militant qui tient une clinique et qui indique qu\u2019il ne re\u00e7oit que des militants d\u2019un parti politique pour vous faire une attestation ou un certificat m\u00e9dical qui vous permet d\u2019\u00eatre \u00e9vacu\u00e9 sanitairement. Je pense qu\u2019il faudrait qu\u2019on soit s\u00e9rieux \u00bb, rapporte Le Grand Panel<\/p>\n","protected":false},"author":7,"featured_media":18466,"comment_status":"open","ping_status":"open","sticky":false,"template":"","format":"standard","meta":{"_jetpack_memberships_contains_paid_content":false,"footnotes":""},"categories":[375,3724,3,1574,376,1,372],"tags":[2568,1812,4864,672],"class_list":["post-18463","post","type-post","status-publish","format-standard","has-post-thumbnail","hentry","category-actualites","category-justice","category-politique","category-sante","category-securite-justice","category-non-classe","category-vedette","tag-abdou-karim-fofana","tag-certificat-medical","tag-medecin","tag-pastef","entry","has-media","owp-thumbs-layout-horizontal","owp-btn-normal","owp-tabs-layout-horizontal","has-no-thumbnails","has-product-nav"],"yoast_head":"<!-- This site is optimized with the Yoast SEO plugin v25.5 - https:\/\/yoast.com\/wordpress\/plugins\/seo\/ -->\n<title>Abdou Karim Fofana : \u00ab Le m\u00e9decin qui a \u00e9tabli le certificat m\u00e9dical est un militant de Pastef \u00bb - LE PUBLIC<\/title>\n<meta name=\"robots\" content=\"index, follow, max-snippet:-1, max-image-preview:large, max-video-preview:-1\" \/>\n<link rel=\"canonical\" href=\"https:\/\/www.public.sn\/index.php\/2023\/03\/22\/abdou-karim-fofana-le-medecin-qui-a-etabli-le-certificat-medical-est-un-militant-de-pastef\/\" \/>\n<meta property=\"og:locale\" content=\"fr_FR\" \/>\n<meta property=\"og:type\" content=\"article\" \/>\n<meta property=\"og:title\" content=\"Abdou Karim Fofana : \u00ab Le m\u00e9decin qui a \u00e9tabli le certificat m\u00e9dical est un militant de Pastef \u00bb - LE PUBLIC\" \/>\n<meta property=\"og:description\" content=\"Ousmane Sonko, le leader du parti Pastef et chef de l\u2019opposition s\u00e9n\u00e9galaise, a \u00e9t\u00e9 hospitalis\u00e9 jeudi 16 mars au soir apr\u00e8s une altercation avec les forces de l\u2019ordre. \u00ab Depuis que les FDS m\u2019ont d\u00e9pos\u00e9 chez moi, je suis sujet \u00e0 de terribles vertiges, je souffre de douleurs au bas ventre et j\u2019\u00e9prouve des difficult\u00e9s respiratoires \u00bb, s\u2019est-il expliqu\u00e9. Apr\u00e8s les responsables de son parti et des membres de la soci\u00e9t\u00e9 civile, qui se sont exprim\u00e9s en faveur de son \u00e9vacuation \u00e0 l\u2019\u00e9tranger, car \u00e9tant mal en point, le porte-parole du Gouvernement, Abdou Karim Fofana a aussi r\u00e9agi au sujet de cette nouvelle du bulletin de sant\u00e9 du maire de Ziguinchor. \u00ab Nous entendons beaucoup parler d\u2019\u00e9vacuation sanitaire. Je rappelle que l\u2019\u00e9vacuation sanitaire au S\u00e9n\u00e9gal pour des personnes qui sont sous contr\u00f4le judiciaire est r\u00e9glement\u00e9e. \u00bb \u00ab Vous ne pouvez pas aller chez un m\u00e9decin militant qui tient une clinique et qui indique qu\u2019il ne re\u00e7oit que des militants d\u2019un parti politique pour vous faire une attestation ou un certificat m\u00e9dical qui vous permet d\u2019\u00eatre \u00e9vacu\u00e9 sanitairement. Je pense qu\u2019il faudrait qu\u2019on soit s\u00e9rieux \u00bb, rapporte Le Grand Panel\" \/>\n<meta property=\"og:url\" content=\"https:\/\/www.public.sn\/index.php\/2023\/03\/22\/abdou-karim-fofana-le-medecin-qui-a-etabli-le-certificat-medical-est-un-militant-de-pastef\/\" \/>\n<meta property=\"og:site_name\" content=\"LE PUBLIC\" \/>\n<meta property=\"article:published_time\" content=\"2023-03-22T13:54:29+00:00\" \/>\n<meta property=\"og:image\" content=\"https:\/\/www.public.sn\/wp-content\/uploads\/2023\/03\/Abdou-Karim-Fofana-1.jpg\" \/>\n\t<meta property=\"og:image:width\" content=\"650\" \/>\n\t<meta property=\"og:image:height\" content=\"467\" \/>\n\t<meta property=\"og:image:type\" content=\"image\/jpeg\" \/>\n<meta name=\"author\" content=\"LA REDACTION\" \/>\n<meta name=\"twitter:card\" content=\"summary_large_image\" \/>\n<meta name=\"twitter:label1\" content=\"\u00c9crit par\" \/>\n\t<meta name=\"twitter:data1\" content=\"LA REDACTION\" \/>\n\t<meta name=\"twitter:label2\" content=\"Dur\u00e9e de lecture estim\u00e9e\" \/>\n\t<meta name=\"twitter:data2\" content=\"1 minute\" \/>\n<script type=\"application\/ld+json\" class=\"yoast-schema-graph\">{\"@context\":\"https:\/\/schema.org\",\"@graph\":[{\"@type\":\"Article\",\"@id\":\"https:\/\/www.public.sn\/index.php\/2023\/03\/22\/abdou-karim-fofana-le-medecin-qui-a-etabli-le-certificat-medical-est-un-militant-de-pastef\/#article\",\"isPartOf\":{\"@id\":\"https:\/\/www.public.sn\/index.php\/2023\/03\/22\/abdou-karim-fofana-le-medecin-qui-a-etabli-le-certificat-medical-est-un-militant-de-pastef\/\"},\"author\":{\"name\":\"LA REDACTION\",\"@id\":\"https:\/\/www.public.sn\/#\/schema\/person\/cb76c8e1b8becc6be61fb5e92d6d0224\"},\"headline\":\"Abdou Karim Fofana : \u00ab Le m\u00e9decin qui a \u00e9tabli le certificat m\u00e9dical est un militant de Pastef \u00bb\",\"datePublished\":\"2023-03-22T13:54:29+00:00\",\"mainEntityOfPage\":{\"@id\":\"https:\/\/www.public.sn\/index.php\/2023\/03\/22\/abdou-karim-fofana-le-medecin-qui-a-etabli-le-certificat-medical-est-un-militant-de-pastef\/\"},\"wordCount\":229,\"commentCount\":0,\"publisher\":{\"@id\":\"https:\/\/www.public.sn\/#organization\"},\"image\":{\"@id\":\"https:\/\/www.public.sn\/index.php\/2023\/03\/22\/abdou-karim-fofana-le-medecin-qui-a-etabli-le-certificat-medical-est-un-militant-de-pastef\/#primaryimage\"},\"thumbnailUrl\":\"https:\/\/www.public.sn\/wp-content\/uploads\/2023\/03\/Abdou-Karim-Fofana-1.jpg\",\"keywords\":[\"Abdou Karim Fofana\",\"certificat medical\",\"medecin\",\"Pastef\"],\"articleSection\":[\"ACTUALIT\u00c9S\",\"justice\",\"POLITIQUE\",\"SANT\u00c9\",\"S\u00c9CURIT\u00c9 &amp; JUSTICE\",\"S\u00c9N\u00c9GAL\",\"VEDETTE\"],\"inLanguage\":\"fr-FR\",\"potentialAction\":[{\"@type\":\"CommentAction\",\"name\":\"Comment\",\"target\":[\"https:\/\/www.public.sn\/index.php\/2023\/03\/22\/abdou-karim-fofana-le-medecin-qui-a-etabli-le-certificat-medical-est-un-militant-de-pastef\/#respond\"]}]},{\"@type\":\"WebPage\",\"@id\":\"https:\/\/www.public.sn\/index.php\/2023\/03\/22\/abdou-karim-fofana-le-medecin-qui-a-etabli-le-certificat-medical-est-un-militant-de-pastef\/\",\"url\":\"https:\/\/www.public.sn\/index.php\/2023\/03\/22\/abdou-karim-fofana-le-medecin-qui-a-etabli-le-certificat-medical-est-un-militant-de-pastef\/\",\"name\":\"Abdou Karim Fofana : \u00ab Le m\u00e9decin qui a \u00e9tabli le certificat m\u00e9dical est un militant de Pastef \u00bb - LE PUBLIC\",\"isPartOf\":{\"@id\":\"https:\/\/www.public.sn\/#website\"},\"primaryImageOfPage\":{\"@id\":\"https:\/\/www.public.sn\/index.php\/2023\/03\/22\/abdou-karim-fofana-le-medecin-qui-a-etabli-le-certificat-medical-est-un-militant-de-pastef\/#primaryimage\"},\"image\":{\"@id\":\"https:\/\/www.public.sn\/index.php\/2023\/03\/22\/abdou-karim-fofana-le-medecin-qui-a-etabli-le-certificat-medical-est-un-militant-de-pastef\/#primaryimage\"},\"thumbnailUrl\":\"https:\/\/www.public.sn\/wp-content\/uploads\/2023\/03\/Abdou-Karim-Fofana-1.jpg\",\"datePublished\":\"2023-03-22T13:54:29+00:00\",\"breadcrumb\":{\"@id\":\"https:\/\/www.public.sn\/index.php\/2023\/03\/22\/abdou-karim-fofana-le-medecin-qui-a-etabli-le-certificat-medical-est-un-militant-de-pastef\/#breadcrumb\"},\"inLanguage\":\"fr-FR\",\"potentialAction\":[{\"@type\":\"ReadAction\",\"target\":[\"https:\/\/www.public.sn\/index.php\/2023\/03\/22\/abdou-karim-fofana-le-medecin-qui-a-etabli-le-certificat-medical-est-un-militant-de-pastef\/\"]}]},{\"@type\":\"ImageObject\",\"inLanguage\":\"fr-FR\",\"@id\":\"https:\/\/www.public.sn\/index.php\/2023\/03\/22\/abdou-karim-fofana-le-medecin-qui-a-etabli-le-certificat-medical-est-un-militant-de-pastef\/#primaryimage\",\"url\":\"https:\/\/www.public.sn\/wp-content\/uploads\/2023\/03\/Abdou-Karim-Fofana-1.jpg\",\"contentUrl\":\"https:\/\/www.public.sn\/wp-content\/uploads\/2023\/03\/Abdou-Karim-Fofana-1.jpg\",\"width\":650,\"height\":467},{\"@type\":\"BreadcrumbList\",\"@id\":\"https:\/\/www.public.sn\/index.php\/2023\/03\/22\/abdou-karim-fofana-le-medecin-qui-a-etabli-le-certificat-medical-est-un-militant-de-pastef\/#breadcrumb\",\"itemListElement\":[{\"@type\":\"ListItem\",\"position\":1,\"name\":\"Accueil\",\"item\":\"https:\/\/www.public.sn\/\"},{\"@type\":\"ListItem\",\"position\":2,\"name\":\"Abdou Karim Fofana : \u00ab Le m\u00e9decin qui a \u00e9tabli le certificat m\u00e9dical est un militant de Pastef \u00bb\"}]},{\"@type\":\"WebSite\",\"@id\":\"https:\/\/www.public.sn\/#website\",\"url\":\"https:\/\/www.public.sn\/\",\"name\":\"LE PUBLIC\",\"description\":\"\",\"publisher\":{\"@id\":\"https:\/\/www.public.sn\/#organization\"},\"potentialAction\":[{\"@type\":\"SearchAction\",\"target\":{\"@type\":\"EntryPoint\",\"urlTemplate\":\"https:\/\/www.public.sn\/?s={search_term_string}\"},\"query-input\":{\"@type\":\"PropertyValueSpecification\",\"valueRequired\":true,\"valueName\":\"search_term_string\"}}],\"inLanguage\":\"fr-FR\"},{\"@type\":\"Organization\",\"@id\":\"https:\/\/www.public.sn\/#organization\",\"name\":\"LE PUBLIC\",\"url\":\"https:\/\/www.public.sn\/\",\"logo\":{\"@type\":\"ImageObject\",\"inLanguage\":\"fr-FR\",\"@id\":\"https:\/\/www.public.sn\/#\/schema\/logo\/image\/\",\"url\":\"https:\/\/www.public.sn\/wp-content\/uploads\/2024\/05\/cropped-LOGO-PUBLIC.SN_.png\",\"contentUrl\":\"https:\/\/www.public.sn\/wp-content\/uploads\/2024\/05\/cropped-LOGO-PUBLIC.SN_.png\",\"width\":682,\"height\":192,\"caption\":\"LE PUBLIC\"},\"image\":{\"@id\":\"https:\/\/www.public.sn\/#\/schema\/logo\/image\/\"}},{\"@type\":\"Person\",\"@id\":\"https:\/\/www.public.sn\/#\/schema\/person\/cb76c8e1b8becc6be61fb5e92d6d0224\",\"name\":\"LA REDACTION\",\"image\":{\"@type\":\"ImageObject\",\"inLanguage\":\"fr-FR\",\"@id\":\"https:\/\/www.public.sn\/#\/schema\/person\/image\/\",\"url\":\"https:\/\/secure.gravatar.com\/avatar\/2dce5ddd34b8fef0180efe03aa2a9bee7d953856048f9a16b298190a3178407c?s=96&d=mm&r=g\",\"contentUrl\":\"https:\/\/secure.gravatar.com\/avatar\/2dce5ddd34b8fef0180efe03aa2a9bee7d953856048f9a16b298190a3178407c?s=96&d=mm&r=g\",\"caption\":\"LA REDACTION\"},\"url\":\"https:\/\/www.public.sn\/index.php\/author\/editeurpsn\/\"}]}<\/script>\n<!-- \/ Yoast SEO plugin. -->","yoast_head_json":{"title":"Abdou Karim Fofana : \u00ab Le m\u00e9decin qui a \u00e9tabli le certificat m\u00e9dical est un militant de Pastef \u00bb - LE PUBLIC","robots":{"index":"index","follow":"follow","max-snippet":"max-snippet:-1","max-image-preview":"max-image-preview:large","max-video-preview":"max-video-preview:-1"},"canonical":"https:\/\/www.public.sn\/index.php\/2023\/03\/22\/abdou-karim-fofana-le-medecin-qui-a-etabli-le-certificat-medical-est-un-militant-de-pastef\/","og_locale":"fr_FR","og_type":"article","og_title":"Abdou Karim Fofana : \u00ab Le m\u00e9decin qui a \u00e9tabli le certificat m\u00e9dical est un militant de Pastef \u00bb - LE PUBLIC","og_description":"Ousmane Sonko, le leader du parti Pastef et chef de l\u2019opposition s\u00e9n\u00e9galaise, a \u00e9t\u00e9 hospitalis\u00e9 jeudi 16 mars au soir apr\u00e8s une altercation avec les forces de l\u2019ordre. \u00ab Depuis que les FDS m\u2019ont d\u00e9pos\u00e9 chez moi, je suis sujet \u00e0 de terribles vertiges, je souffre de douleurs au bas ventre et j\u2019\u00e9prouve des difficult\u00e9s respiratoires \u00bb, s\u2019est-il expliqu\u00e9. Apr\u00e8s les responsables de son parti et des membres de la soci\u00e9t\u00e9 civile, qui se sont exprim\u00e9s en faveur de son \u00e9vacuation \u00e0 l\u2019\u00e9tranger, car \u00e9tant mal en point, le porte-parole du Gouvernement, Abdou Karim Fofana a aussi r\u00e9agi au sujet de cette nouvelle du bulletin de sant\u00e9 du maire de Ziguinchor. \u00ab Nous entendons beaucoup parler d\u2019\u00e9vacuation sanitaire. Je rappelle que l\u2019\u00e9vacuation sanitaire au S\u00e9n\u00e9gal pour des personnes qui sont sous contr\u00f4le judiciaire est r\u00e9glement\u00e9e. \u00bb \u00ab Vous ne pouvez pas aller chez un m\u00e9decin militant qui tient une clinique et qui indique qu\u2019il ne re\u00e7oit que des militants d\u2019un parti politique pour vous faire une attestation ou un certificat m\u00e9dical qui vous permet d\u2019\u00eatre \u00e9vacu\u00e9 sanitairement. Je pense qu\u2019il faudrait qu\u2019on soit s\u00e9rieux \u00bb, rapporte Le Grand Panel","og_url":"https:\/\/www.public.sn\/index.php\/2023\/03\/22\/abdou-karim-fofana-le-medecin-qui-a-etabli-le-certificat-medical-est-un-militant-de-pastef\/","og_site_name":"LE PUBLIC","article_published_time":"2023-03-22T13:54:29+00:00","og_image":[{"width":650,"height":467,"url":"https:\/\/www.public.sn\/wp-content\/uploads\/2023\/03\/Abdou-Karim-Fofana-1.jpg","type":"image\/jpeg"}],"author":"LA REDACTION","twitter_card":"summary_large_image","twitter_misc":{"\u00c9crit par":"LA REDACTION","Dur\u00e9e de lecture estim\u00e9e":"1 minute"},"schema":{"@context":"https:\/\/schema.org","@graph":[{"@type":"Article","@id":"https:\/\/www.public.sn\/index.php\/2023\/03\/22\/abdou-karim-fofana-le-medecin-qui-a-etabli-le-certificat-medical-est-un-militant-de-pastef\/#article","isPartOf":{"@id":"https:\/\/www.public.sn\/index.php\/2023\/03\/22\/abdou-karim-fofana-le-medecin-qui-a-etabli-le-certificat-medical-est-un-militant-de-pastef\/"},"author":{"name":"LA REDACTION","@id":"https:\/\/www.public.sn\/#\/schema\/person\/cb76c8e1b8becc6be61fb5e92d6d0224"},"headline":"Abdou Karim Fofana : \u00ab Le m\u00e9decin qui a \u00e9tabli le certificat m\u00e9dical est un militant de Pastef \u00bb","datePublished":"2023-03-22T13:54:29+00:00","mainEntityOfPage":{"@id":"https:\/\/www.public.sn\/index.php\/2023\/03\/22\/abdou-karim-fofana-le-medecin-qui-a-etabli-le-certificat-medical-est-un-militant-de-pastef\/"},"wordCount":229,"commentCount":0,"publisher":{"@id":"https:\/\/www.public.sn\/#organization"},"image":{"@id":"https:\/\/www.public.sn\/index.php\/2023\/03\/22\/abdou-karim-fofana-le-medecin-qui-a-etabli-le-certificat-medical-est-un-militant-de-pastef\/#primaryimage"},"thumbnailUrl":"https:\/\/www.public.sn\/wp-content\/uploads\/2023\/03\/Abdou-Karim-Fofana-1.jpg","keywords":["Abdou Karim Fofana","certificat medical","medecin","Pastef"],"articleSection":["ACTUALIT\u00c9S","justice","POLITIQUE","SANT\u00c9","S\u00c9CURIT\u00c9 &amp; JUSTICE","S\u00c9N\u00c9GAL","VEDETTE"],"inLanguage":"fr-FR","potentialAction":[{"@type":"CommentAction","name":"Comment","target":["https:\/\/www.public.sn\/index.php\/2023\/03\/22\/abdou-karim-fofana-le-medecin-qui-a-etabli-le-certificat-medical-est-un-militant-de-pastef\/#respond"]}]},{"@type":"WebPage","@id":"https:\/\/www.public.sn\/index.php\/2023\/03\/22\/abdou-karim-fofana-le-medecin-qui-a-etabli-le-certificat-medical-est-un-militant-de-pastef\/","url":"https:\/\/www.public.sn\/index.php\/2023\/03\/22\/abdou-karim-fofana-le-medecin-qui-a-etabli-le-certificat-medical-est-un-militant-de-pastef\/","name":"Abdou Karim Fofana : \u00ab Le m\u00e9decin qui a \u00e9tabli le certificat m\u00e9dical est un militant de Pastef \u00bb - LE PUBLIC","isPartOf":{"@id":"https:\/\/www.public.sn\/#website"},"primaryImageOfPage":{"@id":"https:\/\/www.public.sn\/index.php\/2023\/03\/22\/abdou-karim-fofana-le-medecin-qui-a-etabli-le-certificat-medical-est-un-militant-de-pastef\/#primaryimage"},"image":{"@id":"https:\/\/www.public.sn\/index.php\/2023\/03\/22\/abdou-karim-fofana-le-medecin-qui-a-etabli-le-certificat-medical-est-un-militant-de-pastef\/#primaryimage"},"thumbnailUrl":"https:\/\/www.public.sn\/wp-content\/uploads\/2023\/03\/Abdou-Karim-Fofana-1.jpg","datePublished":"2023-03-22T13:54:29+00:00","breadcrumb":{"@id":"https:\/\/www.public.sn\/index.php\/2023\/03\/22\/abdou-karim-fofana-le-medecin-qui-a-etabli-le-certificat-medical-est-un-militant-de-pastef\/#breadcrumb"},"inLanguage":"fr-FR","potentialAction":[{"@type":"ReadAction","target":["https:\/\/www.public.sn\/index.php\/2023\/03\/22\/abdou-karim-fofana-le-medecin-qui-a-etabli-le-certificat-medical-est-un-militant-de-pastef\/"]}]},{"@type":"ImageObject","inLanguage":"fr-FR","@id":"https:\/\/www.public.sn\/index.php\/2023\/03\/22\/abdou-karim-fofana-le-medecin-qui-a-etabli-le-certificat-medical-est-un-militant-de-pastef\/#primaryimage","url":"https:\/\/www.public.sn\/wp-content\/uploads\/2023\/03\/Abdou-Karim-Fofana-1.jpg","contentUrl":"https:\/\/www.public.sn\/wp-content\/uploads\/2023\/03\/Abdou-Karim-Fofana-1.jpg","width":650,"height":467},{"@type":"BreadcrumbList","@id":"https:\/\/www.public.sn\/index.php\/2023\/03\/22\/abdou-karim-fofana-le-medecin-qui-a-etabli-le-certificat-medical-est-un-militant-de-pastef\/#breadcrumb","itemListElement":[{"@type":"ListItem","position":1,"name":"Accueil","item":"https:\/\/www.public.sn\/"},{"@type":"ListItem","position":2,"name":"Abdou Karim Fofana : \u00ab Le m\u00e9decin qui a \u00e9tabli le certificat m\u00e9dical est un militant de Pastef \u00bb"}]},{"@type":"WebSite","@id":"https:\/\/www.public.sn\/#website","url":"https:\/\/www.public.sn\/","name":"LE PUBLIC","description":"","publisher":{"@id":"https:\/\/www.public.sn\/#organization"},"potentialAction":[{"@type":"SearchAction","target":{"@type":"EntryPoint","urlTemplate":"https:\/\/www.public.sn\/?s={search_term_string}"},"query-input":{"@type":"PropertyValueSpecification","valueRequired":true,"valueName":"search_term_string"}}],"inLanguage":"fr-FR"},{"@type":"Organization","@id":"https:\/\/www.public.sn\/#organization","name":"LE PUBLIC","url":"https:\/\/www.public.sn\/","logo":{"@type":"ImageObject","inLanguage":"fr-FR","@id":"https:\/\/www.public.sn\/#\/schema\/logo\/image\/","url":"https:\/\/www.public.sn\/wp-content\/uploads\/2024\/05\/cropped-LOGO-PUBLIC.SN_.png","contentUrl":"https:\/\/www.public.sn\/wp-content\/uploads\/2024\/05\/cropped-LOGO-PUBLIC.SN_.png","width":682,"height":192,"caption":"LE PUBLIC"},"image":{"@id":"https:\/\/www.public.sn\/#\/schema\/logo\/image\/"}},{"@type":"Person","@id":"https:\/\/www.public.sn\/#\/schema\/person\/cb76c8e1b8becc6be61fb5e92d6d0224","name":"LA REDACTION","image":{"@type":"ImageObject","inLanguage":"fr-FR","@id":"https:\/\/www.public.sn\/#\/schema\/person\/image\/","url":"https:\/\/secure.gravatar.com\/avatar\/2dce5ddd34b8fef0180efe03aa2a9bee7d953856048f9a16b298190a3178407c?s=96&d=mm&r=g","contentUrl":"https:\/\/secure.gravatar.com\/avatar\/2dce5ddd34b8fef0180efe03aa2a9bee7d953856048f9a16b298190a3178407c?s=96&d=mm&r=g","caption":"LA REDACTION"},"url":"https:\/\/www.public.sn\/index.php\/author\/editeurpsn\/"}]}},"jetpack_featured_media_url":"https:\/\/www.public.sn\/wp-content\/uploads\/2023\/03\/Abdou-Karim-Fofana-1.jpg","jetpack_sharing_enabled":true,"_links":{"self":[{"href":"https:\/\/www.public.sn\/index.php\/wp-json\/wp\/v2\/posts\/18463","targetHints":{"allow":["GET"]}}],"collection":[{"href":"https:\/\/www.public.sn\/index.php\/wp-json\/wp\/v2\/posts"}],"about":[{"href":"https:\/\/www.public.sn\/index.php\/wp-json\/wp\/v2\/types\/post"}],"author":[{"embeddable":true,"href":"https:\/\/www.public.sn\/index.php\/wp-json\/wp\/v2\/users\/7"}],"replies":[{"embeddable":true,"href":"https:\/\/www.public.sn\/index.php\/wp-json\/wp\/v2\/comments?post=18463"}],"version-history":[{"count":1,"href":"https:\/\/www.public.sn\/index.php\/wp-json\/wp\/v2\/posts\/18463\/revisions"}],"predecessor-version":[{"id":18467,"href":"https:\/\/www.public.sn\/index.php\/wp-json\/wp\/v2\/posts\/18463\/revisions\/18467"}],"wp:featuredmedia":[{"embeddable":true,"href":"https:\/\/www.public.sn\/index.php\/wp-json\/wp\/v2\/media\/18466"}],"wp:attachment":[{"href":"https:\/\/www.public.sn\/index.php\/wp-json\/wp\/v2\/media?parent=18463"}],"wp:term":[{"taxonomy":"category","embeddable":true,"href":"https:\/\/www.public.sn\/index.php\/wp-json\/wp\/v2\/categories?post=18463"},{"taxonomy":"post_tag","embeddable":true,"href":"https:\/\/www.public.sn\/index.php\/wp-json\/wp\/v2\/tags?post=18463"}],"curies":[{"name":"wp","href":"https:\/\/api.w.org\/{rel}","templated":true}]}}