{"id":18468,"date":"2023-03-22T14:01:09","date_gmt":"2023-03-22T14:01:09","guid":{"rendered":"https:\/\/www.public.sn\/?p=18468"},"modified":"2023-03-22T14:01:09","modified_gmt":"2023-03-22T14:01:09","slug":"le-maire-de-keur-massar-bilal-diatta-pastef-activement-recherche","status":"publish","type":"post","link":"https:\/\/www.public.sn\/index.php\/2023\/03\/22\/le-maire-de-keur-massar-bilal-diatta-pastef-activement-recherche\/","title":{"rendered":"Le maire de Keur Massar Bilal Diatta (Pastef) activement recherch\u00e9"},"content":{"rendered":"<p><strong>Le maire de Keur Massar Sud est activement recherch\u00e9 par la gendarmerie. Mouhamed Bilal Diatta, puisque c\u2019est de lui qu\u2019il s\u2019agit, avait tenu une conf\u00e9rence de presse pour appeler les jeunes \u00e0 la r\u00e9sistance suite aux violentes manifestations qui ont eu lieu dans cette partie de la r\u00e9gion de Dakar le 16 mars et qui a conduit \u00e0 l\u2019arrestation de trois responsables de Pastef dont le coordonnateur de \u00ab\u00a0Magui Pastef\u00a0\u00bb.<\/strong><\/p><div class=\"publi-paragraphe1\" style=\"margin-top: 10px;margin-bottom: 10px;margin-left: auto;margin-right: auto;text-align: center;\" id=\"publi-4247758559\"><div class=\"publi-adlabel\">Publicit\u00e9<\/div><script async src=\"\/\/pagead2.googlesyndication.com\/pagead\/js\/adsbygoogle.js?client=ca-pub-4089586018074219\" crossorigin=\"anonymous\"><\/script><ins class=\"adsbygoogle\" style=\"display:block;\" data-ad-client=\"ca-pub-4089586018074219\" \ndata-ad-slot=\"2087940154\" \ndata-ad-format=\"auto\"><\/ins>\n<script> \n(adsbygoogle = window.adsbygoogle || []).push({}); \n<\/script>\n<\/div>\n<p>Dans une vid\u00e9o publi\u00e9e hier mardi via sa page Facebook, il a d\u00e9clar\u00e9 \u00eatre la cible du \u00ab pr\u00e9sident Macky Sall qui a d\u00e9ploy\u00e9 un dispositif blind\u00e9 de la gendarmerie dans la localit\u00e9 pour proc\u00e9der \u00e0 son arrestation \u00bb.<\/p>\n<p>Selon Pressafrik, Mouhamed Bilal Diatta demande le soutien de tous militants de Pastef de Keur Massar et la fermeture de toutes les boutiques de sa localit\u00e9 ce jeudi. Il a, cependant, pr\u00e9cis\u00e9 qu\u2019il ne fuira pas et qu\u2019il fera face aux gendarmes.<\/p>\n<div class=\"publi-apres-le-contenu\" style=\"margin-top: 10px;margin-bottom: 10px;margin-left: auto;margin-right: auto;text-align: center;\" id=\"publi-1484209649\"><div class=\"publi-adlabel\">Publicit\u00e9<\/div><script async src=\"\/\/pagead2.googlesyndication.com\/pagead\/js\/adsbygoogle.js?client=ca-pub-4089586018074219\" crossorigin=\"anonymous\"><\/script><ins class=\"adsbygoogle\" style=\"display:block;\" data-ad-client=\"ca-pub-4089586018074219\" \ndata-ad-slot=\"2087940154\" \ndata-ad-format=\"auto\"><\/ins>\n<script> \n(adsbygoogle = window.adsbygoogle || []).push({}); \n<\/script>\n<\/div>","protected":false},"excerpt":{"rendered":"<p>Le maire de Keur Massar Sud est activement recherch\u00e9 par la gendarmerie. Mouhamed Bilal Diatta, puisque c\u2019est de lui qu\u2019il s\u2019agit, avait tenu une conf\u00e9rence de presse pour appeler les jeunes \u00e0 la r\u00e9sistance suite aux violentes manifestations qui ont eu lieu dans cette partie de la r\u00e9gion de Dakar le 16 mars et qui a conduit \u00e0 l\u2019arrestation de trois responsables de Pastef dont le coordonnateur de \u00ab\u00a0Magui Pastef\u00a0\u00bb. Dans une vid\u00e9o publi\u00e9e hier mardi via sa page Facebook, il a d\u00e9clar\u00e9 \u00eatre la cible du \u00ab pr\u00e9sident Macky Sall qui a d\u00e9ploy\u00e9 un dispositif blind\u00e9 de la gendarmerie dans la localit\u00e9 pour proc\u00e9der \u00e0 son arrestation \u00bb. Selon Pressafrik, Mouhamed Bilal Diatta demande le soutien de tous militants de Pastef de Keur Massar et la fermeture de toutes les boutiques de sa localit\u00e9 ce jeudi. Il a, cependant, pr\u00e9cis\u00e9 qu\u2019il ne fuira pas et qu\u2019il fera face aux gendarmes.<\/p>\n","protected":false},"author":7,"featured_media":18472,"comment_status":"open","ping_status":"open","sticky":false,"template":"","format":"standard","meta":{"_jetpack_memberships_contains_paid_content":false,"footnotes":""},"categories":[375,3724,3,376,1,372],"tags":[4865,198,4866,2858],"class_list":["post-18468","post","type-post","status-publish","format-standard","has-post-thumbnail","hentry","category-actualites","category-justice","category-politique","category-securite-justice","category-non-classe","category-vedette","tag-bilal-diatta","tag-gendarmerie","tag-maire-de-keur-massar","tag-recherche","entry","has-media","owp-thumbs-layout-horizontal","owp-btn-normal","owp-tabs-layout-horizontal","has-no-thumbnails","has-product-nav"],"yoast_head":"<!-- This site is optimized with the Yoast SEO plugin v25.5 - https:\/\/yoast.com\/wordpress\/plugins\/seo\/ -->\n<title>Le maire de Keur Massar Bilal Diatta (Pastef) activement recherch\u00e9 - LE PUBLIC<\/title>\n<meta name=\"robots\" content=\"index, follow, max-snippet:-1, max-image-preview:large, max-video-preview:-1\" \/>\n<link rel=\"canonical\" href=\"https:\/\/www.public.sn\/index.php\/2023\/03\/22\/le-maire-de-keur-massar-bilal-diatta-pastef-activement-recherche\/\" \/>\n<meta property=\"og:locale\" content=\"fr_FR\" \/>\n<meta property=\"og:type\" content=\"article\" \/>\n<meta property=\"og:title\" content=\"Le maire de Keur Massar Bilal Diatta (Pastef) activement recherch\u00e9 - LE PUBLIC\" \/>\n<meta property=\"og:description\" content=\"Le maire de Keur Massar Sud est activement recherch\u00e9 par la gendarmerie. Mouhamed Bilal Diatta, puisque c\u2019est de lui qu\u2019il s\u2019agit, avait tenu une conf\u00e9rence de presse pour appeler les jeunes \u00e0 la r\u00e9sistance suite aux violentes manifestations qui ont eu lieu dans cette partie de la r\u00e9gion de Dakar le 16 mars et qui a conduit \u00e0 l\u2019arrestation de trois responsables de Pastef dont le coordonnateur de \u00ab\u00a0Magui Pastef\u00a0\u00bb. Dans une vid\u00e9o publi\u00e9e hier mardi via sa page Facebook, il a d\u00e9clar\u00e9 \u00eatre la cible du \u00ab pr\u00e9sident Macky Sall qui a d\u00e9ploy\u00e9 un dispositif blind\u00e9 de la gendarmerie dans la localit\u00e9 pour proc\u00e9der \u00e0 son arrestation \u00bb. Selon Pressafrik, Mouhamed Bilal Diatta demande le soutien de tous militants de Pastef de Keur Massar et la fermeture de toutes les boutiques de sa localit\u00e9 ce jeudi. Il a, cependant, pr\u00e9cis\u00e9 qu\u2019il ne fuira pas et qu\u2019il fera face aux gendarmes.\" \/>\n<meta property=\"og:url\" content=\"https:\/\/www.public.sn\/index.php\/2023\/03\/22\/le-maire-de-keur-massar-bilal-diatta-pastef-activement-recherche\/\" \/>\n<meta property=\"og:site_name\" content=\"LE PUBLIC\" \/>\n<meta property=\"article:published_time\" content=\"2023-03-22T14:01:09+00:00\" \/>\n<meta property=\"og:image\" content=\"https:\/\/www.public.sn\/wp-content\/uploads\/2023\/03\/Bilal-Diatta.jpg\" \/>\n\t<meta property=\"og:image:width\" content=\"735\" \/>\n\t<meta property=\"og:image:height\" content=\"503\" \/>\n\t<meta property=\"og:image:type\" content=\"image\/jpeg\" \/>\n<meta name=\"author\" content=\"LA REDACTION\" \/>\n<meta name=\"twitter:card\" content=\"summary_large_image\" \/>\n<meta name=\"twitter:label1\" content=\"\u00c9crit par\" \/>\n\t<meta name=\"twitter:data1\" content=\"LA REDACTION\" \/>\n\t<meta name=\"twitter:label2\" content=\"Dur\u00e9e de lecture estim\u00e9e\" \/>\n\t<meta name=\"twitter:data2\" content=\"1 minute\" \/>\n<script type=\"application\/ld+json\" class=\"yoast-schema-graph\">{\"@context\":\"https:\/\/schema.org\",\"@graph\":[{\"@type\":\"Article\",\"@id\":\"https:\/\/www.public.sn\/index.php\/2023\/03\/22\/le-maire-de-keur-massar-bilal-diatta-pastef-activement-recherche\/#article\",\"isPartOf\":{\"@id\":\"https:\/\/www.public.sn\/index.php\/2023\/03\/22\/le-maire-de-keur-massar-bilal-diatta-pastef-activement-recherche\/\"},\"author\":{\"name\":\"LA REDACTION\",\"@id\":\"https:\/\/www.public.sn\/#\/schema\/person\/cb76c8e1b8becc6be61fb5e92d6d0224\"},\"headline\":\"Le maire de Keur Massar Bilal Diatta (Pastef) activement recherch\u00e9\",\"datePublished\":\"2023-03-22T14:01:09+00:00\",\"mainEntityOfPage\":{\"@id\":\"https:\/\/www.public.sn\/index.php\/2023\/03\/22\/le-maire-de-keur-massar-bilal-diatta-pastef-activement-recherche\/\"},\"wordCount\":171,\"commentCount\":0,\"publisher\":{\"@id\":\"https:\/\/www.public.sn\/#organization\"},\"image\":{\"@id\":\"https:\/\/www.public.sn\/index.php\/2023\/03\/22\/le-maire-de-keur-massar-bilal-diatta-pastef-activement-recherche\/#primaryimage\"},\"thumbnailUrl\":\"https:\/\/www.public.sn\/wp-content\/uploads\/2023\/03\/Bilal-Diatta.jpg\",\"keywords\":[\"Bilal Diatta\",\"Gendarmerie\",\"maire de Keur Massar\",\"recherche\"],\"articleSection\":[\"ACTUALIT\u00c9S\",\"justice\",\"POLITIQUE\",\"S\u00c9CURIT\u00c9 &amp; JUSTICE\",\"S\u00c9N\u00c9GAL\",\"VEDETTE\"],\"inLanguage\":\"fr-FR\",\"potentialAction\":[{\"@type\":\"CommentAction\",\"name\":\"Comment\",\"target\":[\"https:\/\/www.public.sn\/index.php\/2023\/03\/22\/le-maire-de-keur-massar-bilal-diatta-pastef-activement-recherche\/#respond\"]}]},{\"@type\":\"WebPage\",\"@id\":\"https:\/\/www.public.sn\/index.php\/2023\/03\/22\/le-maire-de-keur-massar-bilal-diatta-pastef-activement-recherche\/\",\"url\":\"https:\/\/www.public.sn\/index.php\/2023\/03\/22\/le-maire-de-keur-massar-bilal-diatta-pastef-activement-recherche\/\",\"name\":\"Le maire de Keur Massar Bilal Diatta (Pastef) activement recherch\u00e9 - LE PUBLIC\",\"isPartOf\":{\"@id\":\"https:\/\/www.public.sn\/#website\"},\"primaryImageOfPage\":{\"@id\":\"https:\/\/www.public.sn\/index.php\/2023\/03\/22\/le-maire-de-keur-massar-bilal-diatta-pastef-activement-recherche\/#primaryimage\"},\"image\":{\"@id\":\"https:\/\/www.public.sn\/index.php\/2023\/03\/22\/le-maire-de-keur-massar-bilal-diatta-pastef-activement-recherche\/#primaryimage\"},\"thumbnailUrl\":\"https:\/\/www.public.sn\/wp-content\/uploads\/2023\/03\/Bilal-Diatta.jpg\",\"datePublished\":\"2023-03-22T14:01:09+00:00\",\"breadcrumb\":{\"@id\":\"https:\/\/www.public.sn\/index.php\/2023\/03\/22\/le-maire-de-keur-massar-bilal-diatta-pastef-activement-recherche\/#breadcrumb\"},\"inLanguage\":\"fr-FR\",\"potentialAction\":[{\"@type\":\"ReadAction\",\"target\":[\"https:\/\/www.public.sn\/index.php\/2023\/03\/22\/le-maire-de-keur-massar-bilal-diatta-pastef-activement-recherche\/\"]}]},{\"@type\":\"ImageObject\",\"inLanguage\":\"fr-FR\",\"@id\":\"https:\/\/www.public.sn\/index.php\/2023\/03\/22\/le-maire-de-keur-massar-bilal-diatta-pastef-activement-recherche\/#primaryimage\",\"url\":\"https:\/\/www.public.sn\/wp-content\/uploads\/2023\/03\/Bilal-Diatta.jpg\",\"contentUrl\":\"https:\/\/www.public.sn\/wp-content\/uploads\/2023\/03\/Bilal-Diatta.jpg\",\"width\":735,\"height\":503},{\"@type\":\"BreadcrumbList\",\"@id\":\"https:\/\/www.public.sn\/index.php\/2023\/03\/22\/le-maire-de-keur-massar-bilal-diatta-pastef-activement-recherche\/#breadcrumb\",\"itemListElement\":[{\"@type\":\"ListItem\",\"position\":1,\"name\":\"Accueil\",\"item\":\"https:\/\/www.public.sn\/\"},{\"@type\":\"ListItem\",\"position\":2,\"name\":\"Le maire de Keur Massar Bilal Diatta (Pastef) activement recherch\u00e9\"}]},{\"@type\":\"WebSite\",\"@id\":\"https:\/\/www.public.sn\/#website\",\"url\":\"https:\/\/www.public.sn\/\",\"name\":\"LE PUBLIC\",\"description\":\"\",\"publisher\":{\"@id\":\"https:\/\/www.public.sn\/#organization\"},\"potentialAction\":[{\"@type\":\"SearchAction\",\"target\":{\"@type\":\"EntryPoint\",\"urlTemplate\":\"https:\/\/www.public.sn\/?s={search_term_string}\"},\"query-input\":{\"@type\":\"PropertyValueSpecification\",\"valueRequired\":true,\"valueName\":\"search_term_string\"}}],\"inLanguage\":\"fr-FR\"},{\"@type\":\"Organization\",\"@id\":\"https:\/\/www.public.sn\/#organization\",\"name\":\"LE PUBLIC\",\"url\":\"https:\/\/www.public.sn\/\",\"logo\":{\"@type\":\"ImageObject\",\"inLanguage\":\"fr-FR\",\"@id\":\"https:\/\/www.public.sn\/#\/schema\/logo\/image\/\",\"url\":\"https:\/\/www.public.sn\/wp-content\/uploads\/2024\/05\/cropped-LOGO-PUBLIC.SN_.png\",\"contentUrl\":\"https:\/\/www.public.sn\/wp-content\/uploads\/2024\/05\/cropped-LOGO-PUBLIC.SN_.png\",\"width\":682,\"height\":192,\"caption\":\"LE PUBLIC\"},\"image\":{\"@id\":\"https:\/\/www.public.sn\/#\/schema\/logo\/image\/\"}},{\"@type\":\"Person\",\"@id\":\"https:\/\/www.public.sn\/#\/schema\/person\/cb76c8e1b8becc6be61fb5e92d6d0224\",\"name\":\"LA REDACTION\",\"image\":{\"@type\":\"ImageObject\",\"inLanguage\":\"fr-FR\",\"@id\":\"https:\/\/www.public.sn\/#\/schema\/person\/image\/\",\"url\":\"https:\/\/secure.gravatar.com\/avatar\/2dce5ddd34b8fef0180efe03aa2a9bee7d953856048f9a16b298190a3178407c?s=96&d=mm&r=g\",\"contentUrl\":\"https:\/\/secure.gravatar.com\/avatar\/2dce5ddd34b8fef0180efe03aa2a9bee7d953856048f9a16b298190a3178407c?s=96&d=mm&r=g\",\"caption\":\"LA REDACTION\"},\"url\":\"https:\/\/www.public.sn\/index.php\/author\/editeurpsn\/\"}]}<\/script>\n<!-- \/ Yoast SEO plugin. -->","yoast_head_json":{"title":"Le maire de Keur Massar Bilal Diatta (Pastef) activement recherch\u00e9 - LE PUBLIC","robots":{"index":"index","follow":"follow","max-snippet":"max-snippet:-1","max-image-preview":"max-image-preview:large","max-video-preview":"max-video-preview:-1"},"canonical":"https:\/\/www.public.sn\/index.php\/2023\/03\/22\/le-maire-de-keur-massar-bilal-diatta-pastef-activement-recherche\/","og_locale":"fr_FR","og_type":"article","og_title":"Le maire de Keur Massar Bilal Diatta (Pastef) activement recherch\u00e9 - LE PUBLIC","og_description":"Le maire de Keur Massar Sud est activement recherch\u00e9 par la gendarmerie. Mouhamed Bilal Diatta, puisque c\u2019est de lui qu\u2019il s\u2019agit, avait tenu une conf\u00e9rence de presse pour appeler les jeunes \u00e0 la r\u00e9sistance suite aux violentes manifestations qui ont eu lieu dans cette partie de la r\u00e9gion de Dakar le 16 mars et qui a conduit \u00e0 l\u2019arrestation de trois responsables de Pastef dont le coordonnateur de \u00ab\u00a0Magui Pastef\u00a0\u00bb. Dans une vid\u00e9o publi\u00e9e hier mardi via sa page Facebook, il a d\u00e9clar\u00e9 \u00eatre la cible du \u00ab pr\u00e9sident Macky Sall qui a d\u00e9ploy\u00e9 un dispositif blind\u00e9 de la gendarmerie dans la localit\u00e9 pour proc\u00e9der \u00e0 son arrestation \u00bb. Selon Pressafrik, Mouhamed Bilal Diatta demande le soutien de tous militants de Pastef de Keur Massar et la fermeture de toutes les boutiques de sa localit\u00e9 ce jeudi. Il a, cependant, pr\u00e9cis\u00e9 qu\u2019il ne fuira pas et qu\u2019il fera face aux gendarmes.","og_url":"https:\/\/www.public.sn\/index.php\/2023\/03\/22\/le-maire-de-keur-massar-bilal-diatta-pastef-activement-recherche\/","og_site_name":"LE PUBLIC","article_published_time":"2023-03-22T14:01:09+00:00","og_image":[{"width":735,"height":503,"url":"https:\/\/www.public.sn\/wp-content\/uploads\/2023\/03\/Bilal-Diatta.jpg","type":"image\/jpeg"}],"author":"LA REDACTION","twitter_card":"summary_large_image","twitter_misc":{"\u00c9crit par":"LA REDACTION","Dur\u00e9e de lecture estim\u00e9e":"1 minute"},"schema":{"@context":"https:\/\/schema.org","@graph":[{"@type":"Article","@id":"https:\/\/www.public.sn\/index.php\/2023\/03\/22\/le-maire-de-keur-massar-bilal-diatta-pastef-activement-recherche\/#article","isPartOf":{"@id":"https:\/\/www.public.sn\/index.php\/2023\/03\/22\/le-maire-de-keur-massar-bilal-diatta-pastef-activement-recherche\/"},"author":{"name":"LA REDACTION","@id":"https:\/\/www.public.sn\/#\/schema\/person\/cb76c8e1b8becc6be61fb5e92d6d0224"},"headline":"Le maire de Keur Massar Bilal Diatta (Pastef) activement recherch\u00e9","datePublished":"2023-03-22T14:01:09+00:00","mainEntityOfPage":{"@id":"https:\/\/www.public.sn\/index.php\/2023\/03\/22\/le-maire-de-keur-massar-bilal-diatta-pastef-activement-recherche\/"},"wordCount":171,"commentCount":0,"publisher":{"@id":"https:\/\/www.public.sn\/#organization"},"image":{"@id":"https:\/\/www.public.sn\/index.php\/2023\/03\/22\/le-maire-de-keur-massar-bilal-diatta-pastef-activement-recherche\/#primaryimage"},"thumbnailUrl":"https:\/\/www.public.sn\/wp-content\/uploads\/2023\/03\/Bilal-Diatta.jpg","keywords":["Bilal Diatta","Gendarmerie","maire de Keur Massar","recherche"],"articleSection":["ACTUALIT\u00c9S","justice","POLITIQUE","S\u00c9CURIT\u00c9 &amp; JUSTICE","S\u00c9N\u00c9GAL","VEDETTE"],"inLanguage":"fr-FR","potentialAction":[{"@type":"CommentAction","name":"Comment","target":["https:\/\/www.public.sn\/index.php\/2023\/03\/22\/le-maire-de-keur-massar-bilal-diatta-pastef-activement-recherche\/#respond"]}]},{"@type":"WebPage","@id":"https:\/\/www.public.sn\/index.php\/2023\/03\/22\/le-maire-de-keur-massar-bilal-diatta-pastef-activement-recherche\/","url":"https:\/\/www.public.sn\/index.php\/2023\/03\/22\/le-maire-de-keur-massar-bilal-diatta-pastef-activement-recherche\/","name":"Le maire de Keur Massar Bilal Diatta (Pastef) activement recherch\u00e9 - LE PUBLIC","isPartOf":{"@id":"https:\/\/www.public.sn\/#website"},"primaryImageOfPage":{"@id":"https:\/\/www.public.sn\/index.php\/2023\/03\/22\/le-maire-de-keur-massar-bilal-diatta-pastef-activement-recherche\/#primaryimage"},"image":{"@id":"https:\/\/www.public.sn\/index.php\/2023\/03\/22\/le-maire-de-keur-massar-bilal-diatta-pastef-activement-recherche\/#primaryimage"},"thumbnailUrl":"https:\/\/www.public.sn\/wp-content\/uploads\/2023\/03\/Bilal-Diatta.jpg","datePublished":"2023-03-22T14:01:09+00:00","breadcrumb":{"@id":"https:\/\/www.public.sn\/index.php\/2023\/03\/22\/le-maire-de-keur-massar-bilal-diatta-pastef-activement-recherche\/#breadcrumb"},"inLanguage":"fr-FR","potentialAction":[{"@type":"ReadAction","target":["https:\/\/www.public.sn\/index.php\/2023\/03\/22\/le-maire-de-keur-massar-bilal-diatta-pastef-activement-recherche\/"]}]},{"@type":"ImageObject","inLanguage":"fr-FR","@id":"https:\/\/www.public.sn\/index.php\/2023\/03\/22\/le-maire-de-keur-massar-bilal-diatta-pastef-activement-recherche\/#primaryimage","url":"https:\/\/www.public.sn\/wp-content\/uploads\/2023\/03\/Bilal-Diatta.jpg","contentUrl":"https:\/\/www.public.sn\/wp-content\/uploads\/2023\/03\/Bilal-Diatta.jpg","width":735,"height":503},{"@type":"BreadcrumbList","@id":"https:\/\/www.public.sn\/index.php\/2023\/03\/22\/le-maire-de-keur-massar-bilal-diatta-pastef-activement-recherche\/#breadcrumb","itemListElement":[{"@type":"ListItem","position":1,"name":"Accueil","item":"https:\/\/www.public.sn\/"},{"@type":"ListItem","position":2,"name":"Le maire de Keur Massar Bilal Diatta (Pastef) activement recherch\u00e9"}]},{"@type":"WebSite","@id":"https:\/\/www.public.sn\/#website","url":"https:\/\/www.public.sn\/","name":"LE PUBLIC","description":"","publisher":{"@id":"https:\/\/www.public.sn\/#organization"},"potentialAction":[{"@type":"SearchAction","target":{"@type":"EntryPoint","urlTemplate":"https:\/\/www.public.sn\/?s={search_term_string}"},"query-input":{"@type":"PropertyValueSpecification","valueRequired":true,"valueName":"search_term_string"}}],"inLanguage":"fr-FR"},{"@type":"Organization","@id":"https:\/\/www.public.sn\/#organization","name":"LE PUBLIC","url":"https:\/\/www.public.sn\/","logo":{"@type":"ImageObject","inLanguage":"fr-FR","@id":"https:\/\/www.public.sn\/#\/schema\/logo\/image\/","url":"https:\/\/www.public.sn\/wp-content\/uploads\/2024\/05\/cropped-LOGO-PUBLIC.SN_.png","contentUrl":"https:\/\/www.public.sn\/wp-content\/uploads\/2024\/05\/cropped-LOGO-PUBLIC.SN_.png","width":682,"height":192,"caption":"LE PUBLIC"},"image":{"@id":"https:\/\/www.public.sn\/#\/schema\/logo\/image\/"}},{"@type":"Person","@id":"https:\/\/www.public.sn\/#\/schema\/person\/cb76c8e1b8becc6be61fb5e92d6d0224","name":"LA REDACTION","image":{"@type":"ImageObject","inLanguage":"fr-FR","@id":"https:\/\/www.public.sn\/#\/schema\/person\/image\/","url":"https:\/\/secure.gravatar.com\/avatar\/2dce5ddd34b8fef0180efe03aa2a9bee7d953856048f9a16b298190a3178407c?s=96&d=mm&r=g","contentUrl":"https:\/\/secure.gravatar.com\/avatar\/2dce5ddd34b8fef0180efe03aa2a9bee7d953856048f9a16b298190a3178407c?s=96&d=mm&r=g","caption":"LA REDACTION"},"url":"https:\/\/www.public.sn\/index.php\/author\/editeurpsn\/"}]}},"jetpack_featured_media_url":"https:\/\/www.public.sn\/wp-content\/uploads\/2023\/03\/Bilal-Diatta.jpg","jetpack_sharing_enabled":true,"_links":{"self":[{"href":"https:\/\/www.public.sn\/index.php\/wp-json\/wp\/v2\/posts\/18468","targetHints":{"allow":["GET"]}}],"collection":[{"href":"https:\/\/www.public.sn\/index.php\/wp-json\/wp\/v2\/posts"}],"about":[{"href":"https:\/\/www.public.sn\/index.php\/wp-json\/wp\/v2\/types\/post"}],"author":[{"embeddable":true,"href":"https:\/\/www.public.sn\/index.php\/wp-json\/wp\/v2\/users\/7"}],"replies":[{"embeddable":true,"href":"https:\/\/www.public.sn\/index.php\/wp-json\/wp\/v2\/comments?post=18468"}],"version-history":[{"count":1,"href":"https:\/\/www.public.sn\/index.php\/wp-json\/wp\/v2\/posts\/18468\/revisions"}],"predecessor-version":[{"id":18473,"href":"https:\/\/www.public.sn\/index.php\/wp-json\/wp\/v2\/posts\/18468\/revisions\/18473"}],"wp:featuredmedia":[{"embeddable":true,"href":"https:\/\/www.public.sn\/index.php\/wp-json\/wp\/v2\/media\/18472"}],"wp:attachment":[{"href":"https:\/\/www.public.sn\/index.php\/wp-json\/wp\/v2\/media?parent=18468"}],"wp:term":[{"taxonomy":"category","embeddable":true,"href":"https:\/\/www.public.sn\/index.php\/wp-json\/wp\/v2\/categories?post=18468"},{"taxonomy":"post_tag","embeddable":true,"href":"https:\/\/www.public.sn\/index.php\/wp-json\/wp\/v2\/tags?post=18468"}],"curies":[{"name":"wp","href":"https:\/\/api.w.org\/{rel}","templated":true}]}}