{"id":18475,"date":"2023-03-22T15:34:54","date_gmt":"2023-03-22T15:34:54","guid":{"rendered":"https:\/\/www.public.sn\/?p=18475"},"modified":"2023-03-22T15:34:54","modified_gmt":"2023-03-22T15:34:54","slug":"tension-politique-des-intellectuels-appellent-macky-a-la-raison","status":"publish","type":"post","link":"https:\/\/www.public.sn\/index.php\/2023\/03\/22\/tension-politique-des-intellectuels-appellent-macky-a-la-raison\/","title":{"rendered":"Tension politique : Des intellectuels appellent Macky \u00e0 la raison"},"content":{"rendered":"<p><strong>TEXTE COLLECTIF : MACKY INTERPELL\u00c9<\/strong><\/p><div class=\"publi-paragraphe1\" style=\"margin-top: 10px;margin-bottom: 10px;margin-left: auto;margin-right: auto;text-align: center;\" id=\"publi-2698031968\"><div class=\"publi-adlabel\">Publicit\u00e9<\/div><script async src=\"\/\/pagead2.googlesyndication.com\/pagead\/js\/adsbygoogle.js?client=ca-pub-4089586018074219\" crossorigin=\"anonymous\"><\/script><ins class=\"adsbygoogle\" style=\"display:block;\" data-ad-client=\"ca-pub-4089586018074219\" \ndata-ad-slot=\"2087940154\" \ndata-ad-format=\"auto\"><\/ins>\n<script> \n(adsbygoogle = window.adsbygoogle || []).push({}); \n<\/script>\n<\/div>\n<p>REVENIR \u00c0 LA RAISON<\/p>\n<p>Nous assistons au S\u00e9n\u00e9gal \u00e0 une continuelle escalade r\u00e9pressive qui pr\u00e9figure de lendemains incertains. Il est de la responsabilit\u00e9 des intellectuels et de tous les citoyennes et citoyens de bonne volont\u00e9, vigies naturelles des libert\u00e9s en p\u00e9ril, de prendre la d\u00e9fense des valeurs fondamentales dans un \u00c9tat de droit que sont : la libert\u00e9 d\u2019expression et de circulation, la libert\u00e9 de manifester pacifiquement et de se rassembler, la libert\u00e9 de proclamer son adh\u00e9sion ou son opposition \u00e0 des actes de gouvernance politique et sociale.<\/p>\n<p>Sous ce rapport, nous constatons une violation flagrante, r\u00e9p\u00e9t\u00e9e et disproportionn\u00e9e des droits des citoyens mais aussi la perp\u00e9tuation d\u2019un effort constant d\u2019instrumentalisation politique du syst\u00e8me judiciaire par l\u2019administration du pr\u00e9sident Macky Sall.<\/p>\n<p>Il est arriv\u00e9 \u00e0 tous les pr\u00e9sidents de la R\u00e9publique du S\u00e9n\u00e9gal d\u2019utiliser ind\u00fbment la Justice \u00e0 des fins politiques mais aucun d\u2019eux ne l\u2019a fait avec autant de v\u00e9h\u00e9mence et de brutalit\u00e9 que l\u2019actuel chef de l\u2019\u00c9tat.<\/p>\n<p>Par-del\u00e0 nos divergences et nos diff\u00e9rences id\u00e9ologiques, politiques ou culturelles, nous signataires de tous les pays, condamnons, fermement, les restrictions apport\u00e9es \u00e0 la libert\u00e9 de mouvement des citoyens et \u00e0 la continuelle instrumentalisation de la Justice au S\u00e9n\u00e9gal.<\/p>\n<div class=\"dbe dbe-post-middle dbe-float-center dbe-align-center dbe-column-1 dbe-clearfix no-bg-box-model\">\n<div id=\"dbe-3576-2107223224\" class=\"dbe-container dbe-type-code \" data-adid=\"3576\" data-type=\"code\">\n<div id=\"dbe-3576-2107223224-place\"><\/div>\n<\/div>\n<\/div>\n<p>Une menace r\u00e9elle p\u00e8se sur la stabilit\u00e9 et la paix sociale du pays. Il est temps de revenir \u00e0 l a raison.<\/p>\n<p>Il est inacceptable :<\/p>\n<p>-que les droits fondamentaux des citoyens soient bafou\u00e9s sans suite,<\/p>\n<p>-que la d\u00e9mocratie et l\u2019exercice des libert\u00e9s d\u2019expression et de circulation soient confisqu\u00e9s,<\/p>\n<p>-que les droits constitutionnels dans l\u2019espace politique ne soient pas respect\u00e9s -que la Justice soit instrumentalis\u00e9e \u00e0 souhait \u00e0 des fins politiciennes.<\/p>\n<p>Nous signataires, de cette pr\u00e9sente d\u00e9claration, appelons le chef de l\u2019\u00c9tat s\u00e9n\u00e9galais \u00e0 prendre des mesures imm\u00e9diates pour ramener le calme, assurer la paix sociale et s\u2019\u00e9loigner de toutes les remises en cause de l\u2019ind\u00e9pendance du pouvoir judiciaire.<\/p>\n<div class=\"publi-apres-le-contenu\" style=\"margin-top: 10px;margin-bottom: 10px;margin-left: auto;margin-right: auto;text-align: center;\" id=\"publi-3877610707\"><div class=\"publi-adlabel\">Publicit\u00e9<\/div><script async src=\"\/\/pagead2.googlesyndication.com\/pagead\/js\/adsbygoogle.js?client=ca-pub-4089586018074219\" crossorigin=\"anonymous\"><\/script><ins class=\"adsbygoogle\" style=\"display:block;\" data-ad-client=\"ca-pub-4089586018074219\" \ndata-ad-slot=\"2087940154\" \ndata-ad-format=\"auto\"><\/ins>\n<script> \n(adsbygoogle = window.adsbygoogle || []).push({}); \n<\/script>\n<\/div>","protected":false},"excerpt":{"rendered":"<p>TEXTE COLLECTIF : MACKY INTERPELL\u00c9 REVENIR \u00c0 LA RAISON Nous assistons au S\u00e9n\u00e9gal \u00e0 une continuelle escalade r\u00e9pressive qui pr\u00e9figure de lendemains incertains. Il est de la responsabilit\u00e9 des intellectuels et de tous les citoyennes et citoyens de bonne volont\u00e9, vigies naturelles des libert\u00e9s en p\u00e9ril, de prendre la d\u00e9fense des valeurs fondamentales dans un \u00c9tat de droit que sont : la libert\u00e9 d\u2019expression et de circulation, la libert\u00e9 de manifester pacifiquement et de se rassembler, la libert\u00e9 de proclamer son adh\u00e9sion ou son opposition \u00e0 des actes de gouvernance politique et sociale. Sous ce rapport, nous constatons une violation flagrante, r\u00e9p\u00e9t\u00e9e et disproportionn\u00e9e des droits des citoyens mais aussi la perp\u00e9tuation d\u2019un effort constant d\u2019instrumentalisation politique du syst\u00e8me judiciaire par l\u2019administration du pr\u00e9sident Macky Sall. Il est arriv\u00e9 \u00e0 tous les pr\u00e9sidents de la R\u00e9publique du S\u00e9n\u00e9gal d\u2019utiliser ind\u00fbment la Justice \u00e0 des fins politiques mais aucun d\u2019eux ne l\u2019a fait avec autant de v\u00e9h\u00e9mence et de brutalit\u00e9 que l\u2019actuel chef de l\u2019\u00c9tat. Par-del\u00e0 nos divergences et nos diff\u00e9rences id\u00e9ologiques, politiques ou culturelles, nous signataires de tous les pays, condamnons, fermement, les restrictions apport\u00e9es \u00e0 la libert\u00e9 de mouvement des citoyens et \u00e0 la continuelle instrumentalisation de la Justice au S\u00e9n\u00e9gal. Une menace r\u00e9elle p\u00e8se sur la stabilit\u00e9 et la paix sociale du pays. Il est temps de revenir \u00e0 l a raison. Il est inacceptable : -que les droits fondamentaux des citoyens soient bafou\u00e9s sans suite, -que la d\u00e9mocratie et l\u2019exercice des libert\u00e9s d\u2019expression et de circulation soient confisqu\u00e9s, -que les droits constitutionnels dans l\u2019espace politique ne soient pas respect\u00e9s -que la Justice soit instrumentalis\u00e9e \u00e0 souhait \u00e0 des fins politiciennes. Nous signataires, de cette pr\u00e9sente d\u00e9claration, appelons le chef de l\u2019\u00c9tat s\u00e9n\u00e9galais \u00e0 prendre des mesures imm\u00e9diates pour ramener le calme, assurer la paix sociale et s\u2019\u00e9loigner de toutes les remises en cause de l\u2019ind\u00e9pendance du pouvoir judiciaire.<\/p>\n","protected":false},"author":7,"featured_media":18494,"comment_status":"open","ping_status":"open","sticky":false,"template":"","format":"standard","meta":{"_jetpack_memberships_contains_paid_content":false,"footnotes":""},"categories":[375,3,376,1,4],"tags":[4870,1950,4869],"class_list":["post-18475","post","type-post","status-publish","format-standard","has-post-thumbnail","hentry","category-actualites","category-politique","category-securite-justice","category-non-classe","category-societe","tag-intellectuels","tag-macky","tag-tension-politique","entry","has-media","owp-thumbs-layout-horizontal","owp-btn-normal","owp-tabs-layout-horizontal","has-no-thumbnails","has-product-nav"],"yoast_head":"<!-- This site is optimized with the Yoast SEO plugin v25.5 - https:\/\/yoast.com\/wordpress\/plugins\/seo\/ -->\n<title>Tension politique : Des intellectuels appellent Macky \u00e0 la raison - LE PUBLIC<\/title>\n<meta name=\"robots\" content=\"index, follow, max-snippet:-1, max-image-preview:large, max-video-preview:-1\" \/>\n<link rel=\"canonical\" href=\"https:\/\/www.public.sn\/index.php\/2023\/03\/22\/tension-politique-des-intellectuels-appellent-macky-a-la-raison\/\" \/>\n<meta property=\"og:locale\" content=\"fr_FR\" \/>\n<meta property=\"og:type\" content=\"article\" \/>\n<meta property=\"og:title\" content=\"Tension politique : Des intellectuels appellent Macky \u00e0 la raison - LE PUBLIC\" \/>\n<meta property=\"og:description\" content=\"TEXTE COLLECTIF : MACKY INTERPELL\u00c9 REVENIR \u00c0 LA RAISON Nous assistons au S\u00e9n\u00e9gal \u00e0 une continuelle escalade r\u00e9pressive qui pr\u00e9figure de lendemains incertains. Il est de la responsabilit\u00e9 des intellectuels et de tous les citoyennes et citoyens de bonne volont\u00e9, vigies naturelles des libert\u00e9s en p\u00e9ril, de prendre la d\u00e9fense des valeurs fondamentales dans un \u00c9tat de droit que sont : la libert\u00e9 d\u2019expression et de circulation, la libert\u00e9 de manifester pacifiquement et de se rassembler, la libert\u00e9 de proclamer son adh\u00e9sion ou son opposition \u00e0 des actes de gouvernance politique et sociale. Sous ce rapport, nous constatons une violation flagrante, r\u00e9p\u00e9t\u00e9e et disproportionn\u00e9e des droits des citoyens mais aussi la perp\u00e9tuation d\u2019un effort constant d\u2019instrumentalisation politique du syst\u00e8me judiciaire par l\u2019administration du pr\u00e9sident Macky Sall. Il est arriv\u00e9 \u00e0 tous les pr\u00e9sidents de la R\u00e9publique du S\u00e9n\u00e9gal d\u2019utiliser ind\u00fbment la Justice \u00e0 des fins politiques mais aucun d\u2019eux ne l\u2019a fait avec autant de v\u00e9h\u00e9mence et de brutalit\u00e9 que l\u2019actuel chef de l\u2019\u00c9tat. Par-del\u00e0 nos divergences et nos diff\u00e9rences id\u00e9ologiques, politiques ou culturelles, nous signataires de tous les pays, condamnons, fermement, les restrictions apport\u00e9es \u00e0 la libert\u00e9 de mouvement des citoyens et \u00e0 la continuelle instrumentalisation de la Justice au S\u00e9n\u00e9gal. Une menace r\u00e9elle p\u00e8se sur la stabilit\u00e9 et la paix sociale du pays. Il est temps de revenir \u00e0 l a raison. Il est inacceptable : -que les droits fondamentaux des citoyens soient bafou\u00e9s sans suite, -que la d\u00e9mocratie et l\u2019exercice des libert\u00e9s d\u2019expression et de circulation soient confisqu\u00e9s, -que les droits constitutionnels dans l\u2019espace politique ne soient pas respect\u00e9s -que la Justice soit instrumentalis\u00e9e \u00e0 souhait \u00e0 des fins politiciennes. Nous signataires, de cette pr\u00e9sente d\u00e9claration, appelons le chef de l\u2019\u00c9tat s\u00e9n\u00e9galais \u00e0 prendre des mesures imm\u00e9diates pour ramener le calme, assurer la paix sociale et s\u2019\u00e9loigner de toutes les remises en cause de l\u2019ind\u00e9pendance du pouvoir judiciaire.\" \/>\n<meta property=\"og:url\" content=\"https:\/\/www.public.sn\/index.php\/2023\/03\/22\/tension-politique-des-intellectuels-appellent-macky-a-la-raison\/\" \/>\n<meta property=\"og:site_name\" content=\"LE PUBLIC\" \/>\n<meta property=\"article:published_time\" content=\"2023-03-22T15:34:54+00:00\" \/>\n<meta property=\"og:image\" content=\"https:\/\/www.public.sn\/wp-content\/uploads\/2023\/03\/Macky-Sall-2.jpg\" \/>\n\t<meta property=\"og:image:width\" content=\"768\" \/>\n\t<meta property=\"og:image:height\" content=\"512\" \/>\n\t<meta property=\"og:image:type\" content=\"image\/jpeg\" \/>\n<meta name=\"author\" content=\"LA REDACTION\" \/>\n<meta name=\"twitter:card\" content=\"summary_large_image\" \/>\n<meta name=\"twitter:label1\" content=\"\u00c9crit par\" \/>\n\t<meta name=\"twitter:data1\" content=\"LA REDACTION\" \/>\n\t<meta name=\"twitter:label2\" content=\"Dur\u00e9e de lecture estim\u00e9e\" \/>\n\t<meta name=\"twitter:data2\" content=\"2 minutes\" \/>\n<script type=\"application\/ld+json\" class=\"yoast-schema-graph\">{\"@context\":\"https:\/\/schema.org\",\"@graph\":[{\"@type\":\"Article\",\"@id\":\"https:\/\/www.public.sn\/index.php\/2023\/03\/22\/tension-politique-des-intellectuels-appellent-macky-a-la-raison\/#article\",\"isPartOf\":{\"@id\":\"https:\/\/www.public.sn\/index.php\/2023\/03\/22\/tension-politique-des-intellectuels-appellent-macky-a-la-raison\/\"},\"author\":{\"name\":\"LA REDACTION\",\"@id\":\"https:\/\/www.public.sn\/#\/schema\/person\/cb76c8e1b8becc6be61fb5e92d6d0224\"},\"headline\":\"Tension politique : Des intellectuels appellent Macky \u00e0 la raison\",\"datePublished\":\"2023-03-22T15:34:54+00:00\",\"mainEntityOfPage\":{\"@id\":\"https:\/\/www.public.sn\/index.php\/2023\/03\/22\/tension-politique-des-intellectuels-appellent-macky-a-la-raison\/\"},\"wordCount\":361,\"commentCount\":0,\"publisher\":{\"@id\":\"https:\/\/www.public.sn\/#organization\"},\"image\":{\"@id\":\"https:\/\/www.public.sn\/index.php\/2023\/03\/22\/tension-politique-des-intellectuels-appellent-macky-a-la-raison\/#primaryimage\"},\"thumbnailUrl\":\"https:\/\/www.public.sn\/wp-content\/uploads\/2023\/03\/Macky-Sall-2.jpg\",\"keywords\":[\"intellectuels\",\"macky\",\"Tension politique\"],\"articleSection\":[\"ACTUALIT\u00c9S\",\"POLITIQUE\",\"S\u00c9CURIT\u00c9 &amp; JUSTICE\",\"S\u00c9N\u00c9GAL\",\"SOCIETE\"],\"inLanguage\":\"fr-FR\",\"potentialAction\":[{\"@type\":\"CommentAction\",\"name\":\"Comment\",\"target\":[\"https:\/\/www.public.sn\/index.php\/2023\/03\/22\/tension-politique-des-intellectuels-appellent-macky-a-la-raison\/#respond\"]}]},{\"@type\":\"WebPage\",\"@id\":\"https:\/\/www.public.sn\/index.php\/2023\/03\/22\/tension-politique-des-intellectuels-appellent-macky-a-la-raison\/\",\"url\":\"https:\/\/www.public.sn\/index.php\/2023\/03\/22\/tension-politique-des-intellectuels-appellent-macky-a-la-raison\/\",\"name\":\"Tension politique : Des intellectuels appellent Macky \u00e0 la raison - LE PUBLIC\",\"isPartOf\":{\"@id\":\"https:\/\/www.public.sn\/#website\"},\"primaryImageOfPage\":{\"@id\":\"https:\/\/www.public.sn\/index.php\/2023\/03\/22\/tension-politique-des-intellectuels-appellent-macky-a-la-raison\/#primaryimage\"},\"image\":{\"@id\":\"https:\/\/www.public.sn\/index.php\/2023\/03\/22\/tension-politique-des-intellectuels-appellent-macky-a-la-raison\/#primaryimage\"},\"thumbnailUrl\":\"https:\/\/www.public.sn\/wp-content\/uploads\/2023\/03\/Macky-Sall-2.jpg\",\"datePublished\":\"2023-03-22T15:34:54+00:00\",\"breadcrumb\":{\"@id\":\"https:\/\/www.public.sn\/index.php\/2023\/03\/22\/tension-politique-des-intellectuels-appellent-macky-a-la-raison\/#breadcrumb\"},\"inLanguage\":\"fr-FR\",\"potentialAction\":[{\"@type\":\"ReadAction\",\"target\":[\"https:\/\/www.public.sn\/index.php\/2023\/03\/22\/tension-politique-des-intellectuels-appellent-macky-a-la-raison\/\"]}]},{\"@type\":\"ImageObject\",\"inLanguage\":\"fr-FR\",\"@id\":\"https:\/\/www.public.sn\/index.php\/2023\/03\/22\/tension-politique-des-intellectuels-appellent-macky-a-la-raison\/#primaryimage\",\"url\":\"https:\/\/www.public.sn\/wp-content\/uploads\/2023\/03\/Macky-Sall-2.jpg\",\"contentUrl\":\"https:\/\/www.public.sn\/wp-content\/uploads\/2023\/03\/Macky-Sall-2.jpg\",\"width\":768,\"height\":512},{\"@type\":\"BreadcrumbList\",\"@id\":\"https:\/\/www.public.sn\/index.php\/2023\/03\/22\/tension-politique-des-intellectuels-appellent-macky-a-la-raison\/#breadcrumb\",\"itemListElement\":[{\"@type\":\"ListItem\",\"position\":1,\"name\":\"Accueil\",\"item\":\"https:\/\/www.public.sn\/\"},{\"@type\":\"ListItem\",\"position\":2,\"name\":\"Tension politique : Des intellectuels appellent Macky \u00e0 la raison\"}]},{\"@type\":\"WebSite\",\"@id\":\"https:\/\/www.public.sn\/#website\",\"url\":\"https:\/\/www.public.sn\/\",\"name\":\"LE PUBLIC\",\"description\":\"\",\"publisher\":{\"@id\":\"https:\/\/www.public.sn\/#organization\"},\"potentialAction\":[{\"@type\":\"SearchAction\",\"target\":{\"@type\":\"EntryPoint\",\"urlTemplate\":\"https:\/\/www.public.sn\/?s={search_term_string}\"},\"query-input\":{\"@type\":\"PropertyValueSpecification\",\"valueRequired\":true,\"valueName\":\"search_term_string\"}}],\"inLanguage\":\"fr-FR\"},{\"@type\":\"Organization\",\"@id\":\"https:\/\/www.public.sn\/#organization\",\"name\":\"LE PUBLIC\",\"url\":\"https:\/\/www.public.sn\/\",\"logo\":{\"@type\":\"ImageObject\",\"inLanguage\":\"fr-FR\",\"@id\":\"https:\/\/www.public.sn\/#\/schema\/logo\/image\/\",\"url\":\"https:\/\/www.public.sn\/wp-content\/uploads\/2024\/05\/cropped-LOGO-PUBLIC.SN_.png\",\"contentUrl\":\"https:\/\/www.public.sn\/wp-content\/uploads\/2024\/05\/cropped-LOGO-PUBLIC.SN_.png\",\"width\":682,\"height\":192,\"caption\":\"LE PUBLIC\"},\"image\":{\"@id\":\"https:\/\/www.public.sn\/#\/schema\/logo\/image\/\"}},{\"@type\":\"Person\",\"@id\":\"https:\/\/www.public.sn\/#\/schema\/person\/cb76c8e1b8becc6be61fb5e92d6d0224\",\"name\":\"LA REDACTION\",\"image\":{\"@type\":\"ImageObject\",\"inLanguage\":\"fr-FR\",\"@id\":\"https:\/\/www.public.sn\/#\/schema\/person\/image\/\",\"url\":\"https:\/\/secure.gravatar.com\/avatar\/2dce5ddd34b8fef0180efe03aa2a9bee7d953856048f9a16b298190a3178407c?s=96&d=mm&r=g\",\"contentUrl\":\"https:\/\/secure.gravatar.com\/avatar\/2dce5ddd34b8fef0180efe03aa2a9bee7d953856048f9a16b298190a3178407c?s=96&d=mm&r=g\",\"caption\":\"LA REDACTION\"},\"url\":\"https:\/\/www.public.sn\/index.php\/author\/editeurpsn\/\"}]}<\/script>\n<!-- \/ Yoast SEO plugin. -->","yoast_head_json":{"title":"Tension politique : Des intellectuels appellent Macky \u00e0 la raison - LE PUBLIC","robots":{"index":"index","follow":"follow","max-snippet":"max-snippet:-1","max-image-preview":"max-image-preview:large","max-video-preview":"max-video-preview:-1"},"canonical":"https:\/\/www.public.sn\/index.php\/2023\/03\/22\/tension-politique-des-intellectuels-appellent-macky-a-la-raison\/","og_locale":"fr_FR","og_type":"article","og_title":"Tension politique : Des intellectuels appellent Macky \u00e0 la raison - LE PUBLIC","og_description":"TEXTE COLLECTIF : MACKY INTERPELL\u00c9 REVENIR \u00c0 LA RAISON Nous assistons au S\u00e9n\u00e9gal \u00e0 une continuelle escalade r\u00e9pressive qui pr\u00e9figure de lendemains incertains. Il est de la responsabilit\u00e9 des intellectuels et de tous les citoyennes et citoyens de bonne volont\u00e9, vigies naturelles des libert\u00e9s en p\u00e9ril, de prendre la d\u00e9fense des valeurs fondamentales dans un \u00c9tat de droit que sont : la libert\u00e9 d\u2019expression et de circulation, la libert\u00e9 de manifester pacifiquement et de se rassembler, la libert\u00e9 de proclamer son adh\u00e9sion ou son opposition \u00e0 des actes de gouvernance politique et sociale. Sous ce rapport, nous constatons une violation flagrante, r\u00e9p\u00e9t\u00e9e et disproportionn\u00e9e des droits des citoyens mais aussi la perp\u00e9tuation d\u2019un effort constant d\u2019instrumentalisation politique du syst\u00e8me judiciaire par l\u2019administration du pr\u00e9sident Macky Sall. Il est arriv\u00e9 \u00e0 tous les pr\u00e9sidents de la R\u00e9publique du S\u00e9n\u00e9gal d\u2019utiliser ind\u00fbment la Justice \u00e0 des fins politiques mais aucun d\u2019eux ne l\u2019a fait avec autant de v\u00e9h\u00e9mence et de brutalit\u00e9 que l\u2019actuel chef de l\u2019\u00c9tat. Par-del\u00e0 nos divergences et nos diff\u00e9rences id\u00e9ologiques, politiques ou culturelles, nous signataires de tous les pays, condamnons, fermement, les restrictions apport\u00e9es \u00e0 la libert\u00e9 de mouvement des citoyens et \u00e0 la continuelle instrumentalisation de la Justice au S\u00e9n\u00e9gal. Une menace r\u00e9elle p\u00e8se sur la stabilit\u00e9 et la paix sociale du pays. Il est temps de revenir \u00e0 l a raison. Il est inacceptable : -que les droits fondamentaux des citoyens soient bafou\u00e9s sans suite, -que la d\u00e9mocratie et l\u2019exercice des libert\u00e9s d\u2019expression et de circulation soient confisqu\u00e9s, -que les droits constitutionnels dans l\u2019espace politique ne soient pas respect\u00e9s -que la Justice soit instrumentalis\u00e9e \u00e0 souhait \u00e0 des fins politiciennes. Nous signataires, de cette pr\u00e9sente d\u00e9claration, appelons le chef de l\u2019\u00c9tat s\u00e9n\u00e9galais \u00e0 prendre des mesures imm\u00e9diates pour ramener le calme, assurer la paix sociale et s\u2019\u00e9loigner de toutes les remises en cause de l\u2019ind\u00e9pendance du pouvoir judiciaire.","og_url":"https:\/\/www.public.sn\/index.php\/2023\/03\/22\/tension-politique-des-intellectuels-appellent-macky-a-la-raison\/","og_site_name":"LE PUBLIC","article_published_time":"2023-03-22T15:34:54+00:00","og_image":[{"width":768,"height":512,"url":"https:\/\/www.public.sn\/wp-content\/uploads\/2023\/03\/Macky-Sall-2.jpg","type":"image\/jpeg"}],"author":"LA REDACTION","twitter_card":"summary_large_image","twitter_misc":{"\u00c9crit par":"LA REDACTION","Dur\u00e9e de lecture estim\u00e9e":"2 minutes"},"schema":{"@context":"https:\/\/schema.org","@graph":[{"@type":"Article","@id":"https:\/\/www.public.sn\/index.php\/2023\/03\/22\/tension-politique-des-intellectuels-appellent-macky-a-la-raison\/#article","isPartOf":{"@id":"https:\/\/www.public.sn\/index.php\/2023\/03\/22\/tension-politique-des-intellectuels-appellent-macky-a-la-raison\/"},"author":{"name":"LA REDACTION","@id":"https:\/\/www.public.sn\/#\/schema\/person\/cb76c8e1b8becc6be61fb5e92d6d0224"},"headline":"Tension politique : Des intellectuels appellent Macky \u00e0 la raison","datePublished":"2023-03-22T15:34:54+00:00","mainEntityOfPage":{"@id":"https:\/\/www.public.sn\/index.php\/2023\/03\/22\/tension-politique-des-intellectuels-appellent-macky-a-la-raison\/"},"wordCount":361,"commentCount":0,"publisher":{"@id":"https:\/\/www.public.sn\/#organization"},"image":{"@id":"https:\/\/www.public.sn\/index.php\/2023\/03\/22\/tension-politique-des-intellectuels-appellent-macky-a-la-raison\/#primaryimage"},"thumbnailUrl":"https:\/\/www.public.sn\/wp-content\/uploads\/2023\/03\/Macky-Sall-2.jpg","keywords":["intellectuels","macky","Tension politique"],"articleSection":["ACTUALIT\u00c9S","POLITIQUE","S\u00c9CURIT\u00c9 &amp; JUSTICE","S\u00c9N\u00c9GAL","SOCIETE"],"inLanguage":"fr-FR","potentialAction":[{"@type":"CommentAction","name":"Comment","target":["https:\/\/www.public.sn\/index.php\/2023\/03\/22\/tension-politique-des-intellectuels-appellent-macky-a-la-raison\/#respond"]}]},{"@type":"WebPage","@id":"https:\/\/www.public.sn\/index.php\/2023\/03\/22\/tension-politique-des-intellectuels-appellent-macky-a-la-raison\/","url":"https:\/\/www.public.sn\/index.php\/2023\/03\/22\/tension-politique-des-intellectuels-appellent-macky-a-la-raison\/","name":"Tension politique : Des intellectuels appellent Macky \u00e0 la raison - LE PUBLIC","isPartOf":{"@id":"https:\/\/www.public.sn\/#website"},"primaryImageOfPage":{"@id":"https:\/\/www.public.sn\/index.php\/2023\/03\/22\/tension-politique-des-intellectuels-appellent-macky-a-la-raison\/#primaryimage"},"image":{"@id":"https:\/\/www.public.sn\/index.php\/2023\/03\/22\/tension-politique-des-intellectuels-appellent-macky-a-la-raison\/#primaryimage"},"thumbnailUrl":"https:\/\/www.public.sn\/wp-content\/uploads\/2023\/03\/Macky-Sall-2.jpg","datePublished":"2023-03-22T15:34:54+00:00","breadcrumb":{"@id":"https:\/\/www.public.sn\/index.php\/2023\/03\/22\/tension-politique-des-intellectuels-appellent-macky-a-la-raison\/#breadcrumb"},"inLanguage":"fr-FR","potentialAction":[{"@type":"ReadAction","target":["https:\/\/www.public.sn\/index.php\/2023\/03\/22\/tension-politique-des-intellectuels-appellent-macky-a-la-raison\/"]}]},{"@type":"ImageObject","inLanguage":"fr-FR","@id":"https:\/\/www.public.sn\/index.php\/2023\/03\/22\/tension-politique-des-intellectuels-appellent-macky-a-la-raison\/#primaryimage","url":"https:\/\/www.public.sn\/wp-content\/uploads\/2023\/03\/Macky-Sall-2.jpg","contentUrl":"https:\/\/www.public.sn\/wp-content\/uploads\/2023\/03\/Macky-Sall-2.jpg","width":768,"height":512},{"@type":"BreadcrumbList","@id":"https:\/\/www.public.sn\/index.php\/2023\/03\/22\/tension-politique-des-intellectuels-appellent-macky-a-la-raison\/#breadcrumb","itemListElement":[{"@type":"ListItem","position":1,"name":"Accueil","item":"https:\/\/www.public.sn\/"},{"@type":"ListItem","position":2,"name":"Tension politique : Des intellectuels appellent Macky \u00e0 la raison"}]},{"@type":"WebSite","@id":"https:\/\/www.public.sn\/#website","url":"https:\/\/www.public.sn\/","name":"LE PUBLIC","description":"","publisher":{"@id":"https:\/\/www.public.sn\/#organization"},"potentialAction":[{"@type":"SearchAction","target":{"@type":"EntryPoint","urlTemplate":"https:\/\/www.public.sn\/?s={search_term_string}"},"query-input":{"@type":"PropertyValueSpecification","valueRequired":true,"valueName":"search_term_string"}}],"inLanguage":"fr-FR"},{"@type":"Organization","@id":"https:\/\/www.public.sn\/#organization","name":"LE PUBLIC","url":"https:\/\/www.public.sn\/","logo":{"@type":"ImageObject","inLanguage":"fr-FR","@id":"https:\/\/www.public.sn\/#\/schema\/logo\/image\/","url":"https:\/\/www.public.sn\/wp-content\/uploads\/2024\/05\/cropped-LOGO-PUBLIC.SN_.png","contentUrl":"https:\/\/www.public.sn\/wp-content\/uploads\/2024\/05\/cropped-LOGO-PUBLIC.SN_.png","width":682,"height":192,"caption":"LE PUBLIC"},"image":{"@id":"https:\/\/www.public.sn\/#\/schema\/logo\/image\/"}},{"@type":"Person","@id":"https:\/\/www.public.sn\/#\/schema\/person\/cb76c8e1b8becc6be61fb5e92d6d0224","name":"LA REDACTION","image":{"@type":"ImageObject","inLanguage":"fr-FR","@id":"https:\/\/www.public.sn\/#\/schema\/person\/image\/","url":"https:\/\/secure.gravatar.com\/avatar\/2dce5ddd34b8fef0180efe03aa2a9bee7d953856048f9a16b298190a3178407c?s=96&d=mm&r=g","contentUrl":"https:\/\/secure.gravatar.com\/avatar\/2dce5ddd34b8fef0180efe03aa2a9bee7d953856048f9a16b298190a3178407c?s=96&d=mm&r=g","caption":"LA REDACTION"},"url":"https:\/\/www.public.sn\/index.php\/author\/editeurpsn\/"}]}},"jetpack_featured_media_url":"https:\/\/www.public.sn\/wp-content\/uploads\/2023\/03\/Macky-Sall-2.jpg","jetpack_sharing_enabled":true,"_links":{"self":[{"href":"https:\/\/www.public.sn\/index.php\/wp-json\/wp\/v2\/posts\/18475","targetHints":{"allow":["GET"]}}],"collection":[{"href":"https:\/\/www.public.sn\/index.php\/wp-json\/wp\/v2\/posts"}],"about":[{"href":"https:\/\/www.public.sn\/index.php\/wp-json\/wp\/v2\/types\/post"}],"author":[{"embeddable":true,"href":"https:\/\/www.public.sn\/index.php\/wp-json\/wp\/v2\/users\/7"}],"replies":[{"embeddable":true,"href":"https:\/\/www.public.sn\/index.php\/wp-json\/wp\/v2\/comments?post=18475"}],"version-history":[{"count":1,"href":"https:\/\/www.public.sn\/index.php\/wp-json\/wp\/v2\/posts\/18475\/revisions"}],"predecessor-version":[{"id":18495,"href":"https:\/\/www.public.sn\/index.php\/wp-json\/wp\/v2\/posts\/18475\/revisions\/18495"}],"wp:featuredmedia":[{"embeddable":true,"href":"https:\/\/www.public.sn\/index.php\/wp-json\/wp\/v2\/media\/18494"}],"wp:attachment":[{"href":"https:\/\/www.public.sn\/index.php\/wp-json\/wp\/v2\/media?parent=18475"}],"wp:term":[{"taxonomy":"category","embeddable":true,"href":"https:\/\/www.public.sn\/index.php\/wp-json\/wp\/v2\/categories?post=18475"},{"taxonomy":"post_tag","embeddable":true,"href":"https:\/\/www.public.sn\/index.php\/wp-json\/wp\/v2\/tags?post=18475"}],"curies":[{"name":"wp","href":"https:\/\/api.w.org\/{rel}","templated":true}]}}