{"id":18496,"date":"2023-03-22T16:03:39","date_gmt":"2023-03-22T16:03:39","guid":{"rendered":"https:\/\/www.public.sn\/?p=18496"},"modified":"2023-03-22T16:03:39","modified_gmt":"2023-03-22T16:03:39","slug":"mesut-ozil-met-un-terme-a-sa-carriere","status":"publish","type":"post","link":"https:\/\/www.public.sn\/index.php\/2023\/03\/22\/mesut-ozil-met-un-terme-a-sa-carriere\/","title":{"rendered":"Mesut Ozil met un terme \u00e0 sa carri\u00e8re"},"content":{"rendered":"<p><strong>Le milieu de terrain allemand au palmar\u00e8s bien rempli quitte le monde du football apr\u00e8s 17 ann\u00e9es en tant que professionnel. Mesut \u00d6zil n&rsquo;avait presque pas jou\u00e9 cette saison avec son club turc de<\/strong><br \/>\n<strong>Basaksehir. Le football perd un tr\u00e8s grand joueur ce mercredi. Le milieu de terrain allemand Mesut \u00d6zil a annonc\u00e9 officiellement prendre sa retraite sportive apr\u00e8s un passage difficile en Turquie, du c\u00f4t\u00e9 de Basaksehir. <\/strong><strong>Lui qui avait comme idole Zin\u00e9dine Zidane aura connu une longue carri\u00e8re de 17 ann\u00e9es en tant que professionnel.<\/strong><br \/>\nL&rsquo;ex-joueur de 34 ans a annonc\u00e9 la nouvelle sur ses r\u00e9seaux sociaux: \u00ab\u00a0Apr\u00e8s m\u00fbre r\u00e9flexion, j&rsquo;annonce prendre ma retraite imm\u00e9diate du football professionnel. J&rsquo;ai eu la chance d&rsquo;\u00eatre professionnel pendant 17 ans et je suis tellement reconnaissant d&rsquo;avoir pu avoir cette opportunit\u00e9.\u00a0\u00bb<\/p><div class=\"publi-paragraphe1\" style=\"margin-top: 10px;margin-bottom: 10px;margin-left: auto;margin-right: auto;text-align: center;\" id=\"publi-1900833123\"><div class=\"publi-adlabel\">Publicit\u00e9<\/div><script async src=\"\/\/pagead2.googlesyndication.com\/pagead\/js\/adsbygoogle.js?client=ca-pub-4089586018074219\" crossorigin=\"anonymous\"><\/script><ins class=\"adsbygoogle\" style=\"display:block;\" data-ad-client=\"ca-pub-4089586018074219\" \ndata-ad-slot=\"2087940154\" \ndata-ad-format=\"auto\"><\/ins>\n<script> \n(adsbygoogle = window.adsbygoogle || []).push({}); \n<\/script>\n<\/div>\n<p>\u00ab\u00a0Ces derni\u00e8res semaines, j&rsquo;ai connu beaucoup de blessures. Cela a \u00e9t\u00e9 de plus en plus \u00e9vident qu&rsquo;il \u00e9tait temps d&rsquo;arr\u00eater, et quitter le monde du football.<br \/>\nLe voyage a \u00e9t\u00e9 incroyable, j&rsquo;ai v\u00e9cu des moments et \u00e9motions inoubliables. Je veux remercier tous mes clubs &#8211; Schalke 04, Werder Br\u00eame, Real Madrid, Arsenal, Fenerbah\u00e7e, Basaksehir &#8211; et mes entra\u00eeneurs qui m&rsquo;ont soutenu, en plus de mes co\u00e9quipiers qui sont devenus des amis\u00a0\u00bb a ajout\u00e9 l&rsquo;Allemand. Issu d&rsquo;une famille turque, \u00d6zil na\u00eet et grandit en Allemagne \u00e0 Gelsenkirchen. \u00c0 l&rsquo;\u00e2ge de 18 ans, c&rsquo;est tout logiquement qu&rsquo;il signe professionnel dans le grand club de la ville, Schalke 04. Apr\u00e8s deux saisons plut\u00f4t r\u00e9ussies, le joueur rejoint le Werder Br\u00eame, vice-champion d&rsquo;Allemagne et conna\u00eet les joies d&rsquo;un premier titre national avec la Coupe d&rsquo;Allemagne. La m\u00eame ann\u00e9e, il perd sa premi\u00e8re finale en Coupe de l&rsquo;UEFA face au Shakhtar Donetsk. Cette saison exceptionnelle lui permet d&rsquo;int\u00e9grer la Nationalmannschaft \u00e0 21 ans.<\/p>\n<p>Son ascension rapide le m\u00e8ne dans l&rsquo;un des plus grands clubs d&rsquo;Europe, le Real Madrid, o\u00f9 il d\u00e9barque en 2010. En trois saisons, il joue 159 matchs et marque 27 buts dans une \u00e9quipe compos\u00e9e notamment de Cristiano Ronaldo, Iker Casillas, Kak\u00e1 ou encore Xabi Alonso. Son palmar\u00e8s s&rsquo;enrichit d&rsquo;une<br \/>\nLiga, d&rsquo;une Coupe du Roi et d&rsquo;une Supercoupe d&rsquo;Espagne.<\/p>\n<p>En 2013, il signe \u00e0 Arsenal o\u00f9 il va v\u00e9ritablement marquer les esprits \u00e0 l&rsquo;Emirates Stadium. L&rsquo;Allemand reste 8 ann\u00e9es \u00e0 Londres, parmi lesquelles il joue 254 rencontres et gl\u00e2ne 7 troph\u00e9es : 4 FA Cup et 3 Community Shield alors que le club n&rsquo;avait plus rien gagn\u00e9 depuis 2005. Il perd une nouvelle finale de Ligue Europa contre Chelsea en 2019.<\/p>\n<p>C&rsquo;est \u00e9galement \u00e0 cette p\u00e9riode qu&rsquo;il conna\u00eet sa plus grande victoire : la Coupe du Monde 2014. \u00d6zil est un titulaire indiscutable dans le milieu de terrain et marque m\u00eame un but contre l&rsquo;Alg\u00e9rie en 8e de finale.<br \/>\nEn s\u00e9lection, il aura fait trembler les filets \u00e0 23 reprises au total, pour 92 matchs disput\u00e9s.<br \/>\nC&rsquo;est en Turquie qu&rsquo;il d\u00e9barque ensuite apr\u00e8s avoir quitt\u00e9 son club d&rsquo;adoption. Fenerbah\u00e7e l&rsquo;accueille pour une saison pendant laquelle l&rsquo;Allemand brille par son talent et son exp\u00e9rience. Les choses se compliquent \u00e0 partir de l&rsquo;\u00e9t\u00e9 2022 o\u00f9 le joueur rejoint l&rsquo;istanbul Basaksehir. \u00d6zil joue tr\u00e8s peu, bless\u00e9. Il retrouve petit \u00e0 petit les terrains en janvier 2023 mais pas pour longtemps. Absent de l&rsquo;entra\u00eenement, le joueur de 34 ans voit son contrat r\u00e9sili\u00e9 et la fin de sa carri\u00e8re se dessiner.<\/p>\n<p>Au total, Mesut \u00d6zil a particip\u00e9 \u00e0 711 matchs durant sa longue carri\u00e8re, clubs et s\u00e9lection confondus. Son empreinte dans le football restera marqu\u00e9e pour longtemps.<\/p>\n<div class=\"publi-apres-le-contenu\" style=\"margin-top: 10px;margin-bottom: 10px;margin-left: auto;margin-right: auto;text-align: center;\" id=\"publi-4263743134\"><div class=\"publi-adlabel\">Publicit\u00e9<\/div><script async src=\"\/\/pagead2.googlesyndication.com\/pagead\/js\/adsbygoogle.js?client=ca-pub-4089586018074219\" crossorigin=\"anonymous\"><\/script><ins class=\"adsbygoogle\" style=\"display:block;\" data-ad-client=\"ca-pub-4089586018074219\" \ndata-ad-slot=\"2087940154\" \ndata-ad-format=\"auto\"><\/ins>\n<script> \n(adsbygoogle = window.adsbygoogle || []).push({}); \n<\/script>\n<\/div>","protected":false},"excerpt":{"rendered":"<p>Le milieu de terrain allemand au palmar\u00e8s bien rempli quitte le monde du football apr\u00e8s 17 ann\u00e9es en tant que professionnel. Mesut \u00d6zil n&rsquo;avait presque pas jou\u00e9 cette saison avec son club turc de Basaksehir. Le football perd un tr\u00e8s grand joueur ce mercredi. Le milieu de terrain allemand Mesut \u00d6zil a annonc\u00e9 officiellement prendre sa retraite sportive apr\u00e8s un passage difficile en Turquie, du c\u00f4t\u00e9 de Basaksehir. Lui qui avait comme idole Zin\u00e9dine Zidane aura connu une longue carri\u00e8re de 17 ann\u00e9es en tant que professionnel. L&rsquo;ex-joueur de 34 ans a annonc\u00e9 la nouvelle sur ses r\u00e9seaux sociaux: \u00ab\u00a0Apr\u00e8s m\u00fbre r\u00e9flexion, j&rsquo;annonce prendre ma retraite imm\u00e9diate du football professionnel. J&rsquo;ai eu la chance d&rsquo;\u00eatre professionnel pendant 17 ans et je suis tellement reconnaissant d&rsquo;avoir pu avoir cette opportunit\u00e9.\u00a0\u00bb \u00ab\u00a0Ces derni\u00e8res semaines, j&rsquo;ai connu beaucoup de blessures. Cela a \u00e9t\u00e9 de plus en plus \u00e9vident qu&rsquo;il \u00e9tait temps d&rsquo;arr\u00eater, et quitter le monde du football. Le voyage a \u00e9t\u00e9 incroyable, j&rsquo;ai v\u00e9cu des moments et \u00e9motions inoubliables. Je veux remercier tous mes clubs &#8211; Schalke 04, Werder Br\u00eame, Real Madrid, Arsenal, Fenerbah\u00e7e, Basaksehir &#8211; et mes entra\u00eeneurs qui m&rsquo;ont soutenu, en plus de mes co\u00e9quipiers qui sont devenus des amis\u00a0\u00bb a ajout\u00e9 l&rsquo;Allemand. Issu d&rsquo;une famille turque, \u00d6zil na\u00eet et grandit en Allemagne \u00e0 Gelsenkirchen. \u00c0 l&rsquo;\u00e2ge de 18 ans, c&rsquo;est tout logiquement qu&rsquo;il signe professionnel dans le grand club de la ville, Schalke 04. Apr\u00e8s deux saisons plut\u00f4t r\u00e9ussies, le joueur rejoint le Werder Br\u00eame, vice-champion d&rsquo;Allemagne et conna\u00eet les joies d&rsquo;un premier titre national avec la Coupe d&rsquo;Allemagne. La m\u00eame ann\u00e9e, il perd sa premi\u00e8re finale en Coupe de l&rsquo;UEFA face au Shakhtar Donetsk. Cette saison exceptionnelle lui permet d&rsquo;int\u00e9grer la Nationalmannschaft \u00e0 21 ans. Son ascension rapide le m\u00e8ne dans l&rsquo;un des plus grands clubs d&rsquo;Europe, le Real Madrid, o\u00f9 il d\u00e9barque en 2010. En trois saisons, il joue 159 matchs et marque 27 buts dans une \u00e9quipe compos\u00e9e notamment de Cristiano Ronaldo, Iker Casillas, Kak\u00e1 ou encore Xabi Alonso. Son palmar\u00e8s s&rsquo;enrichit d&rsquo;une Liga, d&rsquo;une Coupe du Roi et d&rsquo;une Supercoupe d&rsquo;Espagne. En 2013, il signe \u00e0 Arsenal o\u00f9 il va v\u00e9ritablement marquer les esprits \u00e0 l&rsquo;Emirates Stadium. L&rsquo;Allemand reste 8 ann\u00e9es \u00e0 Londres, parmi lesquelles il joue 254 rencontres et gl\u00e2ne 7 troph\u00e9es : 4 FA Cup et 3 Community Shield alors que le club n&rsquo;avait plus rien gagn\u00e9 depuis 2005. Il perd une nouvelle finale de Ligue Europa contre Chelsea en 2019. C&rsquo;est \u00e9galement \u00e0 cette p\u00e9riode qu&rsquo;il conna\u00eet sa plus grande victoire : la Coupe du Monde 2014. \u00d6zil est un titulaire indiscutable dans le milieu de terrain et marque m\u00eame un but contre l&rsquo;Alg\u00e9rie en 8e de finale. En s\u00e9lection, il aura fait trembler les filets \u00e0 23 reprises au total, pour 92 matchs disput\u00e9s. C&rsquo;est en Turquie qu&rsquo;il d\u00e9barque ensuite apr\u00e8s avoir quitt\u00e9 son club d&rsquo;adoption. Fenerbah\u00e7e l&rsquo;accueille pour une saison pendant laquelle l&rsquo;Allemand brille par son talent et son exp\u00e9rience. Les choses se compliquent \u00e0 partir de l&rsquo;\u00e9t\u00e9 2022 o\u00f9 le joueur rejoint l&rsquo;istanbul Basaksehir. \u00d6zil joue tr\u00e8s peu, bless\u00e9. Il retrouve petit \u00e0 petit les terrains en janvier 2023 mais pas pour longtemps. Absent de l&rsquo;entra\u00eenement, le joueur de 34 ans voit son contrat r\u00e9sili\u00e9 et la fin de sa carri\u00e8re se dessiner. Au total, Mesut \u00d6zil a particip\u00e9 \u00e0 711 matchs durant sa longue carri\u00e8re, clubs et s\u00e9lection confondus. Son empreinte dans le football restera marqu\u00e9e pour longtemps.<\/p>\n","protected":false},"author":7,"featured_media":18499,"comment_status":"open","ping_status":"open","sticky":false,"template":"","format":"standard","meta":{"_jetpack_memberships_contains_paid_content":false,"footnotes":""},"categories":[375,550,3412,3728,7,372],"tags":[68,4871,1326],"class_list":["post-18496","post","type-post","status-publish","format-standard","has-post-thumbnail","hentry","category-actualites","category-afrique-monde","category-football","category-internationale","category-sport","category-vedette","tag-football","tag-mesut-ozil","tag-retraite","entry","has-media","owp-thumbs-layout-horizontal","owp-btn-normal","owp-tabs-layout-horizontal","has-no-thumbnails","has-product-nav"],"yoast_head":"<!-- This site is optimized with the Yoast SEO plugin v25.5 - https:\/\/yoast.com\/wordpress\/plugins\/seo\/ -->\n<title>Mesut Ozil met un terme \u00e0 sa carri\u00e8re - LE PUBLIC<\/title>\n<meta name=\"robots\" content=\"index, follow, max-snippet:-1, max-image-preview:large, max-video-preview:-1\" \/>\n<link rel=\"canonical\" href=\"https:\/\/www.public.sn\/index.php\/2023\/03\/22\/mesut-ozil-met-un-terme-a-sa-carriere\/\" \/>\n<meta property=\"og:locale\" content=\"fr_FR\" \/>\n<meta property=\"og:type\" content=\"article\" \/>\n<meta property=\"og:title\" content=\"Mesut Ozil met un terme \u00e0 sa carri\u00e8re - LE PUBLIC\" \/>\n<meta property=\"og:description\" content=\"Le milieu de terrain allemand au palmar\u00e8s bien rempli quitte le monde du football apr\u00e8s 17 ann\u00e9es en tant que professionnel. Mesut \u00d6zil n&rsquo;avait presque pas jou\u00e9 cette saison avec son club turc de Basaksehir. Le football perd un tr\u00e8s grand joueur ce mercredi. Le milieu de terrain allemand Mesut \u00d6zil a annonc\u00e9 officiellement prendre sa retraite sportive apr\u00e8s un passage difficile en Turquie, du c\u00f4t\u00e9 de Basaksehir. Lui qui avait comme idole Zin\u00e9dine Zidane aura connu une longue carri\u00e8re de 17 ann\u00e9es en tant que professionnel. L&rsquo;ex-joueur de 34 ans a annonc\u00e9 la nouvelle sur ses r\u00e9seaux sociaux: \u00ab\u00a0Apr\u00e8s m\u00fbre r\u00e9flexion, j&rsquo;annonce prendre ma retraite imm\u00e9diate du football professionnel. J&rsquo;ai eu la chance d&rsquo;\u00eatre professionnel pendant 17 ans et je suis tellement reconnaissant d&rsquo;avoir pu avoir cette opportunit\u00e9.\u00a0\u00bb \u00ab\u00a0Ces derni\u00e8res semaines, j&rsquo;ai connu beaucoup de blessures. Cela a \u00e9t\u00e9 de plus en plus \u00e9vident qu&rsquo;il \u00e9tait temps d&rsquo;arr\u00eater, et quitter le monde du football. Le voyage a \u00e9t\u00e9 incroyable, j&rsquo;ai v\u00e9cu des moments et \u00e9motions inoubliables. Je veux remercier tous mes clubs &#8211; Schalke 04, Werder Br\u00eame, Real Madrid, Arsenal, Fenerbah\u00e7e, Basaksehir &#8211; et mes entra\u00eeneurs qui m&rsquo;ont soutenu, en plus de mes co\u00e9quipiers qui sont devenus des amis\u00a0\u00bb a ajout\u00e9 l&rsquo;Allemand. Issu d&rsquo;une famille turque, \u00d6zil na\u00eet et grandit en Allemagne \u00e0 Gelsenkirchen. \u00c0 l&rsquo;\u00e2ge de 18 ans, c&rsquo;est tout logiquement qu&rsquo;il signe professionnel dans le grand club de la ville, Schalke 04. Apr\u00e8s deux saisons plut\u00f4t r\u00e9ussies, le joueur rejoint le Werder Br\u00eame, vice-champion d&rsquo;Allemagne et conna\u00eet les joies d&rsquo;un premier titre national avec la Coupe d&rsquo;Allemagne. La m\u00eame ann\u00e9e, il perd sa premi\u00e8re finale en Coupe de l&rsquo;UEFA face au Shakhtar Donetsk. Cette saison exceptionnelle lui permet d&rsquo;int\u00e9grer la Nationalmannschaft \u00e0 21 ans. Son ascension rapide le m\u00e8ne dans l&rsquo;un des plus grands clubs d&rsquo;Europe, le Real Madrid, o\u00f9 il d\u00e9barque en 2010. En trois saisons, il joue 159 matchs et marque 27 buts dans une \u00e9quipe compos\u00e9e notamment de Cristiano Ronaldo, Iker Casillas, Kak\u00e1 ou encore Xabi Alonso. Son palmar\u00e8s s&rsquo;enrichit d&rsquo;une Liga, d&rsquo;une Coupe du Roi et d&rsquo;une Supercoupe d&rsquo;Espagne. En 2013, il signe \u00e0 Arsenal o\u00f9 il va v\u00e9ritablement marquer les esprits \u00e0 l&rsquo;Emirates Stadium. L&rsquo;Allemand reste 8 ann\u00e9es \u00e0 Londres, parmi lesquelles il joue 254 rencontres et gl\u00e2ne 7 troph\u00e9es : 4 FA Cup et 3 Community Shield alors que le club n&rsquo;avait plus rien gagn\u00e9 depuis 2005. Il perd une nouvelle finale de Ligue Europa contre Chelsea en 2019. C&rsquo;est \u00e9galement \u00e0 cette p\u00e9riode qu&rsquo;il conna\u00eet sa plus grande victoire : la Coupe du Monde 2014. \u00d6zil est un titulaire indiscutable dans le milieu de terrain et marque m\u00eame un but contre l&rsquo;Alg\u00e9rie en 8e de finale. En s\u00e9lection, il aura fait trembler les filets \u00e0 23 reprises au total, pour 92 matchs disput\u00e9s. C&rsquo;est en Turquie qu&rsquo;il d\u00e9barque ensuite apr\u00e8s avoir quitt\u00e9 son club d&rsquo;adoption. Fenerbah\u00e7e l&rsquo;accueille pour une saison pendant laquelle l&rsquo;Allemand brille par son talent et son exp\u00e9rience. Les choses se compliquent \u00e0 partir de l&rsquo;\u00e9t\u00e9 2022 o\u00f9 le joueur rejoint l&rsquo;istanbul Basaksehir. \u00d6zil joue tr\u00e8s peu, bless\u00e9. Il retrouve petit \u00e0 petit les terrains en janvier 2023 mais pas pour longtemps. Absent de l&rsquo;entra\u00eenement, le joueur de 34 ans voit son contrat r\u00e9sili\u00e9 et la fin de sa carri\u00e8re se dessiner. Au total, Mesut \u00d6zil a particip\u00e9 \u00e0 711 matchs durant sa longue carri\u00e8re, clubs et s\u00e9lection confondus. Son empreinte dans le football restera marqu\u00e9e pour longtemps.\" \/>\n<meta property=\"og:url\" content=\"https:\/\/www.public.sn\/index.php\/2023\/03\/22\/mesut-ozil-met-un-terme-a-sa-carriere\/\" \/>\n<meta property=\"og:site_name\" content=\"LE PUBLIC\" \/>\n<meta property=\"article:published_time\" content=\"2023-03-22T16:03:39+00:00\" \/>\n<meta property=\"og:image\" content=\"https:\/\/www.public.sn\/wp-content\/uploads\/2023\/03\/Mesut-Ozil.jpg\" \/>\n\t<meta property=\"og:image:width\" content=\"1920\" \/>\n\t<meta property=\"og:image:height\" content=\"1080\" \/>\n\t<meta property=\"og:image:type\" content=\"image\/jpeg\" \/>\n<meta name=\"author\" content=\"LA REDACTION\" \/>\n<meta name=\"twitter:card\" content=\"summary_large_image\" \/>\n<meta name=\"twitter:label1\" content=\"\u00c9crit par\" \/>\n\t<meta name=\"twitter:data1\" content=\"LA REDACTION\" \/>\n\t<meta name=\"twitter:label2\" content=\"Dur\u00e9e de lecture estim\u00e9e\" \/>\n\t<meta name=\"twitter:data2\" content=\"3 minutes\" \/>\n<script type=\"application\/ld+json\" class=\"yoast-schema-graph\">{\"@context\":\"https:\/\/schema.org\",\"@graph\":[{\"@type\":\"Article\",\"@id\":\"https:\/\/www.public.sn\/index.php\/2023\/03\/22\/mesut-ozil-met-un-terme-a-sa-carriere\/#article\",\"isPartOf\":{\"@id\":\"https:\/\/www.public.sn\/index.php\/2023\/03\/22\/mesut-ozil-met-un-terme-a-sa-carriere\/\"},\"author\":{\"name\":\"LA REDACTION\",\"@id\":\"https:\/\/www.public.sn\/#\/schema\/person\/cb76c8e1b8becc6be61fb5e92d6d0224\"},\"headline\":\"Mesut Ozil met un terme \u00e0 sa carri\u00e8re\",\"datePublished\":\"2023-03-22T16:03:39+00:00\",\"mainEntityOfPage\":{\"@id\":\"https:\/\/www.public.sn\/index.php\/2023\/03\/22\/mesut-ozil-met-un-terme-a-sa-carriere\/\"},\"wordCount\":598,\"commentCount\":0,\"publisher\":{\"@id\":\"https:\/\/www.public.sn\/#organization\"},\"image\":{\"@id\":\"https:\/\/www.public.sn\/index.php\/2023\/03\/22\/mesut-ozil-met-un-terme-a-sa-carriere\/#primaryimage\"},\"thumbnailUrl\":\"https:\/\/www.public.sn\/wp-content\/uploads\/2023\/03\/Mesut-Ozil.jpg\",\"keywords\":[\"Football\",\"Mesut Ozil\",\"retraite\"],\"articleSection\":[\"ACTUALIT\u00c9S\",\"AFRIQUE &amp; MONDE\",\"FOOTBALL\",\"internationale\",\"SPORTS\",\"VEDETTE\"],\"inLanguage\":\"fr-FR\",\"potentialAction\":[{\"@type\":\"CommentAction\",\"name\":\"Comment\",\"target\":[\"https:\/\/www.public.sn\/index.php\/2023\/03\/22\/mesut-ozil-met-un-terme-a-sa-carriere\/#respond\"]}]},{\"@type\":\"WebPage\",\"@id\":\"https:\/\/www.public.sn\/index.php\/2023\/03\/22\/mesut-ozil-met-un-terme-a-sa-carriere\/\",\"url\":\"https:\/\/www.public.sn\/index.php\/2023\/03\/22\/mesut-ozil-met-un-terme-a-sa-carriere\/\",\"name\":\"Mesut Ozil met un terme \u00e0 sa carri\u00e8re - LE PUBLIC\",\"isPartOf\":{\"@id\":\"https:\/\/www.public.sn\/#website\"},\"primaryImageOfPage\":{\"@id\":\"https:\/\/www.public.sn\/index.php\/2023\/03\/22\/mesut-ozil-met-un-terme-a-sa-carriere\/#primaryimage\"},\"image\":{\"@id\":\"https:\/\/www.public.sn\/index.php\/2023\/03\/22\/mesut-ozil-met-un-terme-a-sa-carriere\/#primaryimage\"},\"thumbnailUrl\":\"https:\/\/www.public.sn\/wp-content\/uploads\/2023\/03\/Mesut-Ozil.jpg\",\"datePublished\":\"2023-03-22T16:03:39+00:00\",\"breadcrumb\":{\"@id\":\"https:\/\/www.public.sn\/index.php\/2023\/03\/22\/mesut-ozil-met-un-terme-a-sa-carriere\/#breadcrumb\"},\"inLanguage\":\"fr-FR\",\"potentialAction\":[{\"@type\":\"ReadAction\",\"target\":[\"https:\/\/www.public.sn\/index.php\/2023\/03\/22\/mesut-ozil-met-un-terme-a-sa-carriere\/\"]}]},{\"@type\":\"ImageObject\",\"inLanguage\":\"fr-FR\",\"@id\":\"https:\/\/www.public.sn\/index.php\/2023\/03\/22\/mesut-ozil-met-un-terme-a-sa-carriere\/#primaryimage\",\"url\":\"https:\/\/www.public.sn\/wp-content\/uploads\/2023\/03\/Mesut-Ozil.jpg\",\"contentUrl\":\"https:\/\/www.public.sn\/wp-content\/uploads\/2023\/03\/Mesut-Ozil.jpg\",\"width\":1920,\"height\":1080},{\"@type\":\"BreadcrumbList\",\"@id\":\"https:\/\/www.public.sn\/index.php\/2023\/03\/22\/mesut-ozil-met-un-terme-a-sa-carriere\/#breadcrumb\",\"itemListElement\":[{\"@type\":\"ListItem\",\"position\":1,\"name\":\"Accueil\",\"item\":\"https:\/\/www.public.sn\/\"},{\"@type\":\"ListItem\",\"position\":2,\"name\":\"Mesut Ozil met un terme \u00e0 sa carri\u00e8re\"}]},{\"@type\":\"WebSite\",\"@id\":\"https:\/\/www.public.sn\/#website\",\"url\":\"https:\/\/www.public.sn\/\",\"name\":\"LE PUBLIC\",\"description\":\"\",\"publisher\":{\"@id\":\"https:\/\/www.public.sn\/#organization\"},\"potentialAction\":[{\"@type\":\"SearchAction\",\"target\":{\"@type\":\"EntryPoint\",\"urlTemplate\":\"https:\/\/www.public.sn\/?s={search_term_string}\"},\"query-input\":{\"@type\":\"PropertyValueSpecification\",\"valueRequired\":true,\"valueName\":\"search_term_string\"}}],\"inLanguage\":\"fr-FR\"},{\"@type\":\"Organization\",\"@id\":\"https:\/\/www.public.sn\/#organization\",\"name\":\"LE PUBLIC\",\"url\":\"https:\/\/www.public.sn\/\",\"logo\":{\"@type\":\"ImageObject\",\"inLanguage\":\"fr-FR\",\"@id\":\"https:\/\/www.public.sn\/#\/schema\/logo\/image\/\",\"url\":\"https:\/\/www.public.sn\/wp-content\/uploads\/2024\/05\/cropped-LOGO-PUBLIC.SN_.png\",\"contentUrl\":\"https:\/\/www.public.sn\/wp-content\/uploads\/2024\/05\/cropped-LOGO-PUBLIC.SN_.png\",\"width\":682,\"height\":192,\"caption\":\"LE PUBLIC\"},\"image\":{\"@id\":\"https:\/\/www.public.sn\/#\/schema\/logo\/image\/\"}},{\"@type\":\"Person\",\"@id\":\"https:\/\/www.public.sn\/#\/schema\/person\/cb76c8e1b8becc6be61fb5e92d6d0224\",\"name\":\"LA REDACTION\",\"image\":{\"@type\":\"ImageObject\",\"inLanguage\":\"fr-FR\",\"@id\":\"https:\/\/www.public.sn\/#\/schema\/person\/image\/\",\"url\":\"https:\/\/secure.gravatar.com\/avatar\/2dce5ddd34b8fef0180efe03aa2a9bee7d953856048f9a16b298190a3178407c?s=96&d=mm&r=g\",\"contentUrl\":\"https:\/\/secure.gravatar.com\/avatar\/2dce5ddd34b8fef0180efe03aa2a9bee7d953856048f9a16b298190a3178407c?s=96&d=mm&r=g\",\"caption\":\"LA REDACTION\"},\"url\":\"https:\/\/www.public.sn\/index.php\/author\/editeurpsn\/\"}]}<\/script>\n<!-- \/ Yoast SEO plugin. -->","yoast_head_json":{"title":"Mesut Ozil met un terme \u00e0 sa carri\u00e8re - LE PUBLIC","robots":{"index":"index","follow":"follow","max-snippet":"max-snippet:-1","max-image-preview":"max-image-preview:large","max-video-preview":"max-video-preview:-1"},"canonical":"https:\/\/www.public.sn\/index.php\/2023\/03\/22\/mesut-ozil-met-un-terme-a-sa-carriere\/","og_locale":"fr_FR","og_type":"article","og_title":"Mesut Ozil met un terme \u00e0 sa carri\u00e8re - LE PUBLIC","og_description":"Le milieu de terrain allemand au palmar\u00e8s bien rempli quitte le monde du football apr\u00e8s 17 ann\u00e9es en tant que professionnel. Mesut \u00d6zil n&rsquo;avait presque pas jou\u00e9 cette saison avec son club turc de Basaksehir. Le football perd un tr\u00e8s grand joueur ce mercredi. Le milieu de terrain allemand Mesut \u00d6zil a annonc\u00e9 officiellement prendre sa retraite sportive apr\u00e8s un passage difficile en Turquie, du c\u00f4t\u00e9 de Basaksehir. Lui qui avait comme idole Zin\u00e9dine Zidane aura connu une longue carri\u00e8re de 17 ann\u00e9es en tant que professionnel. L&rsquo;ex-joueur de 34 ans a annonc\u00e9 la nouvelle sur ses r\u00e9seaux sociaux: \u00ab\u00a0Apr\u00e8s m\u00fbre r\u00e9flexion, j&rsquo;annonce prendre ma retraite imm\u00e9diate du football professionnel. J&rsquo;ai eu la chance d&rsquo;\u00eatre professionnel pendant 17 ans et je suis tellement reconnaissant d&rsquo;avoir pu avoir cette opportunit\u00e9.\u00a0\u00bb \u00ab\u00a0Ces derni\u00e8res semaines, j&rsquo;ai connu beaucoup de blessures. Cela a \u00e9t\u00e9 de plus en plus \u00e9vident qu&rsquo;il \u00e9tait temps d&rsquo;arr\u00eater, et quitter le monde du football. Le voyage a \u00e9t\u00e9 incroyable, j&rsquo;ai v\u00e9cu des moments et \u00e9motions inoubliables. Je veux remercier tous mes clubs &#8211; Schalke 04, Werder Br\u00eame, Real Madrid, Arsenal, Fenerbah\u00e7e, Basaksehir &#8211; et mes entra\u00eeneurs qui m&rsquo;ont soutenu, en plus de mes co\u00e9quipiers qui sont devenus des amis\u00a0\u00bb a ajout\u00e9 l&rsquo;Allemand. Issu d&rsquo;une famille turque, \u00d6zil na\u00eet et grandit en Allemagne \u00e0 Gelsenkirchen. \u00c0 l&rsquo;\u00e2ge de 18 ans, c&rsquo;est tout logiquement qu&rsquo;il signe professionnel dans le grand club de la ville, Schalke 04. Apr\u00e8s deux saisons plut\u00f4t r\u00e9ussies, le joueur rejoint le Werder Br\u00eame, vice-champion d&rsquo;Allemagne et conna\u00eet les joies d&rsquo;un premier titre national avec la Coupe d&rsquo;Allemagne. La m\u00eame ann\u00e9e, il perd sa premi\u00e8re finale en Coupe de l&rsquo;UEFA face au Shakhtar Donetsk. Cette saison exceptionnelle lui permet d&rsquo;int\u00e9grer la Nationalmannschaft \u00e0 21 ans. Son ascension rapide le m\u00e8ne dans l&rsquo;un des plus grands clubs d&rsquo;Europe, le Real Madrid, o\u00f9 il d\u00e9barque en 2010. En trois saisons, il joue 159 matchs et marque 27 buts dans une \u00e9quipe compos\u00e9e notamment de Cristiano Ronaldo, Iker Casillas, Kak\u00e1 ou encore Xabi Alonso. Son palmar\u00e8s s&rsquo;enrichit d&rsquo;une Liga, d&rsquo;une Coupe du Roi et d&rsquo;une Supercoupe d&rsquo;Espagne. En 2013, il signe \u00e0 Arsenal o\u00f9 il va v\u00e9ritablement marquer les esprits \u00e0 l&rsquo;Emirates Stadium. L&rsquo;Allemand reste 8 ann\u00e9es \u00e0 Londres, parmi lesquelles il joue 254 rencontres et gl\u00e2ne 7 troph\u00e9es : 4 FA Cup et 3 Community Shield alors que le club n&rsquo;avait plus rien gagn\u00e9 depuis 2005. Il perd une nouvelle finale de Ligue Europa contre Chelsea en 2019. C&rsquo;est \u00e9galement \u00e0 cette p\u00e9riode qu&rsquo;il conna\u00eet sa plus grande victoire : la Coupe du Monde 2014. \u00d6zil est un titulaire indiscutable dans le milieu de terrain et marque m\u00eame un but contre l&rsquo;Alg\u00e9rie en 8e de finale. En s\u00e9lection, il aura fait trembler les filets \u00e0 23 reprises au total, pour 92 matchs disput\u00e9s. C&rsquo;est en Turquie qu&rsquo;il d\u00e9barque ensuite apr\u00e8s avoir quitt\u00e9 son club d&rsquo;adoption. Fenerbah\u00e7e l&rsquo;accueille pour une saison pendant laquelle l&rsquo;Allemand brille par son talent et son exp\u00e9rience. Les choses se compliquent \u00e0 partir de l&rsquo;\u00e9t\u00e9 2022 o\u00f9 le joueur rejoint l&rsquo;istanbul Basaksehir. \u00d6zil joue tr\u00e8s peu, bless\u00e9. Il retrouve petit \u00e0 petit les terrains en janvier 2023 mais pas pour longtemps. Absent de l&rsquo;entra\u00eenement, le joueur de 34 ans voit son contrat r\u00e9sili\u00e9 et la fin de sa carri\u00e8re se dessiner. Au total, Mesut \u00d6zil a particip\u00e9 \u00e0 711 matchs durant sa longue carri\u00e8re, clubs et s\u00e9lection confondus. Son empreinte dans le football restera marqu\u00e9e pour longtemps.","og_url":"https:\/\/www.public.sn\/index.php\/2023\/03\/22\/mesut-ozil-met-un-terme-a-sa-carriere\/","og_site_name":"LE PUBLIC","article_published_time":"2023-03-22T16:03:39+00:00","og_image":[{"width":1920,"height":1080,"url":"https:\/\/www.public.sn\/wp-content\/uploads\/2023\/03\/Mesut-Ozil.jpg","type":"image\/jpeg"}],"author":"LA REDACTION","twitter_card":"summary_large_image","twitter_misc":{"\u00c9crit par":"LA REDACTION","Dur\u00e9e de lecture estim\u00e9e":"3 minutes"},"schema":{"@context":"https:\/\/schema.org","@graph":[{"@type":"Article","@id":"https:\/\/www.public.sn\/index.php\/2023\/03\/22\/mesut-ozil-met-un-terme-a-sa-carriere\/#article","isPartOf":{"@id":"https:\/\/www.public.sn\/index.php\/2023\/03\/22\/mesut-ozil-met-un-terme-a-sa-carriere\/"},"author":{"name":"LA REDACTION","@id":"https:\/\/www.public.sn\/#\/schema\/person\/cb76c8e1b8becc6be61fb5e92d6d0224"},"headline":"Mesut Ozil met un terme \u00e0 sa carri\u00e8re","datePublished":"2023-03-22T16:03:39+00:00","mainEntityOfPage":{"@id":"https:\/\/www.public.sn\/index.php\/2023\/03\/22\/mesut-ozil-met-un-terme-a-sa-carriere\/"},"wordCount":598,"commentCount":0,"publisher":{"@id":"https:\/\/www.public.sn\/#organization"},"image":{"@id":"https:\/\/www.public.sn\/index.php\/2023\/03\/22\/mesut-ozil-met-un-terme-a-sa-carriere\/#primaryimage"},"thumbnailUrl":"https:\/\/www.public.sn\/wp-content\/uploads\/2023\/03\/Mesut-Ozil.jpg","keywords":["Football","Mesut Ozil","retraite"],"articleSection":["ACTUALIT\u00c9S","AFRIQUE &amp; MONDE","FOOTBALL","internationale","SPORTS","VEDETTE"],"inLanguage":"fr-FR","potentialAction":[{"@type":"CommentAction","name":"Comment","target":["https:\/\/www.public.sn\/index.php\/2023\/03\/22\/mesut-ozil-met-un-terme-a-sa-carriere\/#respond"]}]},{"@type":"WebPage","@id":"https:\/\/www.public.sn\/index.php\/2023\/03\/22\/mesut-ozil-met-un-terme-a-sa-carriere\/","url":"https:\/\/www.public.sn\/index.php\/2023\/03\/22\/mesut-ozil-met-un-terme-a-sa-carriere\/","name":"Mesut Ozil met un terme \u00e0 sa carri\u00e8re - LE PUBLIC","isPartOf":{"@id":"https:\/\/www.public.sn\/#website"},"primaryImageOfPage":{"@id":"https:\/\/www.public.sn\/index.php\/2023\/03\/22\/mesut-ozil-met-un-terme-a-sa-carriere\/#primaryimage"},"image":{"@id":"https:\/\/www.public.sn\/index.php\/2023\/03\/22\/mesut-ozil-met-un-terme-a-sa-carriere\/#primaryimage"},"thumbnailUrl":"https:\/\/www.public.sn\/wp-content\/uploads\/2023\/03\/Mesut-Ozil.jpg","datePublished":"2023-03-22T16:03:39+00:00","breadcrumb":{"@id":"https:\/\/www.public.sn\/index.php\/2023\/03\/22\/mesut-ozil-met-un-terme-a-sa-carriere\/#breadcrumb"},"inLanguage":"fr-FR","potentialAction":[{"@type":"ReadAction","target":["https:\/\/www.public.sn\/index.php\/2023\/03\/22\/mesut-ozil-met-un-terme-a-sa-carriere\/"]}]},{"@type":"ImageObject","inLanguage":"fr-FR","@id":"https:\/\/www.public.sn\/index.php\/2023\/03\/22\/mesut-ozil-met-un-terme-a-sa-carriere\/#primaryimage","url":"https:\/\/www.public.sn\/wp-content\/uploads\/2023\/03\/Mesut-Ozil.jpg","contentUrl":"https:\/\/www.public.sn\/wp-content\/uploads\/2023\/03\/Mesut-Ozil.jpg","width":1920,"height":1080},{"@type":"BreadcrumbList","@id":"https:\/\/www.public.sn\/index.php\/2023\/03\/22\/mesut-ozil-met-un-terme-a-sa-carriere\/#breadcrumb","itemListElement":[{"@type":"ListItem","position":1,"name":"Accueil","item":"https:\/\/www.public.sn\/"},{"@type":"ListItem","position":2,"name":"Mesut Ozil met un terme \u00e0 sa carri\u00e8re"}]},{"@type":"WebSite","@id":"https:\/\/www.public.sn\/#website","url":"https:\/\/www.public.sn\/","name":"LE PUBLIC","description":"","publisher":{"@id":"https:\/\/www.public.sn\/#organization"},"potentialAction":[{"@type":"SearchAction","target":{"@type":"EntryPoint","urlTemplate":"https:\/\/www.public.sn\/?s={search_term_string}"},"query-input":{"@type":"PropertyValueSpecification","valueRequired":true,"valueName":"search_term_string"}}],"inLanguage":"fr-FR"},{"@type":"Organization","@id":"https:\/\/www.public.sn\/#organization","name":"LE PUBLIC","url":"https:\/\/www.public.sn\/","logo":{"@type":"ImageObject","inLanguage":"fr-FR","@id":"https:\/\/www.public.sn\/#\/schema\/logo\/image\/","url":"https:\/\/www.public.sn\/wp-content\/uploads\/2024\/05\/cropped-LOGO-PUBLIC.SN_.png","contentUrl":"https:\/\/www.public.sn\/wp-content\/uploads\/2024\/05\/cropped-LOGO-PUBLIC.SN_.png","width":682,"height":192,"caption":"LE PUBLIC"},"image":{"@id":"https:\/\/www.public.sn\/#\/schema\/logo\/image\/"}},{"@type":"Person","@id":"https:\/\/www.public.sn\/#\/schema\/person\/cb76c8e1b8becc6be61fb5e92d6d0224","name":"LA REDACTION","image":{"@type":"ImageObject","inLanguage":"fr-FR","@id":"https:\/\/www.public.sn\/#\/schema\/person\/image\/","url":"https:\/\/secure.gravatar.com\/avatar\/2dce5ddd34b8fef0180efe03aa2a9bee7d953856048f9a16b298190a3178407c?s=96&d=mm&r=g","contentUrl":"https:\/\/secure.gravatar.com\/avatar\/2dce5ddd34b8fef0180efe03aa2a9bee7d953856048f9a16b298190a3178407c?s=96&d=mm&r=g","caption":"LA REDACTION"},"url":"https:\/\/www.public.sn\/index.php\/author\/editeurpsn\/"}]}},"jetpack_featured_media_url":"https:\/\/www.public.sn\/wp-content\/uploads\/2023\/03\/Mesut-Ozil.jpg","jetpack_sharing_enabled":true,"_links":{"self":[{"href":"https:\/\/www.public.sn\/index.php\/wp-json\/wp\/v2\/posts\/18496","targetHints":{"allow":["GET"]}}],"collection":[{"href":"https:\/\/www.public.sn\/index.php\/wp-json\/wp\/v2\/posts"}],"about":[{"href":"https:\/\/www.public.sn\/index.php\/wp-json\/wp\/v2\/types\/post"}],"author":[{"embeddable":true,"href":"https:\/\/www.public.sn\/index.php\/wp-json\/wp\/v2\/users\/7"}],"replies":[{"embeddable":true,"href":"https:\/\/www.public.sn\/index.php\/wp-json\/wp\/v2\/comments?post=18496"}],"version-history":[{"count":1,"href":"https:\/\/www.public.sn\/index.php\/wp-json\/wp\/v2\/posts\/18496\/revisions"}],"predecessor-version":[{"id":18500,"href":"https:\/\/www.public.sn\/index.php\/wp-json\/wp\/v2\/posts\/18496\/revisions\/18500"}],"wp:featuredmedia":[{"embeddable":true,"href":"https:\/\/www.public.sn\/index.php\/wp-json\/wp\/v2\/media\/18499"}],"wp:attachment":[{"href":"https:\/\/www.public.sn\/index.php\/wp-json\/wp\/v2\/media?parent=18496"}],"wp:term":[{"taxonomy":"category","embeddable":true,"href":"https:\/\/www.public.sn\/index.php\/wp-json\/wp\/v2\/categories?post=18496"},{"taxonomy":"post_tag","embeddable":true,"href":"https:\/\/www.public.sn\/index.php\/wp-json\/wp\/v2\/tags?post=18496"}],"curies":[{"name":"wp","href":"https:\/\/api.w.org\/{rel}","templated":true}]}}