{"id":18510,"date":"2023-03-22T16:40:03","date_gmt":"2023-03-22T16:40:03","guid":{"rendered":"https:\/\/www.public.sn\/?p=18510"},"modified":"2023-03-22T16:40:03","modified_gmt":"2023-03-22T16:40:03","slug":"le-presume-nervi-meurtrier-de-gora-diop-arrete","status":"publish","type":"post","link":"https:\/\/www.public.sn\/index.php\/2023\/03\/22\/le-presume-nervi-meurtrier-de-gora-diop-arrete\/","title":{"rendered":"Le pr\u00e9sum\u00e9 nervi meurtrier de Gora Diop arr\u00eat\u00e9"},"content":{"rendered":"<p><strong>La police aurait fait tomber un individu d\u00e9crit comme un nervi et impliqu\u00e9 dans l\u2019affaire Gora Diop, du nom de ce jeune qui a \u00e9t\u00e9 mortellement heurt\u00e9 lors des manifestations du 16 mars dernier par un v\u00e9hicule pick-up rempli de gros bras. Le pr\u00e9tendu nervi serait plac\u00e9 en garde \u00e0 vue dans les locaux de la police des Parcelles-Assainies pour homicide involontaire, participation \u00e0 une manifestation non autoris\u00e9e et mise en danger de la vie d\u2019autrui.<\/strong><\/p><div class=\"publi-paragraphe1\" style=\"margin-top: 10px;margin-bottom: 10px;margin-left: auto;margin-right: auto;text-align: center;\" id=\"publi-4072725725\"><div class=\"publi-adlabel\">Publicit\u00e9<\/div><script async src=\"\/\/pagead2.googlesyndication.com\/pagead\/js\/adsbygoogle.js?client=ca-pub-4089586018074219\" crossorigin=\"anonymous\"><\/script><ins class=\"adsbygoogle\" style=\"display:block;\" data-ad-client=\"ca-pub-4089586018074219\" \ndata-ad-slot=\"2087940154\" \ndata-ad-format=\"auto\"><\/ins>\n<script> \n(adsbygoogle = window.adsbygoogle || []).push({}); \n<\/script>\n<\/div>\n<div class=\"dbe dbe-post-middle dbe-float-center dbe-align-center dbe-column-1 dbe-clearfix no-bg-box-model\">\n<div id=\"dbe-3576-2100903601\" class=\"dbe-container dbe-type-code \" data-adid=\"3576\" data-type=\"code\">\n<div id=\"dbe-3576-2100903601-place\"><\/div>\n<\/div>\n<\/div>\n<p>Le T\u00e9moin aimerait bien que le Proc fasse poursuivre l\u2019enqu\u00eate pour trouver l\u2019employeur de ce criminel. C\u2019est devenu courant de voir des nervis op\u00e9rer avec les forces de d\u00e9fense. Et ils sont toujours dans des v\u00e9hicules pick-up.<\/p>\n<div class=\"publi-apres-le-contenu\" style=\"margin-top: 10px;margin-bottom: 10px;margin-left: auto;margin-right: auto;text-align: center;\" id=\"publi-2917616057\"><div class=\"publi-adlabel\">Publicit\u00e9<\/div><script async src=\"\/\/pagead2.googlesyndication.com\/pagead\/js\/adsbygoogle.js?client=ca-pub-4089586018074219\" crossorigin=\"anonymous\"><\/script><ins class=\"adsbygoogle\" style=\"display:block;\" data-ad-client=\"ca-pub-4089586018074219\" \ndata-ad-slot=\"2087940154\" \ndata-ad-format=\"auto\"><\/ins>\n<script> \n(adsbygoogle = window.adsbygoogle || []).push({}); \n<\/script>\n<\/div>","protected":false},"excerpt":{"rendered":"<p>La police aurait fait tomber un individu d\u00e9crit comme un nervi et impliqu\u00e9 dans l\u2019affaire Gora Diop, du nom de ce jeune qui a \u00e9t\u00e9 mortellement heurt\u00e9 lors des manifestations du 16 mars dernier par un v\u00e9hicule pick-up rempli de gros bras. Le pr\u00e9tendu nervi serait plac\u00e9 en garde \u00e0 vue dans les locaux de la police des Parcelles-Assainies pour homicide involontaire, participation \u00e0 une manifestation non autoris\u00e9e et mise en danger de la vie d\u2019autrui. Le T\u00e9moin aimerait bien que le Proc fasse poursuivre l\u2019enqu\u00eate pour trouver l\u2019employeur de ce criminel. C\u2019est devenu courant de voir des nervis op\u00e9rer avec les forces de d\u00e9fense. Et ils sont toujours dans des v\u00e9hicules pick-up.<\/p>\n","protected":false},"author":7,"featured_media":18511,"comment_status":"open","ping_status":"open","sticky":false,"template":"","format":"standard","meta":{"_jetpack_memberships_contains_paid_content":false,"footnotes":""},"categories":[375,379,3724,4353,3,376,1,4,372],"tags":[1473,4877,3475,4876],"class_list":["post-18510","post","type-post","status-publish","format-standard","has-post-thumbnail","hentry","category-actualites","category-faits-divers","category-justice","category-manifestations","category-politique","category-securite-justice","category-non-classe","category-societe","category-vedette","tag-arrestation","tag-gora-diop","tag-meurtrier","tag-nervis","entry","has-media","owp-thumbs-layout-horizontal","owp-btn-normal","owp-tabs-layout-horizontal","has-no-thumbnails","has-product-nav"],"yoast_head":"<!-- This site is optimized with the Yoast SEO plugin v25.5 - https:\/\/yoast.com\/wordpress\/plugins\/seo\/ -->\n<title>Le pr\u00e9sum\u00e9 nervi meurtrier de Gora Diop arr\u00eat\u00e9 - LE PUBLIC<\/title>\n<meta name=\"robots\" content=\"index, follow, max-snippet:-1, max-image-preview:large, max-video-preview:-1\" \/>\n<link rel=\"canonical\" href=\"https:\/\/www.public.sn\/index.php\/2023\/03\/22\/le-presume-nervi-meurtrier-de-gora-diop-arrete\/\" \/>\n<meta property=\"og:locale\" content=\"fr_FR\" \/>\n<meta property=\"og:type\" content=\"article\" \/>\n<meta property=\"og:title\" content=\"Le pr\u00e9sum\u00e9 nervi meurtrier de Gora Diop arr\u00eat\u00e9 - LE PUBLIC\" \/>\n<meta property=\"og:description\" content=\"La police aurait fait tomber un individu d\u00e9crit comme un nervi et impliqu\u00e9 dans l\u2019affaire Gora Diop, du nom de ce jeune qui a \u00e9t\u00e9 mortellement heurt\u00e9 lors des manifestations du 16 mars dernier par un v\u00e9hicule pick-up rempli de gros bras. Le pr\u00e9tendu nervi serait plac\u00e9 en garde \u00e0 vue dans les locaux de la police des Parcelles-Assainies pour homicide involontaire, participation \u00e0 une manifestation non autoris\u00e9e et mise en danger de la vie d\u2019autrui. Le T\u00e9moin aimerait bien que le Proc fasse poursuivre l\u2019enqu\u00eate pour trouver l\u2019employeur de ce criminel. C\u2019est devenu courant de voir des nervis op\u00e9rer avec les forces de d\u00e9fense. Et ils sont toujours dans des v\u00e9hicules pick-up.\" \/>\n<meta property=\"og:url\" content=\"https:\/\/www.public.sn\/index.php\/2023\/03\/22\/le-presume-nervi-meurtrier-de-gora-diop-arrete\/\" \/>\n<meta property=\"og:site_name\" content=\"LE PUBLIC\" \/>\n<meta property=\"article:published_time\" content=\"2023-03-22T16:40:03+00:00\" \/>\n<meta property=\"og:image\" content=\"https:\/\/www.public.sn\/wp-content\/uploads\/2023\/03\/Le-presume-nervi-meurtrier-de-Gora-Diop-arrete.jpg\" \/>\n\t<meta property=\"og:image:width\" content=\"614\" \/>\n\t<meta property=\"og:image:height\" content=\"407\" \/>\n\t<meta property=\"og:image:type\" content=\"image\/jpeg\" \/>\n<meta name=\"author\" content=\"LA REDACTION\" \/>\n<meta name=\"twitter:card\" content=\"summary_large_image\" \/>\n<meta name=\"twitter:label1\" content=\"\u00c9crit par\" \/>\n\t<meta name=\"twitter:data1\" content=\"LA REDACTION\" \/>\n\t<meta name=\"twitter:label2\" content=\"Dur\u00e9e de lecture estim\u00e9e\" \/>\n\t<meta name=\"twitter:data2\" content=\"1 minute\" \/>\n<script type=\"application\/ld+json\" class=\"yoast-schema-graph\">{\"@context\":\"https:\/\/schema.org\",\"@graph\":[{\"@type\":\"Article\",\"@id\":\"https:\/\/www.public.sn\/index.php\/2023\/03\/22\/le-presume-nervi-meurtrier-de-gora-diop-arrete\/#article\",\"isPartOf\":{\"@id\":\"https:\/\/www.public.sn\/index.php\/2023\/03\/22\/le-presume-nervi-meurtrier-de-gora-diop-arrete\/\"},\"author\":{\"name\":\"LA REDACTION\",\"@id\":\"https:\/\/www.public.sn\/#\/schema\/person\/cb76c8e1b8becc6be61fb5e92d6d0224\"},\"headline\":\"Le pr\u00e9sum\u00e9 nervi meurtrier de Gora Diop arr\u00eat\u00e9\",\"datePublished\":\"2023-03-22T16:40:03+00:00\",\"mainEntityOfPage\":{\"@id\":\"https:\/\/www.public.sn\/index.php\/2023\/03\/22\/le-presume-nervi-meurtrier-de-gora-diop-arrete\/\"},\"wordCount\":134,\"commentCount\":0,\"publisher\":{\"@id\":\"https:\/\/www.public.sn\/#organization\"},\"image\":{\"@id\":\"https:\/\/www.public.sn\/index.php\/2023\/03\/22\/le-presume-nervi-meurtrier-de-gora-diop-arrete\/#primaryimage\"},\"thumbnailUrl\":\"https:\/\/www.public.sn\/wp-content\/uploads\/2023\/03\/Le-presume-nervi-meurtrier-de-Gora-Diop-arrete.jpg\",\"keywords\":[\"arrestation\",\"Gora Diop\",\"meurtrier\",\"Nervis\"],\"articleSection\":[\"ACTUALIT\u00c9S\",\"FAITS DIVERS\",\"justice\",\"MANIFESTATIONS\",\"POLITIQUE\",\"S\u00c9CURIT\u00c9 &amp; JUSTICE\",\"S\u00c9N\u00c9GAL\",\"SOCIETE\",\"VEDETTE\"],\"inLanguage\":\"fr-FR\",\"potentialAction\":[{\"@type\":\"CommentAction\",\"name\":\"Comment\",\"target\":[\"https:\/\/www.public.sn\/index.php\/2023\/03\/22\/le-presume-nervi-meurtrier-de-gora-diop-arrete\/#respond\"]}]},{\"@type\":\"WebPage\",\"@id\":\"https:\/\/www.public.sn\/index.php\/2023\/03\/22\/le-presume-nervi-meurtrier-de-gora-diop-arrete\/\",\"url\":\"https:\/\/www.public.sn\/index.php\/2023\/03\/22\/le-presume-nervi-meurtrier-de-gora-diop-arrete\/\",\"name\":\"Le pr\u00e9sum\u00e9 nervi meurtrier de Gora Diop arr\u00eat\u00e9 - LE PUBLIC\",\"isPartOf\":{\"@id\":\"https:\/\/www.public.sn\/#website\"},\"primaryImageOfPage\":{\"@id\":\"https:\/\/www.public.sn\/index.php\/2023\/03\/22\/le-presume-nervi-meurtrier-de-gora-diop-arrete\/#primaryimage\"},\"image\":{\"@id\":\"https:\/\/www.public.sn\/index.php\/2023\/03\/22\/le-presume-nervi-meurtrier-de-gora-diop-arrete\/#primaryimage\"},\"thumbnailUrl\":\"https:\/\/www.public.sn\/wp-content\/uploads\/2023\/03\/Le-presume-nervi-meurtrier-de-Gora-Diop-arrete.jpg\",\"datePublished\":\"2023-03-22T16:40:03+00:00\",\"breadcrumb\":{\"@id\":\"https:\/\/www.public.sn\/index.php\/2023\/03\/22\/le-presume-nervi-meurtrier-de-gora-diop-arrete\/#breadcrumb\"},\"inLanguage\":\"fr-FR\",\"potentialAction\":[{\"@type\":\"ReadAction\",\"target\":[\"https:\/\/www.public.sn\/index.php\/2023\/03\/22\/le-presume-nervi-meurtrier-de-gora-diop-arrete\/\"]}]},{\"@type\":\"ImageObject\",\"inLanguage\":\"fr-FR\",\"@id\":\"https:\/\/www.public.sn\/index.php\/2023\/03\/22\/le-presume-nervi-meurtrier-de-gora-diop-arrete\/#primaryimage\",\"url\":\"https:\/\/www.public.sn\/wp-content\/uploads\/2023\/03\/Le-presume-nervi-meurtrier-de-Gora-Diop-arrete.jpg\",\"contentUrl\":\"https:\/\/www.public.sn\/wp-content\/uploads\/2023\/03\/Le-presume-nervi-meurtrier-de-Gora-Diop-arrete.jpg\",\"width\":614,\"height\":407},{\"@type\":\"BreadcrumbList\",\"@id\":\"https:\/\/www.public.sn\/index.php\/2023\/03\/22\/le-presume-nervi-meurtrier-de-gora-diop-arrete\/#breadcrumb\",\"itemListElement\":[{\"@type\":\"ListItem\",\"position\":1,\"name\":\"Accueil\",\"item\":\"https:\/\/www.public.sn\/\"},{\"@type\":\"ListItem\",\"position\":2,\"name\":\"Le pr\u00e9sum\u00e9 nervi meurtrier de Gora Diop arr\u00eat\u00e9\"}]},{\"@type\":\"WebSite\",\"@id\":\"https:\/\/www.public.sn\/#website\",\"url\":\"https:\/\/www.public.sn\/\",\"name\":\"LE PUBLIC\",\"description\":\"\",\"publisher\":{\"@id\":\"https:\/\/www.public.sn\/#organization\"},\"potentialAction\":[{\"@type\":\"SearchAction\",\"target\":{\"@type\":\"EntryPoint\",\"urlTemplate\":\"https:\/\/www.public.sn\/?s={search_term_string}\"},\"query-input\":{\"@type\":\"PropertyValueSpecification\",\"valueRequired\":true,\"valueName\":\"search_term_string\"}}],\"inLanguage\":\"fr-FR\"},{\"@type\":\"Organization\",\"@id\":\"https:\/\/www.public.sn\/#organization\",\"name\":\"LE PUBLIC\",\"url\":\"https:\/\/www.public.sn\/\",\"logo\":{\"@type\":\"ImageObject\",\"inLanguage\":\"fr-FR\",\"@id\":\"https:\/\/www.public.sn\/#\/schema\/logo\/image\/\",\"url\":\"https:\/\/www.public.sn\/wp-content\/uploads\/2024\/05\/cropped-LOGO-PUBLIC.SN_.png\",\"contentUrl\":\"https:\/\/www.public.sn\/wp-content\/uploads\/2024\/05\/cropped-LOGO-PUBLIC.SN_.png\",\"width\":682,\"height\":192,\"caption\":\"LE PUBLIC\"},\"image\":{\"@id\":\"https:\/\/www.public.sn\/#\/schema\/logo\/image\/\"}},{\"@type\":\"Person\",\"@id\":\"https:\/\/www.public.sn\/#\/schema\/person\/cb76c8e1b8becc6be61fb5e92d6d0224\",\"name\":\"LA REDACTION\",\"image\":{\"@type\":\"ImageObject\",\"inLanguage\":\"fr-FR\",\"@id\":\"https:\/\/www.public.sn\/#\/schema\/person\/image\/\",\"url\":\"https:\/\/secure.gravatar.com\/avatar\/2dce5ddd34b8fef0180efe03aa2a9bee7d953856048f9a16b298190a3178407c?s=96&d=mm&r=g\",\"contentUrl\":\"https:\/\/secure.gravatar.com\/avatar\/2dce5ddd34b8fef0180efe03aa2a9bee7d953856048f9a16b298190a3178407c?s=96&d=mm&r=g\",\"caption\":\"LA REDACTION\"},\"url\":\"https:\/\/www.public.sn\/index.php\/author\/editeurpsn\/\"}]}<\/script>\n<!-- \/ Yoast SEO plugin. -->","yoast_head_json":{"title":"Le pr\u00e9sum\u00e9 nervi meurtrier de Gora Diop arr\u00eat\u00e9 - LE PUBLIC","robots":{"index":"index","follow":"follow","max-snippet":"max-snippet:-1","max-image-preview":"max-image-preview:large","max-video-preview":"max-video-preview:-1"},"canonical":"https:\/\/www.public.sn\/index.php\/2023\/03\/22\/le-presume-nervi-meurtrier-de-gora-diop-arrete\/","og_locale":"fr_FR","og_type":"article","og_title":"Le pr\u00e9sum\u00e9 nervi meurtrier de Gora Diop arr\u00eat\u00e9 - LE PUBLIC","og_description":"La police aurait fait tomber un individu d\u00e9crit comme un nervi et impliqu\u00e9 dans l\u2019affaire Gora Diop, du nom de ce jeune qui a \u00e9t\u00e9 mortellement heurt\u00e9 lors des manifestations du 16 mars dernier par un v\u00e9hicule pick-up rempli de gros bras. Le pr\u00e9tendu nervi serait plac\u00e9 en garde \u00e0 vue dans les locaux de la police des Parcelles-Assainies pour homicide involontaire, participation \u00e0 une manifestation non autoris\u00e9e et mise en danger de la vie d\u2019autrui. Le T\u00e9moin aimerait bien que le Proc fasse poursuivre l\u2019enqu\u00eate pour trouver l\u2019employeur de ce criminel. C\u2019est devenu courant de voir des nervis op\u00e9rer avec les forces de d\u00e9fense. Et ils sont toujours dans des v\u00e9hicules pick-up.","og_url":"https:\/\/www.public.sn\/index.php\/2023\/03\/22\/le-presume-nervi-meurtrier-de-gora-diop-arrete\/","og_site_name":"LE PUBLIC","article_published_time":"2023-03-22T16:40:03+00:00","og_image":[{"width":614,"height":407,"url":"https:\/\/www.public.sn\/wp-content\/uploads\/2023\/03\/Le-presume-nervi-meurtrier-de-Gora-Diop-arrete.jpg","type":"image\/jpeg"}],"author":"LA REDACTION","twitter_card":"summary_large_image","twitter_misc":{"\u00c9crit par":"LA REDACTION","Dur\u00e9e de lecture estim\u00e9e":"1 minute"},"schema":{"@context":"https:\/\/schema.org","@graph":[{"@type":"Article","@id":"https:\/\/www.public.sn\/index.php\/2023\/03\/22\/le-presume-nervi-meurtrier-de-gora-diop-arrete\/#article","isPartOf":{"@id":"https:\/\/www.public.sn\/index.php\/2023\/03\/22\/le-presume-nervi-meurtrier-de-gora-diop-arrete\/"},"author":{"name":"LA REDACTION","@id":"https:\/\/www.public.sn\/#\/schema\/person\/cb76c8e1b8becc6be61fb5e92d6d0224"},"headline":"Le pr\u00e9sum\u00e9 nervi meurtrier de Gora Diop arr\u00eat\u00e9","datePublished":"2023-03-22T16:40:03+00:00","mainEntityOfPage":{"@id":"https:\/\/www.public.sn\/index.php\/2023\/03\/22\/le-presume-nervi-meurtrier-de-gora-diop-arrete\/"},"wordCount":134,"commentCount":0,"publisher":{"@id":"https:\/\/www.public.sn\/#organization"},"image":{"@id":"https:\/\/www.public.sn\/index.php\/2023\/03\/22\/le-presume-nervi-meurtrier-de-gora-diop-arrete\/#primaryimage"},"thumbnailUrl":"https:\/\/www.public.sn\/wp-content\/uploads\/2023\/03\/Le-presume-nervi-meurtrier-de-Gora-Diop-arrete.jpg","keywords":["arrestation","Gora Diop","meurtrier","Nervis"],"articleSection":["ACTUALIT\u00c9S","FAITS DIVERS","justice","MANIFESTATIONS","POLITIQUE","S\u00c9CURIT\u00c9 &amp; JUSTICE","S\u00c9N\u00c9GAL","SOCIETE","VEDETTE"],"inLanguage":"fr-FR","potentialAction":[{"@type":"CommentAction","name":"Comment","target":["https:\/\/www.public.sn\/index.php\/2023\/03\/22\/le-presume-nervi-meurtrier-de-gora-diop-arrete\/#respond"]}]},{"@type":"WebPage","@id":"https:\/\/www.public.sn\/index.php\/2023\/03\/22\/le-presume-nervi-meurtrier-de-gora-diop-arrete\/","url":"https:\/\/www.public.sn\/index.php\/2023\/03\/22\/le-presume-nervi-meurtrier-de-gora-diop-arrete\/","name":"Le pr\u00e9sum\u00e9 nervi meurtrier de Gora Diop arr\u00eat\u00e9 - LE PUBLIC","isPartOf":{"@id":"https:\/\/www.public.sn\/#website"},"primaryImageOfPage":{"@id":"https:\/\/www.public.sn\/index.php\/2023\/03\/22\/le-presume-nervi-meurtrier-de-gora-diop-arrete\/#primaryimage"},"image":{"@id":"https:\/\/www.public.sn\/index.php\/2023\/03\/22\/le-presume-nervi-meurtrier-de-gora-diop-arrete\/#primaryimage"},"thumbnailUrl":"https:\/\/www.public.sn\/wp-content\/uploads\/2023\/03\/Le-presume-nervi-meurtrier-de-Gora-Diop-arrete.jpg","datePublished":"2023-03-22T16:40:03+00:00","breadcrumb":{"@id":"https:\/\/www.public.sn\/index.php\/2023\/03\/22\/le-presume-nervi-meurtrier-de-gora-diop-arrete\/#breadcrumb"},"inLanguage":"fr-FR","potentialAction":[{"@type":"ReadAction","target":["https:\/\/www.public.sn\/index.php\/2023\/03\/22\/le-presume-nervi-meurtrier-de-gora-diop-arrete\/"]}]},{"@type":"ImageObject","inLanguage":"fr-FR","@id":"https:\/\/www.public.sn\/index.php\/2023\/03\/22\/le-presume-nervi-meurtrier-de-gora-diop-arrete\/#primaryimage","url":"https:\/\/www.public.sn\/wp-content\/uploads\/2023\/03\/Le-presume-nervi-meurtrier-de-Gora-Diop-arrete.jpg","contentUrl":"https:\/\/www.public.sn\/wp-content\/uploads\/2023\/03\/Le-presume-nervi-meurtrier-de-Gora-Diop-arrete.jpg","width":614,"height":407},{"@type":"BreadcrumbList","@id":"https:\/\/www.public.sn\/index.php\/2023\/03\/22\/le-presume-nervi-meurtrier-de-gora-diop-arrete\/#breadcrumb","itemListElement":[{"@type":"ListItem","position":1,"name":"Accueil","item":"https:\/\/www.public.sn\/"},{"@type":"ListItem","position":2,"name":"Le pr\u00e9sum\u00e9 nervi meurtrier de Gora Diop arr\u00eat\u00e9"}]},{"@type":"WebSite","@id":"https:\/\/www.public.sn\/#website","url":"https:\/\/www.public.sn\/","name":"LE PUBLIC","description":"","publisher":{"@id":"https:\/\/www.public.sn\/#organization"},"potentialAction":[{"@type":"SearchAction","target":{"@type":"EntryPoint","urlTemplate":"https:\/\/www.public.sn\/?s={search_term_string}"},"query-input":{"@type":"PropertyValueSpecification","valueRequired":true,"valueName":"search_term_string"}}],"inLanguage":"fr-FR"},{"@type":"Organization","@id":"https:\/\/www.public.sn\/#organization","name":"LE PUBLIC","url":"https:\/\/www.public.sn\/","logo":{"@type":"ImageObject","inLanguage":"fr-FR","@id":"https:\/\/www.public.sn\/#\/schema\/logo\/image\/","url":"https:\/\/www.public.sn\/wp-content\/uploads\/2024\/05\/cropped-LOGO-PUBLIC.SN_.png","contentUrl":"https:\/\/www.public.sn\/wp-content\/uploads\/2024\/05\/cropped-LOGO-PUBLIC.SN_.png","width":682,"height":192,"caption":"LE PUBLIC"},"image":{"@id":"https:\/\/www.public.sn\/#\/schema\/logo\/image\/"}},{"@type":"Person","@id":"https:\/\/www.public.sn\/#\/schema\/person\/cb76c8e1b8becc6be61fb5e92d6d0224","name":"LA REDACTION","image":{"@type":"ImageObject","inLanguage":"fr-FR","@id":"https:\/\/www.public.sn\/#\/schema\/person\/image\/","url":"https:\/\/secure.gravatar.com\/avatar\/2dce5ddd34b8fef0180efe03aa2a9bee7d953856048f9a16b298190a3178407c?s=96&d=mm&r=g","contentUrl":"https:\/\/secure.gravatar.com\/avatar\/2dce5ddd34b8fef0180efe03aa2a9bee7d953856048f9a16b298190a3178407c?s=96&d=mm&r=g","caption":"LA REDACTION"},"url":"https:\/\/www.public.sn\/index.php\/author\/editeurpsn\/"}]}},"jetpack_featured_media_url":"https:\/\/www.public.sn\/wp-content\/uploads\/2023\/03\/Le-presume-nervi-meurtrier-de-Gora-Diop-arrete.jpg","jetpack_sharing_enabled":true,"_links":{"self":[{"href":"https:\/\/www.public.sn\/index.php\/wp-json\/wp\/v2\/posts\/18510","targetHints":{"allow":["GET"]}}],"collection":[{"href":"https:\/\/www.public.sn\/index.php\/wp-json\/wp\/v2\/posts"}],"about":[{"href":"https:\/\/www.public.sn\/index.php\/wp-json\/wp\/v2\/types\/post"}],"author":[{"embeddable":true,"href":"https:\/\/www.public.sn\/index.php\/wp-json\/wp\/v2\/users\/7"}],"replies":[{"embeddable":true,"href":"https:\/\/www.public.sn\/index.php\/wp-json\/wp\/v2\/comments?post=18510"}],"version-history":[{"count":1,"href":"https:\/\/www.public.sn\/index.php\/wp-json\/wp\/v2\/posts\/18510\/revisions"}],"predecessor-version":[{"id":18512,"href":"https:\/\/www.public.sn\/index.php\/wp-json\/wp\/v2\/posts\/18510\/revisions\/18512"}],"wp:featuredmedia":[{"embeddable":true,"href":"https:\/\/www.public.sn\/index.php\/wp-json\/wp\/v2\/media\/18511"}],"wp:attachment":[{"href":"https:\/\/www.public.sn\/index.php\/wp-json\/wp\/v2\/media?parent=18510"}],"wp:term":[{"taxonomy":"category","embeddable":true,"href":"https:\/\/www.public.sn\/index.php\/wp-json\/wp\/v2\/categories?post=18510"},{"taxonomy":"post_tag","embeddable":true,"href":"https:\/\/www.public.sn\/index.php\/wp-json\/wp\/v2\/tags?post=18510"}],"curies":[{"name":"wp","href":"https:\/\/api.w.org\/{rel}","templated":true}]}}