{"id":18516,"date":"2023-03-22T17:09:58","date_gmt":"2023-03-22T17:09:58","guid":{"rendered":"https:\/\/www.public.sn\/?p=18516"},"modified":"2023-03-22T17:09:58","modified_gmt":"2023-03-22T17:09:58","slug":"guy-marius-sagna-larrestation-de-dr-babacar-niang-montre-que-la-sante-et-la-vie-de-sonko-sont","status":"publish","type":"post","link":"https:\/\/www.public.sn\/index.php\/2023\/03\/22\/guy-marius-sagna-larrestation-de-dr-babacar-niang-montre-que-la-sante-et-la-vie-de-sonko-sont\/","title":{"rendered":"Guy Marius Sagna : \u00ab L\u2019arrestation de Dr Babacar Niang montre que la sant\u00e9 et la vie de Sonko sont\u2026 \u00bb"},"content":{"rendered":"<p><strong>\u00ab L\u2019arrestation du directeur de SUMA ASSISTANCE, Dr Babacar NIANG, montre que la sant\u00e9 et la vie de Ousmane Sonko sont devenues un enjeu pour Macky le laquais de l\u2019imp\u00e9rialisme en Afrique \u00bb, c\u2019est du moins ce que d\u00e9clare Guy Marius Sagna qui a jug\u00e9 n\u00e9cessaire de recadrer ceux qui pensent que la maladie du leader du Pastef Ousmane Sonko est tout simplement imaginaire.<\/strong><\/p><div class=\"publi-paragraphe1\" style=\"margin-top: 10px;margin-bottom: 10px;margin-left: auto;margin-right: auto;text-align: center;\" id=\"publi-1299433430\"><div class=\"publi-adlabel\">Publicit\u00e9<\/div><script async src=\"\/\/pagead2.googlesyndication.com\/pagead\/js\/adsbygoogle.js?client=ca-pub-4089586018074219\" crossorigin=\"anonymous\"><\/script><ins class=\"adsbygoogle\" style=\"display:block;\" data-ad-client=\"ca-pub-4089586018074219\" \ndata-ad-slot=\"2087940154\" \ndata-ad-format=\"auto\"><\/ins>\n<script> \n(adsbygoogle = window.adsbygoogle || []).push({}); \n<\/script>\n<\/div>\n<p>Voici l\u2019int\u00e9gralit\u00e9 de sa publication !<\/p>\n<p>\u00ab Je suis plus jeune que Sonko et j\u2019ai plus de r\u00e9serve que lui. Je ne suis pas asthmatique comme lui et je suis beaucoup moins sollicit\u00e9 que lui qui depuis la naissance de PASTEF est victime tous les jours d\u2019une nouvelle cabale politique. Mais je peux vous dire que j\u2019ai souffert physiquement des \u00e9v\u00e8nements de la semaine derni\u00e8re. J\u2019imagine alors ce que lui Sonko a du endurer physiquement. Il n\u2019y a alors pire sornettes que de vouloir faire passer Sonko pour un malade imaginaire.<\/p>\n<p>L\u2019arrestation du directeur de SUMA ASSISTANCE, Dr Babacar NIANG, montre que la sant\u00e9 et la vie de Ousmane Sonko sont devenues un enjeu pour Macky le laquais de l\u2019imp\u00e9rialisme en Afrique.<\/p>\n<p>Les malades imaginaires sont ce nervi dont la grossesse dure depuis plus de 27 mois et cet autre nervi aussi dont la grossesse mont\u00e9e de toute pi\u00e8ce a servi \u00e0 emprisonner arbitrairement les d\u00e9put\u00e9s Massata et Mamadou.<\/p>\n<p>Oui, je sais, le courage politique et physique de Ousmane Sonko est exceptionnel. Rien \u00e0 voir avec le pleureur dans la cour du khalife g\u00e9n\u00e9ral avant 2012 Et je comprends qu\u2019apr\u00e8s ce qu\u2019a subi Sonko la semaine derni\u00e8re vous soyez \u00e9tonn\u00e9s.<\/p>\n<p>Oui, il y une chose imaginaire dont nous devons nous occuper urgemment : l\u2019ind\u00e9pendance imaginaire du S\u00e9n\u00e9gal et de l\u2019Afrique. Avec ce r\u00e9sistant politique d\u2019une rare r\u00e9sistance physique qu\u2019est Ousmane Sonko nous allons ouvrir une nouvelle page en 2024 oppos\u00e9e \u00e0 l\u2019ind\u00e9pendance imaginaire. Macky \u2013 pr\u00e9sident imaginaire \u2013 vous n\u2019\u00eates qu\u2019un commis de l\u2019imp\u00e9rialisme \u2013 par ici la porte. 2024 c\u2019est fini pour vous.<\/p>\n<p>Nous ne vous confierons pas la sant\u00e9 \u2013 c\u2019est \u00e0 dire la vie \u2013 du 5e pr\u00e9sident du S\u00e9n\u00e9gal, de 17 millions d\u2019Africains, de la 2e \u00e9conomie de l\u2019UEMOA (aucune fiert\u00e9 d\u2019appartenir \u00e0 ce machin des fran\u00e7ais).<br \/>\nNous ne vous confierons pas la vie du 5e pr\u00e9sident du pays qui va rejoindre le Mali et le Burkina en Afrique de l\u2019Ouest pour le parach\u00e8vement de la 2e phase de d\u00e9colonisation de l\u2019Afrique.<br \/>\nNous ne confierons jamais la vie du 5e pr\u00e9sident du S\u00e9n\u00e9gal \u00e0 l\u2019\u00c9tat voyou et semicolonial du S\u00e9n\u00e9gal qui arr\u00eate ill\u00e9galement, emprisonne arbitrairement, torture et assassine.<\/p>\n<p>Le corps de Sonko ne peut \u00eatre confi\u00e9s aux assassins de Fran\u00e7ois Mancabou et de la vingtaine de jeunes entre mars 2021 et mars 2023.<\/p>\n<p>Le corps de Sonko ne peut \u00eatre confi\u00e9 aux assassins de certains morts du coronavirus. Car oui, ces milliards vol\u00e9s et mal g\u00e9r\u00e9s par des ministres de Macky leur parrain dont son beau-fr\u00e8re auraient pu sauver des vies s\u2019ils avaient \u00e9t\u00e9 bien g\u00e9r\u00e9s. Les peuples et partis politiques s\u00e9rieux ne confient pas \u00e0 ces gens qui n\u2019ont aucun respect pour la vie des s\u00e9n\u00e9galais en p\u00e9riode de pand\u00e9mie la sant\u00e9 C\u2019est \u00e0 dire la vie du 5e pr\u00e9sident du S\u00e9n\u00e9gal Ousmane Sonko.<\/p>\n<p>C\u2019est \u00e0 nous de le prot\u00e9ger.<br \/>\nR\u00c9SISTANCE !<\/p>\n<div class=\"publi-apres-le-contenu\" style=\"margin-top: 10px;margin-bottom: 10px;margin-left: auto;margin-right: auto;text-align: center;\" id=\"publi-3357762368\"><div class=\"publi-adlabel\">Publicit\u00e9<\/div><script async src=\"\/\/pagead2.googlesyndication.com\/pagead\/js\/adsbygoogle.js?client=ca-pub-4089586018074219\" crossorigin=\"anonymous\"><\/script><ins class=\"adsbygoogle\" style=\"display:block;\" data-ad-client=\"ca-pub-4089586018074219\" \ndata-ad-slot=\"2087940154\" \ndata-ad-format=\"auto\"><\/ins>\n<script> \n(adsbygoogle = window.adsbygoogle || []).push({}); \n<\/script>\n<\/div>","protected":false},"excerpt":{"rendered":"<p>\u00ab L\u2019arrestation du directeur de SUMA ASSISTANCE, Dr Babacar NIANG, montre que la sant\u00e9 et la vie de Ousmane Sonko sont devenues un enjeu pour Macky le laquais de l\u2019imp\u00e9rialisme en Afrique \u00bb, c\u2019est du moins ce que d\u00e9clare Guy Marius Sagna qui a jug\u00e9 n\u00e9cessaire de recadrer ceux qui pensent que la maladie du leader du Pastef Ousmane Sonko est tout simplement imaginaire. Voici l\u2019int\u00e9gralit\u00e9 de sa publication ! \u00ab Je suis plus jeune que Sonko et j\u2019ai plus de r\u00e9serve que lui. Je ne suis pas asthmatique comme lui et je suis beaucoup moins sollicit\u00e9 que lui qui depuis la naissance de PASTEF est victime tous les jours d\u2019une nouvelle cabale politique. Mais je peux vous dire que j\u2019ai souffert physiquement des \u00e9v\u00e8nements de la semaine derni\u00e8re. J\u2019imagine alors ce que lui Sonko a du endurer physiquement. Il n\u2019y a alors pire sornettes que de vouloir faire passer Sonko pour un malade imaginaire. L\u2019arrestation du directeur de SUMA ASSISTANCE, Dr Babacar NIANG, montre que la sant\u00e9 et la vie de Ousmane Sonko sont devenues un enjeu pour Macky le laquais de l\u2019imp\u00e9rialisme en Afrique. Les malades imaginaires sont ce nervi dont la grossesse dure depuis plus de 27 mois et cet autre nervi aussi dont la grossesse mont\u00e9e de toute pi\u00e8ce a servi \u00e0 emprisonner arbitrairement les d\u00e9put\u00e9s Massata et Mamadou. Oui, je sais, le courage politique et physique de Ousmane Sonko est exceptionnel. Rien \u00e0 voir avec le pleureur dans la cour du khalife g\u00e9n\u00e9ral avant 2012 Et je comprends qu\u2019apr\u00e8s ce qu\u2019a subi Sonko la semaine derni\u00e8re vous soyez \u00e9tonn\u00e9s. Oui, il y une chose imaginaire dont nous devons nous occuper urgemment : l\u2019ind\u00e9pendance imaginaire du S\u00e9n\u00e9gal et de l\u2019Afrique. Avec ce r\u00e9sistant politique d\u2019une rare r\u00e9sistance physique qu\u2019est Ousmane Sonko nous allons ouvrir une nouvelle page en 2024 oppos\u00e9e \u00e0 l\u2019ind\u00e9pendance imaginaire. Macky \u2013 pr\u00e9sident imaginaire \u2013 vous n\u2019\u00eates qu\u2019un commis de l\u2019imp\u00e9rialisme \u2013 par ici la porte. 2024 c\u2019est fini pour vous. Nous ne vous confierons pas la sant\u00e9 \u2013 c\u2019est \u00e0 dire la vie \u2013 du 5e pr\u00e9sident du S\u00e9n\u00e9gal, de 17 millions d\u2019Africains, de la 2e \u00e9conomie de l\u2019UEMOA (aucune fiert\u00e9 d\u2019appartenir \u00e0 ce machin des fran\u00e7ais). Nous ne vous confierons pas la vie du 5e pr\u00e9sident du pays qui va rejoindre le Mali et le Burkina en Afrique de l\u2019Ouest pour le parach\u00e8vement de la 2e phase de d\u00e9colonisation de l\u2019Afrique. Nous ne confierons jamais la vie du 5e pr\u00e9sident du S\u00e9n\u00e9gal \u00e0 l\u2019\u00c9tat voyou et semicolonial du S\u00e9n\u00e9gal qui arr\u00eate ill\u00e9galement, emprisonne arbitrairement, torture et assassine. Le corps de Sonko ne peut \u00eatre confi\u00e9s aux assassins de Fran\u00e7ois Mancabou et de la vingtaine de jeunes entre mars 2021 et mars 2023. Le corps de Sonko ne peut \u00eatre confi\u00e9 aux assassins de certains morts du coronavirus. Car oui, ces milliards vol\u00e9s et mal g\u00e9r\u00e9s par des ministres de Macky leur parrain dont son beau-fr\u00e8re auraient pu sauver des vies s\u2019ils avaient \u00e9t\u00e9 bien g\u00e9r\u00e9s. Les peuples et partis politiques s\u00e9rieux ne confient pas \u00e0 ces gens qui n\u2019ont aucun respect pour la vie des s\u00e9n\u00e9galais en p\u00e9riode de pand\u00e9mie la sant\u00e9 C\u2019est \u00e0 dire la vie du 5e pr\u00e9sident du S\u00e9n\u00e9gal Ousmane Sonko. C\u2019est \u00e0 nous de le prot\u00e9ger. R\u00c9SISTANCE !<\/p>\n","protected":false},"author":7,"featured_media":18517,"comment_status":"open","ping_status":"open","sticky":false,"template":"","format":"standard","meta":{"_jetpack_memberships_contains_paid_content":false,"footnotes":""},"categories":[375,3724,3],"tags":[1473,4867,4879,112,4880],"class_list":["post-18516","post","type-post","status-publish","format-standard","has-post-thumbnail","hentry","category-actualites","category-justice","category-politique","tag-arrestation","tag-babacar-niang","tag-docteur","tag-guy-marius-sagna","tag-samu-assistance","entry","has-media","owp-thumbs-layout-horizontal","owp-btn-normal","owp-tabs-layout-horizontal","has-no-thumbnails","has-product-nav"],"yoast_head":"<!-- This site is optimized with the Yoast SEO plugin v25.5 - https:\/\/yoast.com\/wordpress\/plugins\/seo\/ -->\n<title>Guy Marius Sagna : \u00ab L\u2019arrestation de Dr Babacar Niang montre que la sant\u00e9 et la vie de Sonko sont\u2026 \u00bb - LE PUBLIC<\/title>\n<meta name=\"robots\" content=\"index, follow, max-snippet:-1, max-image-preview:large, max-video-preview:-1\" \/>\n<link rel=\"canonical\" href=\"https:\/\/www.public.sn\/index.php\/2023\/03\/22\/guy-marius-sagna-larrestation-de-dr-babacar-niang-montre-que-la-sante-et-la-vie-de-sonko-sont\/\" \/>\n<meta property=\"og:locale\" content=\"fr_FR\" \/>\n<meta property=\"og:type\" content=\"article\" \/>\n<meta property=\"og:title\" content=\"Guy Marius Sagna : \u00ab L\u2019arrestation de Dr Babacar Niang montre que la sant\u00e9 et la vie de Sonko sont\u2026 \u00bb - LE PUBLIC\" \/>\n<meta property=\"og:description\" content=\"\u00ab L\u2019arrestation du directeur de SUMA ASSISTANCE, Dr Babacar NIANG, montre que la sant\u00e9 et la vie de Ousmane Sonko sont devenues un enjeu pour Macky le laquais de l\u2019imp\u00e9rialisme en Afrique \u00bb, c\u2019est du moins ce que d\u00e9clare Guy Marius Sagna qui a jug\u00e9 n\u00e9cessaire de recadrer ceux qui pensent que la maladie du leader du Pastef Ousmane Sonko est tout simplement imaginaire. Voici l\u2019int\u00e9gralit\u00e9 de sa publication ! \u00ab Je suis plus jeune que Sonko et j\u2019ai plus de r\u00e9serve que lui. Je ne suis pas asthmatique comme lui et je suis beaucoup moins sollicit\u00e9 que lui qui depuis la naissance de PASTEF est victime tous les jours d\u2019une nouvelle cabale politique. Mais je peux vous dire que j\u2019ai souffert physiquement des \u00e9v\u00e8nements de la semaine derni\u00e8re. J\u2019imagine alors ce que lui Sonko a du endurer physiquement. Il n\u2019y a alors pire sornettes que de vouloir faire passer Sonko pour un malade imaginaire. L\u2019arrestation du directeur de SUMA ASSISTANCE, Dr Babacar NIANG, montre que la sant\u00e9 et la vie de Ousmane Sonko sont devenues un enjeu pour Macky le laquais de l\u2019imp\u00e9rialisme en Afrique. Les malades imaginaires sont ce nervi dont la grossesse dure depuis plus de 27 mois et cet autre nervi aussi dont la grossesse mont\u00e9e de toute pi\u00e8ce a servi \u00e0 emprisonner arbitrairement les d\u00e9put\u00e9s Massata et Mamadou. Oui, je sais, le courage politique et physique de Ousmane Sonko est exceptionnel. Rien \u00e0 voir avec le pleureur dans la cour du khalife g\u00e9n\u00e9ral avant 2012 Et je comprends qu\u2019apr\u00e8s ce qu\u2019a subi Sonko la semaine derni\u00e8re vous soyez \u00e9tonn\u00e9s. Oui, il y une chose imaginaire dont nous devons nous occuper urgemment : l\u2019ind\u00e9pendance imaginaire du S\u00e9n\u00e9gal et de l\u2019Afrique. Avec ce r\u00e9sistant politique d\u2019une rare r\u00e9sistance physique qu\u2019est Ousmane Sonko nous allons ouvrir une nouvelle page en 2024 oppos\u00e9e \u00e0 l\u2019ind\u00e9pendance imaginaire. Macky \u2013 pr\u00e9sident imaginaire \u2013 vous n\u2019\u00eates qu\u2019un commis de l\u2019imp\u00e9rialisme \u2013 par ici la porte. 2024 c\u2019est fini pour vous. Nous ne vous confierons pas la sant\u00e9 \u2013 c\u2019est \u00e0 dire la vie \u2013 du 5e pr\u00e9sident du S\u00e9n\u00e9gal, de 17 millions d\u2019Africains, de la 2e \u00e9conomie de l\u2019UEMOA (aucune fiert\u00e9 d\u2019appartenir \u00e0 ce machin des fran\u00e7ais). Nous ne vous confierons pas la vie du 5e pr\u00e9sident du pays qui va rejoindre le Mali et le Burkina en Afrique de l\u2019Ouest pour le parach\u00e8vement de la 2e phase de d\u00e9colonisation de l\u2019Afrique. Nous ne confierons jamais la vie du 5e pr\u00e9sident du S\u00e9n\u00e9gal \u00e0 l\u2019\u00c9tat voyou et semicolonial du S\u00e9n\u00e9gal qui arr\u00eate ill\u00e9galement, emprisonne arbitrairement, torture et assassine. Le corps de Sonko ne peut \u00eatre confi\u00e9s aux assassins de Fran\u00e7ois Mancabou et de la vingtaine de jeunes entre mars 2021 et mars 2023. Le corps de Sonko ne peut \u00eatre confi\u00e9 aux assassins de certains morts du coronavirus. Car oui, ces milliards vol\u00e9s et mal g\u00e9r\u00e9s par des ministres de Macky leur parrain dont son beau-fr\u00e8re auraient pu sauver des vies s\u2019ils avaient \u00e9t\u00e9 bien g\u00e9r\u00e9s. Les peuples et partis politiques s\u00e9rieux ne confient pas \u00e0 ces gens qui n\u2019ont aucun respect pour la vie des s\u00e9n\u00e9galais en p\u00e9riode de pand\u00e9mie la sant\u00e9 C\u2019est \u00e0 dire la vie du 5e pr\u00e9sident du S\u00e9n\u00e9gal Ousmane Sonko. C\u2019est \u00e0 nous de le prot\u00e9ger. R\u00c9SISTANCE !\" \/>\n<meta property=\"og:url\" content=\"https:\/\/www.public.sn\/index.php\/2023\/03\/22\/guy-marius-sagna-larrestation-de-dr-babacar-niang-montre-que-la-sante-et-la-vie-de-sonko-sont\/\" \/>\n<meta property=\"og:site_name\" content=\"LE PUBLIC\" \/>\n<meta property=\"article:published_time\" content=\"2023-03-22T17:09:58+00:00\" \/>\n<meta property=\"og:image\" content=\"https:\/\/www.public.sn\/wp-content\/uploads\/2023\/03\/GUY-MARIUS-SAGNA-1.jpg\" \/>\n\t<meta property=\"og:image:width\" content=\"960\" \/>\n\t<meta property=\"og:image:height\" content=\"640\" \/>\n\t<meta property=\"og:image:type\" content=\"image\/jpeg\" \/>\n<meta name=\"author\" content=\"LA REDACTION\" \/>\n<meta name=\"twitter:card\" content=\"summary_large_image\" \/>\n<meta name=\"twitter:label1\" content=\"\u00c9crit par\" \/>\n\t<meta name=\"twitter:data1\" content=\"LA REDACTION\" \/>\n\t<meta name=\"twitter:label2\" content=\"Dur\u00e9e de lecture estim\u00e9e\" \/>\n\t<meta name=\"twitter:data2\" content=\"3 minutes\" \/>\n<script type=\"application\/ld+json\" class=\"yoast-schema-graph\">{\"@context\":\"https:\/\/schema.org\",\"@graph\":[{\"@type\":\"Article\",\"@id\":\"https:\/\/www.public.sn\/index.php\/2023\/03\/22\/guy-marius-sagna-larrestation-de-dr-babacar-niang-montre-que-la-sante-et-la-vie-de-sonko-sont\/#article\",\"isPartOf\":{\"@id\":\"https:\/\/www.public.sn\/index.php\/2023\/03\/22\/guy-marius-sagna-larrestation-de-dr-babacar-niang-montre-que-la-sante-et-la-vie-de-sonko-sont\/\"},\"author\":{\"name\":\"LA REDACTION\",\"@id\":\"https:\/\/www.public.sn\/#\/schema\/person\/cb76c8e1b8becc6be61fb5e92d6d0224\"},\"headline\":\"Guy Marius Sagna : \u00ab L\u2019arrestation de Dr Babacar Niang montre que la sant\u00e9 et la vie de Sonko sont\u2026 \u00bb\",\"datePublished\":\"2023-03-22T17:09:58+00:00\",\"mainEntityOfPage\":{\"@id\":\"https:\/\/www.public.sn\/index.php\/2023\/03\/22\/guy-marius-sagna-larrestation-de-dr-babacar-niang-montre-que-la-sante-et-la-vie-de-sonko-sont\/\"},\"wordCount\":624,\"commentCount\":0,\"publisher\":{\"@id\":\"https:\/\/www.public.sn\/#organization\"},\"image\":{\"@id\":\"https:\/\/www.public.sn\/index.php\/2023\/03\/22\/guy-marius-sagna-larrestation-de-dr-babacar-niang-montre-que-la-sante-et-la-vie-de-sonko-sont\/#primaryimage\"},\"thumbnailUrl\":\"https:\/\/www.public.sn\/wp-content\/uploads\/2023\/03\/GUY-MARIUS-SAGNA-1.jpg\",\"keywords\":[\"arrestation\",\"Babacar Niang\",\"docteur\",\"Guy Marius Sagna\",\"SAMU Assistance\"],\"articleSection\":[\"ACTUALIT\u00c9S\",\"justice\",\"POLITIQUE\"],\"inLanguage\":\"fr-FR\",\"potentialAction\":[{\"@type\":\"CommentAction\",\"name\":\"Comment\",\"target\":[\"https:\/\/www.public.sn\/index.php\/2023\/03\/22\/guy-marius-sagna-larrestation-de-dr-babacar-niang-montre-que-la-sante-et-la-vie-de-sonko-sont\/#respond\"]}]},{\"@type\":\"WebPage\",\"@id\":\"https:\/\/www.public.sn\/index.php\/2023\/03\/22\/guy-marius-sagna-larrestation-de-dr-babacar-niang-montre-que-la-sante-et-la-vie-de-sonko-sont\/\",\"url\":\"https:\/\/www.public.sn\/index.php\/2023\/03\/22\/guy-marius-sagna-larrestation-de-dr-babacar-niang-montre-que-la-sante-et-la-vie-de-sonko-sont\/\",\"name\":\"Guy Marius Sagna : \u00ab L\u2019arrestation de Dr Babacar Niang montre que la sant\u00e9 et la vie de Sonko sont\u2026 \u00bb - LE PUBLIC\",\"isPartOf\":{\"@id\":\"https:\/\/www.public.sn\/#website\"},\"primaryImageOfPage\":{\"@id\":\"https:\/\/www.public.sn\/index.php\/2023\/03\/22\/guy-marius-sagna-larrestation-de-dr-babacar-niang-montre-que-la-sante-et-la-vie-de-sonko-sont\/#primaryimage\"},\"image\":{\"@id\":\"https:\/\/www.public.sn\/index.php\/2023\/03\/22\/guy-marius-sagna-larrestation-de-dr-babacar-niang-montre-que-la-sante-et-la-vie-de-sonko-sont\/#primaryimage\"},\"thumbnailUrl\":\"https:\/\/www.public.sn\/wp-content\/uploads\/2023\/03\/GUY-MARIUS-SAGNA-1.jpg\",\"datePublished\":\"2023-03-22T17:09:58+00:00\",\"breadcrumb\":{\"@id\":\"https:\/\/www.public.sn\/index.php\/2023\/03\/22\/guy-marius-sagna-larrestation-de-dr-babacar-niang-montre-que-la-sante-et-la-vie-de-sonko-sont\/#breadcrumb\"},\"inLanguage\":\"fr-FR\",\"potentialAction\":[{\"@type\":\"ReadAction\",\"target\":[\"https:\/\/www.public.sn\/index.php\/2023\/03\/22\/guy-marius-sagna-larrestation-de-dr-babacar-niang-montre-que-la-sante-et-la-vie-de-sonko-sont\/\"]}]},{\"@type\":\"ImageObject\",\"inLanguage\":\"fr-FR\",\"@id\":\"https:\/\/www.public.sn\/index.php\/2023\/03\/22\/guy-marius-sagna-larrestation-de-dr-babacar-niang-montre-que-la-sante-et-la-vie-de-sonko-sont\/#primaryimage\",\"url\":\"https:\/\/www.public.sn\/wp-content\/uploads\/2023\/03\/GUY-MARIUS-SAGNA-1.jpg\",\"contentUrl\":\"https:\/\/www.public.sn\/wp-content\/uploads\/2023\/03\/GUY-MARIUS-SAGNA-1.jpg\",\"width\":960,\"height\":640},{\"@type\":\"BreadcrumbList\",\"@id\":\"https:\/\/www.public.sn\/index.php\/2023\/03\/22\/guy-marius-sagna-larrestation-de-dr-babacar-niang-montre-que-la-sante-et-la-vie-de-sonko-sont\/#breadcrumb\",\"itemListElement\":[{\"@type\":\"ListItem\",\"position\":1,\"name\":\"Accueil\",\"item\":\"https:\/\/www.public.sn\/\"},{\"@type\":\"ListItem\",\"position\":2,\"name\":\"Guy Marius Sagna : \u00ab L\u2019arrestation de Dr Babacar Niang montre que la sant\u00e9 et la vie de Sonko sont\u2026 \u00bb\"}]},{\"@type\":\"WebSite\",\"@id\":\"https:\/\/www.public.sn\/#website\",\"url\":\"https:\/\/www.public.sn\/\",\"name\":\"LE PUBLIC\",\"description\":\"\",\"publisher\":{\"@id\":\"https:\/\/www.public.sn\/#organization\"},\"potentialAction\":[{\"@type\":\"SearchAction\",\"target\":{\"@type\":\"EntryPoint\",\"urlTemplate\":\"https:\/\/www.public.sn\/?s={search_term_string}\"},\"query-input\":{\"@type\":\"PropertyValueSpecification\",\"valueRequired\":true,\"valueName\":\"search_term_string\"}}],\"inLanguage\":\"fr-FR\"},{\"@type\":\"Organization\",\"@id\":\"https:\/\/www.public.sn\/#organization\",\"name\":\"LE PUBLIC\",\"url\":\"https:\/\/www.public.sn\/\",\"logo\":{\"@type\":\"ImageObject\",\"inLanguage\":\"fr-FR\",\"@id\":\"https:\/\/www.public.sn\/#\/schema\/logo\/image\/\",\"url\":\"https:\/\/www.public.sn\/wp-content\/uploads\/2024\/05\/cropped-LOGO-PUBLIC.SN_.png\",\"contentUrl\":\"https:\/\/www.public.sn\/wp-content\/uploads\/2024\/05\/cropped-LOGO-PUBLIC.SN_.png\",\"width\":682,\"height\":192,\"caption\":\"LE PUBLIC\"},\"image\":{\"@id\":\"https:\/\/www.public.sn\/#\/schema\/logo\/image\/\"}},{\"@type\":\"Person\",\"@id\":\"https:\/\/www.public.sn\/#\/schema\/person\/cb76c8e1b8becc6be61fb5e92d6d0224\",\"name\":\"LA REDACTION\",\"image\":{\"@type\":\"ImageObject\",\"inLanguage\":\"fr-FR\",\"@id\":\"https:\/\/www.public.sn\/#\/schema\/person\/image\/\",\"url\":\"https:\/\/secure.gravatar.com\/avatar\/2dce5ddd34b8fef0180efe03aa2a9bee7d953856048f9a16b298190a3178407c?s=96&d=mm&r=g\",\"contentUrl\":\"https:\/\/secure.gravatar.com\/avatar\/2dce5ddd34b8fef0180efe03aa2a9bee7d953856048f9a16b298190a3178407c?s=96&d=mm&r=g\",\"caption\":\"LA REDACTION\"},\"url\":\"https:\/\/www.public.sn\/index.php\/author\/editeurpsn\/\"}]}<\/script>\n<!-- \/ Yoast SEO plugin. -->","yoast_head_json":{"title":"Guy Marius Sagna : \u00ab L\u2019arrestation de Dr Babacar Niang montre que la sant\u00e9 et la vie de Sonko sont\u2026 \u00bb - LE PUBLIC","robots":{"index":"index","follow":"follow","max-snippet":"max-snippet:-1","max-image-preview":"max-image-preview:large","max-video-preview":"max-video-preview:-1"},"canonical":"https:\/\/www.public.sn\/index.php\/2023\/03\/22\/guy-marius-sagna-larrestation-de-dr-babacar-niang-montre-que-la-sante-et-la-vie-de-sonko-sont\/","og_locale":"fr_FR","og_type":"article","og_title":"Guy Marius Sagna : \u00ab L\u2019arrestation de Dr Babacar Niang montre que la sant\u00e9 et la vie de Sonko sont\u2026 \u00bb - LE PUBLIC","og_description":"\u00ab L\u2019arrestation du directeur de SUMA ASSISTANCE, Dr Babacar NIANG, montre que la sant\u00e9 et la vie de Ousmane Sonko sont devenues un enjeu pour Macky le laquais de l\u2019imp\u00e9rialisme en Afrique \u00bb, c\u2019est du moins ce que d\u00e9clare Guy Marius Sagna qui a jug\u00e9 n\u00e9cessaire de recadrer ceux qui pensent que la maladie du leader du Pastef Ousmane Sonko est tout simplement imaginaire. Voici l\u2019int\u00e9gralit\u00e9 de sa publication ! \u00ab Je suis plus jeune que Sonko et j\u2019ai plus de r\u00e9serve que lui. Je ne suis pas asthmatique comme lui et je suis beaucoup moins sollicit\u00e9 que lui qui depuis la naissance de PASTEF est victime tous les jours d\u2019une nouvelle cabale politique. Mais je peux vous dire que j\u2019ai souffert physiquement des \u00e9v\u00e8nements de la semaine derni\u00e8re. J\u2019imagine alors ce que lui Sonko a du endurer physiquement. Il n\u2019y a alors pire sornettes que de vouloir faire passer Sonko pour un malade imaginaire. L\u2019arrestation du directeur de SUMA ASSISTANCE, Dr Babacar NIANG, montre que la sant\u00e9 et la vie de Ousmane Sonko sont devenues un enjeu pour Macky le laquais de l\u2019imp\u00e9rialisme en Afrique. Les malades imaginaires sont ce nervi dont la grossesse dure depuis plus de 27 mois et cet autre nervi aussi dont la grossesse mont\u00e9e de toute pi\u00e8ce a servi \u00e0 emprisonner arbitrairement les d\u00e9put\u00e9s Massata et Mamadou. Oui, je sais, le courage politique et physique de Ousmane Sonko est exceptionnel. Rien \u00e0 voir avec le pleureur dans la cour du khalife g\u00e9n\u00e9ral avant 2012 Et je comprends qu\u2019apr\u00e8s ce qu\u2019a subi Sonko la semaine derni\u00e8re vous soyez \u00e9tonn\u00e9s. Oui, il y une chose imaginaire dont nous devons nous occuper urgemment : l\u2019ind\u00e9pendance imaginaire du S\u00e9n\u00e9gal et de l\u2019Afrique. Avec ce r\u00e9sistant politique d\u2019une rare r\u00e9sistance physique qu\u2019est Ousmane Sonko nous allons ouvrir une nouvelle page en 2024 oppos\u00e9e \u00e0 l\u2019ind\u00e9pendance imaginaire. Macky \u2013 pr\u00e9sident imaginaire \u2013 vous n\u2019\u00eates qu\u2019un commis de l\u2019imp\u00e9rialisme \u2013 par ici la porte. 2024 c\u2019est fini pour vous. Nous ne vous confierons pas la sant\u00e9 \u2013 c\u2019est \u00e0 dire la vie \u2013 du 5e pr\u00e9sident du S\u00e9n\u00e9gal, de 17 millions d\u2019Africains, de la 2e \u00e9conomie de l\u2019UEMOA (aucune fiert\u00e9 d\u2019appartenir \u00e0 ce machin des fran\u00e7ais). Nous ne vous confierons pas la vie du 5e pr\u00e9sident du pays qui va rejoindre le Mali et le Burkina en Afrique de l\u2019Ouest pour le parach\u00e8vement de la 2e phase de d\u00e9colonisation de l\u2019Afrique. Nous ne confierons jamais la vie du 5e pr\u00e9sident du S\u00e9n\u00e9gal \u00e0 l\u2019\u00c9tat voyou et semicolonial du S\u00e9n\u00e9gal qui arr\u00eate ill\u00e9galement, emprisonne arbitrairement, torture et assassine. Le corps de Sonko ne peut \u00eatre confi\u00e9s aux assassins de Fran\u00e7ois Mancabou et de la vingtaine de jeunes entre mars 2021 et mars 2023. Le corps de Sonko ne peut \u00eatre confi\u00e9 aux assassins de certains morts du coronavirus. Car oui, ces milliards vol\u00e9s et mal g\u00e9r\u00e9s par des ministres de Macky leur parrain dont son beau-fr\u00e8re auraient pu sauver des vies s\u2019ils avaient \u00e9t\u00e9 bien g\u00e9r\u00e9s. Les peuples et partis politiques s\u00e9rieux ne confient pas \u00e0 ces gens qui n\u2019ont aucun respect pour la vie des s\u00e9n\u00e9galais en p\u00e9riode de pand\u00e9mie la sant\u00e9 C\u2019est \u00e0 dire la vie du 5e pr\u00e9sident du S\u00e9n\u00e9gal Ousmane Sonko. C\u2019est \u00e0 nous de le prot\u00e9ger. R\u00c9SISTANCE !","og_url":"https:\/\/www.public.sn\/index.php\/2023\/03\/22\/guy-marius-sagna-larrestation-de-dr-babacar-niang-montre-que-la-sante-et-la-vie-de-sonko-sont\/","og_site_name":"LE PUBLIC","article_published_time":"2023-03-22T17:09:58+00:00","og_image":[{"width":960,"height":640,"url":"https:\/\/www.public.sn\/wp-content\/uploads\/2023\/03\/GUY-MARIUS-SAGNA-1.jpg","type":"image\/jpeg"}],"author":"LA REDACTION","twitter_card":"summary_large_image","twitter_misc":{"\u00c9crit par":"LA REDACTION","Dur\u00e9e de lecture estim\u00e9e":"3 minutes"},"schema":{"@context":"https:\/\/schema.org","@graph":[{"@type":"Article","@id":"https:\/\/www.public.sn\/index.php\/2023\/03\/22\/guy-marius-sagna-larrestation-de-dr-babacar-niang-montre-que-la-sante-et-la-vie-de-sonko-sont\/#article","isPartOf":{"@id":"https:\/\/www.public.sn\/index.php\/2023\/03\/22\/guy-marius-sagna-larrestation-de-dr-babacar-niang-montre-que-la-sante-et-la-vie-de-sonko-sont\/"},"author":{"name":"LA REDACTION","@id":"https:\/\/www.public.sn\/#\/schema\/person\/cb76c8e1b8becc6be61fb5e92d6d0224"},"headline":"Guy Marius Sagna : \u00ab L\u2019arrestation de Dr Babacar Niang montre que la sant\u00e9 et la vie de Sonko sont\u2026 \u00bb","datePublished":"2023-03-22T17:09:58+00:00","mainEntityOfPage":{"@id":"https:\/\/www.public.sn\/index.php\/2023\/03\/22\/guy-marius-sagna-larrestation-de-dr-babacar-niang-montre-que-la-sante-et-la-vie-de-sonko-sont\/"},"wordCount":624,"commentCount":0,"publisher":{"@id":"https:\/\/www.public.sn\/#organization"},"image":{"@id":"https:\/\/www.public.sn\/index.php\/2023\/03\/22\/guy-marius-sagna-larrestation-de-dr-babacar-niang-montre-que-la-sante-et-la-vie-de-sonko-sont\/#primaryimage"},"thumbnailUrl":"https:\/\/www.public.sn\/wp-content\/uploads\/2023\/03\/GUY-MARIUS-SAGNA-1.jpg","keywords":["arrestation","Babacar Niang","docteur","Guy Marius Sagna","SAMU Assistance"],"articleSection":["ACTUALIT\u00c9S","justice","POLITIQUE"],"inLanguage":"fr-FR","potentialAction":[{"@type":"CommentAction","name":"Comment","target":["https:\/\/www.public.sn\/index.php\/2023\/03\/22\/guy-marius-sagna-larrestation-de-dr-babacar-niang-montre-que-la-sante-et-la-vie-de-sonko-sont\/#respond"]}]},{"@type":"WebPage","@id":"https:\/\/www.public.sn\/index.php\/2023\/03\/22\/guy-marius-sagna-larrestation-de-dr-babacar-niang-montre-que-la-sante-et-la-vie-de-sonko-sont\/","url":"https:\/\/www.public.sn\/index.php\/2023\/03\/22\/guy-marius-sagna-larrestation-de-dr-babacar-niang-montre-que-la-sante-et-la-vie-de-sonko-sont\/","name":"Guy Marius Sagna : \u00ab L\u2019arrestation de Dr Babacar Niang montre que la sant\u00e9 et la vie de Sonko sont\u2026 \u00bb - LE PUBLIC","isPartOf":{"@id":"https:\/\/www.public.sn\/#website"},"primaryImageOfPage":{"@id":"https:\/\/www.public.sn\/index.php\/2023\/03\/22\/guy-marius-sagna-larrestation-de-dr-babacar-niang-montre-que-la-sante-et-la-vie-de-sonko-sont\/#primaryimage"},"image":{"@id":"https:\/\/www.public.sn\/index.php\/2023\/03\/22\/guy-marius-sagna-larrestation-de-dr-babacar-niang-montre-que-la-sante-et-la-vie-de-sonko-sont\/#primaryimage"},"thumbnailUrl":"https:\/\/www.public.sn\/wp-content\/uploads\/2023\/03\/GUY-MARIUS-SAGNA-1.jpg","datePublished":"2023-03-22T17:09:58+00:00","breadcrumb":{"@id":"https:\/\/www.public.sn\/index.php\/2023\/03\/22\/guy-marius-sagna-larrestation-de-dr-babacar-niang-montre-que-la-sante-et-la-vie-de-sonko-sont\/#breadcrumb"},"inLanguage":"fr-FR","potentialAction":[{"@type":"ReadAction","target":["https:\/\/www.public.sn\/index.php\/2023\/03\/22\/guy-marius-sagna-larrestation-de-dr-babacar-niang-montre-que-la-sante-et-la-vie-de-sonko-sont\/"]}]},{"@type":"ImageObject","inLanguage":"fr-FR","@id":"https:\/\/www.public.sn\/index.php\/2023\/03\/22\/guy-marius-sagna-larrestation-de-dr-babacar-niang-montre-que-la-sante-et-la-vie-de-sonko-sont\/#primaryimage","url":"https:\/\/www.public.sn\/wp-content\/uploads\/2023\/03\/GUY-MARIUS-SAGNA-1.jpg","contentUrl":"https:\/\/www.public.sn\/wp-content\/uploads\/2023\/03\/GUY-MARIUS-SAGNA-1.jpg","width":960,"height":640},{"@type":"BreadcrumbList","@id":"https:\/\/www.public.sn\/index.php\/2023\/03\/22\/guy-marius-sagna-larrestation-de-dr-babacar-niang-montre-que-la-sante-et-la-vie-de-sonko-sont\/#breadcrumb","itemListElement":[{"@type":"ListItem","position":1,"name":"Accueil","item":"https:\/\/www.public.sn\/"},{"@type":"ListItem","position":2,"name":"Guy Marius Sagna : \u00ab L\u2019arrestation de Dr Babacar Niang montre que la sant\u00e9 et la vie de Sonko sont\u2026 \u00bb"}]},{"@type":"WebSite","@id":"https:\/\/www.public.sn\/#website","url":"https:\/\/www.public.sn\/","name":"LE PUBLIC","description":"","publisher":{"@id":"https:\/\/www.public.sn\/#organization"},"potentialAction":[{"@type":"SearchAction","target":{"@type":"EntryPoint","urlTemplate":"https:\/\/www.public.sn\/?s={search_term_string}"},"query-input":{"@type":"PropertyValueSpecification","valueRequired":true,"valueName":"search_term_string"}}],"inLanguage":"fr-FR"},{"@type":"Organization","@id":"https:\/\/www.public.sn\/#organization","name":"LE PUBLIC","url":"https:\/\/www.public.sn\/","logo":{"@type":"ImageObject","inLanguage":"fr-FR","@id":"https:\/\/www.public.sn\/#\/schema\/logo\/image\/","url":"https:\/\/www.public.sn\/wp-content\/uploads\/2024\/05\/cropped-LOGO-PUBLIC.SN_.png","contentUrl":"https:\/\/www.public.sn\/wp-content\/uploads\/2024\/05\/cropped-LOGO-PUBLIC.SN_.png","width":682,"height":192,"caption":"LE PUBLIC"},"image":{"@id":"https:\/\/www.public.sn\/#\/schema\/logo\/image\/"}},{"@type":"Person","@id":"https:\/\/www.public.sn\/#\/schema\/person\/cb76c8e1b8becc6be61fb5e92d6d0224","name":"LA REDACTION","image":{"@type":"ImageObject","inLanguage":"fr-FR","@id":"https:\/\/www.public.sn\/#\/schema\/person\/image\/","url":"https:\/\/secure.gravatar.com\/avatar\/2dce5ddd34b8fef0180efe03aa2a9bee7d953856048f9a16b298190a3178407c?s=96&d=mm&r=g","contentUrl":"https:\/\/secure.gravatar.com\/avatar\/2dce5ddd34b8fef0180efe03aa2a9bee7d953856048f9a16b298190a3178407c?s=96&d=mm&r=g","caption":"LA REDACTION"},"url":"https:\/\/www.public.sn\/index.php\/author\/editeurpsn\/"}]}},"jetpack_featured_media_url":"https:\/\/www.public.sn\/wp-content\/uploads\/2023\/03\/GUY-MARIUS-SAGNA-1.jpg","jetpack_sharing_enabled":true,"_links":{"self":[{"href":"https:\/\/www.public.sn\/index.php\/wp-json\/wp\/v2\/posts\/18516","targetHints":{"allow":["GET"]}}],"collection":[{"href":"https:\/\/www.public.sn\/index.php\/wp-json\/wp\/v2\/posts"}],"about":[{"href":"https:\/\/www.public.sn\/index.php\/wp-json\/wp\/v2\/types\/post"}],"author":[{"embeddable":true,"href":"https:\/\/www.public.sn\/index.php\/wp-json\/wp\/v2\/users\/7"}],"replies":[{"embeddable":true,"href":"https:\/\/www.public.sn\/index.php\/wp-json\/wp\/v2\/comments?post=18516"}],"version-history":[{"count":1,"href":"https:\/\/www.public.sn\/index.php\/wp-json\/wp\/v2\/posts\/18516\/revisions"}],"predecessor-version":[{"id":18518,"href":"https:\/\/www.public.sn\/index.php\/wp-json\/wp\/v2\/posts\/18516\/revisions\/18518"}],"wp:featuredmedia":[{"embeddable":true,"href":"https:\/\/www.public.sn\/index.php\/wp-json\/wp\/v2\/media\/18517"}],"wp:attachment":[{"href":"https:\/\/www.public.sn\/index.php\/wp-json\/wp\/v2\/media?parent=18516"}],"wp:term":[{"taxonomy":"category","embeddable":true,"href":"https:\/\/www.public.sn\/index.php\/wp-json\/wp\/v2\/categories?post=18516"},{"taxonomy":"post_tag","embeddable":true,"href":"https:\/\/www.public.sn\/index.php\/wp-json\/wp\/v2\/tags?post=18516"}],"curies":[{"name":"wp","href":"https:\/\/api.w.org\/{rel}","templated":true}]}}