{"id":18519,"date":"2023-03-22T17:30:31","date_gmt":"2023-03-22T17:30:31","guid":{"rendered":"https:\/\/www.public.sn\/?p=18519"},"modified":"2023-03-22T17:30:31","modified_gmt":"2023-03-22T17:30:31","slug":"manifestations-au-senegal-letat-invite-a-garantir-la-securite-des-stations","status":"publish","type":"post","link":"https:\/\/www.public.sn\/index.php\/2023\/03\/22\/manifestations-au-senegal-letat-invite-a-garantir-la-securite-des-stations\/","title":{"rendered":"Manifestations au S\u00e9n\u00e9gal : L\u2019Etat invit\u00e9 \u00e0 garantir la s\u00e9curit\u00e9 des stations"},"content":{"rendered":"<p><strong>Le Secr\u00e9taire g\u00e9n\u00e9ral de l\u2019Association des g\u00e9rants de stations-service du S\u00e9n\u00e9gal, Ibrahima Fall, a fait une sortie dans la presse suite au saccage de nombreuses stations lors des \u00e9chauffour\u00e9es du 16 mars.<\/strong><\/p><div class=\"publi-paragraphe1\" style=\"margin-top: 10px;margin-bottom: 10px;margin-left: auto;margin-right: auto;text-align: center;\" id=\"publi-240339625\"><div class=\"publi-adlabel\">Publicit\u00e9<\/div><script async src=\"\/\/pagead2.googlesyndication.com\/pagead\/js\/adsbygoogle.js?client=ca-pub-4089586018074219\" crossorigin=\"anonymous\"><\/script><ins class=\"adsbygoogle\" style=\"display:block;\" data-ad-client=\"ca-pub-4089586018074219\" \ndata-ad-slot=\"2087940154\" \ndata-ad-format=\"auto\"><\/ins>\n<script> \n(adsbygoogle = window.adsbygoogle || []).push({}); \n<\/script>\n<\/div>\n<p>Selon le journal L\u2019Observateur, il a invit\u00e9 l\u2019\u00c9tat du S\u00e9n\u00e9gal \u00e0 garantir davantage leur s\u00e9curit\u00e9. \u00ab L\u2019\u00c9tat est le garant de la s\u00e9curit\u00e9 publique. Nous l\u2019exhortons \u00e0 assurer notre s\u00e9curit\u00e9. Nous ne continuerons plus \u00e0 subir cette injustice\u00bb, a-t-il fustig\u00e9.<\/p>\n<div class=\"dbe dbe-post-middle dbe-float-center dbe-align-center dbe-column-1 dbe-clearfix no-bg-box-model\">\n<div id=\"dbe-3576-91472413\" class=\"dbe-container dbe-type-code \" data-adid=\"3576\" data-type=\"code\">\n<div id=\"dbe-3576-91472413-place\"><ins class=\"adsbygoogle\" data-ad-client=\"ca-pub-9473846353102696\" data-ad-slot=\"4242883252\" data-ad-layout=\"in-article\" data-ad-format=\"fluid\" data-adsbygoogle-status=\"done\" data-ad-status=\"unfilled\"><\/p>\n<div id=\"aswift_3_host\" tabindex=\"0\" title=\"Advertisement\" aria-label=\"Advertisement\"><iframe id=\"aswift_3\" src=\"https:\/\/googleads.g.doubleclick.net\/pagead\/ads?client=ca-pub-9473846353102696&amp;output=html&amp;h=200&amp;slotname=4242883252&amp;adk=365874846&amp;adf=365544995&amp;pi=t.ma~as.4242883252&amp;w=863&amp;fwrn=4&amp;lmt=1679505122&amp;rafmt=11&amp;format=863x200&amp;url=https%3A%2F%2Fwww.xibaaru.sn%2Fmanifs-au-senegal-letat-invite-a-garantir-la-securite-des-stations%2F&amp;host=ca-host-pub-2644536267352236&amp;wgl=1&amp;uach=WyJXaW5kb3dzIiwiMTAuMC4wIiwieDg2IiwiIiwiOTYuMC40NjkzLjgwIixbXSxmYWxzZSxudWxsLCI2NCIsW1siTm90PUE_QnJhbmQiLCI4LjAuMC4wIl0sWyJDaHJvbWl1bSIsIjExMC4wLjU0ODEuMTkyIl0sWyJPcGVyYSIsIjk2LjAuNDY5My44MCJdXSxmYWxzZV0.&amp;dt=1679505122196&amp;bpp=3&amp;bdt=452&amp;idt=438&amp;shv=r20230320&amp;mjsv=m202303150101&amp;ptt=9&amp;saldr=aa&amp;abxe=1&amp;cookie=ID%3D27bd88b187508db7-22aa427d3fdc00cc%3AT%3D1679492767%3ART%3D1679492767%3AS%3DALNI_MY5wlFrxNRhjwP7t1YirXPStWTTfg&amp;gpic=UID%3D00000bf1e8c486d5%3AT%3D1679492767%3ART%3D1679492767%3AS%3DALNI_MbsF-9H0d-I-YLs5d_QCao6wESkdA&amp;prev_fmts=0x0%2C1200x280%2C863x280&amp;nras=2&amp;correlator=8246814960206&amp;frm=20&amp;pv=1&amp;ga_vid=634113459.1679492756&amp;ga_sid=1679505122&amp;ga_hid=2049312441&amp;ga_fc=1&amp;rplot=4&amp;u_tz=0&amp;u_his=40&amp;u_h=768&amp;u_w=1366&amp;u_ah=728&amp;u_aw=1366&amp;u_cd=24&amp;u_sd=1&amp;dmc=8&amp;adx=51&amp;ady=1237&amp;biw=1311&amp;bih=658&amp;scr_x=0&amp;scr_y=0&amp;eid=44759876%2C44759837%2C44777876%2C44759927%2C31073263%2C44787455%2C31072978&amp;oid=2&amp;pvsid=2956484699383550&amp;tmod=2118644956&amp;uas=0&amp;nvt=1&amp;ref=https%3A%2F%2Fwww.xibaaru.sn%2F&amp;fc=1920&amp;brdim=0%2C0%2C0%2C0%2C1366%2C0%2C1366%2C728%2C1326%2C658&amp;vis=1&amp;rsz=%7C%7CEebr%7C&amp;abl=CS&amp;pfx=0&amp;fu=128&amp;bc=31&amp;ifi=4&amp;uci=a!4&amp;btvi=2&amp;fsb=1&amp;xpc=2vyjIf9F9y&amp;p=https%3A\/\/www.xibaaru.sn&amp;dtd=461\" name=\"aswift_3\" width=\"863\" height=\"0\" frameborder=\"0\" marginwidth=\"0\" marginheight=\"0\" scrolling=\"no\" sandbox=\"allow-forms allow-popups allow-popups-to-escape-sandbox allow-same-origin allow-scripts allow-top-navigation-by-user-activation\" data-google-container-id=\"a!4\" data-google-query-id=\"CMyZq5KE8P0CFYcJXAodaB8LaQ\" data-load-complete=\"true\" data-mce-fragment=\"1\"><\/iframe><\/div>\n<p><\/ins><\/div>\n<\/div>\n<\/div>\n<p>Le sieur Fall a aussi alert\u00e9 sur les dangers \u00e0 s\u2019attaquer \u00e0 ces infrastructures qui risquent d\u2019exploser. \u00ab Quelle que soit la situation politique ou les tensions, personne ne devrait penser \u00e0 s\u2019attaquer aux stations-services\u00bb, a-t-il fustig\u00e9.<\/p>\n<p>Ce dernier a soutenu que \u00ab les auteurs des actes de vandalisme ont \u00e9t\u00e9 identifi\u00e9s par les cam\u00e9ras de surveillance. Et ils seront traqu\u00e9s et remis \u00e0 la Justice \u00bb.<\/p>\n<div class=\"publi-apres-le-contenu\" style=\"margin-top: 10px;margin-bottom: 10px;margin-left: auto;margin-right: auto;text-align: center;\" id=\"publi-3628812196\"><div class=\"publi-adlabel\">Publicit\u00e9<\/div><script async src=\"\/\/pagead2.googlesyndication.com\/pagead\/js\/adsbygoogle.js?client=ca-pub-4089586018074219\" crossorigin=\"anonymous\"><\/script><ins class=\"adsbygoogle\" style=\"display:block;\" data-ad-client=\"ca-pub-4089586018074219\" \ndata-ad-slot=\"2087940154\" \ndata-ad-format=\"auto\"><\/ins>\n<script> \n(adsbygoogle = window.adsbygoogle || []).push({}); \n<\/script>\n<\/div>","protected":false},"excerpt":{"rendered":"<p>Le Secr\u00e9taire g\u00e9n\u00e9ral de l\u2019Association des g\u00e9rants de stations-service du S\u00e9n\u00e9gal, Ibrahima Fall, a fait une sortie dans la presse suite au saccage de nombreuses stations lors des \u00e9chauffour\u00e9es du 16 mars. Selon le journal L\u2019Observateur, il a invit\u00e9 l\u2019\u00c9tat du S\u00e9n\u00e9gal \u00e0 garantir davantage leur s\u00e9curit\u00e9. \u00ab L\u2019\u00c9tat est le garant de la s\u00e9curit\u00e9 publique. Nous l\u2019exhortons \u00e0 assurer notre s\u00e9curit\u00e9. Nous ne continuerons plus \u00e0 subir cette injustice\u00bb, a-t-il fustig\u00e9. Le sieur Fall a aussi alert\u00e9 sur les dangers \u00e0 s\u2019attaquer \u00e0 ces infrastructures qui risquent d\u2019exploser. \u00ab Quelle que soit la situation politique ou les tensions, personne ne devrait penser \u00e0 s\u2019attaquer aux stations-services\u00bb, a-t-il fustig\u00e9. Ce dernier a soutenu que \u00ab les auteurs des actes de vandalisme ont \u00e9t\u00e9 identifi\u00e9s par les cam\u00e9ras de surveillance. Et ils seront traqu\u00e9s et remis \u00e0 la Justice \u00bb.<\/p>\n","protected":false},"author":7,"featured_media":18522,"comment_status":"open","ping_status":"open","sticky":false,"template":"","format":"standard","meta":{"_jetpack_memberships_contains_paid_content":false,"footnotes":""},"categories":[375,3724,4353,3,376,1,4],"tags":[4881,4883,766,4882],"class_list":["post-18519","post","type-post","status-publish","format-standard","has-post-thumbnail","hentry","category-actualites","category-justice","category-manifestations","category-politique","category-securite-justice","category-non-classe","category-societe","tag-manifs","tag-saccasage","tag-senegal","tag-station","entry","has-media","owp-thumbs-layout-horizontal","owp-btn-normal","owp-tabs-layout-horizontal","has-no-thumbnails","has-product-nav"],"yoast_head":"<!-- This site is optimized with the Yoast SEO plugin v25.5 - https:\/\/yoast.com\/wordpress\/plugins\/seo\/ -->\n<title>Manifestations au S\u00e9n\u00e9gal : L\u2019Etat invit\u00e9 \u00e0 garantir la s\u00e9curit\u00e9 des stations - LE PUBLIC<\/title>\n<meta name=\"robots\" content=\"index, follow, max-snippet:-1, max-image-preview:large, max-video-preview:-1\" \/>\n<link rel=\"canonical\" href=\"https:\/\/www.public.sn\/index.php\/2023\/03\/22\/manifestations-au-senegal-letat-invite-a-garantir-la-securite-des-stations\/\" \/>\n<meta property=\"og:locale\" content=\"fr_FR\" \/>\n<meta property=\"og:type\" content=\"article\" \/>\n<meta property=\"og:title\" content=\"Manifestations au S\u00e9n\u00e9gal : L\u2019Etat invit\u00e9 \u00e0 garantir la s\u00e9curit\u00e9 des stations - LE PUBLIC\" \/>\n<meta property=\"og:description\" content=\"Le Secr\u00e9taire g\u00e9n\u00e9ral de l\u2019Association des g\u00e9rants de stations-service du S\u00e9n\u00e9gal, Ibrahima Fall, a fait une sortie dans la presse suite au saccage de nombreuses stations lors des \u00e9chauffour\u00e9es du 16 mars. Selon le journal L\u2019Observateur, il a invit\u00e9 l\u2019\u00c9tat du S\u00e9n\u00e9gal \u00e0 garantir davantage leur s\u00e9curit\u00e9. \u00ab L\u2019\u00c9tat est le garant de la s\u00e9curit\u00e9 publique. Nous l\u2019exhortons \u00e0 assurer notre s\u00e9curit\u00e9. Nous ne continuerons plus \u00e0 subir cette injustice\u00bb, a-t-il fustig\u00e9. Le sieur Fall a aussi alert\u00e9 sur les dangers \u00e0 s\u2019attaquer \u00e0 ces infrastructures qui risquent d\u2019exploser. \u00ab Quelle que soit la situation politique ou les tensions, personne ne devrait penser \u00e0 s\u2019attaquer aux stations-services\u00bb, a-t-il fustig\u00e9. Ce dernier a soutenu que \u00ab les auteurs des actes de vandalisme ont \u00e9t\u00e9 identifi\u00e9s par les cam\u00e9ras de surveillance. Et ils seront traqu\u00e9s et remis \u00e0 la Justice \u00bb.\" \/>\n<meta property=\"og:url\" content=\"https:\/\/www.public.sn\/index.php\/2023\/03\/22\/manifestations-au-senegal-letat-invite-a-garantir-la-securite-des-stations\/\" \/>\n<meta property=\"og:site_name\" content=\"LE PUBLIC\" \/>\n<meta property=\"article:published_time\" content=\"2023-03-22T17:30:31+00:00\" \/>\n<meta property=\"og:image\" content=\"https:\/\/www.public.sn\/wp-content\/uploads\/2023\/03\/station-total-manif.jpg\" \/>\n\t<meta property=\"og:image:width\" content=\"650\" \/>\n\t<meta property=\"og:image:height\" content=\"433\" \/>\n\t<meta property=\"og:image:type\" content=\"image\/jpeg\" \/>\n<meta name=\"author\" content=\"LA REDACTION\" \/>\n<meta name=\"twitter:card\" content=\"summary_large_image\" \/>\n<meta name=\"twitter:label1\" content=\"\u00c9crit par\" \/>\n\t<meta name=\"twitter:data1\" content=\"LA REDACTION\" \/>\n\t<meta name=\"twitter:label2\" content=\"Dur\u00e9e de lecture estim\u00e9e\" \/>\n\t<meta name=\"twitter:data2\" content=\"1 minute\" \/>\n<script type=\"application\/ld+json\" class=\"yoast-schema-graph\">{\"@context\":\"https:\/\/schema.org\",\"@graph\":[{\"@type\":\"Article\",\"@id\":\"https:\/\/www.public.sn\/index.php\/2023\/03\/22\/manifestations-au-senegal-letat-invite-a-garantir-la-securite-des-stations\/#article\",\"isPartOf\":{\"@id\":\"https:\/\/www.public.sn\/index.php\/2023\/03\/22\/manifestations-au-senegal-letat-invite-a-garantir-la-securite-des-stations\/\"},\"author\":{\"name\":\"LA REDACTION\",\"@id\":\"https:\/\/www.public.sn\/#\/schema\/person\/cb76c8e1b8becc6be61fb5e92d6d0224\"},\"headline\":\"Manifestations au S\u00e9n\u00e9gal : L\u2019Etat invit\u00e9 \u00e0 garantir la s\u00e9curit\u00e9 des stations\",\"datePublished\":\"2023-03-22T17:30:31+00:00\",\"mainEntityOfPage\":{\"@id\":\"https:\/\/www.public.sn\/index.php\/2023\/03\/22\/manifestations-au-senegal-letat-invite-a-garantir-la-securite-des-stations\/\"},\"wordCount\":164,\"commentCount\":0,\"publisher\":{\"@id\":\"https:\/\/www.public.sn\/#organization\"},\"image\":{\"@id\":\"https:\/\/www.public.sn\/index.php\/2023\/03\/22\/manifestations-au-senegal-letat-invite-a-garantir-la-securite-des-stations\/#primaryimage\"},\"thumbnailUrl\":\"https:\/\/www.public.sn\/wp-content\/uploads\/2023\/03\/station-total-manif.jpg\",\"keywords\":[\"manifs\",\"saccasage\",\"S\u00e9n\u00e9gal\",\"station\"],\"articleSection\":[\"ACTUALIT\u00c9S\",\"justice\",\"MANIFESTATIONS\",\"POLITIQUE\",\"S\u00c9CURIT\u00c9 &amp; JUSTICE\",\"S\u00c9N\u00c9GAL\",\"SOCIETE\"],\"inLanguage\":\"fr-FR\",\"potentialAction\":[{\"@type\":\"CommentAction\",\"name\":\"Comment\",\"target\":[\"https:\/\/www.public.sn\/index.php\/2023\/03\/22\/manifestations-au-senegal-letat-invite-a-garantir-la-securite-des-stations\/#respond\"]}]},{\"@type\":\"WebPage\",\"@id\":\"https:\/\/www.public.sn\/index.php\/2023\/03\/22\/manifestations-au-senegal-letat-invite-a-garantir-la-securite-des-stations\/\",\"url\":\"https:\/\/www.public.sn\/index.php\/2023\/03\/22\/manifestations-au-senegal-letat-invite-a-garantir-la-securite-des-stations\/\",\"name\":\"Manifestations au S\u00e9n\u00e9gal : L\u2019Etat invit\u00e9 \u00e0 garantir la s\u00e9curit\u00e9 des stations - LE PUBLIC\",\"isPartOf\":{\"@id\":\"https:\/\/www.public.sn\/#website\"},\"primaryImageOfPage\":{\"@id\":\"https:\/\/www.public.sn\/index.php\/2023\/03\/22\/manifestations-au-senegal-letat-invite-a-garantir-la-securite-des-stations\/#primaryimage\"},\"image\":{\"@id\":\"https:\/\/www.public.sn\/index.php\/2023\/03\/22\/manifestations-au-senegal-letat-invite-a-garantir-la-securite-des-stations\/#primaryimage\"},\"thumbnailUrl\":\"https:\/\/www.public.sn\/wp-content\/uploads\/2023\/03\/station-total-manif.jpg\",\"datePublished\":\"2023-03-22T17:30:31+00:00\",\"breadcrumb\":{\"@id\":\"https:\/\/www.public.sn\/index.php\/2023\/03\/22\/manifestations-au-senegal-letat-invite-a-garantir-la-securite-des-stations\/#breadcrumb\"},\"inLanguage\":\"fr-FR\",\"potentialAction\":[{\"@type\":\"ReadAction\",\"target\":[\"https:\/\/www.public.sn\/index.php\/2023\/03\/22\/manifestations-au-senegal-letat-invite-a-garantir-la-securite-des-stations\/\"]}]},{\"@type\":\"ImageObject\",\"inLanguage\":\"fr-FR\",\"@id\":\"https:\/\/www.public.sn\/index.php\/2023\/03\/22\/manifestations-au-senegal-letat-invite-a-garantir-la-securite-des-stations\/#primaryimage\",\"url\":\"https:\/\/www.public.sn\/wp-content\/uploads\/2023\/03\/station-total-manif.jpg\",\"contentUrl\":\"https:\/\/www.public.sn\/wp-content\/uploads\/2023\/03\/station-total-manif.jpg\",\"width\":650,\"height\":433},{\"@type\":\"BreadcrumbList\",\"@id\":\"https:\/\/www.public.sn\/index.php\/2023\/03\/22\/manifestations-au-senegal-letat-invite-a-garantir-la-securite-des-stations\/#breadcrumb\",\"itemListElement\":[{\"@type\":\"ListItem\",\"position\":1,\"name\":\"Accueil\",\"item\":\"https:\/\/www.public.sn\/\"},{\"@type\":\"ListItem\",\"position\":2,\"name\":\"Manifestations au S\u00e9n\u00e9gal : L\u2019Etat invit\u00e9 \u00e0 garantir la s\u00e9curit\u00e9 des stations\"}]},{\"@type\":\"WebSite\",\"@id\":\"https:\/\/www.public.sn\/#website\",\"url\":\"https:\/\/www.public.sn\/\",\"name\":\"LE PUBLIC\",\"description\":\"\",\"publisher\":{\"@id\":\"https:\/\/www.public.sn\/#organization\"},\"potentialAction\":[{\"@type\":\"SearchAction\",\"target\":{\"@type\":\"EntryPoint\",\"urlTemplate\":\"https:\/\/www.public.sn\/?s={search_term_string}\"},\"query-input\":{\"@type\":\"PropertyValueSpecification\",\"valueRequired\":true,\"valueName\":\"search_term_string\"}}],\"inLanguage\":\"fr-FR\"},{\"@type\":\"Organization\",\"@id\":\"https:\/\/www.public.sn\/#organization\",\"name\":\"LE PUBLIC\",\"url\":\"https:\/\/www.public.sn\/\",\"logo\":{\"@type\":\"ImageObject\",\"inLanguage\":\"fr-FR\",\"@id\":\"https:\/\/www.public.sn\/#\/schema\/logo\/image\/\",\"url\":\"https:\/\/www.public.sn\/wp-content\/uploads\/2024\/05\/cropped-LOGO-PUBLIC.SN_.png\",\"contentUrl\":\"https:\/\/www.public.sn\/wp-content\/uploads\/2024\/05\/cropped-LOGO-PUBLIC.SN_.png\",\"width\":682,\"height\":192,\"caption\":\"LE PUBLIC\"},\"image\":{\"@id\":\"https:\/\/www.public.sn\/#\/schema\/logo\/image\/\"}},{\"@type\":\"Person\",\"@id\":\"https:\/\/www.public.sn\/#\/schema\/person\/cb76c8e1b8becc6be61fb5e92d6d0224\",\"name\":\"LA REDACTION\",\"image\":{\"@type\":\"ImageObject\",\"inLanguage\":\"fr-FR\",\"@id\":\"https:\/\/www.public.sn\/#\/schema\/person\/image\/\",\"url\":\"https:\/\/secure.gravatar.com\/avatar\/2dce5ddd34b8fef0180efe03aa2a9bee7d953856048f9a16b298190a3178407c?s=96&d=mm&r=g\",\"contentUrl\":\"https:\/\/secure.gravatar.com\/avatar\/2dce5ddd34b8fef0180efe03aa2a9bee7d953856048f9a16b298190a3178407c?s=96&d=mm&r=g\",\"caption\":\"LA REDACTION\"},\"url\":\"https:\/\/www.public.sn\/index.php\/author\/editeurpsn\/\"}]}<\/script>\n<!-- \/ Yoast SEO plugin. -->","yoast_head_json":{"title":"Manifestations au S\u00e9n\u00e9gal : L\u2019Etat invit\u00e9 \u00e0 garantir la s\u00e9curit\u00e9 des stations - LE PUBLIC","robots":{"index":"index","follow":"follow","max-snippet":"max-snippet:-1","max-image-preview":"max-image-preview:large","max-video-preview":"max-video-preview:-1"},"canonical":"https:\/\/www.public.sn\/index.php\/2023\/03\/22\/manifestations-au-senegal-letat-invite-a-garantir-la-securite-des-stations\/","og_locale":"fr_FR","og_type":"article","og_title":"Manifestations au S\u00e9n\u00e9gal : L\u2019Etat invit\u00e9 \u00e0 garantir la s\u00e9curit\u00e9 des stations - LE PUBLIC","og_description":"Le Secr\u00e9taire g\u00e9n\u00e9ral de l\u2019Association des g\u00e9rants de stations-service du S\u00e9n\u00e9gal, Ibrahima Fall, a fait une sortie dans la presse suite au saccage de nombreuses stations lors des \u00e9chauffour\u00e9es du 16 mars. Selon le journal L\u2019Observateur, il a invit\u00e9 l\u2019\u00c9tat du S\u00e9n\u00e9gal \u00e0 garantir davantage leur s\u00e9curit\u00e9. \u00ab L\u2019\u00c9tat est le garant de la s\u00e9curit\u00e9 publique. Nous l\u2019exhortons \u00e0 assurer notre s\u00e9curit\u00e9. Nous ne continuerons plus \u00e0 subir cette injustice\u00bb, a-t-il fustig\u00e9. Le sieur Fall a aussi alert\u00e9 sur les dangers \u00e0 s\u2019attaquer \u00e0 ces infrastructures qui risquent d\u2019exploser. \u00ab Quelle que soit la situation politique ou les tensions, personne ne devrait penser \u00e0 s\u2019attaquer aux stations-services\u00bb, a-t-il fustig\u00e9. Ce dernier a soutenu que \u00ab les auteurs des actes de vandalisme ont \u00e9t\u00e9 identifi\u00e9s par les cam\u00e9ras de surveillance. Et ils seront traqu\u00e9s et remis \u00e0 la Justice \u00bb.","og_url":"https:\/\/www.public.sn\/index.php\/2023\/03\/22\/manifestations-au-senegal-letat-invite-a-garantir-la-securite-des-stations\/","og_site_name":"LE PUBLIC","article_published_time":"2023-03-22T17:30:31+00:00","og_image":[{"width":650,"height":433,"url":"https:\/\/www.public.sn\/wp-content\/uploads\/2023\/03\/station-total-manif.jpg","type":"image\/jpeg"}],"author":"LA REDACTION","twitter_card":"summary_large_image","twitter_misc":{"\u00c9crit par":"LA REDACTION","Dur\u00e9e de lecture estim\u00e9e":"1 minute"},"schema":{"@context":"https:\/\/schema.org","@graph":[{"@type":"Article","@id":"https:\/\/www.public.sn\/index.php\/2023\/03\/22\/manifestations-au-senegal-letat-invite-a-garantir-la-securite-des-stations\/#article","isPartOf":{"@id":"https:\/\/www.public.sn\/index.php\/2023\/03\/22\/manifestations-au-senegal-letat-invite-a-garantir-la-securite-des-stations\/"},"author":{"name":"LA REDACTION","@id":"https:\/\/www.public.sn\/#\/schema\/person\/cb76c8e1b8becc6be61fb5e92d6d0224"},"headline":"Manifestations au S\u00e9n\u00e9gal : L\u2019Etat invit\u00e9 \u00e0 garantir la s\u00e9curit\u00e9 des stations","datePublished":"2023-03-22T17:30:31+00:00","mainEntityOfPage":{"@id":"https:\/\/www.public.sn\/index.php\/2023\/03\/22\/manifestations-au-senegal-letat-invite-a-garantir-la-securite-des-stations\/"},"wordCount":164,"commentCount":0,"publisher":{"@id":"https:\/\/www.public.sn\/#organization"},"image":{"@id":"https:\/\/www.public.sn\/index.php\/2023\/03\/22\/manifestations-au-senegal-letat-invite-a-garantir-la-securite-des-stations\/#primaryimage"},"thumbnailUrl":"https:\/\/www.public.sn\/wp-content\/uploads\/2023\/03\/station-total-manif.jpg","keywords":["manifs","saccasage","S\u00e9n\u00e9gal","station"],"articleSection":["ACTUALIT\u00c9S","justice","MANIFESTATIONS","POLITIQUE","S\u00c9CURIT\u00c9 &amp; JUSTICE","S\u00c9N\u00c9GAL","SOCIETE"],"inLanguage":"fr-FR","potentialAction":[{"@type":"CommentAction","name":"Comment","target":["https:\/\/www.public.sn\/index.php\/2023\/03\/22\/manifestations-au-senegal-letat-invite-a-garantir-la-securite-des-stations\/#respond"]}]},{"@type":"WebPage","@id":"https:\/\/www.public.sn\/index.php\/2023\/03\/22\/manifestations-au-senegal-letat-invite-a-garantir-la-securite-des-stations\/","url":"https:\/\/www.public.sn\/index.php\/2023\/03\/22\/manifestations-au-senegal-letat-invite-a-garantir-la-securite-des-stations\/","name":"Manifestations au S\u00e9n\u00e9gal : L\u2019Etat invit\u00e9 \u00e0 garantir la s\u00e9curit\u00e9 des stations - LE PUBLIC","isPartOf":{"@id":"https:\/\/www.public.sn\/#website"},"primaryImageOfPage":{"@id":"https:\/\/www.public.sn\/index.php\/2023\/03\/22\/manifestations-au-senegal-letat-invite-a-garantir-la-securite-des-stations\/#primaryimage"},"image":{"@id":"https:\/\/www.public.sn\/index.php\/2023\/03\/22\/manifestations-au-senegal-letat-invite-a-garantir-la-securite-des-stations\/#primaryimage"},"thumbnailUrl":"https:\/\/www.public.sn\/wp-content\/uploads\/2023\/03\/station-total-manif.jpg","datePublished":"2023-03-22T17:30:31+00:00","breadcrumb":{"@id":"https:\/\/www.public.sn\/index.php\/2023\/03\/22\/manifestations-au-senegal-letat-invite-a-garantir-la-securite-des-stations\/#breadcrumb"},"inLanguage":"fr-FR","potentialAction":[{"@type":"ReadAction","target":["https:\/\/www.public.sn\/index.php\/2023\/03\/22\/manifestations-au-senegal-letat-invite-a-garantir-la-securite-des-stations\/"]}]},{"@type":"ImageObject","inLanguage":"fr-FR","@id":"https:\/\/www.public.sn\/index.php\/2023\/03\/22\/manifestations-au-senegal-letat-invite-a-garantir-la-securite-des-stations\/#primaryimage","url":"https:\/\/www.public.sn\/wp-content\/uploads\/2023\/03\/station-total-manif.jpg","contentUrl":"https:\/\/www.public.sn\/wp-content\/uploads\/2023\/03\/station-total-manif.jpg","width":650,"height":433},{"@type":"BreadcrumbList","@id":"https:\/\/www.public.sn\/index.php\/2023\/03\/22\/manifestations-au-senegal-letat-invite-a-garantir-la-securite-des-stations\/#breadcrumb","itemListElement":[{"@type":"ListItem","position":1,"name":"Accueil","item":"https:\/\/www.public.sn\/"},{"@type":"ListItem","position":2,"name":"Manifestations au S\u00e9n\u00e9gal : L\u2019Etat invit\u00e9 \u00e0 garantir la s\u00e9curit\u00e9 des stations"}]},{"@type":"WebSite","@id":"https:\/\/www.public.sn\/#website","url":"https:\/\/www.public.sn\/","name":"LE PUBLIC","description":"","publisher":{"@id":"https:\/\/www.public.sn\/#organization"},"potentialAction":[{"@type":"SearchAction","target":{"@type":"EntryPoint","urlTemplate":"https:\/\/www.public.sn\/?s={search_term_string}"},"query-input":{"@type":"PropertyValueSpecification","valueRequired":true,"valueName":"search_term_string"}}],"inLanguage":"fr-FR"},{"@type":"Organization","@id":"https:\/\/www.public.sn\/#organization","name":"LE PUBLIC","url":"https:\/\/www.public.sn\/","logo":{"@type":"ImageObject","inLanguage":"fr-FR","@id":"https:\/\/www.public.sn\/#\/schema\/logo\/image\/","url":"https:\/\/www.public.sn\/wp-content\/uploads\/2024\/05\/cropped-LOGO-PUBLIC.SN_.png","contentUrl":"https:\/\/www.public.sn\/wp-content\/uploads\/2024\/05\/cropped-LOGO-PUBLIC.SN_.png","width":682,"height":192,"caption":"LE PUBLIC"},"image":{"@id":"https:\/\/www.public.sn\/#\/schema\/logo\/image\/"}},{"@type":"Person","@id":"https:\/\/www.public.sn\/#\/schema\/person\/cb76c8e1b8becc6be61fb5e92d6d0224","name":"LA REDACTION","image":{"@type":"ImageObject","inLanguage":"fr-FR","@id":"https:\/\/www.public.sn\/#\/schema\/person\/image\/","url":"https:\/\/secure.gravatar.com\/avatar\/2dce5ddd34b8fef0180efe03aa2a9bee7d953856048f9a16b298190a3178407c?s=96&d=mm&r=g","contentUrl":"https:\/\/secure.gravatar.com\/avatar\/2dce5ddd34b8fef0180efe03aa2a9bee7d953856048f9a16b298190a3178407c?s=96&d=mm&r=g","caption":"LA REDACTION"},"url":"https:\/\/www.public.sn\/index.php\/author\/editeurpsn\/"}]}},"jetpack_featured_media_url":"https:\/\/www.public.sn\/wp-content\/uploads\/2023\/03\/station-total-manif.jpg","jetpack_sharing_enabled":true,"_links":{"self":[{"href":"https:\/\/www.public.sn\/index.php\/wp-json\/wp\/v2\/posts\/18519","targetHints":{"allow":["GET"]}}],"collection":[{"href":"https:\/\/www.public.sn\/index.php\/wp-json\/wp\/v2\/posts"}],"about":[{"href":"https:\/\/www.public.sn\/index.php\/wp-json\/wp\/v2\/types\/post"}],"author":[{"embeddable":true,"href":"https:\/\/www.public.sn\/index.php\/wp-json\/wp\/v2\/users\/7"}],"replies":[{"embeddable":true,"href":"https:\/\/www.public.sn\/index.php\/wp-json\/wp\/v2\/comments?post=18519"}],"version-history":[{"count":1,"href":"https:\/\/www.public.sn\/index.php\/wp-json\/wp\/v2\/posts\/18519\/revisions"}],"predecessor-version":[{"id":18524,"href":"https:\/\/www.public.sn\/index.php\/wp-json\/wp\/v2\/posts\/18519\/revisions\/18524"}],"wp:featuredmedia":[{"embeddable":true,"href":"https:\/\/www.public.sn\/index.php\/wp-json\/wp\/v2\/media\/18522"}],"wp:attachment":[{"href":"https:\/\/www.public.sn\/index.php\/wp-json\/wp\/v2\/media?parent=18519"}],"wp:term":[{"taxonomy":"category","embeddable":true,"href":"https:\/\/www.public.sn\/index.php\/wp-json\/wp\/v2\/categories?post=18519"},{"taxonomy":"post_tag","embeddable":true,"href":"https:\/\/www.public.sn\/index.php\/wp-json\/wp\/v2\/tags?post=18519"}],"curies":[{"name":"wp","href":"https:\/\/api.w.org\/{rel}","templated":true}]}}