{"id":18526,"date":"2023-03-23T10:36:59","date_gmt":"2023-03-23T10:36:59","guid":{"rendered":"https:\/\/www.public.sn\/?p=18526"},"modified":"2023-03-23T10:36:59","modified_gmt":"2023-03-23T10:36:59","slug":"accuse-detre-a-la-solde-de-pastefdr-babacar-niang-se-defend","status":"publish","type":"post","link":"https:\/\/www.public.sn\/index.php\/2023\/03\/23\/accuse-detre-a-la-solde-de-pastefdr-babacar-niang-se-defend\/","title":{"rendered":"Accus\u00e9 d\u2019\u00eatre \u00e0 la solde de Pastef\u2026Dr Babacar Niang se d\u00e9fend"},"content":{"rendered":"<p><strong>Arr\u00eat\u00e9 la veille \u00e0 M\u00e9dina Ndiathb\u00e9,Dr Babacar Niang,\u00a0le propri\u00e9taire de la clinique priv\u00e9e Suma Assistance o\u00f9 Ousmane Sonko est hospitalis\u00e9 depuis le 16 mars, a \u00e9t\u00e9 plac\u00e9 en garde \u00e0 vue ce mercredi dans les locaux de la S\u00fbret\u00e9 urbaine (SU). Il est poursuivi pour non-assistance \u00e0 personne en danger et homicide involontaire. Ces griefs font suite \u00e0 la plainte de la famille de Mamadou Ly dit Doudou Fall, agent \u00e0 la mairie de la M\u00e9dina, qui a succomb\u00e9 \u00e0 ses blessures apr\u00e8s qu\u2019il a \u00e9t\u00e9 lynch\u00e9 jeudi dernier.<\/strong><\/p><div class=\"publi-paragraphe1\" style=\"margin-top: 10px;margin-bottom: 10px;margin-left: auto;margin-right: auto;text-align: center;\" id=\"publi-759650632\"><div class=\"publi-adlabel\">Publicit\u00e9<\/div><script async src=\"\/\/pagead2.googlesyndication.com\/pagead\/js\/adsbygoogle.js?client=ca-pub-4089586018074219\" crossorigin=\"anonymous\"><\/script><ins class=\"adsbygoogle\" style=\"display:block;\" data-ad-client=\"ca-pub-4089586018074219\" \ndata-ad-slot=\"2087940154\" \ndata-ad-format=\"auto\"><\/ins>\n<script> \n(adsbygoogle = window.adsbygoogle || []).push({}); \n<\/script>\n<\/div>\n<p>Dans la plainte il est mentionn\u00e9 que le personnel de l\u2019ambulance de Suma Assistance qui transportait le d\u00e9funt, a demand\u00e9 \u00e0 celui-ci s\u2019il \u00e9tait membre de Pastef. Et qu\u2019\u00e0 cause de sa r\u00e9ponse n\u00e9gative, il a \u00e9t\u00e9 n\u00e9glig\u00e9 sous pr\u00e9texte que la priorit\u00e9 pour la clinique est de prendre en charge les militants du parti de Ousmane Sonko en vertu d\u2019un contrat qui lierait ladite formation politique \u00e0 la clinique priv\u00e9e.<\/p>\n<p>Dr Babacar Niang a rejet\u00e9 cette accusation. Il a pr\u00e9cis\u00e9 que ses agents ont juste demand\u00e9 au patient s\u2019il avait une prise en charge ou pas. Il a \u00e9galement ni\u00e9 avoir conclu un contrat avec Pastef stipulant que ses militants bless\u00e9s lors des manifestations doivent \u00eatre pris en charge prioritairement dans sa clinique.<\/p>\n<p>Dr Babacar Niang a reconnu cependant que deux de ses collaborateurs, Dr Ousmane Ciss\u00e9 et l\u2019infirmier Al\u00e9 Ba, lui ont demand\u00e9 de les pr\u00e9venir chaque fois que son \u00e9tablissement re\u00e7oit un militant de Pastef. Il a ajout\u00e9 que malgr\u00e9 tout, Dr Ciss\u00e9, neurochirurgien, avait promis de passer vendredi pour prendre en charge Doudou Fall, mais que la famille de ce dernier l\u2019avait d\u00e9j\u00e0 transf\u00e9r\u00e9.<\/p>\n<p>Dr Babacar Niang sera une nouvelle fois interrog\u00e9 ce jeudi. Le journal pr\u00e9cise que cette deuxi\u00e8me audition portera sur les conditions de prise en charge de Ousmane Sonko \u00e0 Suma Assistance.<\/p>\n<div class=\"publi-apres-le-contenu\" style=\"margin-top: 10px;margin-bottom: 10px;margin-left: auto;margin-right: auto;text-align: center;\" id=\"publi-1883990871\"><div class=\"publi-adlabel\">Publicit\u00e9<\/div><script async src=\"\/\/pagead2.googlesyndication.com\/pagead\/js\/adsbygoogle.js?client=ca-pub-4089586018074219\" crossorigin=\"anonymous\"><\/script><ins class=\"adsbygoogle\" style=\"display:block;\" data-ad-client=\"ca-pub-4089586018074219\" \ndata-ad-slot=\"2087940154\" \ndata-ad-format=\"auto\"><\/ins>\n<script> \n(adsbygoogle = window.adsbygoogle || []).push({}); \n<\/script>\n<\/div>","protected":false},"excerpt":{"rendered":"<p>Arr\u00eat\u00e9 la veille \u00e0 M\u00e9dina Ndiathb\u00e9,Dr Babacar Niang,\u00a0le propri\u00e9taire de la clinique priv\u00e9e Suma Assistance o\u00f9 Ousmane Sonko est hospitalis\u00e9 depuis le 16 mars, a \u00e9t\u00e9 plac\u00e9 en garde \u00e0 vue ce mercredi dans les locaux de la S\u00fbret\u00e9 urbaine (SU). Il est poursuivi pour non-assistance \u00e0 personne en danger et homicide involontaire. Ces griefs font suite \u00e0 la plainte de la famille de Mamadou Ly dit Doudou Fall, agent \u00e0 la mairie de la M\u00e9dina, qui a succomb\u00e9 \u00e0 ses blessures apr\u00e8s qu\u2019il a \u00e9t\u00e9 lynch\u00e9 jeudi dernier. Dans la plainte il est mentionn\u00e9 que le personnel de l\u2019ambulance de Suma Assistance qui transportait le d\u00e9funt, a demand\u00e9 \u00e0 celui-ci s\u2019il \u00e9tait membre de Pastef. Et qu\u2019\u00e0 cause de sa r\u00e9ponse n\u00e9gative, il a \u00e9t\u00e9 n\u00e9glig\u00e9 sous pr\u00e9texte que la priorit\u00e9 pour la clinique est de prendre en charge les militants du parti de Ousmane Sonko en vertu d\u2019un contrat qui lierait ladite formation politique \u00e0 la clinique priv\u00e9e. Dr Babacar Niang a rejet\u00e9 cette accusation. Il a pr\u00e9cis\u00e9 que ses agents ont juste demand\u00e9 au patient s\u2019il avait une prise en charge ou pas. Il a \u00e9galement ni\u00e9 avoir conclu un contrat avec Pastef stipulant que ses militants bless\u00e9s lors des manifestations doivent \u00eatre pris en charge prioritairement dans sa clinique. Dr Babacar Niang a reconnu cependant que deux de ses collaborateurs, Dr Ousmane Ciss\u00e9 et l\u2019infirmier Al\u00e9 Ba, lui ont demand\u00e9 de les pr\u00e9venir chaque fois que son \u00e9tablissement re\u00e7oit un militant de Pastef. Il a ajout\u00e9 que malgr\u00e9 tout, Dr Ciss\u00e9, neurochirurgien, avait promis de passer vendredi pour prendre en charge Doudou Fall, mais que la famille de ce dernier l\u2019avait d\u00e9j\u00e0 transf\u00e9r\u00e9. Dr Babacar Niang sera une nouvelle fois interrog\u00e9 ce jeudi. Le journal pr\u00e9cise que cette deuxi\u00e8me audition portera sur les conditions de prise en charge de Ousmane Sonko \u00e0 Suma Assistance.<\/p>\n","protected":false},"author":7,"featured_media":18575,"comment_status":"open","ping_status":"open","sticky":false,"template":"","format":"standard","meta":{"_jetpack_memberships_contains_paid_content":false,"footnotes":""},"categories":[375,3724,3,376,1,4,372],"tags":[1473,4891,24],"class_list":["post-18526","post","type-post","status-publish","format-standard","has-post-thumbnail","hentry","category-actualites","category-justice","category-politique","category-securite-justice","category-non-classe","category-societe","category-vedette","tag-arrestation","tag-dr-babacar-niang","tag-justice","entry","has-media","owp-thumbs-layout-horizontal","owp-btn-normal","owp-tabs-layout-horizontal","has-no-thumbnails","has-product-nav"],"yoast_head":"<!-- This site is optimized with the Yoast SEO plugin v25.5 - https:\/\/yoast.com\/wordpress\/plugins\/seo\/ -->\n<title>Accus\u00e9 d\u2019\u00eatre \u00e0 la solde de Pastef\u2026Dr Babacar Niang se d\u00e9fend - LE PUBLIC<\/title>\n<meta name=\"robots\" content=\"index, follow, max-snippet:-1, max-image-preview:large, max-video-preview:-1\" \/>\n<link rel=\"canonical\" href=\"https:\/\/www.public.sn\/index.php\/2023\/03\/23\/accuse-detre-a-la-solde-de-pastefdr-babacar-niang-se-defend\/\" \/>\n<meta property=\"og:locale\" content=\"fr_FR\" \/>\n<meta property=\"og:type\" content=\"article\" \/>\n<meta property=\"og:title\" content=\"Accus\u00e9 d\u2019\u00eatre \u00e0 la solde de Pastef\u2026Dr Babacar Niang se d\u00e9fend - LE PUBLIC\" \/>\n<meta property=\"og:description\" content=\"Arr\u00eat\u00e9 la veille \u00e0 M\u00e9dina Ndiathb\u00e9,Dr Babacar Niang,\u00a0le propri\u00e9taire de la clinique priv\u00e9e Suma Assistance o\u00f9 Ousmane Sonko est hospitalis\u00e9 depuis le 16 mars, a \u00e9t\u00e9 plac\u00e9 en garde \u00e0 vue ce mercredi dans les locaux de la S\u00fbret\u00e9 urbaine (SU). Il est poursuivi pour non-assistance \u00e0 personne en danger et homicide involontaire. Ces griefs font suite \u00e0 la plainte de la famille de Mamadou Ly dit Doudou Fall, agent \u00e0 la mairie de la M\u00e9dina, qui a succomb\u00e9 \u00e0 ses blessures apr\u00e8s qu\u2019il a \u00e9t\u00e9 lynch\u00e9 jeudi dernier. Dans la plainte il est mentionn\u00e9 que le personnel de l\u2019ambulance de Suma Assistance qui transportait le d\u00e9funt, a demand\u00e9 \u00e0 celui-ci s\u2019il \u00e9tait membre de Pastef. Et qu\u2019\u00e0 cause de sa r\u00e9ponse n\u00e9gative, il a \u00e9t\u00e9 n\u00e9glig\u00e9 sous pr\u00e9texte que la priorit\u00e9 pour la clinique est de prendre en charge les militants du parti de Ousmane Sonko en vertu d\u2019un contrat qui lierait ladite formation politique \u00e0 la clinique priv\u00e9e. Dr Babacar Niang a rejet\u00e9 cette accusation. Il a pr\u00e9cis\u00e9 que ses agents ont juste demand\u00e9 au patient s\u2019il avait une prise en charge ou pas. Il a \u00e9galement ni\u00e9 avoir conclu un contrat avec Pastef stipulant que ses militants bless\u00e9s lors des manifestations doivent \u00eatre pris en charge prioritairement dans sa clinique. Dr Babacar Niang a reconnu cependant que deux de ses collaborateurs, Dr Ousmane Ciss\u00e9 et l\u2019infirmier Al\u00e9 Ba, lui ont demand\u00e9 de les pr\u00e9venir chaque fois que son \u00e9tablissement re\u00e7oit un militant de Pastef. Il a ajout\u00e9 que malgr\u00e9 tout, Dr Ciss\u00e9, neurochirurgien, avait promis de passer vendredi pour prendre en charge Doudou Fall, mais que la famille de ce dernier l\u2019avait d\u00e9j\u00e0 transf\u00e9r\u00e9. Dr Babacar Niang sera une nouvelle fois interrog\u00e9 ce jeudi. Le journal pr\u00e9cise que cette deuxi\u00e8me audition portera sur les conditions de prise en charge de Ousmane Sonko \u00e0 Suma Assistance.\" \/>\n<meta property=\"og:url\" content=\"https:\/\/www.public.sn\/index.php\/2023\/03\/23\/accuse-detre-a-la-solde-de-pastefdr-babacar-niang-se-defend\/\" \/>\n<meta property=\"og:site_name\" content=\"LE PUBLIC\" \/>\n<meta property=\"article:published_time\" content=\"2023-03-23T10:36:59+00:00\" \/>\n<meta property=\"og:image\" content=\"https:\/\/www.public.sn\/wp-content\/uploads\/2023\/03\/Dr-Babacar-Niang.jpg\" \/>\n\t<meta property=\"og:image:width\" content=\"296\" \/>\n\t<meta property=\"og:image:height\" content=\"170\" \/>\n\t<meta property=\"og:image:type\" content=\"image\/jpeg\" \/>\n<meta name=\"author\" content=\"LA REDACTION\" \/>\n<meta name=\"twitter:card\" content=\"summary_large_image\" \/>\n<meta name=\"twitter:label1\" content=\"\u00c9crit par\" \/>\n\t<meta name=\"twitter:data1\" content=\"LA REDACTION\" \/>\n\t<meta name=\"twitter:label2\" content=\"Dur\u00e9e de lecture estim\u00e9e\" \/>\n\t<meta name=\"twitter:data2\" content=\"2 minutes\" \/>\n<script type=\"application\/ld+json\" class=\"yoast-schema-graph\">{\"@context\":\"https:\/\/schema.org\",\"@graph\":[{\"@type\":\"Article\",\"@id\":\"https:\/\/www.public.sn\/index.php\/2023\/03\/23\/accuse-detre-a-la-solde-de-pastefdr-babacar-niang-se-defend\/#article\",\"isPartOf\":{\"@id\":\"https:\/\/www.public.sn\/index.php\/2023\/03\/23\/accuse-detre-a-la-solde-de-pastefdr-babacar-niang-se-defend\/\"},\"author\":{\"name\":\"LA REDACTION\",\"@id\":\"https:\/\/www.public.sn\/#\/schema\/person\/cb76c8e1b8becc6be61fb5e92d6d0224\"},\"headline\":\"Accus\u00e9 d\u2019\u00eatre \u00e0 la solde de Pastef\u2026Dr Babacar Niang se d\u00e9fend\",\"datePublished\":\"2023-03-23T10:36:59+00:00\",\"mainEntityOfPage\":{\"@id\":\"https:\/\/www.public.sn\/index.php\/2023\/03\/23\/accuse-detre-a-la-solde-de-pastefdr-babacar-niang-se-defend\/\"},\"wordCount\":341,\"commentCount\":0,\"publisher\":{\"@id\":\"https:\/\/www.public.sn\/#organization\"},\"image\":{\"@id\":\"https:\/\/www.public.sn\/index.php\/2023\/03\/23\/accuse-detre-a-la-solde-de-pastefdr-babacar-niang-se-defend\/#primaryimage\"},\"thumbnailUrl\":\"https:\/\/www.public.sn\/wp-content\/uploads\/2023\/03\/Dr-Babacar-Niang.jpg\",\"keywords\":[\"arrestation\",\"Dr Babacar Niang\",\"Justice\"],\"articleSection\":[\"ACTUALIT\u00c9S\",\"justice\",\"POLITIQUE\",\"S\u00c9CURIT\u00c9 &amp; JUSTICE\",\"S\u00c9N\u00c9GAL\",\"SOCIETE\",\"VEDETTE\"],\"inLanguage\":\"fr-FR\",\"potentialAction\":[{\"@type\":\"CommentAction\",\"name\":\"Comment\",\"target\":[\"https:\/\/www.public.sn\/index.php\/2023\/03\/23\/accuse-detre-a-la-solde-de-pastefdr-babacar-niang-se-defend\/#respond\"]}]},{\"@type\":\"WebPage\",\"@id\":\"https:\/\/www.public.sn\/index.php\/2023\/03\/23\/accuse-detre-a-la-solde-de-pastefdr-babacar-niang-se-defend\/\",\"url\":\"https:\/\/www.public.sn\/index.php\/2023\/03\/23\/accuse-detre-a-la-solde-de-pastefdr-babacar-niang-se-defend\/\",\"name\":\"Accus\u00e9 d\u2019\u00eatre \u00e0 la solde de Pastef\u2026Dr Babacar Niang se d\u00e9fend - LE PUBLIC\",\"isPartOf\":{\"@id\":\"https:\/\/www.public.sn\/#website\"},\"primaryImageOfPage\":{\"@id\":\"https:\/\/www.public.sn\/index.php\/2023\/03\/23\/accuse-detre-a-la-solde-de-pastefdr-babacar-niang-se-defend\/#primaryimage\"},\"image\":{\"@id\":\"https:\/\/www.public.sn\/index.php\/2023\/03\/23\/accuse-detre-a-la-solde-de-pastefdr-babacar-niang-se-defend\/#primaryimage\"},\"thumbnailUrl\":\"https:\/\/www.public.sn\/wp-content\/uploads\/2023\/03\/Dr-Babacar-Niang.jpg\",\"datePublished\":\"2023-03-23T10:36:59+00:00\",\"breadcrumb\":{\"@id\":\"https:\/\/www.public.sn\/index.php\/2023\/03\/23\/accuse-detre-a-la-solde-de-pastefdr-babacar-niang-se-defend\/#breadcrumb\"},\"inLanguage\":\"fr-FR\",\"potentialAction\":[{\"@type\":\"ReadAction\",\"target\":[\"https:\/\/www.public.sn\/index.php\/2023\/03\/23\/accuse-detre-a-la-solde-de-pastefdr-babacar-niang-se-defend\/\"]}]},{\"@type\":\"ImageObject\",\"inLanguage\":\"fr-FR\",\"@id\":\"https:\/\/www.public.sn\/index.php\/2023\/03\/23\/accuse-detre-a-la-solde-de-pastefdr-babacar-niang-se-defend\/#primaryimage\",\"url\":\"https:\/\/www.public.sn\/wp-content\/uploads\/2023\/03\/Dr-Babacar-Niang.jpg\",\"contentUrl\":\"https:\/\/www.public.sn\/wp-content\/uploads\/2023\/03\/Dr-Babacar-Niang.jpg\",\"width\":296,\"height\":170},{\"@type\":\"BreadcrumbList\",\"@id\":\"https:\/\/www.public.sn\/index.php\/2023\/03\/23\/accuse-detre-a-la-solde-de-pastefdr-babacar-niang-se-defend\/#breadcrumb\",\"itemListElement\":[{\"@type\":\"ListItem\",\"position\":1,\"name\":\"Accueil\",\"item\":\"https:\/\/www.public.sn\/\"},{\"@type\":\"ListItem\",\"position\":2,\"name\":\"Accus\u00e9 d\u2019\u00eatre \u00e0 la solde de Pastef\u2026Dr Babacar Niang se d\u00e9fend\"}]},{\"@type\":\"WebSite\",\"@id\":\"https:\/\/www.public.sn\/#website\",\"url\":\"https:\/\/www.public.sn\/\",\"name\":\"LE PUBLIC\",\"description\":\"\",\"publisher\":{\"@id\":\"https:\/\/www.public.sn\/#organization\"},\"potentialAction\":[{\"@type\":\"SearchAction\",\"target\":{\"@type\":\"EntryPoint\",\"urlTemplate\":\"https:\/\/www.public.sn\/?s={search_term_string}\"},\"query-input\":{\"@type\":\"PropertyValueSpecification\",\"valueRequired\":true,\"valueName\":\"search_term_string\"}}],\"inLanguage\":\"fr-FR\"},{\"@type\":\"Organization\",\"@id\":\"https:\/\/www.public.sn\/#organization\",\"name\":\"LE PUBLIC\",\"url\":\"https:\/\/www.public.sn\/\",\"logo\":{\"@type\":\"ImageObject\",\"inLanguage\":\"fr-FR\",\"@id\":\"https:\/\/www.public.sn\/#\/schema\/logo\/image\/\",\"url\":\"https:\/\/www.public.sn\/wp-content\/uploads\/2024\/05\/cropped-LOGO-PUBLIC.SN_.png\",\"contentUrl\":\"https:\/\/www.public.sn\/wp-content\/uploads\/2024\/05\/cropped-LOGO-PUBLIC.SN_.png\",\"width\":682,\"height\":192,\"caption\":\"LE PUBLIC\"},\"image\":{\"@id\":\"https:\/\/www.public.sn\/#\/schema\/logo\/image\/\"}},{\"@type\":\"Person\",\"@id\":\"https:\/\/www.public.sn\/#\/schema\/person\/cb76c8e1b8becc6be61fb5e92d6d0224\",\"name\":\"LA REDACTION\",\"image\":{\"@type\":\"ImageObject\",\"inLanguage\":\"fr-FR\",\"@id\":\"https:\/\/www.public.sn\/#\/schema\/person\/image\/\",\"url\":\"https:\/\/secure.gravatar.com\/avatar\/2dce5ddd34b8fef0180efe03aa2a9bee7d953856048f9a16b298190a3178407c?s=96&d=mm&r=g\",\"contentUrl\":\"https:\/\/secure.gravatar.com\/avatar\/2dce5ddd34b8fef0180efe03aa2a9bee7d953856048f9a16b298190a3178407c?s=96&d=mm&r=g\",\"caption\":\"LA REDACTION\"},\"url\":\"https:\/\/www.public.sn\/index.php\/author\/editeurpsn\/\"}]}<\/script>\n<!-- \/ Yoast SEO plugin. -->","yoast_head_json":{"title":"Accus\u00e9 d\u2019\u00eatre \u00e0 la solde de Pastef\u2026Dr Babacar Niang se d\u00e9fend - LE PUBLIC","robots":{"index":"index","follow":"follow","max-snippet":"max-snippet:-1","max-image-preview":"max-image-preview:large","max-video-preview":"max-video-preview:-1"},"canonical":"https:\/\/www.public.sn\/index.php\/2023\/03\/23\/accuse-detre-a-la-solde-de-pastefdr-babacar-niang-se-defend\/","og_locale":"fr_FR","og_type":"article","og_title":"Accus\u00e9 d\u2019\u00eatre \u00e0 la solde de Pastef\u2026Dr Babacar Niang se d\u00e9fend - LE PUBLIC","og_description":"Arr\u00eat\u00e9 la veille \u00e0 M\u00e9dina Ndiathb\u00e9,Dr Babacar Niang,\u00a0le propri\u00e9taire de la clinique priv\u00e9e Suma Assistance o\u00f9 Ousmane Sonko est hospitalis\u00e9 depuis le 16 mars, a \u00e9t\u00e9 plac\u00e9 en garde \u00e0 vue ce mercredi dans les locaux de la S\u00fbret\u00e9 urbaine (SU). Il est poursuivi pour non-assistance \u00e0 personne en danger et homicide involontaire. Ces griefs font suite \u00e0 la plainte de la famille de Mamadou Ly dit Doudou Fall, agent \u00e0 la mairie de la M\u00e9dina, qui a succomb\u00e9 \u00e0 ses blessures apr\u00e8s qu\u2019il a \u00e9t\u00e9 lynch\u00e9 jeudi dernier. Dans la plainte il est mentionn\u00e9 que le personnel de l\u2019ambulance de Suma Assistance qui transportait le d\u00e9funt, a demand\u00e9 \u00e0 celui-ci s\u2019il \u00e9tait membre de Pastef. Et qu\u2019\u00e0 cause de sa r\u00e9ponse n\u00e9gative, il a \u00e9t\u00e9 n\u00e9glig\u00e9 sous pr\u00e9texte que la priorit\u00e9 pour la clinique est de prendre en charge les militants du parti de Ousmane Sonko en vertu d\u2019un contrat qui lierait ladite formation politique \u00e0 la clinique priv\u00e9e. Dr Babacar Niang a rejet\u00e9 cette accusation. Il a pr\u00e9cis\u00e9 que ses agents ont juste demand\u00e9 au patient s\u2019il avait une prise en charge ou pas. Il a \u00e9galement ni\u00e9 avoir conclu un contrat avec Pastef stipulant que ses militants bless\u00e9s lors des manifestations doivent \u00eatre pris en charge prioritairement dans sa clinique. Dr Babacar Niang a reconnu cependant que deux de ses collaborateurs, Dr Ousmane Ciss\u00e9 et l\u2019infirmier Al\u00e9 Ba, lui ont demand\u00e9 de les pr\u00e9venir chaque fois que son \u00e9tablissement re\u00e7oit un militant de Pastef. Il a ajout\u00e9 que malgr\u00e9 tout, Dr Ciss\u00e9, neurochirurgien, avait promis de passer vendredi pour prendre en charge Doudou Fall, mais que la famille de ce dernier l\u2019avait d\u00e9j\u00e0 transf\u00e9r\u00e9. Dr Babacar Niang sera une nouvelle fois interrog\u00e9 ce jeudi. Le journal pr\u00e9cise que cette deuxi\u00e8me audition portera sur les conditions de prise en charge de Ousmane Sonko \u00e0 Suma Assistance.","og_url":"https:\/\/www.public.sn\/index.php\/2023\/03\/23\/accuse-detre-a-la-solde-de-pastefdr-babacar-niang-se-defend\/","og_site_name":"LE PUBLIC","article_published_time":"2023-03-23T10:36:59+00:00","og_image":[{"width":296,"height":170,"url":"https:\/\/www.public.sn\/wp-content\/uploads\/2023\/03\/Dr-Babacar-Niang.jpg","type":"image\/jpeg"}],"author":"LA REDACTION","twitter_card":"summary_large_image","twitter_misc":{"\u00c9crit par":"LA REDACTION","Dur\u00e9e de lecture estim\u00e9e":"2 minutes"},"schema":{"@context":"https:\/\/schema.org","@graph":[{"@type":"Article","@id":"https:\/\/www.public.sn\/index.php\/2023\/03\/23\/accuse-detre-a-la-solde-de-pastefdr-babacar-niang-se-defend\/#article","isPartOf":{"@id":"https:\/\/www.public.sn\/index.php\/2023\/03\/23\/accuse-detre-a-la-solde-de-pastefdr-babacar-niang-se-defend\/"},"author":{"name":"LA REDACTION","@id":"https:\/\/www.public.sn\/#\/schema\/person\/cb76c8e1b8becc6be61fb5e92d6d0224"},"headline":"Accus\u00e9 d\u2019\u00eatre \u00e0 la solde de Pastef\u2026Dr Babacar Niang se d\u00e9fend","datePublished":"2023-03-23T10:36:59+00:00","mainEntityOfPage":{"@id":"https:\/\/www.public.sn\/index.php\/2023\/03\/23\/accuse-detre-a-la-solde-de-pastefdr-babacar-niang-se-defend\/"},"wordCount":341,"commentCount":0,"publisher":{"@id":"https:\/\/www.public.sn\/#organization"},"image":{"@id":"https:\/\/www.public.sn\/index.php\/2023\/03\/23\/accuse-detre-a-la-solde-de-pastefdr-babacar-niang-se-defend\/#primaryimage"},"thumbnailUrl":"https:\/\/www.public.sn\/wp-content\/uploads\/2023\/03\/Dr-Babacar-Niang.jpg","keywords":["arrestation","Dr Babacar Niang","Justice"],"articleSection":["ACTUALIT\u00c9S","justice","POLITIQUE","S\u00c9CURIT\u00c9 &amp; JUSTICE","S\u00c9N\u00c9GAL","SOCIETE","VEDETTE"],"inLanguage":"fr-FR","potentialAction":[{"@type":"CommentAction","name":"Comment","target":["https:\/\/www.public.sn\/index.php\/2023\/03\/23\/accuse-detre-a-la-solde-de-pastefdr-babacar-niang-se-defend\/#respond"]}]},{"@type":"WebPage","@id":"https:\/\/www.public.sn\/index.php\/2023\/03\/23\/accuse-detre-a-la-solde-de-pastefdr-babacar-niang-se-defend\/","url":"https:\/\/www.public.sn\/index.php\/2023\/03\/23\/accuse-detre-a-la-solde-de-pastefdr-babacar-niang-se-defend\/","name":"Accus\u00e9 d\u2019\u00eatre \u00e0 la solde de Pastef\u2026Dr Babacar Niang se d\u00e9fend - LE PUBLIC","isPartOf":{"@id":"https:\/\/www.public.sn\/#website"},"primaryImageOfPage":{"@id":"https:\/\/www.public.sn\/index.php\/2023\/03\/23\/accuse-detre-a-la-solde-de-pastefdr-babacar-niang-se-defend\/#primaryimage"},"image":{"@id":"https:\/\/www.public.sn\/index.php\/2023\/03\/23\/accuse-detre-a-la-solde-de-pastefdr-babacar-niang-se-defend\/#primaryimage"},"thumbnailUrl":"https:\/\/www.public.sn\/wp-content\/uploads\/2023\/03\/Dr-Babacar-Niang.jpg","datePublished":"2023-03-23T10:36:59+00:00","breadcrumb":{"@id":"https:\/\/www.public.sn\/index.php\/2023\/03\/23\/accuse-detre-a-la-solde-de-pastefdr-babacar-niang-se-defend\/#breadcrumb"},"inLanguage":"fr-FR","potentialAction":[{"@type":"ReadAction","target":["https:\/\/www.public.sn\/index.php\/2023\/03\/23\/accuse-detre-a-la-solde-de-pastefdr-babacar-niang-se-defend\/"]}]},{"@type":"ImageObject","inLanguage":"fr-FR","@id":"https:\/\/www.public.sn\/index.php\/2023\/03\/23\/accuse-detre-a-la-solde-de-pastefdr-babacar-niang-se-defend\/#primaryimage","url":"https:\/\/www.public.sn\/wp-content\/uploads\/2023\/03\/Dr-Babacar-Niang.jpg","contentUrl":"https:\/\/www.public.sn\/wp-content\/uploads\/2023\/03\/Dr-Babacar-Niang.jpg","width":296,"height":170},{"@type":"BreadcrumbList","@id":"https:\/\/www.public.sn\/index.php\/2023\/03\/23\/accuse-detre-a-la-solde-de-pastefdr-babacar-niang-se-defend\/#breadcrumb","itemListElement":[{"@type":"ListItem","position":1,"name":"Accueil","item":"https:\/\/www.public.sn\/"},{"@type":"ListItem","position":2,"name":"Accus\u00e9 d\u2019\u00eatre \u00e0 la solde de Pastef\u2026Dr Babacar Niang se d\u00e9fend"}]},{"@type":"WebSite","@id":"https:\/\/www.public.sn\/#website","url":"https:\/\/www.public.sn\/","name":"LE PUBLIC","description":"","publisher":{"@id":"https:\/\/www.public.sn\/#organization"},"potentialAction":[{"@type":"SearchAction","target":{"@type":"EntryPoint","urlTemplate":"https:\/\/www.public.sn\/?s={search_term_string}"},"query-input":{"@type":"PropertyValueSpecification","valueRequired":true,"valueName":"search_term_string"}}],"inLanguage":"fr-FR"},{"@type":"Organization","@id":"https:\/\/www.public.sn\/#organization","name":"LE PUBLIC","url":"https:\/\/www.public.sn\/","logo":{"@type":"ImageObject","inLanguage":"fr-FR","@id":"https:\/\/www.public.sn\/#\/schema\/logo\/image\/","url":"https:\/\/www.public.sn\/wp-content\/uploads\/2024\/05\/cropped-LOGO-PUBLIC.SN_.png","contentUrl":"https:\/\/www.public.sn\/wp-content\/uploads\/2024\/05\/cropped-LOGO-PUBLIC.SN_.png","width":682,"height":192,"caption":"LE PUBLIC"},"image":{"@id":"https:\/\/www.public.sn\/#\/schema\/logo\/image\/"}},{"@type":"Person","@id":"https:\/\/www.public.sn\/#\/schema\/person\/cb76c8e1b8becc6be61fb5e92d6d0224","name":"LA REDACTION","image":{"@type":"ImageObject","inLanguage":"fr-FR","@id":"https:\/\/www.public.sn\/#\/schema\/person\/image\/","url":"https:\/\/secure.gravatar.com\/avatar\/2dce5ddd34b8fef0180efe03aa2a9bee7d953856048f9a16b298190a3178407c?s=96&d=mm&r=g","contentUrl":"https:\/\/secure.gravatar.com\/avatar\/2dce5ddd34b8fef0180efe03aa2a9bee7d953856048f9a16b298190a3178407c?s=96&d=mm&r=g","caption":"LA REDACTION"},"url":"https:\/\/www.public.sn\/index.php\/author\/editeurpsn\/"}]}},"jetpack_featured_media_url":"https:\/\/www.public.sn\/wp-content\/uploads\/2023\/03\/Dr-Babacar-Niang.jpg","jetpack_sharing_enabled":true,"_links":{"self":[{"href":"https:\/\/www.public.sn\/index.php\/wp-json\/wp\/v2\/posts\/18526","targetHints":{"allow":["GET"]}}],"collection":[{"href":"https:\/\/www.public.sn\/index.php\/wp-json\/wp\/v2\/posts"}],"about":[{"href":"https:\/\/www.public.sn\/index.php\/wp-json\/wp\/v2\/types\/post"}],"author":[{"embeddable":true,"href":"https:\/\/www.public.sn\/index.php\/wp-json\/wp\/v2\/users\/7"}],"replies":[{"embeddable":true,"href":"https:\/\/www.public.sn\/index.php\/wp-json\/wp\/v2\/comments?post=18526"}],"version-history":[{"count":1,"href":"https:\/\/www.public.sn\/index.php\/wp-json\/wp\/v2\/posts\/18526\/revisions"}],"predecessor-version":[{"id":18576,"href":"https:\/\/www.public.sn\/index.php\/wp-json\/wp\/v2\/posts\/18526\/revisions\/18576"}],"wp:featuredmedia":[{"embeddable":true,"href":"https:\/\/www.public.sn\/index.php\/wp-json\/wp\/v2\/media\/18575"}],"wp:attachment":[{"href":"https:\/\/www.public.sn\/index.php\/wp-json\/wp\/v2\/media?parent=18526"}],"wp:term":[{"taxonomy":"category","embeddable":true,"href":"https:\/\/www.public.sn\/index.php\/wp-json\/wp\/v2\/categories?post=18526"},{"taxonomy":"post_tag","embeddable":true,"href":"https:\/\/www.public.sn\/index.php\/wp-json\/wp\/v2\/tags?post=18526"}],"curies":[{"name":"wp","href":"https:\/\/api.w.org\/{rel}","templated":true}]}}