{"id":18527,"date":"2023-03-22T19:29:08","date_gmt":"2023-03-22T19:29:08","guid":{"rendered":"https:\/\/www.public.sn\/?p=18527"},"modified":"2023-03-22T19:29:08","modified_gmt":"2023-03-22T19:29:08","slug":"grand-panel-citoyen-un-cadre-de-concertation-et-de-dialogue","status":"publish","type":"post","link":"https:\/\/www.public.sn\/index.php\/2023\/03\/22\/grand-panel-citoyen-un-cadre-de-concertation-et-de-dialogue\/","title":{"rendered":"Grand Panel Citoyen, un cadre de concertation et de dialogue&#8230;"},"content":{"rendered":"<p><b>Ouvert \u00e0 tous les secteurs d\u2019activit\u00e9 de la soci\u00e9t\u00e9 s\u00e9n\u00e9galaise, le \u2018\u2019Grand Panel Citoyen\u2019\u2019(GPC) est \u2018\u2019un cadre de concertation et de dialogue qui pr\u00f4ne sur l&rsquo;accomplissement de la jeunesse s\u00e9n\u00e9galaise et africaine.\u00a0\u00a0<\/b><\/p><div class=\"publi-paragraphe1\" style=\"margin-top: 10px;margin-bottom: 10px;margin-left: auto;margin-right: auto;text-align: center;\" id=\"publi-2837537184\"><div class=\"publi-adlabel\">Publicit\u00e9<\/div><script async src=\"\/\/pagead2.googlesyndication.com\/pagead\/js\/adsbygoogle.js?client=ca-pub-4089586018074219\" crossorigin=\"anonymous\"><\/script><ins class=\"adsbygoogle\" style=\"display:block;\" data-ad-client=\"ca-pub-4089586018074219\" \ndata-ad-slot=\"2087940154\" \ndata-ad-format=\"auto\"><\/ins>\n<script> \n(adsbygoogle = window.adsbygoogle || []).push({}); \n<\/script>\n<\/div>\n<p>\u00ab\u00a0Quand on prend mille personnes, les 40% sont int\u00e9ress\u00e9es par le logement, 16% par l\u2019Education et un peu moins par l\u2019enseignement sup\u00e9rieur.\u00a0\u00bb a estim\u00e9 Abdoul Aziz Seck l&rsquo;initiateur du mouvement citoyen le grand panel.\u00a0 pour lui, il y a un d\u00e9cryptage \u00e0 faire.\u00a0Il s\u2019agit\u00a0 selon lui, de cr\u00e9er un cadre appropri\u00e9 pour que les d\u00e9cideurs publics puissent mieux communiquer avec les populations autour de leurs pr\u00e9occupations. Cela veut dire pour lui que les S\u00e9n\u00e9galais ont besoin de savoir, comment acc\u00e9der, par exemple, au programme des cent mille logements. Cela veut dire\u00a0 \u00e9galement que ce besoin d\u2019informer et de savoir, a soulign\u00e9 Abdoul Aziz Seck.<\/p>\n<p>Cette plateforme permettra aux d\u00e9cideurs publics de faire face aux citoyens pour \u00e9changer sur les questions relevant de la gestion de la chose publique.\u00a0 M. Seck, \u00e9galement repr\u00e9sentant du secteur priv\u00e9 dans le GPC. C\u2019est juste dire qu\u2019on ne va pas se limiter au secteur de l\u2019\u00e9ducation, de l\u2019enseignement sup\u00e9rieur ou de l\u2019urbanisme\u2019\u2019, a expliqu\u00e9 Abdou Aziz Seck. Il a signal\u00e9 qu&rsquo;\u2018\u2019il est pr\u00e9vu pour chaque d\u00e9partement concern\u00e9 la production d\u2019un document scientifique qui sera par la suite pr\u00e9sent\u00e9 aux populations\u00a0\u00bb.<\/p>\n<p>Pour Pape Ibrahima Ndiaye, un autre membre de cette initiative, \u2018\u2019l\u2019action publique ne peut \u00eatre concr\u00e8te\u00a0\u00bb et impactante \u2018\u2019sans dialogue\u2019\u2019.\u00a0 cella montre que leur vision d\u00e9passe notre entendement.<\/p>\n<p>La premi\u00e8re \u00e9dition de ce rendez-vous avec les citoyens se tiendra le 28 avril prochain avec la participation des ministres en charge l\u2019Education nationale, de l\u2019Enseignement sup\u00e9rieur et de l\u2019Urbanisme et de l\u2019Habitat. A cette occasion, \u2018\u2019les ministres pourront faire, dans un premier temps, une pr\u00e9sentation de leur bilan\u00a0\u00bb et d\u00e9gager les perspectives. \u2018\u2019Ensuite, ils diront les limites de leur gestion. Enfin, ils enregistreront les contributions des populations pour pouvoir apporter des r\u00e9ponses aux pr\u00e9occupations pos\u00e9es par les populations\u2019\u2019, a fait connaitre M. Ndiaye.<\/p>\n<p>&nbsp;<\/p>\n<p><strong>Amath THIAM<\/strong><\/p>\n<div class=\"publi-apres-le-contenu\" style=\"margin-top: 10px;margin-bottom: 10px;margin-left: auto;margin-right: auto;text-align: center;\" id=\"publi-474929256\"><div class=\"publi-adlabel\">Publicit\u00e9<\/div><script async src=\"\/\/pagead2.googlesyndication.com\/pagead\/js\/adsbygoogle.js?client=ca-pub-4089586018074219\" crossorigin=\"anonymous\"><\/script><ins class=\"adsbygoogle\" style=\"display:block;\" data-ad-client=\"ca-pub-4089586018074219\" \ndata-ad-slot=\"2087940154\" \ndata-ad-format=\"auto\"><\/ins>\n<script> \n(adsbygoogle = window.adsbygoogle || []).push({}); \n<\/script>\n<\/div>","protected":false},"excerpt":{"rendered":"<p>Ouvert \u00e0 tous les secteurs d\u2019activit\u00e9 de la soci\u00e9t\u00e9 s\u00e9n\u00e9galaise, le \u2018\u2019Grand Panel Citoyen\u2019\u2019(GPC) est \u2018\u2019un cadre de concertation et de dialogue qui pr\u00f4ne sur l&rsquo;accomplissement de la jeunesse s\u00e9n\u00e9galaise et africaine.\u00a0\u00a0 \u00ab\u00a0Quand on prend mille personnes, les 40% sont int\u00e9ress\u00e9es par le logement, 16% par l\u2019Education et un peu moins par l\u2019enseignement sup\u00e9rieur.\u00a0\u00bb a estim\u00e9 Abdoul Aziz Seck l&rsquo;initiateur du mouvement citoyen le grand panel.\u00a0 pour lui, il y a un d\u00e9cryptage \u00e0 faire.\u00a0Il s\u2019agit\u00a0 selon lui, de cr\u00e9er un cadre appropri\u00e9 pour que les d\u00e9cideurs publics puissent mieux communiquer avec les populations autour de leurs pr\u00e9occupations. Cela veut dire pour lui que les S\u00e9n\u00e9galais ont besoin de savoir, comment acc\u00e9der, par exemple, au programme des cent mille logements. Cela veut dire\u00a0 \u00e9galement que ce besoin d\u2019informer et de savoir, a soulign\u00e9 Abdoul Aziz Seck. Cette plateforme permettra aux d\u00e9cideurs publics de faire face aux citoyens pour \u00e9changer sur les questions relevant de la gestion de la chose publique.\u00a0 M. Seck, \u00e9galement repr\u00e9sentant du secteur priv\u00e9 dans le GPC. C\u2019est juste dire qu\u2019on ne va pas se limiter au secteur de l\u2019\u00e9ducation, de l\u2019enseignement sup\u00e9rieur ou de l\u2019urbanisme\u2019\u2019, a expliqu\u00e9 Abdou Aziz Seck. Il a signal\u00e9 qu&rsquo;\u2018\u2019il est pr\u00e9vu pour chaque d\u00e9partement concern\u00e9 la production d\u2019un document scientifique qui sera par la suite pr\u00e9sent\u00e9 aux populations\u00a0\u00bb. Pour Pape Ibrahima Ndiaye, un autre membre de cette initiative, \u2018\u2019l\u2019action publique ne peut \u00eatre concr\u00e8te\u00a0\u00bb et impactante \u2018\u2019sans dialogue\u2019\u2019.\u00a0 cella montre que leur vision d\u00e9passe notre entendement. La premi\u00e8re \u00e9dition de ce rendez-vous avec les citoyens se tiendra le 28 avril prochain avec la participation des ministres en charge l\u2019Education nationale, de l\u2019Enseignement sup\u00e9rieur et de l\u2019Urbanisme et de l\u2019Habitat. A cette occasion, \u2018\u2019les ministres pourront faire, dans un premier temps, une pr\u00e9sentation de leur bilan\u00a0\u00bb et d\u00e9gager les perspectives. \u2018\u2019Ensuite, ils diront les limites de leur gestion. Enfin, ils enregistreront les contributions des populations pour pouvoir apporter des r\u00e9ponses aux pr\u00e9occupations pos\u00e9es par les populations\u2019\u2019, a fait connaitre M. Ndiaye. &nbsp; Amath THIAM<\/p>\n","protected":false},"author":7,"featured_media":18529,"comment_status":"open","ping_status":"open","sticky":false,"template":"","format":"standard","meta":{"_jetpack_memberships_contains_paid_content":false,"footnotes":""},"categories":[375,854,5,1,4],"tags":[4888,538,4886,4887],"class_list":["post-18527","post","type-post","status-publish","format-standard","has-post-thumbnail","hentry","category-actualites","category-education","category-people","category-non-classe","category-societe","tag-concertation","tag-dialogue","tag-grand-panel-citoyen","tag-king-fahd-palace","entry","has-media","owp-thumbs-layout-horizontal","owp-btn-normal","owp-tabs-layout-horizontal","has-no-thumbnails","has-product-nav"],"yoast_head":"<!-- This site is optimized with the Yoast SEO plugin v25.5 - https:\/\/yoast.com\/wordpress\/plugins\/seo\/ -->\n<title>Grand Panel Citoyen, un cadre de concertation et de dialogue... - LE PUBLIC<\/title>\n<meta name=\"robots\" content=\"index, follow, max-snippet:-1, max-image-preview:large, max-video-preview:-1\" \/>\n<link rel=\"canonical\" href=\"https:\/\/www.public.sn\/index.php\/2023\/03\/22\/grand-panel-citoyen-un-cadre-de-concertation-et-de-dialogue\/\" \/>\n<meta property=\"og:locale\" content=\"fr_FR\" \/>\n<meta property=\"og:type\" content=\"article\" \/>\n<meta property=\"og:title\" content=\"Grand Panel Citoyen, un cadre de concertation et de dialogue... - LE PUBLIC\" \/>\n<meta property=\"og:description\" content=\"Ouvert \u00e0 tous les secteurs d\u2019activit\u00e9 de la soci\u00e9t\u00e9 s\u00e9n\u00e9galaise, le \u2018\u2019Grand Panel Citoyen\u2019\u2019(GPC) est \u2018\u2019un cadre de concertation et de dialogue qui pr\u00f4ne sur l&rsquo;accomplissement de la jeunesse s\u00e9n\u00e9galaise et africaine.\u00a0\u00a0 \u00ab\u00a0Quand on prend mille personnes, les 40% sont int\u00e9ress\u00e9es par le logement, 16% par l\u2019Education et un peu moins par l\u2019enseignement sup\u00e9rieur.\u00a0\u00bb a estim\u00e9 Abdoul Aziz Seck l&rsquo;initiateur du mouvement citoyen le grand panel.\u00a0 pour lui, il y a un d\u00e9cryptage \u00e0 faire.\u00a0Il s\u2019agit\u00a0 selon lui, de cr\u00e9er un cadre appropri\u00e9 pour que les d\u00e9cideurs publics puissent mieux communiquer avec les populations autour de leurs pr\u00e9occupations. Cela veut dire pour lui que les S\u00e9n\u00e9galais ont besoin de savoir, comment acc\u00e9der, par exemple, au programme des cent mille logements. Cela veut dire\u00a0 \u00e9galement que ce besoin d\u2019informer et de savoir, a soulign\u00e9 Abdoul Aziz Seck. Cette plateforme permettra aux d\u00e9cideurs publics de faire face aux citoyens pour \u00e9changer sur les questions relevant de la gestion de la chose publique.\u00a0 M. Seck, \u00e9galement repr\u00e9sentant du secteur priv\u00e9 dans le GPC. C\u2019est juste dire qu\u2019on ne va pas se limiter au secteur de l\u2019\u00e9ducation, de l\u2019enseignement sup\u00e9rieur ou de l\u2019urbanisme\u2019\u2019, a expliqu\u00e9 Abdou Aziz Seck. Il a signal\u00e9 qu&rsquo;\u2018\u2019il est pr\u00e9vu pour chaque d\u00e9partement concern\u00e9 la production d\u2019un document scientifique qui sera par la suite pr\u00e9sent\u00e9 aux populations\u00a0\u00bb. Pour Pape Ibrahima Ndiaye, un autre membre de cette initiative, \u2018\u2019l\u2019action publique ne peut \u00eatre concr\u00e8te\u00a0\u00bb et impactante \u2018\u2019sans dialogue\u2019\u2019.\u00a0 cella montre que leur vision d\u00e9passe notre entendement. La premi\u00e8re \u00e9dition de ce rendez-vous avec les citoyens se tiendra le 28 avril prochain avec la participation des ministres en charge l\u2019Education nationale, de l\u2019Enseignement sup\u00e9rieur et de l\u2019Urbanisme et de l\u2019Habitat. A cette occasion, \u2018\u2019les ministres pourront faire, dans un premier temps, une pr\u00e9sentation de leur bilan\u00a0\u00bb et d\u00e9gager les perspectives. \u2018\u2019Ensuite, ils diront les limites de leur gestion. Enfin, ils enregistreront les contributions des populations pour pouvoir apporter des r\u00e9ponses aux pr\u00e9occupations pos\u00e9es par les populations\u2019\u2019, a fait connaitre M. Ndiaye. &nbsp; Amath THIAM\" \/>\n<meta property=\"og:url\" content=\"https:\/\/www.public.sn\/index.php\/2023\/03\/22\/grand-panel-citoyen-un-cadre-de-concertation-et-de-dialogue\/\" \/>\n<meta property=\"og:site_name\" content=\"LE PUBLIC\" \/>\n<meta property=\"article:published_time\" content=\"2023-03-22T19:29:08+00:00\" \/>\n<meta property=\"og:image\" content=\"https:\/\/www.public.sn\/wp-content\/uploads\/2023\/03\/001-1080x900-1.png\" \/>\n\t<meta property=\"og:image:width\" content=\"1080\" \/>\n\t<meta property=\"og:image:height\" content=\"900\" \/>\n\t<meta property=\"og:image:type\" content=\"image\/png\" \/>\n<meta name=\"author\" content=\"LA REDACTION\" \/>\n<meta name=\"twitter:card\" content=\"summary_large_image\" \/>\n<meta name=\"twitter:label1\" content=\"\u00c9crit par\" \/>\n\t<meta name=\"twitter:data1\" content=\"LA REDACTION\" \/>\n\t<meta name=\"twitter:label2\" content=\"Dur\u00e9e de lecture estim\u00e9e\" \/>\n\t<meta name=\"twitter:data2\" content=\"2 minutes\" \/>\n<script type=\"application\/ld+json\" class=\"yoast-schema-graph\">{\"@context\":\"https:\/\/schema.org\",\"@graph\":[{\"@type\":\"Article\",\"@id\":\"https:\/\/www.public.sn\/index.php\/2023\/03\/22\/grand-panel-citoyen-un-cadre-de-concertation-et-de-dialogue\/#article\",\"isPartOf\":{\"@id\":\"https:\/\/www.public.sn\/index.php\/2023\/03\/22\/grand-panel-citoyen-un-cadre-de-concertation-et-de-dialogue\/\"},\"author\":{\"name\":\"LA REDACTION\",\"@id\":\"https:\/\/www.public.sn\/#\/schema\/person\/cb76c8e1b8becc6be61fb5e92d6d0224\"},\"headline\":\"Grand Panel Citoyen, un cadre de concertation et de dialogue&#8230;\",\"datePublished\":\"2023-03-22T19:29:08+00:00\",\"mainEntityOfPage\":{\"@id\":\"https:\/\/www.public.sn\/index.php\/2023\/03\/22\/grand-panel-citoyen-un-cadre-de-concertation-et-de-dialogue\/\"},\"wordCount\":387,\"commentCount\":0,\"publisher\":{\"@id\":\"https:\/\/www.public.sn\/#organization\"},\"image\":{\"@id\":\"https:\/\/www.public.sn\/index.php\/2023\/03\/22\/grand-panel-citoyen-un-cadre-de-concertation-et-de-dialogue\/#primaryimage\"},\"thumbnailUrl\":\"https:\/\/www.public.sn\/wp-content\/uploads\/2023\/03\/001-1080x900-1.png\",\"keywords\":[\"Concertation\",\"Dialogue\",\"Grand Panel Citoyen\",\"King Fahd Palace\"],\"articleSection\":[\"ACTUALIT\u00c9S\",\"\u00c9DUCATION\",\"PEOPLE\",\"S\u00c9N\u00c9GAL\",\"SOCIETE\"],\"inLanguage\":\"fr-FR\",\"potentialAction\":[{\"@type\":\"CommentAction\",\"name\":\"Comment\",\"target\":[\"https:\/\/www.public.sn\/index.php\/2023\/03\/22\/grand-panel-citoyen-un-cadre-de-concertation-et-de-dialogue\/#respond\"]}]},{\"@type\":\"WebPage\",\"@id\":\"https:\/\/www.public.sn\/index.php\/2023\/03\/22\/grand-panel-citoyen-un-cadre-de-concertation-et-de-dialogue\/\",\"url\":\"https:\/\/www.public.sn\/index.php\/2023\/03\/22\/grand-panel-citoyen-un-cadre-de-concertation-et-de-dialogue\/\",\"name\":\"Grand Panel Citoyen, un cadre de concertation et de dialogue... - LE PUBLIC\",\"isPartOf\":{\"@id\":\"https:\/\/www.public.sn\/#website\"},\"primaryImageOfPage\":{\"@id\":\"https:\/\/www.public.sn\/index.php\/2023\/03\/22\/grand-panel-citoyen-un-cadre-de-concertation-et-de-dialogue\/#primaryimage\"},\"image\":{\"@id\":\"https:\/\/www.public.sn\/index.php\/2023\/03\/22\/grand-panel-citoyen-un-cadre-de-concertation-et-de-dialogue\/#primaryimage\"},\"thumbnailUrl\":\"https:\/\/www.public.sn\/wp-content\/uploads\/2023\/03\/001-1080x900-1.png\",\"datePublished\":\"2023-03-22T19:29:08+00:00\",\"breadcrumb\":{\"@id\":\"https:\/\/www.public.sn\/index.php\/2023\/03\/22\/grand-panel-citoyen-un-cadre-de-concertation-et-de-dialogue\/#breadcrumb\"},\"inLanguage\":\"fr-FR\",\"potentialAction\":[{\"@type\":\"ReadAction\",\"target\":[\"https:\/\/www.public.sn\/index.php\/2023\/03\/22\/grand-panel-citoyen-un-cadre-de-concertation-et-de-dialogue\/\"]}]},{\"@type\":\"ImageObject\",\"inLanguage\":\"fr-FR\",\"@id\":\"https:\/\/www.public.sn\/index.php\/2023\/03\/22\/grand-panel-citoyen-un-cadre-de-concertation-et-de-dialogue\/#primaryimage\",\"url\":\"https:\/\/www.public.sn\/wp-content\/uploads\/2023\/03\/001-1080x900-1.png\",\"contentUrl\":\"https:\/\/www.public.sn\/wp-content\/uploads\/2023\/03\/001-1080x900-1.png\",\"width\":1080,\"height\":900},{\"@type\":\"BreadcrumbList\",\"@id\":\"https:\/\/www.public.sn\/index.php\/2023\/03\/22\/grand-panel-citoyen-un-cadre-de-concertation-et-de-dialogue\/#breadcrumb\",\"itemListElement\":[{\"@type\":\"ListItem\",\"position\":1,\"name\":\"Accueil\",\"item\":\"https:\/\/www.public.sn\/\"},{\"@type\":\"ListItem\",\"position\":2,\"name\":\"Grand Panel Citoyen, un cadre de concertation et de dialogue&#8230;\"}]},{\"@type\":\"WebSite\",\"@id\":\"https:\/\/www.public.sn\/#website\",\"url\":\"https:\/\/www.public.sn\/\",\"name\":\"LE PUBLIC\",\"description\":\"\",\"publisher\":{\"@id\":\"https:\/\/www.public.sn\/#organization\"},\"potentialAction\":[{\"@type\":\"SearchAction\",\"target\":{\"@type\":\"EntryPoint\",\"urlTemplate\":\"https:\/\/www.public.sn\/?s={search_term_string}\"},\"query-input\":{\"@type\":\"PropertyValueSpecification\",\"valueRequired\":true,\"valueName\":\"search_term_string\"}}],\"inLanguage\":\"fr-FR\"},{\"@type\":\"Organization\",\"@id\":\"https:\/\/www.public.sn\/#organization\",\"name\":\"LE PUBLIC\",\"url\":\"https:\/\/www.public.sn\/\",\"logo\":{\"@type\":\"ImageObject\",\"inLanguage\":\"fr-FR\",\"@id\":\"https:\/\/www.public.sn\/#\/schema\/logo\/image\/\",\"url\":\"https:\/\/www.public.sn\/wp-content\/uploads\/2024\/05\/cropped-LOGO-PUBLIC.SN_.png\",\"contentUrl\":\"https:\/\/www.public.sn\/wp-content\/uploads\/2024\/05\/cropped-LOGO-PUBLIC.SN_.png\",\"width\":682,\"height\":192,\"caption\":\"LE PUBLIC\"},\"image\":{\"@id\":\"https:\/\/www.public.sn\/#\/schema\/logo\/image\/\"}},{\"@type\":\"Person\",\"@id\":\"https:\/\/www.public.sn\/#\/schema\/person\/cb76c8e1b8becc6be61fb5e92d6d0224\",\"name\":\"LA REDACTION\",\"image\":{\"@type\":\"ImageObject\",\"inLanguage\":\"fr-FR\",\"@id\":\"https:\/\/www.public.sn\/#\/schema\/person\/image\/\",\"url\":\"https:\/\/secure.gravatar.com\/avatar\/2dce5ddd34b8fef0180efe03aa2a9bee7d953856048f9a16b298190a3178407c?s=96&d=mm&r=g\",\"contentUrl\":\"https:\/\/secure.gravatar.com\/avatar\/2dce5ddd34b8fef0180efe03aa2a9bee7d953856048f9a16b298190a3178407c?s=96&d=mm&r=g\",\"caption\":\"LA REDACTION\"},\"url\":\"https:\/\/www.public.sn\/index.php\/author\/editeurpsn\/\"}]}<\/script>\n<!-- \/ Yoast SEO plugin. -->","yoast_head_json":{"title":"Grand Panel Citoyen, un cadre de concertation et de dialogue... - LE PUBLIC","robots":{"index":"index","follow":"follow","max-snippet":"max-snippet:-1","max-image-preview":"max-image-preview:large","max-video-preview":"max-video-preview:-1"},"canonical":"https:\/\/www.public.sn\/index.php\/2023\/03\/22\/grand-panel-citoyen-un-cadre-de-concertation-et-de-dialogue\/","og_locale":"fr_FR","og_type":"article","og_title":"Grand Panel Citoyen, un cadre de concertation et de dialogue... - LE PUBLIC","og_description":"Ouvert \u00e0 tous les secteurs d\u2019activit\u00e9 de la soci\u00e9t\u00e9 s\u00e9n\u00e9galaise, le \u2018\u2019Grand Panel Citoyen\u2019\u2019(GPC) est \u2018\u2019un cadre de concertation et de dialogue qui pr\u00f4ne sur l&rsquo;accomplissement de la jeunesse s\u00e9n\u00e9galaise et africaine.\u00a0\u00a0 \u00ab\u00a0Quand on prend mille personnes, les 40% sont int\u00e9ress\u00e9es par le logement, 16% par l\u2019Education et un peu moins par l\u2019enseignement sup\u00e9rieur.\u00a0\u00bb a estim\u00e9 Abdoul Aziz Seck l&rsquo;initiateur du mouvement citoyen le grand panel.\u00a0 pour lui, il y a un d\u00e9cryptage \u00e0 faire.\u00a0Il s\u2019agit\u00a0 selon lui, de cr\u00e9er un cadre appropri\u00e9 pour que les d\u00e9cideurs publics puissent mieux communiquer avec les populations autour de leurs pr\u00e9occupations. Cela veut dire pour lui que les S\u00e9n\u00e9galais ont besoin de savoir, comment acc\u00e9der, par exemple, au programme des cent mille logements. Cela veut dire\u00a0 \u00e9galement que ce besoin d\u2019informer et de savoir, a soulign\u00e9 Abdoul Aziz Seck. Cette plateforme permettra aux d\u00e9cideurs publics de faire face aux citoyens pour \u00e9changer sur les questions relevant de la gestion de la chose publique.\u00a0 M. Seck, \u00e9galement repr\u00e9sentant du secteur priv\u00e9 dans le GPC. C\u2019est juste dire qu\u2019on ne va pas se limiter au secteur de l\u2019\u00e9ducation, de l\u2019enseignement sup\u00e9rieur ou de l\u2019urbanisme\u2019\u2019, a expliqu\u00e9 Abdou Aziz Seck. Il a signal\u00e9 qu&rsquo;\u2018\u2019il est pr\u00e9vu pour chaque d\u00e9partement concern\u00e9 la production d\u2019un document scientifique qui sera par la suite pr\u00e9sent\u00e9 aux populations\u00a0\u00bb. Pour Pape Ibrahima Ndiaye, un autre membre de cette initiative, \u2018\u2019l\u2019action publique ne peut \u00eatre concr\u00e8te\u00a0\u00bb et impactante \u2018\u2019sans dialogue\u2019\u2019.\u00a0 cella montre que leur vision d\u00e9passe notre entendement. La premi\u00e8re \u00e9dition de ce rendez-vous avec les citoyens se tiendra le 28 avril prochain avec la participation des ministres en charge l\u2019Education nationale, de l\u2019Enseignement sup\u00e9rieur et de l\u2019Urbanisme et de l\u2019Habitat. A cette occasion, \u2018\u2019les ministres pourront faire, dans un premier temps, une pr\u00e9sentation de leur bilan\u00a0\u00bb et d\u00e9gager les perspectives. \u2018\u2019Ensuite, ils diront les limites de leur gestion. Enfin, ils enregistreront les contributions des populations pour pouvoir apporter des r\u00e9ponses aux pr\u00e9occupations pos\u00e9es par les populations\u2019\u2019, a fait connaitre M. Ndiaye. &nbsp; Amath THIAM","og_url":"https:\/\/www.public.sn\/index.php\/2023\/03\/22\/grand-panel-citoyen-un-cadre-de-concertation-et-de-dialogue\/","og_site_name":"LE PUBLIC","article_published_time":"2023-03-22T19:29:08+00:00","og_image":[{"width":1080,"height":900,"url":"https:\/\/www.public.sn\/wp-content\/uploads\/2023\/03\/001-1080x900-1.png","type":"image\/png"}],"author":"LA REDACTION","twitter_card":"summary_large_image","twitter_misc":{"\u00c9crit par":"LA REDACTION","Dur\u00e9e de lecture estim\u00e9e":"2 minutes"},"schema":{"@context":"https:\/\/schema.org","@graph":[{"@type":"Article","@id":"https:\/\/www.public.sn\/index.php\/2023\/03\/22\/grand-panel-citoyen-un-cadre-de-concertation-et-de-dialogue\/#article","isPartOf":{"@id":"https:\/\/www.public.sn\/index.php\/2023\/03\/22\/grand-panel-citoyen-un-cadre-de-concertation-et-de-dialogue\/"},"author":{"name":"LA REDACTION","@id":"https:\/\/www.public.sn\/#\/schema\/person\/cb76c8e1b8becc6be61fb5e92d6d0224"},"headline":"Grand Panel Citoyen, un cadre de concertation et de dialogue&#8230;","datePublished":"2023-03-22T19:29:08+00:00","mainEntityOfPage":{"@id":"https:\/\/www.public.sn\/index.php\/2023\/03\/22\/grand-panel-citoyen-un-cadre-de-concertation-et-de-dialogue\/"},"wordCount":387,"commentCount":0,"publisher":{"@id":"https:\/\/www.public.sn\/#organization"},"image":{"@id":"https:\/\/www.public.sn\/index.php\/2023\/03\/22\/grand-panel-citoyen-un-cadre-de-concertation-et-de-dialogue\/#primaryimage"},"thumbnailUrl":"https:\/\/www.public.sn\/wp-content\/uploads\/2023\/03\/001-1080x900-1.png","keywords":["Concertation","Dialogue","Grand Panel Citoyen","King Fahd Palace"],"articleSection":["ACTUALIT\u00c9S","\u00c9DUCATION","PEOPLE","S\u00c9N\u00c9GAL","SOCIETE"],"inLanguage":"fr-FR","potentialAction":[{"@type":"CommentAction","name":"Comment","target":["https:\/\/www.public.sn\/index.php\/2023\/03\/22\/grand-panel-citoyen-un-cadre-de-concertation-et-de-dialogue\/#respond"]}]},{"@type":"WebPage","@id":"https:\/\/www.public.sn\/index.php\/2023\/03\/22\/grand-panel-citoyen-un-cadre-de-concertation-et-de-dialogue\/","url":"https:\/\/www.public.sn\/index.php\/2023\/03\/22\/grand-panel-citoyen-un-cadre-de-concertation-et-de-dialogue\/","name":"Grand Panel Citoyen, un cadre de concertation et de dialogue... - LE PUBLIC","isPartOf":{"@id":"https:\/\/www.public.sn\/#website"},"primaryImageOfPage":{"@id":"https:\/\/www.public.sn\/index.php\/2023\/03\/22\/grand-panel-citoyen-un-cadre-de-concertation-et-de-dialogue\/#primaryimage"},"image":{"@id":"https:\/\/www.public.sn\/index.php\/2023\/03\/22\/grand-panel-citoyen-un-cadre-de-concertation-et-de-dialogue\/#primaryimage"},"thumbnailUrl":"https:\/\/www.public.sn\/wp-content\/uploads\/2023\/03\/001-1080x900-1.png","datePublished":"2023-03-22T19:29:08+00:00","breadcrumb":{"@id":"https:\/\/www.public.sn\/index.php\/2023\/03\/22\/grand-panel-citoyen-un-cadre-de-concertation-et-de-dialogue\/#breadcrumb"},"inLanguage":"fr-FR","potentialAction":[{"@type":"ReadAction","target":["https:\/\/www.public.sn\/index.php\/2023\/03\/22\/grand-panel-citoyen-un-cadre-de-concertation-et-de-dialogue\/"]}]},{"@type":"ImageObject","inLanguage":"fr-FR","@id":"https:\/\/www.public.sn\/index.php\/2023\/03\/22\/grand-panel-citoyen-un-cadre-de-concertation-et-de-dialogue\/#primaryimage","url":"https:\/\/www.public.sn\/wp-content\/uploads\/2023\/03\/001-1080x900-1.png","contentUrl":"https:\/\/www.public.sn\/wp-content\/uploads\/2023\/03\/001-1080x900-1.png","width":1080,"height":900},{"@type":"BreadcrumbList","@id":"https:\/\/www.public.sn\/index.php\/2023\/03\/22\/grand-panel-citoyen-un-cadre-de-concertation-et-de-dialogue\/#breadcrumb","itemListElement":[{"@type":"ListItem","position":1,"name":"Accueil","item":"https:\/\/www.public.sn\/"},{"@type":"ListItem","position":2,"name":"Grand Panel Citoyen, un cadre de concertation et de dialogue&#8230;"}]},{"@type":"WebSite","@id":"https:\/\/www.public.sn\/#website","url":"https:\/\/www.public.sn\/","name":"LE PUBLIC","description":"","publisher":{"@id":"https:\/\/www.public.sn\/#organization"},"potentialAction":[{"@type":"SearchAction","target":{"@type":"EntryPoint","urlTemplate":"https:\/\/www.public.sn\/?s={search_term_string}"},"query-input":{"@type":"PropertyValueSpecification","valueRequired":true,"valueName":"search_term_string"}}],"inLanguage":"fr-FR"},{"@type":"Organization","@id":"https:\/\/www.public.sn\/#organization","name":"LE PUBLIC","url":"https:\/\/www.public.sn\/","logo":{"@type":"ImageObject","inLanguage":"fr-FR","@id":"https:\/\/www.public.sn\/#\/schema\/logo\/image\/","url":"https:\/\/www.public.sn\/wp-content\/uploads\/2024\/05\/cropped-LOGO-PUBLIC.SN_.png","contentUrl":"https:\/\/www.public.sn\/wp-content\/uploads\/2024\/05\/cropped-LOGO-PUBLIC.SN_.png","width":682,"height":192,"caption":"LE PUBLIC"},"image":{"@id":"https:\/\/www.public.sn\/#\/schema\/logo\/image\/"}},{"@type":"Person","@id":"https:\/\/www.public.sn\/#\/schema\/person\/cb76c8e1b8becc6be61fb5e92d6d0224","name":"LA REDACTION","image":{"@type":"ImageObject","inLanguage":"fr-FR","@id":"https:\/\/www.public.sn\/#\/schema\/person\/image\/","url":"https:\/\/secure.gravatar.com\/avatar\/2dce5ddd34b8fef0180efe03aa2a9bee7d953856048f9a16b298190a3178407c?s=96&d=mm&r=g","contentUrl":"https:\/\/secure.gravatar.com\/avatar\/2dce5ddd34b8fef0180efe03aa2a9bee7d953856048f9a16b298190a3178407c?s=96&d=mm&r=g","caption":"LA REDACTION"},"url":"https:\/\/www.public.sn\/index.php\/author\/editeurpsn\/"}]}},"jetpack_featured_media_url":"https:\/\/www.public.sn\/wp-content\/uploads\/2023\/03\/001-1080x900-1.png","jetpack_sharing_enabled":true,"_links":{"self":[{"href":"https:\/\/www.public.sn\/index.php\/wp-json\/wp\/v2\/posts\/18527","targetHints":{"allow":["GET"]}}],"collection":[{"href":"https:\/\/www.public.sn\/index.php\/wp-json\/wp\/v2\/posts"}],"about":[{"href":"https:\/\/www.public.sn\/index.php\/wp-json\/wp\/v2\/types\/post"}],"author":[{"embeddable":true,"href":"https:\/\/www.public.sn\/index.php\/wp-json\/wp\/v2\/users\/7"}],"replies":[{"embeddable":true,"href":"https:\/\/www.public.sn\/index.php\/wp-json\/wp\/v2\/comments?post=18527"}],"version-history":[{"count":1,"href":"https:\/\/www.public.sn\/index.php\/wp-json\/wp\/v2\/posts\/18527\/revisions"}],"predecessor-version":[{"id":18530,"href":"https:\/\/www.public.sn\/index.php\/wp-json\/wp\/v2\/posts\/18527\/revisions\/18530"}],"wp:featuredmedia":[{"embeddable":true,"href":"https:\/\/www.public.sn\/index.php\/wp-json\/wp\/v2\/media\/18529"}],"wp:attachment":[{"href":"https:\/\/www.public.sn\/index.php\/wp-json\/wp\/v2\/media?parent=18527"}],"wp:term":[{"taxonomy":"category","embeddable":true,"href":"https:\/\/www.public.sn\/index.php\/wp-json\/wp\/v2\/categories?post=18527"},{"taxonomy":"post_tag","embeddable":true,"href":"https:\/\/www.public.sn\/index.php\/wp-json\/wp\/v2\/tags?post=18527"}],"curies":[{"name":"wp","href":"https:\/\/api.w.org\/{rel}","templated":true}]}}