{"id":18577,"date":"2023-03-23T10:45:26","date_gmt":"2023-03-23T10:45:26","guid":{"rendered":"https:\/\/www.public.sn\/?p=18577"},"modified":"2023-03-23T10:45:26","modified_gmt":"2023-03-23T10:45:26","slug":"adji-sarr-a-peur-dun-deal-entre-macky-et-sonko","status":"publish","type":"post","link":"https:\/\/www.public.sn\/index.php\/2023\/03\/23\/adji-sarr-a-peur-dun-deal-entre-macky-et-sonko\/","title":{"rendered":"Adji Sarr a peur d\u2019un deal entre Macky et Sonko\u2026"},"content":{"rendered":"<p><strong>Adji Sarr s\u2019impatiente. L\u2019ex-masseuse, qui\u00a0accuse Ousmane Sonko de viol\u00a0et menaces de mort, d\u00e9clare craindre que son dossier soit mis sous le tapis. Et pour cause. Elle dit avoir \u00e9t\u00e9 alert\u00e9e par la lenteur, \u00e0 son go\u00fbt, constat\u00e9e dans le jugement de l\u2019affaire opposant le pr\u00e9sident de Pastef \u00e0 Mame Mbaye Niang. Celle-ci a \u00e9t\u00e9 renvoy\u00e9e- pour la deuxi\u00e8me fois- au 30 mars.<\/strong><\/p><div class=\"publi-paragraphe1\" style=\"margin-top: 10px;margin-bottom: 10px;margin-left: auto;margin-right: auto;text-align: center;\" id=\"publi-1346274019\"><div class=\"publi-adlabel\">Publicit\u00e9<\/div><script async src=\"\/\/pagead2.googlesyndication.com\/pagead\/js\/adsbygoogle.js?client=ca-pub-4089586018074219\" crossorigin=\"anonymous\"><\/script><ins class=\"adsbygoogle\" style=\"display:block;\" data-ad-client=\"ca-pub-4089586018074219\" \ndata-ad-slot=\"2087940154\" \ndata-ad-format=\"auto\"><\/ins>\n<script> \n(adsbygoogle = window.adsbygoogle || []).push({}); \n<\/script>\n<\/div>\n<p>\u00abSi l\u2019\u00c9tat n\u2019est pas capable de g\u00e9rer un dossier de diffamation dans lequel un ministre de la R\u00e9publique est impliqu\u00e9, ce n\u2019est pas mon dossier qui a caus\u00e9 quatorze morts qui sera alors jug\u00e9\u00bb.<\/p>\n<div class=\"dbe dbe-post-middle dbe-float-center dbe-align-center dbe-column-1 dbe-clearfix no-bg-box-model\">\n<div id=\"dbe-3576-1677197194\" class=\"dbe-container dbe-type-code \" data-adid=\"3576\" data-type=\"code\">\n<div id=\"dbe-3576-1677197194-place\"><\/div>\n<\/div>\n<\/div>\n<p>Adji Sarr ajoute : \u00abJe ne vais pas accepter d\u2019\u00eatre sacrifi\u00e9e. Je ne suis plus s\u00fbre de rien. Franchement, j\u2019ai peur que l\u2019\u00c9tat n\u00e9gocie avec Sonko pour mettre de c\u00f4t\u00e9 notre dossier. Si le dossier en diffamation n\u2019est pas jug\u00e9, je prendrai une d\u00e9cision. Je suis fatigu\u00e9e. Je suis jeune, j\u2019ai besoin de vivre comme tous les jeunes de mon \u00e2ge. Je ne peux pas m\u2019enfermer tout le temps entre quatre murs, comme une prisonni\u00e8re.\u00bb<\/p>\n<p>L\u2019affaire Sonko-Adji Sarr a \u00e9t\u00e9 renvoy\u00e9e devant la chambre criminelle. Apr\u00e8s avoir \u00e9t\u00e9 d\u00e9bout\u00e9e par la chambre d\u2019accusation de la Cour d\u2019appel, qui a valid\u00e9 la d\u00e9cision du Doyen des juges, la d\u00e9fense a d\u00e9pos\u00e9 un pourvoi en cassation devant la Cour supr\u00eame.<\/p>\n<div class=\"publi-apres-le-contenu\" style=\"margin-top: 10px;margin-bottom: 10px;margin-left: auto;margin-right: auto;text-align: center;\" id=\"publi-943620664\"><div class=\"publi-adlabel\">Publicit\u00e9<\/div><script async src=\"\/\/pagead2.googlesyndication.com\/pagead\/js\/adsbygoogle.js?client=ca-pub-4089586018074219\" crossorigin=\"anonymous\"><\/script><ins class=\"adsbygoogle\" style=\"display:block;\" data-ad-client=\"ca-pub-4089586018074219\" \ndata-ad-slot=\"2087940154\" \ndata-ad-format=\"auto\"><\/ins>\n<script> \n(adsbygoogle = window.adsbygoogle || []).push({}); \n<\/script>\n<\/div>","protected":false},"excerpt":{"rendered":"<p>Adji Sarr s\u2019impatiente. L\u2019ex-masseuse, qui\u00a0accuse Ousmane Sonko de viol\u00a0et menaces de mort, d\u00e9clare craindre que son dossier soit mis sous le tapis. Et pour cause. Elle dit avoir \u00e9t\u00e9 alert\u00e9e par la lenteur, \u00e0 son go\u00fbt, constat\u00e9e dans le jugement de l\u2019affaire opposant le pr\u00e9sident de Pastef \u00e0 Mame Mbaye Niang. Celle-ci a \u00e9t\u00e9 renvoy\u00e9e- pour la deuxi\u00e8me fois- au 30 mars. \u00abSi l\u2019\u00c9tat n\u2019est pas capable de g\u00e9rer un dossier de diffamation dans lequel un ministre de la R\u00e9publique est impliqu\u00e9, ce n\u2019est pas mon dossier qui a caus\u00e9 quatorze morts qui sera alors jug\u00e9\u00bb. Adji Sarr ajoute : \u00abJe ne vais pas accepter d\u2019\u00eatre sacrifi\u00e9e. Je ne suis plus s\u00fbre de rien. Franchement, j\u2019ai peur que l\u2019\u00c9tat n\u00e9gocie avec Sonko pour mettre de c\u00f4t\u00e9 notre dossier. Si le dossier en diffamation n\u2019est pas jug\u00e9, je prendrai une d\u00e9cision. Je suis fatigu\u00e9e. Je suis jeune, j\u2019ai besoin de vivre comme tous les jeunes de mon \u00e2ge. Je ne peux pas m\u2019enfermer tout le temps entre quatre murs, comme une prisonni\u00e8re.\u00bb L\u2019affaire Sonko-Adji Sarr a \u00e9t\u00e9 renvoy\u00e9e devant la chambre criminelle. Apr\u00e8s avoir \u00e9t\u00e9 d\u00e9bout\u00e9e par la chambre d\u2019accusation de la Cour d\u2019appel, qui a valid\u00e9 la d\u00e9cision du Doyen des juges, la d\u00e9fense a d\u00e9pos\u00e9 un pourvoi en cassation devant la Cour supr\u00eame.<\/p>\n","protected":false},"author":7,"featured_media":18578,"comment_status":"open","ping_status":"open","sticky":false,"template":"","format":"standard","meta":{"_jetpack_memberships_contains_paid_content":false,"footnotes":""},"categories":[375,3724,3,376,1,4],"tags":[99,4892,11,3572],"class_list":["post-18577","post","type-post","status-publish","format-standard","has-post-thumbnail","hentry","category-actualites","category-justice","category-politique","category-securite-justice","category-non-classe","category-societe","tag-adji-sarr","tag-ko","tag-macky-sall","tag-ousmane-so","entry","has-media","owp-thumbs-layout-horizontal","owp-btn-normal","owp-tabs-layout-horizontal","has-no-thumbnails","has-product-nav"],"yoast_head":"<!-- This site is optimized with the Yoast SEO plugin v25.5 - https:\/\/yoast.com\/wordpress\/plugins\/seo\/ -->\n<title>Adji Sarr a peur d\u2019un deal entre Macky et Sonko\u2026 - LE PUBLIC<\/title>\n<meta name=\"robots\" content=\"index, follow, max-snippet:-1, max-image-preview:large, max-video-preview:-1\" \/>\n<link rel=\"canonical\" href=\"https:\/\/www.public.sn\/index.php\/2023\/03\/23\/adji-sarr-a-peur-dun-deal-entre-macky-et-sonko\/\" \/>\n<meta property=\"og:locale\" content=\"fr_FR\" \/>\n<meta property=\"og:type\" content=\"article\" \/>\n<meta property=\"og:title\" content=\"Adji Sarr a peur d\u2019un deal entre Macky et Sonko\u2026 - LE PUBLIC\" \/>\n<meta property=\"og:description\" content=\"Adji Sarr s\u2019impatiente. L\u2019ex-masseuse, qui\u00a0accuse Ousmane Sonko de viol\u00a0et menaces de mort, d\u00e9clare craindre que son dossier soit mis sous le tapis. Et pour cause. Elle dit avoir \u00e9t\u00e9 alert\u00e9e par la lenteur, \u00e0 son go\u00fbt, constat\u00e9e dans le jugement de l\u2019affaire opposant le pr\u00e9sident de Pastef \u00e0 Mame Mbaye Niang. Celle-ci a \u00e9t\u00e9 renvoy\u00e9e- pour la deuxi\u00e8me fois- au 30 mars. \u00abSi l\u2019\u00c9tat n\u2019est pas capable de g\u00e9rer un dossier de diffamation dans lequel un ministre de la R\u00e9publique est impliqu\u00e9, ce n\u2019est pas mon dossier qui a caus\u00e9 quatorze morts qui sera alors jug\u00e9\u00bb. Adji Sarr ajoute : \u00abJe ne vais pas accepter d\u2019\u00eatre sacrifi\u00e9e. Je ne suis plus s\u00fbre de rien. Franchement, j\u2019ai peur que l\u2019\u00c9tat n\u00e9gocie avec Sonko pour mettre de c\u00f4t\u00e9 notre dossier. Si le dossier en diffamation n\u2019est pas jug\u00e9, je prendrai une d\u00e9cision. Je suis fatigu\u00e9e. Je suis jeune, j\u2019ai besoin de vivre comme tous les jeunes de mon \u00e2ge. Je ne peux pas m\u2019enfermer tout le temps entre quatre murs, comme une prisonni\u00e8re.\u00bb L\u2019affaire Sonko-Adji Sarr a \u00e9t\u00e9 renvoy\u00e9e devant la chambre criminelle. Apr\u00e8s avoir \u00e9t\u00e9 d\u00e9bout\u00e9e par la chambre d\u2019accusation de la Cour d\u2019appel, qui a valid\u00e9 la d\u00e9cision du Doyen des juges, la d\u00e9fense a d\u00e9pos\u00e9 un pourvoi en cassation devant la Cour supr\u00eame.\" \/>\n<meta property=\"og:url\" content=\"https:\/\/www.public.sn\/index.php\/2023\/03\/23\/adji-sarr-a-peur-dun-deal-entre-macky-et-sonko\/\" \/>\n<meta property=\"og:site_name\" content=\"LE PUBLIC\" \/>\n<meta property=\"article:published_time\" content=\"2023-03-23T10:45:26+00:00\" \/>\n<meta property=\"og:image\" content=\"https:\/\/www.public.sn\/wp-content\/uploads\/2023\/03\/adji-sarr.webp\" \/>\n\t<meta property=\"og:image:width\" content=\"660\" \/>\n\t<meta property=\"og:image:height\" content=\"330\" \/>\n\t<meta property=\"og:image:type\" content=\"image\/webp\" \/>\n<meta name=\"author\" content=\"LA REDACTION\" \/>\n<meta name=\"twitter:card\" content=\"summary_large_image\" \/>\n<meta name=\"twitter:label1\" content=\"\u00c9crit par\" \/>\n\t<meta name=\"twitter:data1\" content=\"LA REDACTION\" \/>\n\t<meta name=\"twitter:label2\" content=\"Dur\u00e9e de lecture estim\u00e9e\" \/>\n\t<meta name=\"twitter:data2\" content=\"2 minutes\" \/>\n<script type=\"application\/ld+json\" class=\"yoast-schema-graph\">{\"@context\":\"https:\/\/schema.org\",\"@graph\":[{\"@type\":\"Article\",\"@id\":\"https:\/\/www.public.sn\/index.php\/2023\/03\/23\/adji-sarr-a-peur-dun-deal-entre-macky-et-sonko\/#article\",\"isPartOf\":{\"@id\":\"https:\/\/www.public.sn\/index.php\/2023\/03\/23\/adji-sarr-a-peur-dun-deal-entre-macky-et-sonko\/\"},\"author\":{\"name\":\"LA REDACTION\",\"@id\":\"https:\/\/www.public.sn\/#\/schema\/person\/cb76c8e1b8becc6be61fb5e92d6d0224\"},\"headline\":\"Adji Sarr a peur d\u2019un deal entre Macky et Sonko\u2026\",\"datePublished\":\"2023-03-23T10:45:26+00:00\",\"mainEntityOfPage\":{\"@id\":\"https:\/\/www.public.sn\/index.php\/2023\/03\/23\/adji-sarr-a-peur-dun-deal-entre-macky-et-sonko\/\"},\"wordCount\":262,\"commentCount\":0,\"publisher\":{\"@id\":\"https:\/\/www.public.sn\/#organization\"},\"image\":{\"@id\":\"https:\/\/www.public.sn\/index.php\/2023\/03\/23\/adji-sarr-a-peur-dun-deal-entre-macky-et-sonko\/#primaryimage\"},\"thumbnailUrl\":\"https:\/\/www.public.sn\/wp-content\/uploads\/2023\/03\/adji-sarr.webp\",\"keywords\":[\"Adji Sarr\",\"ko\",\"Macky Sall\",\"Ousmane so\"],\"articleSection\":[\"ACTUALIT\u00c9S\",\"justice\",\"POLITIQUE\",\"S\u00c9CURIT\u00c9 &amp; JUSTICE\",\"S\u00c9N\u00c9GAL\",\"SOCIETE\"],\"inLanguage\":\"fr-FR\",\"potentialAction\":[{\"@type\":\"CommentAction\",\"name\":\"Comment\",\"target\":[\"https:\/\/www.public.sn\/index.php\/2023\/03\/23\/adji-sarr-a-peur-dun-deal-entre-macky-et-sonko\/#respond\"]}]},{\"@type\":\"WebPage\",\"@id\":\"https:\/\/www.public.sn\/index.php\/2023\/03\/23\/adji-sarr-a-peur-dun-deal-entre-macky-et-sonko\/\",\"url\":\"https:\/\/www.public.sn\/index.php\/2023\/03\/23\/adji-sarr-a-peur-dun-deal-entre-macky-et-sonko\/\",\"name\":\"Adji Sarr a peur d\u2019un deal entre Macky et Sonko\u2026 - LE PUBLIC\",\"isPartOf\":{\"@id\":\"https:\/\/www.public.sn\/#website\"},\"primaryImageOfPage\":{\"@id\":\"https:\/\/www.public.sn\/index.php\/2023\/03\/23\/adji-sarr-a-peur-dun-deal-entre-macky-et-sonko\/#primaryimage\"},\"image\":{\"@id\":\"https:\/\/www.public.sn\/index.php\/2023\/03\/23\/adji-sarr-a-peur-dun-deal-entre-macky-et-sonko\/#primaryimage\"},\"thumbnailUrl\":\"https:\/\/www.public.sn\/wp-content\/uploads\/2023\/03\/adji-sarr.webp\",\"datePublished\":\"2023-03-23T10:45:26+00:00\",\"breadcrumb\":{\"@id\":\"https:\/\/www.public.sn\/index.php\/2023\/03\/23\/adji-sarr-a-peur-dun-deal-entre-macky-et-sonko\/#breadcrumb\"},\"inLanguage\":\"fr-FR\",\"potentialAction\":[{\"@type\":\"ReadAction\",\"target\":[\"https:\/\/www.public.sn\/index.php\/2023\/03\/23\/adji-sarr-a-peur-dun-deal-entre-macky-et-sonko\/\"]}]},{\"@type\":\"ImageObject\",\"inLanguage\":\"fr-FR\",\"@id\":\"https:\/\/www.public.sn\/index.php\/2023\/03\/23\/adji-sarr-a-peur-dun-deal-entre-macky-et-sonko\/#primaryimage\",\"url\":\"https:\/\/www.public.sn\/wp-content\/uploads\/2023\/03\/adji-sarr.webp\",\"contentUrl\":\"https:\/\/www.public.sn\/wp-content\/uploads\/2023\/03\/adji-sarr.webp\",\"width\":660,\"height\":330},{\"@type\":\"BreadcrumbList\",\"@id\":\"https:\/\/www.public.sn\/index.php\/2023\/03\/23\/adji-sarr-a-peur-dun-deal-entre-macky-et-sonko\/#breadcrumb\",\"itemListElement\":[{\"@type\":\"ListItem\",\"position\":1,\"name\":\"Accueil\",\"item\":\"https:\/\/www.public.sn\/\"},{\"@type\":\"ListItem\",\"position\":2,\"name\":\"Adji Sarr a peur d\u2019un deal entre Macky et Sonko\u2026\"}]},{\"@type\":\"WebSite\",\"@id\":\"https:\/\/www.public.sn\/#website\",\"url\":\"https:\/\/www.public.sn\/\",\"name\":\"LE PUBLIC\",\"description\":\"\",\"publisher\":{\"@id\":\"https:\/\/www.public.sn\/#organization\"},\"potentialAction\":[{\"@type\":\"SearchAction\",\"target\":{\"@type\":\"EntryPoint\",\"urlTemplate\":\"https:\/\/www.public.sn\/?s={search_term_string}\"},\"query-input\":{\"@type\":\"PropertyValueSpecification\",\"valueRequired\":true,\"valueName\":\"search_term_string\"}}],\"inLanguage\":\"fr-FR\"},{\"@type\":\"Organization\",\"@id\":\"https:\/\/www.public.sn\/#organization\",\"name\":\"LE PUBLIC\",\"url\":\"https:\/\/www.public.sn\/\",\"logo\":{\"@type\":\"ImageObject\",\"inLanguage\":\"fr-FR\",\"@id\":\"https:\/\/www.public.sn\/#\/schema\/logo\/image\/\",\"url\":\"https:\/\/www.public.sn\/wp-content\/uploads\/2024\/05\/cropped-LOGO-PUBLIC.SN_.png\",\"contentUrl\":\"https:\/\/www.public.sn\/wp-content\/uploads\/2024\/05\/cropped-LOGO-PUBLIC.SN_.png\",\"width\":682,\"height\":192,\"caption\":\"LE PUBLIC\"},\"image\":{\"@id\":\"https:\/\/www.public.sn\/#\/schema\/logo\/image\/\"}},{\"@type\":\"Person\",\"@id\":\"https:\/\/www.public.sn\/#\/schema\/person\/cb76c8e1b8becc6be61fb5e92d6d0224\",\"name\":\"LA REDACTION\",\"image\":{\"@type\":\"ImageObject\",\"inLanguage\":\"fr-FR\",\"@id\":\"https:\/\/www.public.sn\/#\/schema\/person\/image\/\",\"url\":\"https:\/\/secure.gravatar.com\/avatar\/2dce5ddd34b8fef0180efe03aa2a9bee7d953856048f9a16b298190a3178407c?s=96&d=mm&r=g\",\"contentUrl\":\"https:\/\/secure.gravatar.com\/avatar\/2dce5ddd34b8fef0180efe03aa2a9bee7d953856048f9a16b298190a3178407c?s=96&d=mm&r=g\",\"caption\":\"LA REDACTION\"},\"url\":\"https:\/\/www.public.sn\/index.php\/author\/editeurpsn\/\"}]}<\/script>\n<!-- \/ Yoast SEO plugin. -->","yoast_head_json":{"title":"Adji Sarr a peur d\u2019un deal entre Macky et Sonko\u2026 - LE PUBLIC","robots":{"index":"index","follow":"follow","max-snippet":"max-snippet:-1","max-image-preview":"max-image-preview:large","max-video-preview":"max-video-preview:-1"},"canonical":"https:\/\/www.public.sn\/index.php\/2023\/03\/23\/adji-sarr-a-peur-dun-deal-entre-macky-et-sonko\/","og_locale":"fr_FR","og_type":"article","og_title":"Adji Sarr a peur d\u2019un deal entre Macky et Sonko\u2026 - LE PUBLIC","og_description":"Adji Sarr s\u2019impatiente. L\u2019ex-masseuse, qui\u00a0accuse Ousmane Sonko de viol\u00a0et menaces de mort, d\u00e9clare craindre que son dossier soit mis sous le tapis. Et pour cause. Elle dit avoir \u00e9t\u00e9 alert\u00e9e par la lenteur, \u00e0 son go\u00fbt, constat\u00e9e dans le jugement de l\u2019affaire opposant le pr\u00e9sident de Pastef \u00e0 Mame Mbaye Niang. Celle-ci a \u00e9t\u00e9 renvoy\u00e9e- pour la deuxi\u00e8me fois- au 30 mars. \u00abSi l\u2019\u00c9tat n\u2019est pas capable de g\u00e9rer un dossier de diffamation dans lequel un ministre de la R\u00e9publique est impliqu\u00e9, ce n\u2019est pas mon dossier qui a caus\u00e9 quatorze morts qui sera alors jug\u00e9\u00bb. Adji Sarr ajoute : \u00abJe ne vais pas accepter d\u2019\u00eatre sacrifi\u00e9e. Je ne suis plus s\u00fbre de rien. Franchement, j\u2019ai peur que l\u2019\u00c9tat n\u00e9gocie avec Sonko pour mettre de c\u00f4t\u00e9 notre dossier. Si le dossier en diffamation n\u2019est pas jug\u00e9, je prendrai une d\u00e9cision. Je suis fatigu\u00e9e. Je suis jeune, j\u2019ai besoin de vivre comme tous les jeunes de mon \u00e2ge. Je ne peux pas m\u2019enfermer tout le temps entre quatre murs, comme une prisonni\u00e8re.\u00bb L\u2019affaire Sonko-Adji Sarr a \u00e9t\u00e9 renvoy\u00e9e devant la chambre criminelle. Apr\u00e8s avoir \u00e9t\u00e9 d\u00e9bout\u00e9e par la chambre d\u2019accusation de la Cour d\u2019appel, qui a valid\u00e9 la d\u00e9cision du Doyen des juges, la d\u00e9fense a d\u00e9pos\u00e9 un pourvoi en cassation devant la Cour supr\u00eame.","og_url":"https:\/\/www.public.sn\/index.php\/2023\/03\/23\/adji-sarr-a-peur-dun-deal-entre-macky-et-sonko\/","og_site_name":"LE PUBLIC","article_published_time":"2023-03-23T10:45:26+00:00","og_image":[{"width":660,"height":330,"url":"https:\/\/www.public.sn\/wp-content\/uploads\/2023\/03\/adji-sarr.webp","type":"image\/webp"}],"author":"LA REDACTION","twitter_card":"summary_large_image","twitter_misc":{"\u00c9crit par":"LA REDACTION","Dur\u00e9e de lecture estim\u00e9e":"2 minutes"},"schema":{"@context":"https:\/\/schema.org","@graph":[{"@type":"Article","@id":"https:\/\/www.public.sn\/index.php\/2023\/03\/23\/adji-sarr-a-peur-dun-deal-entre-macky-et-sonko\/#article","isPartOf":{"@id":"https:\/\/www.public.sn\/index.php\/2023\/03\/23\/adji-sarr-a-peur-dun-deal-entre-macky-et-sonko\/"},"author":{"name":"LA REDACTION","@id":"https:\/\/www.public.sn\/#\/schema\/person\/cb76c8e1b8becc6be61fb5e92d6d0224"},"headline":"Adji Sarr a peur d\u2019un deal entre Macky et Sonko\u2026","datePublished":"2023-03-23T10:45:26+00:00","mainEntityOfPage":{"@id":"https:\/\/www.public.sn\/index.php\/2023\/03\/23\/adji-sarr-a-peur-dun-deal-entre-macky-et-sonko\/"},"wordCount":262,"commentCount":0,"publisher":{"@id":"https:\/\/www.public.sn\/#organization"},"image":{"@id":"https:\/\/www.public.sn\/index.php\/2023\/03\/23\/adji-sarr-a-peur-dun-deal-entre-macky-et-sonko\/#primaryimage"},"thumbnailUrl":"https:\/\/www.public.sn\/wp-content\/uploads\/2023\/03\/adji-sarr.webp","keywords":["Adji Sarr","ko","Macky Sall","Ousmane so"],"articleSection":["ACTUALIT\u00c9S","justice","POLITIQUE","S\u00c9CURIT\u00c9 &amp; JUSTICE","S\u00c9N\u00c9GAL","SOCIETE"],"inLanguage":"fr-FR","potentialAction":[{"@type":"CommentAction","name":"Comment","target":["https:\/\/www.public.sn\/index.php\/2023\/03\/23\/adji-sarr-a-peur-dun-deal-entre-macky-et-sonko\/#respond"]}]},{"@type":"WebPage","@id":"https:\/\/www.public.sn\/index.php\/2023\/03\/23\/adji-sarr-a-peur-dun-deal-entre-macky-et-sonko\/","url":"https:\/\/www.public.sn\/index.php\/2023\/03\/23\/adji-sarr-a-peur-dun-deal-entre-macky-et-sonko\/","name":"Adji Sarr a peur d\u2019un deal entre Macky et Sonko\u2026 - LE PUBLIC","isPartOf":{"@id":"https:\/\/www.public.sn\/#website"},"primaryImageOfPage":{"@id":"https:\/\/www.public.sn\/index.php\/2023\/03\/23\/adji-sarr-a-peur-dun-deal-entre-macky-et-sonko\/#primaryimage"},"image":{"@id":"https:\/\/www.public.sn\/index.php\/2023\/03\/23\/adji-sarr-a-peur-dun-deal-entre-macky-et-sonko\/#primaryimage"},"thumbnailUrl":"https:\/\/www.public.sn\/wp-content\/uploads\/2023\/03\/adji-sarr.webp","datePublished":"2023-03-23T10:45:26+00:00","breadcrumb":{"@id":"https:\/\/www.public.sn\/index.php\/2023\/03\/23\/adji-sarr-a-peur-dun-deal-entre-macky-et-sonko\/#breadcrumb"},"inLanguage":"fr-FR","potentialAction":[{"@type":"ReadAction","target":["https:\/\/www.public.sn\/index.php\/2023\/03\/23\/adji-sarr-a-peur-dun-deal-entre-macky-et-sonko\/"]}]},{"@type":"ImageObject","inLanguage":"fr-FR","@id":"https:\/\/www.public.sn\/index.php\/2023\/03\/23\/adji-sarr-a-peur-dun-deal-entre-macky-et-sonko\/#primaryimage","url":"https:\/\/www.public.sn\/wp-content\/uploads\/2023\/03\/adji-sarr.webp","contentUrl":"https:\/\/www.public.sn\/wp-content\/uploads\/2023\/03\/adji-sarr.webp","width":660,"height":330},{"@type":"BreadcrumbList","@id":"https:\/\/www.public.sn\/index.php\/2023\/03\/23\/adji-sarr-a-peur-dun-deal-entre-macky-et-sonko\/#breadcrumb","itemListElement":[{"@type":"ListItem","position":1,"name":"Accueil","item":"https:\/\/www.public.sn\/"},{"@type":"ListItem","position":2,"name":"Adji Sarr a peur d\u2019un deal entre Macky et Sonko\u2026"}]},{"@type":"WebSite","@id":"https:\/\/www.public.sn\/#website","url":"https:\/\/www.public.sn\/","name":"LE PUBLIC","description":"","publisher":{"@id":"https:\/\/www.public.sn\/#organization"},"potentialAction":[{"@type":"SearchAction","target":{"@type":"EntryPoint","urlTemplate":"https:\/\/www.public.sn\/?s={search_term_string}"},"query-input":{"@type":"PropertyValueSpecification","valueRequired":true,"valueName":"search_term_string"}}],"inLanguage":"fr-FR"},{"@type":"Organization","@id":"https:\/\/www.public.sn\/#organization","name":"LE PUBLIC","url":"https:\/\/www.public.sn\/","logo":{"@type":"ImageObject","inLanguage":"fr-FR","@id":"https:\/\/www.public.sn\/#\/schema\/logo\/image\/","url":"https:\/\/www.public.sn\/wp-content\/uploads\/2024\/05\/cropped-LOGO-PUBLIC.SN_.png","contentUrl":"https:\/\/www.public.sn\/wp-content\/uploads\/2024\/05\/cropped-LOGO-PUBLIC.SN_.png","width":682,"height":192,"caption":"LE PUBLIC"},"image":{"@id":"https:\/\/www.public.sn\/#\/schema\/logo\/image\/"}},{"@type":"Person","@id":"https:\/\/www.public.sn\/#\/schema\/person\/cb76c8e1b8becc6be61fb5e92d6d0224","name":"LA REDACTION","image":{"@type":"ImageObject","inLanguage":"fr-FR","@id":"https:\/\/www.public.sn\/#\/schema\/person\/image\/","url":"https:\/\/secure.gravatar.com\/avatar\/2dce5ddd34b8fef0180efe03aa2a9bee7d953856048f9a16b298190a3178407c?s=96&d=mm&r=g","contentUrl":"https:\/\/secure.gravatar.com\/avatar\/2dce5ddd34b8fef0180efe03aa2a9bee7d953856048f9a16b298190a3178407c?s=96&d=mm&r=g","caption":"LA REDACTION"},"url":"https:\/\/www.public.sn\/index.php\/author\/editeurpsn\/"}]}},"jetpack_featured_media_url":"https:\/\/www.public.sn\/wp-content\/uploads\/2023\/03\/adji-sarr.webp","jetpack_sharing_enabled":true,"_links":{"self":[{"href":"https:\/\/www.public.sn\/index.php\/wp-json\/wp\/v2\/posts\/18577","targetHints":{"allow":["GET"]}}],"collection":[{"href":"https:\/\/www.public.sn\/index.php\/wp-json\/wp\/v2\/posts"}],"about":[{"href":"https:\/\/www.public.sn\/index.php\/wp-json\/wp\/v2\/types\/post"}],"author":[{"embeddable":true,"href":"https:\/\/www.public.sn\/index.php\/wp-json\/wp\/v2\/users\/7"}],"replies":[{"embeddable":true,"href":"https:\/\/www.public.sn\/index.php\/wp-json\/wp\/v2\/comments?post=18577"}],"version-history":[{"count":1,"href":"https:\/\/www.public.sn\/index.php\/wp-json\/wp\/v2\/posts\/18577\/revisions"}],"predecessor-version":[{"id":18579,"href":"https:\/\/www.public.sn\/index.php\/wp-json\/wp\/v2\/posts\/18577\/revisions\/18579"}],"wp:featuredmedia":[{"embeddable":true,"href":"https:\/\/www.public.sn\/index.php\/wp-json\/wp\/v2\/media\/18578"}],"wp:attachment":[{"href":"https:\/\/www.public.sn\/index.php\/wp-json\/wp\/v2\/media?parent=18577"}],"wp:term":[{"taxonomy":"category","embeddable":true,"href":"https:\/\/www.public.sn\/index.php\/wp-json\/wp\/v2\/categories?post=18577"},{"taxonomy":"post_tag","embeddable":true,"href":"https:\/\/www.public.sn\/index.php\/wp-json\/wp\/v2\/tags?post=18577"}],"curies":[{"name":"wp","href":"https:\/\/api.w.org\/{rel}","templated":true}]}}