{"id":18590,"date":"2023-03-23T16:14:01","date_gmt":"2023-03-23T16:14:01","guid":{"rendered":"https:\/\/www.public.sn\/?p=18590"},"modified":"2023-03-23T16:14:01","modified_gmt":"2023-03-23T16:14:01","slug":"troubles-a-lordre-public-les-personnes-arretees-risquent-la-prison-kedougou","status":"publish","type":"post","link":"https:\/\/www.public.sn\/index.php\/2023\/03\/23\/troubles-a-lordre-public-les-personnes-arretees-risquent-la-prison-kedougou\/","title":{"rendered":"Troubles \u00e0 l\u2019ordre public : Les personnes arr\u00eat\u00e9es risquent la prison K\u00e9dougou"},"content":{"rendered":"<p class=\"access\"><strong>Le gouvernement s\u00e9n\u00e9galais a pris des mesures pour renforcer la s\u00e9curit\u00e9 et l\u2019ordre public apr\u00e8s une s\u00e9rie d\u2019incidents violents ces derni\u00e8res semaines. Selon une source judiciaire de Leral, la prison de K\u00e9dougou a \u00e9t\u00e9 r\u00e9am\u00e9nag\u00e9e pour accueillir les personnes arr\u00eat\u00e9es pour avoir tent\u00e9 de troubler l\u2019ordre public et d\u00e9stabiliser le pays. Cette d\u00e9cision intervient apr\u00e8s plusieurs manifestations qui ont eu lieu \u00e0 Dakar et Bignona et ont caus\u00e9 des dommages mat\u00e9riels importants.<\/strong><\/p><div class=\"publi-paragraphe1\" style=\"margin-top: 10px;margin-bottom: 10px;margin-left: auto;margin-right: auto;text-align: center;\" id=\"publi-2558185523\"><div class=\"publi-adlabel\">Publicit\u00e9<\/div><script async src=\"\/\/pagead2.googlesyndication.com\/pagead\/js\/adsbygoogle.js?client=ca-pub-4089586018074219\" crossorigin=\"anonymous\"><\/script><ins class=\"adsbygoogle\" style=\"display:block;\" data-ad-client=\"ca-pub-4089586018074219\" \ndata-ad-slot=\"2087940154\" \ndata-ad-format=\"auto\"><\/ins>\n<script> \n(adsbygoogle = window.adsbygoogle || []).push({}); \n<\/script>\n<\/div>\n<p class=\"access\">Le gouvernement s\u00e9n\u00e9galais a d\u00e9cid\u00e9 de prendre des mesures fermes pour emp\u00eacher toute tentative de perturbation de l\u2019ordre public . Des unit\u00e9s de forces de s\u00e9curit\u00e9 ont \u00e9t\u00e9 d\u00e9ploy\u00e9es pour maintenir la paix et l\u2019ordre et des agents infiltr\u00e9s. Les autorit\u00e9s ont appel\u00e9 au calme et ont exhort\u00e9 les citoyens \u00e0 \u00e9viter les actes de violence et de vandalisme. Ils ont \u00e9galement appel\u00e9 les organisateurs de manifestations \u00e0 respecter les lois et r\u00e8glements en vigueur et \u00e0 \u00e9viter toute forme de violence.<\/p>\n<div class=\"google-auto-placed ap_container\"><\/div>\n<div class=\"dbe dbe-post-middle dbe-float-center dbe-align-center dbe-column-1 dbe-clearfix no-bg-box-model\">\n<div id=\"dbe-3576-1437116882\" class=\"dbe-container dbe-type-code \" data-adid=\"3576\" data-type=\"code\">\n<div id=\"dbe-3576-1437116882-place\"><\/div>\n<\/div>\n<\/div>\n<p class=\"access\">Cette initiative a \u00e9t\u00e9 salu\u00e9e par les habitants , les entrepreneurs , les investisseurs qui se sont dits soulag\u00e9s par la pr\u00e9sence des forces de s\u00e9curit\u00e9 et le renforcement de la s\u00e9curit\u00e9 dans la r\u00e9gion. Les habitants ont exprim\u00e9 leur soutien aux autorit\u00e9s et ont appel\u00e9 \u00e0 la paix et \u00e0 la stabilit\u00e9. Cependant, certains ont critiqu\u00e9 cette mesure en affirmant qu\u2019elle pourrait \u00eatre utilis\u00e9e pour r\u00e9primer les opposants politiques et les manifestants pacifiques. Les autorit\u00e9s ont r\u00e9fut\u00e9 ces accusations en affirmant que la mesure ne vise que les personnes qui ont enfreint la loi et perturb\u00e9 l\u2019ordre public, renseigne toujours la source.<\/p>\n<div class=\"google-auto-placed ap_container\"><\/div>\n<p class=\"access\">En conclusion, cette initiative vise \u00e0 garantir la s\u00e9curit\u00e9 et la stabilit\u00e9 du pays et \u00e0 dissuader toute tentative de perturbation de l\u2019ordre public dans cette partie du pays. Les autorit\u00e9s ont appel\u00e9 \u00e0 la coop\u00e9ration et au respect des lois et r\u00e8glements en vigueur pour assurer la s\u00e9curit\u00e9 de tous les citoyens et pr\u00e9server la paix et la stabilit\u00e9 dans la r\u00e9gion.<\/p>\n<div class=\"publi-apres-le-contenu\" style=\"margin-top: 10px;margin-bottom: 10px;margin-left: auto;margin-right: auto;text-align: center;\" id=\"publi-373750577\"><div class=\"publi-adlabel\">Publicit\u00e9<\/div><script async src=\"\/\/pagead2.googlesyndication.com\/pagead\/js\/adsbygoogle.js?client=ca-pub-4089586018074219\" crossorigin=\"anonymous\"><\/script><ins class=\"adsbygoogle\" style=\"display:block;\" data-ad-client=\"ca-pub-4089586018074219\" \ndata-ad-slot=\"2087940154\" \ndata-ad-format=\"auto\"><\/ins>\n<script> \n(adsbygoogle = window.adsbygoogle || []).push({}); \n<\/script>\n<\/div>","protected":false},"excerpt":{"rendered":"<p>Le gouvernement s\u00e9n\u00e9galais a pris des mesures pour renforcer la s\u00e9curit\u00e9 et l\u2019ordre public apr\u00e8s une s\u00e9rie d\u2019incidents violents ces derni\u00e8res semaines. Selon une source judiciaire de Leral, la prison de K\u00e9dougou a \u00e9t\u00e9 r\u00e9am\u00e9nag\u00e9e pour accueillir les personnes arr\u00eat\u00e9es pour avoir tent\u00e9 de troubler l\u2019ordre public et d\u00e9stabiliser le pays. Cette d\u00e9cision intervient apr\u00e8s plusieurs manifestations qui ont eu lieu \u00e0 Dakar et Bignona et ont caus\u00e9 des dommages mat\u00e9riels importants. Le gouvernement s\u00e9n\u00e9galais a d\u00e9cid\u00e9 de prendre des mesures fermes pour emp\u00eacher toute tentative de perturbation de l\u2019ordre public . Des unit\u00e9s de forces de s\u00e9curit\u00e9 ont \u00e9t\u00e9 d\u00e9ploy\u00e9es pour maintenir la paix et l\u2019ordre et des agents infiltr\u00e9s. Les autorit\u00e9s ont appel\u00e9 au calme et ont exhort\u00e9 les citoyens \u00e0 \u00e9viter les actes de violence et de vandalisme. Ils ont \u00e9galement appel\u00e9 les organisateurs de manifestations \u00e0 respecter les lois et r\u00e8glements en vigueur et \u00e0 \u00e9viter toute forme de violence. Cette initiative a \u00e9t\u00e9 salu\u00e9e par les habitants , les entrepreneurs , les investisseurs qui se sont dits soulag\u00e9s par la pr\u00e9sence des forces de s\u00e9curit\u00e9 et le renforcement de la s\u00e9curit\u00e9 dans la r\u00e9gion. Les habitants ont exprim\u00e9 leur soutien aux autorit\u00e9s et ont appel\u00e9 \u00e0 la paix et \u00e0 la stabilit\u00e9. Cependant, certains ont critiqu\u00e9 cette mesure en affirmant qu\u2019elle pourrait \u00eatre utilis\u00e9e pour r\u00e9primer les opposants politiques et les manifestants pacifiques. Les autorit\u00e9s ont r\u00e9fut\u00e9 ces accusations en affirmant que la mesure ne vise que les personnes qui ont enfreint la loi et perturb\u00e9 l\u2019ordre public, renseigne toujours la source. En conclusion, cette initiative vise \u00e0 garantir la s\u00e9curit\u00e9 et la stabilit\u00e9 du pays et \u00e0 dissuader toute tentative de perturbation de l\u2019ordre public dans cette partie du pays. Les autorit\u00e9s ont appel\u00e9 \u00e0 la coop\u00e9ration et au respect des lois et r\u00e8glements en vigueur pour assurer la s\u00e9curit\u00e9 de tous les citoyens et pr\u00e9server la paix et la stabilit\u00e9 dans la r\u00e9gion.<\/p>\n","protected":false},"author":7,"featured_media":18591,"comment_status":"open","ping_status":"open","sticky":false,"template":"","format":"standard","meta":{"_jetpack_memberships_contains_paid_content":false,"footnotes":""},"categories":[375,3724,4353,3,376,1,4],"tags":[1827,387,4895,4881],"class_list":["post-18590","post","type-post","status-publish","format-standard","has-post-thumbnail","hentry","category-actualites","category-justice","category-manifestations","category-politique","category-securite-justice","category-non-classe","category-societe","tag-arrestations","tag-kedougou","tag-manifestants","tag-manifs","entry","has-media","owp-thumbs-layout-horizontal","owp-btn-normal","owp-tabs-layout-horizontal","has-no-thumbnails","has-product-nav"],"yoast_head":"<!-- This site is optimized with the Yoast SEO plugin v25.5 - https:\/\/yoast.com\/wordpress\/plugins\/seo\/ -->\n<title>Troubles \u00e0 l\u2019ordre public : Les personnes arr\u00eat\u00e9es risquent la prison K\u00e9dougou - LE PUBLIC<\/title>\n<meta name=\"robots\" content=\"index, follow, max-snippet:-1, max-image-preview:large, max-video-preview:-1\" \/>\n<link rel=\"canonical\" href=\"https:\/\/www.public.sn\/index.php\/2023\/03\/23\/troubles-a-lordre-public-les-personnes-arretees-risquent-la-prison-kedougou\/\" \/>\n<meta property=\"og:locale\" content=\"fr_FR\" \/>\n<meta property=\"og:type\" content=\"article\" \/>\n<meta property=\"og:title\" content=\"Troubles \u00e0 l\u2019ordre public : Les personnes arr\u00eat\u00e9es risquent la prison K\u00e9dougou - LE PUBLIC\" \/>\n<meta property=\"og:description\" content=\"Le gouvernement s\u00e9n\u00e9galais a pris des mesures pour renforcer la s\u00e9curit\u00e9 et l\u2019ordre public apr\u00e8s une s\u00e9rie d\u2019incidents violents ces derni\u00e8res semaines. Selon une source judiciaire de Leral, la prison de K\u00e9dougou a \u00e9t\u00e9 r\u00e9am\u00e9nag\u00e9e pour accueillir les personnes arr\u00eat\u00e9es pour avoir tent\u00e9 de troubler l\u2019ordre public et d\u00e9stabiliser le pays. Cette d\u00e9cision intervient apr\u00e8s plusieurs manifestations qui ont eu lieu \u00e0 Dakar et Bignona et ont caus\u00e9 des dommages mat\u00e9riels importants. Le gouvernement s\u00e9n\u00e9galais a d\u00e9cid\u00e9 de prendre des mesures fermes pour emp\u00eacher toute tentative de perturbation de l\u2019ordre public . Des unit\u00e9s de forces de s\u00e9curit\u00e9 ont \u00e9t\u00e9 d\u00e9ploy\u00e9es pour maintenir la paix et l\u2019ordre et des agents infiltr\u00e9s. Les autorit\u00e9s ont appel\u00e9 au calme et ont exhort\u00e9 les citoyens \u00e0 \u00e9viter les actes de violence et de vandalisme. Ils ont \u00e9galement appel\u00e9 les organisateurs de manifestations \u00e0 respecter les lois et r\u00e8glements en vigueur et \u00e0 \u00e9viter toute forme de violence. Cette initiative a \u00e9t\u00e9 salu\u00e9e par les habitants , les entrepreneurs , les investisseurs qui se sont dits soulag\u00e9s par la pr\u00e9sence des forces de s\u00e9curit\u00e9 et le renforcement de la s\u00e9curit\u00e9 dans la r\u00e9gion. Les habitants ont exprim\u00e9 leur soutien aux autorit\u00e9s et ont appel\u00e9 \u00e0 la paix et \u00e0 la stabilit\u00e9. Cependant, certains ont critiqu\u00e9 cette mesure en affirmant qu\u2019elle pourrait \u00eatre utilis\u00e9e pour r\u00e9primer les opposants politiques et les manifestants pacifiques. Les autorit\u00e9s ont r\u00e9fut\u00e9 ces accusations en affirmant que la mesure ne vise que les personnes qui ont enfreint la loi et perturb\u00e9 l\u2019ordre public, renseigne toujours la source. En conclusion, cette initiative vise \u00e0 garantir la s\u00e9curit\u00e9 et la stabilit\u00e9 du pays et \u00e0 dissuader toute tentative de perturbation de l\u2019ordre public dans cette partie du pays. Les autorit\u00e9s ont appel\u00e9 \u00e0 la coop\u00e9ration et au respect des lois et r\u00e8glements en vigueur pour assurer la s\u00e9curit\u00e9 de tous les citoyens et pr\u00e9server la paix et la stabilit\u00e9 dans la r\u00e9gion.\" \/>\n<meta property=\"og:url\" content=\"https:\/\/www.public.sn\/index.php\/2023\/03\/23\/troubles-a-lordre-public-les-personnes-arretees-risquent-la-prison-kedougou\/\" \/>\n<meta property=\"og:site_name\" content=\"LE PUBLIC\" \/>\n<meta property=\"article:published_time\" content=\"2023-03-23T16:14:01+00:00\" \/>\n<meta property=\"og:image\" content=\"https:\/\/www.public.sn\/wp-content\/uploads\/2023\/03\/trouble-a-lordre-public.jpg\" \/>\n\t<meta property=\"og:image:width\" content=\"1280\" \/>\n\t<meta property=\"og:image:height\" content=\"640\" \/>\n\t<meta property=\"og:image:type\" content=\"image\/jpeg\" \/>\n<meta name=\"author\" content=\"LA REDACTION\" \/>\n<meta name=\"twitter:card\" content=\"summary_large_image\" \/>\n<meta name=\"twitter:label1\" content=\"\u00c9crit par\" \/>\n\t<meta name=\"twitter:data1\" content=\"LA REDACTION\" \/>\n\t<meta name=\"twitter:label2\" content=\"Dur\u00e9e de lecture estim\u00e9e\" \/>\n\t<meta name=\"twitter:data2\" content=\"2 minutes\" \/>\n<script type=\"application\/ld+json\" class=\"yoast-schema-graph\">{\"@context\":\"https:\/\/schema.org\",\"@graph\":[{\"@type\":\"Article\",\"@id\":\"https:\/\/www.public.sn\/index.php\/2023\/03\/23\/troubles-a-lordre-public-les-personnes-arretees-risquent-la-prison-kedougou\/#article\",\"isPartOf\":{\"@id\":\"https:\/\/www.public.sn\/index.php\/2023\/03\/23\/troubles-a-lordre-public-les-personnes-arretees-risquent-la-prison-kedougou\/\"},\"author\":{\"name\":\"LA REDACTION\",\"@id\":\"https:\/\/www.public.sn\/#\/schema\/person\/cb76c8e1b8becc6be61fb5e92d6d0224\"},\"headline\":\"Troubles \u00e0 l\u2019ordre public : Les personnes arr\u00eat\u00e9es risquent la prison K\u00e9dougou\",\"datePublished\":\"2023-03-23T16:14:01+00:00\",\"mainEntityOfPage\":{\"@id\":\"https:\/\/www.public.sn\/index.php\/2023\/03\/23\/troubles-a-lordre-public-les-personnes-arretees-risquent-la-prison-kedougou\/\"},\"wordCount\":375,\"commentCount\":0,\"publisher\":{\"@id\":\"https:\/\/www.public.sn\/#organization\"},\"image\":{\"@id\":\"https:\/\/www.public.sn\/index.php\/2023\/03\/23\/troubles-a-lordre-public-les-personnes-arretees-risquent-la-prison-kedougou\/#primaryimage\"},\"thumbnailUrl\":\"https:\/\/www.public.sn\/wp-content\/uploads\/2023\/03\/trouble-a-lordre-public.jpg\",\"keywords\":[\"arrestations\",\"K\u00e9dougou\",\"manifestants\",\"manifs\"],\"articleSection\":[\"ACTUALIT\u00c9S\",\"justice\",\"MANIFESTATIONS\",\"POLITIQUE\",\"S\u00c9CURIT\u00c9 &amp; JUSTICE\",\"S\u00c9N\u00c9GAL\",\"SOCIETE\"],\"inLanguage\":\"fr-FR\",\"potentialAction\":[{\"@type\":\"CommentAction\",\"name\":\"Comment\",\"target\":[\"https:\/\/www.public.sn\/index.php\/2023\/03\/23\/troubles-a-lordre-public-les-personnes-arretees-risquent-la-prison-kedougou\/#respond\"]}]},{\"@type\":\"WebPage\",\"@id\":\"https:\/\/www.public.sn\/index.php\/2023\/03\/23\/troubles-a-lordre-public-les-personnes-arretees-risquent-la-prison-kedougou\/\",\"url\":\"https:\/\/www.public.sn\/index.php\/2023\/03\/23\/troubles-a-lordre-public-les-personnes-arretees-risquent-la-prison-kedougou\/\",\"name\":\"Troubles \u00e0 l\u2019ordre public : Les personnes arr\u00eat\u00e9es risquent la prison K\u00e9dougou - LE PUBLIC\",\"isPartOf\":{\"@id\":\"https:\/\/www.public.sn\/#website\"},\"primaryImageOfPage\":{\"@id\":\"https:\/\/www.public.sn\/index.php\/2023\/03\/23\/troubles-a-lordre-public-les-personnes-arretees-risquent-la-prison-kedougou\/#primaryimage\"},\"image\":{\"@id\":\"https:\/\/www.public.sn\/index.php\/2023\/03\/23\/troubles-a-lordre-public-les-personnes-arretees-risquent-la-prison-kedougou\/#primaryimage\"},\"thumbnailUrl\":\"https:\/\/www.public.sn\/wp-content\/uploads\/2023\/03\/trouble-a-lordre-public.jpg\",\"datePublished\":\"2023-03-23T16:14:01+00:00\",\"breadcrumb\":{\"@id\":\"https:\/\/www.public.sn\/index.php\/2023\/03\/23\/troubles-a-lordre-public-les-personnes-arretees-risquent-la-prison-kedougou\/#breadcrumb\"},\"inLanguage\":\"fr-FR\",\"potentialAction\":[{\"@type\":\"ReadAction\",\"target\":[\"https:\/\/www.public.sn\/index.php\/2023\/03\/23\/troubles-a-lordre-public-les-personnes-arretees-risquent-la-prison-kedougou\/\"]}]},{\"@type\":\"ImageObject\",\"inLanguage\":\"fr-FR\",\"@id\":\"https:\/\/www.public.sn\/index.php\/2023\/03\/23\/troubles-a-lordre-public-les-personnes-arretees-risquent-la-prison-kedougou\/#primaryimage\",\"url\":\"https:\/\/www.public.sn\/wp-content\/uploads\/2023\/03\/trouble-a-lordre-public.jpg\",\"contentUrl\":\"https:\/\/www.public.sn\/wp-content\/uploads\/2023\/03\/trouble-a-lordre-public.jpg\",\"width\":1280,\"height\":640},{\"@type\":\"BreadcrumbList\",\"@id\":\"https:\/\/www.public.sn\/index.php\/2023\/03\/23\/troubles-a-lordre-public-les-personnes-arretees-risquent-la-prison-kedougou\/#breadcrumb\",\"itemListElement\":[{\"@type\":\"ListItem\",\"position\":1,\"name\":\"Accueil\",\"item\":\"https:\/\/www.public.sn\/\"},{\"@type\":\"ListItem\",\"position\":2,\"name\":\"Troubles \u00e0 l\u2019ordre public : Les personnes arr\u00eat\u00e9es risquent la prison K\u00e9dougou\"}]},{\"@type\":\"WebSite\",\"@id\":\"https:\/\/www.public.sn\/#website\",\"url\":\"https:\/\/www.public.sn\/\",\"name\":\"LE PUBLIC\",\"description\":\"\",\"publisher\":{\"@id\":\"https:\/\/www.public.sn\/#organization\"},\"potentialAction\":[{\"@type\":\"SearchAction\",\"target\":{\"@type\":\"EntryPoint\",\"urlTemplate\":\"https:\/\/www.public.sn\/?s={search_term_string}\"},\"query-input\":{\"@type\":\"PropertyValueSpecification\",\"valueRequired\":true,\"valueName\":\"search_term_string\"}}],\"inLanguage\":\"fr-FR\"},{\"@type\":\"Organization\",\"@id\":\"https:\/\/www.public.sn\/#organization\",\"name\":\"LE PUBLIC\",\"url\":\"https:\/\/www.public.sn\/\",\"logo\":{\"@type\":\"ImageObject\",\"inLanguage\":\"fr-FR\",\"@id\":\"https:\/\/www.public.sn\/#\/schema\/logo\/image\/\",\"url\":\"https:\/\/www.public.sn\/wp-content\/uploads\/2024\/05\/cropped-LOGO-PUBLIC.SN_.png\",\"contentUrl\":\"https:\/\/www.public.sn\/wp-content\/uploads\/2024\/05\/cropped-LOGO-PUBLIC.SN_.png\",\"width\":682,\"height\":192,\"caption\":\"LE PUBLIC\"},\"image\":{\"@id\":\"https:\/\/www.public.sn\/#\/schema\/logo\/image\/\"}},{\"@type\":\"Person\",\"@id\":\"https:\/\/www.public.sn\/#\/schema\/person\/cb76c8e1b8becc6be61fb5e92d6d0224\",\"name\":\"LA REDACTION\",\"image\":{\"@type\":\"ImageObject\",\"inLanguage\":\"fr-FR\",\"@id\":\"https:\/\/www.public.sn\/#\/schema\/person\/image\/\",\"url\":\"https:\/\/secure.gravatar.com\/avatar\/2dce5ddd34b8fef0180efe03aa2a9bee7d953856048f9a16b298190a3178407c?s=96&d=mm&r=g\",\"contentUrl\":\"https:\/\/secure.gravatar.com\/avatar\/2dce5ddd34b8fef0180efe03aa2a9bee7d953856048f9a16b298190a3178407c?s=96&d=mm&r=g\",\"caption\":\"LA REDACTION\"},\"url\":\"https:\/\/www.public.sn\/index.php\/author\/editeurpsn\/\"}]}<\/script>\n<!-- \/ Yoast SEO plugin. -->","yoast_head_json":{"title":"Troubles \u00e0 l\u2019ordre public : Les personnes arr\u00eat\u00e9es risquent la prison K\u00e9dougou - LE PUBLIC","robots":{"index":"index","follow":"follow","max-snippet":"max-snippet:-1","max-image-preview":"max-image-preview:large","max-video-preview":"max-video-preview:-1"},"canonical":"https:\/\/www.public.sn\/index.php\/2023\/03\/23\/troubles-a-lordre-public-les-personnes-arretees-risquent-la-prison-kedougou\/","og_locale":"fr_FR","og_type":"article","og_title":"Troubles \u00e0 l\u2019ordre public : Les personnes arr\u00eat\u00e9es risquent la prison K\u00e9dougou - LE PUBLIC","og_description":"Le gouvernement s\u00e9n\u00e9galais a pris des mesures pour renforcer la s\u00e9curit\u00e9 et l\u2019ordre public apr\u00e8s une s\u00e9rie d\u2019incidents violents ces derni\u00e8res semaines. Selon une source judiciaire de Leral, la prison de K\u00e9dougou a \u00e9t\u00e9 r\u00e9am\u00e9nag\u00e9e pour accueillir les personnes arr\u00eat\u00e9es pour avoir tent\u00e9 de troubler l\u2019ordre public et d\u00e9stabiliser le pays. Cette d\u00e9cision intervient apr\u00e8s plusieurs manifestations qui ont eu lieu \u00e0 Dakar et Bignona et ont caus\u00e9 des dommages mat\u00e9riels importants. Le gouvernement s\u00e9n\u00e9galais a d\u00e9cid\u00e9 de prendre des mesures fermes pour emp\u00eacher toute tentative de perturbation de l\u2019ordre public . Des unit\u00e9s de forces de s\u00e9curit\u00e9 ont \u00e9t\u00e9 d\u00e9ploy\u00e9es pour maintenir la paix et l\u2019ordre et des agents infiltr\u00e9s. Les autorit\u00e9s ont appel\u00e9 au calme et ont exhort\u00e9 les citoyens \u00e0 \u00e9viter les actes de violence et de vandalisme. Ils ont \u00e9galement appel\u00e9 les organisateurs de manifestations \u00e0 respecter les lois et r\u00e8glements en vigueur et \u00e0 \u00e9viter toute forme de violence. Cette initiative a \u00e9t\u00e9 salu\u00e9e par les habitants , les entrepreneurs , les investisseurs qui se sont dits soulag\u00e9s par la pr\u00e9sence des forces de s\u00e9curit\u00e9 et le renforcement de la s\u00e9curit\u00e9 dans la r\u00e9gion. Les habitants ont exprim\u00e9 leur soutien aux autorit\u00e9s et ont appel\u00e9 \u00e0 la paix et \u00e0 la stabilit\u00e9. Cependant, certains ont critiqu\u00e9 cette mesure en affirmant qu\u2019elle pourrait \u00eatre utilis\u00e9e pour r\u00e9primer les opposants politiques et les manifestants pacifiques. Les autorit\u00e9s ont r\u00e9fut\u00e9 ces accusations en affirmant que la mesure ne vise que les personnes qui ont enfreint la loi et perturb\u00e9 l\u2019ordre public, renseigne toujours la source. En conclusion, cette initiative vise \u00e0 garantir la s\u00e9curit\u00e9 et la stabilit\u00e9 du pays et \u00e0 dissuader toute tentative de perturbation de l\u2019ordre public dans cette partie du pays. Les autorit\u00e9s ont appel\u00e9 \u00e0 la coop\u00e9ration et au respect des lois et r\u00e8glements en vigueur pour assurer la s\u00e9curit\u00e9 de tous les citoyens et pr\u00e9server la paix et la stabilit\u00e9 dans la r\u00e9gion.","og_url":"https:\/\/www.public.sn\/index.php\/2023\/03\/23\/troubles-a-lordre-public-les-personnes-arretees-risquent-la-prison-kedougou\/","og_site_name":"LE PUBLIC","article_published_time":"2023-03-23T16:14:01+00:00","og_image":[{"width":1280,"height":640,"url":"https:\/\/www.public.sn\/wp-content\/uploads\/2023\/03\/trouble-a-lordre-public.jpg","type":"image\/jpeg"}],"author":"LA REDACTION","twitter_card":"summary_large_image","twitter_misc":{"\u00c9crit par":"LA REDACTION","Dur\u00e9e de lecture estim\u00e9e":"2 minutes"},"schema":{"@context":"https:\/\/schema.org","@graph":[{"@type":"Article","@id":"https:\/\/www.public.sn\/index.php\/2023\/03\/23\/troubles-a-lordre-public-les-personnes-arretees-risquent-la-prison-kedougou\/#article","isPartOf":{"@id":"https:\/\/www.public.sn\/index.php\/2023\/03\/23\/troubles-a-lordre-public-les-personnes-arretees-risquent-la-prison-kedougou\/"},"author":{"name":"LA REDACTION","@id":"https:\/\/www.public.sn\/#\/schema\/person\/cb76c8e1b8becc6be61fb5e92d6d0224"},"headline":"Troubles \u00e0 l\u2019ordre public : Les personnes arr\u00eat\u00e9es risquent la prison K\u00e9dougou","datePublished":"2023-03-23T16:14:01+00:00","mainEntityOfPage":{"@id":"https:\/\/www.public.sn\/index.php\/2023\/03\/23\/troubles-a-lordre-public-les-personnes-arretees-risquent-la-prison-kedougou\/"},"wordCount":375,"commentCount":0,"publisher":{"@id":"https:\/\/www.public.sn\/#organization"},"image":{"@id":"https:\/\/www.public.sn\/index.php\/2023\/03\/23\/troubles-a-lordre-public-les-personnes-arretees-risquent-la-prison-kedougou\/#primaryimage"},"thumbnailUrl":"https:\/\/www.public.sn\/wp-content\/uploads\/2023\/03\/trouble-a-lordre-public.jpg","keywords":["arrestations","K\u00e9dougou","manifestants","manifs"],"articleSection":["ACTUALIT\u00c9S","justice","MANIFESTATIONS","POLITIQUE","S\u00c9CURIT\u00c9 &amp; JUSTICE","S\u00c9N\u00c9GAL","SOCIETE"],"inLanguage":"fr-FR","potentialAction":[{"@type":"CommentAction","name":"Comment","target":["https:\/\/www.public.sn\/index.php\/2023\/03\/23\/troubles-a-lordre-public-les-personnes-arretees-risquent-la-prison-kedougou\/#respond"]}]},{"@type":"WebPage","@id":"https:\/\/www.public.sn\/index.php\/2023\/03\/23\/troubles-a-lordre-public-les-personnes-arretees-risquent-la-prison-kedougou\/","url":"https:\/\/www.public.sn\/index.php\/2023\/03\/23\/troubles-a-lordre-public-les-personnes-arretees-risquent-la-prison-kedougou\/","name":"Troubles \u00e0 l\u2019ordre public : Les personnes arr\u00eat\u00e9es risquent la prison K\u00e9dougou - LE PUBLIC","isPartOf":{"@id":"https:\/\/www.public.sn\/#website"},"primaryImageOfPage":{"@id":"https:\/\/www.public.sn\/index.php\/2023\/03\/23\/troubles-a-lordre-public-les-personnes-arretees-risquent-la-prison-kedougou\/#primaryimage"},"image":{"@id":"https:\/\/www.public.sn\/index.php\/2023\/03\/23\/troubles-a-lordre-public-les-personnes-arretees-risquent-la-prison-kedougou\/#primaryimage"},"thumbnailUrl":"https:\/\/www.public.sn\/wp-content\/uploads\/2023\/03\/trouble-a-lordre-public.jpg","datePublished":"2023-03-23T16:14:01+00:00","breadcrumb":{"@id":"https:\/\/www.public.sn\/index.php\/2023\/03\/23\/troubles-a-lordre-public-les-personnes-arretees-risquent-la-prison-kedougou\/#breadcrumb"},"inLanguage":"fr-FR","potentialAction":[{"@type":"ReadAction","target":["https:\/\/www.public.sn\/index.php\/2023\/03\/23\/troubles-a-lordre-public-les-personnes-arretees-risquent-la-prison-kedougou\/"]}]},{"@type":"ImageObject","inLanguage":"fr-FR","@id":"https:\/\/www.public.sn\/index.php\/2023\/03\/23\/troubles-a-lordre-public-les-personnes-arretees-risquent-la-prison-kedougou\/#primaryimage","url":"https:\/\/www.public.sn\/wp-content\/uploads\/2023\/03\/trouble-a-lordre-public.jpg","contentUrl":"https:\/\/www.public.sn\/wp-content\/uploads\/2023\/03\/trouble-a-lordre-public.jpg","width":1280,"height":640},{"@type":"BreadcrumbList","@id":"https:\/\/www.public.sn\/index.php\/2023\/03\/23\/troubles-a-lordre-public-les-personnes-arretees-risquent-la-prison-kedougou\/#breadcrumb","itemListElement":[{"@type":"ListItem","position":1,"name":"Accueil","item":"https:\/\/www.public.sn\/"},{"@type":"ListItem","position":2,"name":"Troubles \u00e0 l\u2019ordre public : Les personnes arr\u00eat\u00e9es risquent la prison K\u00e9dougou"}]},{"@type":"WebSite","@id":"https:\/\/www.public.sn\/#website","url":"https:\/\/www.public.sn\/","name":"LE PUBLIC","description":"","publisher":{"@id":"https:\/\/www.public.sn\/#organization"},"potentialAction":[{"@type":"SearchAction","target":{"@type":"EntryPoint","urlTemplate":"https:\/\/www.public.sn\/?s={search_term_string}"},"query-input":{"@type":"PropertyValueSpecification","valueRequired":true,"valueName":"search_term_string"}}],"inLanguage":"fr-FR"},{"@type":"Organization","@id":"https:\/\/www.public.sn\/#organization","name":"LE PUBLIC","url":"https:\/\/www.public.sn\/","logo":{"@type":"ImageObject","inLanguage":"fr-FR","@id":"https:\/\/www.public.sn\/#\/schema\/logo\/image\/","url":"https:\/\/www.public.sn\/wp-content\/uploads\/2024\/05\/cropped-LOGO-PUBLIC.SN_.png","contentUrl":"https:\/\/www.public.sn\/wp-content\/uploads\/2024\/05\/cropped-LOGO-PUBLIC.SN_.png","width":682,"height":192,"caption":"LE PUBLIC"},"image":{"@id":"https:\/\/www.public.sn\/#\/schema\/logo\/image\/"}},{"@type":"Person","@id":"https:\/\/www.public.sn\/#\/schema\/person\/cb76c8e1b8becc6be61fb5e92d6d0224","name":"LA REDACTION","image":{"@type":"ImageObject","inLanguage":"fr-FR","@id":"https:\/\/www.public.sn\/#\/schema\/person\/image\/","url":"https:\/\/secure.gravatar.com\/avatar\/2dce5ddd34b8fef0180efe03aa2a9bee7d953856048f9a16b298190a3178407c?s=96&d=mm&r=g","contentUrl":"https:\/\/secure.gravatar.com\/avatar\/2dce5ddd34b8fef0180efe03aa2a9bee7d953856048f9a16b298190a3178407c?s=96&d=mm&r=g","caption":"LA REDACTION"},"url":"https:\/\/www.public.sn\/index.php\/author\/editeurpsn\/"}]}},"jetpack_featured_media_url":"https:\/\/www.public.sn\/wp-content\/uploads\/2023\/03\/trouble-a-lordre-public.jpg","jetpack_sharing_enabled":true,"_links":{"self":[{"href":"https:\/\/www.public.sn\/index.php\/wp-json\/wp\/v2\/posts\/18590","targetHints":{"allow":["GET"]}}],"collection":[{"href":"https:\/\/www.public.sn\/index.php\/wp-json\/wp\/v2\/posts"}],"about":[{"href":"https:\/\/www.public.sn\/index.php\/wp-json\/wp\/v2\/types\/post"}],"author":[{"embeddable":true,"href":"https:\/\/www.public.sn\/index.php\/wp-json\/wp\/v2\/users\/7"}],"replies":[{"embeddable":true,"href":"https:\/\/www.public.sn\/index.php\/wp-json\/wp\/v2\/comments?post=18590"}],"version-history":[{"count":1,"href":"https:\/\/www.public.sn\/index.php\/wp-json\/wp\/v2\/posts\/18590\/revisions"}],"predecessor-version":[{"id":18592,"href":"https:\/\/www.public.sn\/index.php\/wp-json\/wp\/v2\/posts\/18590\/revisions\/18592"}],"wp:featuredmedia":[{"embeddable":true,"href":"https:\/\/www.public.sn\/index.php\/wp-json\/wp\/v2\/media\/18591"}],"wp:attachment":[{"href":"https:\/\/www.public.sn\/index.php\/wp-json\/wp\/v2\/media?parent=18590"}],"wp:term":[{"taxonomy":"category","embeddable":true,"href":"https:\/\/www.public.sn\/index.php\/wp-json\/wp\/v2\/categories?post=18590"},{"taxonomy":"post_tag","embeddable":true,"href":"https:\/\/www.public.sn\/index.php\/wp-json\/wp\/v2\/tags?post=18590"}],"curies":[{"name":"wp","href":"https:\/\/api.w.org\/{rel}","templated":true}]}}