{"id":18593,"date":"2023-03-23T16:25:28","date_gmt":"2023-03-23T16:25:28","guid":{"rendered":"https:\/\/www.public.sn\/?p=18593"},"modified":"2023-03-23T16:25:28","modified_gmt":"2023-03-23T16:25:28","slug":"adji-sarr-les-medecins-refusent-de-me-consulter","status":"publish","type":"post","link":"https:\/\/www.public.sn\/index.php\/2023\/03\/23\/adji-sarr-les-medecins-refusent-de-me-consulter\/","title":{"rendered":"Adji Sarr : \u00ab Les m\u00e9decins refusent de me consulter \u00bb"},"content":{"rendered":"<p><strong>Adji Sarr narre les tracasseries et autres n\u00e9gligences dont elle fait l\u2019objet\u00a0 quotidiennement.\u00a0 L\u2019ex-masseuse, qui accuse Ousmane Sonko de viol et de menaces de mort, s\u2019en prend aux m\u00e9decins qui, dit-elle la fuient comme une malpropre.\u00a0<\/strong><em><strong>\u00ab (\u2026)M\u00eame \u00e0 chaque fois que je me rends dans un h\u00f4pital pour me soigner, les m\u00e9decins refusent de me consulter. Ils me fuient comme un malpropre<\/strong>. <\/em><\/p><div class=\"publi-paragraphe1\" style=\"margin-top: 10px;margin-bottom: 10px;margin-left: auto;margin-right: auto;text-align: center;\" id=\"publi-4285777127\"><div class=\"publi-adlabel\">Publicit\u00e9<\/div><script async src=\"\/\/pagead2.googlesyndication.com\/pagead\/js\/adsbygoogle.js?client=ca-pub-4089586018074219\" crossorigin=\"anonymous\"><\/script><ins class=\"adsbygoogle\" style=\"display:block;\" data-ad-client=\"ca-pub-4089586018074219\" \ndata-ad-slot=\"2087940154\" \ndata-ad-format=\"auto\"><\/ins>\n<script> \n(adsbygoogle = window.adsbygoogle || []).push({}); \n<\/script>\n<\/div>\n<p><em>Cette situation ne peut plus continuer. Un jour, je me suis rendue dans un h\u00f4pital de la place, le docteur m\u2019a n\u00e9glig\u00e9e. Il avait mal fait la perfusion. A un certain moment, le sang remontait sur la perfusion. Finalement, j\u2019ai quitt\u00e9 les lieux sans \u00eatre soign\u00e9e. J\u2019ai des images de \u00e7a. J\u2019ai travers\u00e9 beaucoup de choses. Tout cela, je l\u2019ai dans ma t\u00eate \u00bb<\/em>, a-t-elle d\u00e9clar\u00e9 dans un entretien avec L\u2019Observateur.<\/p>\n<div class=\"publi-apres-le-contenu\" style=\"margin-top: 10px;margin-bottom: 10px;margin-left: auto;margin-right: auto;text-align: center;\" id=\"publi-893040519\"><div class=\"publi-adlabel\">Publicit\u00e9<\/div><script async src=\"\/\/pagead2.googlesyndication.com\/pagead\/js\/adsbygoogle.js?client=ca-pub-4089586018074219\" crossorigin=\"anonymous\"><\/script><ins class=\"adsbygoogle\" style=\"display:block;\" data-ad-client=\"ca-pub-4089586018074219\" \ndata-ad-slot=\"2087940154\" \ndata-ad-format=\"auto\"><\/ins>\n<script> \n(adsbygoogle = window.adsbygoogle || []).push({}); \n<\/script>\n<\/div>","protected":false},"excerpt":{"rendered":"<p>Adji Sarr narre les tracasseries et autres n\u00e9gligences dont elle fait l\u2019objet\u00a0 quotidiennement.\u00a0 L\u2019ex-masseuse, qui accuse Ousmane Sonko de viol et de menaces de mort, s\u2019en prend aux m\u00e9decins qui, dit-elle la fuient comme une malpropre.\u00a0\u00ab (\u2026)M\u00eame \u00e0 chaque fois que je me rends dans un h\u00f4pital pour me soigner, les m\u00e9decins refusent de me consulter. Ils me fuient comme un malpropre. Cette situation ne peut plus continuer. Un jour, je me suis rendue dans un h\u00f4pital de la place, le docteur m\u2019a n\u00e9glig\u00e9e. Il avait mal fait la perfusion. A un certain moment, le sang remontait sur la perfusion. Finalement, j\u2019ai quitt\u00e9 les lieux sans \u00eatre soign\u00e9e. J\u2019ai des images de \u00e7a. J\u2019ai travers\u00e9 beaucoup de choses. Tout cela, je l\u2019ai dans ma t\u00eate \u00bb, a-t-elle d\u00e9clar\u00e9 dans un entretien avec L\u2019Observateur.<\/p>\n","protected":false},"author":7,"featured_media":18594,"comment_status":"open","ping_status":"open","sticky":false,"template":"","format":"standard","meta":{"_jetpack_memberships_contains_paid_content":false,"footnotes":""},"categories":[375,379,3724,3,376,1,4,372],"tags":[4896,11,16,195],"class_list":["post-18593","post","type-post","status-publish","format-standard","has-post-thumbnail","hentry","category-actualites","category-faits-divers","category-justice","category-politique","category-securite-justice","category-non-classe","category-societe","category-vedette","tag-aadji-sarr","tag-macky-sall","tag-ousmane-sonko","tag-sante","entry","has-media","owp-thumbs-layout-horizontal","owp-btn-normal","owp-tabs-layout-horizontal","has-no-thumbnails","has-product-nav"],"yoast_head":"<!-- This site is optimized with the Yoast SEO plugin v25.5 - https:\/\/yoast.com\/wordpress\/plugins\/seo\/ -->\n<title>Adji Sarr : \u00ab Les m\u00e9decins refusent de me consulter \u00bb - LE PUBLIC<\/title>\n<meta name=\"robots\" content=\"index, follow, max-snippet:-1, max-image-preview:large, max-video-preview:-1\" \/>\n<link rel=\"canonical\" href=\"https:\/\/www.public.sn\/index.php\/2023\/03\/23\/adji-sarr-les-medecins-refusent-de-me-consulter\/\" \/>\n<meta property=\"og:locale\" content=\"fr_FR\" \/>\n<meta property=\"og:type\" content=\"article\" \/>\n<meta property=\"og:title\" content=\"Adji Sarr : \u00ab Les m\u00e9decins refusent de me consulter \u00bb - LE PUBLIC\" \/>\n<meta property=\"og:description\" content=\"Adji Sarr narre les tracasseries et autres n\u00e9gligences dont elle fait l\u2019objet\u00a0 quotidiennement.\u00a0 L\u2019ex-masseuse, qui accuse Ousmane Sonko de viol et de menaces de mort, s\u2019en prend aux m\u00e9decins qui, dit-elle la fuient comme une malpropre.\u00a0\u00ab (\u2026)M\u00eame \u00e0 chaque fois que je me rends dans un h\u00f4pital pour me soigner, les m\u00e9decins refusent de me consulter. Ils me fuient comme un malpropre. Cette situation ne peut plus continuer. Un jour, je me suis rendue dans un h\u00f4pital de la place, le docteur m\u2019a n\u00e9glig\u00e9e. Il avait mal fait la perfusion. A un certain moment, le sang remontait sur la perfusion. Finalement, j\u2019ai quitt\u00e9 les lieux sans \u00eatre soign\u00e9e. J\u2019ai des images de \u00e7a. J\u2019ai travers\u00e9 beaucoup de choses. Tout cela, je l\u2019ai dans ma t\u00eate \u00bb, a-t-elle d\u00e9clar\u00e9 dans un entretien avec L\u2019Observateur.\" \/>\n<meta property=\"og:url\" content=\"https:\/\/www.public.sn\/index.php\/2023\/03\/23\/adji-sarr-les-medecins-refusent-de-me-consulter\/\" \/>\n<meta property=\"og:site_name\" content=\"LE PUBLIC\" \/>\n<meta property=\"article:published_time\" content=\"2023-03-23T16:25:28+00:00\" \/>\n<meta property=\"og:image\" content=\"https:\/\/www.public.sn\/wp-content\/uploads\/2023\/03\/ADJI-SARR.png\" \/>\n\t<meta property=\"og:image:width\" content=\"1200\" \/>\n\t<meta property=\"og:image:height\" content=\"1000\" \/>\n\t<meta property=\"og:image:type\" content=\"image\/png\" \/>\n<meta name=\"author\" content=\"LA REDACTION\" \/>\n<meta name=\"twitter:card\" content=\"summary_large_image\" \/>\n<meta name=\"twitter:label1\" content=\"\u00c9crit par\" \/>\n\t<meta name=\"twitter:data1\" content=\"LA REDACTION\" \/>\n\t<meta name=\"twitter:label2\" content=\"Dur\u00e9e de lecture estim\u00e9e\" \/>\n\t<meta name=\"twitter:data2\" content=\"1 minute\" \/>\n<script type=\"application\/ld+json\" class=\"yoast-schema-graph\">{\"@context\":\"https:\/\/schema.org\",\"@graph\":[{\"@type\":\"Article\",\"@id\":\"https:\/\/www.public.sn\/index.php\/2023\/03\/23\/adji-sarr-les-medecins-refusent-de-me-consulter\/#article\",\"isPartOf\":{\"@id\":\"https:\/\/www.public.sn\/index.php\/2023\/03\/23\/adji-sarr-les-medecins-refusent-de-me-consulter\/\"},\"author\":{\"name\":\"LA REDACTION\",\"@id\":\"https:\/\/www.public.sn\/#\/schema\/person\/cb76c8e1b8becc6be61fb5e92d6d0224\"},\"headline\":\"Adji Sarr : \u00ab Les m\u00e9decins refusent de me consulter \u00bb\",\"datePublished\":\"2023-03-23T16:25:28+00:00\",\"mainEntityOfPage\":{\"@id\":\"https:\/\/www.public.sn\/index.php\/2023\/03\/23\/adji-sarr-les-medecins-refusent-de-me-consulter\/\"},\"wordCount\":160,\"commentCount\":0,\"publisher\":{\"@id\":\"https:\/\/www.public.sn\/#organization\"},\"image\":{\"@id\":\"https:\/\/www.public.sn\/index.php\/2023\/03\/23\/adji-sarr-les-medecins-refusent-de-me-consulter\/#primaryimage\"},\"thumbnailUrl\":\"https:\/\/www.public.sn\/wp-content\/uploads\/2023\/03\/ADJI-SARR.png\",\"keywords\":[\"aadji sarr\",\"Macky Sall\",\"Ousmane Sonko\",\"Sant\u00e9\"],\"articleSection\":[\"ACTUALIT\u00c9S\",\"FAITS DIVERS\",\"justice\",\"POLITIQUE\",\"S\u00c9CURIT\u00c9 &amp; JUSTICE\",\"S\u00c9N\u00c9GAL\",\"SOCIETE\",\"VEDETTE\"],\"inLanguage\":\"fr-FR\",\"potentialAction\":[{\"@type\":\"CommentAction\",\"name\":\"Comment\",\"target\":[\"https:\/\/www.public.sn\/index.php\/2023\/03\/23\/adji-sarr-les-medecins-refusent-de-me-consulter\/#respond\"]}]},{\"@type\":\"WebPage\",\"@id\":\"https:\/\/www.public.sn\/index.php\/2023\/03\/23\/adji-sarr-les-medecins-refusent-de-me-consulter\/\",\"url\":\"https:\/\/www.public.sn\/index.php\/2023\/03\/23\/adji-sarr-les-medecins-refusent-de-me-consulter\/\",\"name\":\"Adji Sarr : \u00ab Les m\u00e9decins refusent de me consulter \u00bb - LE PUBLIC\",\"isPartOf\":{\"@id\":\"https:\/\/www.public.sn\/#website\"},\"primaryImageOfPage\":{\"@id\":\"https:\/\/www.public.sn\/index.php\/2023\/03\/23\/adji-sarr-les-medecins-refusent-de-me-consulter\/#primaryimage\"},\"image\":{\"@id\":\"https:\/\/www.public.sn\/index.php\/2023\/03\/23\/adji-sarr-les-medecins-refusent-de-me-consulter\/#primaryimage\"},\"thumbnailUrl\":\"https:\/\/www.public.sn\/wp-content\/uploads\/2023\/03\/ADJI-SARR.png\",\"datePublished\":\"2023-03-23T16:25:28+00:00\",\"breadcrumb\":{\"@id\":\"https:\/\/www.public.sn\/index.php\/2023\/03\/23\/adji-sarr-les-medecins-refusent-de-me-consulter\/#breadcrumb\"},\"inLanguage\":\"fr-FR\",\"potentialAction\":[{\"@type\":\"ReadAction\",\"target\":[\"https:\/\/www.public.sn\/index.php\/2023\/03\/23\/adji-sarr-les-medecins-refusent-de-me-consulter\/\"]}]},{\"@type\":\"ImageObject\",\"inLanguage\":\"fr-FR\",\"@id\":\"https:\/\/www.public.sn\/index.php\/2023\/03\/23\/adji-sarr-les-medecins-refusent-de-me-consulter\/#primaryimage\",\"url\":\"https:\/\/www.public.sn\/wp-content\/uploads\/2023\/03\/ADJI-SARR.png\",\"contentUrl\":\"https:\/\/www.public.sn\/wp-content\/uploads\/2023\/03\/ADJI-SARR.png\",\"width\":1200,\"height\":1000},{\"@type\":\"BreadcrumbList\",\"@id\":\"https:\/\/www.public.sn\/index.php\/2023\/03\/23\/adji-sarr-les-medecins-refusent-de-me-consulter\/#breadcrumb\",\"itemListElement\":[{\"@type\":\"ListItem\",\"position\":1,\"name\":\"Accueil\",\"item\":\"https:\/\/www.public.sn\/\"},{\"@type\":\"ListItem\",\"position\":2,\"name\":\"Adji Sarr : \u00ab Les m\u00e9decins refusent de me consulter \u00bb\"}]},{\"@type\":\"WebSite\",\"@id\":\"https:\/\/www.public.sn\/#website\",\"url\":\"https:\/\/www.public.sn\/\",\"name\":\"LE PUBLIC\",\"description\":\"\",\"publisher\":{\"@id\":\"https:\/\/www.public.sn\/#organization\"},\"potentialAction\":[{\"@type\":\"SearchAction\",\"target\":{\"@type\":\"EntryPoint\",\"urlTemplate\":\"https:\/\/www.public.sn\/?s={search_term_string}\"},\"query-input\":{\"@type\":\"PropertyValueSpecification\",\"valueRequired\":true,\"valueName\":\"search_term_string\"}}],\"inLanguage\":\"fr-FR\"},{\"@type\":\"Organization\",\"@id\":\"https:\/\/www.public.sn\/#organization\",\"name\":\"LE PUBLIC\",\"url\":\"https:\/\/www.public.sn\/\",\"logo\":{\"@type\":\"ImageObject\",\"inLanguage\":\"fr-FR\",\"@id\":\"https:\/\/www.public.sn\/#\/schema\/logo\/image\/\",\"url\":\"https:\/\/www.public.sn\/wp-content\/uploads\/2024\/05\/cropped-LOGO-PUBLIC.SN_.png\",\"contentUrl\":\"https:\/\/www.public.sn\/wp-content\/uploads\/2024\/05\/cropped-LOGO-PUBLIC.SN_.png\",\"width\":682,\"height\":192,\"caption\":\"LE PUBLIC\"},\"image\":{\"@id\":\"https:\/\/www.public.sn\/#\/schema\/logo\/image\/\"}},{\"@type\":\"Person\",\"@id\":\"https:\/\/www.public.sn\/#\/schema\/person\/cb76c8e1b8becc6be61fb5e92d6d0224\",\"name\":\"LA REDACTION\",\"image\":{\"@type\":\"ImageObject\",\"inLanguage\":\"fr-FR\",\"@id\":\"https:\/\/www.public.sn\/#\/schema\/person\/image\/\",\"url\":\"https:\/\/secure.gravatar.com\/avatar\/2dce5ddd34b8fef0180efe03aa2a9bee7d953856048f9a16b298190a3178407c?s=96&d=mm&r=g\",\"contentUrl\":\"https:\/\/secure.gravatar.com\/avatar\/2dce5ddd34b8fef0180efe03aa2a9bee7d953856048f9a16b298190a3178407c?s=96&d=mm&r=g\",\"caption\":\"LA REDACTION\"},\"url\":\"https:\/\/www.public.sn\/index.php\/author\/editeurpsn\/\"}]}<\/script>\n<!-- \/ Yoast SEO plugin. -->","yoast_head_json":{"title":"Adji Sarr : \u00ab Les m\u00e9decins refusent de me consulter \u00bb - LE PUBLIC","robots":{"index":"index","follow":"follow","max-snippet":"max-snippet:-1","max-image-preview":"max-image-preview:large","max-video-preview":"max-video-preview:-1"},"canonical":"https:\/\/www.public.sn\/index.php\/2023\/03\/23\/adji-sarr-les-medecins-refusent-de-me-consulter\/","og_locale":"fr_FR","og_type":"article","og_title":"Adji Sarr : \u00ab Les m\u00e9decins refusent de me consulter \u00bb - LE PUBLIC","og_description":"Adji Sarr narre les tracasseries et autres n\u00e9gligences dont elle fait l\u2019objet\u00a0 quotidiennement.\u00a0 L\u2019ex-masseuse, qui accuse Ousmane Sonko de viol et de menaces de mort, s\u2019en prend aux m\u00e9decins qui, dit-elle la fuient comme une malpropre.\u00a0\u00ab (\u2026)M\u00eame \u00e0 chaque fois que je me rends dans un h\u00f4pital pour me soigner, les m\u00e9decins refusent de me consulter. Ils me fuient comme un malpropre. Cette situation ne peut plus continuer. Un jour, je me suis rendue dans un h\u00f4pital de la place, le docteur m\u2019a n\u00e9glig\u00e9e. Il avait mal fait la perfusion. A un certain moment, le sang remontait sur la perfusion. Finalement, j\u2019ai quitt\u00e9 les lieux sans \u00eatre soign\u00e9e. J\u2019ai des images de \u00e7a. J\u2019ai travers\u00e9 beaucoup de choses. Tout cela, je l\u2019ai dans ma t\u00eate \u00bb, a-t-elle d\u00e9clar\u00e9 dans un entretien avec L\u2019Observateur.","og_url":"https:\/\/www.public.sn\/index.php\/2023\/03\/23\/adji-sarr-les-medecins-refusent-de-me-consulter\/","og_site_name":"LE PUBLIC","article_published_time":"2023-03-23T16:25:28+00:00","og_image":[{"width":1200,"height":1000,"url":"https:\/\/www.public.sn\/wp-content\/uploads\/2023\/03\/ADJI-SARR.png","type":"image\/png"}],"author":"LA REDACTION","twitter_card":"summary_large_image","twitter_misc":{"\u00c9crit par":"LA REDACTION","Dur\u00e9e de lecture estim\u00e9e":"1 minute"},"schema":{"@context":"https:\/\/schema.org","@graph":[{"@type":"Article","@id":"https:\/\/www.public.sn\/index.php\/2023\/03\/23\/adji-sarr-les-medecins-refusent-de-me-consulter\/#article","isPartOf":{"@id":"https:\/\/www.public.sn\/index.php\/2023\/03\/23\/adji-sarr-les-medecins-refusent-de-me-consulter\/"},"author":{"name":"LA REDACTION","@id":"https:\/\/www.public.sn\/#\/schema\/person\/cb76c8e1b8becc6be61fb5e92d6d0224"},"headline":"Adji Sarr : \u00ab Les m\u00e9decins refusent de me consulter \u00bb","datePublished":"2023-03-23T16:25:28+00:00","mainEntityOfPage":{"@id":"https:\/\/www.public.sn\/index.php\/2023\/03\/23\/adji-sarr-les-medecins-refusent-de-me-consulter\/"},"wordCount":160,"commentCount":0,"publisher":{"@id":"https:\/\/www.public.sn\/#organization"},"image":{"@id":"https:\/\/www.public.sn\/index.php\/2023\/03\/23\/adji-sarr-les-medecins-refusent-de-me-consulter\/#primaryimage"},"thumbnailUrl":"https:\/\/www.public.sn\/wp-content\/uploads\/2023\/03\/ADJI-SARR.png","keywords":["aadji sarr","Macky Sall","Ousmane Sonko","Sant\u00e9"],"articleSection":["ACTUALIT\u00c9S","FAITS DIVERS","justice","POLITIQUE","S\u00c9CURIT\u00c9 &amp; JUSTICE","S\u00c9N\u00c9GAL","SOCIETE","VEDETTE"],"inLanguage":"fr-FR","potentialAction":[{"@type":"CommentAction","name":"Comment","target":["https:\/\/www.public.sn\/index.php\/2023\/03\/23\/adji-sarr-les-medecins-refusent-de-me-consulter\/#respond"]}]},{"@type":"WebPage","@id":"https:\/\/www.public.sn\/index.php\/2023\/03\/23\/adji-sarr-les-medecins-refusent-de-me-consulter\/","url":"https:\/\/www.public.sn\/index.php\/2023\/03\/23\/adji-sarr-les-medecins-refusent-de-me-consulter\/","name":"Adji Sarr : \u00ab Les m\u00e9decins refusent de me consulter \u00bb - LE PUBLIC","isPartOf":{"@id":"https:\/\/www.public.sn\/#website"},"primaryImageOfPage":{"@id":"https:\/\/www.public.sn\/index.php\/2023\/03\/23\/adji-sarr-les-medecins-refusent-de-me-consulter\/#primaryimage"},"image":{"@id":"https:\/\/www.public.sn\/index.php\/2023\/03\/23\/adji-sarr-les-medecins-refusent-de-me-consulter\/#primaryimage"},"thumbnailUrl":"https:\/\/www.public.sn\/wp-content\/uploads\/2023\/03\/ADJI-SARR.png","datePublished":"2023-03-23T16:25:28+00:00","breadcrumb":{"@id":"https:\/\/www.public.sn\/index.php\/2023\/03\/23\/adji-sarr-les-medecins-refusent-de-me-consulter\/#breadcrumb"},"inLanguage":"fr-FR","potentialAction":[{"@type":"ReadAction","target":["https:\/\/www.public.sn\/index.php\/2023\/03\/23\/adji-sarr-les-medecins-refusent-de-me-consulter\/"]}]},{"@type":"ImageObject","inLanguage":"fr-FR","@id":"https:\/\/www.public.sn\/index.php\/2023\/03\/23\/adji-sarr-les-medecins-refusent-de-me-consulter\/#primaryimage","url":"https:\/\/www.public.sn\/wp-content\/uploads\/2023\/03\/ADJI-SARR.png","contentUrl":"https:\/\/www.public.sn\/wp-content\/uploads\/2023\/03\/ADJI-SARR.png","width":1200,"height":1000},{"@type":"BreadcrumbList","@id":"https:\/\/www.public.sn\/index.php\/2023\/03\/23\/adji-sarr-les-medecins-refusent-de-me-consulter\/#breadcrumb","itemListElement":[{"@type":"ListItem","position":1,"name":"Accueil","item":"https:\/\/www.public.sn\/"},{"@type":"ListItem","position":2,"name":"Adji Sarr : \u00ab Les m\u00e9decins refusent de me consulter \u00bb"}]},{"@type":"WebSite","@id":"https:\/\/www.public.sn\/#website","url":"https:\/\/www.public.sn\/","name":"LE PUBLIC","description":"","publisher":{"@id":"https:\/\/www.public.sn\/#organization"},"potentialAction":[{"@type":"SearchAction","target":{"@type":"EntryPoint","urlTemplate":"https:\/\/www.public.sn\/?s={search_term_string}"},"query-input":{"@type":"PropertyValueSpecification","valueRequired":true,"valueName":"search_term_string"}}],"inLanguage":"fr-FR"},{"@type":"Organization","@id":"https:\/\/www.public.sn\/#organization","name":"LE PUBLIC","url":"https:\/\/www.public.sn\/","logo":{"@type":"ImageObject","inLanguage":"fr-FR","@id":"https:\/\/www.public.sn\/#\/schema\/logo\/image\/","url":"https:\/\/www.public.sn\/wp-content\/uploads\/2024\/05\/cropped-LOGO-PUBLIC.SN_.png","contentUrl":"https:\/\/www.public.sn\/wp-content\/uploads\/2024\/05\/cropped-LOGO-PUBLIC.SN_.png","width":682,"height":192,"caption":"LE PUBLIC"},"image":{"@id":"https:\/\/www.public.sn\/#\/schema\/logo\/image\/"}},{"@type":"Person","@id":"https:\/\/www.public.sn\/#\/schema\/person\/cb76c8e1b8becc6be61fb5e92d6d0224","name":"LA REDACTION","image":{"@type":"ImageObject","inLanguage":"fr-FR","@id":"https:\/\/www.public.sn\/#\/schema\/person\/image\/","url":"https:\/\/secure.gravatar.com\/avatar\/2dce5ddd34b8fef0180efe03aa2a9bee7d953856048f9a16b298190a3178407c?s=96&d=mm&r=g","contentUrl":"https:\/\/secure.gravatar.com\/avatar\/2dce5ddd34b8fef0180efe03aa2a9bee7d953856048f9a16b298190a3178407c?s=96&d=mm&r=g","caption":"LA REDACTION"},"url":"https:\/\/www.public.sn\/index.php\/author\/editeurpsn\/"}]}},"jetpack_featured_media_url":"https:\/\/www.public.sn\/wp-content\/uploads\/2023\/03\/ADJI-SARR.png","jetpack_sharing_enabled":true,"_links":{"self":[{"href":"https:\/\/www.public.sn\/index.php\/wp-json\/wp\/v2\/posts\/18593","targetHints":{"allow":["GET"]}}],"collection":[{"href":"https:\/\/www.public.sn\/index.php\/wp-json\/wp\/v2\/posts"}],"about":[{"href":"https:\/\/www.public.sn\/index.php\/wp-json\/wp\/v2\/types\/post"}],"author":[{"embeddable":true,"href":"https:\/\/www.public.sn\/index.php\/wp-json\/wp\/v2\/users\/7"}],"replies":[{"embeddable":true,"href":"https:\/\/www.public.sn\/index.php\/wp-json\/wp\/v2\/comments?post=18593"}],"version-history":[{"count":1,"href":"https:\/\/www.public.sn\/index.php\/wp-json\/wp\/v2\/posts\/18593\/revisions"}],"predecessor-version":[{"id":18595,"href":"https:\/\/www.public.sn\/index.php\/wp-json\/wp\/v2\/posts\/18593\/revisions\/18595"}],"wp:featuredmedia":[{"embeddable":true,"href":"https:\/\/www.public.sn\/index.php\/wp-json\/wp\/v2\/media\/18594"}],"wp:attachment":[{"href":"https:\/\/www.public.sn\/index.php\/wp-json\/wp\/v2\/media?parent=18593"}],"wp:term":[{"taxonomy":"category","embeddable":true,"href":"https:\/\/www.public.sn\/index.php\/wp-json\/wp\/v2\/categories?post=18593"},{"taxonomy":"post_tag","embeddable":true,"href":"https:\/\/www.public.sn\/index.php\/wp-json\/wp\/v2\/tags?post=18593"}],"curies":[{"name":"wp","href":"https:\/\/api.w.org\/{rel}","templated":true}]}}