{"id":186,"date":"2022-08-19T15:49:05","date_gmt":"2022-08-19T13:49:05","guid":{"rendered":"https:\/\/www.public.sn\/?p=186"},"modified":"2022-08-19T15:50:33","modified_gmt":"2022-08-19T13:50:33","slug":"hausse-du-prix-du-sac-doignon-les-prix-reviennent-a-la-normale","status":"publish","type":"post","link":"https:\/\/www.public.sn\/index.php\/2022\/08\/19\/hausse-du-prix-du-sac-doignon-les-prix-reviennent-a-la-normale\/","title":{"rendered":"Hausse du prix du sac d&rsquo;oignons : Les prix reviennent \u00e0 la normale."},"content":{"rendered":"\n<p class=\"has-drop-cap\">\u00c0 quelques semaines du grand magal de Touba, on note une flamb\u00e9e injustifi\u00e9e et exorbitante des prix du sac d&rsquo;oignons. <\/p><div class=\"publi-paragraphe1\" style=\"margin-top: 10px;margin-bottom: 10px;margin-left: auto;margin-right: auto;text-align: center;\" id=\"publi-664572618\"><div class=\"publi-adlabel\">Publicit\u00e9<\/div><script async src=\"\/\/pagead2.googlesyndication.com\/pagead\/js\/adsbygoogle.js?client=ca-pub-4089586018074219\" crossorigin=\"anonymous\"><\/script><ins class=\"adsbygoogle\" style=\"display:block;\" data-ad-client=\"ca-pub-4089586018074219\" \ndata-ad-slot=\"2087940154\" \ndata-ad-format=\"auto\"><\/ins>\n<script> \n(adsbygoogle = window.adsbygoogle || []).push({}); \n<\/script>\n<\/div>\n\n\n\n<p>Pour rappel, le sac d&rsquo;oignons import\u00e9 de 25 kilogrammes qui coutait 7.000 francs CFA est pass\u00e9 \u00e0 50.000 francs soit une augmentation de 43.000 francs. Ce qui fait passer le prix en d\u00e9tails entre 1.500 ET 2.000 francs CFA le kilogramme selon nos confr\u00e8res de la RFM. <\/p>\n\n\n\n<p>Inform\u00e9e de la situation, la direction du minist\u00e8re du commerce int\u00e9rieur a fait le point. Selon Omar Diallo, directeur du commerce int\u00e9rieur, la situation est r\u00e9tablie. <em>\u00ab\u00a0On a d\u00e9ploy\u00e9 nos services les plus proches pour r\u00e9gler d\u00e9finitivement le probl\u00e8me. Actuellement, les prix sont revenus \u00e0 la normale dans la ville sainte de Touba\u00a0\u00bb<\/em>, a t-il affirm\u00e9.<\/p>\n\n\n\n<p><em>R\u00e9daction Public SN<\/em><\/p>\n<div class=\"publi-apres-le-contenu\" style=\"margin-top: 10px;margin-bottom: 10px;margin-left: auto;margin-right: auto;text-align: center;\" id=\"publi-1804614915\"><div class=\"publi-adlabel\">Publicit\u00e9<\/div><script async src=\"\/\/pagead2.googlesyndication.com\/pagead\/js\/adsbygoogle.js?client=ca-pub-4089586018074219\" crossorigin=\"anonymous\"><\/script><ins class=\"adsbygoogle\" style=\"display:block;\" data-ad-client=\"ca-pub-4089586018074219\" \ndata-ad-slot=\"2087940154\" \ndata-ad-format=\"auto\"><\/ins>\n<script> \n(adsbygoogle = window.adsbygoogle || []).push({}); \n<\/script>\n<\/div>","protected":false},"excerpt":{"rendered":"<p>\u00c0 quelques semaines du grand magal de Touba, on note une flamb\u00e9e injustifi\u00e9e et exorbitante des prix du sac d&rsquo;oignons. Pour rappel, le sac d&rsquo;oignons import\u00e9 de 25 kilogrammes qui coutait 7.000 francs CFA est pass\u00e9 \u00e0 50.000 francs soit une augmentation de 43.000 francs. Ce qui fait passer le prix en d\u00e9tails entre 1.500 ET 2.000 francs CFA le kilogramme selon nos confr\u00e8res de la RFM. Inform\u00e9e de la situation, la direction du minist\u00e8re du commerce int\u00e9rieur a fait le point. Selon Omar Diallo, directeur du commerce int\u00e9rieur, la situation est r\u00e9tablie. \u00ab\u00a0On a d\u00e9ploy\u00e9 nos services les plus proches pour r\u00e9gler d\u00e9finitivement le probl\u00e8me. Actuellement, les prix sont revenus \u00e0 la normale dans la ville sainte de Touba\u00a0\u00bb, a t-il affirm\u00e9. R\u00e9daction Public SN<\/p>\n","protected":false},"author":1,"featured_media":187,"comment_status":"open","ping_status":"open","sticky":false,"template":"","format":"standard","meta":{"_jetpack_memberships_contains_paid_content":false,"footnotes":""},"categories":[4],"tags":[72,73,71,70,69],"class_list":["post-186","post","type-post","status-publish","format-standard","has-post-thumbnail","hentry","category-societe","tag-assome-diatta","tag-commerce-interieur","tag-dci","tag-hausse-des-prix","tag-touba","entry","has-media","owp-thumbs-layout-horizontal","owp-btn-normal","owp-tabs-layout-horizontal","has-no-thumbnails","has-product-nav"],"yoast_head":"<!-- This site is optimized with the Yoast SEO plugin v25.5 - https:\/\/yoast.com\/wordpress\/plugins\/seo\/ -->\n<title>Hausse du prix du sac d&#039;oignons : Les prix reviennent \u00e0 la normale. - LE PUBLIC<\/title>\n<meta name=\"robots\" content=\"index, follow, max-snippet:-1, max-image-preview:large, max-video-preview:-1\" \/>\n<link rel=\"canonical\" href=\"https:\/\/www.public.sn\/index.php\/2022\/08\/19\/hausse-du-prix-du-sac-doignon-les-prix-reviennent-a-la-normale\/\" \/>\n<meta property=\"og:locale\" content=\"fr_FR\" \/>\n<meta property=\"og:type\" content=\"article\" \/>\n<meta property=\"og:title\" content=\"Hausse du prix du sac d&#039;oignons : Les prix reviennent \u00e0 la normale. - LE PUBLIC\" \/>\n<meta property=\"og:description\" content=\"\u00c0 quelques semaines du grand magal de Touba, on note une flamb\u00e9e injustifi\u00e9e et exorbitante des prix du sac d&rsquo;oignons. Pour rappel, le sac d&rsquo;oignons import\u00e9 de 25 kilogrammes qui coutait 7.000 francs CFA est pass\u00e9 \u00e0 50.000 francs soit une augmentation de 43.000 francs. Ce qui fait passer le prix en d\u00e9tails entre 1.500 ET 2.000 francs CFA le kilogramme selon nos confr\u00e8res de la RFM. Inform\u00e9e de la situation, la direction du minist\u00e8re du commerce int\u00e9rieur a fait le point. Selon Omar Diallo, directeur du commerce int\u00e9rieur, la situation est r\u00e9tablie. \u00ab\u00a0On a d\u00e9ploy\u00e9 nos services les plus proches pour r\u00e9gler d\u00e9finitivement le probl\u00e8me. Actuellement, les prix sont revenus \u00e0 la normale dans la ville sainte de Touba\u00a0\u00bb, a t-il affirm\u00e9. R\u00e9daction Public SN\" \/>\n<meta property=\"og:url\" content=\"https:\/\/www.public.sn\/index.php\/2022\/08\/19\/hausse-du-prix-du-sac-doignon-les-prix-reviennent-a-la-normale\/\" \/>\n<meta property=\"og:site_name\" content=\"LE PUBLIC\" \/>\n<meta property=\"article:published_time\" content=\"2022-08-19T13:49:05+00:00\" \/>\n<meta property=\"article:modified_time\" content=\"2022-08-19T13:50:33+00:00\" \/>\n<meta property=\"og:image\" content=\"https:\/\/www.public.sn\/wp-content\/uploads\/2022\/08\/66803542-47387286.jpeg\" \/>\n\t<meta property=\"og:image:width\" content=\"671\" \/>\n\t<meta property=\"og:image:height\" content=\"447\" \/>\n\t<meta property=\"og:image:type\" content=\"image\/jpeg\" \/>\n<meta name=\"author\" content=\"LA REDACTION\" \/>\n<meta name=\"twitter:card\" content=\"summary_large_image\" \/>\n<meta name=\"twitter:label1\" content=\"\u00c9crit par\" \/>\n\t<meta name=\"twitter:data1\" content=\"LA REDACTION\" \/>\n\t<meta name=\"twitter:label2\" content=\"Dur\u00e9e de lecture estim\u00e9e\" \/>\n\t<meta name=\"twitter:data2\" content=\"1 minute\" \/>\n<script type=\"application\/ld+json\" class=\"yoast-schema-graph\">{\"@context\":\"https:\/\/schema.org\",\"@graph\":[{\"@type\":\"Article\",\"@id\":\"https:\/\/www.public.sn\/index.php\/2022\/08\/19\/hausse-du-prix-du-sac-doignon-les-prix-reviennent-a-la-normale\/#article\",\"isPartOf\":{\"@id\":\"https:\/\/www.public.sn\/index.php\/2022\/08\/19\/hausse-du-prix-du-sac-doignon-les-prix-reviennent-a-la-normale\/\"},\"author\":{\"name\":\"LA REDACTION\",\"@id\":\"https:\/\/www.public.sn\/#\/schema\/person\/e3f4a11b037d4203902db148f9bc8d5a\"},\"headline\":\"Hausse du prix du sac d&rsquo;oignons : Les prix reviennent \u00e0 la normale.\",\"datePublished\":\"2022-08-19T13:49:05+00:00\",\"dateModified\":\"2022-08-19T13:50:33+00:00\",\"mainEntityOfPage\":{\"@id\":\"https:\/\/www.public.sn\/index.php\/2022\/08\/19\/hausse-du-prix-du-sac-doignon-les-prix-reviennent-a-la-normale\/\"},\"wordCount\":142,\"commentCount\":0,\"publisher\":{\"@id\":\"https:\/\/www.public.sn\/#organization\"},\"image\":{\"@id\":\"https:\/\/www.public.sn\/index.php\/2022\/08\/19\/hausse-du-prix-du-sac-doignon-les-prix-reviennent-a-la-normale\/#primaryimage\"},\"thumbnailUrl\":\"https:\/\/www.public.sn\/wp-content\/uploads\/2022\/08\/66803542-47387286.jpeg\",\"keywords\":[\"Assome Diatta\",\"Commerce Int\u00e9rieur\",\"DCI\",\"Hausse des Prix\",\"Touba\"],\"articleSection\":[\"SOCIETE\"],\"inLanguage\":\"fr-FR\",\"potentialAction\":[{\"@type\":\"CommentAction\",\"name\":\"Comment\",\"target\":[\"https:\/\/www.public.sn\/index.php\/2022\/08\/19\/hausse-du-prix-du-sac-doignon-les-prix-reviennent-a-la-normale\/#respond\"]}]},{\"@type\":\"WebPage\",\"@id\":\"https:\/\/www.public.sn\/index.php\/2022\/08\/19\/hausse-du-prix-du-sac-doignon-les-prix-reviennent-a-la-normale\/\",\"url\":\"https:\/\/www.public.sn\/index.php\/2022\/08\/19\/hausse-du-prix-du-sac-doignon-les-prix-reviennent-a-la-normale\/\",\"name\":\"Hausse du prix du sac d'oignons : Les prix reviennent \u00e0 la normale. - LE PUBLIC\",\"isPartOf\":{\"@id\":\"https:\/\/www.public.sn\/#website\"},\"primaryImageOfPage\":{\"@id\":\"https:\/\/www.public.sn\/index.php\/2022\/08\/19\/hausse-du-prix-du-sac-doignon-les-prix-reviennent-a-la-normale\/#primaryimage\"},\"image\":{\"@id\":\"https:\/\/www.public.sn\/index.php\/2022\/08\/19\/hausse-du-prix-du-sac-doignon-les-prix-reviennent-a-la-normale\/#primaryimage\"},\"thumbnailUrl\":\"https:\/\/www.public.sn\/wp-content\/uploads\/2022\/08\/66803542-47387286.jpeg\",\"datePublished\":\"2022-08-19T13:49:05+00:00\",\"dateModified\":\"2022-08-19T13:50:33+00:00\",\"breadcrumb\":{\"@id\":\"https:\/\/www.public.sn\/index.php\/2022\/08\/19\/hausse-du-prix-du-sac-doignon-les-prix-reviennent-a-la-normale\/#breadcrumb\"},\"inLanguage\":\"fr-FR\",\"potentialAction\":[{\"@type\":\"ReadAction\",\"target\":[\"https:\/\/www.public.sn\/index.php\/2022\/08\/19\/hausse-du-prix-du-sac-doignon-les-prix-reviennent-a-la-normale\/\"]}]},{\"@type\":\"ImageObject\",\"inLanguage\":\"fr-FR\",\"@id\":\"https:\/\/www.public.sn\/index.php\/2022\/08\/19\/hausse-du-prix-du-sac-doignon-les-prix-reviennent-a-la-normale\/#primaryimage\",\"url\":\"https:\/\/www.public.sn\/wp-content\/uploads\/2022\/08\/66803542-47387286.jpeg\",\"contentUrl\":\"https:\/\/www.public.sn\/wp-content\/uploads\/2022\/08\/66803542-47387286.jpeg\",\"width\":671,\"height\":447},{\"@type\":\"BreadcrumbList\",\"@id\":\"https:\/\/www.public.sn\/index.php\/2022\/08\/19\/hausse-du-prix-du-sac-doignon-les-prix-reviennent-a-la-normale\/#breadcrumb\",\"itemListElement\":[{\"@type\":\"ListItem\",\"position\":1,\"name\":\"Accueil\",\"item\":\"https:\/\/www.public.sn\/\"},{\"@type\":\"ListItem\",\"position\":2,\"name\":\"Hausse du prix du sac d&rsquo;oignons : Les prix reviennent \u00e0 la normale.\"}]},{\"@type\":\"WebSite\",\"@id\":\"https:\/\/www.public.sn\/#website\",\"url\":\"https:\/\/www.public.sn\/\",\"name\":\"LE PUBLIC\",\"description\":\"\",\"publisher\":{\"@id\":\"https:\/\/www.public.sn\/#organization\"},\"potentialAction\":[{\"@type\":\"SearchAction\",\"target\":{\"@type\":\"EntryPoint\",\"urlTemplate\":\"https:\/\/www.public.sn\/?s={search_term_string}\"},\"query-input\":{\"@type\":\"PropertyValueSpecification\",\"valueRequired\":true,\"valueName\":\"search_term_string\"}}],\"inLanguage\":\"fr-FR\"},{\"@type\":\"Organization\",\"@id\":\"https:\/\/www.public.sn\/#organization\",\"name\":\"LE PUBLIC\",\"url\":\"https:\/\/www.public.sn\/\",\"logo\":{\"@type\":\"ImageObject\",\"inLanguage\":\"fr-FR\",\"@id\":\"https:\/\/www.public.sn\/#\/schema\/logo\/image\/\",\"url\":\"https:\/\/www.public.sn\/wp-content\/uploads\/2024\/05\/cropped-LOGO-PUBLIC.SN_.png\",\"contentUrl\":\"https:\/\/www.public.sn\/wp-content\/uploads\/2024\/05\/cropped-LOGO-PUBLIC.SN_.png\",\"width\":682,\"height\":192,\"caption\":\"LE PUBLIC\"},\"image\":{\"@id\":\"https:\/\/www.public.sn\/#\/schema\/logo\/image\/\"}},{\"@type\":\"Person\",\"@id\":\"https:\/\/www.public.sn\/#\/schema\/person\/e3f4a11b037d4203902db148f9bc8d5a\",\"name\":\"LA REDACTION\",\"image\":{\"@type\":\"ImageObject\",\"inLanguage\":\"fr-FR\",\"@id\":\"https:\/\/www.public.sn\/#\/schema\/person\/image\/\",\"url\":\"https:\/\/secure.gravatar.com\/avatar\/d6c030db45db2883c075085c5d6c6258654a801a93766b49af0b82d4f454e2a5?s=96&d=mm&r=g\",\"contentUrl\":\"https:\/\/secure.gravatar.com\/avatar\/d6c030db45db2883c075085c5d6c6258654a801a93766b49af0b82d4f454e2a5?s=96&d=mm&r=g\",\"caption\":\"LA REDACTION\"},\"sameAs\":[\"http:\/\/www.public.sn\"],\"url\":\"https:\/\/www.public.sn\/index.php\/author\/admin7324\/\"}]}<\/script>\n<!-- \/ Yoast SEO plugin. -->","yoast_head_json":{"title":"Hausse du prix du sac d'oignons : Les prix reviennent \u00e0 la normale. - LE PUBLIC","robots":{"index":"index","follow":"follow","max-snippet":"max-snippet:-1","max-image-preview":"max-image-preview:large","max-video-preview":"max-video-preview:-1"},"canonical":"https:\/\/www.public.sn\/index.php\/2022\/08\/19\/hausse-du-prix-du-sac-doignon-les-prix-reviennent-a-la-normale\/","og_locale":"fr_FR","og_type":"article","og_title":"Hausse du prix du sac d'oignons : Les prix reviennent \u00e0 la normale. - LE PUBLIC","og_description":"\u00c0 quelques semaines du grand magal de Touba, on note une flamb\u00e9e injustifi\u00e9e et exorbitante des prix du sac d&rsquo;oignons. Pour rappel, le sac d&rsquo;oignons import\u00e9 de 25 kilogrammes qui coutait 7.000 francs CFA est pass\u00e9 \u00e0 50.000 francs soit une augmentation de 43.000 francs. Ce qui fait passer le prix en d\u00e9tails entre 1.500 ET 2.000 francs CFA le kilogramme selon nos confr\u00e8res de la RFM. Inform\u00e9e de la situation, la direction du minist\u00e8re du commerce int\u00e9rieur a fait le point. Selon Omar Diallo, directeur du commerce int\u00e9rieur, la situation est r\u00e9tablie. \u00ab\u00a0On a d\u00e9ploy\u00e9 nos services les plus proches pour r\u00e9gler d\u00e9finitivement le probl\u00e8me. Actuellement, les prix sont revenus \u00e0 la normale dans la ville sainte de Touba\u00a0\u00bb, a t-il affirm\u00e9. R\u00e9daction Public SN","og_url":"https:\/\/www.public.sn\/index.php\/2022\/08\/19\/hausse-du-prix-du-sac-doignon-les-prix-reviennent-a-la-normale\/","og_site_name":"LE PUBLIC","article_published_time":"2022-08-19T13:49:05+00:00","article_modified_time":"2022-08-19T13:50:33+00:00","og_image":[{"width":671,"height":447,"url":"https:\/\/www.public.sn\/wp-content\/uploads\/2022\/08\/66803542-47387286.jpeg","type":"image\/jpeg"}],"author":"LA REDACTION","twitter_card":"summary_large_image","twitter_misc":{"\u00c9crit par":"LA REDACTION","Dur\u00e9e de lecture estim\u00e9e":"1 minute"},"schema":{"@context":"https:\/\/schema.org","@graph":[{"@type":"Article","@id":"https:\/\/www.public.sn\/index.php\/2022\/08\/19\/hausse-du-prix-du-sac-doignon-les-prix-reviennent-a-la-normale\/#article","isPartOf":{"@id":"https:\/\/www.public.sn\/index.php\/2022\/08\/19\/hausse-du-prix-du-sac-doignon-les-prix-reviennent-a-la-normale\/"},"author":{"name":"LA REDACTION","@id":"https:\/\/www.public.sn\/#\/schema\/person\/e3f4a11b037d4203902db148f9bc8d5a"},"headline":"Hausse du prix du sac d&rsquo;oignons : Les prix reviennent \u00e0 la normale.","datePublished":"2022-08-19T13:49:05+00:00","dateModified":"2022-08-19T13:50:33+00:00","mainEntityOfPage":{"@id":"https:\/\/www.public.sn\/index.php\/2022\/08\/19\/hausse-du-prix-du-sac-doignon-les-prix-reviennent-a-la-normale\/"},"wordCount":142,"commentCount":0,"publisher":{"@id":"https:\/\/www.public.sn\/#organization"},"image":{"@id":"https:\/\/www.public.sn\/index.php\/2022\/08\/19\/hausse-du-prix-du-sac-doignon-les-prix-reviennent-a-la-normale\/#primaryimage"},"thumbnailUrl":"https:\/\/www.public.sn\/wp-content\/uploads\/2022\/08\/66803542-47387286.jpeg","keywords":["Assome Diatta","Commerce Int\u00e9rieur","DCI","Hausse des Prix","Touba"],"articleSection":["SOCIETE"],"inLanguage":"fr-FR","potentialAction":[{"@type":"CommentAction","name":"Comment","target":["https:\/\/www.public.sn\/index.php\/2022\/08\/19\/hausse-du-prix-du-sac-doignon-les-prix-reviennent-a-la-normale\/#respond"]}]},{"@type":"WebPage","@id":"https:\/\/www.public.sn\/index.php\/2022\/08\/19\/hausse-du-prix-du-sac-doignon-les-prix-reviennent-a-la-normale\/","url":"https:\/\/www.public.sn\/index.php\/2022\/08\/19\/hausse-du-prix-du-sac-doignon-les-prix-reviennent-a-la-normale\/","name":"Hausse du prix du sac d'oignons : Les prix reviennent \u00e0 la normale. - LE PUBLIC","isPartOf":{"@id":"https:\/\/www.public.sn\/#website"},"primaryImageOfPage":{"@id":"https:\/\/www.public.sn\/index.php\/2022\/08\/19\/hausse-du-prix-du-sac-doignon-les-prix-reviennent-a-la-normale\/#primaryimage"},"image":{"@id":"https:\/\/www.public.sn\/index.php\/2022\/08\/19\/hausse-du-prix-du-sac-doignon-les-prix-reviennent-a-la-normale\/#primaryimage"},"thumbnailUrl":"https:\/\/www.public.sn\/wp-content\/uploads\/2022\/08\/66803542-47387286.jpeg","datePublished":"2022-08-19T13:49:05+00:00","dateModified":"2022-08-19T13:50:33+00:00","breadcrumb":{"@id":"https:\/\/www.public.sn\/index.php\/2022\/08\/19\/hausse-du-prix-du-sac-doignon-les-prix-reviennent-a-la-normale\/#breadcrumb"},"inLanguage":"fr-FR","potentialAction":[{"@type":"ReadAction","target":["https:\/\/www.public.sn\/index.php\/2022\/08\/19\/hausse-du-prix-du-sac-doignon-les-prix-reviennent-a-la-normale\/"]}]},{"@type":"ImageObject","inLanguage":"fr-FR","@id":"https:\/\/www.public.sn\/index.php\/2022\/08\/19\/hausse-du-prix-du-sac-doignon-les-prix-reviennent-a-la-normale\/#primaryimage","url":"https:\/\/www.public.sn\/wp-content\/uploads\/2022\/08\/66803542-47387286.jpeg","contentUrl":"https:\/\/www.public.sn\/wp-content\/uploads\/2022\/08\/66803542-47387286.jpeg","width":671,"height":447},{"@type":"BreadcrumbList","@id":"https:\/\/www.public.sn\/index.php\/2022\/08\/19\/hausse-du-prix-du-sac-doignon-les-prix-reviennent-a-la-normale\/#breadcrumb","itemListElement":[{"@type":"ListItem","position":1,"name":"Accueil","item":"https:\/\/www.public.sn\/"},{"@type":"ListItem","position":2,"name":"Hausse du prix du sac d&rsquo;oignons : Les prix reviennent \u00e0 la normale."}]},{"@type":"WebSite","@id":"https:\/\/www.public.sn\/#website","url":"https:\/\/www.public.sn\/","name":"LE PUBLIC","description":"","publisher":{"@id":"https:\/\/www.public.sn\/#organization"},"potentialAction":[{"@type":"SearchAction","target":{"@type":"EntryPoint","urlTemplate":"https:\/\/www.public.sn\/?s={search_term_string}"},"query-input":{"@type":"PropertyValueSpecification","valueRequired":true,"valueName":"search_term_string"}}],"inLanguage":"fr-FR"},{"@type":"Organization","@id":"https:\/\/www.public.sn\/#organization","name":"LE PUBLIC","url":"https:\/\/www.public.sn\/","logo":{"@type":"ImageObject","inLanguage":"fr-FR","@id":"https:\/\/www.public.sn\/#\/schema\/logo\/image\/","url":"https:\/\/www.public.sn\/wp-content\/uploads\/2024\/05\/cropped-LOGO-PUBLIC.SN_.png","contentUrl":"https:\/\/www.public.sn\/wp-content\/uploads\/2024\/05\/cropped-LOGO-PUBLIC.SN_.png","width":682,"height":192,"caption":"LE PUBLIC"},"image":{"@id":"https:\/\/www.public.sn\/#\/schema\/logo\/image\/"}},{"@type":"Person","@id":"https:\/\/www.public.sn\/#\/schema\/person\/e3f4a11b037d4203902db148f9bc8d5a","name":"LA REDACTION","image":{"@type":"ImageObject","inLanguage":"fr-FR","@id":"https:\/\/www.public.sn\/#\/schema\/person\/image\/","url":"https:\/\/secure.gravatar.com\/avatar\/d6c030db45db2883c075085c5d6c6258654a801a93766b49af0b82d4f454e2a5?s=96&d=mm&r=g","contentUrl":"https:\/\/secure.gravatar.com\/avatar\/d6c030db45db2883c075085c5d6c6258654a801a93766b49af0b82d4f454e2a5?s=96&d=mm&r=g","caption":"LA REDACTION"},"sameAs":["http:\/\/www.public.sn"],"url":"https:\/\/www.public.sn\/index.php\/author\/admin7324\/"}]}},"jetpack_featured_media_url":"https:\/\/www.public.sn\/wp-content\/uploads\/2022\/08\/66803542-47387286.jpeg","jetpack_sharing_enabled":true,"_links":{"self":[{"href":"https:\/\/www.public.sn\/index.php\/wp-json\/wp\/v2\/posts\/186","targetHints":{"allow":["GET"]}}],"collection":[{"href":"https:\/\/www.public.sn\/index.php\/wp-json\/wp\/v2\/posts"}],"about":[{"href":"https:\/\/www.public.sn\/index.php\/wp-json\/wp\/v2\/types\/post"}],"author":[{"embeddable":true,"href":"https:\/\/www.public.sn\/index.php\/wp-json\/wp\/v2\/users\/1"}],"replies":[{"embeddable":true,"href":"https:\/\/www.public.sn\/index.php\/wp-json\/wp\/v2\/comments?post=186"}],"version-history":[{"count":2,"href":"https:\/\/www.public.sn\/index.php\/wp-json\/wp\/v2\/posts\/186\/revisions"}],"predecessor-version":[{"id":190,"href":"https:\/\/www.public.sn\/index.php\/wp-json\/wp\/v2\/posts\/186\/revisions\/190"}],"wp:featuredmedia":[{"embeddable":true,"href":"https:\/\/www.public.sn\/index.php\/wp-json\/wp\/v2\/media\/187"}],"wp:attachment":[{"href":"https:\/\/www.public.sn\/index.php\/wp-json\/wp\/v2\/media?parent=186"}],"wp:term":[{"taxonomy":"category","embeddable":true,"href":"https:\/\/www.public.sn\/index.php\/wp-json\/wp\/v2\/categories?post=186"},{"taxonomy":"post_tag","embeddable":true,"href":"https:\/\/www.public.sn\/index.php\/wp-json\/wp\/v2\/tags?post=186"}],"curies":[{"name":"wp","href":"https:\/\/api.w.org\/{rel}","templated":true}]}}