{"id":18602,"date":"2023-03-23T16:52:04","date_gmt":"2023-03-23T16:52:04","guid":{"rendered":"https:\/\/www.public.sn\/?p=18602"},"modified":"2023-03-23T16:52:04","modified_gmt":"2023-03-23T16:52:04","slug":"serie-darrestations-les-eleves-continuent-de-manifester","status":"publish","type":"post","link":"https:\/\/www.public.sn\/index.php\/2023\/03\/23\/serie-darrestations-les-eleves-continuent-de-manifester\/","title":{"rendered":"S\u00e9rie d\u2019arrestations : Les \u00e9l\u00e8ves continuent de manifester"},"content":{"rendered":"<p><strong>Dans une vid\u00e9o publi\u00e9e par le journaliste Ayoba Faye, on aper\u00e7oit des jeunes s\u00e9n\u00e9galais qui continuent de manifester dans les rues de Dakar. Ce malgr\u00e9 les difficult\u00e9s li\u00e9es au je\u00fbne, ils sont d\u00e9termin\u00e9s \u00e0 exprimer leur m\u00e9contentement et leur solidarit\u00e9 envers leurs camarades et enseignants arr\u00eat\u00e9s.\u00a0<em>\u00ab \u00c0 l\u2019instant \u00e0 Dakar, une procession infinie de centaines d\u2019\u00e9l\u00e8ves dans les rues pour d\u00e9loger leurs camarades des \u00e9coles priv\u00e9es. Ils protestent contre les arrestations de leurs camarades et enseignants \u00bb,<\/em>\u00a0\u00e9crit le confr\u00e8res.<\/strong><\/p><div class=\"publi-paragraphe1\" style=\"margin-top: 10px;margin-bottom: 10px;margin-left: auto;margin-right: auto;text-align: center;\" id=\"publi-2014947735\"><div class=\"publi-adlabel\">Publicit\u00e9<\/div><script async src=\"\/\/pagead2.googlesyndication.com\/pagead\/js\/adsbygoogle.js?client=ca-pub-4089586018074219\" crossorigin=\"anonymous\"><\/script><ins class=\"adsbygoogle\" style=\"display:block;\" data-ad-client=\"ca-pub-4089586018074219\" \ndata-ad-slot=\"2087940154\" \ndata-ad-format=\"auto\"><\/ins>\n<script> \n(adsbygoogle = window.adsbygoogle || []).push({}); \n<\/script>\n<\/div>\n<div class=\"oceanwp-oembed-wrap clr\">\n<blockquote class=\"twitter-tweet\" data-width=\"550\" data-dnt=\"true\">\n<p lang=\"fr\" dir=\"ltr\">\u00c0 l\u2019instant \u00e0 Dakar, une procession infinie de centaines d\u2019\u00e9l\u00e8ves dans les rues pour d\u00e9loger leurs camarades des \u00e9coles priv\u00e9es. Ils protestent contre les arrestations de leurs camarades et enseignants <a href=\"https:\/\/twitter.com\/hashtag\/FreeSenegal?src=hash&amp;ref_src=twsrc%5Etfw\">#FreeSenegal<\/a> <a href=\"https:\/\/twitter.com\/hashtag\/Kebetu?src=hash&amp;ref_src=twsrc%5Etfw\">#Kebetu<\/a> <a href=\"https:\/\/t.co\/0eyZT8UOm3\">pic.twitter.com\/0eyZT8UOm3<\/a><\/p>\n<p>&mdash; Ayoba FAYE (@autruicomoi) <a href=\"https:\/\/twitter.com\/autruicomoi\/status\/1638851968738246657?ref_src=twsrc%5Etfw\">March 23, 2023<\/a><\/p><\/blockquote>\n<p><script async src=\"https:\/\/platform.twitter.com\/widgets.js\" charset=\"utf-8\"><\/script><\/div>\n<div class=\"publi-apres-le-contenu\" style=\"margin-top: 10px;margin-bottom: 10px;margin-left: auto;margin-right: auto;text-align: center;\" id=\"publi-2041015042\"><div class=\"publi-adlabel\">Publicit\u00e9<\/div><script async src=\"\/\/pagead2.googlesyndication.com\/pagead\/js\/adsbygoogle.js?client=ca-pub-4089586018074219\" crossorigin=\"anonymous\"><\/script><ins class=\"adsbygoogle\" style=\"display:block;\" data-ad-client=\"ca-pub-4089586018074219\" \ndata-ad-slot=\"2087940154\" \ndata-ad-format=\"auto\"><\/ins>\n<script> \n(adsbygoogle = window.adsbygoogle || []).push({}); \n<\/script>\n<\/div>","protected":false},"excerpt":{"rendered":"<p>Dans une vid\u00e9o publi\u00e9e par le journaliste Ayoba Faye, on aper\u00e7oit des jeunes s\u00e9n\u00e9galais qui continuent de manifester dans les rues de Dakar. Ce malgr\u00e9 les difficult\u00e9s li\u00e9es au je\u00fbne, ils sont d\u00e9termin\u00e9s \u00e0 exprimer leur m\u00e9contentement et leur solidarit\u00e9 envers leurs camarades et enseignants arr\u00eat\u00e9s.\u00a0\u00ab \u00c0 l\u2019instant \u00e0 Dakar, une procession infinie de centaines d\u2019\u00e9l\u00e8ves dans les rues pour d\u00e9loger leurs camarades des \u00e9coles priv\u00e9es. Ils protestent contre les arrestations de leurs camarades et enseignants \u00bb,\u00a0\u00e9crit le confr\u00e8res. \u00c0 l\u2019instant \u00e0 Dakar, une procession infinie de centaines d\u2019\u00e9l\u00e8ves dans les rues pour d\u00e9loger leurs camarades des \u00e9coles priv\u00e9es. Ils protestent contre les arrestations de leurs camarades et enseignants #FreeSenegal #Kebetu pic.twitter.com\/0eyZT8UOm3 &mdash; Ayoba FAYE (@autruicomoi) March 23, 2023<\/p>\n","protected":false},"author":7,"featured_media":18603,"comment_status":"open","ping_status":"open","sticky":false,"template":"","format":"standard","meta":{"_jetpack_memberships_contains_paid_content":false,"footnotes":""},"categories":[375,854,379,4353,3,376,1,4,372],"tags":[1372,4901,4881],"class_list":["post-18602","post","type-post","status-publish","format-standard","has-post-thumbnail","hentry","category-actualites","category-education","category-faits-divers","category-manifestations","category-politique","category-securite-justice","category-non-classe","category-societe","category-vedette","tag-eleves","tag-liberation-des-eleves-arrete","tag-manifs","entry","has-media","owp-thumbs-layout-horizontal","owp-btn-normal","owp-tabs-layout-horizontal","has-no-thumbnails","has-product-nav"],"yoast_head":"<!-- This site is optimized with the Yoast SEO plugin v25.5 - https:\/\/yoast.com\/wordpress\/plugins\/seo\/ -->\n<title>S\u00e9rie d\u2019arrestations : Les \u00e9l\u00e8ves continuent de manifester - LE PUBLIC<\/title>\n<meta name=\"robots\" content=\"index, follow, max-snippet:-1, max-image-preview:large, max-video-preview:-1\" \/>\n<link rel=\"canonical\" href=\"https:\/\/www.public.sn\/index.php\/2023\/03\/23\/serie-darrestations-les-eleves-continuent-de-manifester\/\" \/>\n<meta property=\"og:locale\" content=\"fr_FR\" \/>\n<meta property=\"og:type\" content=\"article\" \/>\n<meta property=\"og:title\" content=\"S\u00e9rie d\u2019arrestations : Les \u00e9l\u00e8ves continuent de manifester - LE PUBLIC\" \/>\n<meta property=\"og:description\" content=\"Dans une vid\u00e9o publi\u00e9e par le journaliste Ayoba Faye, on aper\u00e7oit des jeunes s\u00e9n\u00e9galais qui continuent de manifester dans les rues de Dakar. Ce malgr\u00e9 les difficult\u00e9s li\u00e9es au je\u00fbne, ils sont d\u00e9termin\u00e9s \u00e0 exprimer leur m\u00e9contentement et leur solidarit\u00e9 envers leurs camarades et enseignants arr\u00eat\u00e9s.\u00a0\u00ab \u00c0 l\u2019instant \u00e0 Dakar, une procession infinie de centaines d\u2019\u00e9l\u00e8ves dans les rues pour d\u00e9loger leurs camarades des \u00e9coles priv\u00e9es. Ils protestent contre les arrestations de leurs camarades et enseignants \u00bb,\u00a0\u00e9crit le confr\u00e8res. \u00c0 l\u2019instant \u00e0 Dakar, une procession infinie de centaines d\u2019\u00e9l\u00e8ves dans les rues pour d\u00e9loger leurs camarades des \u00e9coles priv\u00e9es. Ils protestent contre les arrestations de leurs camarades et enseignants #FreeSenegal #Kebetu pic.twitter.com\/0eyZT8UOm3 &mdash; Ayoba FAYE (@autruicomoi) March 23, 2023\" \/>\n<meta property=\"og:url\" content=\"https:\/\/www.public.sn\/index.php\/2023\/03\/23\/serie-darrestations-les-eleves-continuent-de-manifester\/\" \/>\n<meta property=\"og:site_name\" content=\"LE PUBLIC\" \/>\n<meta property=\"article:published_time\" content=\"2023-03-23T16:52:04+00:00\" \/>\n<meta property=\"og:image\" content=\"https:\/\/www.public.sn\/wp-content\/uploads\/2023\/03\/manif-des-eleves.jpg\" \/>\n\t<meta property=\"og:image:width\" content=\"322\" \/>\n\t<meta property=\"og:image:height\" content=\"157\" \/>\n\t<meta property=\"og:image:type\" content=\"image\/jpeg\" \/>\n<meta name=\"author\" content=\"LA REDACTION\" \/>\n<meta name=\"twitter:card\" content=\"summary_large_image\" \/>\n<meta name=\"twitter:label1\" content=\"\u00c9crit par\" \/>\n\t<meta name=\"twitter:data1\" content=\"LA REDACTION\" \/>\n\t<meta name=\"twitter:label2\" content=\"Dur\u00e9e de lecture estim\u00e9e\" \/>\n\t<meta name=\"twitter:data2\" content=\"1 minute\" \/>\n<script type=\"application\/ld+json\" class=\"yoast-schema-graph\">{\"@context\":\"https:\/\/schema.org\",\"@graph\":[{\"@type\":\"Article\",\"@id\":\"https:\/\/www.public.sn\/index.php\/2023\/03\/23\/serie-darrestations-les-eleves-continuent-de-manifester\/#article\",\"isPartOf\":{\"@id\":\"https:\/\/www.public.sn\/index.php\/2023\/03\/23\/serie-darrestations-les-eleves-continuent-de-manifester\/\"},\"author\":{\"name\":\"LA REDACTION\",\"@id\":\"https:\/\/www.public.sn\/#\/schema\/person\/cb76c8e1b8becc6be61fb5e92d6d0224\"},\"headline\":\"S\u00e9rie d\u2019arrestations : Les \u00e9l\u00e8ves continuent de manifester\",\"datePublished\":\"2023-03-23T16:52:04+00:00\",\"mainEntityOfPage\":{\"@id\":\"https:\/\/www.public.sn\/index.php\/2023\/03\/23\/serie-darrestations-les-eleves-continuent-de-manifester\/\"},\"wordCount\":111,\"commentCount\":0,\"publisher\":{\"@id\":\"https:\/\/www.public.sn\/#organization\"},\"image\":{\"@id\":\"https:\/\/www.public.sn\/index.php\/2023\/03\/23\/serie-darrestations-les-eleves-continuent-de-manifester\/#primaryimage\"},\"thumbnailUrl\":\"https:\/\/www.public.sn\/wp-content\/uploads\/2023\/03\/manif-des-eleves.jpg\",\"keywords\":[\"eleves\",\"lib\u00e9ration des \u00e9l\u00e8ves arr\u00eat\u00e9\",\"manifs\"],\"articleSection\":[\"ACTUALIT\u00c9S\",\"\u00c9DUCATION\",\"FAITS DIVERS\",\"MANIFESTATIONS\",\"POLITIQUE\",\"S\u00c9CURIT\u00c9 &amp; JUSTICE\",\"S\u00c9N\u00c9GAL\",\"SOCIETE\",\"VEDETTE\"],\"inLanguage\":\"fr-FR\",\"potentialAction\":[{\"@type\":\"CommentAction\",\"name\":\"Comment\",\"target\":[\"https:\/\/www.public.sn\/index.php\/2023\/03\/23\/serie-darrestations-les-eleves-continuent-de-manifester\/#respond\"]}]},{\"@type\":\"WebPage\",\"@id\":\"https:\/\/www.public.sn\/index.php\/2023\/03\/23\/serie-darrestations-les-eleves-continuent-de-manifester\/\",\"url\":\"https:\/\/www.public.sn\/index.php\/2023\/03\/23\/serie-darrestations-les-eleves-continuent-de-manifester\/\",\"name\":\"S\u00e9rie d\u2019arrestations : Les \u00e9l\u00e8ves continuent de manifester - LE PUBLIC\",\"isPartOf\":{\"@id\":\"https:\/\/www.public.sn\/#website\"},\"primaryImageOfPage\":{\"@id\":\"https:\/\/www.public.sn\/index.php\/2023\/03\/23\/serie-darrestations-les-eleves-continuent-de-manifester\/#primaryimage\"},\"image\":{\"@id\":\"https:\/\/www.public.sn\/index.php\/2023\/03\/23\/serie-darrestations-les-eleves-continuent-de-manifester\/#primaryimage\"},\"thumbnailUrl\":\"https:\/\/www.public.sn\/wp-content\/uploads\/2023\/03\/manif-des-eleves.jpg\",\"datePublished\":\"2023-03-23T16:52:04+00:00\",\"breadcrumb\":{\"@id\":\"https:\/\/www.public.sn\/index.php\/2023\/03\/23\/serie-darrestations-les-eleves-continuent-de-manifester\/#breadcrumb\"},\"inLanguage\":\"fr-FR\",\"potentialAction\":[{\"@type\":\"ReadAction\",\"target\":[\"https:\/\/www.public.sn\/index.php\/2023\/03\/23\/serie-darrestations-les-eleves-continuent-de-manifester\/\"]}]},{\"@type\":\"ImageObject\",\"inLanguage\":\"fr-FR\",\"@id\":\"https:\/\/www.public.sn\/index.php\/2023\/03\/23\/serie-darrestations-les-eleves-continuent-de-manifester\/#primaryimage\",\"url\":\"https:\/\/www.public.sn\/wp-content\/uploads\/2023\/03\/manif-des-eleves.jpg\",\"contentUrl\":\"https:\/\/www.public.sn\/wp-content\/uploads\/2023\/03\/manif-des-eleves.jpg\",\"width\":322,\"height\":157},{\"@type\":\"BreadcrumbList\",\"@id\":\"https:\/\/www.public.sn\/index.php\/2023\/03\/23\/serie-darrestations-les-eleves-continuent-de-manifester\/#breadcrumb\",\"itemListElement\":[{\"@type\":\"ListItem\",\"position\":1,\"name\":\"Accueil\",\"item\":\"https:\/\/www.public.sn\/\"},{\"@type\":\"ListItem\",\"position\":2,\"name\":\"S\u00e9rie d\u2019arrestations : Les \u00e9l\u00e8ves continuent de manifester\"}]},{\"@type\":\"WebSite\",\"@id\":\"https:\/\/www.public.sn\/#website\",\"url\":\"https:\/\/www.public.sn\/\",\"name\":\"LE PUBLIC\",\"description\":\"\",\"publisher\":{\"@id\":\"https:\/\/www.public.sn\/#organization\"},\"potentialAction\":[{\"@type\":\"SearchAction\",\"target\":{\"@type\":\"EntryPoint\",\"urlTemplate\":\"https:\/\/www.public.sn\/?s={search_term_string}\"},\"query-input\":{\"@type\":\"PropertyValueSpecification\",\"valueRequired\":true,\"valueName\":\"search_term_string\"}}],\"inLanguage\":\"fr-FR\"},{\"@type\":\"Organization\",\"@id\":\"https:\/\/www.public.sn\/#organization\",\"name\":\"LE PUBLIC\",\"url\":\"https:\/\/www.public.sn\/\",\"logo\":{\"@type\":\"ImageObject\",\"inLanguage\":\"fr-FR\",\"@id\":\"https:\/\/www.public.sn\/#\/schema\/logo\/image\/\",\"url\":\"https:\/\/www.public.sn\/wp-content\/uploads\/2024\/05\/cropped-LOGO-PUBLIC.SN_.png\",\"contentUrl\":\"https:\/\/www.public.sn\/wp-content\/uploads\/2024\/05\/cropped-LOGO-PUBLIC.SN_.png\",\"width\":682,\"height\":192,\"caption\":\"LE PUBLIC\"},\"image\":{\"@id\":\"https:\/\/www.public.sn\/#\/schema\/logo\/image\/\"}},{\"@type\":\"Person\",\"@id\":\"https:\/\/www.public.sn\/#\/schema\/person\/cb76c8e1b8becc6be61fb5e92d6d0224\",\"name\":\"LA REDACTION\",\"image\":{\"@type\":\"ImageObject\",\"inLanguage\":\"fr-FR\",\"@id\":\"https:\/\/www.public.sn\/#\/schema\/person\/image\/\",\"url\":\"https:\/\/secure.gravatar.com\/avatar\/2dce5ddd34b8fef0180efe03aa2a9bee7d953856048f9a16b298190a3178407c?s=96&d=mm&r=g\",\"contentUrl\":\"https:\/\/secure.gravatar.com\/avatar\/2dce5ddd34b8fef0180efe03aa2a9bee7d953856048f9a16b298190a3178407c?s=96&d=mm&r=g\",\"caption\":\"LA REDACTION\"},\"url\":\"https:\/\/www.public.sn\/index.php\/author\/editeurpsn\/\"}]}<\/script>\n<!-- \/ Yoast SEO plugin. -->","yoast_head_json":{"title":"S\u00e9rie d\u2019arrestations : Les \u00e9l\u00e8ves continuent de manifester - LE PUBLIC","robots":{"index":"index","follow":"follow","max-snippet":"max-snippet:-1","max-image-preview":"max-image-preview:large","max-video-preview":"max-video-preview:-1"},"canonical":"https:\/\/www.public.sn\/index.php\/2023\/03\/23\/serie-darrestations-les-eleves-continuent-de-manifester\/","og_locale":"fr_FR","og_type":"article","og_title":"S\u00e9rie d\u2019arrestations : Les \u00e9l\u00e8ves continuent de manifester - LE PUBLIC","og_description":"Dans une vid\u00e9o publi\u00e9e par le journaliste Ayoba Faye, on aper\u00e7oit des jeunes s\u00e9n\u00e9galais qui continuent de manifester dans les rues de Dakar. Ce malgr\u00e9 les difficult\u00e9s li\u00e9es au je\u00fbne, ils sont d\u00e9termin\u00e9s \u00e0 exprimer leur m\u00e9contentement et leur solidarit\u00e9 envers leurs camarades et enseignants arr\u00eat\u00e9s.\u00a0\u00ab \u00c0 l\u2019instant \u00e0 Dakar, une procession infinie de centaines d\u2019\u00e9l\u00e8ves dans les rues pour d\u00e9loger leurs camarades des \u00e9coles priv\u00e9es. Ils protestent contre les arrestations de leurs camarades et enseignants \u00bb,\u00a0\u00e9crit le confr\u00e8res. \u00c0 l\u2019instant \u00e0 Dakar, une procession infinie de centaines d\u2019\u00e9l\u00e8ves dans les rues pour d\u00e9loger leurs camarades des \u00e9coles priv\u00e9es. Ils protestent contre les arrestations de leurs camarades et enseignants #FreeSenegal #Kebetu pic.twitter.com\/0eyZT8UOm3 &mdash; Ayoba FAYE (@autruicomoi) March 23, 2023","og_url":"https:\/\/www.public.sn\/index.php\/2023\/03\/23\/serie-darrestations-les-eleves-continuent-de-manifester\/","og_site_name":"LE PUBLIC","article_published_time":"2023-03-23T16:52:04+00:00","og_image":[{"width":322,"height":157,"url":"https:\/\/www.public.sn\/wp-content\/uploads\/2023\/03\/manif-des-eleves.jpg","type":"image\/jpeg"}],"author":"LA REDACTION","twitter_card":"summary_large_image","twitter_misc":{"\u00c9crit par":"LA REDACTION","Dur\u00e9e de lecture estim\u00e9e":"1 minute"},"schema":{"@context":"https:\/\/schema.org","@graph":[{"@type":"Article","@id":"https:\/\/www.public.sn\/index.php\/2023\/03\/23\/serie-darrestations-les-eleves-continuent-de-manifester\/#article","isPartOf":{"@id":"https:\/\/www.public.sn\/index.php\/2023\/03\/23\/serie-darrestations-les-eleves-continuent-de-manifester\/"},"author":{"name":"LA REDACTION","@id":"https:\/\/www.public.sn\/#\/schema\/person\/cb76c8e1b8becc6be61fb5e92d6d0224"},"headline":"S\u00e9rie d\u2019arrestations : Les \u00e9l\u00e8ves continuent de manifester","datePublished":"2023-03-23T16:52:04+00:00","mainEntityOfPage":{"@id":"https:\/\/www.public.sn\/index.php\/2023\/03\/23\/serie-darrestations-les-eleves-continuent-de-manifester\/"},"wordCount":111,"commentCount":0,"publisher":{"@id":"https:\/\/www.public.sn\/#organization"},"image":{"@id":"https:\/\/www.public.sn\/index.php\/2023\/03\/23\/serie-darrestations-les-eleves-continuent-de-manifester\/#primaryimage"},"thumbnailUrl":"https:\/\/www.public.sn\/wp-content\/uploads\/2023\/03\/manif-des-eleves.jpg","keywords":["eleves","lib\u00e9ration des \u00e9l\u00e8ves arr\u00eat\u00e9","manifs"],"articleSection":["ACTUALIT\u00c9S","\u00c9DUCATION","FAITS DIVERS","MANIFESTATIONS","POLITIQUE","S\u00c9CURIT\u00c9 &amp; JUSTICE","S\u00c9N\u00c9GAL","SOCIETE","VEDETTE"],"inLanguage":"fr-FR","potentialAction":[{"@type":"CommentAction","name":"Comment","target":["https:\/\/www.public.sn\/index.php\/2023\/03\/23\/serie-darrestations-les-eleves-continuent-de-manifester\/#respond"]}]},{"@type":"WebPage","@id":"https:\/\/www.public.sn\/index.php\/2023\/03\/23\/serie-darrestations-les-eleves-continuent-de-manifester\/","url":"https:\/\/www.public.sn\/index.php\/2023\/03\/23\/serie-darrestations-les-eleves-continuent-de-manifester\/","name":"S\u00e9rie d\u2019arrestations : Les \u00e9l\u00e8ves continuent de manifester - LE PUBLIC","isPartOf":{"@id":"https:\/\/www.public.sn\/#website"},"primaryImageOfPage":{"@id":"https:\/\/www.public.sn\/index.php\/2023\/03\/23\/serie-darrestations-les-eleves-continuent-de-manifester\/#primaryimage"},"image":{"@id":"https:\/\/www.public.sn\/index.php\/2023\/03\/23\/serie-darrestations-les-eleves-continuent-de-manifester\/#primaryimage"},"thumbnailUrl":"https:\/\/www.public.sn\/wp-content\/uploads\/2023\/03\/manif-des-eleves.jpg","datePublished":"2023-03-23T16:52:04+00:00","breadcrumb":{"@id":"https:\/\/www.public.sn\/index.php\/2023\/03\/23\/serie-darrestations-les-eleves-continuent-de-manifester\/#breadcrumb"},"inLanguage":"fr-FR","potentialAction":[{"@type":"ReadAction","target":["https:\/\/www.public.sn\/index.php\/2023\/03\/23\/serie-darrestations-les-eleves-continuent-de-manifester\/"]}]},{"@type":"ImageObject","inLanguage":"fr-FR","@id":"https:\/\/www.public.sn\/index.php\/2023\/03\/23\/serie-darrestations-les-eleves-continuent-de-manifester\/#primaryimage","url":"https:\/\/www.public.sn\/wp-content\/uploads\/2023\/03\/manif-des-eleves.jpg","contentUrl":"https:\/\/www.public.sn\/wp-content\/uploads\/2023\/03\/manif-des-eleves.jpg","width":322,"height":157},{"@type":"BreadcrumbList","@id":"https:\/\/www.public.sn\/index.php\/2023\/03\/23\/serie-darrestations-les-eleves-continuent-de-manifester\/#breadcrumb","itemListElement":[{"@type":"ListItem","position":1,"name":"Accueil","item":"https:\/\/www.public.sn\/"},{"@type":"ListItem","position":2,"name":"S\u00e9rie d\u2019arrestations : Les \u00e9l\u00e8ves continuent de manifester"}]},{"@type":"WebSite","@id":"https:\/\/www.public.sn\/#website","url":"https:\/\/www.public.sn\/","name":"LE PUBLIC","description":"","publisher":{"@id":"https:\/\/www.public.sn\/#organization"},"potentialAction":[{"@type":"SearchAction","target":{"@type":"EntryPoint","urlTemplate":"https:\/\/www.public.sn\/?s={search_term_string}"},"query-input":{"@type":"PropertyValueSpecification","valueRequired":true,"valueName":"search_term_string"}}],"inLanguage":"fr-FR"},{"@type":"Organization","@id":"https:\/\/www.public.sn\/#organization","name":"LE PUBLIC","url":"https:\/\/www.public.sn\/","logo":{"@type":"ImageObject","inLanguage":"fr-FR","@id":"https:\/\/www.public.sn\/#\/schema\/logo\/image\/","url":"https:\/\/www.public.sn\/wp-content\/uploads\/2024\/05\/cropped-LOGO-PUBLIC.SN_.png","contentUrl":"https:\/\/www.public.sn\/wp-content\/uploads\/2024\/05\/cropped-LOGO-PUBLIC.SN_.png","width":682,"height":192,"caption":"LE PUBLIC"},"image":{"@id":"https:\/\/www.public.sn\/#\/schema\/logo\/image\/"}},{"@type":"Person","@id":"https:\/\/www.public.sn\/#\/schema\/person\/cb76c8e1b8becc6be61fb5e92d6d0224","name":"LA REDACTION","image":{"@type":"ImageObject","inLanguage":"fr-FR","@id":"https:\/\/www.public.sn\/#\/schema\/person\/image\/","url":"https:\/\/secure.gravatar.com\/avatar\/2dce5ddd34b8fef0180efe03aa2a9bee7d953856048f9a16b298190a3178407c?s=96&d=mm&r=g","contentUrl":"https:\/\/secure.gravatar.com\/avatar\/2dce5ddd34b8fef0180efe03aa2a9bee7d953856048f9a16b298190a3178407c?s=96&d=mm&r=g","caption":"LA REDACTION"},"url":"https:\/\/www.public.sn\/index.php\/author\/editeurpsn\/"}]}},"jetpack_featured_media_url":"https:\/\/www.public.sn\/wp-content\/uploads\/2023\/03\/manif-des-eleves.jpg","jetpack_sharing_enabled":true,"_links":{"self":[{"href":"https:\/\/www.public.sn\/index.php\/wp-json\/wp\/v2\/posts\/18602","targetHints":{"allow":["GET"]}}],"collection":[{"href":"https:\/\/www.public.sn\/index.php\/wp-json\/wp\/v2\/posts"}],"about":[{"href":"https:\/\/www.public.sn\/index.php\/wp-json\/wp\/v2\/types\/post"}],"author":[{"embeddable":true,"href":"https:\/\/www.public.sn\/index.php\/wp-json\/wp\/v2\/users\/7"}],"replies":[{"embeddable":true,"href":"https:\/\/www.public.sn\/index.php\/wp-json\/wp\/v2\/comments?post=18602"}],"version-history":[{"count":1,"href":"https:\/\/www.public.sn\/index.php\/wp-json\/wp\/v2\/posts\/18602\/revisions"}],"predecessor-version":[{"id":18604,"href":"https:\/\/www.public.sn\/index.php\/wp-json\/wp\/v2\/posts\/18602\/revisions\/18604"}],"wp:featuredmedia":[{"embeddable":true,"href":"https:\/\/www.public.sn\/index.php\/wp-json\/wp\/v2\/media\/18603"}],"wp:attachment":[{"href":"https:\/\/www.public.sn\/index.php\/wp-json\/wp\/v2\/media?parent=18602"}],"wp:term":[{"taxonomy":"category","embeddable":true,"href":"https:\/\/www.public.sn\/index.php\/wp-json\/wp\/v2\/categories?post=18602"},{"taxonomy":"post_tag","embeddable":true,"href":"https:\/\/www.public.sn\/index.php\/wp-json\/wp\/v2\/tags?post=18602"}],"curies":[{"name":"wp","href":"https:\/\/api.w.org\/{rel}","templated":true}]}}