{"id":18611,"date":"2023-03-23T18:12:40","date_gmt":"2023-03-23T18:12:40","guid":{"rendered":"https:\/\/www.public.sn\/?p=18611"},"modified":"2023-03-23T18:12:40","modified_gmt":"2023-03-23T18:12:40","slug":"guy-marius-sagna-et-cie-porte-plainte-contre-les-membres-du-gouvernement","status":"publish","type":"post","link":"https:\/\/www.public.sn\/index.php\/2023\/03\/23\/guy-marius-sagna-et-cie-porte-plainte-contre-les-membres-du-gouvernement\/","title":{"rendered":"Guy Marius Sagna et cie porte plainte contre les membres du gouvernement"},"content":{"rendered":"<div class=\"x11i5rnm xat24cr x1mh8g0r x1vvkbs xdj266r x126k92a\">\n<div dir=\"auto\">Aujourd&rsquo;hui, les d\u00e9put\u00e9s Fatou Ba, Rama Anta Bodian, Isma\u00efla Diallo, Abass Fall et moi-m\u00eame avons port\u00e9 plainte devant le procureur de la R\u00e9publique et demand\u00e9 \u00e0 l&rsquo;assembl\u00e9e nationale de juger Antoine F\u00e9lix Diome ministre de l&rsquo;int\u00e9rieur et de la s\u00e9curit\u00e9 publique, Sidiki Kaba ministre des forces arm\u00e9es, Moussa Fall, Haut-commandant de la gendarmerie, Seydou Bocar Yague Directeur g\u00e9n\u00e9ral de la police, X et leurs complices pour :<\/div>\n<\/div>\n<div class=\"x11i5rnm xat24cr x1mh8g0r x1vvkbs xtlvy1s x126k92a\">\n<div dir=\"auto\">&#8211; tentative d\u2019empoisonnement et d\u2019assassinat d\u2019Ousmane SONKO, son avocat Me Cir\u00e9 Cl\u00e9dor LY et le d\u00e9put\u00e9 Guy Marius SAGNA ;<\/div>\n<\/div>\n<div class=\"x11i5rnm xat24cr x1mh8g0r x1vvkbs xtlvy1s x126k92a\">\n<div dir=\"auto\">&#8211; actes de violences volontaires par personne d\u00e9positaire de l&rsquo;autorit\u00e9 publique ayant entra\u00een\u00e9 des blessures avec intention de donner la mort et violences volontaires aggrav\u00e9es sur le chef de l\u2019Opposition et son avocat et des d\u00e9put\u00e9s repr\u00e9sentants de la Nation, par personne d\u00e9positaire de l&rsquo;autorit\u00e9 publique ayant entrain\u00e9 des blessures et une incapacit\u00e9 physique temporaire ;<\/div>\n<\/div>\n<div class=\"x11i5rnm xat24cr x1mh8g0r x1vvkbs xtlvy1s x126k92a\">\n<div dir=\"auto\">&#8211; avoir donn\u00e9 l\u2019ordre de tirer avec intention de donner la mort, plusieurs fois, \u00e0 l\u2019aide de lances grenades et \u00e0 bout portant, sur Ousmane SONKO et son avocat Me Cir\u00e9 Cl\u00e9dor LY, les d\u00e9put\u00e9s Guy Marius SAGNA, Rama Anta BODIAN, Abass FALL, Fatou BA, Isma\u00efla DIALLO, Ch\u00e9rif Ahmed DICKO, Alphonse Man\u00e9 SAMBOU, Ahmed A\u00cfDARA, SAMBA DANG, Serigne Cheikh Thioro Mback\u00e9, Birame Souley Diop<\/div>\n<\/div>\n<div class=\"x11i5rnm xat24cr x1mh8g0r x1vvkbs xtlvy1s x126k92a\">\n<div dir=\"auto\">&#8211; attentat \u00e0 la libert\u00e9 ;<\/div>\n<\/div>\n<div class=\"x11i5rnm xat24cr x1mh8g0r x1vvkbs xtlvy1s x126k92a\">\n<div dir=\"auto\">GMS,<\/div>\n<div dir=\"auto\">Ecrit-il sur sa page Facebook<\/div>\n<div dir=\"auto\"><img fetchpriority=\"high\" decoding=\"async\" class=\"alignnone size-full wp-image-18612\" src=\"https:\/\/www.public.sn\/wp-content\/uploads\/2023\/03\/337049357_1081931149844635_560287398967878107_n.jpg\" alt=\"\" width=\"644\" height=\"960\" srcset=\"https:\/\/www.public.sn\/wp-content\/uploads\/2023\/03\/337049357_1081931149844635_560287398967878107_n.jpg 644w, https:\/\/www.public.sn\/wp-content\/uploads\/2023\/03\/337049357_1081931149844635_560287398967878107_n-600x894.jpg 600w, https:\/\/www.public.sn\/wp-content\/uploads\/2023\/03\/337049357_1081931149844635_560287398967878107_n-201x300.jpg 201w\" sizes=\"(max-width: 644px) 100vw, 644px\" \/> <img decoding=\"async\" class=\"alignnone size-full wp-image-18613\" src=\"https:\/\/www.public.sn\/wp-content\/uploads\/2023\/03\/337529626_955432272242808_487015551931290780_n.jpg\" alt=\"\" width=\"720\" height=\"960\" srcset=\"https:\/\/www.public.sn\/wp-content\/uploads\/2023\/03\/337529626_955432272242808_487015551931290780_n.jpg 720w, https:\/\/www.public.sn\/wp-content\/uploads\/2023\/03\/337529626_955432272242808_487015551931290780_n-600x800.jpg 600w, https:\/\/www.public.sn\/wp-content\/uploads\/2023\/03\/337529626_955432272242808_487015551931290780_n-225x300.jpg 225w\" sizes=\"(max-width: 720px) 100vw, 720px\" \/> <img decoding=\"async\" class=\"alignnone size-full wp-image-18614\" src=\"https:\/\/www.public.sn\/wp-content\/uploads\/2023\/03\/337146383_5787096948086439_500492172434476011_n.jpg\" alt=\"\" width=\"720\" height=\"532\" srcset=\"https:\/\/www.public.sn\/wp-content\/uploads\/2023\/03\/337146383_5787096948086439_500492172434476011_n.jpg 720w, https:\/\/www.public.sn\/wp-content\/uploads\/2023\/03\/337146383_5787096948086439_500492172434476011_n-600x443.jpg 600w, https:\/\/www.public.sn\/wp-content\/uploads\/2023\/03\/337146383_5787096948086439_500492172434476011_n-300x222.jpg 300w\" sizes=\"(max-width: 720px) 100vw, 720px\" \/> <img loading=\"lazy\" decoding=\"async\" class=\"alignnone size-full wp-image-18615\" src=\"https:\/\/www.public.sn\/wp-content\/uploads\/2023\/03\/336758552_5672995639479143_607904049720044080_n.jpg\" alt=\"\" width=\"660\" height=\"960\" srcset=\"https:\/\/www.public.sn\/wp-content\/uploads\/2023\/03\/336758552_5672995639479143_607904049720044080_n.jpg 660w, https:\/\/www.public.sn\/wp-content\/uploads\/2023\/03\/336758552_5672995639479143_607904049720044080_n-600x873.jpg 600w, https:\/\/www.public.sn\/wp-content\/uploads\/2023\/03\/336758552_5672995639479143_607904049720044080_n-206x300.jpg 206w\" sizes=\"(max-width: 660px) 100vw, 660px\" \/> <img loading=\"lazy\" decoding=\"async\" class=\"alignnone size-full wp-image-18616\" src=\"https:\/\/www.public.sn\/wp-content\/uploads\/2023\/03\/337252550_1400344150796259_859622665897653085_n.jpg\" alt=\"\" width=\"676\" height=\"960\" srcset=\"https:\/\/www.public.sn\/wp-content\/uploads\/2023\/03\/337252550_1400344150796259_859622665897653085_n.jpg 676w, https:\/\/www.public.sn\/wp-content\/uploads\/2023\/03\/337252550_1400344150796259_859622665897653085_n-600x852.jpg 600w, https:\/\/www.public.sn\/wp-content\/uploads\/2023\/03\/337252550_1400344150796259_859622665897653085_n-211x300.jpg 211w\" sizes=\"(max-width: 676px) 100vw, 676px\" \/> <img loading=\"lazy\" decoding=\"async\" class=\"alignnone size-full wp-image-18617\" src=\"https:\/\/www.public.sn\/wp-content\/uploads\/2023\/03\/337559316_652668496668190_4430675612507919324_n.jpg\" alt=\"\" width=\"663\" height=\"960\" srcset=\"https:\/\/www.public.sn\/wp-content\/uploads\/2023\/03\/337559316_652668496668190_4430675612507919324_n.jpg 663w, https:\/\/www.public.sn\/wp-content\/uploads\/2023\/03\/337559316_652668496668190_4430675612507919324_n-600x869.jpg 600w, https:\/\/www.public.sn\/wp-content\/uploads\/2023\/03\/337559316_652668496668190_4430675612507919324_n-207x300.jpg 207w\" sizes=\"(max-width: 663px) 100vw, 663px\" \/> <img loading=\"lazy\" decoding=\"async\" class=\"alignnone size-full wp-image-18618\" src=\"https:\/\/www.public.sn\/wp-content\/uploads\/2023\/03\/337728231_185174174304140_646676520675350506_n.jpg\" alt=\"\" width=\"608\" height=\"960\" srcset=\"https:\/\/www.public.sn\/wp-content\/uploads\/2023\/03\/337728231_185174174304140_646676520675350506_n.jpg 608w, https:\/\/www.public.sn\/wp-content\/uploads\/2023\/03\/337728231_185174174304140_646676520675350506_n-600x947.jpg 600w, https:\/\/www.public.sn\/wp-content\/uploads\/2023\/03\/337728231_185174174304140_646676520675350506_n-190x300.jpg 190w\" sizes=\"(max-width: 608px) 100vw, 608px\" \/> <img loading=\"lazy\" decoding=\"async\" class=\"alignnone size-full wp-image-18619\" src=\"https:\/\/www.public.sn\/wp-content\/uploads\/2023\/03\/337409539_217008847668505_2128787871565641246_n.jpg\" alt=\"\" width=\"703\" height=\"960\" srcset=\"https:\/\/www.public.sn\/wp-content\/uploads\/2023\/03\/337409539_217008847668505_2128787871565641246_n.jpg 703w, https:\/\/www.public.sn\/wp-content\/uploads\/2023\/03\/337409539_217008847668505_2128787871565641246_n-600x819.jpg 600w, https:\/\/www.public.sn\/wp-content\/uploads\/2023\/03\/337409539_217008847668505_2128787871565641246_n-220x300.jpg 220w\" sizes=\"(max-width: 703px) 100vw, 703px\" \/><\/div>\n<\/div>\n<div class=\"publi-apres-le-contenu\" style=\"margin-top: 10px;margin-bottom: 10px;margin-left: auto;margin-right: auto;text-align: center;\" id=\"publi-792062033\"><div class=\"publi-adlabel\">Publicit\u00e9<\/div><script async src=\"\/\/pagead2.googlesyndication.com\/pagead\/js\/adsbygoogle.js?client=ca-pub-4089586018074219\" crossorigin=\"anonymous\"><\/script><ins class=\"adsbygoogle\" style=\"display:block;\" data-ad-client=\"ca-pub-4089586018074219\" \ndata-ad-slot=\"2087940154\" \ndata-ad-format=\"auto\"><\/ins>\n<script> \n(adsbygoogle = window.adsbygoogle || []).push({}); \n<\/script>\n<\/div>","protected":false},"excerpt":{"rendered":"<p>Aujourd&rsquo;hui, les d\u00e9put\u00e9s Fatou Ba, Rama Anta Bodian, Isma\u00efla Diallo, Abass Fall et moi-m\u00eame avons port\u00e9 plainte devant le procureur de la R\u00e9publique et demand\u00e9 \u00e0 l&rsquo;assembl\u00e9e nationale de juger Antoine F\u00e9lix Diome ministre de l&rsquo;int\u00e9rieur et de la s\u00e9curit\u00e9 publique, Sidiki Kaba ministre des forces arm\u00e9es, Moussa Fall, Haut-commandant de la gendarmerie, Seydou Bocar Yague Directeur g\u00e9n\u00e9ral de la police, X et leurs complices pour : &#8211; tentative d\u2019empoisonnement et d\u2019assassinat d\u2019Ousmane SONKO, son avocat Me Cir\u00e9 Cl\u00e9dor LY et le d\u00e9put\u00e9 Guy Marius SAGNA ; &#8211; actes de violences volontaires par personne d\u00e9positaire de l&rsquo;autorit\u00e9 publique ayant entra\u00een\u00e9 des blessures avec intention de donner la mort et violences volontaires aggrav\u00e9es sur le chef de l\u2019Opposition et son avocat et des d\u00e9put\u00e9s repr\u00e9sentants de la Nation, par personne d\u00e9positaire de l&rsquo;autorit\u00e9 publique ayant entrain\u00e9 des blessures et une incapacit\u00e9 physique temporaire ; &#8211; avoir donn\u00e9 l\u2019ordre de tirer avec intention de donner la mort, plusieurs fois, \u00e0 l\u2019aide de lances grenades et \u00e0 bout portant, sur Ousmane SONKO et son avocat Me Cir\u00e9 Cl\u00e9dor LY, les d\u00e9put\u00e9s Guy Marius SAGNA, Rama Anta BODIAN, Abass FALL, Fatou BA, Isma\u00efla DIALLO, Ch\u00e9rif Ahmed DICKO, Alphonse Man\u00e9 SAMBOU, Ahmed A\u00cfDARA, SAMBA DANG, Serigne Cheikh Thioro Mback\u00e9, Birame Souley Diop &#8211; attentat \u00e0 la libert\u00e9 ; GMS, Ecrit-il sur sa page Facebook<\/p>\n","protected":false},"author":7,"featured_media":18622,"comment_status":"open","ping_status":"open","sticky":false,"template":"","format":"standard","meta":{"_jetpack_memberships_contains_paid_content":false,"footnotes":""},"categories":[375,3724,4353,3,376,1,4,372],"tags":[112,24,4905,103],"class_list":["post-18611","post","type-post","status-publish","format-standard","has-post-thumbnail","hentry","category-actualites","category-justice","category-manifestations","category-politique","category-securite-justice","category-non-classe","category-societe","category-vedette","tag-guy-marius-sagna","tag-justice","tag-plainte-contre-le-gouvernement","tag-procureur","entry","has-media","owp-thumbs-layout-horizontal","owp-btn-normal","owp-tabs-layout-horizontal","has-no-thumbnails","has-product-nav"],"yoast_head":"<!-- This site is optimized with the Yoast SEO plugin v25.5 - https:\/\/yoast.com\/wordpress\/plugins\/seo\/ -->\n<title>Guy Marius Sagna et cie porte plainte contre les membres du gouvernement - LE PUBLIC<\/title>\n<meta name=\"robots\" content=\"index, follow, max-snippet:-1, max-image-preview:large, max-video-preview:-1\" \/>\n<link rel=\"canonical\" href=\"https:\/\/www.public.sn\/index.php\/2023\/03\/23\/guy-marius-sagna-et-cie-porte-plainte-contre-les-membres-du-gouvernement\/\" \/>\n<meta property=\"og:locale\" content=\"fr_FR\" \/>\n<meta property=\"og:type\" content=\"article\" \/>\n<meta property=\"og:title\" content=\"Guy Marius Sagna et cie porte plainte contre les membres du gouvernement - LE PUBLIC\" \/>\n<meta property=\"og:description\" content=\"Aujourd&rsquo;hui, les d\u00e9put\u00e9s Fatou Ba, Rama Anta Bodian, Isma\u00efla Diallo, Abass Fall et moi-m\u00eame avons port\u00e9 plainte devant le procureur de la R\u00e9publique et demand\u00e9 \u00e0 l&rsquo;assembl\u00e9e nationale de juger Antoine F\u00e9lix Diome ministre de l&rsquo;int\u00e9rieur et de la s\u00e9curit\u00e9 publique, Sidiki Kaba ministre des forces arm\u00e9es, Moussa Fall, Haut-commandant de la gendarmerie, Seydou Bocar Yague Directeur g\u00e9n\u00e9ral de la police, X et leurs complices pour : &#8211; tentative d\u2019empoisonnement et d\u2019assassinat d\u2019Ousmane SONKO, son avocat Me Cir\u00e9 Cl\u00e9dor LY et le d\u00e9put\u00e9 Guy Marius SAGNA ; &#8211; actes de violences volontaires par personne d\u00e9positaire de l&rsquo;autorit\u00e9 publique ayant entra\u00een\u00e9 des blessures avec intention de donner la mort et violences volontaires aggrav\u00e9es sur le chef de l\u2019Opposition et son avocat et des d\u00e9put\u00e9s repr\u00e9sentants de la Nation, par personne d\u00e9positaire de l&rsquo;autorit\u00e9 publique ayant entrain\u00e9 des blessures et une incapacit\u00e9 physique temporaire ; &#8211; avoir donn\u00e9 l\u2019ordre de tirer avec intention de donner la mort, plusieurs fois, \u00e0 l\u2019aide de lances grenades et \u00e0 bout portant, sur Ousmane SONKO et son avocat Me Cir\u00e9 Cl\u00e9dor LY, les d\u00e9put\u00e9s Guy Marius SAGNA, Rama Anta BODIAN, Abass FALL, Fatou BA, Isma\u00efla DIALLO, Ch\u00e9rif Ahmed DICKO, Alphonse Man\u00e9 SAMBOU, Ahmed A\u00cfDARA, SAMBA DANG, Serigne Cheikh Thioro Mback\u00e9, Birame Souley Diop &#8211; attentat \u00e0 la libert\u00e9 ; GMS, Ecrit-il sur sa page Facebook\" \/>\n<meta property=\"og:url\" content=\"https:\/\/www.public.sn\/index.php\/2023\/03\/23\/guy-marius-sagna-et-cie-porte-plainte-contre-les-membres-du-gouvernement\/\" \/>\n<meta property=\"og:site_name\" content=\"LE PUBLIC\" \/>\n<meta property=\"article:published_time\" content=\"2023-03-23T18:12:40+00:00\" \/>\n<meta property=\"og:image\" content=\"https:\/\/www.public.sn\/wp-content\/uploads\/2023\/03\/GMS-1.jpg\" \/>\n\t<meta property=\"og:image:width\" content=\"223\" \/>\n\t<meta property=\"og:image:height\" content=\"226\" \/>\n\t<meta property=\"og:image:type\" content=\"image\/jpeg\" \/>\n<meta name=\"author\" content=\"LA REDACTION\" \/>\n<meta name=\"twitter:card\" content=\"summary_large_image\" \/>\n<meta name=\"twitter:label1\" content=\"\u00c9crit par\" \/>\n\t<meta name=\"twitter:data1\" content=\"LA REDACTION\" \/>\n\t<meta name=\"twitter:label2\" content=\"Dur\u00e9e de lecture estim\u00e9e\" \/>\n\t<meta name=\"twitter:data2\" content=\"3 minutes\" \/>\n<script type=\"application\/ld+json\" class=\"yoast-schema-graph\">{\"@context\":\"https:\/\/schema.org\",\"@graph\":[{\"@type\":\"Article\",\"@id\":\"https:\/\/www.public.sn\/index.php\/2023\/03\/23\/guy-marius-sagna-et-cie-porte-plainte-contre-les-membres-du-gouvernement\/#article\",\"isPartOf\":{\"@id\":\"https:\/\/www.public.sn\/index.php\/2023\/03\/23\/guy-marius-sagna-et-cie-porte-plainte-contre-les-membres-du-gouvernement\/\"},\"author\":{\"name\":\"LA REDACTION\",\"@id\":\"https:\/\/www.public.sn\/#\/schema\/person\/cb76c8e1b8becc6be61fb5e92d6d0224\"},\"headline\":\"Guy Marius Sagna et cie porte plainte contre les membres du gouvernement\",\"datePublished\":\"2023-03-23T18:12:40+00:00\",\"mainEntityOfPage\":{\"@id\":\"https:\/\/www.public.sn\/index.php\/2023\/03\/23\/guy-marius-sagna-et-cie-porte-plainte-contre-les-membres-du-gouvernement\/\"},\"wordCount\":256,\"commentCount\":0,\"publisher\":{\"@id\":\"https:\/\/www.public.sn\/#organization\"},\"image\":{\"@id\":\"https:\/\/www.public.sn\/index.php\/2023\/03\/23\/guy-marius-sagna-et-cie-porte-plainte-contre-les-membres-du-gouvernement\/#primaryimage\"},\"thumbnailUrl\":\"https:\/\/www.public.sn\/wp-content\/uploads\/2023\/03\/GMS-1.jpg\",\"keywords\":[\"Guy Marius Sagna\",\"Justice\",\"Plainte contre le gouvernement\",\"Procureur\"],\"articleSection\":[\"ACTUALIT\u00c9S\",\"justice\",\"MANIFESTATIONS\",\"POLITIQUE\",\"S\u00c9CURIT\u00c9 &amp; JUSTICE\",\"S\u00c9N\u00c9GAL\",\"SOCIETE\",\"VEDETTE\"],\"inLanguage\":\"fr-FR\",\"potentialAction\":[{\"@type\":\"CommentAction\",\"name\":\"Comment\",\"target\":[\"https:\/\/www.public.sn\/index.php\/2023\/03\/23\/guy-marius-sagna-et-cie-porte-plainte-contre-les-membres-du-gouvernement\/#respond\"]}]},{\"@type\":\"WebPage\",\"@id\":\"https:\/\/www.public.sn\/index.php\/2023\/03\/23\/guy-marius-sagna-et-cie-porte-plainte-contre-les-membres-du-gouvernement\/\",\"url\":\"https:\/\/www.public.sn\/index.php\/2023\/03\/23\/guy-marius-sagna-et-cie-porte-plainte-contre-les-membres-du-gouvernement\/\",\"name\":\"Guy Marius Sagna et cie porte plainte contre les membres du gouvernement - LE PUBLIC\",\"isPartOf\":{\"@id\":\"https:\/\/www.public.sn\/#website\"},\"primaryImageOfPage\":{\"@id\":\"https:\/\/www.public.sn\/index.php\/2023\/03\/23\/guy-marius-sagna-et-cie-porte-plainte-contre-les-membres-du-gouvernement\/#primaryimage\"},\"image\":{\"@id\":\"https:\/\/www.public.sn\/index.php\/2023\/03\/23\/guy-marius-sagna-et-cie-porte-plainte-contre-les-membres-du-gouvernement\/#primaryimage\"},\"thumbnailUrl\":\"https:\/\/www.public.sn\/wp-content\/uploads\/2023\/03\/GMS-1.jpg\",\"datePublished\":\"2023-03-23T18:12:40+00:00\",\"breadcrumb\":{\"@id\":\"https:\/\/www.public.sn\/index.php\/2023\/03\/23\/guy-marius-sagna-et-cie-porte-plainte-contre-les-membres-du-gouvernement\/#breadcrumb\"},\"inLanguage\":\"fr-FR\",\"potentialAction\":[{\"@type\":\"ReadAction\",\"target\":[\"https:\/\/www.public.sn\/index.php\/2023\/03\/23\/guy-marius-sagna-et-cie-porte-plainte-contre-les-membres-du-gouvernement\/\"]}]},{\"@type\":\"ImageObject\",\"inLanguage\":\"fr-FR\",\"@id\":\"https:\/\/www.public.sn\/index.php\/2023\/03\/23\/guy-marius-sagna-et-cie-porte-plainte-contre-les-membres-du-gouvernement\/#primaryimage\",\"url\":\"https:\/\/www.public.sn\/wp-content\/uploads\/2023\/03\/GMS-1.jpg\",\"contentUrl\":\"https:\/\/www.public.sn\/wp-content\/uploads\/2023\/03\/GMS-1.jpg\",\"width\":223,\"height\":226},{\"@type\":\"BreadcrumbList\",\"@id\":\"https:\/\/www.public.sn\/index.php\/2023\/03\/23\/guy-marius-sagna-et-cie-porte-plainte-contre-les-membres-du-gouvernement\/#breadcrumb\",\"itemListElement\":[{\"@type\":\"ListItem\",\"position\":1,\"name\":\"Accueil\",\"item\":\"https:\/\/www.public.sn\/\"},{\"@type\":\"ListItem\",\"position\":2,\"name\":\"Guy Marius Sagna et cie porte plainte contre les membres du gouvernement\"}]},{\"@type\":\"WebSite\",\"@id\":\"https:\/\/www.public.sn\/#website\",\"url\":\"https:\/\/www.public.sn\/\",\"name\":\"LE PUBLIC\",\"description\":\"\",\"publisher\":{\"@id\":\"https:\/\/www.public.sn\/#organization\"},\"potentialAction\":[{\"@type\":\"SearchAction\",\"target\":{\"@type\":\"EntryPoint\",\"urlTemplate\":\"https:\/\/www.public.sn\/?s={search_term_string}\"},\"query-input\":{\"@type\":\"PropertyValueSpecification\",\"valueRequired\":true,\"valueName\":\"search_term_string\"}}],\"inLanguage\":\"fr-FR\"},{\"@type\":\"Organization\",\"@id\":\"https:\/\/www.public.sn\/#organization\",\"name\":\"LE PUBLIC\",\"url\":\"https:\/\/www.public.sn\/\",\"logo\":{\"@type\":\"ImageObject\",\"inLanguage\":\"fr-FR\",\"@id\":\"https:\/\/www.public.sn\/#\/schema\/logo\/image\/\",\"url\":\"https:\/\/www.public.sn\/wp-content\/uploads\/2024\/05\/cropped-LOGO-PUBLIC.SN_.png\",\"contentUrl\":\"https:\/\/www.public.sn\/wp-content\/uploads\/2024\/05\/cropped-LOGO-PUBLIC.SN_.png\",\"width\":682,\"height\":192,\"caption\":\"LE PUBLIC\"},\"image\":{\"@id\":\"https:\/\/www.public.sn\/#\/schema\/logo\/image\/\"}},{\"@type\":\"Person\",\"@id\":\"https:\/\/www.public.sn\/#\/schema\/person\/cb76c8e1b8becc6be61fb5e92d6d0224\",\"name\":\"LA REDACTION\",\"image\":{\"@type\":\"ImageObject\",\"inLanguage\":\"fr-FR\",\"@id\":\"https:\/\/www.public.sn\/#\/schema\/person\/image\/\",\"url\":\"https:\/\/secure.gravatar.com\/avatar\/2dce5ddd34b8fef0180efe03aa2a9bee7d953856048f9a16b298190a3178407c?s=96&d=mm&r=g\",\"contentUrl\":\"https:\/\/secure.gravatar.com\/avatar\/2dce5ddd34b8fef0180efe03aa2a9bee7d953856048f9a16b298190a3178407c?s=96&d=mm&r=g\",\"caption\":\"LA REDACTION\"},\"url\":\"https:\/\/www.public.sn\/index.php\/author\/editeurpsn\/\"}]}<\/script>\n<!-- \/ Yoast SEO plugin. -->","yoast_head_json":{"title":"Guy Marius Sagna et cie porte plainte contre les membres du gouvernement - LE PUBLIC","robots":{"index":"index","follow":"follow","max-snippet":"max-snippet:-1","max-image-preview":"max-image-preview:large","max-video-preview":"max-video-preview:-1"},"canonical":"https:\/\/www.public.sn\/index.php\/2023\/03\/23\/guy-marius-sagna-et-cie-porte-plainte-contre-les-membres-du-gouvernement\/","og_locale":"fr_FR","og_type":"article","og_title":"Guy Marius Sagna et cie porte plainte contre les membres du gouvernement - LE PUBLIC","og_description":"Aujourd&rsquo;hui, les d\u00e9put\u00e9s Fatou Ba, Rama Anta Bodian, Isma\u00efla Diallo, Abass Fall et moi-m\u00eame avons port\u00e9 plainte devant le procureur de la R\u00e9publique et demand\u00e9 \u00e0 l&rsquo;assembl\u00e9e nationale de juger Antoine F\u00e9lix Diome ministre de l&rsquo;int\u00e9rieur et de la s\u00e9curit\u00e9 publique, Sidiki Kaba ministre des forces arm\u00e9es, Moussa Fall, Haut-commandant de la gendarmerie, Seydou Bocar Yague Directeur g\u00e9n\u00e9ral de la police, X et leurs complices pour : &#8211; tentative d\u2019empoisonnement et d\u2019assassinat d\u2019Ousmane SONKO, son avocat Me Cir\u00e9 Cl\u00e9dor LY et le d\u00e9put\u00e9 Guy Marius SAGNA ; &#8211; actes de violences volontaires par personne d\u00e9positaire de l&rsquo;autorit\u00e9 publique ayant entra\u00een\u00e9 des blessures avec intention de donner la mort et violences volontaires aggrav\u00e9es sur le chef de l\u2019Opposition et son avocat et des d\u00e9put\u00e9s repr\u00e9sentants de la Nation, par personne d\u00e9positaire de l&rsquo;autorit\u00e9 publique ayant entrain\u00e9 des blessures et une incapacit\u00e9 physique temporaire ; &#8211; avoir donn\u00e9 l\u2019ordre de tirer avec intention de donner la mort, plusieurs fois, \u00e0 l\u2019aide de lances grenades et \u00e0 bout portant, sur Ousmane SONKO et son avocat Me Cir\u00e9 Cl\u00e9dor LY, les d\u00e9put\u00e9s Guy Marius SAGNA, Rama Anta BODIAN, Abass FALL, Fatou BA, Isma\u00efla DIALLO, Ch\u00e9rif Ahmed DICKO, Alphonse Man\u00e9 SAMBOU, Ahmed A\u00cfDARA, SAMBA DANG, Serigne Cheikh Thioro Mback\u00e9, Birame Souley Diop &#8211; attentat \u00e0 la libert\u00e9 ; GMS, Ecrit-il sur sa page Facebook","og_url":"https:\/\/www.public.sn\/index.php\/2023\/03\/23\/guy-marius-sagna-et-cie-porte-plainte-contre-les-membres-du-gouvernement\/","og_site_name":"LE PUBLIC","article_published_time":"2023-03-23T18:12:40+00:00","og_image":[{"width":223,"height":226,"url":"https:\/\/www.public.sn\/wp-content\/uploads\/2023\/03\/GMS-1.jpg","type":"image\/jpeg"}],"author":"LA REDACTION","twitter_card":"summary_large_image","twitter_misc":{"\u00c9crit par":"LA REDACTION","Dur\u00e9e de lecture estim\u00e9e":"3 minutes"},"schema":{"@context":"https:\/\/schema.org","@graph":[{"@type":"Article","@id":"https:\/\/www.public.sn\/index.php\/2023\/03\/23\/guy-marius-sagna-et-cie-porte-plainte-contre-les-membres-du-gouvernement\/#article","isPartOf":{"@id":"https:\/\/www.public.sn\/index.php\/2023\/03\/23\/guy-marius-sagna-et-cie-porte-plainte-contre-les-membres-du-gouvernement\/"},"author":{"name":"LA REDACTION","@id":"https:\/\/www.public.sn\/#\/schema\/person\/cb76c8e1b8becc6be61fb5e92d6d0224"},"headline":"Guy Marius Sagna et cie porte plainte contre les membres du gouvernement","datePublished":"2023-03-23T18:12:40+00:00","mainEntityOfPage":{"@id":"https:\/\/www.public.sn\/index.php\/2023\/03\/23\/guy-marius-sagna-et-cie-porte-plainte-contre-les-membres-du-gouvernement\/"},"wordCount":256,"commentCount":0,"publisher":{"@id":"https:\/\/www.public.sn\/#organization"},"image":{"@id":"https:\/\/www.public.sn\/index.php\/2023\/03\/23\/guy-marius-sagna-et-cie-porte-plainte-contre-les-membres-du-gouvernement\/#primaryimage"},"thumbnailUrl":"https:\/\/www.public.sn\/wp-content\/uploads\/2023\/03\/GMS-1.jpg","keywords":["Guy Marius Sagna","Justice","Plainte contre le gouvernement","Procureur"],"articleSection":["ACTUALIT\u00c9S","justice","MANIFESTATIONS","POLITIQUE","S\u00c9CURIT\u00c9 &amp; JUSTICE","S\u00c9N\u00c9GAL","SOCIETE","VEDETTE"],"inLanguage":"fr-FR","potentialAction":[{"@type":"CommentAction","name":"Comment","target":["https:\/\/www.public.sn\/index.php\/2023\/03\/23\/guy-marius-sagna-et-cie-porte-plainte-contre-les-membres-du-gouvernement\/#respond"]}]},{"@type":"WebPage","@id":"https:\/\/www.public.sn\/index.php\/2023\/03\/23\/guy-marius-sagna-et-cie-porte-plainte-contre-les-membres-du-gouvernement\/","url":"https:\/\/www.public.sn\/index.php\/2023\/03\/23\/guy-marius-sagna-et-cie-porte-plainte-contre-les-membres-du-gouvernement\/","name":"Guy Marius Sagna et cie porte plainte contre les membres du gouvernement - LE PUBLIC","isPartOf":{"@id":"https:\/\/www.public.sn\/#website"},"primaryImageOfPage":{"@id":"https:\/\/www.public.sn\/index.php\/2023\/03\/23\/guy-marius-sagna-et-cie-porte-plainte-contre-les-membres-du-gouvernement\/#primaryimage"},"image":{"@id":"https:\/\/www.public.sn\/index.php\/2023\/03\/23\/guy-marius-sagna-et-cie-porte-plainte-contre-les-membres-du-gouvernement\/#primaryimage"},"thumbnailUrl":"https:\/\/www.public.sn\/wp-content\/uploads\/2023\/03\/GMS-1.jpg","datePublished":"2023-03-23T18:12:40+00:00","breadcrumb":{"@id":"https:\/\/www.public.sn\/index.php\/2023\/03\/23\/guy-marius-sagna-et-cie-porte-plainte-contre-les-membres-du-gouvernement\/#breadcrumb"},"inLanguage":"fr-FR","potentialAction":[{"@type":"ReadAction","target":["https:\/\/www.public.sn\/index.php\/2023\/03\/23\/guy-marius-sagna-et-cie-porte-plainte-contre-les-membres-du-gouvernement\/"]}]},{"@type":"ImageObject","inLanguage":"fr-FR","@id":"https:\/\/www.public.sn\/index.php\/2023\/03\/23\/guy-marius-sagna-et-cie-porte-plainte-contre-les-membres-du-gouvernement\/#primaryimage","url":"https:\/\/www.public.sn\/wp-content\/uploads\/2023\/03\/GMS-1.jpg","contentUrl":"https:\/\/www.public.sn\/wp-content\/uploads\/2023\/03\/GMS-1.jpg","width":223,"height":226},{"@type":"BreadcrumbList","@id":"https:\/\/www.public.sn\/index.php\/2023\/03\/23\/guy-marius-sagna-et-cie-porte-plainte-contre-les-membres-du-gouvernement\/#breadcrumb","itemListElement":[{"@type":"ListItem","position":1,"name":"Accueil","item":"https:\/\/www.public.sn\/"},{"@type":"ListItem","position":2,"name":"Guy Marius Sagna et cie porte plainte contre les membres du gouvernement"}]},{"@type":"WebSite","@id":"https:\/\/www.public.sn\/#website","url":"https:\/\/www.public.sn\/","name":"LE PUBLIC","description":"","publisher":{"@id":"https:\/\/www.public.sn\/#organization"},"potentialAction":[{"@type":"SearchAction","target":{"@type":"EntryPoint","urlTemplate":"https:\/\/www.public.sn\/?s={search_term_string}"},"query-input":{"@type":"PropertyValueSpecification","valueRequired":true,"valueName":"search_term_string"}}],"inLanguage":"fr-FR"},{"@type":"Organization","@id":"https:\/\/www.public.sn\/#organization","name":"LE PUBLIC","url":"https:\/\/www.public.sn\/","logo":{"@type":"ImageObject","inLanguage":"fr-FR","@id":"https:\/\/www.public.sn\/#\/schema\/logo\/image\/","url":"https:\/\/www.public.sn\/wp-content\/uploads\/2024\/05\/cropped-LOGO-PUBLIC.SN_.png","contentUrl":"https:\/\/www.public.sn\/wp-content\/uploads\/2024\/05\/cropped-LOGO-PUBLIC.SN_.png","width":682,"height":192,"caption":"LE PUBLIC"},"image":{"@id":"https:\/\/www.public.sn\/#\/schema\/logo\/image\/"}},{"@type":"Person","@id":"https:\/\/www.public.sn\/#\/schema\/person\/cb76c8e1b8becc6be61fb5e92d6d0224","name":"LA REDACTION","image":{"@type":"ImageObject","inLanguage":"fr-FR","@id":"https:\/\/www.public.sn\/#\/schema\/person\/image\/","url":"https:\/\/secure.gravatar.com\/avatar\/2dce5ddd34b8fef0180efe03aa2a9bee7d953856048f9a16b298190a3178407c?s=96&d=mm&r=g","contentUrl":"https:\/\/secure.gravatar.com\/avatar\/2dce5ddd34b8fef0180efe03aa2a9bee7d953856048f9a16b298190a3178407c?s=96&d=mm&r=g","caption":"LA REDACTION"},"url":"https:\/\/www.public.sn\/index.php\/author\/editeurpsn\/"}]}},"jetpack_featured_media_url":"https:\/\/www.public.sn\/wp-content\/uploads\/2023\/03\/GMS-1.jpg","jetpack_sharing_enabled":true,"_links":{"self":[{"href":"https:\/\/www.public.sn\/index.php\/wp-json\/wp\/v2\/posts\/18611","targetHints":{"allow":["GET"]}}],"collection":[{"href":"https:\/\/www.public.sn\/index.php\/wp-json\/wp\/v2\/posts"}],"about":[{"href":"https:\/\/www.public.sn\/index.php\/wp-json\/wp\/v2\/types\/post"}],"author":[{"embeddable":true,"href":"https:\/\/www.public.sn\/index.php\/wp-json\/wp\/v2\/users\/7"}],"replies":[{"embeddable":true,"href":"https:\/\/www.public.sn\/index.php\/wp-json\/wp\/v2\/comments?post=18611"}],"version-history":[{"count":1,"href":"https:\/\/www.public.sn\/index.php\/wp-json\/wp\/v2\/posts\/18611\/revisions"}],"predecessor-version":[{"id":18623,"href":"https:\/\/www.public.sn\/index.php\/wp-json\/wp\/v2\/posts\/18611\/revisions\/18623"}],"wp:featuredmedia":[{"embeddable":true,"href":"https:\/\/www.public.sn\/index.php\/wp-json\/wp\/v2\/media\/18622"}],"wp:attachment":[{"href":"https:\/\/www.public.sn\/index.php\/wp-json\/wp\/v2\/media?parent=18611"}],"wp:term":[{"taxonomy":"category","embeddable":true,"href":"https:\/\/www.public.sn\/index.php\/wp-json\/wp\/v2\/categories?post=18611"},{"taxonomy":"post_tag","embeddable":true,"href":"https:\/\/www.public.sn\/index.php\/wp-json\/wp\/v2\/tags?post=18611"}],"curies":[{"name":"wp","href":"https:\/\/api.w.org\/{rel}","templated":true}]}}