{"id":18620,"date":"2023-03-23T18:10:15","date_gmt":"2023-03-23T18:10:15","guid":{"rendered":"https:\/\/www.public.sn\/?p=18620"},"modified":"2023-03-23T18:10:15","modified_gmt":"2023-03-23T18:10:15","slug":"les-cadres-de-la-republique-des-valeurs-tirent-sur-macky","status":"publish","type":"post","link":"https:\/\/www.public.sn\/index.php\/2023\/03\/23\/les-cadres-de-la-republique-des-valeurs-tirent-sur-macky\/","title":{"rendered":"Les cadres de la R\u00e9publique des Valeurs tirent sur Macky"},"content":{"rendered":"<p><strong>Le Cercle des cadres de la R\u00e9publique des Valeurs-R\u00e9ewum Ngor (CECAR) est surpris par la d\u00e9claration du Pr\u00e9sident Macky Sall sur le troisi\u00e8me mandat. Ces responsables du parti de Thierno Alassane Sall estiment que le chef de l\u2019Etat est dans la manipulation.<\/strong><\/p><div class=\"publi-paragraphe1\" style=\"margin-top: 10px;margin-bottom: 10px;margin-left: auto;margin-right: auto;text-align: center;\" id=\"publi-2377100380\"><div class=\"publi-adlabel\">Publicit\u00e9<\/div><script async src=\"\/\/pagead2.googlesyndication.com\/pagead\/js\/adsbygoogle.js?client=ca-pub-4089586018074219\" crossorigin=\"anonymous\"><\/script><ins class=\"adsbygoogle\" style=\"display:block;\" data-ad-client=\"ca-pub-4089586018074219\" \ndata-ad-slot=\"2087940154\" \ndata-ad-format=\"auto\"><\/ins>\n<script> \n(adsbygoogle = window.adsbygoogle || []).push({}); \n<\/script>\n<\/div>\n<p>Pour les cadres de la RV, cette d\u00e9claration du pr\u00e9sident de la R\u00e9publique est une trahison au peuple s\u00e9n\u00e9galais d\u2019une part et une trahison de sa propre parole d\u2019autre part. C&rsquo;est aussi une trahison \u00e0 nos anc\u00eatres, qui consid\u00e9raient la parole comme sacr\u00e9e, ajoutent-ils dans un communiqu\u00e9.<\/p>\n<p>A les en croire, elle est hautement dangereuse, fortement inutile, moralement bl\u00e2mable et une provocation \u00e0 l\u2019endroit des 17 millions de S\u00e9n\u00e9galais. Ils rappellent \u00e0 Macky Sall que le 23 juin 2011 beaucoup de S\u00e9n\u00e9galais ont perdu la vie en manifestant leur d\u00e9saccord au troisi\u00e8me mandat que le Pr\u00e9sident Abdoulaye Wade a voulu briguer.<\/p>\n<p>Ils fustigent l\u2019attitude de Macky Sall avec toute la rigueur qui sied. Quoi qu&rsquo;il en co\u00fbtera, pr\u00e9viennent les cadres de la R\u00e9publique des Valeurs, les militants de leur parti sont pr\u00eats \u00e0 mener le combat contre la 3e candidature.<\/p>\n<p><strong>L&rsquo;AS<\/strong><\/p>\n<div class=\"publi-apres-le-contenu\" style=\"margin-top: 10px;margin-bottom: 10px;margin-left: auto;margin-right: auto;text-align: center;\" id=\"publi-4275422459\"><div class=\"publi-adlabel\">Publicit\u00e9<\/div><script async src=\"\/\/pagead2.googlesyndication.com\/pagead\/js\/adsbygoogle.js?client=ca-pub-4089586018074219\" crossorigin=\"anonymous\"><\/script><ins class=\"adsbygoogle\" style=\"display:block;\" data-ad-client=\"ca-pub-4089586018074219\" \ndata-ad-slot=\"2087940154\" \ndata-ad-format=\"auto\"><\/ins>\n<script> \n(adsbygoogle = window.adsbygoogle || []).push({}); \n<\/script>\n<\/div>","protected":false},"excerpt":{"rendered":"<p>Le Cercle des cadres de la R\u00e9publique des Valeurs-R\u00e9ewum Ngor (CECAR) est surpris par la d\u00e9claration du Pr\u00e9sident Macky Sall sur le troisi\u00e8me mandat. Ces responsables du parti de Thierno Alassane Sall estiment que le chef de l\u2019Etat est dans la manipulation. Pour les cadres de la RV, cette d\u00e9claration du pr\u00e9sident de la R\u00e9publique est une trahison au peuple s\u00e9n\u00e9galais d\u2019une part et une trahison de sa propre parole d\u2019autre part. C&rsquo;est aussi une trahison \u00e0 nos anc\u00eatres, qui consid\u00e9raient la parole comme sacr\u00e9e, ajoutent-ils dans un communiqu\u00e9. A les en croire, elle est hautement dangereuse, fortement inutile, moralement bl\u00e2mable et une provocation \u00e0 l\u2019endroit des 17 millions de S\u00e9n\u00e9galais. Ils rappellent \u00e0 Macky Sall que le 23 juin 2011 beaucoup de S\u00e9n\u00e9galais ont perdu la vie en manifestant leur d\u00e9saccord au troisi\u00e8me mandat que le Pr\u00e9sident Abdoulaye Wade a voulu briguer. Ils fustigent l\u2019attitude de Macky Sall avec toute la rigueur qui sied. Quoi qu&rsquo;il en co\u00fbtera, pr\u00e9viennent les cadres de la R\u00e9publique des Valeurs, les militants de leur parti sont pr\u00eats \u00e0 mener le combat contre la 3e candidature. L&rsquo;AS<\/p>\n","protected":false},"author":1,"featured_media":5333,"comment_status":"open","ping_status":"open","sticky":false,"template":"","format":"standard","meta":{"_jetpack_memberships_contains_paid_content":false,"footnotes":""},"categories":[375,3,1],"tags":[4904,4903,1150],"class_list":["post-18620","post","type-post","status-publish","format-standard","has-post-thumbnail","hentry","category-actualites","category-politique","category-non-classe","tag-cecar","tag-republique-des-valeurs-reewum-ngor","tag-thierno-alassane-sall","entry","has-media","owp-thumbs-layout-horizontal","owp-btn-normal","owp-tabs-layout-horizontal","has-no-thumbnails","has-product-nav"],"yoast_head":"<!-- This site is optimized with the Yoast SEO plugin v25.5 - https:\/\/yoast.com\/wordpress\/plugins\/seo\/ -->\n<title>Les cadres de la R\u00e9publique des Valeurs tirent sur Macky - LE PUBLIC<\/title>\n<meta name=\"description\" content=\"Le Cercle des cadres de la R\u00e9publique des Valeurs-R\u00e9ewum Ngor (CECAR) est surpris par la d\u00e9claration du Pr\u00e9sident Macky Sall sur le troisi\u00e8me mandat. Ces responsables du parti de Thierno Alassane Sall estiment que le chef de l\u2019Etat est dans la manipulation.\" \/>\n<meta name=\"robots\" content=\"index, follow, max-snippet:-1, max-image-preview:large, max-video-preview:-1\" \/>\n<link rel=\"canonical\" href=\"https:\/\/www.public.sn\/index.php\/2023\/03\/23\/les-cadres-de-la-republique-des-valeurs-tirent-sur-macky\/\" \/>\n<meta property=\"og:locale\" content=\"fr_FR\" \/>\n<meta property=\"og:type\" content=\"article\" \/>\n<meta property=\"og:title\" content=\"Les cadres de la R\u00e9publique des Valeurs tirent sur Macky - LE PUBLIC\" \/>\n<meta property=\"og:description\" content=\"Le Cercle des cadres de la R\u00e9publique des Valeurs-R\u00e9ewum Ngor (CECAR) est surpris par la d\u00e9claration du Pr\u00e9sident Macky Sall sur le troisi\u00e8me mandat. Ces responsables du parti de Thierno Alassane Sall estiment que le chef de l\u2019Etat est dans la manipulation.\" \/>\n<meta property=\"og:url\" content=\"https:\/\/www.public.sn\/index.php\/2023\/03\/23\/les-cadres-de-la-republique-des-valeurs-tirent-sur-macky\/\" \/>\n<meta property=\"og:site_name\" content=\"LE PUBLIC\" \/>\n<meta property=\"article:published_time\" content=\"2023-03-23T18:10:15+00:00\" \/>\n<meta property=\"og:image\" content=\"https:\/\/www.public.sn\/wp-content\/uploads\/2022\/10\/thierno-alassane-sall.jpg\" \/>\n\t<meta property=\"og:image:width\" content=\"650\" \/>\n\t<meta property=\"og:image:height\" content=\"433\" \/>\n\t<meta property=\"og:image:type\" content=\"image\/jpeg\" \/>\n<meta name=\"author\" content=\"LA REDACTION\" \/>\n<meta name=\"twitter:card\" content=\"summary_large_image\" \/>\n<meta name=\"twitter:label1\" content=\"\u00c9crit par\" \/>\n\t<meta name=\"twitter:data1\" content=\"LA REDACTION\" \/>\n\t<meta name=\"twitter:label2\" content=\"Dur\u00e9e de lecture estim\u00e9e\" \/>\n\t<meta name=\"twitter:data2\" content=\"1 minute\" \/>\n<script type=\"application\/ld+json\" class=\"yoast-schema-graph\">{\"@context\":\"https:\/\/schema.org\",\"@graph\":[{\"@type\":\"Article\",\"@id\":\"https:\/\/www.public.sn\/index.php\/2023\/03\/23\/les-cadres-de-la-republique-des-valeurs-tirent-sur-macky\/#article\",\"isPartOf\":{\"@id\":\"https:\/\/www.public.sn\/index.php\/2023\/03\/23\/les-cadres-de-la-republique-des-valeurs-tirent-sur-macky\/\"},\"author\":{\"name\":\"LA REDACTION\",\"@id\":\"https:\/\/www.public.sn\/#\/schema\/person\/e3f4a11b037d4203902db148f9bc8d5a\"},\"headline\":\"Les cadres de la R\u00e9publique des Valeurs tirent sur Macky\",\"datePublished\":\"2023-03-23T18:10:15+00:00\",\"mainEntityOfPage\":{\"@id\":\"https:\/\/www.public.sn\/index.php\/2023\/03\/23\/les-cadres-de-la-republique-des-valeurs-tirent-sur-macky\/\"},\"wordCount\":217,\"commentCount\":0,\"publisher\":{\"@id\":\"https:\/\/www.public.sn\/#organization\"},\"image\":{\"@id\":\"https:\/\/www.public.sn\/index.php\/2023\/03\/23\/les-cadres-de-la-republique-des-valeurs-tirent-sur-macky\/#primaryimage\"},\"thumbnailUrl\":\"https:\/\/www.public.sn\/wp-content\/uploads\/2022\/10\/thierno-alassane-sall.jpg\",\"keywords\":[\"CECAR\",\"R\u00e9publique des Valeurs-R\u00e9ewum Ngor\",\"thierno alassane sall\"],\"articleSection\":[\"ACTUALIT\u00c9S\",\"POLITIQUE\",\"S\u00c9N\u00c9GAL\"],\"inLanguage\":\"fr-FR\",\"potentialAction\":[{\"@type\":\"CommentAction\",\"name\":\"Comment\",\"target\":[\"https:\/\/www.public.sn\/index.php\/2023\/03\/23\/les-cadres-de-la-republique-des-valeurs-tirent-sur-macky\/#respond\"]}]},{\"@type\":\"WebPage\",\"@id\":\"https:\/\/www.public.sn\/index.php\/2023\/03\/23\/les-cadres-de-la-republique-des-valeurs-tirent-sur-macky\/\",\"url\":\"https:\/\/www.public.sn\/index.php\/2023\/03\/23\/les-cadres-de-la-republique-des-valeurs-tirent-sur-macky\/\",\"name\":\"Les cadres de la R\u00e9publique des Valeurs tirent sur Macky - LE PUBLIC\",\"isPartOf\":{\"@id\":\"https:\/\/www.public.sn\/#website\"},\"primaryImageOfPage\":{\"@id\":\"https:\/\/www.public.sn\/index.php\/2023\/03\/23\/les-cadres-de-la-republique-des-valeurs-tirent-sur-macky\/#primaryimage\"},\"image\":{\"@id\":\"https:\/\/www.public.sn\/index.php\/2023\/03\/23\/les-cadres-de-la-republique-des-valeurs-tirent-sur-macky\/#primaryimage\"},\"thumbnailUrl\":\"https:\/\/www.public.sn\/wp-content\/uploads\/2022\/10\/thierno-alassane-sall.jpg\",\"datePublished\":\"2023-03-23T18:10:15+00:00\",\"description\":\"Le Cercle des cadres de la R\u00e9publique des Valeurs-R\u00e9ewum Ngor (CECAR) est surpris par la d\u00e9claration du Pr\u00e9sident Macky Sall sur le troisi\u00e8me mandat. Ces responsables du parti de Thierno Alassane Sall estiment que le chef de l\u2019Etat est dans la manipulation.\",\"breadcrumb\":{\"@id\":\"https:\/\/www.public.sn\/index.php\/2023\/03\/23\/les-cadres-de-la-republique-des-valeurs-tirent-sur-macky\/#breadcrumb\"},\"inLanguage\":\"fr-FR\",\"potentialAction\":[{\"@type\":\"ReadAction\",\"target\":[\"https:\/\/www.public.sn\/index.php\/2023\/03\/23\/les-cadres-de-la-republique-des-valeurs-tirent-sur-macky\/\"]}]},{\"@type\":\"ImageObject\",\"inLanguage\":\"fr-FR\",\"@id\":\"https:\/\/www.public.sn\/index.php\/2023\/03\/23\/les-cadres-de-la-republique-des-valeurs-tirent-sur-macky\/#primaryimage\",\"url\":\"https:\/\/www.public.sn\/wp-content\/uploads\/2022\/10\/thierno-alassane-sall.jpg\",\"contentUrl\":\"https:\/\/www.public.sn\/wp-content\/uploads\/2022\/10\/thierno-alassane-sall.jpg\",\"width\":650,\"height\":433,\"caption\":\"publicsn\"},{\"@type\":\"BreadcrumbList\",\"@id\":\"https:\/\/www.public.sn\/index.php\/2023\/03\/23\/les-cadres-de-la-republique-des-valeurs-tirent-sur-macky\/#breadcrumb\",\"itemListElement\":[{\"@type\":\"ListItem\",\"position\":1,\"name\":\"Accueil\",\"item\":\"https:\/\/www.public.sn\/\"},{\"@type\":\"ListItem\",\"position\":2,\"name\":\"Les cadres de la R\u00e9publique des Valeurs tirent sur Macky\"}]},{\"@type\":\"WebSite\",\"@id\":\"https:\/\/www.public.sn\/#website\",\"url\":\"https:\/\/www.public.sn\/\",\"name\":\"LE PUBLIC\",\"description\":\"\",\"publisher\":{\"@id\":\"https:\/\/www.public.sn\/#organization\"},\"potentialAction\":[{\"@type\":\"SearchAction\",\"target\":{\"@type\":\"EntryPoint\",\"urlTemplate\":\"https:\/\/www.public.sn\/?s={search_term_string}\"},\"query-input\":{\"@type\":\"PropertyValueSpecification\",\"valueRequired\":true,\"valueName\":\"search_term_string\"}}],\"inLanguage\":\"fr-FR\"},{\"@type\":\"Organization\",\"@id\":\"https:\/\/www.public.sn\/#organization\",\"name\":\"LE PUBLIC\",\"url\":\"https:\/\/www.public.sn\/\",\"logo\":{\"@type\":\"ImageObject\",\"inLanguage\":\"fr-FR\",\"@id\":\"https:\/\/www.public.sn\/#\/schema\/logo\/image\/\",\"url\":\"https:\/\/www.public.sn\/wp-content\/uploads\/2024\/05\/cropped-LOGO-PUBLIC.SN_.png\",\"contentUrl\":\"https:\/\/www.public.sn\/wp-content\/uploads\/2024\/05\/cropped-LOGO-PUBLIC.SN_.png\",\"width\":682,\"height\":192,\"caption\":\"LE PUBLIC\"},\"image\":{\"@id\":\"https:\/\/www.public.sn\/#\/schema\/logo\/image\/\"}},{\"@type\":\"Person\",\"@id\":\"https:\/\/www.public.sn\/#\/schema\/person\/e3f4a11b037d4203902db148f9bc8d5a\",\"name\":\"LA REDACTION\",\"image\":{\"@type\":\"ImageObject\",\"inLanguage\":\"fr-FR\",\"@id\":\"https:\/\/www.public.sn\/#\/schema\/person\/image\/\",\"url\":\"https:\/\/secure.gravatar.com\/avatar\/d6c030db45db2883c075085c5d6c6258654a801a93766b49af0b82d4f454e2a5?s=96&d=mm&r=g\",\"contentUrl\":\"https:\/\/secure.gravatar.com\/avatar\/d6c030db45db2883c075085c5d6c6258654a801a93766b49af0b82d4f454e2a5?s=96&d=mm&r=g\",\"caption\":\"LA REDACTION\"},\"sameAs\":[\"http:\/\/www.public.sn\"],\"url\":\"https:\/\/www.public.sn\/index.php\/author\/admin7324\/\"}]}<\/script>\n<!-- \/ Yoast SEO plugin. -->","yoast_head_json":{"title":"Les cadres de la R\u00e9publique des Valeurs tirent sur Macky - LE PUBLIC","description":"Le Cercle des cadres de la R\u00e9publique des Valeurs-R\u00e9ewum Ngor (CECAR) est surpris par la d\u00e9claration du Pr\u00e9sident Macky Sall sur le troisi\u00e8me mandat. Ces responsables du parti de Thierno Alassane Sall estiment que le chef de l\u2019Etat est dans la manipulation.","robots":{"index":"index","follow":"follow","max-snippet":"max-snippet:-1","max-image-preview":"max-image-preview:large","max-video-preview":"max-video-preview:-1"},"canonical":"https:\/\/www.public.sn\/index.php\/2023\/03\/23\/les-cadres-de-la-republique-des-valeurs-tirent-sur-macky\/","og_locale":"fr_FR","og_type":"article","og_title":"Les cadres de la R\u00e9publique des Valeurs tirent sur Macky - LE PUBLIC","og_description":"Le Cercle des cadres de la R\u00e9publique des Valeurs-R\u00e9ewum Ngor (CECAR) est surpris par la d\u00e9claration du Pr\u00e9sident Macky Sall sur le troisi\u00e8me mandat. Ces responsables du parti de Thierno Alassane Sall estiment que le chef de l\u2019Etat est dans la manipulation.","og_url":"https:\/\/www.public.sn\/index.php\/2023\/03\/23\/les-cadres-de-la-republique-des-valeurs-tirent-sur-macky\/","og_site_name":"LE PUBLIC","article_published_time":"2023-03-23T18:10:15+00:00","og_image":[{"width":650,"height":433,"url":"https:\/\/www.public.sn\/wp-content\/uploads\/2022\/10\/thierno-alassane-sall.jpg","type":"image\/jpeg"}],"author":"LA REDACTION","twitter_card":"summary_large_image","twitter_misc":{"\u00c9crit par":"LA REDACTION","Dur\u00e9e de lecture estim\u00e9e":"1 minute"},"schema":{"@context":"https:\/\/schema.org","@graph":[{"@type":"Article","@id":"https:\/\/www.public.sn\/index.php\/2023\/03\/23\/les-cadres-de-la-republique-des-valeurs-tirent-sur-macky\/#article","isPartOf":{"@id":"https:\/\/www.public.sn\/index.php\/2023\/03\/23\/les-cadres-de-la-republique-des-valeurs-tirent-sur-macky\/"},"author":{"name":"LA REDACTION","@id":"https:\/\/www.public.sn\/#\/schema\/person\/e3f4a11b037d4203902db148f9bc8d5a"},"headline":"Les cadres de la R\u00e9publique des Valeurs tirent sur Macky","datePublished":"2023-03-23T18:10:15+00:00","mainEntityOfPage":{"@id":"https:\/\/www.public.sn\/index.php\/2023\/03\/23\/les-cadres-de-la-republique-des-valeurs-tirent-sur-macky\/"},"wordCount":217,"commentCount":0,"publisher":{"@id":"https:\/\/www.public.sn\/#organization"},"image":{"@id":"https:\/\/www.public.sn\/index.php\/2023\/03\/23\/les-cadres-de-la-republique-des-valeurs-tirent-sur-macky\/#primaryimage"},"thumbnailUrl":"https:\/\/www.public.sn\/wp-content\/uploads\/2022\/10\/thierno-alassane-sall.jpg","keywords":["CECAR","R\u00e9publique des Valeurs-R\u00e9ewum Ngor","thierno alassane sall"],"articleSection":["ACTUALIT\u00c9S","POLITIQUE","S\u00c9N\u00c9GAL"],"inLanguage":"fr-FR","potentialAction":[{"@type":"CommentAction","name":"Comment","target":["https:\/\/www.public.sn\/index.php\/2023\/03\/23\/les-cadres-de-la-republique-des-valeurs-tirent-sur-macky\/#respond"]}]},{"@type":"WebPage","@id":"https:\/\/www.public.sn\/index.php\/2023\/03\/23\/les-cadres-de-la-republique-des-valeurs-tirent-sur-macky\/","url":"https:\/\/www.public.sn\/index.php\/2023\/03\/23\/les-cadres-de-la-republique-des-valeurs-tirent-sur-macky\/","name":"Les cadres de la R\u00e9publique des Valeurs tirent sur Macky - LE PUBLIC","isPartOf":{"@id":"https:\/\/www.public.sn\/#website"},"primaryImageOfPage":{"@id":"https:\/\/www.public.sn\/index.php\/2023\/03\/23\/les-cadres-de-la-republique-des-valeurs-tirent-sur-macky\/#primaryimage"},"image":{"@id":"https:\/\/www.public.sn\/index.php\/2023\/03\/23\/les-cadres-de-la-republique-des-valeurs-tirent-sur-macky\/#primaryimage"},"thumbnailUrl":"https:\/\/www.public.sn\/wp-content\/uploads\/2022\/10\/thierno-alassane-sall.jpg","datePublished":"2023-03-23T18:10:15+00:00","description":"Le Cercle des cadres de la R\u00e9publique des Valeurs-R\u00e9ewum Ngor (CECAR) est surpris par la d\u00e9claration du Pr\u00e9sident Macky Sall sur le troisi\u00e8me mandat. Ces responsables du parti de Thierno Alassane Sall estiment que le chef de l\u2019Etat est dans la manipulation.","breadcrumb":{"@id":"https:\/\/www.public.sn\/index.php\/2023\/03\/23\/les-cadres-de-la-republique-des-valeurs-tirent-sur-macky\/#breadcrumb"},"inLanguage":"fr-FR","potentialAction":[{"@type":"ReadAction","target":["https:\/\/www.public.sn\/index.php\/2023\/03\/23\/les-cadres-de-la-republique-des-valeurs-tirent-sur-macky\/"]}]},{"@type":"ImageObject","inLanguage":"fr-FR","@id":"https:\/\/www.public.sn\/index.php\/2023\/03\/23\/les-cadres-de-la-republique-des-valeurs-tirent-sur-macky\/#primaryimage","url":"https:\/\/www.public.sn\/wp-content\/uploads\/2022\/10\/thierno-alassane-sall.jpg","contentUrl":"https:\/\/www.public.sn\/wp-content\/uploads\/2022\/10\/thierno-alassane-sall.jpg","width":650,"height":433,"caption":"publicsn"},{"@type":"BreadcrumbList","@id":"https:\/\/www.public.sn\/index.php\/2023\/03\/23\/les-cadres-de-la-republique-des-valeurs-tirent-sur-macky\/#breadcrumb","itemListElement":[{"@type":"ListItem","position":1,"name":"Accueil","item":"https:\/\/www.public.sn\/"},{"@type":"ListItem","position":2,"name":"Les cadres de la R\u00e9publique des Valeurs tirent sur Macky"}]},{"@type":"WebSite","@id":"https:\/\/www.public.sn\/#website","url":"https:\/\/www.public.sn\/","name":"LE PUBLIC","description":"","publisher":{"@id":"https:\/\/www.public.sn\/#organization"},"potentialAction":[{"@type":"SearchAction","target":{"@type":"EntryPoint","urlTemplate":"https:\/\/www.public.sn\/?s={search_term_string}"},"query-input":{"@type":"PropertyValueSpecification","valueRequired":true,"valueName":"search_term_string"}}],"inLanguage":"fr-FR"},{"@type":"Organization","@id":"https:\/\/www.public.sn\/#organization","name":"LE PUBLIC","url":"https:\/\/www.public.sn\/","logo":{"@type":"ImageObject","inLanguage":"fr-FR","@id":"https:\/\/www.public.sn\/#\/schema\/logo\/image\/","url":"https:\/\/www.public.sn\/wp-content\/uploads\/2024\/05\/cropped-LOGO-PUBLIC.SN_.png","contentUrl":"https:\/\/www.public.sn\/wp-content\/uploads\/2024\/05\/cropped-LOGO-PUBLIC.SN_.png","width":682,"height":192,"caption":"LE PUBLIC"},"image":{"@id":"https:\/\/www.public.sn\/#\/schema\/logo\/image\/"}},{"@type":"Person","@id":"https:\/\/www.public.sn\/#\/schema\/person\/e3f4a11b037d4203902db148f9bc8d5a","name":"LA REDACTION","image":{"@type":"ImageObject","inLanguage":"fr-FR","@id":"https:\/\/www.public.sn\/#\/schema\/person\/image\/","url":"https:\/\/secure.gravatar.com\/avatar\/d6c030db45db2883c075085c5d6c6258654a801a93766b49af0b82d4f454e2a5?s=96&d=mm&r=g","contentUrl":"https:\/\/secure.gravatar.com\/avatar\/d6c030db45db2883c075085c5d6c6258654a801a93766b49af0b82d4f454e2a5?s=96&d=mm&r=g","caption":"LA REDACTION"},"sameAs":["http:\/\/www.public.sn"],"url":"https:\/\/www.public.sn\/index.php\/author\/admin7324\/"}]}},"jetpack_featured_media_url":"https:\/\/www.public.sn\/wp-content\/uploads\/2022\/10\/thierno-alassane-sall.jpg","jetpack_sharing_enabled":true,"_links":{"self":[{"href":"https:\/\/www.public.sn\/index.php\/wp-json\/wp\/v2\/posts\/18620","targetHints":{"allow":["GET"]}}],"collection":[{"href":"https:\/\/www.public.sn\/index.php\/wp-json\/wp\/v2\/posts"}],"about":[{"href":"https:\/\/www.public.sn\/index.php\/wp-json\/wp\/v2\/types\/post"}],"author":[{"embeddable":true,"href":"https:\/\/www.public.sn\/index.php\/wp-json\/wp\/v2\/users\/1"}],"replies":[{"embeddable":true,"href":"https:\/\/www.public.sn\/index.php\/wp-json\/wp\/v2\/comments?post=18620"}],"version-history":[{"count":1,"href":"https:\/\/www.public.sn\/index.php\/wp-json\/wp\/v2\/posts\/18620\/revisions"}],"predecessor-version":[{"id":18621,"href":"https:\/\/www.public.sn\/index.php\/wp-json\/wp\/v2\/posts\/18620\/revisions\/18621"}],"wp:featuredmedia":[{"embeddable":true,"href":"https:\/\/www.public.sn\/index.php\/wp-json\/wp\/v2\/media\/5333"}],"wp:attachment":[{"href":"https:\/\/www.public.sn\/index.php\/wp-json\/wp\/v2\/media?parent=18620"}],"wp:term":[{"taxonomy":"category","embeddable":true,"href":"https:\/\/www.public.sn\/index.php\/wp-json\/wp\/v2\/categories?post=18620"},{"taxonomy":"post_tag","embeddable":true,"href":"https:\/\/www.public.sn\/index.php\/wp-json\/wp\/v2\/tags?post=18620"}],"curies":[{"name":"wp","href":"https:\/\/api.w.org\/{rel}","templated":true}]}}