{"id":18624,"date":"2023-03-23T18:20:30","date_gmt":"2023-03-23T18:20:30","guid":{"rendered":"https:\/\/www.public.sn\/?p=18624"},"modified":"2023-03-23T18:20:30","modified_gmt":"2023-03-23T18:20:30","slug":"karim-xrum-xax-et-cheikh-oumar-diagne-places-sous-mandat-de-depot","status":"publish","type":"post","link":"https:\/\/www.public.sn\/index.php\/2023\/03\/23\/karim-xrum-xax-et-cheikh-oumar-diagne-places-sous-mandat-de-depot\/","title":{"rendered":"Karim Xrum Xax et Cheikh Oumar Diagne plac\u00e9s sous mandat de d\u00e9p\u00f4t"},"content":{"rendered":"<p><strong>Abdou Karim Gueye et Cheikh Oumar Diagne viennent d\u2019etre plac\u00e9s sous mandat de d\u00e9p\u00f4t. Ils \u00e9taient tous les deux plac\u00e9s en garde \u00e0 vue \u00e0 la Division des Investigations Criminelles.<\/strong><\/p><div class=\"publi-paragraphe1\" style=\"margin-top: 10px;margin-bottom: 10px;margin-left: auto;margin-right: auto;text-align: center;\" id=\"publi-3614634124\"><div class=\"publi-adlabel\">Publicit\u00e9<\/div><script async src=\"\/\/pagead2.googlesyndication.com\/pagead\/js\/adsbygoogle.js?client=ca-pub-4089586018074219\" crossorigin=\"anonymous\"><\/script><ins class=\"adsbygoogle\" style=\"display:block;\" data-ad-client=\"ca-pub-4089586018074219\" \ndata-ad-slot=\"2087940154\" \ndata-ad-format=\"auto\"><\/ins>\n<script> \n(adsbygoogle = window.adsbygoogle || []).push({}); \n<\/script>\n<\/div>\n<div class=\"dbe dbe-post-middle dbe-float-center dbe-align-center dbe-column-1 dbe-clearfix no-bg-box-model\">\n<div id=\"dbe-3576-1731630140\" class=\"dbe-container dbe-type-code \" data-adid=\"3576\" data-type=\"code\">\n<div id=\"dbe-3576-1731630140-place\"><ins class=\"adsbygoogle\" data-ad-client=\"ca-pub-9473846353102696\" data-ad-slot=\"4242883252\" data-ad-layout=\"in-article\" data-ad-format=\"fluid\" data-adsbygoogle-status=\"done\" data-ad-status=\"unfilled\"><\/p>\n<div id=\"aswift_3_host\" tabindex=\"0\" title=\"Advertisement\" aria-label=\"Advertisement\"><\/div>\n<p><\/ins><\/div>\n<\/div>\n<\/div>\n<p>D\u2019apr\u00e8s leur avocat Me Koureyssi B\u00e2, ils sont tous les deux poursuivis pour atteinte \u00e0 la suret\u00e9 de l\u2019Etat.<\/p>\n<p>A noter qu\u2019ils \u00e9taient tous les deux encore sous contr\u00f4le judiciaire apr\u00e8s une libert\u00e9 provisoire obtenue il y a quelques mois.<\/p>\n<div class=\"publi-apres-le-contenu\" style=\"margin-top: 10px;margin-bottom: 10px;margin-left: auto;margin-right: auto;text-align: center;\" id=\"publi-3462668958\"><div class=\"publi-adlabel\">Publicit\u00e9<\/div><script async src=\"\/\/pagead2.googlesyndication.com\/pagead\/js\/adsbygoogle.js?client=ca-pub-4089586018074219\" crossorigin=\"anonymous\"><\/script><ins class=\"adsbygoogle\" style=\"display:block;\" data-ad-client=\"ca-pub-4089586018074219\" \ndata-ad-slot=\"2087940154\" \ndata-ad-format=\"auto\"><\/ins>\n<script> \n(adsbygoogle = window.adsbygoogle || []).push({}); \n<\/script>\n<\/div>","protected":false},"excerpt":{"rendered":"<p>Abdou Karim Gueye et Cheikh Oumar Diagne viennent d\u2019etre plac\u00e9s sous mandat de d\u00e9p\u00f4t. Ils \u00e9taient tous les deux plac\u00e9s en garde \u00e0 vue \u00e0 la Division des Investigations Criminelles. D\u2019apr\u00e8s leur avocat Me Koureyssi B\u00e2, ils sont tous les deux poursuivis pour atteinte \u00e0 la suret\u00e9 de l\u2019Etat. A noter qu\u2019ils \u00e9taient tous les deux encore sous contr\u00f4le judiciaire apr\u00e8s une libert\u00e9 provisoire obtenue il y a quelques mois.<\/p>\n","protected":false},"author":7,"featured_media":18625,"comment_status":"open","ping_status":"open","sticky":false,"template":"","format":"standard","meta":{"_jetpack_memberships_contains_paid_content":false,"footnotes":""},"categories":[375,3724,3,376,1,4,372],"tags":[271,114,265],"class_list":["post-18624","post","type-post","status-publish","format-standard","has-post-thumbnail","hentry","category-actualites","category-justice","category-politique","category-securite-justice","category-non-classe","category-societe","category-vedette","tag-cheikh-oumar-diagne","tag-karim-xrum-xax","tag-mandat-de-depot","entry","has-media","owp-thumbs-layout-horizontal","owp-btn-normal","owp-tabs-layout-horizontal","has-no-thumbnails","has-product-nav"],"yoast_head":"<!-- This site is optimized with the Yoast SEO plugin v25.5 - https:\/\/yoast.com\/wordpress\/plugins\/seo\/ -->\n<title>Karim Xrum Xax et Cheikh Oumar Diagne plac\u00e9s sous mandat de d\u00e9p\u00f4t - LE PUBLIC<\/title>\n<meta name=\"robots\" content=\"index, follow, max-snippet:-1, max-image-preview:large, max-video-preview:-1\" \/>\n<link rel=\"canonical\" href=\"https:\/\/www.public.sn\/index.php\/2023\/03\/23\/karim-xrum-xax-et-cheikh-oumar-diagne-places-sous-mandat-de-depot\/\" \/>\n<meta property=\"og:locale\" content=\"fr_FR\" \/>\n<meta property=\"og:type\" content=\"article\" \/>\n<meta property=\"og:title\" content=\"Karim Xrum Xax et Cheikh Oumar Diagne plac\u00e9s sous mandat de d\u00e9p\u00f4t - LE PUBLIC\" \/>\n<meta property=\"og:description\" content=\"Abdou Karim Gueye et Cheikh Oumar Diagne viennent d\u2019etre plac\u00e9s sous mandat de d\u00e9p\u00f4t. Ils \u00e9taient tous les deux plac\u00e9s en garde \u00e0 vue \u00e0 la Division des Investigations Criminelles. D\u2019apr\u00e8s leur avocat Me Koureyssi B\u00e2, ils sont tous les deux poursuivis pour atteinte \u00e0 la suret\u00e9 de l\u2019Etat. A noter qu\u2019ils \u00e9taient tous les deux encore sous contr\u00f4le judiciaire apr\u00e8s une libert\u00e9 provisoire obtenue il y a quelques mois.\" \/>\n<meta property=\"og:url\" content=\"https:\/\/www.public.sn\/index.php\/2023\/03\/23\/karim-xrum-xax-et-cheikh-oumar-diagne-places-sous-mandat-de-depot\/\" \/>\n<meta property=\"og:site_name\" content=\"LE PUBLIC\" \/>\n<meta property=\"article:published_time\" content=\"2023-03-23T18:20:30+00:00\" \/>\n<meta property=\"og:image\" content=\"https:\/\/www.public.sn\/wp-content\/uploads\/2023\/03\/Karim-Xrum-Xax-et-Cheikh-Oumar-Diagne.jpg\" \/>\n\t<meta property=\"og:image:width\" content=\"282\" \/>\n\t<meta property=\"og:image:height\" content=\"179\" \/>\n\t<meta property=\"og:image:type\" content=\"image\/jpeg\" \/>\n<meta name=\"author\" content=\"LA REDACTION\" \/>\n<meta name=\"twitter:card\" content=\"summary_large_image\" \/>\n<meta name=\"twitter:label1\" content=\"\u00c9crit par\" \/>\n\t<meta name=\"twitter:data1\" content=\"LA REDACTION\" \/>\n\t<meta name=\"twitter:label2\" content=\"Dur\u00e9e de lecture estim\u00e9e\" \/>\n\t<meta name=\"twitter:data2\" content=\"1 minute\" \/>\n<script type=\"application\/ld+json\" class=\"yoast-schema-graph\">{\"@context\":\"https:\/\/schema.org\",\"@graph\":[{\"@type\":\"Article\",\"@id\":\"https:\/\/www.public.sn\/index.php\/2023\/03\/23\/karim-xrum-xax-et-cheikh-oumar-diagne-places-sous-mandat-de-depot\/#article\",\"isPartOf\":{\"@id\":\"https:\/\/www.public.sn\/index.php\/2023\/03\/23\/karim-xrum-xax-et-cheikh-oumar-diagne-places-sous-mandat-de-depot\/\"},\"author\":{\"name\":\"LA REDACTION\",\"@id\":\"https:\/\/www.public.sn\/#\/schema\/person\/cb76c8e1b8becc6be61fb5e92d6d0224\"},\"headline\":\"Karim Xrum Xax et Cheikh Oumar Diagne plac\u00e9s sous mandat de d\u00e9p\u00f4t\",\"datePublished\":\"2023-03-23T18:20:30+00:00\",\"mainEntityOfPage\":{\"@id\":\"https:\/\/www.public.sn\/index.php\/2023\/03\/23\/karim-xrum-xax-et-cheikh-oumar-diagne-places-sous-mandat-de-depot\/\"},\"wordCount\":93,\"commentCount\":0,\"publisher\":{\"@id\":\"https:\/\/www.public.sn\/#organization\"},\"image\":{\"@id\":\"https:\/\/www.public.sn\/index.php\/2023\/03\/23\/karim-xrum-xax-et-cheikh-oumar-diagne-places-sous-mandat-de-depot\/#primaryimage\"},\"thumbnailUrl\":\"https:\/\/www.public.sn\/wp-content\/uploads\/2023\/03\/Karim-Xrum-Xax-et-Cheikh-Oumar-Diagne.jpg\",\"keywords\":[\"Cheikh Oumar Diagne\",\"Karim Xrum Xax\",\"Mandat de d\u00e9pot\"],\"articleSection\":[\"ACTUALIT\u00c9S\",\"justice\",\"POLITIQUE\",\"S\u00c9CURIT\u00c9 &amp; JUSTICE\",\"S\u00c9N\u00c9GAL\",\"SOCIETE\",\"VEDETTE\"],\"inLanguage\":\"fr-FR\",\"potentialAction\":[{\"@type\":\"CommentAction\",\"name\":\"Comment\",\"target\":[\"https:\/\/www.public.sn\/index.php\/2023\/03\/23\/karim-xrum-xax-et-cheikh-oumar-diagne-places-sous-mandat-de-depot\/#respond\"]}]},{\"@type\":\"WebPage\",\"@id\":\"https:\/\/www.public.sn\/index.php\/2023\/03\/23\/karim-xrum-xax-et-cheikh-oumar-diagne-places-sous-mandat-de-depot\/\",\"url\":\"https:\/\/www.public.sn\/index.php\/2023\/03\/23\/karim-xrum-xax-et-cheikh-oumar-diagne-places-sous-mandat-de-depot\/\",\"name\":\"Karim Xrum Xax et Cheikh Oumar Diagne plac\u00e9s sous mandat de d\u00e9p\u00f4t - LE PUBLIC\",\"isPartOf\":{\"@id\":\"https:\/\/www.public.sn\/#website\"},\"primaryImageOfPage\":{\"@id\":\"https:\/\/www.public.sn\/index.php\/2023\/03\/23\/karim-xrum-xax-et-cheikh-oumar-diagne-places-sous-mandat-de-depot\/#primaryimage\"},\"image\":{\"@id\":\"https:\/\/www.public.sn\/index.php\/2023\/03\/23\/karim-xrum-xax-et-cheikh-oumar-diagne-places-sous-mandat-de-depot\/#primaryimage\"},\"thumbnailUrl\":\"https:\/\/www.public.sn\/wp-content\/uploads\/2023\/03\/Karim-Xrum-Xax-et-Cheikh-Oumar-Diagne.jpg\",\"datePublished\":\"2023-03-23T18:20:30+00:00\",\"breadcrumb\":{\"@id\":\"https:\/\/www.public.sn\/index.php\/2023\/03\/23\/karim-xrum-xax-et-cheikh-oumar-diagne-places-sous-mandat-de-depot\/#breadcrumb\"},\"inLanguage\":\"fr-FR\",\"potentialAction\":[{\"@type\":\"ReadAction\",\"target\":[\"https:\/\/www.public.sn\/index.php\/2023\/03\/23\/karim-xrum-xax-et-cheikh-oumar-diagne-places-sous-mandat-de-depot\/\"]}]},{\"@type\":\"ImageObject\",\"inLanguage\":\"fr-FR\",\"@id\":\"https:\/\/www.public.sn\/index.php\/2023\/03\/23\/karim-xrum-xax-et-cheikh-oumar-diagne-places-sous-mandat-de-depot\/#primaryimage\",\"url\":\"https:\/\/www.public.sn\/wp-content\/uploads\/2023\/03\/Karim-Xrum-Xax-et-Cheikh-Oumar-Diagne.jpg\",\"contentUrl\":\"https:\/\/www.public.sn\/wp-content\/uploads\/2023\/03\/Karim-Xrum-Xax-et-Cheikh-Oumar-Diagne.jpg\",\"width\":282,\"height\":179},{\"@type\":\"BreadcrumbList\",\"@id\":\"https:\/\/www.public.sn\/index.php\/2023\/03\/23\/karim-xrum-xax-et-cheikh-oumar-diagne-places-sous-mandat-de-depot\/#breadcrumb\",\"itemListElement\":[{\"@type\":\"ListItem\",\"position\":1,\"name\":\"Accueil\",\"item\":\"https:\/\/www.public.sn\/\"},{\"@type\":\"ListItem\",\"position\":2,\"name\":\"Karim Xrum Xax et Cheikh Oumar Diagne plac\u00e9s sous mandat de d\u00e9p\u00f4t\"}]},{\"@type\":\"WebSite\",\"@id\":\"https:\/\/www.public.sn\/#website\",\"url\":\"https:\/\/www.public.sn\/\",\"name\":\"LE PUBLIC\",\"description\":\"\",\"publisher\":{\"@id\":\"https:\/\/www.public.sn\/#organization\"},\"potentialAction\":[{\"@type\":\"SearchAction\",\"target\":{\"@type\":\"EntryPoint\",\"urlTemplate\":\"https:\/\/www.public.sn\/?s={search_term_string}\"},\"query-input\":{\"@type\":\"PropertyValueSpecification\",\"valueRequired\":true,\"valueName\":\"search_term_string\"}}],\"inLanguage\":\"fr-FR\"},{\"@type\":\"Organization\",\"@id\":\"https:\/\/www.public.sn\/#organization\",\"name\":\"LE PUBLIC\",\"url\":\"https:\/\/www.public.sn\/\",\"logo\":{\"@type\":\"ImageObject\",\"inLanguage\":\"fr-FR\",\"@id\":\"https:\/\/www.public.sn\/#\/schema\/logo\/image\/\",\"url\":\"https:\/\/www.public.sn\/wp-content\/uploads\/2024\/05\/cropped-LOGO-PUBLIC.SN_.png\",\"contentUrl\":\"https:\/\/www.public.sn\/wp-content\/uploads\/2024\/05\/cropped-LOGO-PUBLIC.SN_.png\",\"width\":682,\"height\":192,\"caption\":\"LE PUBLIC\"},\"image\":{\"@id\":\"https:\/\/www.public.sn\/#\/schema\/logo\/image\/\"}},{\"@type\":\"Person\",\"@id\":\"https:\/\/www.public.sn\/#\/schema\/person\/cb76c8e1b8becc6be61fb5e92d6d0224\",\"name\":\"LA REDACTION\",\"image\":{\"@type\":\"ImageObject\",\"inLanguage\":\"fr-FR\",\"@id\":\"https:\/\/www.public.sn\/#\/schema\/person\/image\/\",\"url\":\"https:\/\/secure.gravatar.com\/avatar\/2dce5ddd34b8fef0180efe03aa2a9bee7d953856048f9a16b298190a3178407c?s=96&d=mm&r=g\",\"contentUrl\":\"https:\/\/secure.gravatar.com\/avatar\/2dce5ddd34b8fef0180efe03aa2a9bee7d953856048f9a16b298190a3178407c?s=96&d=mm&r=g\",\"caption\":\"LA REDACTION\"},\"url\":\"https:\/\/www.public.sn\/index.php\/author\/editeurpsn\/\"}]}<\/script>\n<!-- \/ Yoast SEO plugin. -->","yoast_head_json":{"title":"Karim Xrum Xax et Cheikh Oumar Diagne plac\u00e9s sous mandat de d\u00e9p\u00f4t - LE PUBLIC","robots":{"index":"index","follow":"follow","max-snippet":"max-snippet:-1","max-image-preview":"max-image-preview:large","max-video-preview":"max-video-preview:-1"},"canonical":"https:\/\/www.public.sn\/index.php\/2023\/03\/23\/karim-xrum-xax-et-cheikh-oumar-diagne-places-sous-mandat-de-depot\/","og_locale":"fr_FR","og_type":"article","og_title":"Karim Xrum Xax et Cheikh Oumar Diagne plac\u00e9s sous mandat de d\u00e9p\u00f4t - LE PUBLIC","og_description":"Abdou Karim Gueye et Cheikh Oumar Diagne viennent d\u2019etre plac\u00e9s sous mandat de d\u00e9p\u00f4t. Ils \u00e9taient tous les deux plac\u00e9s en garde \u00e0 vue \u00e0 la Division des Investigations Criminelles. D\u2019apr\u00e8s leur avocat Me Koureyssi B\u00e2, ils sont tous les deux poursuivis pour atteinte \u00e0 la suret\u00e9 de l\u2019Etat. A noter qu\u2019ils \u00e9taient tous les deux encore sous contr\u00f4le judiciaire apr\u00e8s une libert\u00e9 provisoire obtenue il y a quelques mois.","og_url":"https:\/\/www.public.sn\/index.php\/2023\/03\/23\/karim-xrum-xax-et-cheikh-oumar-diagne-places-sous-mandat-de-depot\/","og_site_name":"LE PUBLIC","article_published_time":"2023-03-23T18:20:30+00:00","og_image":[{"width":282,"height":179,"url":"https:\/\/www.public.sn\/wp-content\/uploads\/2023\/03\/Karim-Xrum-Xax-et-Cheikh-Oumar-Diagne.jpg","type":"image\/jpeg"}],"author":"LA REDACTION","twitter_card":"summary_large_image","twitter_misc":{"\u00c9crit par":"LA REDACTION","Dur\u00e9e de lecture estim\u00e9e":"1 minute"},"schema":{"@context":"https:\/\/schema.org","@graph":[{"@type":"Article","@id":"https:\/\/www.public.sn\/index.php\/2023\/03\/23\/karim-xrum-xax-et-cheikh-oumar-diagne-places-sous-mandat-de-depot\/#article","isPartOf":{"@id":"https:\/\/www.public.sn\/index.php\/2023\/03\/23\/karim-xrum-xax-et-cheikh-oumar-diagne-places-sous-mandat-de-depot\/"},"author":{"name":"LA REDACTION","@id":"https:\/\/www.public.sn\/#\/schema\/person\/cb76c8e1b8becc6be61fb5e92d6d0224"},"headline":"Karim Xrum Xax et Cheikh Oumar Diagne plac\u00e9s sous mandat de d\u00e9p\u00f4t","datePublished":"2023-03-23T18:20:30+00:00","mainEntityOfPage":{"@id":"https:\/\/www.public.sn\/index.php\/2023\/03\/23\/karim-xrum-xax-et-cheikh-oumar-diagne-places-sous-mandat-de-depot\/"},"wordCount":93,"commentCount":0,"publisher":{"@id":"https:\/\/www.public.sn\/#organization"},"image":{"@id":"https:\/\/www.public.sn\/index.php\/2023\/03\/23\/karim-xrum-xax-et-cheikh-oumar-diagne-places-sous-mandat-de-depot\/#primaryimage"},"thumbnailUrl":"https:\/\/www.public.sn\/wp-content\/uploads\/2023\/03\/Karim-Xrum-Xax-et-Cheikh-Oumar-Diagne.jpg","keywords":["Cheikh Oumar Diagne","Karim Xrum Xax","Mandat de d\u00e9pot"],"articleSection":["ACTUALIT\u00c9S","justice","POLITIQUE","S\u00c9CURIT\u00c9 &amp; JUSTICE","S\u00c9N\u00c9GAL","SOCIETE","VEDETTE"],"inLanguage":"fr-FR","potentialAction":[{"@type":"CommentAction","name":"Comment","target":["https:\/\/www.public.sn\/index.php\/2023\/03\/23\/karim-xrum-xax-et-cheikh-oumar-diagne-places-sous-mandat-de-depot\/#respond"]}]},{"@type":"WebPage","@id":"https:\/\/www.public.sn\/index.php\/2023\/03\/23\/karim-xrum-xax-et-cheikh-oumar-diagne-places-sous-mandat-de-depot\/","url":"https:\/\/www.public.sn\/index.php\/2023\/03\/23\/karim-xrum-xax-et-cheikh-oumar-diagne-places-sous-mandat-de-depot\/","name":"Karim Xrum Xax et Cheikh Oumar Diagne plac\u00e9s sous mandat de d\u00e9p\u00f4t - LE PUBLIC","isPartOf":{"@id":"https:\/\/www.public.sn\/#website"},"primaryImageOfPage":{"@id":"https:\/\/www.public.sn\/index.php\/2023\/03\/23\/karim-xrum-xax-et-cheikh-oumar-diagne-places-sous-mandat-de-depot\/#primaryimage"},"image":{"@id":"https:\/\/www.public.sn\/index.php\/2023\/03\/23\/karim-xrum-xax-et-cheikh-oumar-diagne-places-sous-mandat-de-depot\/#primaryimage"},"thumbnailUrl":"https:\/\/www.public.sn\/wp-content\/uploads\/2023\/03\/Karim-Xrum-Xax-et-Cheikh-Oumar-Diagne.jpg","datePublished":"2023-03-23T18:20:30+00:00","breadcrumb":{"@id":"https:\/\/www.public.sn\/index.php\/2023\/03\/23\/karim-xrum-xax-et-cheikh-oumar-diagne-places-sous-mandat-de-depot\/#breadcrumb"},"inLanguage":"fr-FR","potentialAction":[{"@type":"ReadAction","target":["https:\/\/www.public.sn\/index.php\/2023\/03\/23\/karim-xrum-xax-et-cheikh-oumar-diagne-places-sous-mandat-de-depot\/"]}]},{"@type":"ImageObject","inLanguage":"fr-FR","@id":"https:\/\/www.public.sn\/index.php\/2023\/03\/23\/karim-xrum-xax-et-cheikh-oumar-diagne-places-sous-mandat-de-depot\/#primaryimage","url":"https:\/\/www.public.sn\/wp-content\/uploads\/2023\/03\/Karim-Xrum-Xax-et-Cheikh-Oumar-Diagne.jpg","contentUrl":"https:\/\/www.public.sn\/wp-content\/uploads\/2023\/03\/Karim-Xrum-Xax-et-Cheikh-Oumar-Diagne.jpg","width":282,"height":179},{"@type":"BreadcrumbList","@id":"https:\/\/www.public.sn\/index.php\/2023\/03\/23\/karim-xrum-xax-et-cheikh-oumar-diagne-places-sous-mandat-de-depot\/#breadcrumb","itemListElement":[{"@type":"ListItem","position":1,"name":"Accueil","item":"https:\/\/www.public.sn\/"},{"@type":"ListItem","position":2,"name":"Karim Xrum Xax et Cheikh Oumar Diagne plac\u00e9s sous mandat de d\u00e9p\u00f4t"}]},{"@type":"WebSite","@id":"https:\/\/www.public.sn\/#website","url":"https:\/\/www.public.sn\/","name":"LE PUBLIC","description":"","publisher":{"@id":"https:\/\/www.public.sn\/#organization"},"potentialAction":[{"@type":"SearchAction","target":{"@type":"EntryPoint","urlTemplate":"https:\/\/www.public.sn\/?s={search_term_string}"},"query-input":{"@type":"PropertyValueSpecification","valueRequired":true,"valueName":"search_term_string"}}],"inLanguage":"fr-FR"},{"@type":"Organization","@id":"https:\/\/www.public.sn\/#organization","name":"LE PUBLIC","url":"https:\/\/www.public.sn\/","logo":{"@type":"ImageObject","inLanguage":"fr-FR","@id":"https:\/\/www.public.sn\/#\/schema\/logo\/image\/","url":"https:\/\/www.public.sn\/wp-content\/uploads\/2024\/05\/cropped-LOGO-PUBLIC.SN_.png","contentUrl":"https:\/\/www.public.sn\/wp-content\/uploads\/2024\/05\/cropped-LOGO-PUBLIC.SN_.png","width":682,"height":192,"caption":"LE PUBLIC"},"image":{"@id":"https:\/\/www.public.sn\/#\/schema\/logo\/image\/"}},{"@type":"Person","@id":"https:\/\/www.public.sn\/#\/schema\/person\/cb76c8e1b8becc6be61fb5e92d6d0224","name":"LA REDACTION","image":{"@type":"ImageObject","inLanguage":"fr-FR","@id":"https:\/\/www.public.sn\/#\/schema\/person\/image\/","url":"https:\/\/secure.gravatar.com\/avatar\/2dce5ddd34b8fef0180efe03aa2a9bee7d953856048f9a16b298190a3178407c?s=96&d=mm&r=g","contentUrl":"https:\/\/secure.gravatar.com\/avatar\/2dce5ddd34b8fef0180efe03aa2a9bee7d953856048f9a16b298190a3178407c?s=96&d=mm&r=g","caption":"LA REDACTION"},"url":"https:\/\/www.public.sn\/index.php\/author\/editeurpsn\/"}]}},"jetpack_featured_media_url":"https:\/\/www.public.sn\/wp-content\/uploads\/2023\/03\/Karim-Xrum-Xax-et-Cheikh-Oumar-Diagne.jpg","jetpack_sharing_enabled":true,"_links":{"self":[{"href":"https:\/\/www.public.sn\/index.php\/wp-json\/wp\/v2\/posts\/18624","targetHints":{"allow":["GET"]}}],"collection":[{"href":"https:\/\/www.public.sn\/index.php\/wp-json\/wp\/v2\/posts"}],"about":[{"href":"https:\/\/www.public.sn\/index.php\/wp-json\/wp\/v2\/types\/post"}],"author":[{"embeddable":true,"href":"https:\/\/www.public.sn\/index.php\/wp-json\/wp\/v2\/users\/7"}],"replies":[{"embeddable":true,"href":"https:\/\/www.public.sn\/index.php\/wp-json\/wp\/v2\/comments?post=18624"}],"version-history":[{"count":1,"href":"https:\/\/www.public.sn\/index.php\/wp-json\/wp\/v2\/posts\/18624\/revisions"}],"predecessor-version":[{"id":18626,"href":"https:\/\/www.public.sn\/index.php\/wp-json\/wp\/v2\/posts\/18624\/revisions\/18626"}],"wp:featuredmedia":[{"embeddable":true,"href":"https:\/\/www.public.sn\/index.php\/wp-json\/wp\/v2\/media\/18625"}],"wp:attachment":[{"href":"https:\/\/www.public.sn\/index.php\/wp-json\/wp\/v2\/media?parent=18624"}],"wp:term":[{"taxonomy":"category","embeddable":true,"href":"https:\/\/www.public.sn\/index.php\/wp-json\/wp\/v2\/categories?post=18624"},{"taxonomy":"post_tag","embeddable":true,"href":"https:\/\/www.public.sn\/index.php\/wp-json\/wp\/v2\/tags?post=18624"}],"curies":[{"name":"wp","href":"https:\/\/api.w.org\/{rel}","templated":true}]}}