{"id":18663,"date":"2023-03-24T15:33:35","date_gmt":"2023-03-24T15:33:35","guid":{"rendered":"https:\/\/www.public.sn\/?p=18663"},"modified":"2023-03-24T15:33:35","modified_gmt":"2023-03-24T15:33:35","slug":"arrestation-de-mohamed-bilal-diatta-le-bureau-municipal-exige-la-liberation-immediate-et-sans-condition-du-maire","status":"publish","type":"post","link":"https:\/\/www.public.sn\/index.php\/2023\/03\/24\/arrestation-de-mohamed-bilal-diatta-le-bureau-municipal-exige-la-liberation-immediate-et-sans-condition-du-maire\/","title":{"rendered":"Arrestation de Mohamed Bilal Diatta\u00a0: Le bureau municipal exige la lib\u00e9ration imm\u00e9diate et sans condition du maire"},"content":{"rendered":"<p><strong>Le bureau municipal de la commune de Keur Massar-Sud exige la lib\u00e9ration imm\u00e9diate et sans condition de leur maire<\/strong><strong> Mohamed Bilal Diatta<\/strong><strong>. \u00ab\u00a0Nous prenons \u00e0 t\u00e9moin l&rsquo;opinion nationale et internationale de cet acharnement antir\u00e9publicain du gouvernement vis-\u00e0-vis d&rsquo;un \u00e9lu local de l&rsquo;opposition\u00a0\u00bb soutient le directeur de cabinet du maire <\/strong><strong>Bamba Fall.<\/strong><\/p><div class=\"publi-paragraphe1\" style=\"margin-top: 10px;margin-bottom: 10px;margin-left: auto;margin-right: auto;text-align: center;\" id=\"publi-1151420399\"><div class=\"publi-adlabel\">Publicit\u00e9<\/div><script async src=\"\/\/pagead2.googlesyndication.com\/pagead\/js\/adsbygoogle.js?client=ca-pub-4089586018074219\" crossorigin=\"anonymous\"><\/script><ins class=\"adsbygoogle\" style=\"display:block;\" data-ad-client=\"ca-pub-4089586018074219\" \ndata-ad-slot=\"2087940154\" \ndata-ad-format=\"auto\"><\/ins>\n<script> \n(adsbygoogle = window.adsbygoogle || []).push({}); \n<\/script>\n<\/div>\n<p>Il d\u00e9nonce l&rsquo;arrestation et la d\u00e9tention arbitraire de leur maire\u00a0 Mouhamed Bilal Diatta. Les membres du bureau municipal de la commune invitent toutes les forces vives de la commune de Keur Massar-Sud, populations, \u00e9lus locaux, partis politiques, autorit\u00e9s coutumi\u00e8res et religieuses \u00e0 la mobilisation et \u00e0 la solidarit\u00e9 pour la lib\u00e9ration de leur coll\u00e8gue, ami et collaborateur dans les plus brefs d\u00e9lais. L\u2019arrestation fait suite \u00e0 une interpellation de la Brigade de recherches de la gendarmerie de Keur Massar.<\/p>\n<p>D\u00e9f\u00e9r\u00e9 au parquet apr\u00e8s son arrestation ce mercredi 22 mars 2023, le maire de Keur Massar a pass\u00e9 hier sa premi\u00e8re nuit \u00e0 Reubeus. Plac\u00e9 sous mandat de d\u00e9p\u00f4t ce jeudi 23 mars 2023, Mohamed Bilal Diatta est poursuivi pour appel \u00e0 l&rsquo;insurrection et offense au chef de l\u2019Etat. Lors de son interrogatoire avec les enqu\u00eateurs, il est revenu sur ses d\u00e9clarations en niant les faits;<\/p>\n<p>Ainsi, le maire de Keur Massar Sud a confi\u00e9 aux enqu\u00eateurs qu&rsquo;il a tenu ses d\u00e9clarations sous le coup de la col\u00e8re parce que d&rsquo;apr\u00e8s lui les forces de l&rsquo;ordre et de s\u00e9curit\u00e9 avaient gaz\u00e9 les populations de sa commune. Il a \u00e9galement laiss\u00e9 entendre avoir appel\u00e9 les jeunes \u00e0 la r\u00e9sistance et non \u00e0 la violence.<\/p>\n<p>Interpell\u00e9 sur les propos tenus \u00e0 l&rsquo;encontre du Chef de l&rsquo;Etat, Mouhamed Bilal Diatta d\u00e9clare n&rsquo;avoir pas attaqu\u00e9 Macky Sall en tant que pr\u00e9sident de la R\u00e9publique, mais en tant que en tant que Chef du parti alliance pour la r\u00e9publique APR.<\/p>\n<p><strong>Nd\u00e9ye Khady MBAYE GOUDIABY<\/strong><\/p>\n<p>&nbsp;<\/p>\n<p>&nbsp;<\/p>\n<div class=\"publi-apres-le-contenu\" style=\"margin-top: 10px;margin-bottom: 10px;margin-left: auto;margin-right: auto;text-align: center;\" id=\"publi-3173004906\"><div class=\"publi-adlabel\">Publicit\u00e9<\/div><script async src=\"\/\/pagead2.googlesyndication.com\/pagead\/js\/adsbygoogle.js?client=ca-pub-4089586018074219\" crossorigin=\"anonymous\"><\/script><ins class=\"adsbygoogle\" style=\"display:block;\" data-ad-client=\"ca-pub-4089586018074219\" \ndata-ad-slot=\"2087940154\" \ndata-ad-format=\"auto\"><\/ins>\n<script> \n(adsbygoogle = window.adsbygoogle || []).push({}); \n<\/script>\n<\/div>","protected":false},"excerpt":{"rendered":"<p>Le bureau municipal de la commune de Keur Massar-Sud exige la lib\u00e9ration imm\u00e9diate et sans condition de leur maire Mohamed Bilal Diatta. \u00ab\u00a0Nous prenons \u00e0 t\u00e9moin l&rsquo;opinion nationale et internationale de cet acharnement antir\u00e9publicain du gouvernement vis-\u00e0-vis d&rsquo;un \u00e9lu local de l&rsquo;opposition\u00a0\u00bb soutient le directeur de cabinet du maire Bamba Fall. Il d\u00e9nonce l&rsquo;arrestation et la d\u00e9tention arbitraire de leur maire\u00a0 Mouhamed Bilal Diatta. Les membres du bureau municipal de la commune invitent toutes les forces vives de la commune de Keur Massar-Sud, populations, \u00e9lus locaux, partis politiques, autorit\u00e9s coutumi\u00e8res et religieuses \u00e0 la mobilisation et \u00e0 la solidarit\u00e9 pour la lib\u00e9ration de leur coll\u00e8gue, ami et collaborateur dans les plus brefs d\u00e9lais. L\u2019arrestation fait suite \u00e0 une interpellation de la Brigade de recherches de la gendarmerie de Keur Massar. D\u00e9f\u00e9r\u00e9 au parquet apr\u00e8s son arrestation ce mercredi 22 mars 2023, le maire de Keur Massar a pass\u00e9 hier sa premi\u00e8re nuit \u00e0 Reubeus. Plac\u00e9 sous mandat de d\u00e9p\u00f4t ce jeudi 23 mars 2023, Mohamed Bilal Diatta est poursuivi pour appel \u00e0 l&rsquo;insurrection et offense au chef de l\u2019Etat. Lors de son interrogatoire avec les enqu\u00eateurs, il est revenu sur ses d\u00e9clarations en niant les faits; Ainsi, le maire de Keur Massar Sud a confi\u00e9 aux enqu\u00eateurs qu&rsquo;il a tenu ses d\u00e9clarations sous le coup de la col\u00e8re parce que d&rsquo;apr\u00e8s lui les forces de l&rsquo;ordre et de s\u00e9curit\u00e9 avaient gaz\u00e9 les populations de sa commune. Il a \u00e9galement laiss\u00e9 entendre avoir appel\u00e9 les jeunes \u00e0 la r\u00e9sistance et non \u00e0 la violence. Interpell\u00e9 sur les propos tenus \u00e0 l&rsquo;encontre du Chef de l&rsquo;Etat, Mouhamed Bilal Diatta d\u00e9clare n&rsquo;avoir pas attaqu\u00e9 Macky Sall en tant que pr\u00e9sident de la R\u00e9publique, mais en tant que en tant que Chef du parti alliance pour la r\u00e9publique APR. Nd\u00e9ye Khady MBAYE GOUDIABY &nbsp; &nbsp;<\/p>\n","protected":false},"author":7,"featured_media":18664,"comment_status":"open","ping_status":"open","sticky":false,"template":"","format":"standard","meta":{"_jetpack_memberships_contains_paid_content":false,"footnotes":""},"categories":[375,379,3724,376,1,4],"tags":[1473,24,4921],"class_list":["post-18663","post","type-post","status-publish","format-standard","has-post-thumbnail","hentry","category-actualites","category-faits-divers","category-justice","category-securite-justice","category-non-classe","category-societe","tag-arrestation","tag-justice","tag-mohamed-bilal-diatta","entry","has-media","owp-thumbs-layout-horizontal","owp-btn-normal","owp-tabs-layout-horizontal","has-no-thumbnails","has-product-nav"],"yoast_head":"<!-- This site is optimized with the Yoast SEO plugin v25.5 - https:\/\/yoast.com\/wordpress\/plugins\/seo\/ -->\n<title>Arrestation de Mohamed Bilal Diatta\u00a0: Le bureau municipal exige la lib\u00e9ration imm\u00e9diate et sans condition du maire - LE PUBLIC<\/title>\n<meta name=\"robots\" content=\"index, follow, max-snippet:-1, max-image-preview:large, max-video-preview:-1\" \/>\n<link rel=\"canonical\" href=\"https:\/\/www.public.sn\/index.php\/2023\/03\/24\/arrestation-de-mohamed-bilal-diatta-le-bureau-municipal-exige-la-liberation-immediate-et-sans-condition-du-maire\/\" \/>\n<meta property=\"og:locale\" content=\"fr_FR\" \/>\n<meta property=\"og:type\" content=\"article\" \/>\n<meta property=\"og:title\" content=\"Arrestation de Mohamed Bilal Diatta\u00a0: Le bureau municipal exige la lib\u00e9ration imm\u00e9diate et sans condition du maire - LE PUBLIC\" \/>\n<meta property=\"og:description\" content=\"Le bureau municipal de la commune de Keur Massar-Sud exige la lib\u00e9ration imm\u00e9diate et sans condition de leur maire Mohamed Bilal Diatta. \u00ab\u00a0Nous prenons \u00e0 t\u00e9moin l&rsquo;opinion nationale et internationale de cet acharnement antir\u00e9publicain du gouvernement vis-\u00e0-vis d&rsquo;un \u00e9lu local de l&rsquo;opposition\u00a0\u00bb soutient le directeur de cabinet du maire Bamba Fall. Il d\u00e9nonce l&rsquo;arrestation et la d\u00e9tention arbitraire de leur maire\u00a0 Mouhamed Bilal Diatta. Les membres du bureau municipal de la commune invitent toutes les forces vives de la commune de Keur Massar-Sud, populations, \u00e9lus locaux, partis politiques, autorit\u00e9s coutumi\u00e8res et religieuses \u00e0 la mobilisation et \u00e0 la solidarit\u00e9 pour la lib\u00e9ration de leur coll\u00e8gue, ami et collaborateur dans les plus brefs d\u00e9lais. L\u2019arrestation fait suite \u00e0 une interpellation de la Brigade de recherches de la gendarmerie de Keur Massar. D\u00e9f\u00e9r\u00e9 au parquet apr\u00e8s son arrestation ce mercredi 22 mars 2023, le maire de Keur Massar a pass\u00e9 hier sa premi\u00e8re nuit \u00e0 Reubeus. Plac\u00e9 sous mandat de d\u00e9p\u00f4t ce jeudi 23 mars 2023, Mohamed Bilal Diatta est poursuivi pour appel \u00e0 l&rsquo;insurrection et offense au chef de l\u2019Etat. Lors de son interrogatoire avec les enqu\u00eateurs, il est revenu sur ses d\u00e9clarations en niant les faits; Ainsi, le maire de Keur Massar Sud a confi\u00e9 aux enqu\u00eateurs qu&rsquo;il a tenu ses d\u00e9clarations sous le coup de la col\u00e8re parce que d&rsquo;apr\u00e8s lui les forces de l&rsquo;ordre et de s\u00e9curit\u00e9 avaient gaz\u00e9 les populations de sa commune. Il a \u00e9galement laiss\u00e9 entendre avoir appel\u00e9 les jeunes \u00e0 la r\u00e9sistance et non \u00e0 la violence. Interpell\u00e9 sur les propos tenus \u00e0 l&rsquo;encontre du Chef de l&rsquo;Etat, Mouhamed Bilal Diatta d\u00e9clare n&rsquo;avoir pas attaqu\u00e9 Macky Sall en tant que pr\u00e9sident de la R\u00e9publique, mais en tant que en tant que Chef du parti alliance pour la r\u00e9publique APR. Nd\u00e9ye Khady MBAYE GOUDIABY &nbsp; &nbsp;\" \/>\n<meta property=\"og:url\" content=\"https:\/\/www.public.sn\/index.php\/2023\/03\/24\/arrestation-de-mohamed-bilal-diatta-le-bureau-municipal-exige-la-liberation-immediate-et-sans-condition-du-maire\/\" \/>\n<meta property=\"og:site_name\" content=\"LE PUBLIC\" \/>\n<meta property=\"article:published_time\" content=\"2023-03-24T15:33:35+00:00\" \/>\n<meta property=\"og:image\" content=\"https:\/\/www.public.sn\/wp-content\/uploads\/2023\/03\/66026707-47000262.jpg\" \/>\n\t<meta property=\"og:image:width\" content=\"987\" \/>\n\t<meta property=\"og:image:height\" content=\"695\" \/>\n\t<meta property=\"og:image:type\" content=\"image\/jpeg\" \/>\n<meta name=\"author\" content=\"LA REDACTION\" \/>\n<meta name=\"twitter:card\" content=\"summary_large_image\" \/>\n<meta name=\"twitter:label1\" content=\"\u00c9crit par\" \/>\n\t<meta name=\"twitter:data1\" content=\"LA REDACTION\" \/>\n\t<meta name=\"twitter:label2\" content=\"Dur\u00e9e de lecture estim\u00e9e\" \/>\n\t<meta name=\"twitter:data2\" content=\"2 minutes\" \/>\n<script type=\"application\/ld+json\" class=\"yoast-schema-graph\">{\"@context\":\"https:\/\/schema.org\",\"@graph\":[{\"@type\":\"Article\",\"@id\":\"https:\/\/www.public.sn\/index.php\/2023\/03\/24\/arrestation-de-mohamed-bilal-diatta-le-bureau-municipal-exige-la-liberation-immediate-et-sans-condition-du-maire\/#article\",\"isPartOf\":{\"@id\":\"https:\/\/www.public.sn\/index.php\/2023\/03\/24\/arrestation-de-mohamed-bilal-diatta-le-bureau-municipal-exige-la-liberation-immediate-et-sans-condition-du-maire\/\"},\"author\":{\"name\":\"LA REDACTION\",\"@id\":\"https:\/\/www.public.sn\/#\/schema\/person\/cb76c8e1b8becc6be61fb5e92d6d0224\"},\"headline\":\"Arrestation de Mohamed Bilal Diatta\u00a0: Le bureau municipal exige la lib\u00e9ration imm\u00e9diate et sans condition du maire\",\"datePublished\":\"2023-03-24T15:33:35+00:00\",\"mainEntityOfPage\":{\"@id\":\"https:\/\/www.public.sn\/index.php\/2023\/03\/24\/arrestation-de-mohamed-bilal-diatta-le-bureau-municipal-exige-la-liberation-immediate-et-sans-condition-du-maire\/\"},\"wordCount\":340,\"commentCount\":0,\"publisher\":{\"@id\":\"https:\/\/www.public.sn\/#organization\"},\"image\":{\"@id\":\"https:\/\/www.public.sn\/index.php\/2023\/03\/24\/arrestation-de-mohamed-bilal-diatta-le-bureau-municipal-exige-la-liberation-immediate-et-sans-condition-du-maire\/#primaryimage\"},\"thumbnailUrl\":\"https:\/\/www.public.sn\/wp-content\/uploads\/2023\/03\/66026707-47000262.jpg\",\"keywords\":[\"arrestation\",\"Justice\",\"Mohamed Bilal Diatta\"],\"articleSection\":[\"ACTUALIT\u00c9S\",\"FAITS DIVERS\",\"justice\",\"S\u00c9CURIT\u00c9 &amp; JUSTICE\",\"S\u00c9N\u00c9GAL\",\"SOCIETE\"],\"inLanguage\":\"fr-FR\",\"potentialAction\":[{\"@type\":\"CommentAction\",\"name\":\"Comment\",\"target\":[\"https:\/\/www.public.sn\/index.php\/2023\/03\/24\/arrestation-de-mohamed-bilal-diatta-le-bureau-municipal-exige-la-liberation-immediate-et-sans-condition-du-maire\/#respond\"]}]},{\"@type\":\"WebPage\",\"@id\":\"https:\/\/www.public.sn\/index.php\/2023\/03\/24\/arrestation-de-mohamed-bilal-diatta-le-bureau-municipal-exige-la-liberation-immediate-et-sans-condition-du-maire\/\",\"url\":\"https:\/\/www.public.sn\/index.php\/2023\/03\/24\/arrestation-de-mohamed-bilal-diatta-le-bureau-municipal-exige-la-liberation-immediate-et-sans-condition-du-maire\/\",\"name\":\"Arrestation de Mohamed Bilal Diatta\u00a0: Le bureau municipal exige la lib\u00e9ration imm\u00e9diate et sans condition du maire - LE PUBLIC\",\"isPartOf\":{\"@id\":\"https:\/\/www.public.sn\/#website\"},\"primaryImageOfPage\":{\"@id\":\"https:\/\/www.public.sn\/index.php\/2023\/03\/24\/arrestation-de-mohamed-bilal-diatta-le-bureau-municipal-exige-la-liberation-immediate-et-sans-condition-du-maire\/#primaryimage\"},\"image\":{\"@id\":\"https:\/\/www.public.sn\/index.php\/2023\/03\/24\/arrestation-de-mohamed-bilal-diatta-le-bureau-municipal-exige-la-liberation-immediate-et-sans-condition-du-maire\/#primaryimage\"},\"thumbnailUrl\":\"https:\/\/www.public.sn\/wp-content\/uploads\/2023\/03\/66026707-47000262.jpg\",\"datePublished\":\"2023-03-24T15:33:35+00:00\",\"breadcrumb\":{\"@id\":\"https:\/\/www.public.sn\/index.php\/2023\/03\/24\/arrestation-de-mohamed-bilal-diatta-le-bureau-municipal-exige-la-liberation-immediate-et-sans-condition-du-maire\/#breadcrumb\"},\"inLanguage\":\"fr-FR\",\"potentialAction\":[{\"@type\":\"ReadAction\",\"target\":[\"https:\/\/www.public.sn\/index.php\/2023\/03\/24\/arrestation-de-mohamed-bilal-diatta-le-bureau-municipal-exige-la-liberation-immediate-et-sans-condition-du-maire\/\"]}]},{\"@type\":\"ImageObject\",\"inLanguage\":\"fr-FR\",\"@id\":\"https:\/\/www.public.sn\/index.php\/2023\/03\/24\/arrestation-de-mohamed-bilal-diatta-le-bureau-municipal-exige-la-liberation-immediate-et-sans-condition-du-maire\/#primaryimage\",\"url\":\"https:\/\/www.public.sn\/wp-content\/uploads\/2023\/03\/66026707-47000262.jpg\",\"contentUrl\":\"https:\/\/www.public.sn\/wp-content\/uploads\/2023\/03\/66026707-47000262.jpg\",\"width\":987,\"height\":695},{\"@type\":\"BreadcrumbList\",\"@id\":\"https:\/\/www.public.sn\/index.php\/2023\/03\/24\/arrestation-de-mohamed-bilal-diatta-le-bureau-municipal-exige-la-liberation-immediate-et-sans-condition-du-maire\/#breadcrumb\",\"itemListElement\":[{\"@type\":\"ListItem\",\"position\":1,\"name\":\"Accueil\",\"item\":\"https:\/\/www.public.sn\/\"},{\"@type\":\"ListItem\",\"position\":2,\"name\":\"Arrestation de Mohamed Bilal Diatta\u00a0: Le bureau municipal exige la lib\u00e9ration imm\u00e9diate et sans condition du maire\"}]},{\"@type\":\"WebSite\",\"@id\":\"https:\/\/www.public.sn\/#website\",\"url\":\"https:\/\/www.public.sn\/\",\"name\":\"LE PUBLIC\",\"description\":\"\",\"publisher\":{\"@id\":\"https:\/\/www.public.sn\/#organization\"},\"potentialAction\":[{\"@type\":\"SearchAction\",\"target\":{\"@type\":\"EntryPoint\",\"urlTemplate\":\"https:\/\/www.public.sn\/?s={search_term_string}\"},\"query-input\":{\"@type\":\"PropertyValueSpecification\",\"valueRequired\":true,\"valueName\":\"search_term_string\"}}],\"inLanguage\":\"fr-FR\"},{\"@type\":\"Organization\",\"@id\":\"https:\/\/www.public.sn\/#organization\",\"name\":\"LE PUBLIC\",\"url\":\"https:\/\/www.public.sn\/\",\"logo\":{\"@type\":\"ImageObject\",\"inLanguage\":\"fr-FR\",\"@id\":\"https:\/\/www.public.sn\/#\/schema\/logo\/image\/\",\"url\":\"https:\/\/www.public.sn\/wp-content\/uploads\/2024\/05\/cropped-LOGO-PUBLIC.SN_.png\",\"contentUrl\":\"https:\/\/www.public.sn\/wp-content\/uploads\/2024\/05\/cropped-LOGO-PUBLIC.SN_.png\",\"width\":682,\"height\":192,\"caption\":\"LE PUBLIC\"},\"image\":{\"@id\":\"https:\/\/www.public.sn\/#\/schema\/logo\/image\/\"}},{\"@type\":\"Person\",\"@id\":\"https:\/\/www.public.sn\/#\/schema\/person\/cb76c8e1b8becc6be61fb5e92d6d0224\",\"name\":\"LA REDACTION\",\"image\":{\"@type\":\"ImageObject\",\"inLanguage\":\"fr-FR\",\"@id\":\"https:\/\/www.public.sn\/#\/schema\/person\/image\/\",\"url\":\"https:\/\/secure.gravatar.com\/avatar\/2dce5ddd34b8fef0180efe03aa2a9bee7d953856048f9a16b298190a3178407c?s=96&d=mm&r=g\",\"contentUrl\":\"https:\/\/secure.gravatar.com\/avatar\/2dce5ddd34b8fef0180efe03aa2a9bee7d953856048f9a16b298190a3178407c?s=96&d=mm&r=g\",\"caption\":\"LA REDACTION\"},\"url\":\"https:\/\/www.public.sn\/index.php\/author\/editeurpsn\/\"}]}<\/script>\n<!-- \/ Yoast SEO plugin. -->","yoast_head_json":{"title":"Arrestation de Mohamed Bilal Diatta\u00a0: Le bureau municipal exige la lib\u00e9ration imm\u00e9diate et sans condition du maire - LE PUBLIC","robots":{"index":"index","follow":"follow","max-snippet":"max-snippet:-1","max-image-preview":"max-image-preview:large","max-video-preview":"max-video-preview:-1"},"canonical":"https:\/\/www.public.sn\/index.php\/2023\/03\/24\/arrestation-de-mohamed-bilal-diatta-le-bureau-municipal-exige-la-liberation-immediate-et-sans-condition-du-maire\/","og_locale":"fr_FR","og_type":"article","og_title":"Arrestation de Mohamed Bilal Diatta\u00a0: Le bureau municipal exige la lib\u00e9ration imm\u00e9diate et sans condition du maire - LE PUBLIC","og_description":"Le bureau municipal de la commune de Keur Massar-Sud exige la lib\u00e9ration imm\u00e9diate et sans condition de leur maire Mohamed Bilal Diatta. \u00ab\u00a0Nous prenons \u00e0 t\u00e9moin l&rsquo;opinion nationale et internationale de cet acharnement antir\u00e9publicain du gouvernement vis-\u00e0-vis d&rsquo;un \u00e9lu local de l&rsquo;opposition\u00a0\u00bb soutient le directeur de cabinet du maire Bamba Fall. Il d\u00e9nonce l&rsquo;arrestation et la d\u00e9tention arbitraire de leur maire\u00a0 Mouhamed Bilal Diatta. Les membres du bureau municipal de la commune invitent toutes les forces vives de la commune de Keur Massar-Sud, populations, \u00e9lus locaux, partis politiques, autorit\u00e9s coutumi\u00e8res et religieuses \u00e0 la mobilisation et \u00e0 la solidarit\u00e9 pour la lib\u00e9ration de leur coll\u00e8gue, ami et collaborateur dans les plus brefs d\u00e9lais. L\u2019arrestation fait suite \u00e0 une interpellation de la Brigade de recherches de la gendarmerie de Keur Massar. D\u00e9f\u00e9r\u00e9 au parquet apr\u00e8s son arrestation ce mercredi 22 mars 2023, le maire de Keur Massar a pass\u00e9 hier sa premi\u00e8re nuit \u00e0 Reubeus. Plac\u00e9 sous mandat de d\u00e9p\u00f4t ce jeudi 23 mars 2023, Mohamed Bilal Diatta est poursuivi pour appel \u00e0 l&rsquo;insurrection et offense au chef de l\u2019Etat. Lors de son interrogatoire avec les enqu\u00eateurs, il est revenu sur ses d\u00e9clarations en niant les faits; Ainsi, le maire de Keur Massar Sud a confi\u00e9 aux enqu\u00eateurs qu&rsquo;il a tenu ses d\u00e9clarations sous le coup de la col\u00e8re parce que d&rsquo;apr\u00e8s lui les forces de l&rsquo;ordre et de s\u00e9curit\u00e9 avaient gaz\u00e9 les populations de sa commune. Il a \u00e9galement laiss\u00e9 entendre avoir appel\u00e9 les jeunes \u00e0 la r\u00e9sistance et non \u00e0 la violence. Interpell\u00e9 sur les propos tenus \u00e0 l&rsquo;encontre du Chef de l&rsquo;Etat, Mouhamed Bilal Diatta d\u00e9clare n&rsquo;avoir pas attaqu\u00e9 Macky Sall en tant que pr\u00e9sident de la R\u00e9publique, mais en tant que en tant que Chef du parti alliance pour la r\u00e9publique APR. Nd\u00e9ye Khady MBAYE GOUDIABY &nbsp; &nbsp;","og_url":"https:\/\/www.public.sn\/index.php\/2023\/03\/24\/arrestation-de-mohamed-bilal-diatta-le-bureau-municipal-exige-la-liberation-immediate-et-sans-condition-du-maire\/","og_site_name":"LE PUBLIC","article_published_time":"2023-03-24T15:33:35+00:00","og_image":[{"width":987,"height":695,"url":"https:\/\/www.public.sn\/wp-content\/uploads\/2023\/03\/66026707-47000262.jpg","type":"image\/jpeg"}],"author":"LA REDACTION","twitter_card":"summary_large_image","twitter_misc":{"\u00c9crit par":"LA REDACTION","Dur\u00e9e de lecture estim\u00e9e":"2 minutes"},"schema":{"@context":"https:\/\/schema.org","@graph":[{"@type":"Article","@id":"https:\/\/www.public.sn\/index.php\/2023\/03\/24\/arrestation-de-mohamed-bilal-diatta-le-bureau-municipal-exige-la-liberation-immediate-et-sans-condition-du-maire\/#article","isPartOf":{"@id":"https:\/\/www.public.sn\/index.php\/2023\/03\/24\/arrestation-de-mohamed-bilal-diatta-le-bureau-municipal-exige-la-liberation-immediate-et-sans-condition-du-maire\/"},"author":{"name":"LA REDACTION","@id":"https:\/\/www.public.sn\/#\/schema\/person\/cb76c8e1b8becc6be61fb5e92d6d0224"},"headline":"Arrestation de Mohamed Bilal Diatta\u00a0: Le bureau municipal exige la lib\u00e9ration imm\u00e9diate et sans condition du maire","datePublished":"2023-03-24T15:33:35+00:00","mainEntityOfPage":{"@id":"https:\/\/www.public.sn\/index.php\/2023\/03\/24\/arrestation-de-mohamed-bilal-diatta-le-bureau-municipal-exige-la-liberation-immediate-et-sans-condition-du-maire\/"},"wordCount":340,"commentCount":0,"publisher":{"@id":"https:\/\/www.public.sn\/#organization"},"image":{"@id":"https:\/\/www.public.sn\/index.php\/2023\/03\/24\/arrestation-de-mohamed-bilal-diatta-le-bureau-municipal-exige-la-liberation-immediate-et-sans-condition-du-maire\/#primaryimage"},"thumbnailUrl":"https:\/\/www.public.sn\/wp-content\/uploads\/2023\/03\/66026707-47000262.jpg","keywords":["arrestation","Justice","Mohamed Bilal Diatta"],"articleSection":["ACTUALIT\u00c9S","FAITS DIVERS","justice","S\u00c9CURIT\u00c9 &amp; JUSTICE","S\u00c9N\u00c9GAL","SOCIETE"],"inLanguage":"fr-FR","potentialAction":[{"@type":"CommentAction","name":"Comment","target":["https:\/\/www.public.sn\/index.php\/2023\/03\/24\/arrestation-de-mohamed-bilal-diatta-le-bureau-municipal-exige-la-liberation-immediate-et-sans-condition-du-maire\/#respond"]}]},{"@type":"WebPage","@id":"https:\/\/www.public.sn\/index.php\/2023\/03\/24\/arrestation-de-mohamed-bilal-diatta-le-bureau-municipal-exige-la-liberation-immediate-et-sans-condition-du-maire\/","url":"https:\/\/www.public.sn\/index.php\/2023\/03\/24\/arrestation-de-mohamed-bilal-diatta-le-bureau-municipal-exige-la-liberation-immediate-et-sans-condition-du-maire\/","name":"Arrestation de Mohamed Bilal Diatta\u00a0: Le bureau municipal exige la lib\u00e9ration imm\u00e9diate et sans condition du maire - LE PUBLIC","isPartOf":{"@id":"https:\/\/www.public.sn\/#website"},"primaryImageOfPage":{"@id":"https:\/\/www.public.sn\/index.php\/2023\/03\/24\/arrestation-de-mohamed-bilal-diatta-le-bureau-municipal-exige-la-liberation-immediate-et-sans-condition-du-maire\/#primaryimage"},"image":{"@id":"https:\/\/www.public.sn\/index.php\/2023\/03\/24\/arrestation-de-mohamed-bilal-diatta-le-bureau-municipal-exige-la-liberation-immediate-et-sans-condition-du-maire\/#primaryimage"},"thumbnailUrl":"https:\/\/www.public.sn\/wp-content\/uploads\/2023\/03\/66026707-47000262.jpg","datePublished":"2023-03-24T15:33:35+00:00","breadcrumb":{"@id":"https:\/\/www.public.sn\/index.php\/2023\/03\/24\/arrestation-de-mohamed-bilal-diatta-le-bureau-municipal-exige-la-liberation-immediate-et-sans-condition-du-maire\/#breadcrumb"},"inLanguage":"fr-FR","potentialAction":[{"@type":"ReadAction","target":["https:\/\/www.public.sn\/index.php\/2023\/03\/24\/arrestation-de-mohamed-bilal-diatta-le-bureau-municipal-exige-la-liberation-immediate-et-sans-condition-du-maire\/"]}]},{"@type":"ImageObject","inLanguage":"fr-FR","@id":"https:\/\/www.public.sn\/index.php\/2023\/03\/24\/arrestation-de-mohamed-bilal-diatta-le-bureau-municipal-exige-la-liberation-immediate-et-sans-condition-du-maire\/#primaryimage","url":"https:\/\/www.public.sn\/wp-content\/uploads\/2023\/03\/66026707-47000262.jpg","contentUrl":"https:\/\/www.public.sn\/wp-content\/uploads\/2023\/03\/66026707-47000262.jpg","width":987,"height":695},{"@type":"BreadcrumbList","@id":"https:\/\/www.public.sn\/index.php\/2023\/03\/24\/arrestation-de-mohamed-bilal-diatta-le-bureau-municipal-exige-la-liberation-immediate-et-sans-condition-du-maire\/#breadcrumb","itemListElement":[{"@type":"ListItem","position":1,"name":"Accueil","item":"https:\/\/www.public.sn\/"},{"@type":"ListItem","position":2,"name":"Arrestation de Mohamed Bilal Diatta\u00a0: Le bureau municipal exige la lib\u00e9ration imm\u00e9diate et sans condition du maire"}]},{"@type":"WebSite","@id":"https:\/\/www.public.sn\/#website","url":"https:\/\/www.public.sn\/","name":"LE PUBLIC","description":"","publisher":{"@id":"https:\/\/www.public.sn\/#organization"},"potentialAction":[{"@type":"SearchAction","target":{"@type":"EntryPoint","urlTemplate":"https:\/\/www.public.sn\/?s={search_term_string}"},"query-input":{"@type":"PropertyValueSpecification","valueRequired":true,"valueName":"search_term_string"}}],"inLanguage":"fr-FR"},{"@type":"Organization","@id":"https:\/\/www.public.sn\/#organization","name":"LE PUBLIC","url":"https:\/\/www.public.sn\/","logo":{"@type":"ImageObject","inLanguage":"fr-FR","@id":"https:\/\/www.public.sn\/#\/schema\/logo\/image\/","url":"https:\/\/www.public.sn\/wp-content\/uploads\/2024\/05\/cropped-LOGO-PUBLIC.SN_.png","contentUrl":"https:\/\/www.public.sn\/wp-content\/uploads\/2024\/05\/cropped-LOGO-PUBLIC.SN_.png","width":682,"height":192,"caption":"LE PUBLIC"},"image":{"@id":"https:\/\/www.public.sn\/#\/schema\/logo\/image\/"}},{"@type":"Person","@id":"https:\/\/www.public.sn\/#\/schema\/person\/cb76c8e1b8becc6be61fb5e92d6d0224","name":"LA REDACTION","image":{"@type":"ImageObject","inLanguage":"fr-FR","@id":"https:\/\/www.public.sn\/#\/schema\/person\/image\/","url":"https:\/\/secure.gravatar.com\/avatar\/2dce5ddd34b8fef0180efe03aa2a9bee7d953856048f9a16b298190a3178407c?s=96&d=mm&r=g","contentUrl":"https:\/\/secure.gravatar.com\/avatar\/2dce5ddd34b8fef0180efe03aa2a9bee7d953856048f9a16b298190a3178407c?s=96&d=mm&r=g","caption":"LA REDACTION"},"url":"https:\/\/www.public.sn\/index.php\/author\/editeurpsn\/"}]}},"jetpack_featured_media_url":"https:\/\/www.public.sn\/wp-content\/uploads\/2023\/03\/66026707-47000262.jpg","jetpack_sharing_enabled":true,"_links":{"self":[{"href":"https:\/\/www.public.sn\/index.php\/wp-json\/wp\/v2\/posts\/18663","targetHints":{"allow":["GET"]}}],"collection":[{"href":"https:\/\/www.public.sn\/index.php\/wp-json\/wp\/v2\/posts"}],"about":[{"href":"https:\/\/www.public.sn\/index.php\/wp-json\/wp\/v2\/types\/post"}],"author":[{"embeddable":true,"href":"https:\/\/www.public.sn\/index.php\/wp-json\/wp\/v2\/users\/7"}],"replies":[{"embeddable":true,"href":"https:\/\/www.public.sn\/index.php\/wp-json\/wp\/v2\/comments?post=18663"}],"version-history":[{"count":1,"href":"https:\/\/www.public.sn\/index.php\/wp-json\/wp\/v2\/posts\/18663\/revisions"}],"predecessor-version":[{"id":18665,"href":"https:\/\/www.public.sn\/index.php\/wp-json\/wp\/v2\/posts\/18663\/revisions\/18665"}],"wp:featuredmedia":[{"embeddable":true,"href":"https:\/\/www.public.sn\/index.php\/wp-json\/wp\/v2\/media\/18664"}],"wp:attachment":[{"href":"https:\/\/www.public.sn\/index.php\/wp-json\/wp\/v2\/media?parent=18663"}],"wp:term":[{"taxonomy":"category","embeddable":true,"href":"https:\/\/www.public.sn\/index.php\/wp-json\/wp\/v2\/categories?post=18663"},{"taxonomy":"post_tag","embeddable":true,"href":"https:\/\/www.public.sn\/index.php\/wp-json\/wp\/v2\/tags?post=18663"}],"curies":[{"name":"wp","href":"https:\/\/api.w.org\/{rel}","templated":true}]}}