{"id":1868,"date":"2022-09-12T21:05:55","date_gmt":"2022-09-12T21:05:55","guid":{"rendered":"https:\/\/www.public.sn\/?p=1868"},"modified":"2022-09-12T21:05:56","modified_gmt":"2022-09-12T21:05:56","slug":"installation-14e-legislature-mimi-toure-quitterait-elle-macky-sall-et-son-benno","status":"publish","type":"post","link":"https:\/\/www.public.sn\/index.php\/2022\/09\/12\/installation-14e-legislature-mimi-toure-quitterait-elle-macky-sall-et-son-benno\/","title":{"rendered":"Installation 14e L\u00e9gislature: Mimi Tour\u00e9 quitterait-elle Macky Sall et son Benno ?"},"content":{"rendered":"\n<p>Aminata alias \u00ab\u00a0Mimi\u00a0\u00bb Tour\u00e9 a quitt\u00e9 sans voter ainsi que \u00e0 l\u2019Assembl\u00e9e nationale. L\u2019unit\u00e9 et la s\u00e9r\u00e9nit\u00e9 not\u00e9es et signal\u00e9es au sein de la Coalition Benno Bokk Yaakar viennent de voler en \u00e9clats. L\u2019ancienne Premi\u00e8re ministre, Aminata Tour\u00e9 a marqu\u00e9 son d\u00e9saccord avec le choix du pr\u00e9sident de la R\u00e9publique qui consiste \u00e0 proposer, le d\u00e9put\u00e9-maire de Richard Toll, Amadou Mame DIOP<\/p><div class=\"publi-paragraphe1\" style=\"margin-top: 10px;margin-bottom: 10px;margin-left: auto;margin-right: auto;text-align: center;\" id=\"publi-381199724\"><div class=\"publi-adlabel\">Publicit\u00e9<\/div><script async src=\"\/\/pagead2.googlesyndication.com\/pagead\/js\/adsbygoogle.js?client=ca-pub-4089586018074219\" crossorigin=\"anonymous\"><\/script><ins class=\"adsbygoogle\" style=\"display:block;\" data-ad-client=\"ca-pub-4089586018074219\" \ndata-ad-slot=\"2087940154\" \ndata-ad-format=\"auto\"><\/ins>\n<script> \n(adsbygoogle = window.adsbygoogle || []).push({}); \n<\/script>\n<\/div>\n\n\n\n<p>Mimi Tour\u00e9 vient de balafrer l\u2019unit\u00e9 au sein de la Coalition Benno Bokk Yaakar. Il a fait un petit pour annoncer son d\u00e9saccord et son d\u00e9part pr\u00e9sentement de l\u2019Assembl\u00e9e nationale. Nos confr\u00e8res de RFM qui donnent l\u2019information relatent que l\u2019ancienne t\u00eate de liste de la coalition au pouvoir a d\u00e9nonc\u00e9 le clanisme dans leurs rangs. Elle fustige la pr\u00e9f\u00e9rence de Macky Sall qui a pr\u00e9f\u00e9r\u00e9 servir des membres de sa famille au lieu de penser au parti.&nbsp;<\/p>\n\n\n\n<p>Amadou Mame DIOP serait un ami d\u2019enfance de Mansour Faye, beau-fr\u00e8re du pr\u00e9sident de la R\u00e9publique et qui aurait toujours b\u00e9n\u00e9fici\u00e9 de ce rang.&nbsp;<\/p>\n\n\n\n<p>Aminata Tour\u00e9 a, \u00e0 cet effet, boud\u00e9 les travaux qui jusque-l\u00e0 sont bloqu\u00e9s et a d\u00e9nonc\u00e9 le choix de Amadou Mame DIOP, par ailleurs ancien Directeur G\u00e9n\u00e9ral de la SAPCO.<\/p>\n<div class=\"publi-apres-le-contenu\" style=\"margin-top: 10px;margin-bottom: 10px;margin-left: auto;margin-right: auto;text-align: center;\" id=\"publi-2744906945\"><div class=\"publi-adlabel\">Publicit\u00e9<\/div><script async src=\"\/\/pagead2.googlesyndication.com\/pagead\/js\/adsbygoogle.js?client=ca-pub-4089586018074219\" crossorigin=\"anonymous\"><\/script><ins class=\"adsbygoogle\" style=\"display:block;\" data-ad-client=\"ca-pub-4089586018074219\" \ndata-ad-slot=\"2087940154\" \ndata-ad-format=\"auto\"><\/ins>\n<script> \n(adsbygoogle = window.adsbygoogle || []).push({}); \n<\/script>\n<\/div>","protected":false},"excerpt":{"rendered":"<p>Aminata alias \u00ab\u00a0Mimi\u00a0\u00bb Tour\u00e9 a quitt\u00e9 sans voter ainsi que \u00e0 l\u2019Assembl\u00e9e nationale. L\u2019unit\u00e9 et la s\u00e9r\u00e9nit\u00e9 not\u00e9es et signal\u00e9es au sein de la Coalition Benno Bokk Yaakar viennent de voler en \u00e9clats. L\u2019ancienne Premi\u00e8re ministre, Aminata Tour\u00e9 a marqu\u00e9 son d\u00e9saccord avec le choix du pr\u00e9sident de la R\u00e9publique qui consiste \u00e0 proposer, le d\u00e9put\u00e9-maire de Richard Toll, Amadou Mame DIOP Mimi Tour\u00e9 vient de balafrer l\u2019unit\u00e9 au sein de la Coalition Benno Bokk Yaakar. Il a fait un petit pour annoncer son d\u00e9saccord et son d\u00e9part pr\u00e9sentement de l\u2019Assembl\u00e9e nationale. Nos confr\u00e8res de RFM qui donnent l\u2019information relatent que l\u2019ancienne t\u00eate de liste de la coalition au pouvoir a d\u00e9nonc\u00e9 le clanisme dans leurs rangs. Elle fustige la pr\u00e9f\u00e9rence de Macky Sall qui a pr\u00e9f\u00e9r\u00e9 servir des membres de sa famille au lieu de penser au parti.&nbsp; Amadou Mame DIOP serait un ami d\u2019enfance de Mansour Faye, beau-fr\u00e8re du pr\u00e9sident de la R\u00e9publique et qui aurait toujours b\u00e9n\u00e9fici\u00e9 de ce rang.&nbsp; Aminata Tour\u00e9 a, \u00e0 cet effet, boud\u00e9 les travaux qui jusque-l\u00e0 sont bloqu\u00e9s et a d\u00e9nonc\u00e9 le choix de Amadou Mame DIOP, par ailleurs ancien Directeur G\u00e9n\u00e9ral de la SAPCO.<\/p>\n","protected":false},"author":1,"featured_media":1869,"comment_status":"open","ping_status":"open","sticky":false,"template":"","format":"standard","meta":{"_jetpack_memberships_contains_paid_content":false,"footnotes":""},"categories":[375,3,8],"tags":[12,720,724,725],"class_list":["post-1868","post","type-post","status-publish","format-standard","has-post-thumbnail","hentry","category-actualites","category-politique","category-public-tv","tag-assemblee-nationale","tag-bureau","tag-mimi-toure","tag-vote","entry","has-media","owp-thumbs-layout-horizontal","owp-btn-normal","owp-tabs-layout-horizontal","has-no-thumbnails","has-product-nav"],"yoast_head":"<!-- This site is optimized with the Yoast SEO plugin v25.5 - https:\/\/yoast.com\/wordpress\/plugins\/seo\/ -->\n<title>Installation 14e L\u00e9gislature: Mimi Tour\u00e9 quitterait-elle Macky Sall et son Benno ? - LE PUBLIC<\/title>\n<meta name=\"robots\" content=\"index, follow, max-snippet:-1, max-image-preview:large, max-video-preview:-1\" \/>\n<link rel=\"canonical\" href=\"https:\/\/www.public.sn\/index.php\/2022\/09\/12\/installation-14e-legislature-mimi-toure-quitterait-elle-macky-sall-et-son-benno\/\" \/>\n<meta property=\"og:locale\" content=\"fr_FR\" \/>\n<meta property=\"og:type\" content=\"article\" \/>\n<meta property=\"og:title\" content=\"Installation 14e L\u00e9gislature: Mimi Tour\u00e9 quitterait-elle Macky Sall et son Benno ? - LE PUBLIC\" \/>\n<meta property=\"og:description\" content=\"Aminata alias \u00ab\u00a0Mimi\u00a0\u00bb Tour\u00e9 a quitt\u00e9 sans voter ainsi que \u00e0 l\u2019Assembl\u00e9e nationale. L\u2019unit\u00e9 et la s\u00e9r\u00e9nit\u00e9 not\u00e9es et signal\u00e9es au sein de la Coalition Benno Bokk Yaakar viennent de voler en \u00e9clats. L\u2019ancienne Premi\u00e8re ministre, Aminata Tour\u00e9 a marqu\u00e9 son d\u00e9saccord avec le choix du pr\u00e9sident de la R\u00e9publique qui consiste \u00e0 proposer, le d\u00e9put\u00e9-maire de Richard Toll, Amadou Mame DIOP Mimi Tour\u00e9 vient de balafrer l\u2019unit\u00e9 au sein de la Coalition Benno Bokk Yaakar. Il a fait un petit pour annoncer son d\u00e9saccord et son d\u00e9part pr\u00e9sentement de l\u2019Assembl\u00e9e nationale. Nos confr\u00e8res de RFM qui donnent l\u2019information relatent que l\u2019ancienne t\u00eate de liste de la coalition au pouvoir a d\u00e9nonc\u00e9 le clanisme dans leurs rangs. Elle fustige la pr\u00e9f\u00e9rence de Macky Sall qui a pr\u00e9f\u00e9r\u00e9 servir des membres de sa famille au lieu de penser au parti.&nbsp; Amadou Mame DIOP serait un ami d\u2019enfance de Mansour Faye, beau-fr\u00e8re du pr\u00e9sident de la R\u00e9publique et qui aurait toujours b\u00e9n\u00e9fici\u00e9 de ce rang.&nbsp; Aminata Tour\u00e9 a, \u00e0 cet effet, boud\u00e9 les travaux qui jusque-l\u00e0 sont bloqu\u00e9s et a d\u00e9nonc\u00e9 le choix de Amadou Mame DIOP, par ailleurs ancien Directeur G\u00e9n\u00e9ral de la SAPCO.\" \/>\n<meta property=\"og:url\" content=\"https:\/\/www.public.sn\/index.php\/2022\/09\/12\/installation-14e-legislature-mimi-toure-quitterait-elle-macky-sall-et-son-benno\/\" \/>\n<meta property=\"og:site_name\" content=\"LE PUBLIC\" \/>\n<meta property=\"article:published_time\" content=\"2022-09-12T21:05:55+00:00\" \/>\n<meta property=\"article:modified_time\" content=\"2022-09-12T21:05:56+00:00\" \/>\n<meta property=\"og:image\" content=\"https:\/\/www.public.sn\/wp-content\/uploads\/2022\/09\/59B53F8C-6727-41B7-ABCD-981C7ACFF35A.jpeg\" \/>\n\t<meta property=\"og:image:width\" content=\"1284\" \/>\n\t<meta property=\"og:image:height\" content=\"961\" \/>\n\t<meta property=\"og:image:type\" content=\"image\/jpeg\" \/>\n<meta name=\"author\" content=\"LA REDACTION\" \/>\n<meta name=\"twitter:card\" content=\"summary_large_image\" \/>\n<meta name=\"twitter:label1\" content=\"\u00c9crit par\" \/>\n\t<meta name=\"twitter:data1\" content=\"LA REDACTION\" \/>\n\t<meta name=\"twitter:label2\" content=\"Dur\u00e9e de lecture estim\u00e9e\" \/>\n\t<meta name=\"twitter:data2\" content=\"1 minute\" \/>\n<script type=\"application\/ld+json\" class=\"yoast-schema-graph\">{\"@context\":\"https:\/\/schema.org\",\"@graph\":[{\"@type\":\"Article\",\"@id\":\"https:\/\/www.public.sn\/index.php\/2022\/09\/12\/installation-14e-legislature-mimi-toure-quitterait-elle-macky-sall-et-son-benno\/#article\",\"isPartOf\":{\"@id\":\"https:\/\/www.public.sn\/index.php\/2022\/09\/12\/installation-14e-legislature-mimi-toure-quitterait-elle-macky-sall-et-son-benno\/\"},\"author\":{\"name\":\"LA REDACTION\",\"@id\":\"https:\/\/www.public.sn\/#\/schema\/person\/e3f4a11b037d4203902db148f9bc8d5a\"},\"headline\":\"Installation 14e L\u00e9gislature: Mimi Tour\u00e9 quitterait-elle Macky Sall et son Benno ?\",\"datePublished\":\"2022-09-12T21:05:55+00:00\",\"dateModified\":\"2022-09-12T21:05:56+00:00\",\"mainEntityOfPage\":{\"@id\":\"https:\/\/www.public.sn\/index.php\/2022\/09\/12\/installation-14e-legislature-mimi-toure-quitterait-elle-macky-sall-et-son-benno\/\"},\"wordCount\":243,\"commentCount\":0,\"publisher\":{\"@id\":\"https:\/\/www.public.sn\/#organization\"},\"image\":{\"@id\":\"https:\/\/www.public.sn\/index.php\/2022\/09\/12\/installation-14e-legislature-mimi-toure-quitterait-elle-macky-sall-et-son-benno\/#primaryimage\"},\"thumbnailUrl\":\"https:\/\/www.public.sn\/wp-content\/uploads\/2022\/09\/59B53F8C-6727-41B7-ABCD-981C7ACFF35A.jpeg\",\"keywords\":[\"Assembl\u00e9e Nationale\",\"Bureau\",\"Mimi Tour\u00e9\",\"Vote\"],\"articleSection\":[\"ACTUALIT\u00c9S\",\"POLITIQUE\",\"PUBLIC TV\"],\"inLanguage\":\"fr-FR\",\"potentialAction\":[{\"@type\":\"CommentAction\",\"name\":\"Comment\",\"target\":[\"https:\/\/www.public.sn\/index.php\/2022\/09\/12\/installation-14e-legislature-mimi-toure-quitterait-elle-macky-sall-et-son-benno\/#respond\"]}]},{\"@type\":\"WebPage\",\"@id\":\"https:\/\/www.public.sn\/index.php\/2022\/09\/12\/installation-14e-legislature-mimi-toure-quitterait-elle-macky-sall-et-son-benno\/\",\"url\":\"https:\/\/www.public.sn\/index.php\/2022\/09\/12\/installation-14e-legislature-mimi-toure-quitterait-elle-macky-sall-et-son-benno\/\",\"name\":\"Installation 14e L\u00e9gislature: Mimi Tour\u00e9 quitterait-elle Macky Sall et son Benno ? - LE PUBLIC\",\"isPartOf\":{\"@id\":\"https:\/\/www.public.sn\/#website\"},\"primaryImageOfPage\":{\"@id\":\"https:\/\/www.public.sn\/index.php\/2022\/09\/12\/installation-14e-legislature-mimi-toure-quitterait-elle-macky-sall-et-son-benno\/#primaryimage\"},\"image\":{\"@id\":\"https:\/\/www.public.sn\/index.php\/2022\/09\/12\/installation-14e-legislature-mimi-toure-quitterait-elle-macky-sall-et-son-benno\/#primaryimage\"},\"thumbnailUrl\":\"https:\/\/www.public.sn\/wp-content\/uploads\/2022\/09\/59B53F8C-6727-41B7-ABCD-981C7ACFF35A.jpeg\",\"datePublished\":\"2022-09-12T21:05:55+00:00\",\"dateModified\":\"2022-09-12T21:05:56+00:00\",\"breadcrumb\":{\"@id\":\"https:\/\/www.public.sn\/index.php\/2022\/09\/12\/installation-14e-legislature-mimi-toure-quitterait-elle-macky-sall-et-son-benno\/#breadcrumb\"},\"inLanguage\":\"fr-FR\",\"potentialAction\":[{\"@type\":\"ReadAction\",\"target\":[\"https:\/\/www.public.sn\/index.php\/2022\/09\/12\/installation-14e-legislature-mimi-toure-quitterait-elle-macky-sall-et-son-benno\/\"]}]},{\"@type\":\"ImageObject\",\"inLanguage\":\"fr-FR\",\"@id\":\"https:\/\/www.public.sn\/index.php\/2022\/09\/12\/installation-14e-legislature-mimi-toure-quitterait-elle-macky-sall-et-son-benno\/#primaryimage\",\"url\":\"https:\/\/www.public.sn\/wp-content\/uploads\/2022\/09\/59B53F8C-6727-41B7-ABCD-981C7ACFF35A.jpeg\",\"contentUrl\":\"https:\/\/www.public.sn\/wp-content\/uploads\/2022\/09\/59B53F8C-6727-41B7-ABCD-981C7ACFF35A.jpeg\",\"width\":1284,\"height\":961},{\"@type\":\"BreadcrumbList\",\"@id\":\"https:\/\/www.public.sn\/index.php\/2022\/09\/12\/installation-14e-legislature-mimi-toure-quitterait-elle-macky-sall-et-son-benno\/#breadcrumb\",\"itemListElement\":[{\"@type\":\"ListItem\",\"position\":1,\"name\":\"Accueil\",\"item\":\"https:\/\/www.public.sn\/\"},{\"@type\":\"ListItem\",\"position\":2,\"name\":\"Installation 14e L\u00e9gislature: Mimi Tour\u00e9 quitterait-elle Macky Sall et son Benno ?\"}]},{\"@type\":\"WebSite\",\"@id\":\"https:\/\/www.public.sn\/#website\",\"url\":\"https:\/\/www.public.sn\/\",\"name\":\"LE PUBLIC\",\"description\":\"\",\"publisher\":{\"@id\":\"https:\/\/www.public.sn\/#organization\"},\"potentialAction\":[{\"@type\":\"SearchAction\",\"target\":{\"@type\":\"EntryPoint\",\"urlTemplate\":\"https:\/\/www.public.sn\/?s={search_term_string}\"},\"query-input\":{\"@type\":\"PropertyValueSpecification\",\"valueRequired\":true,\"valueName\":\"search_term_string\"}}],\"inLanguage\":\"fr-FR\"},{\"@type\":\"Organization\",\"@id\":\"https:\/\/www.public.sn\/#organization\",\"name\":\"LE PUBLIC\",\"url\":\"https:\/\/www.public.sn\/\",\"logo\":{\"@type\":\"ImageObject\",\"inLanguage\":\"fr-FR\",\"@id\":\"https:\/\/www.public.sn\/#\/schema\/logo\/image\/\",\"url\":\"https:\/\/www.public.sn\/wp-content\/uploads\/2024\/05\/cropped-LOGO-PUBLIC.SN_.png\",\"contentUrl\":\"https:\/\/www.public.sn\/wp-content\/uploads\/2024\/05\/cropped-LOGO-PUBLIC.SN_.png\",\"width\":682,\"height\":192,\"caption\":\"LE PUBLIC\"},\"image\":{\"@id\":\"https:\/\/www.public.sn\/#\/schema\/logo\/image\/\"}},{\"@type\":\"Person\",\"@id\":\"https:\/\/www.public.sn\/#\/schema\/person\/e3f4a11b037d4203902db148f9bc8d5a\",\"name\":\"LA REDACTION\",\"image\":{\"@type\":\"ImageObject\",\"inLanguage\":\"fr-FR\",\"@id\":\"https:\/\/www.public.sn\/#\/schema\/person\/image\/\",\"url\":\"https:\/\/secure.gravatar.com\/avatar\/d6c030db45db2883c075085c5d6c6258654a801a93766b49af0b82d4f454e2a5?s=96&d=mm&r=g\",\"contentUrl\":\"https:\/\/secure.gravatar.com\/avatar\/d6c030db45db2883c075085c5d6c6258654a801a93766b49af0b82d4f454e2a5?s=96&d=mm&r=g\",\"caption\":\"LA REDACTION\"},\"sameAs\":[\"http:\/\/www.public.sn\"],\"url\":\"https:\/\/www.public.sn\/index.php\/author\/admin7324\/\"}]}<\/script>\n<!-- \/ Yoast SEO plugin. -->","yoast_head_json":{"title":"Installation 14e L\u00e9gislature: Mimi Tour\u00e9 quitterait-elle Macky Sall et son Benno ? - LE PUBLIC","robots":{"index":"index","follow":"follow","max-snippet":"max-snippet:-1","max-image-preview":"max-image-preview:large","max-video-preview":"max-video-preview:-1"},"canonical":"https:\/\/www.public.sn\/index.php\/2022\/09\/12\/installation-14e-legislature-mimi-toure-quitterait-elle-macky-sall-et-son-benno\/","og_locale":"fr_FR","og_type":"article","og_title":"Installation 14e L\u00e9gislature: Mimi Tour\u00e9 quitterait-elle Macky Sall et son Benno ? - LE PUBLIC","og_description":"Aminata alias \u00ab\u00a0Mimi\u00a0\u00bb Tour\u00e9 a quitt\u00e9 sans voter ainsi que \u00e0 l\u2019Assembl\u00e9e nationale. L\u2019unit\u00e9 et la s\u00e9r\u00e9nit\u00e9 not\u00e9es et signal\u00e9es au sein de la Coalition Benno Bokk Yaakar viennent de voler en \u00e9clats. L\u2019ancienne Premi\u00e8re ministre, Aminata Tour\u00e9 a marqu\u00e9 son d\u00e9saccord avec le choix du pr\u00e9sident de la R\u00e9publique qui consiste \u00e0 proposer, le d\u00e9put\u00e9-maire de Richard Toll, Amadou Mame DIOP Mimi Tour\u00e9 vient de balafrer l\u2019unit\u00e9 au sein de la Coalition Benno Bokk Yaakar. Il a fait un petit pour annoncer son d\u00e9saccord et son d\u00e9part pr\u00e9sentement de l\u2019Assembl\u00e9e nationale. Nos confr\u00e8res de RFM qui donnent l\u2019information relatent que l\u2019ancienne t\u00eate de liste de la coalition au pouvoir a d\u00e9nonc\u00e9 le clanisme dans leurs rangs. Elle fustige la pr\u00e9f\u00e9rence de Macky Sall qui a pr\u00e9f\u00e9r\u00e9 servir des membres de sa famille au lieu de penser au parti.&nbsp; Amadou Mame DIOP serait un ami d\u2019enfance de Mansour Faye, beau-fr\u00e8re du pr\u00e9sident de la R\u00e9publique et qui aurait toujours b\u00e9n\u00e9fici\u00e9 de ce rang.&nbsp; Aminata Tour\u00e9 a, \u00e0 cet effet, boud\u00e9 les travaux qui jusque-l\u00e0 sont bloqu\u00e9s et a d\u00e9nonc\u00e9 le choix de Amadou Mame DIOP, par ailleurs ancien Directeur G\u00e9n\u00e9ral de la SAPCO.","og_url":"https:\/\/www.public.sn\/index.php\/2022\/09\/12\/installation-14e-legislature-mimi-toure-quitterait-elle-macky-sall-et-son-benno\/","og_site_name":"LE PUBLIC","article_published_time":"2022-09-12T21:05:55+00:00","article_modified_time":"2022-09-12T21:05:56+00:00","og_image":[{"width":1284,"height":961,"url":"https:\/\/www.public.sn\/wp-content\/uploads\/2022\/09\/59B53F8C-6727-41B7-ABCD-981C7ACFF35A.jpeg","type":"image\/jpeg"}],"author":"LA REDACTION","twitter_card":"summary_large_image","twitter_misc":{"\u00c9crit par":"LA REDACTION","Dur\u00e9e de lecture estim\u00e9e":"1 minute"},"schema":{"@context":"https:\/\/schema.org","@graph":[{"@type":"Article","@id":"https:\/\/www.public.sn\/index.php\/2022\/09\/12\/installation-14e-legislature-mimi-toure-quitterait-elle-macky-sall-et-son-benno\/#article","isPartOf":{"@id":"https:\/\/www.public.sn\/index.php\/2022\/09\/12\/installation-14e-legislature-mimi-toure-quitterait-elle-macky-sall-et-son-benno\/"},"author":{"name":"LA REDACTION","@id":"https:\/\/www.public.sn\/#\/schema\/person\/e3f4a11b037d4203902db148f9bc8d5a"},"headline":"Installation 14e L\u00e9gislature: Mimi Tour\u00e9 quitterait-elle Macky Sall et son Benno ?","datePublished":"2022-09-12T21:05:55+00:00","dateModified":"2022-09-12T21:05:56+00:00","mainEntityOfPage":{"@id":"https:\/\/www.public.sn\/index.php\/2022\/09\/12\/installation-14e-legislature-mimi-toure-quitterait-elle-macky-sall-et-son-benno\/"},"wordCount":243,"commentCount":0,"publisher":{"@id":"https:\/\/www.public.sn\/#organization"},"image":{"@id":"https:\/\/www.public.sn\/index.php\/2022\/09\/12\/installation-14e-legislature-mimi-toure-quitterait-elle-macky-sall-et-son-benno\/#primaryimage"},"thumbnailUrl":"https:\/\/www.public.sn\/wp-content\/uploads\/2022\/09\/59B53F8C-6727-41B7-ABCD-981C7ACFF35A.jpeg","keywords":["Assembl\u00e9e Nationale","Bureau","Mimi Tour\u00e9","Vote"],"articleSection":["ACTUALIT\u00c9S","POLITIQUE","PUBLIC TV"],"inLanguage":"fr-FR","potentialAction":[{"@type":"CommentAction","name":"Comment","target":["https:\/\/www.public.sn\/index.php\/2022\/09\/12\/installation-14e-legislature-mimi-toure-quitterait-elle-macky-sall-et-son-benno\/#respond"]}]},{"@type":"WebPage","@id":"https:\/\/www.public.sn\/index.php\/2022\/09\/12\/installation-14e-legislature-mimi-toure-quitterait-elle-macky-sall-et-son-benno\/","url":"https:\/\/www.public.sn\/index.php\/2022\/09\/12\/installation-14e-legislature-mimi-toure-quitterait-elle-macky-sall-et-son-benno\/","name":"Installation 14e L\u00e9gislature: Mimi Tour\u00e9 quitterait-elle Macky Sall et son Benno ? - LE PUBLIC","isPartOf":{"@id":"https:\/\/www.public.sn\/#website"},"primaryImageOfPage":{"@id":"https:\/\/www.public.sn\/index.php\/2022\/09\/12\/installation-14e-legislature-mimi-toure-quitterait-elle-macky-sall-et-son-benno\/#primaryimage"},"image":{"@id":"https:\/\/www.public.sn\/index.php\/2022\/09\/12\/installation-14e-legislature-mimi-toure-quitterait-elle-macky-sall-et-son-benno\/#primaryimage"},"thumbnailUrl":"https:\/\/www.public.sn\/wp-content\/uploads\/2022\/09\/59B53F8C-6727-41B7-ABCD-981C7ACFF35A.jpeg","datePublished":"2022-09-12T21:05:55+00:00","dateModified":"2022-09-12T21:05:56+00:00","breadcrumb":{"@id":"https:\/\/www.public.sn\/index.php\/2022\/09\/12\/installation-14e-legislature-mimi-toure-quitterait-elle-macky-sall-et-son-benno\/#breadcrumb"},"inLanguage":"fr-FR","potentialAction":[{"@type":"ReadAction","target":["https:\/\/www.public.sn\/index.php\/2022\/09\/12\/installation-14e-legislature-mimi-toure-quitterait-elle-macky-sall-et-son-benno\/"]}]},{"@type":"ImageObject","inLanguage":"fr-FR","@id":"https:\/\/www.public.sn\/index.php\/2022\/09\/12\/installation-14e-legislature-mimi-toure-quitterait-elle-macky-sall-et-son-benno\/#primaryimage","url":"https:\/\/www.public.sn\/wp-content\/uploads\/2022\/09\/59B53F8C-6727-41B7-ABCD-981C7ACFF35A.jpeg","contentUrl":"https:\/\/www.public.sn\/wp-content\/uploads\/2022\/09\/59B53F8C-6727-41B7-ABCD-981C7ACFF35A.jpeg","width":1284,"height":961},{"@type":"BreadcrumbList","@id":"https:\/\/www.public.sn\/index.php\/2022\/09\/12\/installation-14e-legislature-mimi-toure-quitterait-elle-macky-sall-et-son-benno\/#breadcrumb","itemListElement":[{"@type":"ListItem","position":1,"name":"Accueil","item":"https:\/\/www.public.sn\/"},{"@type":"ListItem","position":2,"name":"Installation 14e L\u00e9gislature: Mimi Tour\u00e9 quitterait-elle Macky Sall et son Benno ?"}]},{"@type":"WebSite","@id":"https:\/\/www.public.sn\/#website","url":"https:\/\/www.public.sn\/","name":"LE PUBLIC","description":"","publisher":{"@id":"https:\/\/www.public.sn\/#organization"},"potentialAction":[{"@type":"SearchAction","target":{"@type":"EntryPoint","urlTemplate":"https:\/\/www.public.sn\/?s={search_term_string}"},"query-input":{"@type":"PropertyValueSpecification","valueRequired":true,"valueName":"search_term_string"}}],"inLanguage":"fr-FR"},{"@type":"Organization","@id":"https:\/\/www.public.sn\/#organization","name":"LE PUBLIC","url":"https:\/\/www.public.sn\/","logo":{"@type":"ImageObject","inLanguage":"fr-FR","@id":"https:\/\/www.public.sn\/#\/schema\/logo\/image\/","url":"https:\/\/www.public.sn\/wp-content\/uploads\/2024\/05\/cropped-LOGO-PUBLIC.SN_.png","contentUrl":"https:\/\/www.public.sn\/wp-content\/uploads\/2024\/05\/cropped-LOGO-PUBLIC.SN_.png","width":682,"height":192,"caption":"LE PUBLIC"},"image":{"@id":"https:\/\/www.public.sn\/#\/schema\/logo\/image\/"}},{"@type":"Person","@id":"https:\/\/www.public.sn\/#\/schema\/person\/e3f4a11b037d4203902db148f9bc8d5a","name":"LA REDACTION","image":{"@type":"ImageObject","inLanguage":"fr-FR","@id":"https:\/\/www.public.sn\/#\/schema\/person\/image\/","url":"https:\/\/secure.gravatar.com\/avatar\/d6c030db45db2883c075085c5d6c6258654a801a93766b49af0b82d4f454e2a5?s=96&d=mm&r=g","contentUrl":"https:\/\/secure.gravatar.com\/avatar\/d6c030db45db2883c075085c5d6c6258654a801a93766b49af0b82d4f454e2a5?s=96&d=mm&r=g","caption":"LA REDACTION"},"sameAs":["http:\/\/www.public.sn"],"url":"https:\/\/www.public.sn\/index.php\/author\/admin7324\/"}]}},"jetpack_featured_media_url":"https:\/\/www.public.sn\/wp-content\/uploads\/2022\/09\/59B53F8C-6727-41B7-ABCD-981C7ACFF35A.jpeg","jetpack_sharing_enabled":true,"_links":{"self":[{"href":"https:\/\/www.public.sn\/index.php\/wp-json\/wp\/v2\/posts\/1868","targetHints":{"allow":["GET"]}}],"collection":[{"href":"https:\/\/www.public.sn\/index.php\/wp-json\/wp\/v2\/posts"}],"about":[{"href":"https:\/\/www.public.sn\/index.php\/wp-json\/wp\/v2\/types\/post"}],"author":[{"embeddable":true,"href":"https:\/\/www.public.sn\/index.php\/wp-json\/wp\/v2\/users\/1"}],"replies":[{"embeddable":true,"href":"https:\/\/www.public.sn\/index.php\/wp-json\/wp\/v2\/comments?post=1868"}],"version-history":[{"count":1,"href":"https:\/\/www.public.sn\/index.php\/wp-json\/wp\/v2\/posts\/1868\/revisions"}],"predecessor-version":[{"id":1870,"href":"https:\/\/www.public.sn\/index.php\/wp-json\/wp\/v2\/posts\/1868\/revisions\/1870"}],"wp:featuredmedia":[{"embeddable":true,"href":"https:\/\/www.public.sn\/index.php\/wp-json\/wp\/v2\/media\/1869"}],"wp:attachment":[{"href":"https:\/\/www.public.sn\/index.php\/wp-json\/wp\/v2\/media?parent=1868"}],"wp:term":[{"taxonomy":"category","embeddable":true,"href":"https:\/\/www.public.sn\/index.php\/wp-json\/wp\/v2\/categories?post=1868"},{"taxonomy":"post_tag","embeddable":true,"href":"https:\/\/www.public.sn\/index.php\/wp-json\/wp\/v2\/tags?post=1868"}],"curies":[{"name":"wp","href":"https:\/\/api.w.org\/{rel}","templated":true}]}}