{"id":1871,"date":"2022-09-12T22:02:24","date_gmt":"2022-09-12T22:02:24","guid":{"rendered":"https:\/\/www.public.sn\/?p=1871"},"modified":"2022-09-12T23:36:31","modified_gmt":"2022-09-12T23:36:31","slug":"tribunal-abdou-karim-gueye-et-guy-marius-sagna-places-sous-mandat-de-depot","status":"publish","type":"post","link":"https:\/\/www.public.sn\/index.php\/2022\/09\/12\/tribunal-abdou-karim-gueye-et-guy-marius-sagna-places-sous-mandat-de-depot\/","title":{"rendered":"Tribunal: Abdou Karim Gu\u00e9ye et Pr Cheikh Oumar Diagne plac\u00e9s sous mandat de d\u00e9p\u00f4t."},"content":{"rendered":"\n<p>Ce lundi 12 septembre 2022, alors que tous les regards sont orient\u00e9s vers l\u2019Assembl\u00e9e nationale avec l\u2019installation de la 14e l\u00e9gislature, le professeur Cheikh Oumar Diagne et l\u2019activiste Abdou Karim Gu\u00e8ye dit Karim Xrum Xakh ont \u00e9t\u00e9 plac\u00e9s&nbsp;&nbsp;sous mandat de d\u00e9p\u00f4t.&nbsp;<\/p><div class=\"publi-paragraphe1\" style=\"margin-top: 10px;margin-bottom: 10px;margin-left: auto;margin-right: auto;text-align: center;\" id=\"publi-615028425\"><div class=\"publi-adlabel\">Publicit\u00e9<\/div><script async src=\"\/\/pagead2.googlesyndication.com\/pagead\/js\/adsbygoogle.js?client=ca-pub-4089586018074219\" crossorigin=\"anonymous\"><\/script><ins class=\"adsbygoogle\" style=\"display:block;\" data-ad-client=\"ca-pub-4089586018074219\" \ndata-ad-slot=\"2087940154\" \ndata-ad-format=\"auto\"><\/ins>\n<script> \n(adsbygoogle = window.adsbygoogle || []).push({}); \n<\/script>\n<\/div>\n\n\n\n<p>\u00c0 croire les informations de \u00ab&nbsp;Lib\u00e9ration&nbsp;\u00bb, ils ont fait face aujourd\u2019hui au juge du deuxi\u00e8me cabinet, Mamadou Seck qui a suppl\u00e9\u00e9 le doyen des juges parti en cong\u00e9. Le journal renseigne que le juge d\u2019instruction a suivi \u00e0 la lettre r\u00e9quisitoire du parquet.&nbsp;<\/p>\n\n\n\n<p>L\u2019activiste Karim Xrum Xakh a \u00e9t\u00e9 arr\u00eat\u00e9 apr\u00e8s avoir fait des sortis dans plus plusieurs vid\u00e9os diffus\u00e9es sur internet en accusant, l\u2019Etat du S\u00e9n\u00e9gal et le corps m\u00e9dical d\u2019avoir \u00abtu\u00e9 l\u2019imam Alioune Badara Ndao\u00bb, d\u00e9c\u00e9d\u00e9 suite \u00e0 une courte maladie. De son c\u00f4t\u00e9 Cheikh Oumar Diagne a \u00e9t\u00e9 interpell\u00e9 apr\u00e8s avoir tenu des \u00ab&nbsp;propos&nbsp;faux&nbsp;\u00bb, apr\u00e8s le d\u00e9c\u00e8s d\u2019imam Ndao en r\u00e9clamant une autopsie.&nbsp;<\/p>\n\n\n\n<figure class=\"wp-block-embed is-type-rich is-provider-prise-en-charge-des-contenus-embarques wp-block-embed-prise-en-charge-des-contenus-embarques wp-embed-aspect-16-9 wp-has-aspect-ratio\"><div class=\"wp-block-embed__wrapper\">\n<p class=\"responsive-video-wrap clr\"><iframe title=\"Assembl\u00e9e nationale: Guy Marius Sagna vote et s\u2019enfuit avec l\u2019urne.\" width=\"1200\" height=\"675\" src=\"https:\/\/www.youtube.com\/embed\/GpNDSZC73k4?feature=oembed\" frameborder=\"0\" allow=\"accelerometer; autoplay; clipboard-write; encrypted-media; gyroscope; picture-in-picture\" allowfullscreen><\/iframe><\/p>\n<\/div><\/figure>\n<div class=\"publi-apres-le-contenu\" style=\"margin-top: 10px;margin-bottom: 10px;margin-left: auto;margin-right: auto;text-align: center;\" id=\"publi-2249861663\"><div class=\"publi-adlabel\">Publicit\u00e9<\/div><script async src=\"\/\/pagead2.googlesyndication.com\/pagead\/js\/adsbygoogle.js?client=ca-pub-4089586018074219\" crossorigin=\"anonymous\"><\/script><ins class=\"adsbygoogle\" style=\"display:block;\" data-ad-client=\"ca-pub-4089586018074219\" \ndata-ad-slot=\"2087940154\" \ndata-ad-format=\"auto\"><\/ins>\n<script> \n(adsbygoogle = window.adsbygoogle || []).push({}); \n<\/script>\n<\/div>","protected":false},"excerpt":{"rendered":"<p>Ce lundi 12 septembre 2022, alors que tous les regards sont orient\u00e9s vers l\u2019Assembl\u00e9e nationale avec l\u2019installation de la 14e l\u00e9gislature, le professeur Cheikh Oumar Diagne et l\u2019activiste Abdou Karim Gu\u00e8ye dit Karim Xrum Xakh ont \u00e9t\u00e9 plac\u00e9s&nbsp;&nbsp;sous mandat de d\u00e9p\u00f4t.&nbsp; \u00c0 croire les informations de \u00ab&nbsp;Lib\u00e9ration&nbsp;\u00bb, ils ont fait face aujourd\u2019hui au juge du deuxi\u00e8me cabinet, Mamadou Seck qui a suppl\u00e9\u00e9 le doyen des juges parti en cong\u00e9. Le journal renseigne que le juge d\u2019instruction a suivi \u00e0 la lettre r\u00e9quisitoire du parquet.&nbsp; L\u2019activiste Karim Xrum Xakh a \u00e9t\u00e9 arr\u00eat\u00e9 apr\u00e8s avoir fait des sortis dans plus plusieurs vid\u00e9os diffus\u00e9es sur internet en accusant, l\u2019Etat du S\u00e9n\u00e9gal et le corps m\u00e9dical d\u2019avoir \u00abtu\u00e9 l\u2019imam Alioune Badara Ndao\u00bb, d\u00e9c\u00e9d\u00e9 suite \u00e0 une courte maladie. De son c\u00f4t\u00e9 Cheikh Oumar Diagne a \u00e9t\u00e9 interpell\u00e9 apr\u00e8s avoir tenu des \u00ab&nbsp;propos&nbsp;faux&nbsp;\u00bb, apr\u00e8s le d\u00e9c\u00e8s d\u2019imam Ndao en r\u00e9clamant une autopsie.&nbsp;<\/p>\n","protected":false},"author":1,"featured_media":1872,"comment_status":"open","ping_status":"open","sticky":false,"template":"","format":"standard","meta":{"_jetpack_memberships_contains_paid_content":false,"footnotes":""},"categories":[375,376],"tags":[727,728,24,726,131],"class_list":["post-1871","post","type-post","status-publish","format-standard","has-post-thumbnail","hentry","category-actualites","category-securite-justice","tag-abdou-karim-gueye","tag-cheik-oumar-diagne","tag-justice","tag-mandat-de-depot-2","tag-tribunal","entry","has-media","owp-thumbs-layout-horizontal","owp-btn-normal","owp-tabs-layout-horizontal","has-no-thumbnails","has-product-nav"],"yoast_head":"<!-- This site is optimized with the Yoast SEO plugin v25.5 - https:\/\/yoast.com\/wordpress\/plugins\/seo\/ -->\n<title>Tribunal: Abdou Karim Gu\u00e9ye et Pr Cheikh Oumar Diagne plac\u00e9s sous mandat de d\u00e9p\u00f4t. - LE PUBLIC<\/title>\n<meta name=\"robots\" content=\"index, follow, max-snippet:-1, max-image-preview:large, max-video-preview:-1\" \/>\n<link rel=\"canonical\" href=\"https:\/\/www.public.sn\/index.php\/2022\/09\/12\/tribunal-abdou-karim-gueye-et-guy-marius-sagna-places-sous-mandat-de-depot\/\" \/>\n<meta property=\"og:locale\" content=\"fr_FR\" \/>\n<meta property=\"og:type\" content=\"article\" \/>\n<meta property=\"og:title\" content=\"Tribunal: Abdou Karim Gu\u00e9ye et Pr Cheikh Oumar Diagne plac\u00e9s sous mandat de d\u00e9p\u00f4t. - LE PUBLIC\" \/>\n<meta property=\"og:description\" content=\"Ce lundi 12 septembre 2022, alors que tous les regards sont orient\u00e9s vers l\u2019Assembl\u00e9e nationale avec l\u2019installation de la 14e l\u00e9gislature, le professeur Cheikh Oumar Diagne et l\u2019activiste Abdou Karim Gu\u00e8ye dit Karim Xrum Xakh ont \u00e9t\u00e9 plac\u00e9s&nbsp;&nbsp;sous mandat de d\u00e9p\u00f4t.&nbsp; \u00c0 croire les informations de \u00ab&nbsp;Lib\u00e9ration&nbsp;\u00bb, ils ont fait face aujourd\u2019hui au juge du deuxi\u00e8me cabinet, Mamadou Seck qui a suppl\u00e9\u00e9 le doyen des juges parti en cong\u00e9. Le journal renseigne que le juge d\u2019instruction a suivi \u00e0 la lettre r\u00e9quisitoire du parquet.&nbsp; L\u2019activiste Karim Xrum Xakh a \u00e9t\u00e9 arr\u00eat\u00e9 apr\u00e8s avoir fait des sortis dans plus plusieurs vid\u00e9os diffus\u00e9es sur internet en accusant, l\u2019Etat du S\u00e9n\u00e9gal et le corps m\u00e9dical d\u2019avoir \u00abtu\u00e9 l\u2019imam Alioune Badara Ndao\u00bb, d\u00e9c\u00e9d\u00e9 suite \u00e0 une courte maladie. De son c\u00f4t\u00e9 Cheikh Oumar Diagne a \u00e9t\u00e9 interpell\u00e9 apr\u00e8s avoir tenu des \u00ab&nbsp;propos&nbsp;faux&nbsp;\u00bb, apr\u00e8s le d\u00e9c\u00e8s d\u2019imam Ndao en r\u00e9clamant une autopsie.&nbsp;\" \/>\n<meta property=\"og:url\" content=\"https:\/\/www.public.sn\/index.php\/2022\/09\/12\/tribunal-abdou-karim-gueye-et-guy-marius-sagna-places-sous-mandat-de-depot\/\" \/>\n<meta property=\"og:site_name\" content=\"LE PUBLIC\" \/>\n<meta property=\"article:published_time\" content=\"2022-09-12T22:02:24+00:00\" \/>\n<meta property=\"article:modified_time\" content=\"2022-09-12T23:36:31+00:00\" \/>\n<meta property=\"og:image\" content=\"https:\/\/www.public.sn\/wp-content\/uploads\/2022\/09\/4745B9F6-1908-4A0E-8D62-74B1514E78CC.jpeg\" \/>\n\t<meta property=\"og:image:width\" content=\"692\" \/>\n\t<meta property=\"og:image:height\" content=\"352\" \/>\n\t<meta property=\"og:image:type\" content=\"image\/jpeg\" \/>\n<meta name=\"author\" content=\"LA REDACTION\" \/>\n<meta name=\"twitter:card\" content=\"summary_large_image\" \/>\n<meta name=\"twitter:label1\" content=\"\u00c9crit par\" \/>\n\t<meta name=\"twitter:data1\" content=\"LA REDACTION\" \/>\n\t<meta name=\"twitter:label2\" content=\"Dur\u00e9e de lecture estim\u00e9e\" \/>\n\t<meta name=\"twitter:data2\" content=\"1 minute\" \/>\n<script type=\"application\/ld+json\" class=\"yoast-schema-graph\">{\"@context\":\"https:\/\/schema.org\",\"@graph\":[{\"@type\":\"Article\",\"@id\":\"https:\/\/www.public.sn\/index.php\/2022\/09\/12\/tribunal-abdou-karim-gueye-et-guy-marius-sagna-places-sous-mandat-de-depot\/#article\",\"isPartOf\":{\"@id\":\"https:\/\/www.public.sn\/index.php\/2022\/09\/12\/tribunal-abdou-karim-gueye-et-guy-marius-sagna-places-sous-mandat-de-depot\/\"},\"author\":{\"name\":\"LA REDACTION\",\"@id\":\"https:\/\/www.public.sn\/#\/schema\/person\/e3f4a11b037d4203902db148f9bc8d5a\"},\"headline\":\"Tribunal: Abdou Karim Gu\u00e9ye et Pr Cheikh Oumar Diagne plac\u00e9s sous mandat de d\u00e9p\u00f4t.\",\"datePublished\":\"2022-09-12T22:02:24+00:00\",\"dateModified\":\"2022-09-12T23:36:31+00:00\",\"mainEntityOfPage\":{\"@id\":\"https:\/\/www.public.sn\/index.php\/2022\/09\/12\/tribunal-abdou-karim-gueye-et-guy-marius-sagna-places-sous-mandat-de-depot\/\"},\"wordCount\":214,\"commentCount\":0,\"publisher\":{\"@id\":\"https:\/\/www.public.sn\/#organization\"},\"image\":{\"@id\":\"https:\/\/www.public.sn\/index.php\/2022\/09\/12\/tribunal-abdou-karim-gueye-et-guy-marius-sagna-places-sous-mandat-de-depot\/#primaryimage\"},\"thumbnailUrl\":\"https:\/\/www.public.sn\/wp-content\/uploads\/2022\/09\/4745B9F6-1908-4A0E-8D62-74B1514E78CC.jpeg\",\"keywords\":[\"Abdou Karim Gu\u00e9ye\",\"Cheik Oumar Diagne\",\"Justice\",\"Mandat de d\u00e9p\u00f4t\",\"Tribunal\"],\"articleSection\":[\"ACTUALIT\u00c9S\",\"S\u00c9CURIT\u00c9 &amp; JUSTICE\"],\"inLanguage\":\"fr-FR\",\"potentialAction\":[{\"@type\":\"CommentAction\",\"name\":\"Comment\",\"target\":[\"https:\/\/www.public.sn\/index.php\/2022\/09\/12\/tribunal-abdou-karim-gueye-et-guy-marius-sagna-places-sous-mandat-de-depot\/#respond\"]}]},{\"@type\":\"WebPage\",\"@id\":\"https:\/\/www.public.sn\/index.php\/2022\/09\/12\/tribunal-abdou-karim-gueye-et-guy-marius-sagna-places-sous-mandat-de-depot\/\",\"url\":\"https:\/\/www.public.sn\/index.php\/2022\/09\/12\/tribunal-abdou-karim-gueye-et-guy-marius-sagna-places-sous-mandat-de-depot\/\",\"name\":\"Tribunal: Abdou Karim Gu\u00e9ye et Pr Cheikh Oumar Diagne plac\u00e9s sous mandat de d\u00e9p\u00f4t. - LE PUBLIC\",\"isPartOf\":{\"@id\":\"https:\/\/www.public.sn\/#website\"},\"primaryImageOfPage\":{\"@id\":\"https:\/\/www.public.sn\/index.php\/2022\/09\/12\/tribunal-abdou-karim-gueye-et-guy-marius-sagna-places-sous-mandat-de-depot\/#primaryimage\"},\"image\":{\"@id\":\"https:\/\/www.public.sn\/index.php\/2022\/09\/12\/tribunal-abdou-karim-gueye-et-guy-marius-sagna-places-sous-mandat-de-depot\/#primaryimage\"},\"thumbnailUrl\":\"https:\/\/www.public.sn\/wp-content\/uploads\/2022\/09\/4745B9F6-1908-4A0E-8D62-74B1514E78CC.jpeg\",\"datePublished\":\"2022-09-12T22:02:24+00:00\",\"dateModified\":\"2022-09-12T23:36:31+00:00\",\"breadcrumb\":{\"@id\":\"https:\/\/www.public.sn\/index.php\/2022\/09\/12\/tribunal-abdou-karim-gueye-et-guy-marius-sagna-places-sous-mandat-de-depot\/#breadcrumb\"},\"inLanguage\":\"fr-FR\",\"potentialAction\":[{\"@type\":\"ReadAction\",\"target\":[\"https:\/\/www.public.sn\/index.php\/2022\/09\/12\/tribunal-abdou-karim-gueye-et-guy-marius-sagna-places-sous-mandat-de-depot\/\"]}]},{\"@type\":\"ImageObject\",\"inLanguage\":\"fr-FR\",\"@id\":\"https:\/\/www.public.sn\/index.php\/2022\/09\/12\/tribunal-abdou-karim-gueye-et-guy-marius-sagna-places-sous-mandat-de-depot\/#primaryimage\",\"url\":\"https:\/\/www.public.sn\/wp-content\/uploads\/2022\/09\/4745B9F6-1908-4A0E-8D62-74B1514E78CC.jpeg\",\"contentUrl\":\"https:\/\/www.public.sn\/wp-content\/uploads\/2022\/09\/4745B9F6-1908-4A0E-8D62-74B1514E78CC.jpeg\",\"width\":692,\"height\":352},{\"@type\":\"BreadcrumbList\",\"@id\":\"https:\/\/www.public.sn\/index.php\/2022\/09\/12\/tribunal-abdou-karim-gueye-et-guy-marius-sagna-places-sous-mandat-de-depot\/#breadcrumb\",\"itemListElement\":[{\"@type\":\"ListItem\",\"position\":1,\"name\":\"Accueil\",\"item\":\"https:\/\/www.public.sn\/\"},{\"@type\":\"ListItem\",\"position\":2,\"name\":\"Tribunal: Abdou Karim Gu\u00e9ye et Pr Cheikh Oumar Diagne plac\u00e9s sous mandat de d\u00e9p\u00f4t.\"}]},{\"@type\":\"WebSite\",\"@id\":\"https:\/\/www.public.sn\/#website\",\"url\":\"https:\/\/www.public.sn\/\",\"name\":\"LE PUBLIC\",\"description\":\"\",\"publisher\":{\"@id\":\"https:\/\/www.public.sn\/#organization\"},\"potentialAction\":[{\"@type\":\"SearchAction\",\"target\":{\"@type\":\"EntryPoint\",\"urlTemplate\":\"https:\/\/www.public.sn\/?s={search_term_string}\"},\"query-input\":{\"@type\":\"PropertyValueSpecification\",\"valueRequired\":true,\"valueName\":\"search_term_string\"}}],\"inLanguage\":\"fr-FR\"},{\"@type\":\"Organization\",\"@id\":\"https:\/\/www.public.sn\/#organization\",\"name\":\"LE PUBLIC\",\"url\":\"https:\/\/www.public.sn\/\",\"logo\":{\"@type\":\"ImageObject\",\"inLanguage\":\"fr-FR\",\"@id\":\"https:\/\/www.public.sn\/#\/schema\/logo\/image\/\",\"url\":\"https:\/\/www.public.sn\/wp-content\/uploads\/2024\/05\/cropped-LOGO-PUBLIC.SN_.png\",\"contentUrl\":\"https:\/\/www.public.sn\/wp-content\/uploads\/2024\/05\/cropped-LOGO-PUBLIC.SN_.png\",\"width\":682,\"height\":192,\"caption\":\"LE PUBLIC\"},\"image\":{\"@id\":\"https:\/\/www.public.sn\/#\/schema\/logo\/image\/\"}},{\"@type\":\"Person\",\"@id\":\"https:\/\/www.public.sn\/#\/schema\/person\/e3f4a11b037d4203902db148f9bc8d5a\",\"name\":\"LA REDACTION\",\"image\":{\"@type\":\"ImageObject\",\"inLanguage\":\"fr-FR\",\"@id\":\"https:\/\/www.public.sn\/#\/schema\/person\/image\/\",\"url\":\"https:\/\/secure.gravatar.com\/avatar\/d6c030db45db2883c075085c5d6c6258654a801a93766b49af0b82d4f454e2a5?s=96&d=mm&r=g\",\"contentUrl\":\"https:\/\/secure.gravatar.com\/avatar\/d6c030db45db2883c075085c5d6c6258654a801a93766b49af0b82d4f454e2a5?s=96&d=mm&r=g\",\"caption\":\"LA REDACTION\"},\"sameAs\":[\"http:\/\/www.public.sn\"],\"url\":\"https:\/\/www.public.sn\/index.php\/author\/admin7324\/\"}]}<\/script>\n<!-- \/ Yoast SEO plugin. -->","yoast_head_json":{"title":"Tribunal: Abdou Karim Gu\u00e9ye et Pr Cheikh Oumar Diagne plac\u00e9s sous mandat de d\u00e9p\u00f4t. - LE PUBLIC","robots":{"index":"index","follow":"follow","max-snippet":"max-snippet:-1","max-image-preview":"max-image-preview:large","max-video-preview":"max-video-preview:-1"},"canonical":"https:\/\/www.public.sn\/index.php\/2022\/09\/12\/tribunal-abdou-karim-gueye-et-guy-marius-sagna-places-sous-mandat-de-depot\/","og_locale":"fr_FR","og_type":"article","og_title":"Tribunal: Abdou Karim Gu\u00e9ye et Pr Cheikh Oumar Diagne plac\u00e9s sous mandat de d\u00e9p\u00f4t. - LE PUBLIC","og_description":"Ce lundi 12 septembre 2022, alors que tous les regards sont orient\u00e9s vers l\u2019Assembl\u00e9e nationale avec l\u2019installation de la 14e l\u00e9gislature, le professeur Cheikh Oumar Diagne et l\u2019activiste Abdou Karim Gu\u00e8ye dit Karim Xrum Xakh ont \u00e9t\u00e9 plac\u00e9s&nbsp;&nbsp;sous mandat de d\u00e9p\u00f4t.&nbsp; \u00c0 croire les informations de \u00ab&nbsp;Lib\u00e9ration&nbsp;\u00bb, ils ont fait face aujourd\u2019hui au juge du deuxi\u00e8me cabinet, Mamadou Seck qui a suppl\u00e9\u00e9 le doyen des juges parti en cong\u00e9. Le journal renseigne que le juge d\u2019instruction a suivi \u00e0 la lettre r\u00e9quisitoire du parquet.&nbsp; L\u2019activiste Karim Xrum Xakh a \u00e9t\u00e9 arr\u00eat\u00e9 apr\u00e8s avoir fait des sortis dans plus plusieurs vid\u00e9os diffus\u00e9es sur internet en accusant, l\u2019Etat du S\u00e9n\u00e9gal et le corps m\u00e9dical d\u2019avoir \u00abtu\u00e9 l\u2019imam Alioune Badara Ndao\u00bb, d\u00e9c\u00e9d\u00e9 suite \u00e0 une courte maladie. De son c\u00f4t\u00e9 Cheikh Oumar Diagne a \u00e9t\u00e9 interpell\u00e9 apr\u00e8s avoir tenu des \u00ab&nbsp;propos&nbsp;faux&nbsp;\u00bb, apr\u00e8s le d\u00e9c\u00e8s d\u2019imam Ndao en r\u00e9clamant une autopsie.&nbsp;","og_url":"https:\/\/www.public.sn\/index.php\/2022\/09\/12\/tribunal-abdou-karim-gueye-et-guy-marius-sagna-places-sous-mandat-de-depot\/","og_site_name":"LE PUBLIC","article_published_time":"2022-09-12T22:02:24+00:00","article_modified_time":"2022-09-12T23:36:31+00:00","og_image":[{"width":692,"height":352,"url":"https:\/\/www.public.sn\/wp-content\/uploads\/2022\/09\/4745B9F6-1908-4A0E-8D62-74B1514E78CC.jpeg","type":"image\/jpeg"}],"author":"LA REDACTION","twitter_card":"summary_large_image","twitter_misc":{"\u00c9crit par":"LA REDACTION","Dur\u00e9e de lecture estim\u00e9e":"1 minute"},"schema":{"@context":"https:\/\/schema.org","@graph":[{"@type":"Article","@id":"https:\/\/www.public.sn\/index.php\/2022\/09\/12\/tribunal-abdou-karim-gueye-et-guy-marius-sagna-places-sous-mandat-de-depot\/#article","isPartOf":{"@id":"https:\/\/www.public.sn\/index.php\/2022\/09\/12\/tribunal-abdou-karim-gueye-et-guy-marius-sagna-places-sous-mandat-de-depot\/"},"author":{"name":"LA REDACTION","@id":"https:\/\/www.public.sn\/#\/schema\/person\/e3f4a11b037d4203902db148f9bc8d5a"},"headline":"Tribunal: Abdou Karim Gu\u00e9ye et Pr Cheikh Oumar Diagne plac\u00e9s sous mandat de d\u00e9p\u00f4t.","datePublished":"2022-09-12T22:02:24+00:00","dateModified":"2022-09-12T23:36:31+00:00","mainEntityOfPage":{"@id":"https:\/\/www.public.sn\/index.php\/2022\/09\/12\/tribunal-abdou-karim-gueye-et-guy-marius-sagna-places-sous-mandat-de-depot\/"},"wordCount":214,"commentCount":0,"publisher":{"@id":"https:\/\/www.public.sn\/#organization"},"image":{"@id":"https:\/\/www.public.sn\/index.php\/2022\/09\/12\/tribunal-abdou-karim-gueye-et-guy-marius-sagna-places-sous-mandat-de-depot\/#primaryimage"},"thumbnailUrl":"https:\/\/www.public.sn\/wp-content\/uploads\/2022\/09\/4745B9F6-1908-4A0E-8D62-74B1514E78CC.jpeg","keywords":["Abdou Karim Gu\u00e9ye","Cheik Oumar Diagne","Justice","Mandat de d\u00e9p\u00f4t","Tribunal"],"articleSection":["ACTUALIT\u00c9S","S\u00c9CURIT\u00c9 &amp; JUSTICE"],"inLanguage":"fr-FR","potentialAction":[{"@type":"CommentAction","name":"Comment","target":["https:\/\/www.public.sn\/index.php\/2022\/09\/12\/tribunal-abdou-karim-gueye-et-guy-marius-sagna-places-sous-mandat-de-depot\/#respond"]}]},{"@type":"WebPage","@id":"https:\/\/www.public.sn\/index.php\/2022\/09\/12\/tribunal-abdou-karim-gueye-et-guy-marius-sagna-places-sous-mandat-de-depot\/","url":"https:\/\/www.public.sn\/index.php\/2022\/09\/12\/tribunal-abdou-karim-gueye-et-guy-marius-sagna-places-sous-mandat-de-depot\/","name":"Tribunal: Abdou Karim Gu\u00e9ye et Pr Cheikh Oumar Diagne plac\u00e9s sous mandat de d\u00e9p\u00f4t. - LE PUBLIC","isPartOf":{"@id":"https:\/\/www.public.sn\/#website"},"primaryImageOfPage":{"@id":"https:\/\/www.public.sn\/index.php\/2022\/09\/12\/tribunal-abdou-karim-gueye-et-guy-marius-sagna-places-sous-mandat-de-depot\/#primaryimage"},"image":{"@id":"https:\/\/www.public.sn\/index.php\/2022\/09\/12\/tribunal-abdou-karim-gueye-et-guy-marius-sagna-places-sous-mandat-de-depot\/#primaryimage"},"thumbnailUrl":"https:\/\/www.public.sn\/wp-content\/uploads\/2022\/09\/4745B9F6-1908-4A0E-8D62-74B1514E78CC.jpeg","datePublished":"2022-09-12T22:02:24+00:00","dateModified":"2022-09-12T23:36:31+00:00","breadcrumb":{"@id":"https:\/\/www.public.sn\/index.php\/2022\/09\/12\/tribunal-abdou-karim-gueye-et-guy-marius-sagna-places-sous-mandat-de-depot\/#breadcrumb"},"inLanguage":"fr-FR","potentialAction":[{"@type":"ReadAction","target":["https:\/\/www.public.sn\/index.php\/2022\/09\/12\/tribunal-abdou-karim-gueye-et-guy-marius-sagna-places-sous-mandat-de-depot\/"]}]},{"@type":"ImageObject","inLanguage":"fr-FR","@id":"https:\/\/www.public.sn\/index.php\/2022\/09\/12\/tribunal-abdou-karim-gueye-et-guy-marius-sagna-places-sous-mandat-de-depot\/#primaryimage","url":"https:\/\/www.public.sn\/wp-content\/uploads\/2022\/09\/4745B9F6-1908-4A0E-8D62-74B1514E78CC.jpeg","contentUrl":"https:\/\/www.public.sn\/wp-content\/uploads\/2022\/09\/4745B9F6-1908-4A0E-8D62-74B1514E78CC.jpeg","width":692,"height":352},{"@type":"BreadcrumbList","@id":"https:\/\/www.public.sn\/index.php\/2022\/09\/12\/tribunal-abdou-karim-gueye-et-guy-marius-sagna-places-sous-mandat-de-depot\/#breadcrumb","itemListElement":[{"@type":"ListItem","position":1,"name":"Accueil","item":"https:\/\/www.public.sn\/"},{"@type":"ListItem","position":2,"name":"Tribunal: Abdou Karim Gu\u00e9ye et Pr Cheikh Oumar Diagne plac\u00e9s sous mandat de d\u00e9p\u00f4t."}]},{"@type":"WebSite","@id":"https:\/\/www.public.sn\/#website","url":"https:\/\/www.public.sn\/","name":"LE PUBLIC","description":"","publisher":{"@id":"https:\/\/www.public.sn\/#organization"},"potentialAction":[{"@type":"SearchAction","target":{"@type":"EntryPoint","urlTemplate":"https:\/\/www.public.sn\/?s={search_term_string}"},"query-input":{"@type":"PropertyValueSpecification","valueRequired":true,"valueName":"search_term_string"}}],"inLanguage":"fr-FR"},{"@type":"Organization","@id":"https:\/\/www.public.sn\/#organization","name":"LE PUBLIC","url":"https:\/\/www.public.sn\/","logo":{"@type":"ImageObject","inLanguage":"fr-FR","@id":"https:\/\/www.public.sn\/#\/schema\/logo\/image\/","url":"https:\/\/www.public.sn\/wp-content\/uploads\/2024\/05\/cropped-LOGO-PUBLIC.SN_.png","contentUrl":"https:\/\/www.public.sn\/wp-content\/uploads\/2024\/05\/cropped-LOGO-PUBLIC.SN_.png","width":682,"height":192,"caption":"LE PUBLIC"},"image":{"@id":"https:\/\/www.public.sn\/#\/schema\/logo\/image\/"}},{"@type":"Person","@id":"https:\/\/www.public.sn\/#\/schema\/person\/e3f4a11b037d4203902db148f9bc8d5a","name":"LA REDACTION","image":{"@type":"ImageObject","inLanguage":"fr-FR","@id":"https:\/\/www.public.sn\/#\/schema\/person\/image\/","url":"https:\/\/secure.gravatar.com\/avatar\/d6c030db45db2883c075085c5d6c6258654a801a93766b49af0b82d4f454e2a5?s=96&d=mm&r=g","contentUrl":"https:\/\/secure.gravatar.com\/avatar\/d6c030db45db2883c075085c5d6c6258654a801a93766b49af0b82d4f454e2a5?s=96&d=mm&r=g","caption":"LA REDACTION"},"sameAs":["http:\/\/www.public.sn"],"url":"https:\/\/www.public.sn\/index.php\/author\/admin7324\/"}]}},"jetpack_featured_media_url":"https:\/\/www.public.sn\/wp-content\/uploads\/2022\/09\/4745B9F6-1908-4A0E-8D62-74B1514E78CC.jpeg","jetpack_sharing_enabled":true,"_links":{"self":[{"href":"https:\/\/www.public.sn\/index.php\/wp-json\/wp\/v2\/posts\/1871","targetHints":{"allow":["GET"]}}],"collection":[{"href":"https:\/\/www.public.sn\/index.php\/wp-json\/wp\/v2\/posts"}],"about":[{"href":"https:\/\/www.public.sn\/index.php\/wp-json\/wp\/v2\/types\/post"}],"author":[{"embeddable":true,"href":"https:\/\/www.public.sn\/index.php\/wp-json\/wp\/v2\/users\/1"}],"replies":[{"embeddable":true,"href":"https:\/\/www.public.sn\/index.php\/wp-json\/wp\/v2\/comments?post=1871"}],"version-history":[{"count":3,"href":"https:\/\/www.public.sn\/index.php\/wp-json\/wp\/v2\/posts\/1871\/revisions"}],"predecessor-version":[{"id":1880,"href":"https:\/\/www.public.sn\/index.php\/wp-json\/wp\/v2\/posts\/1871\/revisions\/1880"}],"wp:featuredmedia":[{"embeddable":true,"href":"https:\/\/www.public.sn\/index.php\/wp-json\/wp\/v2\/media\/1872"}],"wp:attachment":[{"href":"https:\/\/www.public.sn\/index.php\/wp-json\/wp\/v2\/media?parent=1871"}],"wp:term":[{"taxonomy":"category","embeddable":true,"href":"https:\/\/www.public.sn\/index.php\/wp-json\/wp\/v2\/categories?post=1871"},{"taxonomy":"post_tag","embeddable":true,"href":"https:\/\/www.public.sn\/index.php\/wp-json\/wp\/v2\/tags?post=1871"}],"curies":[{"name":"wp","href":"https:\/\/api.w.org\/{rel}","templated":true}]}}