{"id":18714,"date":"2023-03-25T10:10:58","date_gmt":"2023-03-25T10:10:58","guid":{"rendered":"https:\/\/www.public.sn\/?p=18714"},"modified":"2023-03-25T10:10:58","modified_gmt":"2023-03-25T10:10:58","slug":"cheikh-yerim-seck-traine-en-justice-par-le-capitaine-toure-pour-diffamation","status":"publish","type":"post","link":"https:\/\/www.public.sn\/index.php\/2023\/03\/25\/cheikh-yerim-seck-traine-en-justice-par-le-capitaine-toure-pour-diffamation\/","title":{"rendered":"Cheikh Yerim Seck tra\u00een\u00e9 en justice par le capitaine Tour\u00e9 pour diffamation"},"content":{"rendered":"<p><strong>L\u2019ex-capitaine de gendarmerie Seydina Oumar Tour\u00e9 annonce avoir envoy\u00e9 une citation directe au journaliste Cheikh Y\u00e9rim Seck pour diffamation suite \u00e0 la parution de son dernier livre.<\/strong><\/p><div class=\"publi-paragraphe1\" style=\"margin-top: 10px;margin-bottom: 10px;margin-left: auto;margin-right: auto;text-align: center;\" id=\"publi-1873113620\"><div class=\"publi-adlabel\">Publicit\u00e9<\/div><script async src=\"\/\/pagead2.googlesyndication.com\/pagead\/js\/adsbygoogle.js?client=ca-pub-4089586018074219\" crossorigin=\"anonymous\"><\/script><ins class=\"adsbygoogle\" style=\"display:block;\" data-ad-client=\"ca-pub-4089586018074219\" \ndata-ad-slot=\"2087940154\" \ndata-ad-format=\"auto\"><\/ins>\n<script> \n(adsbygoogle = window.adsbygoogle || []).push({}); \n<\/script>\n<\/div>\n<p>\u00ab Comme annonc\u00e9 \u00e0 la suite de la parution du livre de Mr Cheikh Yerim SECK intitul\u00e9 \u201cMacky SALL face \u00e0 l\u2019histoire\u201d, dans lequel il m\u2019imputait certains faits, je lui ai servi une citation directe en date du 15 mars 2023, pour l\u2019audience correctionnelle du Tribunal de Grande Instance Hors Classe de Dakar du 14 juin 2023 \u00e0 08 heures 30 minutes, afin qu\u2019il rapporte la preuve de ses all\u00e9gations \u00bb, a r\u00e9agi Seydina Oumar Tour\u00e9<\/p>\n<div class=\"publi-apres-le-contenu\" style=\"margin-top: 10px;margin-bottom: 10px;margin-left: auto;margin-right: auto;text-align: center;\" id=\"publi-2531165749\"><div class=\"publi-adlabel\">Publicit\u00e9<\/div><script async src=\"\/\/pagead2.googlesyndication.com\/pagead\/js\/adsbygoogle.js?client=ca-pub-4089586018074219\" crossorigin=\"anonymous\"><\/script><ins class=\"adsbygoogle\" style=\"display:block;\" data-ad-client=\"ca-pub-4089586018074219\" \ndata-ad-slot=\"2087940154\" \ndata-ad-format=\"auto\"><\/ins>\n<script> \n(adsbygoogle = window.adsbygoogle || []).push({}); \n<\/script>\n<\/div>","protected":false},"excerpt":{"rendered":"<p>L\u2019ex-capitaine de gendarmerie Seydina Oumar Tour\u00e9 annonce avoir envoy\u00e9 une citation directe au journaliste Cheikh Y\u00e9rim Seck pour diffamation suite \u00e0 la parution de son dernier livre. \u00ab Comme annonc\u00e9 \u00e0 la suite de la parution du livre de Mr Cheikh Yerim SECK intitul\u00e9 \u201cMacky SALL face \u00e0 l\u2019histoire\u201d, dans lequel il m\u2019imputait certains faits, je lui ai servi une citation directe en date du 15 mars 2023, pour l\u2019audience correctionnelle du Tribunal de Grande Instance Hors Classe de Dakar du 14 juin 2023 \u00e0 08 heures 30 minutes, afin qu\u2019il rapporte la preuve de ses all\u00e9gations \u00bb, a r\u00e9agi Seydina Oumar Tour\u00e9<\/p>\n","protected":false},"author":7,"featured_media":18715,"comment_status":"open","ping_status":"open","sticky":false,"template":"","format":"standard","meta":{"_jetpack_memberships_contains_paid_content":false,"footnotes":""},"categories":[375,3724,3,376,1],"tags":[3366,4925,4926,24,378],"class_list":["post-18714","post","type-post","status-publish","format-standard","has-post-thumbnail","hentry","category-actualites","category-justice","category-politique","category-securite-justice","category-non-classe","tag-capitaine-toure","tag-cheikh-yirim-seck","tag-diffamation","tag-justice","tag-plainte","entry","has-media","owp-thumbs-layout-horizontal","owp-btn-normal","owp-tabs-layout-horizontal","has-no-thumbnails","has-product-nav"],"yoast_head":"<!-- This site is optimized with the Yoast SEO plugin v25.5 - https:\/\/yoast.com\/wordpress\/plugins\/seo\/ -->\n<title>Cheikh Yerim Seck tra\u00een\u00e9 en justice par le capitaine Tour\u00e9 pour diffamation - LE PUBLIC<\/title>\n<meta name=\"robots\" content=\"index, follow, max-snippet:-1, max-image-preview:large, max-video-preview:-1\" \/>\n<link rel=\"canonical\" href=\"https:\/\/www.public.sn\/index.php\/2023\/03\/25\/cheikh-yerim-seck-traine-en-justice-par-le-capitaine-toure-pour-diffamation\/\" \/>\n<meta property=\"og:locale\" content=\"fr_FR\" \/>\n<meta property=\"og:type\" content=\"article\" \/>\n<meta property=\"og:title\" content=\"Cheikh Yerim Seck tra\u00een\u00e9 en justice par le capitaine Tour\u00e9 pour diffamation - LE PUBLIC\" \/>\n<meta property=\"og:description\" content=\"L\u2019ex-capitaine de gendarmerie Seydina Oumar Tour\u00e9 annonce avoir envoy\u00e9 une citation directe au journaliste Cheikh Y\u00e9rim Seck pour diffamation suite \u00e0 la parution de son dernier livre. \u00ab Comme annonc\u00e9 \u00e0 la suite de la parution du livre de Mr Cheikh Yerim SECK intitul\u00e9 \u201cMacky SALL face \u00e0 l\u2019histoire\u201d, dans lequel il m\u2019imputait certains faits, je lui ai servi une citation directe en date du 15 mars 2023, pour l\u2019audience correctionnelle du Tribunal de Grande Instance Hors Classe de Dakar du 14 juin 2023 \u00e0 08 heures 30 minutes, afin qu\u2019il rapporte la preuve de ses all\u00e9gations \u00bb, a r\u00e9agi Seydina Oumar Tour\u00e9\" \/>\n<meta property=\"og:url\" content=\"https:\/\/www.public.sn\/index.php\/2023\/03\/25\/cheikh-yerim-seck-traine-en-justice-par-le-capitaine-toure-pour-diffamation\/\" \/>\n<meta property=\"og:site_name\" content=\"LE PUBLIC\" \/>\n<meta property=\"article:published_time\" content=\"2023-03-25T10:10:58+00:00\" \/>\n<meta property=\"og:image\" content=\"https:\/\/www.public.sn\/wp-content\/uploads\/2023\/03\/AA893C80-FD50-4AE8-BBB8-03887F8F2AE2.jpeg\" \/>\n\t<meta property=\"og:image:width\" content=\"1024\" \/>\n\t<meta property=\"og:image:height\" content=\"691\" \/>\n\t<meta property=\"og:image:type\" content=\"image\/jpeg\" \/>\n<meta name=\"author\" content=\"LA REDACTION\" \/>\n<meta name=\"twitter:card\" content=\"summary_large_image\" \/>\n<meta name=\"twitter:label1\" content=\"\u00c9crit par\" \/>\n\t<meta name=\"twitter:data1\" content=\"LA REDACTION\" \/>\n\t<meta name=\"twitter:label2\" content=\"Dur\u00e9e de lecture estim\u00e9e\" \/>\n\t<meta name=\"twitter:data2\" content=\"1 minute\" \/>\n<script type=\"application\/ld+json\" class=\"yoast-schema-graph\">{\"@context\":\"https:\/\/schema.org\",\"@graph\":[{\"@type\":\"Article\",\"@id\":\"https:\/\/www.public.sn\/index.php\/2023\/03\/25\/cheikh-yerim-seck-traine-en-justice-par-le-capitaine-toure-pour-diffamation\/#article\",\"isPartOf\":{\"@id\":\"https:\/\/www.public.sn\/index.php\/2023\/03\/25\/cheikh-yerim-seck-traine-en-justice-par-le-capitaine-toure-pour-diffamation\/\"},\"author\":{\"name\":\"LA REDACTION\",\"@id\":\"https:\/\/www.public.sn\/#\/schema\/person\/cb76c8e1b8becc6be61fb5e92d6d0224\"},\"headline\":\"Cheikh Yerim Seck tra\u00een\u00e9 en justice par le capitaine Tour\u00e9 pour diffamation\",\"datePublished\":\"2023-03-25T10:10:58+00:00\",\"mainEntityOfPage\":{\"@id\":\"https:\/\/www.public.sn\/index.php\/2023\/03\/25\/cheikh-yerim-seck-traine-en-justice-par-le-capitaine-toure-pour-diffamation\/\"},\"wordCount\":112,\"commentCount\":0,\"publisher\":{\"@id\":\"https:\/\/www.public.sn\/#organization\"},\"image\":{\"@id\":\"https:\/\/www.public.sn\/index.php\/2023\/03\/25\/cheikh-yerim-seck-traine-en-justice-par-le-capitaine-toure-pour-diffamation\/#primaryimage\"},\"thumbnailUrl\":\"https:\/\/www.public.sn\/wp-content\/uploads\/2023\/03\/AA893C80-FD50-4AE8-BBB8-03887F8F2AE2.jpeg\",\"keywords\":[\"Capitaine Tour\u00e9\",\"Cheikh Yirim Seck\",\"Diffamation\",\"Justice\",\"plainte\"],\"articleSection\":[\"ACTUALIT\u00c9S\",\"justice\",\"POLITIQUE\",\"S\u00c9CURIT\u00c9 &amp; JUSTICE\",\"S\u00c9N\u00c9GAL\"],\"inLanguage\":\"fr-FR\",\"potentialAction\":[{\"@type\":\"CommentAction\",\"name\":\"Comment\",\"target\":[\"https:\/\/www.public.sn\/index.php\/2023\/03\/25\/cheikh-yerim-seck-traine-en-justice-par-le-capitaine-toure-pour-diffamation\/#respond\"]}]},{\"@type\":\"WebPage\",\"@id\":\"https:\/\/www.public.sn\/index.php\/2023\/03\/25\/cheikh-yerim-seck-traine-en-justice-par-le-capitaine-toure-pour-diffamation\/\",\"url\":\"https:\/\/www.public.sn\/index.php\/2023\/03\/25\/cheikh-yerim-seck-traine-en-justice-par-le-capitaine-toure-pour-diffamation\/\",\"name\":\"Cheikh Yerim Seck tra\u00een\u00e9 en justice par le capitaine Tour\u00e9 pour diffamation - LE PUBLIC\",\"isPartOf\":{\"@id\":\"https:\/\/www.public.sn\/#website\"},\"primaryImageOfPage\":{\"@id\":\"https:\/\/www.public.sn\/index.php\/2023\/03\/25\/cheikh-yerim-seck-traine-en-justice-par-le-capitaine-toure-pour-diffamation\/#primaryimage\"},\"image\":{\"@id\":\"https:\/\/www.public.sn\/index.php\/2023\/03\/25\/cheikh-yerim-seck-traine-en-justice-par-le-capitaine-toure-pour-diffamation\/#primaryimage\"},\"thumbnailUrl\":\"https:\/\/www.public.sn\/wp-content\/uploads\/2023\/03\/AA893C80-FD50-4AE8-BBB8-03887F8F2AE2.jpeg\",\"datePublished\":\"2023-03-25T10:10:58+00:00\",\"breadcrumb\":{\"@id\":\"https:\/\/www.public.sn\/index.php\/2023\/03\/25\/cheikh-yerim-seck-traine-en-justice-par-le-capitaine-toure-pour-diffamation\/#breadcrumb\"},\"inLanguage\":\"fr-FR\",\"potentialAction\":[{\"@type\":\"ReadAction\",\"target\":[\"https:\/\/www.public.sn\/index.php\/2023\/03\/25\/cheikh-yerim-seck-traine-en-justice-par-le-capitaine-toure-pour-diffamation\/\"]}]},{\"@type\":\"ImageObject\",\"inLanguage\":\"fr-FR\",\"@id\":\"https:\/\/www.public.sn\/index.php\/2023\/03\/25\/cheikh-yerim-seck-traine-en-justice-par-le-capitaine-toure-pour-diffamation\/#primaryimage\",\"url\":\"https:\/\/www.public.sn\/wp-content\/uploads\/2023\/03\/AA893C80-FD50-4AE8-BBB8-03887F8F2AE2.jpeg\",\"contentUrl\":\"https:\/\/www.public.sn\/wp-content\/uploads\/2023\/03\/AA893C80-FD50-4AE8-BBB8-03887F8F2AE2.jpeg\",\"width\":1024,\"height\":691},{\"@type\":\"BreadcrumbList\",\"@id\":\"https:\/\/www.public.sn\/index.php\/2023\/03\/25\/cheikh-yerim-seck-traine-en-justice-par-le-capitaine-toure-pour-diffamation\/#breadcrumb\",\"itemListElement\":[{\"@type\":\"ListItem\",\"position\":1,\"name\":\"Accueil\",\"item\":\"https:\/\/www.public.sn\/\"},{\"@type\":\"ListItem\",\"position\":2,\"name\":\"Cheikh Yerim Seck tra\u00een\u00e9 en justice par le capitaine Tour\u00e9 pour diffamation\"}]},{\"@type\":\"WebSite\",\"@id\":\"https:\/\/www.public.sn\/#website\",\"url\":\"https:\/\/www.public.sn\/\",\"name\":\"LE PUBLIC\",\"description\":\"\",\"publisher\":{\"@id\":\"https:\/\/www.public.sn\/#organization\"},\"potentialAction\":[{\"@type\":\"SearchAction\",\"target\":{\"@type\":\"EntryPoint\",\"urlTemplate\":\"https:\/\/www.public.sn\/?s={search_term_string}\"},\"query-input\":{\"@type\":\"PropertyValueSpecification\",\"valueRequired\":true,\"valueName\":\"search_term_string\"}}],\"inLanguage\":\"fr-FR\"},{\"@type\":\"Organization\",\"@id\":\"https:\/\/www.public.sn\/#organization\",\"name\":\"LE PUBLIC\",\"url\":\"https:\/\/www.public.sn\/\",\"logo\":{\"@type\":\"ImageObject\",\"inLanguage\":\"fr-FR\",\"@id\":\"https:\/\/www.public.sn\/#\/schema\/logo\/image\/\",\"url\":\"https:\/\/www.public.sn\/wp-content\/uploads\/2024\/05\/cropped-LOGO-PUBLIC.SN_.png\",\"contentUrl\":\"https:\/\/www.public.sn\/wp-content\/uploads\/2024\/05\/cropped-LOGO-PUBLIC.SN_.png\",\"width\":682,\"height\":192,\"caption\":\"LE PUBLIC\"},\"image\":{\"@id\":\"https:\/\/www.public.sn\/#\/schema\/logo\/image\/\"}},{\"@type\":\"Person\",\"@id\":\"https:\/\/www.public.sn\/#\/schema\/person\/cb76c8e1b8becc6be61fb5e92d6d0224\",\"name\":\"LA REDACTION\",\"image\":{\"@type\":\"ImageObject\",\"inLanguage\":\"fr-FR\",\"@id\":\"https:\/\/www.public.sn\/#\/schema\/person\/image\/\",\"url\":\"https:\/\/secure.gravatar.com\/avatar\/2dce5ddd34b8fef0180efe03aa2a9bee7d953856048f9a16b298190a3178407c?s=96&d=mm&r=g\",\"contentUrl\":\"https:\/\/secure.gravatar.com\/avatar\/2dce5ddd34b8fef0180efe03aa2a9bee7d953856048f9a16b298190a3178407c?s=96&d=mm&r=g\",\"caption\":\"LA REDACTION\"},\"url\":\"https:\/\/www.public.sn\/index.php\/author\/editeurpsn\/\"}]}<\/script>\n<!-- \/ Yoast SEO plugin. -->","yoast_head_json":{"title":"Cheikh Yerim Seck tra\u00een\u00e9 en justice par le capitaine Tour\u00e9 pour diffamation - LE PUBLIC","robots":{"index":"index","follow":"follow","max-snippet":"max-snippet:-1","max-image-preview":"max-image-preview:large","max-video-preview":"max-video-preview:-1"},"canonical":"https:\/\/www.public.sn\/index.php\/2023\/03\/25\/cheikh-yerim-seck-traine-en-justice-par-le-capitaine-toure-pour-diffamation\/","og_locale":"fr_FR","og_type":"article","og_title":"Cheikh Yerim Seck tra\u00een\u00e9 en justice par le capitaine Tour\u00e9 pour diffamation - LE PUBLIC","og_description":"L\u2019ex-capitaine de gendarmerie Seydina Oumar Tour\u00e9 annonce avoir envoy\u00e9 une citation directe au journaliste Cheikh Y\u00e9rim Seck pour diffamation suite \u00e0 la parution de son dernier livre. \u00ab Comme annonc\u00e9 \u00e0 la suite de la parution du livre de Mr Cheikh Yerim SECK intitul\u00e9 \u201cMacky SALL face \u00e0 l\u2019histoire\u201d, dans lequel il m\u2019imputait certains faits, je lui ai servi une citation directe en date du 15 mars 2023, pour l\u2019audience correctionnelle du Tribunal de Grande Instance Hors Classe de Dakar du 14 juin 2023 \u00e0 08 heures 30 minutes, afin qu\u2019il rapporte la preuve de ses all\u00e9gations \u00bb, a r\u00e9agi Seydina Oumar Tour\u00e9","og_url":"https:\/\/www.public.sn\/index.php\/2023\/03\/25\/cheikh-yerim-seck-traine-en-justice-par-le-capitaine-toure-pour-diffamation\/","og_site_name":"LE PUBLIC","article_published_time":"2023-03-25T10:10:58+00:00","og_image":[{"width":1024,"height":691,"url":"https:\/\/www.public.sn\/wp-content\/uploads\/2023\/03\/AA893C80-FD50-4AE8-BBB8-03887F8F2AE2.jpeg","type":"image\/jpeg"}],"author":"LA REDACTION","twitter_card":"summary_large_image","twitter_misc":{"\u00c9crit par":"LA REDACTION","Dur\u00e9e de lecture estim\u00e9e":"1 minute"},"schema":{"@context":"https:\/\/schema.org","@graph":[{"@type":"Article","@id":"https:\/\/www.public.sn\/index.php\/2023\/03\/25\/cheikh-yerim-seck-traine-en-justice-par-le-capitaine-toure-pour-diffamation\/#article","isPartOf":{"@id":"https:\/\/www.public.sn\/index.php\/2023\/03\/25\/cheikh-yerim-seck-traine-en-justice-par-le-capitaine-toure-pour-diffamation\/"},"author":{"name":"LA REDACTION","@id":"https:\/\/www.public.sn\/#\/schema\/person\/cb76c8e1b8becc6be61fb5e92d6d0224"},"headline":"Cheikh Yerim Seck tra\u00een\u00e9 en justice par le capitaine Tour\u00e9 pour diffamation","datePublished":"2023-03-25T10:10:58+00:00","mainEntityOfPage":{"@id":"https:\/\/www.public.sn\/index.php\/2023\/03\/25\/cheikh-yerim-seck-traine-en-justice-par-le-capitaine-toure-pour-diffamation\/"},"wordCount":112,"commentCount":0,"publisher":{"@id":"https:\/\/www.public.sn\/#organization"},"image":{"@id":"https:\/\/www.public.sn\/index.php\/2023\/03\/25\/cheikh-yerim-seck-traine-en-justice-par-le-capitaine-toure-pour-diffamation\/#primaryimage"},"thumbnailUrl":"https:\/\/www.public.sn\/wp-content\/uploads\/2023\/03\/AA893C80-FD50-4AE8-BBB8-03887F8F2AE2.jpeg","keywords":["Capitaine Tour\u00e9","Cheikh Yirim Seck","Diffamation","Justice","plainte"],"articleSection":["ACTUALIT\u00c9S","justice","POLITIQUE","S\u00c9CURIT\u00c9 &amp; JUSTICE","S\u00c9N\u00c9GAL"],"inLanguage":"fr-FR","potentialAction":[{"@type":"CommentAction","name":"Comment","target":["https:\/\/www.public.sn\/index.php\/2023\/03\/25\/cheikh-yerim-seck-traine-en-justice-par-le-capitaine-toure-pour-diffamation\/#respond"]}]},{"@type":"WebPage","@id":"https:\/\/www.public.sn\/index.php\/2023\/03\/25\/cheikh-yerim-seck-traine-en-justice-par-le-capitaine-toure-pour-diffamation\/","url":"https:\/\/www.public.sn\/index.php\/2023\/03\/25\/cheikh-yerim-seck-traine-en-justice-par-le-capitaine-toure-pour-diffamation\/","name":"Cheikh Yerim Seck tra\u00een\u00e9 en justice par le capitaine Tour\u00e9 pour diffamation - LE PUBLIC","isPartOf":{"@id":"https:\/\/www.public.sn\/#website"},"primaryImageOfPage":{"@id":"https:\/\/www.public.sn\/index.php\/2023\/03\/25\/cheikh-yerim-seck-traine-en-justice-par-le-capitaine-toure-pour-diffamation\/#primaryimage"},"image":{"@id":"https:\/\/www.public.sn\/index.php\/2023\/03\/25\/cheikh-yerim-seck-traine-en-justice-par-le-capitaine-toure-pour-diffamation\/#primaryimage"},"thumbnailUrl":"https:\/\/www.public.sn\/wp-content\/uploads\/2023\/03\/AA893C80-FD50-4AE8-BBB8-03887F8F2AE2.jpeg","datePublished":"2023-03-25T10:10:58+00:00","breadcrumb":{"@id":"https:\/\/www.public.sn\/index.php\/2023\/03\/25\/cheikh-yerim-seck-traine-en-justice-par-le-capitaine-toure-pour-diffamation\/#breadcrumb"},"inLanguage":"fr-FR","potentialAction":[{"@type":"ReadAction","target":["https:\/\/www.public.sn\/index.php\/2023\/03\/25\/cheikh-yerim-seck-traine-en-justice-par-le-capitaine-toure-pour-diffamation\/"]}]},{"@type":"ImageObject","inLanguage":"fr-FR","@id":"https:\/\/www.public.sn\/index.php\/2023\/03\/25\/cheikh-yerim-seck-traine-en-justice-par-le-capitaine-toure-pour-diffamation\/#primaryimage","url":"https:\/\/www.public.sn\/wp-content\/uploads\/2023\/03\/AA893C80-FD50-4AE8-BBB8-03887F8F2AE2.jpeg","contentUrl":"https:\/\/www.public.sn\/wp-content\/uploads\/2023\/03\/AA893C80-FD50-4AE8-BBB8-03887F8F2AE2.jpeg","width":1024,"height":691},{"@type":"BreadcrumbList","@id":"https:\/\/www.public.sn\/index.php\/2023\/03\/25\/cheikh-yerim-seck-traine-en-justice-par-le-capitaine-toure-pour-diffamation\/#breadcrumb","itemListElement":[{"@type":"ListItem","position":1,"name":"Accueil","item":"https:\/\/www.public.sn\/"},{"@type":"ListItem","position":2,"name":"Cheikh Yerim Seck tra\u00een\u00e9 en justice par le capitaine Tour\u00e9 pour diffamation"}]},{"@type":"WebSite","@id":"https:\/\/www.public.sn\/#website","url":"https:\/\/www.public.sn\/","name":"LE PUBLIC","description":"","publisher":{"@id":"https:\/\/www.public.sn\/#organization"},"potentialAction":[{"@type":"SearchAction","target":{"@type":"EntryPoint","urlTemplate":"https:\/\/www.public.sn\/?s={search_term_string}"},"query-input":{"@type":"PropertyValueSpecification","valueRequired":true,"valueName":"search_term_string"}}],"inLanguage":"fr-FR"},{"@type":"Organization","@id":"https:\/\/www.public.sn\/#organization","name":"LE PUBLIC","url":"https:\/\/www.public.sn\/","logo":{"@type":"ImageObject","inLanguage":"fr-FR","@id":"https:\/\/www.public.sn\/#\/schema\/logo\/image\/","url":"https:\/\/www.public.sn\/wp-content\/uploads\/2024\/05\/cropped-LOGO-PUBLIC.SN_.png","contentUrl":"https:\/\/www.public.sn\/wp-content\/uploads\/2024\/05\/cropped-LOGO-PUBLIC.SN_.png","width":682,"height":192,"caption":"LE PUBLIC"},"image":{"@id":"https:\/\/www.public.sn\/#\/schema\/logo\/image\/"}},{"@type":"Person","@id":"https:\/\/www.public.sn\/#\/schema\/person\/cb76c8e1b8becc6be61fb5e92d6d0224","name":"LA REDACTION","image":{"@type":"ImageObject","inLanguage":"fr-FR","@id":"https:\/\/www.public.sn\/#\/schema\/person\/image\/","url":"https:\/\/secure.gravatar.com\/avatar\/2dce5ddd34b8fef0180efe03aa2a9bee7d953856048f9a16b298190a3178407c?s=96&d=mm&r=g","contentUrl":"https:\/\/secure.gravatar.com\/avatar\/2dce5ddd34b8fef0180efe03aa2a9bee7d953856048f9a16b298190a3178407c?s=96&d=mm&r=g","caption":"LA REDACTION"},"url":"https:\/\/www.public.sn\/index.php\/author\/editeurpsn\/"}]}},"jetpack_featured_media_url":"https:\/\/www.public.sn\/wp-content\/uploads\/2023\/03\/AA893C80-FD50-4AE8-BBB8-03887F8F2AE2.jpeg","jetpack_sharing_enabled":true,"_links":{"self":[{"href":"https:\/\/www.public.sn\/index.php\/wp-json\/wp\/v2\/posts\/18714","targetHints":{"allow":["GET"]}}],"collection":[{"href":"https:\/\/www.public.sn\/index.php\/wp-json\/wp\/v2\/posts"}],"about":[{"href":"https:\/\/www.public.sn\/index.php\/wp-json\/wp\/v2\/types\/post"}],"author":[{"embeddable":true,"href":"https:\/\/www.public.sn\/index.php\/wp-json\/wp\/v2\/users\/7"}],"replies":[{"embeddable":true,"href":"https:\/\/www.public.sn\/index.php\/wp-json\/wp\/v2\/comments?post=18714"}],"version-history":[{"count":1,"href":"https:\/\/www.public.sn\/index.php\/wp-json\/wp\/v2\/posts\/18714\/revisions"}],"predecessor-version":[{"id":18716,"href":"https:\/\/www.public.sn\/index.php\/wp-json\/wp\/v2\/posts\/18714\/revisions\/18716"}],"wp:featuredmedia":[{"embeddable":true,"href":"https:\/\/www.public.sn\/index.php\/wp-json\/wp\/v2\/media\/18715"}],"wp:attachment":[{"href":"https:\/\/www.public.sn\/index.php\/wp-json\/wp\/v2\/media?parent=18714"}],"wp:term":[{"taxonomy":"category","embeddable":true,"href":"https:\/\/www.public.sn\/index.php\/wp-json\/wp\/v2\/categories?post=18714"},{"taxonomy":"post_tag","embeddable":true,"href":"https:\/\/www.public.sn\/index.php\/wp-json\/wp\/v2\/tags?post=18714"}],"curies":[{"name":"wp","href":"https:\/\/api.w.org\/{rel}","templated":true}]}}