{"id":18723,"date":"2023-03-25T15:50:27","date_gmt":"2023-03-25T15:50:27","guid":{"rendered":"https:\/\/www.public.sn\/?p=18723"},"modified":"2023-03-25T15:50:27","modified_gmt":"2023-03-25T15:50:27","slug":"lavis-du-gouvernement-francais-sur-le-3e-mandat-de-macky-sall","status":"publish","type":"post","link":"https:\/\/www.public.sn\/index.php\/2023\/03\/25\/lavis-du-gouvernement-francais-sur-le-3e-mandat-de-macky-sall\/","title":{"rendered":"L&rsquo;avis du gouvernement fran\u00e7ais sur le 3e mandat de Macky Sall"},"content":{"rendered":"<p class=\"summary_label\"><strong>Des d\u00e9put\u00e9s fran\u00e7ais ont saisi leur ministre des affaires \u00e9trang\u00e8res d\u2019une correspondance. Dans celle-ci, ils l\u2019alertaient sur la situation qui pr\u00e9vaut au S\u00e9n\u00e9gal, marqu\u00e9e par des heurts entre l\u2019opposition et le pouvoir. Mais aussi, et surtout, marqu\u00e9e par une tension diffus\u00e9e par le flou sur la candidature ou non de Macky Sall \u00e0 la prochaine pr\u00e9sidentielle. La porte parole du Quai d\u2019Orsay a r\u00e9pondu.<\/strong><\/p>\n<div class=\"dbe dbe-post-middle dbe-float-center dbe-align-center dbe-column-1 dbe-clearfix no-bg-box-model\">\n<div id=\"dbe-3576-1592433413\" class=\"dbe-container dbe-type-code \" data-adid=\"3576\" data-type=\"code\">\n<div id=\"dbe-3576-1592433413-place\"><\/div>\n<\/div>\n<\/div>\n<div id=\"printable\" class=\"text_body\">\n<p>\u00abIl ne nous revient pas de nous prononcer sur cette question qui est hypoth\u00e9tique en ma connaissance. Il n\u2019y a pas eu d\u2019annonce de candidature du pr\u00e9sident Macky Sall pour un troisi\u00e8me mandat\u00bb, a d\u00e9clar\u00e9 Catherine Colonna. Et d\u2019ajouter : \u00abLa France, et \u00a0le pr\u00e9sident de la R\u00e9publique l\u2019a r\u00e9affirm\u00e9 lors de sa tourn\u00e9e en Afrique, est profond\u00e9ment attach\u00e9e au dialogue et au respect du droit et du pluralisme politique essentiel \u00e0 toute d\u00e9mocratie\u00bb, a-t-elle d\u00e9clar\u00e9.<\/p><div class=\"publi-paragraphe1\" style=\"margin-top: 10px;margin-bottom: 10px;margin-left: auto;margin-right: auto;text-align: center;\" id=\"publi-2319387731\"><div class=\"publi-adlabel\">Publicit\u00e9<\/div><script async src=\"\/\/pagead2.googlesyndication.com\/pagead\/js\/adsbygoogle.js?client=ca-pub-4089586018074219\" crossorigin=\"anonymous\"><\/script><ins class=\"adsbygoogle\" style=\"display:block;\" data-ad-client=\"ca-pub-4089586018074219\" \ndata-ad-slot=\"2087940154\" \ndata-ad-format=\"auto\"><\/ins>\n<script> \n(adsbygoogle = window.adsbygoogle || []).push({}); \n<\/script>\n<\/div>\n<p>Face \u00e0 la presse, Anne-Claire Legendre a d\u00e9clar\u00e9 que leur pr\u00e9sident, Emmanuel Macron, leur a demand\u00e9 de parler \u00e0 toutes les parties. \u00abAux autorit\u00e9s en place, comme aux oppositions et \u00e0 la soci\u00e9t\u00e9 civile\u00bb, dit-elle.<\/p>\n<\/div>\n<div class=\"publi-apres-le-contenu\" style=\"margin-top: 10px;margin-bottom: 10px;margin-left: auto;margin-right: auto;text-align: center;\" id=\"publi-1795072157\"><div class=\"publi-adlabel\">Publicit\u00e9<\/div><script async src=\"\/\/pagead2.googlesyndication.com\/pagead\/js\/adsbygoogle.js?client=ca-pub-4089586018074219\" crossorigin=\"anonymous\"><\/script><ins class=\"adsbygoogle\" style=\"display:block;\" data-ad-client=\"ca-pub-4089586018074219\" \ndata-ad-slot=\"2087940154\" \ndata-ad-format=\"auto\"><\/ins>\n<script> \n(adsbygoogle = window.adsbygoogle || []).push({}); \n<\/script>\n<\/div>","protected":false},"excerpt":{"rendered":"<p>Des d\u00e9put\u00e9s fran\u00e7ais ont saisi leur ministre des affaires \u00e9trang\u00e8res d\u2019une correspondance. Dans celle-ci, ils l\u2019alertaient sur la situation qui pr\u00e9vaut au S\u00e9n\u00e9gal, marqu\u00e9e par des heurts entre l\u2019opposition et le pouvoir. Mais aussi, et surtout, marqu\u00e9e par une tension diffus\u00e9e par le flou sur la candidature ou non de Macky Sall \u00e0 la prochaine pr\u00e9sidentielle. La porte parole du Quai d\u2019Orsay a r\u00e9pondu. \u00abIl ne nous revient pas de nous prononcer sur cette question qui est hypoth\u00e9tique en ma connaissance. Il n\u2019y a pas eu d\u2019annonce de candidature du pr\u00e9sident Macky Sall pour un troisi\u00e8me mandat\u00bb, a d\u00e9clar\u00e9 Catherine Colonna. Et d\u2019ajouter : \u00abLa France, et \u00a0le pr\u00e9sident de la R\u00e9publique l\u2019a r\u00e9affirm\u00e9 lors de sa tourn\u00e9e en Afrique, est profond\u00e9ment attach\u00e9e au dialogue et au respect du droit et du pluralisme politique essentiel \u00e0 toute d\u00e9mocratie\u00bb, a-t-elle d\u00e9clar\u00e9. Face \u00e0 la presse, Anne-Claire Legendre a d\u00e9clar\u00e9 que leur pr\u00e9sident, Emmanuel Macron, leur a demand\u00e9 de parler \u00e0 toutes les parties. \u00abAux autorit\u00e9s en place, comme aux oppositions et \u00e0 la soci\u00e9t\u00e9 civile\u00bb, dit-elle.<\/p>\n","protected":false},"author":7,"featured_media":18725,"comment_status":"open","ping_status":"open","sticky":false,"template":"","format":"standard","meta":{"_jetpack_memberships_contains_paid_content":false,"footnotes":""},"categories":[375,550,3728,3,1],"tags":[295,4930,11,766],"class_list":["post-18723","post","type-post","status-publish","format-standard","has-post-thumbnail","hentry","category-actualites","category-afrique-monde","category-internationale","category-politique","category-non-classe","tag-3eme-mandat","tag-gouvernement-francase","tag-macky-sall","tag-senegal","entry","has-media","owp-thumbs-layout-horizontal","owp-btn-normal","owp-tabs-layout-horizontal","has-no-thumbnails","has-product-nav"],"yoast_head":"<!-- This site is optimized with the Yoast SEO plugin v25.5 - https:\/\/yoast.com\/wordpress\/plugins\/seo\/ -->\n<title>L&#039;avis du gouvernement fran\u00e7ais sur le 3e mandat de Macky Sall - LE PUBLIC<\/title>\n<meta name=\"robots\" content=\"index, follow, max-snippet:-1, max-image-preview:large, max-video-preview:-1\" \/>\n<link rel=\"canonical\" href=\"https:\/\/www.public.sn\/index.php\/2023\/03\/25\/lavis-du-gouvernement-francais-sur-le-3e-mandat-de-macky-sall\/\" \/>\n<meta property=\"og:locale\" content=\"fr_FR\" \/>\n<meta property=\"og:type\" content=\"article\" \/>\n<meta property=\"og:title\" content=\"L&#039;avis du gouvernement fran\u00e7ais sur le 3e mandat de Macky Sall - LE PUBLIC\" \/>\n<meta property=\"og:description\" content=\"Des d\u00e9put\u00e9s fran\u00e7ais ont saisi leur ministre des affaires \u00e9trang\u00e8res d\u2019une correspondance. Dans celle-ci, ils l\u2019alertaient sur la situation qui pr\u00e9vaut au S\u00e9n\u00e9gal, marqu\u00e9e par des heurts entre l\u2019opposition et le pouvoir. Mais aussi, et surtout, marqu\u00e9e par une tension diffus\u00e9e par le flou sur la candidature ou non de Macky Sall \u00e0 la prochaine pr\u00e9sidentielle. La porte parole du Quai d\u2019Orsay a r\u00e9pondu. \u00abIl ne nous revient pas de nous prononcer sur cette question qui est hypoth\u00e9tique en ma connaissance. Il n\u2019y a pas eu d\u2019annonce de candidature du pr\u00e9sident Macky Sall pour un troisi\u00e8me mandat\u00bb, a d\u00e9clar\u00e9 Catherine Colonna. Et d\u2019ajouter : \u00abLa France, et \u00a0le pr\u00e9sident de la R\u00e9publique l\u2019a r\u00e9affirm\u00e9 lors de sa tourn\u00e9e en Afrique, est profond\u00e9ment attach\u00e9e au dialogue et au respect du droit et du pluralisme politique essentiel \u00e0 toute d\u00e9mocratie\u00bb, a-t-elle d\u00e9clar\u00e9. Face \u00e0 la presse, Anne-Claire Legendre a d\u00e9clar\u00e9 que leur pr\u00e9sident, Emmanuel Macron, leur a demand\u00e9 de parler \u00e0 toutes les parties. \u00abAux autorit\u00e9s en place, comme aux oppositions et \u00e0 la soci\u00e9t\u00e9 civile\u00bb, dit-elle.\" \/>\n<meta property=\"og:url\" content=\"https:\/\/www.public.sn\/index.php\/2023\/03\/25\/lavis-du-gouvernement-francais-sur-le-3e-mandat-de-macky-sall\/\" \/>\n<meta property=\"og:site_name\" content=\"LE PUBLIC\" \/>\n<meta property=\"article:published_time\" content=\"2023-03-25T15:50:27+00:00\" \/>\n<meta property=\"og:image\" content=\"https:\/\/www.public.sn\/wp-content\/uploads\/2023\/03\/macky-et-macron.jpg\" \/>\n\t<meta property=\"og:image:width\" content=\"592\" \/>\n\t<meta property=\"og:image:height\" content=\"296\" \/>\n\t<meta property=\"og:image:type\" content=\"image\/jpeg\" \/>\n<meta name=\"author\" content=\"LA REDACTION\" \/>\n<meta name=\"twitter:card\" content=\"summary_large_image\" \/>\n<meta name=\"twitter:label1\" content=\"\u00c9crit par\" \/>\n\t<meta name=\"twitter:data1\" content=\"LA REDACTION\" \/>\n\t<meta name=\"twitter:label2\" content=\"Dur\u00e9e de lecture estim\u00e9e\" \/>\n\t<meta name=\"twitter:data2\" content=\"1 minute\" \/>\n<script type=\"application\/ld+json\" class=\"yoast-schema-graph\">{\"@context\":\"https:\/\/schema.org\",\"@graph\":[{\"@type\":\"Article\",\"@id\":\"https:\/\/www.public.sn\/index.php\/2023\/03\/25\/lavis-du-gouvernement-francais-sur-le-3e-mandat-de-macky-sall\/#article\",\"isPartOf\":{\"@id\":\"https:\/\/www.public.sn\/index.php\/2023\/03\/25\/lavis-du-gouvernement-francais-sur-le-3e-mandat-de-macky-sall\/\"},\"author\":{\"name\":\"LA REDACTION\",\"@id\":\"https:\/\/www.public.sn\/#\/schema\/person\/cb76c8e1b8becc6be61fb5e92d6d0224\"},\"headline\":\"L&rsquo;avis du gouvernement fran\u00e7ais sur le 3e mandat de Macky Sall\",\"datePublished\":\"2023-03-25T15:50:27+00:00\",\"mainEntityOfPage\":{\"@id\":\"https:\/\/www.public.sn\/index.php\/2023\/03\/25\/lavis-du-gouvernement-francais-sur-le-3e-mandat-de-macky-sall\/\"},\"wordCount\":217,\"commentCount\":0,\"publisher\":{\"@id\":\"https:\/\/www.public.sn\/#organization\"},\"image\":{\"@id\":\"https:\/\/www.public.sn\/index.php\/2023\/03\/25\/lavis-du-gouvernement-francais-sur-le-3e-mandat-de-macky-sall\/#primaryimage\"},\"thumbnailUrl\":\"https:\/\/www.public.sn\/wp-content\/uploads\/2023\/03\/macky-et-macron.jpg\",\"keywords\":[\"3\u00e8me mandat\",\"Gouvernement fran\u00e7ase\",\"Macky Sall\",\"S\u00e9n\u00e9gal\"],\"articleSection\":[\"ACTUALIT\u00c9S\",\"AFRIQUE &amp; MONDE\",\"internationale\",\"POLITIQUE\",\"S\u00c9N\u00c9GAL\"],\"inLanguage\":\"fr-FR\",\"potentialAction\":[{\"@type\":\"CommentAction\",\"name\":\"Comment\",\"target\":[\"https:\/\/www.public.sn\/index.php\/2023\/03\/25\/lavis-du-gouvernement-francais-sur-le-3e-mandat-de-macky-sall\/#respond\"]}]},{\"@type\":\"WebPage\",\"@id\":\"https:\/\/www.public.sn\/index.php\/2023\/03\/25\/lavis-du-gouvernement-francais-sur-le-3e-mandat-de-macky-sall\/\",\"url\":\"https:\/\/www.public.sn\/index.php\/2023\/03\/25\/lavis-du-gouvernement-francais-sur-le-3e-mandat-de-macky-sall\/\",\"name\":\"L'avis du gouvernement fran\u00e7ais sur le 3e mandat de Macky Sall - LE PUBLIC\",\"isPartOf\":{\"@id\":\"https:\/\/www.public.sn\/#website\"},\"primaryImageOfPage\":{\"@id\":\"https:\/\/www.public.sn\/index.php\/2023\/03\/25\/lavis-du-gouvernement-francais-sur-le-3e-mandat-de-macky-sall\/#primaryimage\"},\"image\":{\"@id\":\"https:\/\/www.public.sn\/index.php\/2023\/03\/25\/lavis-du-gouvernement-francais-sur-le-3e-mandat-de-macky-sall\/#primaryimage\"},\"thumbnailUrl\":\"https:\/\/www.public.sn\/wp-content\/uploads\/2023\/03\/macky-et-macron.jpg\",\"datePublished\":\"2023-03-25T15:50:27+00:00\",\"breadcrumb\":{\"@id\":\"https:\/\/www.public.sn\/index.php\/2023\/03\/25\/lavis-du-gouvernement-francais-sur-le-3e-mandat-de-macky-sall\/#breadcrumb\"},\"inLanguage\":\"fr-FR\",\"potentialAction\":[{\"@type\":\"ReadAction\",\"target\":[\"https:\/\/www.public.sn\/index.php\/2023\/03\/25\/lavis-du-gouvernement-francais-sur-le-3e-mandat-de-macky-sall\/\"]}]},{\"@type\":\"ImageObject\",\"inLanguage\":\"fr-FR\",\"@id\":\"https:\/\/www.public.sn\/index.php\/2023\/03\/25\/lavis-du-gouvernement-francais-sur-le-3e-mandat-de-macky-sall\/#primaryimage\",\"url\":\"https:\/\/www.public.sn\/wp-content\/uploads\/2023\/03\/macky-et-macron.jpg\",\"contentUrl\":\"https:\/\/www.public.sn\/wp-content\/uploads\/2023\/03\/macky-et-macron.jpg\",\"width\":592,\"height\":296},{\"@type\":\"BreadcrumbList\",\"@id\":\"https:\/\/www.public.sn\/index.php\/2023\/03\/25\/lavis-du-gouvernement-francais-sur-le-3e-mandat-de-macky-sall\/#breadcrumb\",\"itemListElement\":[{\"@type\":\"ListItem\",\"position\":1,\"name\":\"Accueil\",\"item\":\"https:\/\/www.public.sn\/\"},{\"@type\":\"ListItem\",\"position\":2,\"name\":\"L&rsquo;avis du gouvernement fran\u00e7ais sur le 3e mandat de Macky Sall\"}]},{\"@type\":\"WebSite\",\"@id\":\"https:\/\/www.public.sn\/#website\",\"url\":\"https:\/\/www.public.sn\/\",\"name\":\"LE PUBLIC\",\"description\":\"\",\"publisher\":{\"@id\":\"https:\/\/www.public.sn\/#organization\"},\"potentialAction\":[{\"@type\":\"SearchAction\",\"target\":{\"@type\":\"EntryPoint\",\"urlTemplate\":\"https:\/\/www.public.sn\/?s={search_term_string}\"},\"query-input\":{\"@type\":\"PropertyValueSpecification\",\"valueRequired\":true,\"valueName\":\"search_term_string\"}}],\"inLanguage\":\"fr-FR\"},{\"@type\":\"Organization\",\"@id\":\"https:\/\/www.public.sn\/#organization\",\"name\":\"LE PUBLIC\",\"url\":\"https:\/\/www.public.sn\/\",\"logo\":{\"@type\":\"ImageObject\",\"inLanguage\":\"fr-FR\",\"@id\":\"https:\/\/www.public.sn\/#\/schema\/logo\/image\/\",\"url\":\"https:\/\/www.public.sn\/wp-content\/uploads\/2024\/05\/cropped-LOGO-PUBLIC.SN_.png\",\"contentUrl\":\"https:\/\/www.public.sn\/wp-content\/uploads\/2024\/05\/cropped-LOGO-PUBLIC.SN_.png\",\"width\":682,\"height\":192,\"caption\":\"LE PUBLIC\"},\"image\":{\"@id\":\"https:\/\/www.public.sn\/#\/schema\/logo\/image\/\"}},{\"@type\":\"Person\",\"@id\":\"https:\/\/www.public.sn\/#\/schema\/person\/cb76c8e1b8becc6be61fb5e92d6d0224\",\"name\":\"LA REDACTION\",\"image\":{\"@type\":\"ImageObject\",\"inLanguage\":\"fr-FR\",\"@id\":\"https:\/\/www.public.sn\/#\/schema\/person\/image\/\",\"url\":\"https:\/\/secure.gravatar.com\/avatar\/2dce5ddd34b8fef0180efe03aa2a9bee7d953856048f9a16b298190a3178407c?s=96&d=mm&r=g\",\"contentUrl\":\"https:\/\/secure.gravatar.com\/avatar\/2dce5ddd34b8fef0180efe03aa2a9bee7d953856048f9a16b298190a3178407c?s=96&d=mm&r=g\",\"caption\":\"LA REDACTION\"},\"url\":\"https:\/\/www.public.sn\/index.php\/author\/editeurpsn\/\"}]}<\/script>\n<!-- \/ Yoast SEO plugin. -->","yoast_head_json":{"title":"L'avis du gouvernement fran\u00e7ais sur le 3e mandat de Macky Sall - LE PUBLIC","robots":{"index":"index","follow":"follow","max-snippet":"max-snippet:-1","max-image-preview":"max-image-preview:large","max-video-preview":"max-video-preview:-1"},"canonical":"https:\/\/www.public.sn\/index.php\/2023\/03\/25\/lavis-du-gouvernement-francais-sur-le-3e-mandat-de-macky-sall\/","og_locale":"fr_FR","og_type":"article","og_title":"L'avis du gouvernement fran\u00e7ais sur le 3e mandat de Macky Sall - LE PUBLIC","og_description":"Des d\u00e9put\u00e9s fran\u00e7ais ont saisi leur ministre des affaires \u00e9trang\u00e8res d\u2019une correspondance. Dans celle-ci, ils l\u2019alertaient sur la situation qui pr\u00e9vaut au S\u00e9n\u00e9gal, marqu\u00e9e par des heurts entre l\u2019opposition et le pouvoir. Mais aussi, et surtout, marqu\u00e9e par une tension diffus\u00e9e par le flou sur la candidature ou non de Macky Sall \u00e0 la prochaine pr\u00e9sidentielle. La porte parole du Quai d\u2019Orsay a r\u00e9pondu. \u00abIl ne nous revient pas de nous prononcer sur cette question qui est hypoth\u00e9tique en ma connaissance. Il n\u2019y a pas eu d\u2019annonce de candidature du pr\u00e9sident Macky Sall pour un troisi\u00e8me mandat\u00bb, a d\u00e9clar\u00e9 Catherine Colonna. Et d\u2019ajouter : \u00abLa France, et \u00a0le pr\u00e9sident de la R\u00e9publique l\u2019a r\u00e9affirm\u00e9 lors de sa tourn\u00e9e en Afrique, est profond\u00e9ment attach\u00e9e au dialogue et au respect du droit et du pluralisme politique essentiel \u00e0 toute d\u00e9mocratie\u00bb, a-t-elle d\u00e9clar\u00e9. Face \u00e0 la presse, Anne-Claire Legendre a d\u00e9clar\u00e9 que leur pr\u00e9sident, Emmanuel Macron, leur a demand\u00e9 de parler \u00e0 toutes les parties. \u00abAux autorit\u00e9s en place, comme aux oppositions et \u00e0 la soci\u00e9t\u00e9 civile\u00bb, dit-elle.","og_url":"https:\/\/www.public.sn\/index.php\/2023\/03\/25\/lavis-du-gouvernement-francais-sur-le-3e-mandat-de-macky-sall\/","og_site_name":"LE PUBLIC","article_published_time":"2023-03-25T15:50:27+00:00","og_image":[{"width":592,"height":296,"url":"https:\/\/www.public.sn\/wp-content\/uploads\/2023\/03\/macky-et-macron.jpg","type":"image\/jpeg"}],"author":"LA REDACTION","twitter_card":"summary_large_image","twitter_misc":{"\u00c9crit par":"LA REDACTION","Dur\u00e9e de lecture estim\u00e9e":"1 minute"},"schema":{"@context":"https:\/\/schema.org","@graph":[{"@type":"Article","@id":"https:\/\/www.public.sn\/index.php\/2023\/03\/25\/lavis-du-gouvernement-francais-sur-le-3e-mandat-de-macky-sall\/#article","isPartOf":{"@id":"https:\/\/www.public.sn\/index.php\/2023\/03\/25\/lavis-du-gouvernement-francais-sur-le-3e-mandat-de-macky-sall\/"},"author":{"name":"LA REDACTION","@id":"https:\/\/www.public.sn\/#\/schema\/person\/cb76c8e1b8becc6be61fb5e92d6d0224"},"headline":"L&rsquo;avis du gouvernement fran\u00e7ais sur le 3e mandat de Macky Sall","datePublished":"2023-03-25T15:50:27+00:00","mainEntityOfPage":{"@id":"https:\/\/www.public.sn\/index.php\/2023\/03\/25\/lavis-du-gouvernement-francais-sur-le-3e-mandat-de-macky-sall\/"},"wordCount":217,"commentCount":0,"publisher":{"@id":"https:\/\/www.public.sn\/#organization"},"image":{"@id":"https:\/\/www.public.sn\/index.php\/2023\/03\/25\/lavis-du-gouvernement-francais-sur-le-3e-mandat-de-macky-sall\/#primaryimage"},"thumbnailUrl":"https:\/\/www.public.sn\/wp-content\/uploads\/2023\/03\/macky-et-macron.jpg","keywords":["3\u00e8me mandat","Gouvernement fran\u00e7ase","Macky Sall","S\u00e9n\u00e9gal"],"articleSection":["ACTUALIT\u00c9S","AFRIQUE &amp; MONDE","internationale","POLITIQUE","S\u00c9N\u00c9GAL"],"inLanguage":"fr-FR","potentialAction":[{"@type":"CommentAction","name":"Comment","target":["https:\/\/www.public.sn\/index.php\/2023\/03\/25\/lavis-du-gouvernement-francais-sur-le-3e-mandat-de-macky-sall\/#respond"]}]},{"@type":"WebPage","@id":"https:\/\/www.public.sn\/index.php\/2023\/03\/25\/lavis-du-gouvernement-francais-sur-le-3e-mandat-de-macky-sall\/","url":"https:\/\/www.public.sn\/index.php\/2023\/03\/25\/lavis-du-gouvernement-francais-sur-le-3e-mandat-de-macky-sall\/","name":"L'avis du gouvernement fran\u00e7ais sur le 3e mandat de Macky Sall - LE PUBLIC","isPartOf":{"@id":"https:\/\/www.public.sn\/#website"},"primaryImageOfPage":{"@id":"https:\/\/www.public.sn\/index.php\/2023\/03\/25\/lavis-du-gouvernement-francais-sur-le-3e-mandat-de-macky-sall\/#primaryimage"},"image":{"@id":"https:\/\/www.public.sn\/index.php\/2023\/03\/25\/lavis-du-gouvernement-francais-sur-le-3e-mandat-de-macky-sall\/#primaryimage"},"thumbnailUrl":"https:\/\/www.public.sn\/wp-content\/uploads\/2023\/03\/macky-et-macron.jpg","datePublished":"2023-03-25T15:50:27+00:00","breadcrumb":{"@id":"https:\/\/www.public.sn\/index.php\/2023\/03\/25\/lavis-du-gouvernement-francais-sur-le-3e-mandat-de-macky-sall\/#breadcrumb"},"inLanguage":"fr-FR","potentialAction":[{"@type":"ReadAction","target":["https:\/\/www.public.sn\/index.php\/2023\/03\/25\/lavis-du-gouvernement-francais-sur-le-3e-mandat-de-macky-sall\/"]}]},{"@type":"ImageObject","inLanguage":"fr-FR","@id":"https:\/\/www.public.sn\/index.php\/2023\/03\/25\/lavis-du-gouvernement-francais-sur-le-3e-mandat-de-macky-sall\/#primaryimage","url":"https:\/\/www.public.sn\/wp-content\/uploads\/2023\/03\/macky-et-macron.jpg","contentUrl":"https:\/\/www.public.sn\/wp-content\/uploads\/2023\/03\/macky-et-macron.jpg","width":592,"height":296},{"@type":"BreadcrumbList","@id":"https:\/\/www.public.sn\/index.php\/2023\/03\/25\/lavis-du-gouvernement-francais-sur-le-3e-mandat-de-macky-sall\/#breadcrumb","itemListElement":[{"@type":"ListItem","position":1,"name":"Accueil","item":"https:\/\/www.public.sn\/"},{"@type":"ListItem","position":2,"name":"L&rsquo;avis du gouvernement fran\u00e7ais sur le 3e mandat de Macky Sall"}]},{"@type":"WebSite","@id":"https:\/\/www.public.sn\/#website","url":"https:\/\/www.public.sn\/","name":"LE PUBLIC","description":"","publisher":{"@id":"https:\/\/www.public.sn\/#organization"},"potentialAction":[{"@type":"SearchAction","target":{"@type":"EntryPoint","urlTemplate":"https:\/\/www.public.sn\/?s={search_term_string}"},"query-input":{"@type":"PropertyValueSpecification","valueRequired":true,"valueName":"search_term_string"}}],"inLanguage":"fr-FR"},{"@type":"Organization","@id":"https:\/\/www.public.sn\/#organization","name":"LE PUBLIC","url":"https:\/\/www.public.sn\/","logo":{"@type":"ImageObject","inLanguage":"fr-FR","@id":"https:\/\/www.public.sn\/#\/schema\/logo\/image\/","url":"https:\/\/www.public.sn\/wp-content\/uploads\/2024\/05\/cropped-LOGO-PUBLIC.SN_.png","contentUrl":"https:\/\/www.public.sn\/wp-content\/uploads\/2024\/05\/cropped-LOGO-PUBLIC.SN_.png","width":682,"height":192,"caption":"LE PUBLIC"},"image":{"@id":"https:\/\/www.public.sn\/#\/schema\/logo\/image\/"}},{"@type":"Person","@id":"https:\/\/www.public.sn\/#\/schema\/person\/cb76c8e1b8becc6be61fb5e92d6d0224","name":"LA REDACTION","image":{"@type":"ImageObject","inLanguage":"fr-FR","@id":"https:\/\/www.public.sn\/#\/schema\/person\/image\/","url":"https:\/\/secure.gravatar.com\/avatar\/2dce5ddd34b8fef0180efe03aa2a9bee7d953856048f9a16b298190a3178407c?s=96&d=mm&r=g","contentUrl":"https:\/\/secure.gravatar.com\/avatar\/2dce5ddd34b8fef0180efe03aa2a9bee7d953856048f9a16b298190a3178407c?s=96&d=mm&r=g","caption":"LA REDACTION"},"url":"https:\/\/www.public.sn\/index.php\/author\/editeurpsn\/"}]}},"jetpack_featured_media_url":"https:\/\/www.public.sn\/wp-content\/uploads\/2023\/03\/macky-et-macron.jpg","jetpack_sharing_enabled":true,"_links":{"self":[{"href":"https:\/\/www.public.sn\/index.php\/wp-json\/wp\/v2\/posts\/18723","targetHints":{"allow":["GET"]}}],"collection":[{"href":"https:\/\/www.public.sn\/index.php\/wp-json\/wp\/v2\/posts"}],"about":[{"href":"https:\/\/www.public.sn\/index.php\/wp-json\/wp\/v2\/types\/post"}],"author":[{"embeddable":true,"href":"https:\/\/www.public.sn\/index.php\/wp-json\/wp\/v2\/users\/7"}],"replies":[{"embeddable":true,"href":"https:\/\/www.public.sn\/index.php\/wp-json\/wp\/v2\/comments?post=18723"}],"version-history":[{"count":1,"href":"https:\/\/www.public.sn\/index.php\/wp-json\/wp\/v2\/posts\/18723\/revisions"}],"predecessor-version":[{"id":18726,"href":"https:\/\/www.public.sn\/index.php\/wp-json\/wp\/v2\/posts\/18723\/revisions\/18726"}],"wp:featuredmedia":[{"embeddable":true,"href":"https:\/\/www.public.sn\/index.php\/wp-json\/wp\/v2\/media\/18725"}],"wp:attachment":[{"href":"https:\/\/www.public.sn\/index.php\/wp-json\/wp\/v2\/media?parent=18723"}],"wp:term":[{"taxonomy":"category","embeddable":true,"href":"https:\/\/www.public.sn\/index.php\/wp-json\/wp\/v2\/categories?post=18723"},{"taxonomy":"post_tag","embeddable":true,"href":"https:\/\/www.public.sn\/index.php\/wp-json\/wp\/v2\/tags?post=18723"}],"curies":[{"name":"wp","href":"https:\/\/api.w.org\/{rel}","templated":true}]}}