{"id":18734,"date":"2023-03-25T16:34:01","date_gmt":"2023-03-25T16:34:01","guid":{"rendered":"https:\/\/www.public.sn\/?p=18734"},"modified":"2023-03-25T16:34:01","modified_gmt":"2023-03-25T16:34:01","slug":"secretariat-executif-national-revivez-la-declaration-de-lapr","status":"publish","type":"post","link":"https:\/\/www.public.sn\/index.php\/2023\/03\/25\/secretariat-executif-national-revivez-la-declaration-de-lapr\/","title":{"rendered":"Secr\u00e9tariat Ex\u00e9cutif National : Revivez la d\u00e9claration de l&rsquo;APR"},"content":{"rendered":"<p><strong>Le pr\u00e9sident Macky Sall s\u2019est rendu au si\u00e8ge de l\u2019Alliance pour la R\u00e9publique (APR) situ\u00e9 \u00e0 Mermoz pour pr\u00e9sider le Secr\u00e9tariat Ex\u00e9cutif National du parti de la mouvance pr\u00e9sidentielle samedi 25 mars 2023.<\/strong><\/p><div class=\"publi-paragraphe1\" style=\"margin-top: 10px;margin-bottom: 10px;margin-left: auto;margin-right: auto;text-align: center;\" id=\"publi-125457333\"><div class=\"publi-adlabel\">Publicit\u00e9<\/div><script async src=\"\/\/pagead2.googlesyndication.com\/pagead\/js\/adsbygoogle.js?client=ca-pub-4089586018074219\" crossorigin=\"anonymous\"><\/script><ins class=\"adsbygoogle\" style=\"display:block;\" data-ad-client=\"ca-pub-4089586018074219\" \ndata-ad-slot=\"2087940154\" \ndata-ad-format=\"auto\"><\/ins>\n<script> \n(adsbygoogle = window.adsbygoogle || []).push({}); \n<\/script>\n<\/div>\n<p>Apr\u00e8s la rencontre, le pr\u00e9sident de la R\u00e9publique a adress\u00e9 par la voix de Seydou Gu\u00e8ye, un message aux S\u00e9n\u00e9galais.<\/p>\n<p>Regardez !<\/p>\n<p>&nbsp;<\/p>\n<p><iframe title=\"? Direct - Une importante d\u00e9claration du Pr\u00e9sident Macky Sall\u2026\" src=\"https:\/\/www.youtube.com\/embed\/3Vr4vw9AR0Q\" width=\"853\" height=\"480\" frameborder=\"0\" allowfullscreen=\"allowfullscreen\"><\/iframe><\/p>\n<div class=\"publi-apres-le-contenu\" style=\"margin-top: 10px;margin-bottom: 10px;margin-left: auto;margin-right: auto;text-align: center;\" id=\"publi-1398130747\"><div class=\"publi-adlabel\">Publicit\u00e9<\/div><script async src=\"\/\/pagead2.googlesyndication.com\/pagead\/js\/adsbygoogle.js?client=ca-pub-4089586018074219\" crossorigin=\"anonymous\"><\/script><ins class=\"adsbygoogle\" style=\"display:block;\" data-ad-client=\"ca-pub-4089586018074219\" \ndata-ad-slot=\"2087940154\" \ndata-ad-format=\"auto\"><\/ins>\n<script> \n(adsbygoogle = window.adsbygoogle || []).push({}); \n<\/script>\n<\/div>","protected":false},"excerpt":{"rendered":"<p>Le pr\u00e9sident Macky Sall s\u2019est rendu au si\u00e8ge de l\u2019Alliance pour la R\u00e9publique (APR) situ\u00e9 \u00e0 Mermoz pour pr\u00e9sider le Secr\u00e9tariat Ex\u00e9cutif National du parti de la mouvance pr\u00e9sidentielle samedi 25 mars 2023. Apr\u00e8s la rencontre, le pr\u00e9sident de la R\u00e9publique a adress\u00e9 par la voix de Seydou Gu\u00e8ye, un message aux S\u00e9n\u00e9galais. Regardez ! &nbsp;<\/p>\n","protected":false},"author":1,"featured_media":18735,"comment_status":"open","ping_status":"open","sticky":false,"template":"","format":"standard","meta":{"_jetpack_memberships_contains_paid_content":false,"footnotes":""},"categories":[375,3,8,1,6],"tags":[11,1607],"class_list":["post-18734","post","type-post","status-publish","format-standard","has-post-thumbnail","hentry","category-actualites","category-politique","category-public-tv","category-non-classe","category-videos","tag-macky-sall","tag-sen-apr","entry","has-media","owp-thumbs-layout-horizontal","owp-btn-normal","owp-tabs-layout-horizontal","has-no-thumbnails","has-product-nav"],"yoast_head":"<!-- This site is optimized with the Yoast SEO plugin v25.5 - https:\/\/yoast.com\/wordpress\/plugins\/seo\/ -->\n<title>Secr\u00e9tariat Ex\u00e9cutif National : Revivez la d\u00e9claration de l&#039;APR - LE PUBLIC<\/title>\n<meta name=\"description\" content=\"Le pr\u00e9sident Macky Sall s\u2019est rendu au si\u00e8ge de l\u2019Alliance pour la R\u00e9publique (APR) situ\u00e9 \u00e0 Mermoz pour pr\u00e9sider le Secr\u00e9tariat Ex\u00e9cutif National du parti de la mouvance pr\u00e9sidentielle samedi 25 mars 2023.\" \/>\n<meta name=\"robots\" content=\"index, follow, max-snippet:-1, max-image-preview:large, max-video-preview:-1\" \/>\n<link rel=\"canonical\" href=\"https:\/\/www.public.sn\/index.php\/2023\/03\/25\/secretariat-executif-national-revivez-la-declaration-de-lapr\/\" \/>\n<meta property=\"og:locale\" content=\"fr_FR\" \/>\n<meta property=\"og:type\" content=\"article\" \/>\n<meta property=\"og:title\" content=\"Secr\u00e9tariat Ex\u00e9cutif National : Revivez la d\u00e9claration de l&#039;APR - LE PUBLIC\" \/>\n<meta property=\"og:description\" content=\"Le pr\u00e9sident Macky Sall s\u2019est rendu au si\u00e8ge de l\u2019Alliance pour la R\u00e9publique (APR) situ\u00e9 \u00e0 Mermoz pour pr\u00e9sider le Secr\u00e9tariat Ex\u00e9cutif National du parti de la mouvance pr\u00e9sidentielle samedi 25 mars 2023.\" \/>\n<meta property=\"og:url\" content=\"https:\/\/www.public.sn\/index.php\/2023\/03\/25\/secretariat-executif-national-revivez-la-declaration-de-lapr\/\" \/>\n<meta property=\"og:site_name\" content=\"LE PUBLIC\" \/>\n<meta property=\"article:published_time\" content=\"2023-03-25T16:34:01+00:00\" \/>\n<meta property=\"og:image\" content=\"https:\/\/www.public.sn\/wp-content\/uploads\/2023\/03\/Seydou-Gueye-APR.jpg\" \/>\n\t<meta property=\"og:image:width\" content=\"850\" \/>\n\t<meta property=\"og:image:height\" content=\"450\" \/>\n\t<meta property=\"og:image:type\" content=\"image\/jpeg\" \/>\n<meta name=\"author\" content=\"LA REDACTION\" \/>\n<meta name=\"twitter:card\" content=\"summary_large_image\" \/>\n<meta name=\"twitter:label1\" content=\"\u00c9crit par\" \/>\n\t<meta name=\"twitter:data1\" content=\"LA REDACTION\" \/>\n\t<meta name=\"twitter:label2\" content=\"Dur\u00e9e de lecture estim\u00e9e\" \/>\n\t<meta name=\"twitter:data2\" content=\"1 minute\" \/>\n<script type=\"application\/ld+json\" class=\"yoast-schema-graph\">{\"@context\":\"https:\/\/schema.org\",\"@graph\":[{\"@type\":\"Article\",\"@id\":\"https:\/\/www.public.sn\/index.php\/2023\/03\/25\/secretariat-executif-national-revivez-la-declaration-de-lapr\/#article\",\"isPartOf\":{\"@id\":\"https:\/\/www.public.sn\/index.php\/2023\/03\/25\/secretariat-executif-national-revivez-la-declaration-de-lapr\/\"},\"author\":{\"name\":\"LA REDACTION\",\"@id\":\"https:\/\/www.public.sn\/#\/schema\/person\/e3f4a11b037d4203902db148f9bc8d5a\"},\"headline\":\"Secr\u00e9tariat Ex\u00e9cutif National : Revivez la d\u00e9claration de l&rsquo;APR\",\"datePublished\":\"2023-03-25T16:34:01+00:00\",\"mainEntityOfPage\":{\"@id\":\"https:\/\/www.public.sn\/index.php\/2023\/03\/25\/secretariat-executif-national-revivez-la-declaration-de-lapr\/\"},\"wordCount\":78,\"commentCount\":0,\"publisher\":{\"@id\":\"https:\/\/www.public.sn\/#organization\"},\"image\":{\"@id\":\"https:\/\/www.public.sn\/index.php\/2023\/03\/25\/secretariat-executif-national-revivez-la-declaration-de-lapr\/#primaryimage\"},\"thumbnailUrl\":\"https:\/\/www.public.sn\/wp-content\/uploads\/2023\/03\/Seydou-Gueye-APR.jpg\",\"keywords\":[\"Macky Sall\",\"sen apr\"],\"articleSection\":[\"ACTUALIT\u00c9S\",\"POLITIQUE\",\"PUBLIC TV\",\"S\u00c9N\u00c9GAL\",\"VIDEOS\"],\"inLanguage\":\"fr-FR\",\"potentialAction\":[{\"@type\":\"CommentAction\",\"name\":\"Comment\",\"target\":[\"https:\/\/www.public.sn\/index.php\/2023\/03\/25\/secretariat-executif-national-revivez-la-declaration-de-lapr\/#respond\"]}]},{\"@type\":\"WebPage\",\"@id\":\"https:\/\/www.public.sn\/index.php\/2023\/03\/25\/secretariat-executif-national-revivez-la-declaration-de-lapr\/\",\"url\":\"https:\/\/www.public.sn\/index.php\/2023\/03\/25\/secretariat-executif-national-revivez-la-declaration-de-lapr\/\",\"name\":\"Secr\u00e9tariat Ex\u00e9cutif National : Revivez la d\u00e9claration de l'APR - LE PUBLIC\",\"isPartOf\":{\"@id\":\"https:\/\/www.public.sn\/#website\"},\"primaryImageOfPage\":{\"@id\":\"https:\/\/www.public.sn\/index.php\/2023\/03\/25\/secretariat-executif-national-revivez-la-declaration-de-lapr\/#primaryimage\"},\"image\":{\"@id\":\"https:\/\/www.public.sn\/index.php\/2023\/03\/25\/secretariat-executif-national-revivez-la-declaration-de-lapr\/#primaryimage\"},\"thumbnailUrl\":\"https:\/\/www.public.sn\/wp-content\/uploads\/2023\/03\/Seydou-Gueye-APR.jpg\",\"datePublished\":\"2023-03-25T16:34:01+00:00\",\"description\":\"Le pr\u00e9sident Macky Sall s\u2019est rendu au si\u00e8ge de l\u2019Alliance pour la R\u00e9publique (APR) situ\u00e9 \u00e0 Mermoz pour pr\u00e9sider le Secr\u00e9tariat Ex\u00e9cutif National du parti de la mouvance pr\u00e9sidentielle samedi 25 mars 2023.\",\"breadcrumb\":{\"@id\":\"https:\/\/www.public.sn\/index.php\/2023\/03\/25\/secretariat-executif-national-revivez-la-declaration-de-lapr\/#breadcrumb\"},\"inLanguage\":\"fr-FR\",\"potentialAction\":[{\"@type\":\"ReadAction\",\"target\":[\"https:\/\/www.public.sn\/index.php\/2023\/03\/25\/secretariat-executif-national-revivez-la-declaration-de-lapr\/\"]}]},{\"@type\":\"ImageObject\",\"inLanguage\":\"fr-FR\",\"@id\":\"https:\/\/www.public.sn\/index.php\/2023\/03\/25\/secretariat-executif-national-revivez-la-declaration-de-lapr\/#primaryimage\",\"url\":\"https:\/\/www.public.sn\/wp-content\/uploads\/2023\/03\/Seydou-Gueye-APR.jpg\",\"contentUrl\":\"https:\/\/www.public.sn\/wp-content\/uploads\/2023\/03\/Seydou-Gueye-APR.jpg\",\"width\":850,\"height\":450},{\"@type\":\"BreadcrumbList\",\"@id\":\"https:\/\/www.public.sn\/index.php\/2023\/03\/25\/secretariat-executif-national-revivez-la-declaration-de-lapr\/#breadcrumb\",\"itemListElement\":[{\"@type\":\"ListItem\",\"position\":1,\"name\":\"Accueil\",\"item\":\"https:\/\/www.public.sn\/\"},{\"@type\":\"ListItem\",\"position\":2,\"name\":\"Secr\u00e9tariat Ex\u00e9cutif National : Revivez la d\u00e9claration de l&rsquo;APR\"}]},{\"@type\":\"WebSite\",\"@id\":\"https:\/\/www.public.sn\/#website\",\"url\":\"https:\/\/www.public.sn\/\",\"name\":\"LE PUBLIC\",\"description\":\"\",\"publisher\":{\"@id\":\"https:\/\/www.public.sn\/#organization\"},\"potentialAction\":[{\"@type\":\"SearchAction\",\"target\":{\"@type\":\"EntryPoint\",\"urlTemplate\":\"https:\/\/www.public.sn\/?s={search_term_string}\"},\"query-input\":{\"@type\":\"PropertyValueSpecification\",\"valueRequired\":true,\"valueName\":\"search_term_string\"}}],\"inLanguage\":\"fr-FR\"},{\"@type\":\"Organization\",\"@id\":\"https:\/\/www.public.sn\/#organization\",\"name\":\"LE PUBLIC\",\"url\":\"https:\/\/www.public.sn\/\",\"logo\":{\"@type\":\"ImageObject\",\"inLanguage\":\"fr-FR\",\"@id\":\"https:\/\/www.public.sn\/#\/schema\/logo\/image\/\",\"url\":\"https:\/\/www.public.sn\/wp-content\/uploads\/2024\/05\/cropped-LOGO-PUBLIC.SN_.png\",\"contentUrl\":\"https:\/\/www.public.sn\/wp-content\/uploads\/2024\/05\/cropped-LOGO-PUBLIC.SN_.png\",\"width\":682,\"height\":192,\"caption\":\"LE PUBLIC\"},\"image\":{\"@id\":\"https:\/\/www.public.sn\/#\/schema\/logo\/image\/\"}},{\"@type\":\"Person\",\"@id\":\"https:\/\/www.public.sn\/#\/schema\/person\/e3f4a11b037d4203902db148f9bc8d5a\",\"name\":\"LA REDACTION\",\"image\":{\"@type\":\"ImageObject\",\"inLanguage\":\"fr-FR\",\"@id\":\"https:\/\/www.public.sn\/#\/schema\/person\/image\/\",\"url\":\"https:\/\/secure.gravatar.com\/avatar\/d6c030db45db2883c075085c5d6c6258654a801a93766b49af0b82d4f454e2a5?s=96&d=mm&r=g\",\"contentUrl\":\"https:\/\/secure.gravatar.com\/avatar\/d6c030db45db2883c075085c5d6c6258654a801a93766b49af0b82d4f454e2a5?s=96&d=mm&r=g\",\"caption\":\"LA REDACTION\"},\"sameAs\":[\"http:\/\/www.public.sn\"],\"url\":\"https:\/\/www.public.sn\/index.php\/author\/admin7324\/\"}]}<\/script>\n<!-- \/ Yoast SEO plugin. -->","yoast_head_json":{"title":"Secr\u00e9tariat Ex\u00e9cutif National : Revivez la d\u00e9claration de l'APR - LE PUBLIC","description":"Le pr\u00e9sident Macky Sall s\u2019est rendu au si\u00e8ge de l\u2019Alliance pour la R\u00e9publique (APR) situ\u00e9 \u00e0 Mermoz pour pr\u00e9sider le Secr\u00e9tariat Ex\u00e9cutif National du parti de la mouvance pr\u00e9sidentielle samedi 25 mars 2023.","robots":{"index":"index","follow":"follow","max-snippet":"max-snippet:-1","max-image-preview":"max-image-preview:large","max-video-preview":"max-video-preview:-1"},"canonical":"https:\/\/www.public.sn\/index.php\/2023\/03\/25\/secretariat-executif-national-revivez-la-declaration-de-lapr\/","og_locale":"fr_FR","og_type":"article","og_title":"Secr\u00e9tariat Ex\u00e9cutif National : Revivez la d\u00e9claration de l'APR - LE PUBLIC","og_description":"Le pr\u00e9sident Macky Sall s\u2019est rendu au si\u00e8ge de l\u2019Alliance pour la R\u00e9publique (APR) situ\u00e9 \u00e0 Mermoz pour pr\u00e9sider le Secr\u00e9tariat Ex\u00e9cutif National du parti de la mouvance pr\u00e9sidentielle samedi 25 mars 2023.","og_url":"https:\/\/www.public.sn\/index.php\/2023\/03\/25\/secretariat-executif-national-revivez-la-declaration-de-lapr\/","og_site_name":"LE PUBLIC","article_published_time":"2023-03-25T16:34:01+00:00","og_image":[{"width":850,"height":450,"url":"https:\/\/www.public.sn\/wp-content\/uploads\/2023\/03\/Seydou-Gueye-APR.jpg","type":"image\/jpeg"}],"author":"LA REDACTION","twitter_card":"summary_large_image","twitter_misc":{"\u00c9crit par":"LA REDACTION","Dur\u00e9e de lecture estim\u00e9e":"1 minute"},"schema":{"@context":"https:\/\/schema.org","@graph":[{"@type":"Article","@id":"https:\/\/www.public.sn\/index.php\/2023\/03\/25\/secretariat-executif-national-revivez-la-declaration-de-lapr\/#article","isPartOf":{"@id":"https:\/\/www.public.sn\/index.php\/2023\/03\/25\/secretariat-executif-national-revivez-la-declaration-de-lapr\/"},"author":{"name":"LA REDACTION","@id":"https:\/\/www.public.sn\/#\/schema\/person\/e3f4a11b037d4203902db148f9bc8d5a"},"headline":"Secr\u00e9tariat Ex\u00e9cutif National : Revivez la d\u00e9claration de l&rsquo;APR","datePublished":"2023-03-25T16:34:01+00:00","mainEntityOfPage":{"@id":"https:\/\/www.public.sn\/index.php\/2023\/03\/25\/secretariat-executif-national-revivez-la-declaration-de-lapr\/"},"wordCount":78,"commentCount":0,"publisher":{"@id":"https:\/\/www.public.sn\/#organization"},"image":{"@id":"https:\/\/www.public.sn\/index.php\/2023\/03\/25\/secretariat-executif-national-revivez-la-declaration-de-lapr\/#primaryimage"},"thumbnailUrl":"https:\/\/www.public.sn\/wp-content\/uploads\/2023\/03\/Seydou-Gueye-APR.jpg","keywords":["Macky Sall","sen apr"],"articleSection":["ACTUALIT\u00c9S","POLITIQUE","PUBLIC TV","S\u00c9N\u00c9GAL","VIDEOS"],"inLanguage":"fr-FR","potentialAction":[{"@type":"CommentAction","name":"Comment","target":["https:\/\/www.public.sn\/index.php\/2023\/03\/25\/secretariat-executif-national-revivez-la-declaration-de-lapr\/#respond"]}]},{"@type":"WebPage","@id":"https:\/\/www.public.sn\/index.php\/2023\/03\/25\/secretariat-executif-national-revivez-la-declaration-de-lapr\/","url":"https:\/\/www.public.sn\/index.php\/2023\/03\/25\/secretariat-executif-national-revivez-la-declaration-de-lapr\/","name":"Secr\u00e9tariat Ex\u00e9cutif National : Revivez la d\u00e9claration de l'APR - LE PUBLIC","isPartOf":{"@id":"https:\/\/www.public.sn\/#website"},"primaryImageOfPage":{"@id":"https:\/\/www.public.sn\/index.php\/2023\/03\/25\/secretariat-executif-national-revivez-la-declaration-de-lapr\/#primaryimage"},"image":{"@id":"https:\/\/www.public.sn\/index.php\/2023\/03\/25\/secretariat-executif-national-revivez-la-declaration-de-lapr\/#primaryimage"},"thumbnailUrl":"https:\/\/www.public.sn\/wp-content\/uploads\/2023\/03\/Seydou-Gueye-APR.jpg","datePublished":"2023-03-25T16:34:01+00:00","description":"Le pr\u00e9sident Macky Sall s\u2019est rendu au si\u00e8ge de l\u2019Alliance pour la R\u00e9publique (APR) situ\u00e9 \u00e0 Mermoz pour pr\u00e9sider le Secr\u00e9tariat Ex\u00e9cutif National du parti de la mouvance pr\u00e9sidentielle samedi 25 mars 2023.","breadcrumb":{"@id":"https:\/\/www.public.sn\/index.php\/2023\/03\/25\/secretariat-executif-national-revivez-la-declaration-de-lapr\/#breadcrumb"},"inLanguage":"fr-FR","potentialAction":[{"@type":"ReadAction","target":["https:\/\/www.public.sn\/index.php\/2023\/03\/25\/secretariat-executif-national-revivez-la-declaration-de-lapr\/"]}]},{"@type":"ImageObject","inLanguage":"fr-FR","@id":"https:\/\/www.public.sn\/index.php\/2023\/03\/25\/secretariat-executif-national-revivez-la-declaration-de-lapr\/#primaryimage","url":"https:\/\/www.public.sn\/wp-content\/uploads\/2023\/03\/Seydou-Gueye-APR.jpg","contentUrl":"https:\/\/www.public.sn\/wp-content\/uploads\/2023\/03\/Seydou-Gueye-APR.jpg","width":850,"height":450},{"@type":"BreadcrumbList","@id":"https:\/\/www.public.sn\/index.php\/2023\/03\/25\/secretariat-executif-national-revivez-la-declaration-de-lapr\/#breadcrumb","itemListElement":[{"@type":"ListItem","position":1,"name":"Accueil","item":"https:\/\/www.public.sn\/"},{"@type":"ListItem","position":2,"name":"Secr\u00e9tariat Ex\u00e9cutif National : Revivez la d\u00e9claration de l&rsquo;APR"}]},{"@type":"WebSite","@id":"https:\/\/www.public.sn\/#website","url":"https:\/\/www.public.sn\/","name":"LE PUBLIC","description":"","publisher":{"@id":"https:\/\/www.public.sn\/#organization"},"potentialAction":[{"@type":"SearchAction","target":{"@type":"EntryPoint","urlTemplate":"https:\/\/www.public.sn\/?s={search_term_string}"},"query-input":{"@type":"PropertyValueSpecification","valueRequired":true,"valueName":"search_term_string"}}],"inLanguage":"fr-FR"},{"@type":"Organization","@id":"https:\/\/www.public.sn\/#organization","name":"LE PUBLIC","url":"https:\/\/www.public.sn\/","logo":{"@type":"ImageObject","inLanguage":"fr-FR","@id":"https:\/\/www.public.sn\/#\/schema\/logo\/image\/","url":"https:\/\/www.public.sn\/wp-content\/uploads\/2024\/05\/cropped-LOGO-PUBLIC.SN_.png","contentUrl":"https:\/\/www.public.sn\/wp-content\/uploads\/2024\/05\/cropped-LOGO-PUBLIC.SN_.png","width":682,"height":192,"caption":"LE PUBLIC"},"image":{"@id":"https:\/\/www.public.sn\/#\/schema\/logo\/image\/"}},{"@type":"Person","@id":"https:\/\/www.public.sn\/#\/schema\/person\/e3f4a11b037d4203902db148f9bc8d5a","name":"LA REDACTION","image":{"@type":"ImageObject","inLanguage":"fr-FR","@id":"https:\/\/www.public.sn\/#\/schema\/person\/image\/","url":"https:\/\/secure.gravatar.com\/avatar\/d6c030db45db2883c075085c5d6c6258654a801a93766b49af0b82d4f454e2a5?s=96&d=mm&r=g","contentUrl":"https:\/\/secure.gravatar.com\/avatar\/d6c030db45db2883c075085c5d6c6258654a801a93766b49af0b82d4f454e2a5?s=96&d=mm&r=g","caption":"LA REDACTION"},"sameAs":["http:\/\/www.public.sn"],"url":"https:\/\/www.public.sn\/index.php\/author\/admin7324\/"}]}},"jetpack_featured_media_url":"https:\/\/www.public.sn\/wp-content\/uploads\/2023\/03\/Seydou-Gueye-APR.jpg","jetpack_sharing_enabled":true,"_links":{"self":[{"href":"https:\/\/www.public.sn\/index.php\/wp-json\/wp\/v2\/posts\/18734","targetHints":{"allow":["GET"]}}],"collection":[{"href":"https:\/\/www.public.sn\/index.php\/wp-json\/wp\/v2\/posts"}],"about":[{"href":"https:\/\/www.public.sn\/index.php\/wp-json\/wp\/v2\/types\/post"}],"author":[{"embeddable":true,"href":"https:\/\/www.public.sn\/index.php\/wp-json\/wp\/v2\/users\/1"}],"replies":[{"embeddable":true,"href":"https:\/\/www.public.sn\/index.php\/wp-json\/wp\/v2\/comments?post=18734"}],"version-history":[{"count":1,"href":"https:\/\/www.public.sn\/index.php\/wp-json\/wp\/v2\/posts\/18734\/revisions"}],"predecessor-version":[{"id":18736,"href":"https:\/\/www.public.sn\/index.php\/wp-json\/wp\/v2\/posts\/18734\/revisions\/18736"}],"wp:featuredmedia":[{"embeddable":true,"href":"https:\/\/www.public.sn\/index.php\/wp-json\/wp\/v2\/media\/18735"}],"wp:attachment":[{"href":"https:\/\/www.public.sn\/index.php\/wp-json\/wp\/v2\/media?parent=18734"}],"wp:term":[{"taxonomy":"category","embeddable":true,"href":"https:\/\/www.public.sn\/index.php\/wp-json\/wp\/v2\/categories?post=18734"},{"taxonomy":"post_tag","embeddable":true,"href":"https:\/\/www.public.sn\/index.php\/wp-json\/wp\/v2\/tags?post=18734"}],"curies":[{"name":"wp","href":"https:\/\/api.w.org\/{rel}","templated":true}]}}