{"id":18780,"date":"2023-03-27T10:51:53","date_gmt":"2023-03-27T10:51:53","guid":{"rendered":"https:\/\/www.public.sn\/?p=18780"},"modified":"2023-03-27T10:51:53","modified_gmt":"2023-03-27T10:51:53","slug":"surete-urbaine-de-dakar-dr-babacar-niang-reconvoque-ce-lundi","status":"publish","type":"post","link":"https:\/\/www.public.sn\/index.php\/2023\/03\/27\/surete-urbaine-de-dakar-dr-babacar-niang-reconvoque-ce-lundi\/","title":{"rendered":"S\u00fbret\u00e9 urbaine de Dakar : Dr Babacar Niang (re)convoqu\u00e9 ce lundi"},"content":{"rendered":"<p><strong>C\u2019est l\u2019information minimale qui a \u00e9t\u00e9 livr\u00e9e par son avocat maitre Abou Alassane Diallo. \u00ab Dr Babacar Niang, lib\u00e9r\u00e9 devra retourner ce lundi \u00e0 la s\u00fbret\u00e9 urbaine pour faire face au commissaire \u00bb informe son avocat. Pour le moment, la robe noire se r\u00e9serve de donner toute autre information suppl\u00e9mentaire sur cette nouvelle convocation du patron de la clinique Suma Assistance<\/strong><\/p><div class=\"publi-paragraphe1\" style=\"margin-top: 10px;margin-bottom: 10px;margin-left: auto;margin-right: auto;text-align: center;\" id=\"publi-1358616861\"><div class=\"publi-adlabel\">Publicit\u00e9<\/div><script async src=\"\/\/pagead2.googlesyndication.com\/pagead\/js\/adsbygoogle.js?client=ca-pub-4089586018074219\" crossorigin=\"anonymous\"><\/script><ins class=\"adsbygoogle\" style=\"display:block;\" data-ad-client=\"ca-pub-4089586018074219\" \ndata-ad-slot=\"2087940154\" \ndata-ad-format=\"auto\"><\/ins>\n<script> \n(adsbygoogle = window.adsbygoogle || []).push({}); \n<\/script>\n<\/div>\n<div class=\"publi-apres-le-contenu\" style=\"margin-top: 10px;margin-bottom: 10px;margin-left: auto;margin-right: auto;text-align: center;\" id=\"publi-118826050\"><div class=\"publi-adlabel\">Publicit\u00e9<\/div><script async src=\"\/\/pagead2.googlesyndication.com\/pagead\/js\/adsbygoogle.js?client=ca-pub-4089586018074219\" crossorigin=\"anonymous\"><\/script><ins class=\"adsbygoogle\" style=\"display:block;\" data-ad-client=\"ca-pub-4089586018074219\" \ndata-ad-slot=\"2087940154\" \ndata-ad-format=\"auto\"><\/ins>\n<script> \n(adsbygoogle = window.adsbygoogle || []).push({}); \n<\/script>\n<\/div>","protected":false},"excerpt":{"rendered":"<p>C\u2019est l\u2019information minimale qui a \u00e9t\u00e9 livr\u00e9e par son avocat maitre Abou Alassane Diallo. \u00ab Dr Babacar Niang, lib\u00e9r\u00e9 devra retourner ce lundi \u00e0 la s\u00fbret\u00e9 urbaine pour faire face au commissaire \u00bb informe son avocat. Pour le moment, la robe noire se r\u00e9serve de donner toute autre information suppl\u00e9mentaire sur cette nouvelle convocation du patron de la clinique Suma Assistance<\/p>\n","protected":false},"author":7,"featured_media":18575,"comment_status":"open","ping_status":"open","sticky":false,"template":"","format":"standard","meta":{"_jetpack_memberships_contains_paid_content":false,"footnotes":""},"categories":[375,3724,3,1574,376,1],"tags":[4867,2240,672,4827,4880,408],"class_list":["post-18780","post","type-post","status-publish","format-standard","has-post-thumbnail","hentry","category-actualites","category-justice","category-politique","category-sante","category-securite-justice","category-non-classe","tag-babacar-niang","tag-convocation","tag-pastef","tag-samu","tag-samu-assistance","tag-surete-urbaine","entry","has-media","owp-thumbs-layout-horizontal","owp-btn-normal","owp-tabs-layout-horizontal","has-no-thumbnails","has-product-nav"],"yoast_head":"<!-- This site is optimized with the Yoast SEO plugin v25.5 - https:\/\/yoast.com\/wordpress\/plugins\/seo\/ -->\n<title>S\u00fbret\u00e9 urbaine de Dakar : Dr Babacar Niang (re)convoqu\u00e9 ce lundi - LE PUBLIC<\/title>\n<meta name=\"robots\" content=\"index, follow, max-snippet:-1, max-image-preview:large, max-video-preview:-1\" \/>\n<link rel=\"canonical\" href=\"https:\/\/www.public.sn\/index.php\/2023\/03\/27\/surete-urbaine-de-dakar-dr-babacar-niang-reconvoque-ce-lundi\/\" \/>\n<meta property=\"og:locale\" content=\"fr_FR\" \/>\n<meta property=\"og:type\" content=\"article\" \/>\n<meta property=\"og:title\" content=\"S\u00fbret\u00e9 urbaine de Dakar : Dr Babacar Niang (re)convoqu\u00e9 ce lundi - LE PUBLIC\" \/>\n<meta property=\"og:description\" content=\"C\u2019est l\u2019information minimale qui a \u00e9t\u00e9 livr\u00e9e par son avocat maitre Abou Alassane Diallo. \u00ab Dr Babacar Niang, lib\u00e9r\u00e9 devra retourner ce lundi \u00e0 la s\u00fbret\u00e9 urbaine pour faire face au commissaire \u00bb informe son avocat. Pour le moment, la robe noire se r\u00e9serve de donner toute autre information suppl\u00e9mentaire sur cette nouvelle convocation du patron de la clinique Suma Assistance\" \/>\n<meta property=\"og:url\" content=\"https:\/\/www.public.sn\/index.php\/2023\/03\/27\/surete-urbaine-de-dakar-dr-babacar-niang-reconvoque-ce-lundi\/\" \/>\n<meta property=\"og:site_name\" content=\"LE PUBLIC\" \/>\n<meta property=\"article:published_time\" content=\"2023-03-27T10:51:53+00:00\" \/>\n<meta property=\"og:image\" content=\"https:\/\/www.public.sn\/wp-content\/uploads\/2023\/03\/Dr-Babacar-Niang.jpg\" \/>\n\t<meta property=\"og:image:width\" content=\"296\" \/>\n\t<meta property=\"og:image:height\" content=\"170\" \/>\n\t<meta property=\"og:image:type\" content=\"image\/jpeg\" \/>\n<meta name=\"author\" content=\"LA REDACTION\" \/>\n<meta name=\"twitter:card\" content=\"summary_large_image\" \/>\n<meta name=\"twitter:label1\" content=\"\u00c9crit par\" \/>\n\t<meta name=\"twitter:data1\" content=\"LA REDACTION\" \/>\n\t<meta name=\"twitter:label2\" content=\"Dur\u00e9e de lecture estim\u00e9e\" \/>\n\t<meta name=\"twitter:data2\" content=\"1 minute\" \/>\n<script type=\"application\/ld+json\" class=\"yoast-schema-graph\">{\"@context\":\"https:\/\/schema.org\",\"@graph\":[{\"@type\":\"Article\",\"@id\":\"https:\/\/www.public.sn\/index.php\/2023\/03\/27\/surete-urbaine-de-dakar-dr-babacar-niang-reconvoque-ce-lundi\/#article\",\"isPartOf\":{\"@id\":\"https:\/\/www.public.sn\/index.php\/2023\/03\/27\/surete-urbaine-de-dakar-dr-babacar-niang-reconvoque-ce-lundi\/\"},\"author\":{\"name\":\"LA REDACTION\",\"@id\":\"https:\/\/www.public.sn\/#\/schema\/person\/cb76c8e1b8becc6be61fb5e92d6d0224\"},\"headline\":\"S\u00fbret\u00e9 urbaine de Dakar : Dr Babacar Niang (re)convoqu\u00e9 ce lundi\",\"datePublished\":\"2023-03-27T10:51:53+00:00\",\"mainEntityOfPage\":{\"@id\":\"https:\/\/www.public.sn\/index.php\/2023\/03\/27\/surete-urbaine-de-dakar-dr-babacar-niang-reconvoque-ce-lundi\/\"},\"wordCount\":77,\"commentCount\":0,\"publisher\":{\"@id\":\"https:\/\/www.public.sn\/#organization\"},\"image\":{\"@id\":\"https:\/\/www.public.sn\/index.php\/2023\/03\/27\/surete-urbaine-de-dakar-dr-babacar-niang-reconvoque-ce-lundi\/#primaryimage\"},\"thumbnailUrl\":\"https:\/\/www.public.sn\/wp-content\/uploads\/2023\/03\/Dr-Babacar-Niang.jpg\",\"keywords\":[\"Babacar Niang\",\"Convocation\",\"Pastef\",\"SAMU\",\"SAMU Assistance\",\"Suret\u00e9 Urbaine\"],\"articleSection\":[\"ACTUALIT\u00c9S\",\"justice\",\"POLITIQUE\",\"SANT\u00c9\",\"S\u00c9CURIT\u00c9 &amp; JUSTICE\",\"S\u00c9N\u00c9GAL\"],\"inLanguage\":\"fr-FR\",\"potentialAction\":[{\"@type\":\"CommentAction\",\"name\":\"Comment\",\"target\":[\"https:\/\/www.public.sn\/index.php\/2023\/03\/27\/surete-urbaine-de-dakar-dr-babacar-niang-reconvoque-ce-lundi\/#respond\"]}]},{\"@type\":\"WebPage\",\"@id\":\"https:\/\/www.public.sn\/index.php\/2023\/03\/27\/surete-urbaine-de-dakar-dr-babacar-niang-reconvoque-ce-lundi\/\",\"url\":\"https:\/\/www.public.sn\/index.php\/2023\/03\/27\/surete-urbaine-de-dakar-dr-babacar-niang-reconvoque-ce-lundi\/\",\"name\":\"S\u00fbret\u00e9 urbaine de Dakar : Dr Babacar Niang (re)convoqu\u00e9 ce lundi - LE PUBLIC\",\"isPartOf\":{\"@id\":\"https:\/\/www.public.sn\/#website\"},\"primaryImageOfPage\":{\"@id\":\"https:\/\/www.public.sn\/index.php\/2023\/03\/27\/surete-urbaine-de-dakar-dr-babacar-niang-reconvoque-ce-lundi\/#primaryimage\"},\"image\":{\"@id\":\"https:\/\/www.public.sn\/index.php\/2023\/03\/27\/surete-urbaine-de-dakar-dr-babacar-niang-reconvoque-ce-lundi\/#primaryimage\"},\"thumbnailUrl\":\"https:\/\/www.public.sn\/wp-content\/uploads\/2023\/03\/Dr-Babacar-Niang.jpg\",\"datePublished\":\"2023-03-27T10:51:53+00:00\",\"breadcrumb\":{\"@id\":\"https:\/\/www.public.sn\/index.php\/2023\/03\/27\/surete-urbaine-de-dakar-dr-babacar-niang-reconvoque-ce-lundi\/#breadcrumb\"},\"inLanguage\":\"fr-FR\",\"potentialAction\":[{\"@type\":\"ReadAction\",\"target\":[\"https:\/\/www.public.sn\/index.php\/2023\/03\/27\/surete-urbaine-de-dakar-dr-babacar-niang-reconvoque-ce-lundi\/\"]}]},{\"@type\":\"ImageObject\",\"inLanguage\":\"fr-FR\",\"@id\":\"https:\/\/www.public.sn\/index.php\/2023\/03\/27\/surete-urbaine-de-dakar-dr-babacar-niang-reconvoque-ce-lundi\/#primaryimage\",\"url\":\"https:\/\/www.public.sn\/wp-content\/uploads\/2023\/03\/Dr-Babacar-Niang.jpg\",\"contentUrl\":\"https:\/\/www.public.sn\/wp-content\/uploads\/2023\/03\/Dr-Babacar-Niang.jpg\",\"width\":296,\"height\":170},{\"@type\":\"BreadcrumbList\",\"@id\":\"https:\/\/www.public.sn\/index.php\/2023\/03\/27\/surete-urbaine-de-dakar-dr-babacar-niang-reconvoque-ce-lundi\/#breadcrumb\",\"itemListElement\":[{\"@type\":\"ListItem\",\"position\":1,\"name\":\"Accueil\",\"item\":\"https:\/\/www.public.sn\/\"},{\"@type\":\"ListItem\",\"position\":2,\"name\":\"S\u00fbret\u00e9 urbaine de Dakar : Dr Babacar Niang (re)convoqu\u00e9 ce lundi\"}]},{\"@type\":\"WebSite\",\"@id\":\"https:\/\/www.public.sn\/#website\",\"url\":\"https:\/\/www.public.sn\/\",\"name\":\"LE PUBLIC\",\"description\":\"\",\"publisher\":{\"@id\":\"https:\/\/www.public.sn\/#organization\"},\"potentialAction\":[{\"@type\":\"SearchAction\",\"target\":{\"@type\":\"EntryPoint\",\"urlTemplate\":\"https:\/\/www.public.sn\/?s={search_term_string}\"},\"query-input\":{\"@type\":\"PropertyValueSpecification\",\"valueRequired\":true,\"valueName\":\"search_term_string\"}}],\"inLanguage\":\"fr-FR\"},{\"@type\":\"Organization\",\"@id\":\"https:\/\/www.public.sn\/#organization\",\"name\":\"LE PUBLIC\",\"url\":\"https:\/\/www.public.sn\/\",\"logo\":{\"@type\":\"ImageObject\",\"inLanguage\":\"fr-FR\",\"@id\":\"https:\/\/www.public.sn\/#\/schema\/logo\/image\/\",\"url\":\"https:\/\/www.public.sn\/wp-content\/uploads\/2024\/05\/cropped-LOGO-PUBLIC.SN_.png\",\"contentUrl\":\"https:\/\/www.public.sn\/wp-content\/uploads\/2024\/05\/cropped-LOGO-PUBLIC.SN_.png\",\"width\":682,\"height\":192,\"caption\":\"LE PUBLIC\"},\"image\":{\"@id\":\"https:\/\/www.public.sn\/#\/schema\/logo\/image\/\"}},{\"@type\":\"Person\",\"@id\":\"https:\/\/www.public.sn\/#\/schema\/person\/cb76c8e1b8becc6be61fb5e92d6d0224\",\"name\":\"LA REDACTION\",\"image\":{\"@type\":\"ImageObject\",\"inLanguage\":\"fr-FR\",\"@id\":\"https:\/\/www.public.sn\/#\/schema\/person\/image\/\",\"url\":\"https:\/\/secure.gravatar.com\/avatar\/2dce5ddd34b8fef0180efe03aa2a9bee7d953856048f9a16b298190a3178407c?s=96&d=mm&r=g\",\"contentUrl\":\"https:\/\/secure.gravatar.com\/avatar\/2dce5ddd34b8fef0180efe03aa2a9bee7d953856048f9a16b298190a3178407c?s=96&d=mm&r=g\",\"caption\":\"LA REDACTION\"},\"url\":\"https:\/\/www.public.sn\/index.php\/author\/editeurpsn\/\"}]}<\/script>\n<!-- \/ Yoast SEO plugin. -->","yoast_head_json":{"title":"S\u00fbret\u00e9 urbaine de Dakar : Dr Babacar Niang (re)convoqu\u00e9 ce lundi - LE PUBLIC","robots":{"index":"index","follow":"follow","max-snippet":"max-snippet:-1","max-image-preview":"max-image-preview:large","max-video-preview":"max-video-preview:-1"},"canonical":"https:\/\/www.public.sn\/index.php\/2023\/03\/27\/surete-urbaine-de-dakar-dr-babacar-niang-reconvoque-ce-lundi\/","og_locale":"fr_FR","og_type":"article","og_title":"S\u00fbret\u00e9 urbaine de Dakar : Dr Babacar Niang (re)convoqu\u00e9 ce lundi - LE PUBLIC","og_description":"C\u2019est l\u2019information minimale qui a \u00e9t\u00e9 livr\u00e9e par son avocat maitre Abou Alassane Diallo. \u00ab Dr Babacar Niang, lib\u00e9r\u00e9 devra retourner ce lundi \u00e0 la s\u00fbret\u00e9 urbaine pour faire face au commissaire \u00bb informe son avocat. Pour le moment, la robe noire se r\u00e9serve de donner toute autre information suppl\u00e9mentaire sur cette nouvelle convocation du patron de la clinique Suma Assistance","og_url":"https:\/\/www.public.sn\/index.php\/2023\/03\/27\/surete-urbaine-de-dakar-dr-babacar-niang-reconvoque-ce-lundi\/","og_site_name":"LE PUBLIC","article_published_time":"2023-03-27T10:51:53+00:00","og_image":[{"width":296,"height":170,"url":"https:\/\/www.public.sn\/wp-content\/uploads\/2023\/03\/Dr-Babacar-Niang.jpg","type":"image\/jpeg"}],"author":"LA REDACTION","twitter_card":"summary_large_image","twitter_misc":{"\u00c9crit par":"LA REDACTION","Dur\u00e9e de lecture estim\u00e9e":"1 minute"},"schema":{"@context":"https:\/\/schema.org","@graph":[{"@type":"Article","@id":"https:\/\/www.public.sn\/index.php\/2023\/03\/27\/surete-urbaine-de-dakar-dr-babacar-niang-reconvoque-ce-lundi\/#article","isPartOf":{"@id":"https:\/\/www.public.sn\/index.php\/2023\/03\/27\/surete-urbaine-de-dakar-dr-babacar-niang-reconvoque-ce-lundi\/"},"author":{"name":"LA REDACTION","@id":"https:\/\/www.public.sn\/#\/schema\/person\/cb76c8e1b8becc6be61fb5e92d6d0224"},"headline":"S\u00fbret\u00e9 urbaine de Dakar : Dr Babacar Niang (re)convoqu\u00e9 ce lundi","datePublished":"2023-03-27T10:51:53+00:00","mainEntityOfPage":{"@id":"https:\/\/www.public.sn\/index.php\/2023\/03\/27\/surete-urbaine-de-dakar-dr-babacar-niang-reconvoque-ce-lundi\/"},"wordCount":77,"commentCount":0,"publisher":{"@id":"https:\/\/www.public.sn\/#organization"},"image":{"@id":"https:\/\/www.public.sn\/index.php\/2023\/03\/27\/surete-urbaine-de-dakar-dr-babacar-niang-reconvoque-ce-lundi\/#primaryimage"},"thumbnailUrl":"https:\/\/www.public.sn\/wp-content\/uploads\/2023\/03\/Dr-Babacar-Niang.jpg","keywords":["Babacar Niang","Convocation","Pastef","SAMU","SAMU Assistance","Suret\u00e9 Urbaine"],"articleSection":["ACTUALIT\u00c9S","justice","POLITIQUE","SANT\u00c9","S\u00c9CURIT\u00c9 &amp; JUSTICE","S\u00c9N\u00c9GAL"],"inLanguage":"fr-FR","potentialAction":[{"@type":"CommentAction","name":"Comment","target":["https:\/\/www.public.sn\/index.php\/2023\/03\/27\/surete-urbaine-de-dakar-dr-babacar-niang-reconvoque-ce-lundi\/#respond"]}]},{"@type":"WebPage","@id":"https:\/\/www.public.sn\/index.php\/2023\/03\/27\/surete-urbaine-de-dakar-dr-babacar-niang-reconvoque-ce-lundi\/","url":"https:\/\/www.public.sn\/index.php\/2023\/03\/27\/surete-urbaine-de-dakar-dr-babacar-niang-reconvoque-ce-lundi\/","name":"S\u00fbret\u00e9 urbaine de Dakar : Dr Babacar Niang (re)convoqu\u00e9 ce lundi - LE PUBLIC","isPartOf":{"@id":"https:\/\/www.public.sn\/#website"},"primaryImageOfPage":{"@id":"https:\/\/www.public.sn\/index.php\/2023\/03\/27\/surete-urbaine-de-dakar-dr-babacar-niang-reconvoque-ce-lundi\/#primaryimage"},"image":{"@id":"https:\/\/www.public.sn\/index.php\/2023\/03\/27\/surete-urbaine-de-dakar-dr-babacar-niang-reconvoque-ce-lundi\/#primaryimage"},"thumbnailUrl":"https:\/\/www.public.sn\/wp-content\/uploads\/2023\/03\/Dr-Babacar-Niang.jpg","datePublished":"2023-03-27T10:51:53+00:00","breadcrumb":{"@id":"https:\/\/www.public.sn\/index.php\/2023\/03\/27\/surete-urbaine-de-dakar-dr-babacar-niang-reconvoque-ce-lundi\/#breadcrumb"},"inLanguage":"fr-FR","potentialAction":[{"@type":"ReadAction","target":["https:\/\/www.public.sn\/index.php\/2023\/03\/27\/surete-urbaine-de-dakar-dr-babacar-niang-reconvoque-ce-lundi\/"]}]},{"@type":"ImageObject","inLanguage":"fr-FR","@id":"https:\/\/www.public.sn\/index.php\/2023\/03\/27\/surete-urbaine-de-dakar-dr-babacar-niang-reconvoque-ce-lundi\/#primaryimage","url":"https:\/\/www.public.sn\/wp-content\/uploads\/2023\/03\/Dr-Babacar-Niang.jpg","contentUrl":"https:\/\/www.public.sn\/wp-content\/uploads\/2023\/03\/Dr-Babacar-Niang.jpg","width":296,"height":170},{"@type":"BreadcrumbList","@id":"https:\/\/www.public.sn\/index.php\/2023\/03\/27\/surete-urbaine-de-dakar-dr-babacar-niang-reconvoque-ce-lundi\/#breadcrumb","itemListElement":[{"@type":"ListItem","position":1,"name":"Accueil","item":"https:\/\/www.public.sn\/"},{"@type":"ListItem","position":2,"name":"S\u00fbret\u00e9 urbaine de Dakar : Dr Babacar Niang (re)convoqu\u00e9 ce lundi"}]},{"@type":"WebSite","@id":"https:\/\/www.public.sn\/#website","url":"https:\/\/www.public.sn\/","name":"LE PUBLIC","description":"","publisher":{"@id":"https:\/\/www.public.sn\/#organization"},"potentialAction":[{"@type":"SearchAction","target":{"@type":"EntryPoint","urlTemplate":"https:\/\/www.public.sn\/?s={search_term_string}"},"query-input":{"@type":"PropertyValueSpecification","valueRequired":true,"valueName":"search_term_string"}}],"inLanguage":"fr-FR"},{"@type":"Organization","@id":"https:\/\/www.public.sn\/#organization","name":"LE PUBLIC","url":"https:\/\/www.public.sn\/","logo":{"@type":"ImageObject","inLanguage":"fr-FR","@id":"https:\/\/www.public.sn\/#\/schema\/logo\/image\/","url":"https:\/\/www.public.sn\/wp-content\/uploads\/2024\/05\/cropped-LOGO-PUBLIC.SN_.png","contentUrl":"https:\/\/www.public.sn\/wp-content\/uploads\/2024\/05\/cropped-LOGO-PUBLIC.SN_.png","width":682,"height":192,"caption":"LE PUBLIC"},"image":{"@id":"https:\/\/www.public.sn\/#\/schema\/logo\/image\/"}},{"@type":"Person","@id":"https:\/\/www.public.sn\/#\/schema\/person\/cb76c8e1b8becc6be61fb5e92d6d0224","name":"LA REDACTION","image":{"@type":"ImageObject","inLanguage":"fr-FR","@id":"https:\/\/www.public.sn\/#\/schema\/person\/image\/","url":"https:\/\/secure.gravatar.com\/avatar\/2dce5ddd34b8fef0180efe03aa2a9bee7d953856048f9a16b298190a3178407c?s=96&d=mm&r=g","contentUrl":"https:\/\/secure.gravatar.com\/avatar\/2dce5ddd34b8fef0180efe03aa2a9bee7d953856048f9a16b298190a3178407c?s=96&d=mm&r=g","caption":"LA REDACTION"},"url":"https:\/\/www.public.sn\/index.php\/author\/editeurpsn\/"}]}},"jetpack_featured_media_url":"https:\/\/www.public.sn\/wp-content\/uploads\/2023\/03\/Dr-Babacar-Niang.jpg","jetpack_sharing_enabled":true,"_links":{"self":[{"href":"https:\/\/www.public.sn\/index.php\/wp-json\/wp\/v2\/posts\/18780","targetHints":{"allow":["GET"]}}],"collection":[{"href":"https:\/\/www.public.sn\/index.php\/wp-json\/wp\/v2\/posts"}],"about":[{"href":"https:\/\/www.public.sn\/index.php\/wp-json\/wp\/v2\/types\/post"}],"author":[{"embeddable":true,"href":"https:\/\/www.public.sn\/index.php\/wp-json\/wp\/v2\/users\/7"}],"replies":[{"embeddable":true,"href":"https:\/\/www.public.sn\/index.php\/wp-json\/wp\/v2\/comments?post=18780"}],"version-history":[{"count":1,"href":"https:\/\/www.public.sn\/index.php\/wp-json\/wp\/v2\/posts\/18780\/revisions"}],"predecessor-version":[{"id":18781,"href":"https:\/\/www.public.sn\/index.php\/wp-json\/wp\/v2\/posts\/18780\/revisions\/18781"}],"wp:featuredmedia":[{"embeddable":true,"href":"https:\/\/www.public.sn\/index.php\/wp-json\/wp\/v2\/media\/18575"}],"wp:attachment":[{"href":"https:\/\/www.public.sn\/index.php\/wp-json\/wp\/v2\/media?parent=18780"}],"wp:term":[{"taxonomy":"category","embeddable":true,"href":"https:\/\/www.public.sn\/index.php\/wp-json\/wp\/v2\/categories?post=18780"},{"taxonomy":"post_tag","embeddable":true,"href":"https:\/\/www.public.sn\/index.php\/wp-json\/wp\/v2\/tags?post=18780"}],"curies":[{"name":"wp","href":"https:\/\/api.w.org\/{rel}","templated":true}]}}