{"id":18795,"date":"2023-03-27T11:24:37","date_gmt":"2023-03-27T11:24:37","guid":{"rendered":"https:\/\/www.public.sn\/?p=18795"},"modified":"2023-03-27T11:24:37","modified_gmt":"2023-03-27T11:24:37","slug":"dakar-tous-les-eleves-dans-la-rue-ce-lundi","status":"publish","type":"post","link":"https:\/\/www.public.sn\/index.php\/2023\/03\/27\/dakar-tous-les-eleves-dans-la-rue-ce-lundi\/","title":{"rendered":"Dakar : Tous les \u00e9l\u00e8ves dans la rue, ce lundi"},"content":{"rendered":"<p><strong>Les \u00e9l\u00e8ves de tous les lyc\u00e9es de Dakar organise, aujourd\u2019hui lundi, une grande marche pour exiger la lib\u00e9ration de leurs camarades arr\u00eat\u00e9s<\/strong><\/p><div class=\"publi-paragraphe1\" style=\"margin-top: 10px;margin-bottom: 10px;margin-left: auto;margin-right: auto;text-align: center;\" id=\"publi-1510705688\"><div class=\"publi-adlabel\">Publicit\u00e9<\/div><script async src=\"\/\/pagead2.googlesyndication.com\/pagead\/js\/adsbygoogle.js?client=ca-pub-4089586018074219\" crossorigin=\"anonymous\"><\/script><ins class=\"adsbygoogle\" style=\"display:block;\" data-ad-client=\"ca-pub-4089586018074219\" \ndata-ad-slot=\"2087940154\" \ndata-ad-format=\"auto\"><\/ins>\n<script> \n(adsbygoogle = window.adsbygoogle || []).push({}); \n<\/script>\n<\/div>\n<p>Il s\u2019agit de El Bachir Niang du Lyc\u00e9e MM Delafosse et Serigne Moustalla Niasse, interpell\u00e9s depuis jeudi dernier lors des manifestations. Elle sera suivie d\u2019un point de presse.<\/p>\n<p>Selon les coordonateurs du mouvement, il y aura deux groupes. Le premier s\u2019occupera du Trajet 1 dirig\u00e9 par le Mixte de Delafosse. Il sera compos\u00e9 du Lyc\u00e9e Mixte Delafosse, Commerce Delafosse, Technique Delafosse, Lamine Gu\u00e8ye, Jean de la Fontaine, AMJ, Birago Diop, Blaise Diagne, Kennedy.<\/p>\n<p>Le deuxi\u00e8me groupe, dirig\u00e9 par Galandou Diouf et Seydou Nourou Tall aura en charge le Trajet 2: GALANDOU Diouf, Nourou Tall, YALLA SUREEN, SYMBIOSE, SACR\u00c9-C\u0152UR, Saldia, Fadilou Mback\u00e9.<\/p>\n<div class=\"publi-apres-le-contenu\" style=\"margin-top: 10px;margin-bottom: 10px;margin-left: auto;margin-right: auto;text-align: center;\" id=\"publi-2127629746\"><div class=\"publi-adlabel\">Publicit\u00e9<\/div><script async src=\"\/\/pagead2.googlesyndication.com\/pagead\/js\/adsbygoogle.js?client=ca-pub-4089586018074219\" crossorigin=\"anonymous\"><\/script><ins class=\"adsbygoogle\" style=\"display:block;\" data-ad-client=\"ca-pub-4089586018074219\" \ndata-ad-slot=\"2087940154\" \ndata-ad-format=\"auto\"><\/ins>\n<script> \n(adsbygoogle = window.adsbygoogle || []).push({}); \n<\/script>\n<\/div>","protected":false},"excerpt":{"rendered":"<p>Les \u00e9l\u00e8ves de tous les lyc\u00e9es de Dakar organise, aujourd\u2019hui lundi, une grande marche pour exiger la lib\u00e9ration de leurs camarades arr\u00eat\u00e9s Il s\u2019agit de El Bachir Niang du Lyc\u00e9e MM Delafosse et Serigne Moustalla Niasse, interpell\u00e9s depuis jeudi dernier lors des manifestations. Elle sera suivie d\u2019un point de presse. Selon les coordonateurs du mouvement, il y aura deux groupes. Le premier s\u2019occupera du Trajet 1 dirig\u00e9 par le Mixte de Delafosse. Il sera compos\u00e9 du Lyc\u00e9e Mixte Delafosse, Commerce Delafosse, Technique Delafosse, Lamine Gu\u00e8ye, Jean de la Fontaine, AMJ, Birago Diop, Blaise Diagne, Kennedy. Le deuxi\u00e8me groupe, dirig\u00e9 par Galandou Diouf et Seydou Nourou Tall aura en charge le Trajet 2: GALANDOU Diouf, Nourou Tall, YALLA SUREEN, SYMBIOSE, SACR\u00c9-C\u0152UR, Saldia, Fadilou Mback\u00e9.<\/p>\n","protected":false},"author":7,"featured_media":18798,"comment_status":"open","ping_status":"open","sticky":false,"template":"","format":"standard","meta":{"_jetpack_memberships_contains_paid_content":false,"footnotes":""},"categories":[375,854,379,4353,3,376,1,4],"tags":[75,1372,2067,4804,4958],"class_list":["post-18795","post","type-post","status-publish","format-standard","has-post-thumbnail","hentry","category-actualites","category-education","category-faits-divers","category-manifestations","category-politique","category-securite-justice","category-non-classe","category-societe","tag-dakar","tag-eleves","tag-liberation","tag-manif","tag-march","entry","has-media","owp-thumbs-layout-horizontal","owp-btn-normal","owp-tabs-layout-horizontal","has-no-thumbnails","has-product-nav"],"yoast_head":"<!-- This site is optimized with the Yoast SEO plugin v25.5 - https:\/\/yoast.com\/wordpress\/plugins\/seo\/ -->\n<title>Dakar : Tous les \u00e9l\u00e8ves dans la rue, ce lundi - LE PUBLIC<\/title>\n<meta name=\"robots\" content=\"index, follow, max-snippet:-1, max-image-preview:large, max-video-preview:-1\" \/>\n<link rel=\"canonical\" href=\"https:\/\/www.public.sn\/index.php\/2023\/03\/27\/dakar-tous-les-eleves-dans-la-rue-ce-lundi\/\" \/>\n<meta property=\"og:locale\" content=\"fr_FR\" \/>\n<meta property=\"og:type\" content=\"article\" \/>\n<meta property=\"og:title\" content=\"Dakar : Tous les \u00e9l\u00e8ves dans la rue, ce lundi - LE PUBLIC\" \/>\n<meta property=\"og:description\" content=\"Les \u00e9l\u00e8ves de tous les lyc\u00e9es de Dakar organise, aujourd\u2019hui lundi, une grande marche pour exiger la lib\u00e9ration de leurs camarades arr\u00eat\u00e9s Il s\u2019agit de El Bachir Niang du Lyc\u00e9e MM Delafosse et Serigne Moustalla Niasse, interpell\u00e9s depuis jeudi dernier lors des manifestations. Elle sera suivie d\u2019un point de presse. Selon les coordonateurs du mouvement, il y aura deux groupes. Le premier s\u2019occupera du Trajet 1 dirig\u00e9 par le Mixte de Delafosse. Il sera compos\u00e9 du Lyc\u00e9e Mixte Delafosse, Commerce Delafosse, Technique Delafosse, Lamine Gu\u00e8ye, Jean de la Fontaine, AMJ, Birago Diop, Blaise Diagne, Kennedy. Le deuxi\u00e8me groupe, dirig\u00e9 par Galandou Diouf et Seydou Nourou Tall aura en charge le Trajet 2: GALANDOU Diouf, Nourou Tall, YALLA SUREEN, SYMBIOSE, SACR\u00c9-C\u0152UR, Saldia, Fadilou Mback\u00e9.\" \/>\n<meta property=\"og:url\" content=\"https:\/\/www.public.sn\/index.php\/2023\/03\/27\/dakar-tous-les-eleves-dans-la-rue-ce-lundi\/\" \/>\n<meta property=\"og:site_name\" content=\"LE PUBLIC\" \/>\n<meta property=\"article:published_time\" content=\"2023-03-27T11:24:37+00:00\" \/>\n<meta property=\"og:image\" content=\"https:\/\/www.public.sn\/wp-content\/uploads\/2023\/03\/manifestation-des-eleves.jpeg\" \/>\n\t<meta property=\"og:image:width\" content=\"500\" \/>\n\t<meta property=\"og:image:height\" content=\"281\" \/>\n\t<meta property=\"og:image:type\" content=\"image\/jpeg\" \/>\n<meta name=\"author\" content=\"LA REDACTION\" \/>\n<meta name=\"twitter:card\" content=\"summary_large_image\" \/>\n<meta name=\"twitter:label1\" content=\"\u00c9crit par\" \/>\n\t<meta name=\"twitter:data1\" content=\"LA REDACTION\" \/>\n\t<meta name=\"twitter:label2\" content=\"Dur\u00e9e de lecture estim\u00e9e\" \/>\n\t<meta name=\"twitter:data2\" content=\"1 minute\" \/>\n<script type=\"application\/ld+json\" class=\"yoast-schema-graph\">{\"@context\":\"https:\/\/schema.org\",\"@graph\":[{\"@type\":\"Article\",\"@id\":\"https:\/\/www.public.sn\/index.php\/2023\/03\/27\/dakar-tous-les-eleves-dans-la-rue-ce-lundi\/#article\",\"isPartOf\":{\"@id\":\"https:\/\/www.public.sn\/index.php\/2023\/03\/27\/dakar-tous-les-eleves-dans-la-rue-ce-lundi\/\"},\"author\":{\"name\":\"LA REDACTION\",\"@id\":\"https:\/\/www.public.sn\/#\/schema\/person\/cb76c8e1b8becc6be61fb5e92d6d0224\"},\"headline\":\"Dakar : Tous les \u00e9l\u00e8ves dans la rue, ce lundi\",\"datePublished\":\"2023-03-27T11:24:37+00:00\",\"mainEntityOfPage\":{\"@id\":\"https:\/\/www.public.sn\/index.php\/2023\/03\/27\/dakar-tous-les-eleves-dans-la-rue-ce-lundi\/\"},\"wordCount\":147,\"commentCount\":0,\"publisher\":{\"@id\":\"https:\/\/www.public.sn\/#organization\"},\"image\":{\"@id\":\"https:\/\/www.public.sn\/index.php\/2023\/03\/27\/dakar-tous-les-eleves-dans-la-rue-ce-lundi\/#primaryimage\"},\"thumbnailUrl\":\"https:\/\/www.public.sn\/wp-content\/uploads\/2023\/03\/manifestation-des-eleves.jpeg\",\"keywords\":[\"Dakar\",\"eleves\",\"liberation\",\"manif\",\"march\"],\"articleSection\":[\"ACTUALIT\u00c9S\",\"\u00c9DUCATION\",\"FAITS DIVERS\",\"MANIFESTATIONS\",\"POLITIQUE\",\"S\u00c9CURIT\u00c9 &amp; JUSTICE\",\"S\u00c9N\u00c9GAL\",\"SOCIETE\"],\"inLanguage\":\"fr-FR\",\"potentialAction\":[{\"@type\":\"CommentAction\",\"name\":\"Comment\",\"target\":[\"https:\/\/www.public.sn\/index.php\/2023\/03\/27\/dakar-tous-les-eleves-dans-la-rue-ce-lundi\/#respond\"]}]},{\"@type\":\"WebPage\",\"@id\":\"https:\/\/www.public.sn\/index.php\/2023\/03\/27\/dakar-tous-les-eleves-dans-la-rue-ce-lundi\/\",\"url\":\"https:\/\/www.public.sn\/index.php\/2023\/03\/27\/dakar-tous-les-eleves-dans-la-rue-ce-lundi\/\",\"name\":\"Dakar : Tous les \u00e9l\u00e8ves dans la rue, ce lundi - LE PUBLIC\",\"isPartOf\":{\"@id\":\"https:\/\/www.public.sn\/#website\"},\"primaryImageOfPage\":{\"@id\":\"https:\/\/www.public.sn\/index.php\/2023\/03\/27\/dakar-tous-les-eleves-dans-la-rue-ce-lundi\/#primaryimage\"},\"image\":{\"@id\":\"https:\/\/www.public.sn\/index.php\/2023\/03\/27\/dakar-tous-les-eleves-dans-la-rue-ce-lundi\/#primaryimage\"},\"thumbnailUrl\":\"https:\/\/www.public.sn\/wp-content\/uploads\/2023\/03\/manifestation-des-eleves.jpeg\",\"datePublished\":\"2023-03-27T11:24:37+00:00\",\"breadcrumb\":{\"@id\":\"https:\/\/www.public.sn\/index.php\/2023\/03\/27\/dakar-tous-les-eleves-dans-la-rue-ce-lundi\/#breadcrumb\"},\"inLanguage\":\"fr-FR\",\"potentialAction\":[{\"@type\":\"ReadAction\",\"target\":[\"https:\/\/www.public.sn\/index.php\/2023\/03\/27\/dakar-tous-les-eleves-dans-la-rue-ce-lundi\/\"]}]},{\"@type\":\"ImageObject\",\"inLanguage\":\"fr-FR\",\"@id\":\"https:\/\/www.public.sn\/index.php\/2023\/03\/27\/dakar-tous-les-eleves-dans-la-rue-ce-lundi\/#primaryimage\",\"url\":\"https:\/\/www.public.sn\/wp-content\/uploads\/2023\/03\/manifestation-des-eleves.jpeg\",\"contentUrl\":\"https:\/\/www.public.sn\/wp-content\/uploads\/2023\/03\/manifestation-des-eleves.jpeg\",\"width\":500,\"height\":281},{\"@type\":\"BreadcrumbList\",\"@id\":\"https:\/\/www.public.sn\/index.php\/2023\/03\/27\/dakar-tous-les-eleves-dans-la-rue-ce-lundi\/#breadcrumb\",\"itemListElement\":[{\"@type\":\"ListItem\",\"position\":1,\"name\":\"Accueil\",\"item\":\"https:\/\/www.public.sn\/\"},{\"@type\":\"ListItem\",\"position\":2,\"name\":\"Dakar : Tous les \u00e9l\u00e8ves dans la rue, ce lundi\"}]},{\"@type\":\"WebSite\",\"@id\":\"https:\/\/www.public.sn\/#website\",\"url\":\"https:\/\/www.public.sn\/\",\"name\":\"LE PUBLIC\",\"description\":\"\",\"publisher\":{\"@id\":\"https:\/\/www.public.sn\/#organization\"},\"potentialAction\":[{\"@type\":\"SearchAction\",\"target\":{\"@type\":\"EntryPoint\",\"urlTemplate\":\"https:\/\/www.public.sn\/?s={search_term_string}\"},\"query-input\":{\"@type\":\"PropertyValueSpecification\",\"valueRequired\":true,\"valueName\":\"search_term_string\"}}],\"inLanguage\":\"fr-FR\"},{\"@type\":\"Organization\",\"@id\":\"https:\/\/www.public.sn\/#organization\",\"name\":\"LE PUBLIC\",\"url\":\"https:\/\/www.public.sn\/\",\"logo\":{\"@type\":\"ImageObject\",\"inLanguage\":\"fr-FR\",\"@id\":\"https:\/\/www.public.sn\/#\/schema\/logo\/image\/\",\"url\":\"https:\/\/www.public.sn\/wp-content\/uploads\/2024\/05\/cropped-LOGO-PUBLIC.SN_.png\",\"contentUrl\":\"https:\/\/www.public.sn\/wp-content\/uploads\/2024\/05\/cropped-LOGO-PUBLIC.SN_.png\",\"width\":682,\"height\":192,\"caption\":\"LE PUBLIC\"},\"image\":{\"@id\":\"https:\/\/www.public.sn\/#\/schema\/logo\/image\/\"}},{\"@type\":\"Person\",\"@id\":\"https:\/\/www.public.sn\/#\/schema\/person\/cb76c8e1b8becc6be61fb5e92d6d0224\",\"name\":\"LA REDACTION\",\"image\":{\"@type\":\"ImageObject\",\"inLanguage\":\"fr-FR\",\"@id\":\"https:\/\/www.public.sn\/#\/schema\/person\/image\/\",\"url\":\"https:\/\/secure.gravatar.com\/avatar\/2dce5ddd34b8fef0180efe03aa2a9bee7d953856048f9a16b298190a3178407c?s=96&d=mm&r=g\",\"contentUrl\":\"https:\/\/secure.gravatar.com\/avatar\/2dce5ddd34b8fef0180efe03aa2a9bee7d953856048f9a16b298190a3178407c?s=96&d=mm&r=g\",\"caption\":\"LA REDACTION\"},\"url\":\"https:\/\/www.public.sn\/index.php\/author\/editeurpsn\/\"}]}<\/script>\n<!-- \/ Yoast SEO plugin. -->","yoast_head_json":{"title":"Dakar : Tous les \u00e9l\u00e8ves dans la rue, ce lundi - LE PUBLIC","robots":{"index":"index","follow":"follow","max-snippet":"max-snippet:-1","max-image-preview":"max-image-preview:large","max-video-preview":"max-video-preview:-1"},"canonical":"https:\/\/www.public.sn\/index.php\/2023\/03\/27\/dakar-tous-les-eleves-dans-la-rue-ce-lundi\/","og_locale":"fr_FR","og_type":"article","og_title":"Dakar : Tous les \u00e9l\u00e8ves dans la rue, ce lundi - LE PUBLIC","og_description":"Les \u00e9l\u00e8ves de tous les lyc\u00e9es de Dakar organise, aujourd\u2019hui lundi, une grande marche pour exiger la lib\u00e9ration de leurs camarades arr\u00eat\u00e9s Il s\u2019agit de El Bachir Niang du Lyc\u00e9e MM Delafosse et Serigne Moustalla Niasse, interpell\u00e9s depuis jeudi dernier lors des manifestations. Elle sera suivie d\u2019un point de presse. Selon les coordonateurs du mouvement, il y aura deux groupes. Le premier s\u2019occupera du Trajet 1 dirig\u00e9 par le Mixte de Delafosse. Il sera compos\u00e9 du Lyc\u00e9e Mixte Delafosse, Commerce Delafosse, Technique Delafosse, Lamine Gu\u00e8ye, Jean de la Fontaine, AMJ, Birago Diop, Blaise Diagne, Kennedy. Le deuxi\u00e8me groupe, dirig\u00e9 par Galandou Diouf et Seydou Nourou Tall aura en charge le Trajet 2: GALANDOU Diouf, Nourou Tall, YALLA SUREEN, SYMBIOSE, SACR\u00c9-C\u0152UR, Saldia, Fadilou Mback\u00e9.","og_url":"https:\/\/www.public.sn\/index.php\/2023\/03\/27\/dakar-tous-les-eleves-dans-la-rue-ce-lundi\/","og_site_name":"LE PUBLIC","article_published_time":"2023-03-27T11:24:37+00:00","og_image":[{"width":500,"height":281,"url":"https:\/\/www.public.sn\/wp-content\/uploads\/2023\/03\/manifestation-des-eleves.jpeg","type":"image\/jpeg"}],"author":"LA REDACTION","twitter_card":"summary_large_image","twitter_misc":{"\u00c9crit par":"LA REDACTION","Dur\u00e9e de lecture estim\u00e9e":"1 minute"},"schema":{"@context":"https:\/\/schema.org","@graph":[{"@type":"Article","@id":"https:\/\/www.public.sn\/index.php\/2023\/03\/27\/dakar-tous-les-eleves-dans-la-rue-ce-lundi\/#article","isPartOf":{"@id":"https:\/\/www.public.sn\/index.php\/2023\/03\/27\/dakar-tous-les-eleves-dans-la-rue-ce-lundi\/"},"author":{"name":"LA REDACTION","@id":"https:\/\/www.public.sn\/#\/schema\/person\/cb76c8e1b8becc6be61fb5e92d6d0224"},"headline":"Dakar : Tous les \u00e9l\u00e8ves dans la rue, ce lundi","datePublished":"2023-03-27T11:24:37+00:00","mainEntityOfPage":{"@id":"https:\/\/www.public.sn\/index.php\/2023\/03\/27\/dakar-tous-les-eleves-dans-la-rue-ce-lundi\/"},"wordCount":147,"commentCount":0,"publisher":{"@id":"https:\/\/www.public.sn\/#organization"},"image":{"@id":"https:\/\/www.public.sn\/index.php\/2023\/03\/27\/dakar-tous-les-eleves-dans-la-rue-ce-lundi\/#primaryimage"},"thumbnailUrl":"https:\/\/www.public.sn\/wp-content\/uploads\/2023\/03\/manifestation-des-eleves.jpeg","keywords":["Dakar","eleves","liberation","manif","march"],"articleSection":["ACTUALIT\u00c9S","\u00c9DUCATION","FAITS DIVERS","MANIFESTATIONS","POLITIQUE","S\u00c9CURIT\u00c9 &amp; JUSTICE","S\u00c9N\u00c9GAL","SOCIETE"],"inLanguage":"fr-FR","potentialAction":[{"@type":"CommentAction","name":"Comment","target":["https:\/\/www.public.sn\/index.php\/2023\/03\/27\/dakar-tous-les-eleves-dans-la-rue-ce-lundi\/#respond"]}]},{"@type":"WebPage","@id":"https:\/\/www.public.sn\/index.php\/2023\/03\/27\/dakar-tous-les-eleves-dans-la-rue-ce-lundi\/","url":"https:\/\/www.public.sn\/index.php\/2023\/03\/27\/dakar-tous-les-eleves-dans-la-rue-ce-lundi\/","name":"Dakar : Tous les \u00e9l\u00e8ves dans la rue, ce lundi - LE PUBLIC","isPartOf":{"@id":"https:\/\/www.public.sn\/#website"},"primaryImageOfPage":{"@id":"https:\/\/www.public.sn\/index.php\/2023\/03\/27\/dakar-tous-les-eleves-dans-la-rue-ce-lundi\/#primaryimage"},"image":{"@id":"https:\/\/www.public.sn\/index.php\/2023\/03\/27\/dakar-tous-les-eleves-dans-la-rue-ce-lundi\/#primaryimage"},"thumbnailUrl":"https:\/\/www.public.sn\/wp-content\/uploads\/2023\/03\/manifestation-des-eleves.jpeg","datePublished":"2023-03-27T11:24:37+00:00","breadcrumb":{"@id":"https:\/\/www.public.sn\/index.php\/2023\/03\/27\/dakar-tous-les-eleves-dans-la-rue-ce-lundi\/#breadcrumb"},"inLanguage":"fr-FR","potentialAction":[{"@type":"ReadAction","target":["https:\/\/www.public.sn\/index.php\/2023\/03\/27\/dakar-tous-les-eleves-dans-la-rue-ce-lundi\/"]}]},{"@type":"ImageObject","inLanguage":"fr-FR","@id":"https:\/\/www.public.sn\/index.php\/2023\/03\/27\/dakar-tous-les-eleves-dans-la-rue-ce-lundi\/#primaryimage","url":"https:\/\/www.public.sn\/wp-content\/uploads\/2023\/03\/manifestation-des-eleves.jpeg","contentUrl":"https:\/\/www.public.sn\/wp-content\/uploads\/2023\/03\/manifestation-des-eleves.jpeg","width":500,"height":281},{"@type":"BreadcrumbList","@id":"https:\/\/www.public.sn\/index.php\/2023\/03\/27\/dakar-tous-les-eleves-dans-la-rue-ce-lundi\/#breadcrumb","itemListElement":[{"@type":"ListItem","position":1,"name":"Accueil","item":"https:\/\/www.public.sn\/"},{"@type":"ListItem","position":2,"name":"Dakar : Tous les \u00e9l\u00e8ves dans la rue, ce lundi"}]},{"@type":"WebSite","@id":"https:\/\/www.public.sn\/#website","url":"https:\/\/www.public.sn\/","name":"LE PUBLIC","description":"","publisher":{"@id":"https:\/\/www.public.sn\/#organization"},"potentialAction":[{"@type":"SearchAction","target":{"@type":"EntryPoint","urlTemplate":"https:\/\/www.public.sn\/?s={search_term_string}"},"query-input":{"@type":"PropertyValueSpecification","valueRequired":true,"valueName":"search_term_string"}}],"inLanguage":"fr-FR"},{"@type":"Organization","@id":"https:\/\/www.public.sn\/#organization","name":"LE PUBLIC","url":"https:\/\/www.public.sn\/","logo":{"@type":"ImageObject","inLanguage":"fr-FR","@id":"https:\/\/www.public.sn\/#\/schema\/logo\/image\/","url":"https:\/\/www.public.sn\/wp-content\/uploads\/2024\/05\/cropped-LOGO-PUBLIC.SN_.png","contentUrl":"https:\/\/www.public.sn\/wp-content\/uploads\/2024\/05\/cropped-LOGO-PUBLIC.SN_.png","width":682,"height":192,"caption":"LE PUBLIC"},"image":{"@id":"https:\/\/www.public.sn\/#\/schema\/logo\/image\/"}},{"@type":"Person","@id":"https:\/\/www.public.sn\/#\/schema\/person\/cb76c8e1b8becc6be61fb5e92d6d0224","name":"LA REDACTION","image":{"@type":"ImageObject","inLanguage":"fr-FR","@id":"https:\/\/www.public.sn\/#\/schema\/person\/image\/","url":"https:\/\/secure.gravatar.com\/avatar\/2dce5ddd34b8fef0180efe03aa2a9bee7d953856048f9a16b298190a3178407c?s=96&d=mm&r=g","contentUrl":"https:\/\/secure.gravatar.com\/avatar\/2dce5ddd34b8fef0180efe03aa2a9bee7d953856048f9a16b298190a3178407c?s=96&d=mm&r=g","caption":"LA REDACTION"},"url":"https:\/\/www.public.sn\/index.php\/author\/editeurpsn\/"}]}},"jetpack_featured_media_url":"https:\/\/www.public.sn\/wp-content\/uploads\/2023\/03\/manifestation-des-eleves.jpeg","jetpack_sharing_enabled":true,"_links":{"self":[{"href":"https:\/\/www.public.sn\/index.php\/wp-json\/wp\/v2\/posts\/18795","targetHints":{"allow":["GET"]}}],"collection":[{"href":"https:\/\/www.public.sn\/index.php\/wp-json\/wp\/v2\/posts"}],"about":[{"href":"https:\/\/www.public.sn\/index.php\/wp-json\/wp\/v2\/types\/post"}],"author":[{"embeddable":true,"href":"https:\/\/www.public.sn\/index.php\/wp-json\/wp\/v2\/users\/7"}],"replies":[{"embeddable":true,"href":"https:\/\/www.public.sn\/index.php\/wp-json\/wp\/v2\/comments?post=18795"}],"version-history":[{"count":1,"href":"https:\/\/www.public.sn\/index.php\/wp-json\/wp\/v2\/posts\/18795\/revisions"}],"predecessor-version":[{"id":18799,"href":"https:\/\/www.public.sn\/index.php\/wp-json\/wp\/v2\/posts\/18795\/revisions\/18799"}],"wp:featuredmedia":[{"embeddable":true,"href":"https:\/\/www.public.sn\/index.php\/wp-json\/wp\/v2\/media\/18798"}],"wp:attachment":[{"href":"https:\/\/www.public.sn\/index.php\/wp-json\/wp\/v2\/media?parent=18795"}],"wp:term":[{"taxonomy":"category","embeddable":true,"href":"https:\/\/www.public.sn\/index.php\/wp-json\/wp\/v2\/categories?post=18795"},{"taxonomy":"post_tag","embeddable":true,"href":"https:\/\/www.public.sn\/index.php\/wp-json\/wp\/v2\/tags?post=18795"}],"curies":[{"name":"wp","href":"https:\/\/api.w.org\/{rel}","templated":true}]}}