{"id":1895,"date":"2022-09-13T12:07:42","date_gmt":"2022-09-13T12:07:42","guid":{"rendered":"https:\/\/www.public.sn\/?p=1895"},"modified":"2022-09-13T17:29:28","modified_gmt":"2022-09-13T17:29:28","slug":"mimi-toure-jen-ai-subi-pas-mal-dinjustice-dans-mon-compagnonnage-avec-macky-sall-mais","status":"publish","type":"post","link":"https:\/\/www.public.sn\/index.php\/2022\/09\/13\/mimi-toure-jen-ai-subi-pas-mal-dinjustice-dans-mon-compagnonnage-avec-macky-sall-mais\/","title":{"rendered":"Mimi Tour\u00e9: \u201cJ\u2019en ai subi pas mal d\u2019injustice dans mon compagnonnage avec Macky Sall mais\u2026\u201d."},"content":{"rendered":"\n<p>Humili\u00e9e pour avoir \u00e9t\u00e9 pr\u00e9f\u00e9r\u00e9e \u00e0 Amadou Mame Diop au Perchoir,&nbsp;Aminata Tour\u00e9 brise le silence. Dans un entretien avec L\u2019OBS, l\u2019ex premier ministre laisse \u00e9clater sa col\u00e8re et l\u00e2che ses coups. La charge contre le Macky est tr\u00e8s violente&nbsp;:<\/p><div class=\"publi-paragraphe1\" style=\"margin-top: 10px;margin-bottom: 10px;margin-left: auto;margin-right: auto;text-align: center;\" id=\"publi-3267994197\"><div class=\"publi-adlabel\">Publicit\u00e9<\/div><script async src=\"\/\/pagead2.googlesyndication.com\/pagead\/js\/adsbygoogle.js?client=ca-pub-4089586018074219\" crossorigin=\"anonymous\"><\/script><ins class=\"adsbygoogle\" style=\"display:block;\" data-ad-client=\"ca-pub-4089586018074219\" \ndata-ad-slot=\"2087940154\" \ndata-ad-format=\"auto\"><\/ins>\n<script> \n(adsbygoogle = window.adsbygoogle || []).push({}); \n<\/script>\n<\/div>\n\n\n\n<p>\u201c<em>J\u2019encourage les jeunes \u00e0 continuer \u00e0 croire aux valeurs de loyaut\u00e9, de m\u00e9rite et d\u2019\u00e9quit\u00e9. Pour l\u2019\u00e9lection du pr\u00e9sident de l\u2019Assembl\u00e9e nationale, aucune de ses valeurs n\u2019a \u00e9t\u00e9 mise en avant par le Pr\u00e9sident de la coalition Benno Bokk Yakaar. J\u2019ai pass\u00e9 ma vie \u00e0 lutter contre l\u2019injustice, j\u2019en ai subi pas mal dans mon compagnonnage avec Macky Sall mais l\u00e0, c\u2019est celle de trop. Celle qui privil\u00e9gie les liens familiaux par-dessus le m\u00e9rite militant, ce n\u2019est pas tol\u00e9rable\u201d.<\/em><\/p>\n\n\n\n<p>Elle boycotte le choix de Amadou Mame Diop : \u201c<em>il est clair qu\u2019il est \u00e9tabli que le choix est strictement familial, c\u2019est connu de tous. Mais \u00e0 ce moment, il fallait que le cousin fasse le tour du S\u00e9n\u00e9gal, 5175 km exactement et le travail pr\u00e9alable. Il n\u2019y a pas de responsables pour aller au front et d\u2019autres pour ramasser ici les fruits. La politique, ce n\u2019est pas du servage o\u00f9 certains, fort de leur appartenance familiale, attendent que les autres travaillent pour eux\u201d.<\/em><\/p>\n\n\n\n<p>Elle rembobine&nbsp;: \u201c&nbsp;(\u2026) <em>Je n\u2019ai pas particip\u00e9 au vote pour le candidat de BBY parce que c\u2019est un choix injuste, subjectif et beau-familial. Ce n\u2019est pas l\u2019exemple \u00e0 servir \u00e0 notre jeunesse. Il faut r\u00e9habiliter le m\u00e9rite car tout le monde n\u2019est pas gendre ou beau-cousin du Pr\u00e9sident\u201d.<\/em><\/p>\n\n\n\n<p>Elle r\u00e9v\u00e8le qu\u2019elle a re\u00e7u un coup de fil de Macky Sall qui lui a annonc\u00e9 au t\u00e9l\u00e9phone qu\u2019il revient sur ses engagements.<\/p>\n\n\n\n<figure class=\"wp-block-embed is-type-video is-provider-youtube wp-block-embed-youtube wp-embed-aspect-16-9 wp-has-aspect-ratio\"><div class=\"wp-block-embed__wrapper\">\n<p class=\"responsive-video-wrap clr\"><iframe title=\"Abdou Mbow \u00e0 Barth, Guy &quot;Danio beugue corriger s\u00e9ni b\u00e9tise dimbeu yi, fi dou syndicalisme&quot; arr\u00eat\u00e9..\" width=\"1200\" height=\"675\" src=\"https:\/\/www.youtube.com\/embed\/d_Yc18ReC7E?feature=oembed\" frameborder=\"0\" allow=\"accelerometer; autoplay; clipboard-write; encrypted-media; gyroscope; picture-in-picture\" allowfullscreen title=\"Abdou Mbow \u00e0 Barth, Guy \"Danio beugue corriger s\u00e9ni b\u00e9tise dimbeu yi, fi dou syndicalisme\" arr\u00eat\u00e9..\"><\/iframe><\/p>\n<\/div><\/figure>\n<div class=\"publi-apres-le-contenu\" style=\"margin-top: 10px;margin-bottom: 10px;margin-left: auto;margin-right: auto;text-align: center;\" id=\"publi-3737349374\"><div class=\"publi-adlabel\">Publicit\u00e9<\/div><script async src=\"\/\/pagead2.googlesyndication.com\/pagead\/js\/adsbygoogle.js?client=ca-pub-4089586018074219\" crossorigin=\"anonymous\"><\/script><ins class=\"adsbygoogle\" style=\"display:block;\" data-ad-client=\"ca-pub-4089586018074219\" \ndata-ad-slot=\"2087940154\" \ndata-ad-format=\"auto\"><\/ins>\n<script> \n(adsbygoogle = window.adsbygoogle || []).push({}); \n<\/script>\n<\/div>","protected":false},"excerpt":{"rendered":"<p>Humili\u00e9e pour avoir \u00e9t\u00e9 pr\u00e9f\u00e9r\u00e9e \u00e0 Amadou Mame Diop au Perchoir,&nbsp;Aminata Tour\u00e9 brise le silence. Dans un entretien avec L\u2019OBS, l\u2019ex premier ministre laisse \u00e9clater sa col\u00e8re et l\u00e2che ses coups. La charge contre le Macky est tr\u00e8s violente&nbsp;: \u201cJ\u2019encourage les jeunes \u00e0 continuer \u00e0 croire aux valeurs de loyaut\u00e9, de m\u00e9rite et d\u2019\u00e9quit\u00e9. Pour l\u2019\u00e9lection du pr\u00e9sident de l\u2019Assembl\u00e9e nationale, aucune de ses valeurs n\u2019a \u00e9t\u00e9 mise en avant par le Pr\u00e9sident de la coalition Benno Bokk Yakaar. J\u2019ai pass\u00e9 ma vie \u00e0 lutter contre l\u2019injustice, j\u2019en ai subi pas mal dans mon compagnonnage avec Macky Sall mais l\u00e0, c\u2019est celle de trop. Celle qui privil\u00e9gie les liens familiaux par-dessus le m\u00e9rite militant, ce n\u2019est pas tol\u00e9rable\u201d. Elle boycotte le choix de Amadou Mame Diop : \u201cil est clair qu\u2019il est \u00e9tabli que le choix est strictement familial, c\u2019est connu de tous. Mais \u00e0 ce moment, il fallait que le cousin fasse le tour du S\u00e9n\u00e9gal, 5175 km exactement et le travail pr\u00e9alable. Il n\u2019y a pas de responsables pour aller au front et d\u2019autres pour ramasser ici les fruits. La politique, ce n\u2019est pas du servage o\u00f9 certains, fort de leur appartenance familiale, attendent que les autres travaillent pour eux\u201d. Elle rembobine&nbsp;: \u201c&nbsp;(\u2026) Je n\u2019ai pas particip\u00e9 au vote pour le candidat de BBY parce que c\u2019est un choix injuste, subjectif et beau-familial. Ce n\u2019est pas l\u2019exemple \u00e0 servir \u00e0 notre jeunesse. Il faut r\u00e9habiliter le m\u00e9rite car tout le monde n\u2019est pas gendre ou beau-cousin du Pr\u00e9sident\u201d. Elle r\u00e9v\u00e8le qu\u2019elle a re\u00e7u un coup de fil de Macky Sall qui lui a annonc\u00e9 au t\u00e9l\u00e9phone qu\u2019il revient sur ses engagements.<\/p>\n","protected":false},"author":1,"featured_media":1896,"comment_status":"open","ping_status":"open","sticky":false,"template":"","format":"standard","meta":{"_jetpack_memberships_contains_paid_content":false,"footnotes":""},"categories":[375,372],"tags":[12,479,11,724],"class_list":["post-1895","post","type-post","status-publish","format-standard","has-post-thumbnail","hentry","category-actualites","category-vedette","tag-assemblee-nationale","tag-benno","tag-macky-sall","tag-mimi-toure","entry","has-media","owp-thumbs-layout-horizontal","owp-btn-normal","owp-tabs-layout-horizontal","has-no-thumbnails","has-product-nav"],"yoast_head":"<!-- This site is optimized with the Yoast SEO plugin v25.5 - https:\/\/yoast.com\/wordpress\/plugins\/seo\/ -->\n<title>Mimi Tour\u00e9: \u201cJ\u2019en ai subi pas mal d\u2019injustice dans mon compagnonnage avec Macky Sall mais\u2026\u201d. - LE PUBLIC<\/title>\n<meta name=\"robots\" content=\"index, follow, max-snippet:-1, max-image-preview:large, max-video-preview:-1\" \/>\n<link rel=\"canonical\" href=\"https:\/\/www.public.sn\/index.php\/2022\/09\/13\/mimi-toure-jen-ai-subi-pas-mal-dinjustice-dans-mon-compagnonnage-avec-macky-sall-mais\/\" \/>\n<meta property=\"og:locale\" content=\"fr_FR\" \/>\n<meta property=\"og:type\" content=\"article\" \/>\n<meta property=\"og:title\" content=\"Mimi Tour\u00e9: \u201cJ\u2019en ai subi pas mal d\u2019injustice dans mon compagnonnage avec Macky Sall mais\u2026\u201d. - LE PUBLIC\" \/>\n<meta property=\"og:description\" content=\"Humili\u00e9e pour avoir \u00e9t\u00e9 pr\u00e9f\u00e9r\u00e9e \u00e0 Amadou Mame Diop au Perchoir,&nbsp;Aminata Tour\u00e9 brise le silence. Dans un entretien avec L\u2019OBS, l\u2019ex premier ministre laisse \u00e9clater sa col\u00e8re et l\u00e2che ses coups. La charge contre le Macky est tr\u00e8s violente&nbsp;: \u201cJ\u2019encourage les jeunes \u00e0 continuer \u00e0 croire aux valeurs de loyaut\u00e9, de m\u00e9rite et d\u2019\u00e9quit\u00e9. Pour l\u2019\u00e9lection du pr\u00e9sident de l\u2019Assembl\u00e9e nationale, aucune de ses valeurs n\u2019a \u00e9t\u00e9 mise en avant par le Pr\u00e9sident de la coalition Benno Bokk Yakaar. J\u2019ai pass\u00e9 ma vie \u00e0 lutter contre l\u2019injustice, j\u2019en ai subi pas mal dans mon compagnonnage avec Macky Sall mais l\u00e0, c\u2019est celle de trop. Celle qui privil\u00e9gie les liens familiaux par-dessus le m\u00e9rite militant, ce n\u2019est pas tol\u00e9rable\u201d. Elle boycotte le choix de Amadou Mame Diop : \u201cil est clair qu\u2019il est \u00e9tabli que le choix est strictement familial, c\u2019est connu de tous. Mais \u00e0 ce moment, il fallait que le cousin fasse le tour du S\u00e9n\u00e9gal, 5175 km exactement et le travail pr\u00e9alable. Il n\u2019y a pas de responsables pour aller au front et d\u2019autres pour ramasser ici les fruits. La politique, ce n\u2019est pas du servage o\u00f9 certains, fort de leur appartenance familiale, attendent que les autres travaillent pour eux\u201d. Elle rembobine&nbsp;: \u201c&nbsp;(\u2026) Je n\u2019ai pas particip\u00e9 au vote pour le candidat de BBY parce que c\u2019est un choix injuste, subjectif et beau-familial. Ce n\u2019est pas l\u2019exemple \u00e0 servir \u00e0 notre jeunesse. Il faut r\u00e9habiliter le m\u00e9rite car tout le monde n\u2019est pas gendre ou beau-cousin du Pr\u00e9sident\u201d. Elle r\u00e9v\u00e8le qu\u2019elle a re\u00e7u un coup de fil de Macky Sall qui lui a annonc\u00e9 au t\u00e9l\u00e9phone qu\u2019il revient sur ses engagements.\" \/>\n<meta property=\"og:url\" content=\"https:\/\/www.public.sn\/index.php\/2022\/09\/13\/mimi-toure-jen-ai-subi-pas-mal-dinjustice-dans-mon-compagnonnage-avec-macky-sall-mais\/\" \/>\n<meta property=\"og:site_name\" content=\"LE PUBLIC\" \/>\n<meta property=\"article:published_time\" content=\"2022-09-13T12:07:42+00:00\" \/>\n<meta property=\"article:modified_time\" content=\"2022-09-13T17:29:28+00:00\" \/>\n<meta property=\"og:image\" content=\"https:\/\/www.public.sn\/wp-content\/uploads\/2022\/09\/D819943F-A685-445D-91C3-8CEC0608D7F2.png\" \/>\n\t<meta property=\"og:image:width\" content=\"322\" \/>\n\t<meta property=\"og:image:height\" content=\"157\" \/>\n\t<meta property=\"og:image:type\" content=\"image\/png\" \/>\n<meta name=\"author\" content=\"LA REDACTION\" \/>\n<meta name=\"twitter:card\" content=\"summary_large_image\" \/>\n<meta name=\"twitter:label1\" content=\"\u00c9crit par\" \/>\n\t<meta name=\"twitter:data1\" content=\"LA REDACTION\" \/>\n\t<meta name=\"twitter:label2\" content=\"Dur\u00e9e de lecture estim\u00e9e\" \/>\n\t<meta name=\"twitter:data2\" content=\"2 minutes\" \/>\n<script type=\"application\/ld+json\" class=\"yoast-schema-graph\">{\"@context\":\"https:\/\/schema.org\",\"@graph\":[{\"@type\":\"Article\",\"@id\":\"https:\/\/www.public.sn\/index.php\/2022\/09\/13\/mimi-toure-jen-ai-subi-pas-mal-dinjustice-dans-mon-compagnonnage-avec-macky-sall-mais\/#article\",\"isPartOf\":{\"@id\":\"https:\/\/www.public.sn\/index.php\/2022\/09\/13\/mimi-toure-jen-ai-subi-pas-mal-dinjustice-dans-mon-compagnonnage-avec-macky-sall-mais\/\"},\"author\":{\"name\":\"LA REDACTION\",\"@id\":\"https:\/\/www.public.sn\/#\/schema\/person\/e3f4a11b037d4203902db148f9bc8d5a\"},\"headline\":\"Mimi Tour\u00e9: \u201cJ\u2019en ai subi pas mal d\u2019injustice dans mon compagnonnage avec Macky Sall mais\u2026\u201d.\",\"datePublished\":\"2022-09-13T12:07:42+00:00\",\"dateModified\":\"2022-09-13T17:29:28+00:00\",\"mainEntityOfPage\":{\"@id\":\"https:\/\/www.public.sn\/index.php\/2022\/09\/13\/mimi-toure-jen-ai-subi-pas-mal-dinjustice-dans-mon-compagnonnage-avec-macky-sall-mais\/\"},\"wordCount\":341,\"commentCount\":0,\"publisher\":{\"@id\":\"https:\/\/www.public.sn\/#organization\"},\"image\":{\"@id\":\"https:\/\/www.public.sn\/index.php\/2022\/09\/13\/mimi-toure-jen-ai-subi-pas-mal-dinjustice-dans-mon-compagnonnage-avec-macky-sall-mais\/#primaryimage\"},\"thumbnailUrl\":\"https:\/\/www.public.sn\/wp-content\/uploads\/2022\/09\/D819943F-A685-445D-91C3-8CEC0608D7F2.png\",\"keywords\":[\"Assembl\u00e9e Nationale\",\"Benno\",\"Macky Sall\",\"Mimi Tour\u00e9\"],\"articleSection\":[\"ACTUALIT\u00c9S\",\"VEDETTE\"],\"inLanguage\":\"fr-FR\",\"potentialAction\":[{\"@type\":\"CommentAction\",\"name\":\"Comment\",\"target\":[\"https:\/\/www.public.sn\/index.php\/2022\/09\/13\/mimi-toure-jen-ai-subi-pas-mal-dinjustice-dans-mon-compagnonnage-avec-macky-sall-mais\/#respond\"]}]},{\"@type\":\"WebPage\",\"@id\":\"https:\/\/www.public.sn\/index.php\/2022\/09\/13\/mimi-toure-jen-ai-subi-pas-mal-dinjustice-dans-mon-compagnonnage-avec-macky-sall-mais\/\",\"url\":\"https:\/\/www.public.sn\/index.php\/2022\/09\/13\/mimi-toure-jen-ai-subi-pas-mal-dinjustice-dans-mon-compagnonnage-avec-macky-sall-mais\/\",\"name\":\"Mimi Tour\u00e9: \u201cJ\u2019en ai subi pas mal d\u2019injustice dans mon compagnonnage avec Macky Sall mais\u2026\u201d. - LE PUBLIC\",\"isPartOf\":{\"@id\":\"https:\/\/www.public.sn\/#website\"},\"primaryImageOfPage\":{\"@id\":\"https:\/\/www.public.sn\/index.php\/2022\/09\/13\/mimi-toure-jen-ai-subi-pas-mal-dinjustice-dans-mon-compagnonnage-avec-macky-sall-mais\/#primaryimage\"},\"image\":{\"@id\":\"https:\/\/www.public.sn\/index.php\/2022\/09\/13\/mimi-toure-jen-ai-subi-pas-mal-dinjustice-dans-mon-compagnonnage-avec-macky-sall-mais\/#primaryimage\"},\"thumbnailUrl\":\"https:\/\/www.public.sn\/wp-content\/uploads\/2022\/09\/D819943F-A685-445D-91C3-8CEC0608D7F2.png\",\"datePublished\":\"2022-09-13T12:07:42+00:00\",\"dateModified\":\"2022-09-13T17:29:28+00:00\",\"breadcrumb\":{\"@id\":\"https:\/\/www.public.sn\/index.php\/2022\/09\/13\/mimi-toure-jen-ai-subi-pas-mal-dinjustice-dans-mon-compagnonnage-avec-macky-sall-mais\/#breadcrumb\"},\"inLanguage\":\"fr-FR\",\"potentialAction\":[{\"@type\":\"ReadAction\",\"target\":[\"https:\/\/www.public.sn\/index.php\/2022\/09\/13\/mimi-toure-jen-ai-subi-pas-mal-dinjustice-dans-mon-compagnonnage-avec-macky-sall-mais\/\"]}]},{\"@type\":\"ImageObject\",\"inLanguage\":\"fr-FR\",\"@id\":\"https:\/\/www.public.sn\/index.php\/2022\/09\/13\/mimi-toure-jen-ai-subi-pas-mal-dinjustice-dans-mon-compagnonnage-avec-macky-sall-mais\/#primaryimage\",\"url\":\"https:\/\/www.public.sn\/wp-content\/uploads\/2022\/09\/D819943F-A685-445D-91C3-8CEC0608D7F2.png\",\"contentUrl\":\"https:\/\/www.public.sn\/wp-content\/uploads\/2022\/09\/D819943F-A685-445D-91C3-8CEC0608D7F2.png\",\"width\":322,\"height\":157},{\"@type\":\"BreadcrumbList\",\"@id\":\"https:\/\/www.public.sn\/index.php\/2022\/09\/13\/mimi-toure-jen-ai-subi-pas-mal-dinjustice-dans-mon-compagnonnage-avec-macky-sall-mais\/#breadcrumb\",\"itemListElement\":[{\"@type\":\"ListItem\",\"position\":1,\"name\":\"Accueil\",\"item\":\"https:\/\/www.public.sn\/\"},{\"@type\":\"ListItem\",\"position\":2,\"name\":\"Mimi Tour\u00e9: \u201cJ\u2019en ai subi pas mal d\u2019injustice dans mon compagnonnage avec Macky Sall mais\u2026\u201d.\"}]},{\"@type\":\"WebSite\",\"@id\":\"https:\/\/www.public.sn\/#website\",\"url\":\"https:\/\/www.public.sn\/\",\"name\":\"LE PUBLIC\",\"description\":\"\",\"publisher\":{\"@id\":\"https:\/\/www.public.sn\/#organization\"},\"potentialAction\":[{\"@type\":\"SearchAction\",\"target\":{\"@type\":\"EntryPoint\",\"urlTemplate\":\"https:\/\/www.public.sn\/?s={search_term_string}\"},\"query-input\":{\"@type\":\"PropertyValueSpecification\",\"valueRequired\":true,\"valueName\":\"search_term_string\"}}],\"inLanguage\":\"fr-FR\"},{\"@type\":\"Organization\",\"@id\":\"https:\/\/www.public.sn\/#organization\",\"name\":\"LE PUBLIC\",\"url\":\"https:\/\/www.public.sn\/\",\"logo\":{\"@type\":\"ImageObject\",\"inLanguage\":\"fr-FR\",\"@id\":\"https:\/\/www.public.sn\/#\/schema\/logo\/image\/\",\"url\":\"https:\/\/www.public.sn\/wp-content\/uploads\/2024\/05\/cropped-LOGO-PUBLIC.SN_.png\",\"contentUrl\":\"https:\/\/www.public.sn\/wp-content\/uploads\/2024\/05\/cropped-LOGO-PUBLIC.SN_.png\",\"width\":682,\"height\":192,\"caption\":\"LE PUBLIC\"},\"image\":{\"@id\":\"https:\/\/www.public.sn\/#\/schema\/logo\/image\/\"}},{\"@type\":\"Person\",\"@id\":\"https:\/\/www.public.sn\/#\/schema\/person\/e3f4a11b037d4203902db148f9bc8d5a\",\"name\":\"LA REDACTION\",\"image\":{\"@type\":\"ImageObject\",\"inLanguage\":\"fr-FR\",\"@id\":\"https:\/\/www.public.sn\/#\/schema\/person\/image\/\",\"url\":\"https:\/\/secure.gravatar.com\/avatar\/d6c030db45db2883c075085c5d6c6258654a801a93766b49af0b82d4f454e2a5?s=96&d=mm&r=g\",\"contentUrl\":\"https:\/\/secure.gravatar.com\/avatar\/d6c030db45db2883c075085c5d6c6258654a801a93766b49af0b82d4f454e2a5?s=96&d=mm&r=g\",\"caption\":\"LA REDACTION\"},\"sameAs\":[\"http:\/\/www.public.sn\"],\"url\":\"https:\/\/www.public.sn\/index.php\/author\/admin7324\/\"}]}<\/script>\n<!-- \/ Yoast SEO plugin. -->","yoast_head_json":{"title":"Mimi Tour\u00e9: \u201cJ\u2019en ai subi pas mal d\u2019injustice dans mon compagnonnage avec Macky Sall mais\u2026\u201d. - LE PUBLIC","robots":{"index":"index","follow":"follow","max-snippet":"max-snippet:-1","max-image-preview":"max-image-preview:large","max-video-preview":"max-video-preview:-1"},"canonical":"https:\/\/www.public.sn\/index.php\/2022\/09\/13\/mimi-toure-jen-ai-subi-pas-mal-dinjustice-dans-mon-compagnonnage-avec-macky-sall-mais\/","og_locale":"fr_FR","og_type":"article","og_title":"Mimi Tour\u00e9: \u201cJ\u2019en ai subi pas mal d\u2019injustice dans mon compagnonnage avec Macky Sall mais\u2026\u201d. - LE PUBLIC","og_description":"Humili\u00e9e pour avoir \u00e9t\u00e9 pr\u00e9f\u00e9r\u00e9e \u00e0 Amadou Mame Diop au Perchoir,&nbsp;Aminata Tour\u00e9 brise le silence. Dans un entretien avec L\u2019OBS, l\u2019ex premier ministre laisse \u00e9clater sa col\u00e8re et l\u00e2che ses coups. La charge contre le Macky est tr\u00e8s violente&nbsp;: \u201cJ\u2019encourage les jeunes \u00e0 continuer \u00e0 croire aux valeurs de loyaut\u00e9, de m\u00e9rite et d\u2019\u00e9quit\u00e9. Pour l\u2019\u00e9lection du pr\u00e9sident de l\u2019Assembl\u00e9e nationale, aucune de ses valeurs n\u2019a \u00e9t\u00e9 mise en avant par le Pr\u00e9sident de la coalition Benno Bokk Yakaar. J\u2019ai pass\u00e9 ma vie \u00e0 lutter contre l\u2019injustice, j\u2019en ai subi pas mal dans mon compagnonnage avec Macky Sall mais l\u00e0, c\u2019est celle de trop. Celle qui privil\u00e9gie les liens familiaux par-dessus le m\u00e9rite militant, ce n\u2019est pas tol\u00e9rable\u201d. Elle boycotte le choix de Amadou Mame Diop : \u201cil est clair qu\u2019il est \u00e9tabli que le choix est strictement familial, c\u2019est connu de tous. Mais \u00e0 ce moment, il fallait que le cousin fasse le tour du S\u00e9n\u00e9gal, 5175 km exactement et le travail pr\u00e9alable. Il n\u2019y a pas de responsables pour aller au front et d\u2019autres pour ramasser ici les fruits. La politique, ce n\u2019est pas du servage o\u00f9 certains, fort de leur appartenance familiale, attendent que les autres travaillent pour eux\u201d. Elle rembobine&nbsp;: \u201c&nbsp;(\u2026) Je n\u2019ai pas particip\u00e9 au vote pour le candidat de BBY parce que c\u2019est un choix injuste, subjectif et beau-familial. Ce n\u2019est pas l\u2019exemple \u00e0 servir \u00e0 notre jeunesse. Il faut r\u00e9habiliter le m\u00e9rite car tout le monde n\u2019est pas gendre ou beau-cousin du Pr\u00e9sident\u201d. Elle r\u00e9v\u00e8le qu\u2019elle a re\u00e7u un coup de fil de Macky Sall qui lui a annonc\u00e9 au t\u00e9l\u00e9phone qu\u2019il revient sur ses engagements.","og_url":"https:\/\/www.public.sn\/index.php\/2022\/09\/13\/mimi-toure-jen-ai-subi-pas-mal-dinjustice-dans-mon-compagnonnage-avec-macky-sall-mais\/","og_site_name":"LE PUBLIC","article_published_time":"2022-09-13T12:07:42+00:00","article_modified_time":"2022-09-13T17:29:28+00:00","og_image":[{"width":322,"height":157,"url":"https:\/\/www.public.sn\/wp-content\/uploads\/2022\/09\/D819943F-A685-445D-91C3-8CEC0608D7F2.png","type":"image\/png"}],"author":"LA REDACTION","twitter_card":"summary_large_image","twitter_misc":{"\u00c9crit par":"LA REDACTION","Dur\u00e9e de lecture estim\u00e9e":"2 minutes"},"schema":{"@context":"https:\/\/schema.org","@graph":[{"@type":"Article","@id":"https:\/\/www.public.sn\/index.php\/2022\/09\/13\/mimi-toure-jen-ai-subi-pas-mal-dinjustice-dans-mon-compagnonnage-avec-macky-sall-mais\/#article","isPartOf":{"@id":"https:\/\/www.public.sn\/index.php\/2022\/09\/13\/mimi-toure-jen-ai-subi-pas-mal-dinjustice-dans-mon-compagnonnage-avec-macky-sall-mais\/"},"author":{"name":"LA REDACTION","@id":"https:\/\/www.public.sn\/#\/schema\/person\/e3f4a11b037d4203902db148f9bc8d5a"},"headline":"Mimi Tour\u00e9: \u201cJ\u2019en ai subi pas mal d\u2019injustice dans mon compagnonnage avec Macky Sall mais\u2026\u201d.","datePublished":"2022-09-13T12:07:42+00:00","dateModified":"2022-09-13T17:29:28+00:00","mainEntityOfPage":{"@id":"https:\/\/www.public.sn\/index.php\/2022\/09\/13\/mimi-toure-jen-ai-subi-pas-mal-dinjustice-dans-mon-compagnonnage-avec-macky-sall-mais\/"},"wordCount":341,"commentCount":0,"publisher":{"@id":"https:\/\/www.public.sn\/#organization"},"image":{"@id":"https:\/\/www.public.sn\/index.php\/2022\/09\/13\/mimi-toure-jen-ai-subi-pas-mal-dinjustice-dans-mon-compagnonnage-avec-macky-sall-mais\/#primaryimage"},"thumbnailUrl":"https:\/\/www.public.sn\/wp-content\/uploads\/2022\/09\/D819943F-A685-445D-91C3-8CEC0608D7F2.png","keywords":["Assembl\u00e9e Nationale","Benno","Macky Sall","Mimi Tour\u00e9"],"articleSection":["ACTUALIT\u00c9S","VEDETTE"],"inLanguage":"fr-FR","potentialAction":[{"@type":"CommentAction","name":"Comment","target":["https:\/\/www.public.sn\/index.php\/2022\/09\/13\/mimi-toure-jen-ai-subi-pas-mal-dinjustice-dans-mon-compagnonnage-avec-macky-sall-mais\/#respond"]}]},{"@type":"WebPage","@id":"https:\/\/www.public.sn\/index.php\/2022\/09\/13\/mimi-toure-jen-ai-subi-pas-mal-dinjustice-dans-mon-compagnonnage-avec-macky-sall-mais\/","url":"https:\/\/www.public.sn\/index.php\/2022\/09\/13\/mimi-toure-jen-ai-subi-pas-mal-dinjustice-dans-mon-compagnonnage-avec-macky-sall-mais\/","name":"Mimi Tour\u00e9: \u201cJ\u2019en ai subi pas mal d\u2019injustice dans mon compagnonnage avec Macky Sall mais\u2026\u201d. - LE PUBLIC","isPartOf":{"@id":"https:\/\/www.public.sn\/#website"},"primaryImageOfPage":{"@id":"https:\/\/www.public.sn\/index.php\/2022\/09\/13\/mimi-toure-jen-ai-subi-pas-mal-dinjustice-dans-mon-compagnonnage-avec-macky-sall-mais\/#primaryimage"},"image":{"@id":"https:\/\/www.public.sn\/index.php\/2022\/09\/13\/mimi-toure-jen-ai-subi-pas-mal-dinjustice-dans-mon-compagnonnage-avec-macky-sall-mais\/#primaryimage"},"thumbnailUrl":"https:\/\/www.public.sn\/wp-content\/uploads\/2022\/09\/D819943F-A685-445D-91C3-8CEC0608D7F2.png","datePublished":"2022-09-13T12:07:42+00:00","dateModified":"2022-09-13T17:29:28+00:00","breadcrumb":{"@id":"https:\/\/www.public.sn\/index.php\/2022\/09\/13\/mimi-toure-jen-ai-subi-pas-mal-dinjustice-dans-mon-compagnonnage-avec-macky-sall-mais\/#breadcrumb"},"inLanguage":"fr-FR","potentialAction":[{"@type":"ReadAction","target":["https:\/\/www.public.sn\/index.php\/2022\/09\/13\/mimi-toure-jen-ai-subi-pas-mal-dinjustice-dans-mon-compagnonnage-avec-macky-sall-mais\/"]}]},{"@type":"ImageObject","inLanguage":"fr-FR","@id":"https:\/\/www.public.sn\/index.php\/2022\/09\/13\/mimi-toure-jen-ai-subi-pas-mal-dinjustice-dans-mon-compagnonnage-avec-macky-sall-mais\/#primaryimage","url":"https:\/\/www.public.sn\/wp-content\/uploads\/2022\/09\/D819943F-A685-445D-91C3-8CEC0608D7F2.png","contentUrl":"https:\/\/www.public.sn\/wp-content\/uploads\/2022\/09\/D819943F-A685-445D-91C3-8CEC0608D7F2.png","width":322,"height":157},{"@type":"BreadcrumbList","@id":"https:\/\/www.public.sn\/index.php\/2022\/09\/13\/mimi-toure-jen-ai-subi-pas-mal-dinjustice-dans-mon-compagnonnage-avec-macky-sall-mais\/#breadcrumb","itemListElement":[{"@type":"ListItem","position":1,"name":"Accueil","item":"https:\/\/www.public.sn\/"},{"@type":"ListItem","position":2,"name":"Mimi Tour\u00e9: \u201cJ\u2019en ai subi pas mal d\u2019injustice dans mon compagnonnage avec Macky Sall mais\u2026\u201d."}]},{"@type":"WebSite","@id":"https:\/\/www.public.sn\/#website","url":"https:\/\/www.public.sn\/","name":"LE PUBLIC","description":"","publisher":{"@id":"https:\/\/www.public.sn\/#organization"},"potentialAction":[{"@type":"SearchAction","target":{"@type":"EntryPoint","urlTemplate":"https:\/\/www.public.sn\/?s={search_term_string}"},"query-input":{"@type":"PropertyValueSpecification","valueRequired":true,"valueName":"search_term_string"}}],"inLanguage":"fr-FR"},{"@type":"Organization","@id":"https:\/\/www.public.sn\/#organization","name":"LE PUBLIC","url":"https:\/\/www.public.sn\/","logo":{"@type":"ImageObject","inLanguage":"fr-FR","@id":"https:\/\/www.public.sn\/#\/schema\/logo\/image\/","url":"https:\/\/www.public.sn\/wp-content\/uploads\/2024\/05\/cropped-LOGO-PUBLIC.SN_.png","contentUrl":"https:\/\/www.public.sn\/wp-content\/uploads\/2024\/05\/cropped-LOGO-PUBLIC.SN_.png","width":682,"height":192,"caption":"LE PUBLIC"},"image":{"@id":"https:\/\/www.public.sn\/#\/schema\/logo\/image\/"}},{"@type":"Person","@id":"https:\/\/www.public.sn\/#\/schema\/person\/e3f4a11b037d4203902db148f9bc8d5a","name":"LA REDACTION","image":{"@type":"ImageObject","inLanguage":"fr-FR","@id":"https:\/\/www.public.sn\/#\/schema\/person\/image\/","url":"https:\/\/secure.gravatar.com\/avatar\/d6c030db45db2883c075085c5d6c6258654a801a93766b49af0b82d4f454e2a5?s=96&d=mm&r=g","contentUrl":"https:\/\/secure.gravatar.com\/avatar\/d6c030db45db2883c075085c5d6c6258654a801a93766b49af0b82d4f454e2a5?s=96&d=mm&r=g","caption":"LA REDACTION"},"sameAs":["http:\/\/www.public.sn"],"url":"https:\/\/www.public.sn\/index.php\/author\/admin7324\/"}]}},"jetpack_featured_media_url":"https:\/\/www.public.sn\/wp-content\/uploads\/2022\/09\/D819943F-A685-445D-91C3-8CEC0608D7F2.png","jetpack_sharing_enabled":true,"_links":{"self":[{"href":"https:\/\/www.public.sn\/index.php\/wp-json\/wp\/v2\/posts\/1895","targetHints":{"allow":["GET"]}}],"collection":[{"href":"https:\/\/www.public.sn\/index.php\/wp-json\/wp\/v2\/posts"}],"about":[{"href":"https:\/\/www.public.sn\/index.php\/wp-json\/wp\/v2\/types\/post"}],"author":[{"embeddable":true,"href":"https:\/\/www.public.sn\/index.php\/wp-json\/wp\/v2\/users\/1"}],"replies":[{"embeddable":true,"href":"https:\/\/www.public.sn\/index.php\/wp-json\/wp\/v2\/comments?post=1895"}],"version-history":[{"count":2,"href":"https:\/\/www.public.sn\/index.php\/wp-json\/wp\/v2\/posts\/1895\/revisions"}],"predecessor-version":[{"id":1911,"href":"https:\/\/www.public.sn\/index.php\/wp-json\/wp\/v2\/posts\/1895\/revisions\/1911"}],"wp:featuredmedia":[{"embeddable":true,"href":"https:\/\/www.public.sn\/index.php\/wp-json\/wp\/v2\/media\/1896"}],"wp:attachment":[{"href":"https:\/\/www.public.sn\/index.php\/wp-json\/wp\/v2\/media?parent=1895"}],"wp:term":[{"taxonomy":"category","embeddable":true,"href":"https:\/\/www.public.sn\/index.php\/wp-json\/wp\/v2\/categories?post=1895"},{"taxonomy":"post_tag","embeddable":true,"href":"https:\/\/www.public.sn\/index.php\/wp-json\/wp\/v2\/tags?post=1895"}],"curies":[{"name":"wp","href":"https:\/\/api.w.org\/{rel}","templated":true}]}}