{"id":19002,"date":"2023-03-29T09:56:14","date_gmt":"2023-03-29T09:56:14","guid":{"rendered":"https:\/\/www.public.sn\/?p=19002"},"modified":"2023-03-29T09:56:14","modified_gmt":"2023-03-29T09:56:14","slug":"juan-branco-avocat-de-sonko-envoie-un-message-fort-laudience-du-30-mars-engage-le-devenir-du-senegal","status":"publish","type":"post","link":"https:\/\/www.public.sn\/index.php\/2023\/03\/29\/juan-branco-avocat-de-sonko-envoie-un-message-fort-laudience-du-30-mars-engage-le-devenir-du-senegal\/","title":{"rendered":"Juan Branco (Avocat de Sonko) envoie un message fort : \u00ab L\u2019audience du 30 mars engage le devenir du S\u00e9n\u00e9gal\u2026 \u00bb"},"content":{"rendered":"<p><strong>R\u00e9cemment d\u00e9sign\u00e9 par le leader du Pastef Ousmane Sonko dans le cadre du proc\u00e8s l\u2019opposant au ministre du Tourisme Mame Mbaye Niang, l\u2019avocat franco-espagnol Juan Branco a envoy\u00e9 un message fort aux S\u00e9n\u00e9galais.<\/strong><\/p><div class=\"publi-paragraphe1\" style=\"margin-top: 10px;margin-bottom: 10px;margin-left: auto;margin-right: auto;text-align: center;\" id=\"publi-75305250\"><div class=\"publi-adlabel\">Publicit\u00e9<\/div><script async src=\"\/\/pagead2.googlesyndication.com\/pagead\/js\/adsbygoogle.js?client=ca-pub-4089586018074219\" crossorigin=\"anonymous\"><\/script><ins class=\"adsbygoogle\" style=\"display:block;\" data-ad-client=\"ca-pub-4089586018074219\" \ndata-ad-slot=\"2087940154\" \ndata-ad-format=\"auto\"><\/ins>\n<script> \n(adsbygoogle = window.adsbygoogle || []).push({}); \n<\/script>\n<\/div>\n<p>\u00ab\u00a0L\u2019audience du 30 mars engage le devenir du S\u00e9n\u00e9gal, sa transformation en d\u00e9sert d\u00e9mocratique et l\u2019av\u00e8nement ou non du tyran Macky Sall. Quatorze martyrs regarderont par-del\u00e0 les \u00e9paules des juges, vers ceux qui les ordonneront. Devant eux, le peuple. Par millions\u00a0\u00bb, a d\u00e9clar\u00e9 Juan Branco dans un post paru sur Twitter.<\/p>\n<p>Une d\u00e9claration faite \u00e0 deux jours du proc\u00e8s devant opposer, le 30 mars prochain, Mame Mbaye Niang \u00e0 Ousmane Sonko.<\/p>\n<div class=\"oceanwp-oembed-wrap clr\">\n<blockquote class=\"twitter-tweet\" data-width=\"550\" data-dnt=\"true\">\n<p lang=\"fr\" dir=\"ltr\">L&#39;audience du 30 mars engage le devenir du S\u00e9n\u00e9gal, sa transformation en d\u00e9sert d\u00e9mocratique et l&#39;av\u00e8nement ou non du tyran Macky Sall.<\/p>\n<p>Quatorze martyrs regarderont par-del\u00e0 les \u00e9paules des juges, vers ceux qui les ordonneront.<\/p>\n<p>Devant eux, le peuple. Par millions.<\/p>\n<p>&mdash; Juan Branco \u270a (@anatolium) <a href=\"https:\/\/twitter.com\/anatolium\/status\/1640762710659874817?ref_src=twsrc%5Etfw\">March 28, 2023<\/a><\/p><\/blockquote>\n<p><script async src=\"https:\/\/platform.twitter.com\/widgets.js\" charset=\"utf-8\"><\/script><\/div>\n<div class=\"publi-apres-le-contenu\" style=\"margin-top: 10px;margin-bottom: 10px;margin-left: auto;margin-right: auto;text-align: center;\" id=\"publi-4293792956\"><div class=\"publi-adlabel\">Publicit\u00e9<\/div><script async src=\"\/\/pagead2.googlesyndication.com\/pagead\/js\/adsbygoogle.js?client=ca-pub-4089586018074219\" crossorigin=\"anonymous\"><\/script><ins class=\"adsbygoogle\" style=\"display:block;\" data-ad-client=\"ca-pub-4089586018074219\" \ndata-ad-slot=\"2087940154\" \ndata-ad-format=\"auto\"><\/ins>\n<script> \n(adsbygoogle = window.adsbygoogle || []).push({}); \n<\/script>\n<\/div>","protected":false},"excerpt":{"rendered":"<p>R\u00e9cemment d\u00e9sign\u00e9 par le leader du Pastef Ousmane Sonko dans le cadre du proc\u00e8s l\u2019opposant au ministre du Tourisme Mame Mbaye Niang, l\u2019avocat franco-espagnol Juan Branco a envoy\u00e9 un message fort aux S\u00e9n\u00e9galais. \u00ab\u00a0L\u2019audience du 30 mars engage le devenir du S\u00e9n\u00e9gal, sa transformation en d\u00e9sert d\u00e9mocratique et l\u2019av\u00e8nement ou non du tyran Macky Sall. Quatorze martyrs regarderont par-del\u00e0 les \u00e9paules des juges, vers ceux qui les ordonneront. Devant eux, le peuple. Par millions\u00a0\u00bb, a d\u00e9clar\u00e9 Juan Branco dans un post paru sur Twitter. Une d\u00e9claration faite \u00e0 deux jours du proc\u00e8s devant opposer, le 30 mars prochain, Mame Mbaye Niang \u00e0 Ousmane Sonko. L&#39;audience du 30 mars engage le devenir du S\u00e9n\u00e9gal, sa transformation en d\u00e9sert d\u00e9mocratique et l&#39;av\u00e8nement ou non du tyran Macky Sall. Quatorze martyrs regarderont par-del\u00e0 les \u00e9paules des juges, vers ceux qui les ordonneront. Devant eux, le peuple. Par millions. &mdash; Juan Branco \u270a (@anatolium) March 28, 2023<\/p>\n","protected":false},"author":7,"featured_media":19003,"comment_status":"open","ping_status":"open","sticky":false,"template":"","format":"standard","meta":{"_jetpack_memberships_contains_paid_content":false,"footnotes":""},"categories":[375,3724,3,376,1,372],"tags":[2022,4998,293,16],"class_list":["post-19002","post","type-post","status-publish","format-standard","has-post-thumbnail","hentry","category-actualites","category-justice","category-politique","category-securite-justice","category-non-classe","category-vedette","tag-avocat","tag-juan-blanco","tag-mame-mbaye-niang","tag-ousmane-sonko","entry","has-media","owp-thumbs-layout-horizontal","owp-btn-normal","owp-tabs-layout-horizontal","has-no-thumbnails","has-product-nav"],"yoast_head":"<!-- This site is optimized with the Yoast SEO plugin v25.5 - https:\/\/yoast.com\/wordpress\/plugins\/seo\/ -->\n<title>Juan Branco (Avocat de Sonko) envoie un message fort : \u00ab L\u2019audience du 30 mars engage le devenir du S\u00e9n\u00e9gal\u2026 \u00bb - LE PUBLIC<\/title>\n<meta name=\"robots\" content=\"index, follow, max-snippet:-1, max-image-preview:large, max-video-preview:-1\" \/>\n<link rel=\"canonical\" href=\"https:\/\/www.public.sn\/index.php\/2023\/03\/29\/juan-branco-avocat-de-sonko-envoie-un-message-fort-laudience-du-30-mars-engage-le-devenir-du-senegal\/\" \/>\n<meta property=\"og:locale\" content=\"fr_FR\" \/>\n<meta property=\"og:type\" content=\"article\" \/>\n<meta property=\"og:title\" content=\"Juan Branco (Avocat de Sonko) envoie un message fort : \u00ab L\u2019audience du 30 mars engage le devenir du S\u00e9n\u00e9gal\u2026 \u00bb - LE PUBLIC\" \/>\n<meta property=\"og:description\" content=\"R\u00e9cemment d\u00e9sign\u00e9 par le leader du Pastef Ousmane Sonko dans le cadre du proc\u00e8s l\u2019opposant au ministre du Tourisme Mame Mbaye Niang, l\u2019avocat franco-espagnol Juan Branco a envoy\u00e9 un message fort aux S\u00e9n\u00e9galais. \u00ab\u00a0L\u2019audience du 30 mars engage le devenir du S\u00e9n\u00e9gal, sa transformation en d\u00e9sert d\u00e9mocratique et l\u2019av\u00e8nement ou non du tyran Macky Sall. Quatorze martyrs regarderont par-del\u00e0 les \u00e9paules des juges, vers ceux qui les ordonneront. Devant eux, le peuple. Par millions\u00a0\u00bb, a d\u00e9clar\u00e9 Juan Branco dans un post paru sur Twitter. Une d\u00e9claration faite \u00e0 deux jours du proc\u00e8s devant opposer, le 30 mars prochain, Mame Mbaye Niang \u00e0 Ousmane Sonko. L&#039;audience du 30 mars engage le devenir du S\u00e9n\u00e9gal, sa transformation en d\u00e9sert d\u00e9mocratique et l&#039;av\u00e8nement ou non du tyran Macky Sall. Quatorze martyrs regarderont par-del\u00e0 les \u00e9paules des juges, vers ceux qui les ordonneront. Devant eux, le peuple. Par millions. &mdash; Juan Branco \u270a (@anatolium) March 28, 2023\" \/>\n<meta property=\"og:url\" content=\"https:\/\/www.public.sn\/index.php\/2023\/03\/29\/juan-branco-avocat-de-sonko-envoie-un-message-fort-laudience-du-30-mars-engage-le-devenir-du-senegal\/\" \/>\n<meta property=\"og:site_name\" content=\"LE PUBLIC\" \/>\n<meta property=\"article:published_time\" content=\"2023-03-29T09:56:14+00:00\" \/>\n<meta property=\"og:image\" content=\"https:\/\/www.public.sn\/wp-content\/uploads\/2023\/03\/7B0B2C3C-42F2-441E-BF89-6585E7C0F8E6.jpeg\" \/>\n\t<meta property=\"og:image:width\" content=\"1256\" \/>\n\t<meta property=\"og:image:height\" content=\"628\" \/>\n\t<meta property=\"og:image:type\" content=\"image\/jpeg\" \/>\n<meta name=\"author\" content=\"LA REDACTION\" \/>\n<meta name=\"twitter:card\" content=\"summary_large_image\" \/>\n<meta name=\"twitter:label1\" content=\"\u00c9crit par\" \/>\n\t<meta name=\"twitter:data1\" content=\"LA REDACTION\" \/>\n\t<meta name=\"twitter:label2\" content=\"Dur\u00e9e de lecture estim\u00e9e\" \/>\n\t<meta name=\"twitter:data2\" content=\"1 minute\" \/>\n<script type=\"application\/ld+json\" class=\"yoast-schema-graph\">{\"@context\":\"https:\/\/schema.org\",\"@graph\":[{\"@type\":\"Article\",\"@id\":\"https:\/\/www.public.sn\/index.php\/2023\/03\/29\/juan-branco-avocat-de-sonko-envoie-un-message-fort-laudience-du-30-mars-engage-le-devenir-du-senegal\/#article\",\"isPartOf\":{\"@id\":\"https:\/\/www.public.sn\/index.php\/2023\/03\/29\/juan-branco-avocat-de-sonko-envoie-un-message-fort-laudience-du-30-mars-engage-le-devenir-du-senegal\/\"},\"author\":{\"name\":\"LA REDACTION\",\"@id\":\"https:\/\/www.public.sn\/#\/schema\/person\/cb76c8e1b8becc6be61fb5e92d6d0224\"},\"headline\":\"Juan Branco (Avocat de Sonko) envoie un message fort : \u00ab L\u2019audience du 30 mars engage le devenir du S\u00e9n\u00e9gal\u2026 \u00bb\",\"datePublished\":\"2023-03-29T09:56:14+00:00\",\"mainEntityOfPage\":{\"@id\":\"https:\/\/www.public.sn\/index.php\/2023\/03\/29\/juan-branco-avocat-de-sonko-envoie-un-message-fort-laudience-du-30-mars-engage-le-devenir-du-senegal\/\"},\"wordCount\":176,\"commentCount\":0,\"publisher\":{\"@id\":\"https:\/\/www.public.sn\/#organization\"},\"image\":{\"@id\":\"https:\/\/www.public.sn\/index.php\/2023\/03\/29\/juan-branco-avocat-de-sonko-envoie-un-message-fort-laudience-du-30-mars-engage-le-devenir-du-senegal\/#primaryimage\"},\"thumbnailUrl\":\"https:\/\/www.public.sn\/wp-content\/uploads\/2023\/03\/7B0B2C3C-42F2-441E-BF89-6585E7C0F8E6.jpeg\",\"keywords\":[\"avocat\",\"Juan Blanco\",\"Mame Mbaye Niang\",\"Ousmane Sonko\"],\"articleSection\":[\"ACTUALIT\u00c9S\",\"justice\",\"POLITIQUE\",\"S\u00c9CURIT\u00c9 &amp; JUSTICE\",\"S\u00c9N\u00c9GAL\",\"VEDETTE\"],\"inLanguage\":\"fr-FR\",\"potentialAction\":[{\"@type\":\"CommentAction\",\"name\":\"Comment\",\"target\":[\"https:\/\/www.public.sn\/index.php\/2023\/03\/29\/juan-branco-avocat-de-sonko-envoie-un-message-fort-laudience-du-30-mars-engage-le-devenir-du-senegal\/#respond\"]}]},{\"@type\":\"WebPage\",\"@id\":\"https:\/\/www.public.sn\/index.php\/2023\/03\/29\/juan-branco-avocat-de-sonko-envoie-un-message-fort-laudience-du-30-mars-engage-le-devenir-du-senegal\/\",\"url\":\"https:\/\/www.public.sn\/index.php\/2023\/03\/29\/juan-branco-avocat-de-sonko-envoie-un-message-fort-laudience-du-30-mars-engage-le-devenir-du-senegal\/\",\"name\":\"Juan Branco (Avocat de Sonko) envoie un message fort : \u00ab L\u2019audience du 30 mars engage le devenir du S\u00e9n\u00e9gal\u2026 \u00bb - LE PUBLIC\",\"isPartOf\":{\"@id\":\"https:\/\/www.public.sn\/#website\"},\"primaryImageOfPage\":{\"@id\":\"https:\/\/www.public.sn\/index.php\/2023\/03\/29\/juan-branco-avocat-de-sonko-envoie-un-message-fort-laudience-du-30-mars-engage-le-devenir-du-senegal\/#primaryimage\"},\"image\":{\"@id\":\"https:\/\/www.public.sn\/index.php\/2023\/03\/29\/juan-branco-avocat-de-sonko-envoie-un-message-fort-laudience-du-30-mars-engage-le-devenir-du-senegal\/#primaryimage\"},\"thumbnailUrl\":\"https:\/\/www.public.sn\/wp-content\/uploads\/2023\/03\/7B0B2C3C-42F2-441E-BF89-6585E7C0F8E6.jpeg\",\"datePublished\":\"2023-03-29T09:56:14+00:00\",\"breadcrumb\":{\"@id\":\"https:\/\/www.public.sn\/index.php\/2023\/03\/29\/juan-branco-avocat-de-sonko-envoie-un-message-fort-laudience-du-30-mars-engage-le-devenir-du-senegal\/#breadcrumb\"},\"inLanguage\":\"fr-FR\",\"potentialAction\":[{\"@type\":\"ReadAction\",\"target\":[\"https:\/\/www.public.sn\/index.php\/2023\/03\/29\/juan-branco-avocat-de-sonko-envoie-un-message-fort-laudience-du-30-mars-engage-le-devenir-du-senegal\/\"]}]},{\"@type\":\"ImageObject\",\"inLanguage\":\"fr-FR\",\"@id\":\"https:\/\/www.public.sn\/index.php\/2023\/03\/29\/juan-branco-avocat-de-sonko-envoie-un-message-fort-laudience-du-30-mars-engage-le-devenir-du-senegal\/#primaryimage\",\"url\":\"https:\/\/www.public.sn\/wp-content\/uploads\/2023\/03\/7B0B2C3C-42F2-441E-BF89-6585E7C0F8E6.jpeg\",\"contentUrl\":\"https:\/\/www.public.sn\/wp-content\/uploads\/2023\/03\/7B0B2C3C-42F2-441E-BF89-6585E7C0F8E6.jpeg\",\"width\":1256,\"height\":628},{\"@type\":\"BreadcrumbList\",\"@id\":\"https:\/\/www.public.sn\/index.php\/2023\/03\/29\/juan-branco-avocat-de-sonko-envoie-un-message-fort-laudience-du-30-mars-engage-le-devenir-du-senegal\/#breadcrumb\",\"itemListElement\":[{\"@type\":\"ListItem\",\"position\":1,\"name\":\"Accueil\",\"item\":\"https:\/\/www.public.sn\/\"},{\"@type\":\"ListItem\",\"position\":2,\"name\":\"Juan Branco (Avocat de Sonko) envoie un message fort : \u00ab L\u2019audience du 30 mars engage le devenir du S\u00e9n\u00e9gal\u2026 \u00bb\"}]},{\"@type\":\"WebSite\",\"@id\":\"https:\/\/www.public.sn\/#website\",\"url\":\"https:\/\/www.public.sn\/\",\"name\":\"LE PUBLIC\",\"description\":\"\",\"publisher\":{\"@id\":\"https:\/\/www.public.sn\/#organization\"},\"potentialAction\":[{\"@type\":\"SearchAction\",\"target\":{\"@type\":\"EntryPoint\",\"urlTemplate\":\"https:\/\/www.public.sn\/?s={search_term_string}\"},\"query-input\":{\"@type\":\"PropertyValueSpecification\",\"valueRequired\":true,\"valueName\":\"search_term_string\"}}],\"inLanguage\":\"fr-FR\"},{\"@type\":\"Organization\",\"@id\":\"https:\/\/www.public.sn\/#organization\",\"name\":\"LE PUBLIC\",\"url\":\"https:\/\/www.public.sn\/\",\"logo\":{\"@type\":\"ImageObject\",\"inLanguage\":\"fr-FR\",\"@id\":\"https:\/\/www.public.sn\/#\/schema\/logo\/image\/\",\"url\":\"https:\/\/www.public.sn\/wp-content\/uploads\/2024\/05\/cropped-LOGO-PUBLIC.SN_.png\",\"contentUrl\":\"https:\/\/www.public.sn\/wp-content\/uploads\/2024\/05\/cropped-LOGO-PUBLIC.SN_.png\",\"width\":682,\"height\":192,\"caption\":\"LE PUBLIC\"},\"image\":{\"@id\":\"https:\/\/www.public.sn\/#\/schema\/logo\/image\/\"}},{\"@type\":\"Person\",\"@id\":\"https:\/\/www.public.sn\/#\/schema\/person\/cb76c8e1b8becc6be61fb5e92d6d0224\",\"name\":\"LA REDACTION\",\"image\":{\"@type\":\"ImageObject\",\"inLanguage\":\"fr-FR\",\"@id\":\"https:\/\/www.public.sn\/#\/schema\/person\/image\/\",\"url\":\"https:\/\/secure.gravatar.com\/avatar\/2dce5ddd34b8fef0180efe03aa2a9bee7d953856048f9a16b298190a3178407c?s=96&d=mm&r=g\",\"contentUrl\":\"https:\/\/secure.gravatar.com\/avatar\/2dce5ddd34b8fef0180efe03aa2a9bee7d953856048f9a16b298190a3178407c?s=96&d=mm&r=g\",\"caption\":\"LA REDACTION\"},\"url\":\"https:\/\/www.public.sn\/index.php\/author\/editeurpsn\/\"}]}<\/script>\n<!-- \/ Yoast SEO plugin. -->","yoast_head_json":{"title":"Juan Branco (Avocat de Sonko) envoie un message fort : \u00ab L\u2019audience du 30 mars engage le devenir du S\u00e9n\u00e9gal\u2026 \u00bb - LE PUBLIC","robots":{"index":"index","follow":"follow","max-snippet":"max-snippet:-1","max-image-preview":"max-image-preview:large","max-video-preview":"max-video-preview:-1"},"canonical":"https:\/\/www.public.sn\/index.php\/2023\/03\/29\/juan-branco-avocat-de-sonko-envoie-un-message-fort-laudience-du-30-mars-engage-le-devenir-du-senegal\/","og_locale":"fr_FR","og_type":"article","og_title":"Juan Branco (Avocat de Sonko) envoie un message fort : \u00ab L\u2019audience du 30 mars engage le devenir du S\u00e9n\u00e9gal\u2026 \u00bb - LE PUBLIC","og_description":"R\u00e9cemment d\u00e9sign\u00e9 par le leader du Pastef Ousmane Sonko dans le cadre du proc\u00e8s l\u2019opposant au ministre du Tourisme Mame Mbaye Niang, l\u2019avocat franco-espagnol Juan Branco a envoy\u00e9 un message fort aux S\u00e9n\u00e9galais. \u00ab\u00a0L\u2019audience du 30 mars engage le devenir du S\u00e9n\u00e9gal, sa transformation en d\u00e9sert d\u00e9mocratique et l\u2019av\u00e8nement ou non du tyran Macky Sall. Quatorze martyrs regarderont par-del\u00e0 les \u00e9paules des juges, vers ceux qui les ordonneront. Devant eux, le peuple. Par millions\u00a0\u00bb, a d\u00e9clar\u00e9 Juan Branco dans un post paru sur Twitter. Une d\u00e9claration faite \u00e0 deux jours du proc\u00e8s devant opposer, le 30 mars prochain, Mame Mbaye Niang \u00e0 Ousmane Sonko. L&#39;audience du 30 mars engage le devenir du S\u00e9n\u00e9gal, sa transformation en d\u00e9sert d\u00e9mocratique et l&#39;av\u00e8nement ou non du tyran Macky Sall. Quatorze martyrs regarderont par-del\u00e0 les \u00e9paules des juges, vers ceux qui les ordonneront. Devant eux, le peuple. Par millions. &mdash; Juan Branco \u270a (@anatolium) March 28, 2023","og_url":"https:\/\/www.public.sn\/index.php\/2023\/03\/29\/juan-branco-avocat-de-sonko-envoie-un-message-fort-laudience-du-30-mars-engage-le-devenir-du-senegal\/","og_site_name":"LE PUBLIC","article_published_time":"2023-03-29T09:56:14+00:00","og_image":[{"width":1256,"height":628,"url":"https:\/\/www.public.sn\/wp-content\/uploads\/2023\/03\/7B0B2C3C-42F2-441E-BF89-6585E7C0F8E6.jpeg","type":"image\/jpeg"}],"author":"LA REDACTION","twitter_card":"summary_large_image","twitter_misc":{"\u00c9crit par":"LA REDACTION","Dur\u00e9e de lecture estim\u00e9e":"1 minute"},"schema":{"@context":"https:\/\/schema.org","@graph":[{"@type":"Article","@id":"https:\/\/www.public.sn\/index.php\/2023\/03\/29\/juan-branco-avocat-de-sonko-envoie-un-message-fort-laudience-du-30-mars-engage-le-devenir-du-senegal\/#article","isPartOf":{"@id":"https:\/\/www.public.sn\/index.php\/2023\/03\/29\/juan-branco-avocat-de-sonko-envoie-un-message-fort-laudience-du-30-mars-engage-le-devenir-du-senegal\/"},"author":{"name":"LA REDACTION","@id":"https:\/\/www.public.sn\/#\/schema\/person\/cb76c8e1b8becc6be61fb5e92d6d0224"},"headline":"Juan Branco (Avocat de Sonko) envoie un message fort : \u00ab L\u2019audience du 30 mars engage le devenir du S\u00e9n\u00e9gal\u2026 \u00bb","datePublished":"2023-03-29T09:56:14+00:00","mainEntityOfPage":{"@id":"https:\/\/www.public.sn\/index.php\/2023\/03\/29\/juan-branco-avocat-de-sonko-envoie-un-message-fort-laudience-du-30-mars-engage-le-devenir-du-senegal\/"},"wordCount":176,"commentCount":0,"publisher":{"@id":"https:\/\/www.public.sn\/#organization"},"image":{"@id":"https:\/\/www.public.sn\/index.php\/2023\/03\/29\/juan-branco-avocat-de-sonko-envoie-un-message-fort-laudience-du-30-mars-engage-le-devenir-du-senegal\/#primaryimage"},"thumbnailUrl":"https:\/\/www.public.sn\/wp-content\/uploads\/2023\/03\/7B0B2C3C-42F2-441E-BF89-6585E7C0F8E6.jpeg","keywords":["avocat","Juan Blanco","Mame Mbaye Niang","Ousmane Sonko"],"articleSection":["ACTUALIT\u00c9S","justice","POLITIQUE","S\u00c9CURIT\u00c9 &amp; JUSTICE","S\u00c9N\u00c9GAL","VEDETTE"],"inLanguage":"fr-FR","potentialAction":[{"@type":"CommentAction","name":"Comment","target":["https:\/\/www.public.sn\/index.php\/2023\/03\/29\/juan-branco-avocat-de-sonko-envoie-un-message-fort-laudience-du-30-mars-engage-le-devenir-du-senegal\/#respond"]}]},{"@type":"WebPage","@id":"https:\/\/www.public.sn\/index.php\/2023\/03\/29\/juan-branco-avocat-de-sonko-envoie-un-message-fort-laudience-du-30-mars-engage-le-devenir-du-senegal\/","url":"https:\/\/www.public.sn\/index.php\/2023\/03\/29\/juan-branco-avocat-de-sonko-envoie-un-message-fort-laudience-du-30-mars-engage-le-devenir-du-senegal\/","name":"Juan Branco (Avocat de Sonko) envoie un message fort : \u00ab L\u2019audience du 30 mars engage le devenir du S\u00e9n\u00e9gal\u2026 \u00bb - LE PUBLIC","isPartOf":{"@id":"https:\/\/www.public.sn\/#website"},"primaryImageOfPage":{"@id":"https:\/\/www.public.sn\/index.php\/2023\/03\/29\/juan-branco-avocat-de-sonko-envoie-un-message-fort-laudience-du-30-mars-engage-le-devenir-du-senegal\/#primaryimage"},"image":{"@id":"https:\/\/www.public.sn\/index.php\/2023\/03\/29\/juan-branco-avocat-de-sonko-envoie-un-message-fort-laudience-du-30-mars-engage-le-devenir-du-senegal\/#primaryimage"},"thumbnailUrl":"https:\/\/www.public.sn\/wp-content\/uploads\/2023\/03\/7B0B2C3C-42F2-441E-BF89-6585E7C0F8E6.jpeg","datePublished":"2023-03-29T09:56:14+00:00","breadcrumb":{"@id":"https:\/\/www.public.sn\/index.php\/2023\/03\/29\/juan-branco-avocat-de-sonko-envoie-un-message-fort-laudience-du-30-mars-engage-le-devenir-du-senegal\/#breadcrumb"},"inLanguage":"fr-FR","potentialAction":[{"@type":"ReadAction","target":["https:\/\/www.public.sn\/index.php\/2023\/03\/29\/juan-branco-avocat-de-sonko-envoie-un-message-fort-laudience-du-30-mars-engage-le-devenir-du-senegal\/"]}]},{"@type":"ImageObject","inLanguage":"fr-FR","@id":"https:\/\/www.public.sn\/index.php\/2023\/03\/29\/juan-branco-avocat-de-sonko-envoie-un-message-fort-laudience-du-30-mars-engage-le-devenir-du-senegal\/#primaryimage","url":"https:\/\/www.public.sn\/wp-content\/uploads\/2023\/03\/7B0B2C3C-42F2-441E-BF89-6585E7C0F8E6.jpeg","contentUrl":"https:\/\/www.public.sn\/wp-content\/uploads\/2023\/03\/7B0B2C3C-42F2-441E-BF89-6585E7C0F8E6.jpeg","width":1256,"height":628},{"@type":"BreadcrumbList","@id":"https:\/\/www.public.sn\/index.php\/2023\/03\/29\/juan-branco-avocat-de-sonko-envoie-un-message-fort-laudience-du-30-mars-engage-le-devenir-du-senegal\/#breadcrumb","itemListElement":[{"@type":"ListItem","position":1,"name":"Accueil","item":"https:\/\/www.public.sn\/"},{"@type":"ListItem","position":2,"name":"Juan Branco (Avocat de Sonko) envoie un message fort : \u00ab L\u2019audience du 30 mars engage le devenir du S\u00e9n\u00e9gal\u2026 \u00bb"}]},{"@type":"WebSite","@id":"https:\/\/www.public.sn\/#website","url":"https:\/\/www.public.sn\/","name":"LE PUBLIC","description":"","publisher":{"@id":"https:\/\/www.public.sn\/#organization"},"potentialAction":[{"@type":"SearchAction","target":{"@type":"EntryPoint","urlTemplate":"https:\/\/www.public.sn\/?s={search_term_string}"},"query-input":{"@type":"PropertyValueSpecification","valueRequired":true,"valueName":"search_term_string"}}],"inLanguage":"fr-FR"},{"@type":"Organization","@id":"https:\/\/www.public.sn\/#organization","name":"LE PUBLIC","url":"https:\/\/www.public.sn\/","logo":{"@type":"ImageObject","inLanguage":"fr-FR","@id":"https:\/\/www.public.sn\/#\/schema\/logo\/image\/","url":"https:\/\/www.public.sn\/wp-content\/uploads\/2024\/05\/cropped-LOGO-PUBLIC.SN_.png","contentUrl":"https:\/\/www.public.sn\/wp-content\/uploads\/2024\/05\/cropped-LOGO-PUBLIC.SN_.png","width":682,"height":192,"caption":"LE PUBLIC"},"image":{"@id":"https:\/\/www.public.sn\/#\/schema\/logo\/image\/"}},{"@type":"Person","@id":"https:\/\/www.public.sn\/#\/schema\/person\/cb76c8e1b8becc6be61fb5e92d6d0224","name":"LA REDACTION","image":{"@type":"ImageObject","inLanguage":"fr-FR","@id":"https:\/\/www.public.sn\/#\/schema\/person\/image\/","url":"https:\/\/secure.gravatar.com\/avatar\/2dce5ddd34b8fef0180efe03aa2a9bee7d953856048f9a16b298190a3178407c?s=96&d=mm&r=g","contentUrl":"https:\/\/secure.gravatar.com\/avatar\/2dce5ddd34b8fef0180efe03aa2a9bee7d953856048f9a16b298190a3178407c?s=96&d=mm&r=g","caption":"LA REDACTION"},"url":"https:\/\/www.public.sn\/index.php\/author\/editeurpsn\/"}]}},"jetpack_featured_media_url":"https:\/\/www.public.sn\/wp-content\/uploads\/2023\/03\/7B0B2C3C-42F2-441E-BF89-6585E7C0F8E6.jpeg","jetpack_sharing_enabled":true,"_links":{"self":[{"href":"https:\/\/www.public.sn\/index.php\/wp-json\/wp\/v2\/posts\/19002","targetHints":{"allow":["GET"]}}],"collection":[{"href":"https:\/\/www.public.sn\/index.php\/wp-json\/wp\/v2\/posts"}],"about":[{"href":"https:\/\/www.public.sn\/index.php\/wp-json\/wp\/v2\/types\/post"}],"author":[{"embeddable":true,"href":"https:\/\/www.public.sn\/index.php\/wp-json\/wp\/v2\/users\/7"}],"replies":[{"embeddable":true,"href":"https:\/\/www.public.sn\/index.php\/wp-json\/wp\/v2\/comments?post=19002"}],"version-history":[{"count":1,"href":"https:\/\/www.public.sn\/index.php\/wp-json\/wp\/v2\/posts\/19002\/revisions"}],"predecessor-version":[{"id":19004,"href":"https:\/\/www.public.sn\/index.php\/wp-json\/wp\/v2\/posts\/19002\/revisions\/19004"}],"wp:featuredmedia":[{"embeddable":true,"href":"https:\/\/www.public.sn\/index.php\/wp-json\/wp\/v2\/media\/19003"}],"wp:attachment":[{"href":"https:\/\/www.public.sn\/index.php\/wp-json\/wp\/v2\/media?parent=19002"}],"wp:term":[{"taxonomy":"category","embeddable":true,"href":"https:\/\/www.public.sn\/index.php\/wp-json\/wp\/v2\/categories?post=19002"},{"taxonomy":"post_tag","embeddable":true,"href":"https:\/\/www.public.sn\/index.php\/wp-json\/wp\/v2\/tags?post=19002"}],"curies":[{"name":"wp","href":"https:\/\/api.w.org\/{rel}","templated":true}]}}