{"id":19009,"date":"2023-03-29T15:04:22","date_gmt":"2023-03-29T15:04:22","guid":{"rendered":"https:\/\/www.public.sn\/?p=19009"},"modified":"2023-03-29T15:04:22","modified_gmt":"2023-03-29T15:04:22","slug":"dethie-fall-ne-va-pas-feter-les-deux-ans-de-son-partiles-raisons","status":"publish","type":"post","link":"https:\/\/www.public.sn\/index.php\/2023\/03\/29\/dethie-fall-ne-va-pas-feter-les-deux-ans-de-son-partiles-raisons\/","title":{"rendered":"Dethi\u00e9 Fall ne va pas f\u00eater les deux ans de son parti\u2026les raisons"},"content":{"rendered":"<p><strong>En d\u2019autres temps, D\u00e9thi\u00e9 Fall aurait f\u00eat\u00e9 en grande pompe les deux ans de sa formation politique, le Parti r\u00e9publicain pour progr\u00e8s\/Diis\u00f3o ak Askan Wi. Mais le contexte d\u2019une d\u00e9mocratie s\u00e9n\u00e9galaise \u00ab agress\u00e9e \u00bb l\u2019a pouss\u00e9 \u00e0 s\u2019abstenir de f\u00eater les deux ann\u00e9es de l\u2019existence d\u2019un parti qui a pour fondement de pr\u00e9server la d\u00e9mocratie et d\u00e9fendre les int\u00e9r\u00eats du peuple s\u00e9n\u00e9galais. En deux ans d\u2019existence, beaucoup d\u2019\u00e9v\u00e9nements se sont d\u00e9roul\u00e9s, selon son pr\u00e9sident D\u00e9thi\u00e9 Fall qui explique que le PRP s\u2019est bien agrandi et constitue aujourd\u2019hui une force politique au S\u00e9n\u00e9gal.<\/strong><\/p><div class=\"publi-paragraphe1\" style=\"margin-top: 10px;margin-bottom: 10px;margin-left: auto;margin-right: auto;text-align: center;\" id=\"publi-93892364\"><div class=\"publi-adlabel\">Publicit\u00e9<\/div><script async src=\"\/\/pagead2.googlesyndication.com\/pagead\/js\/adsbygoogle.js?client=ca-pub-4089586018074219\" crossorigin=\"anonymous\"><\/script><ins class=\"adsbygoogle\" style=\"display:block;\" data-ad-client=\"ca-pub-4089586018074219\" \ndata-ad-slot=\"2087940154\" \ndata-ad-format=\"auto\"><\/ins>\n<script> \n(adsbygoogle = window.adsbygoogle || []).push({}); \n<\/script>\n<\/div>\n<p>\u00abLe contexte politique actuel, marqu\u00e9 par une agression \u00e0 outrance de la d\u00e9mocratie, des arrestations et pers\u00e9cutions d\u2019opposants, ne peut donner lieu \u00e0 une quelconque festivit\u00e9 ni \u00e0 une c\u00e9l\u00e9bration en apoth\u00e9ose. C\u2019est pourquoi le PRP r\u00e9it\u00e8re son ind\u00e9fectible engagement dans la lutte contre la pers\u00e9cution d\u2019opposants, contre les multiples arrestations et emprisonnements politiques, contre la violation de la Constitution et des r\u00e8gles de jeu d\u00e9mocratique, contre une inacceptable troisi\u00e8me candidature clairement affich\u00e9e du pr\u00e9sident actuel\u00bb, note-t-on dans un communiqu\u00e9 sign\u00e9 D\u00e9thi\u00e9 Fall, r\u00e9v\u00e8le Le T\u00e9moin.<\/p>\n<p>Par ailleurs, le PRP renouvelle son engagement \u00e0 lutter pour la d\u00e9fense des int\u00e9r\u00eats l\u00e9gitimes des S\u00e9n\u00e9galaises et des S\u00e9n\u00e9galais, et le respect de leurs droits \u00e9conomiques et sociaux.<\/p>\n<div class=\"publi-apres-le-contenu\" style=\"margin-top: 10px;margin-bottom: 10px;margin-left: auto;margin-right: auto;text-align: center;\" id=\"publi-2775327035\"><div class=\"publi-adlabel\">Publicit\u00e9<\/div><script async src=\"\/\/pagead2.googlesyndication.com\/pagead\/js\/adsbygoogle.js?client=ca-pub-4089586018074219\" crossorigin=\"anonymous\"><\/script><ins class=\"adsbygoogle\" style=\"display:block;\" data-ad-client=\"ca-pub-4089586018074219\" \ndata-ad-slot=\"2087940154\" \ndata-ad-format=\"auto\"><\/ins>\n<script> \n(adsbygoogle = window.adsbygoogle || []).push({}); \n<\/script>\n<\/div>","protected":false},"excerpt":{"rendered":"<p>En d\u2019autres temps, D\u00e9thi\u00e9 Fall aurait f\u00eat\u00e9 en grande pompe les deux ans de sa formation politique, le Parti r\u00e9publicain pour progr\u00e8s\/Diis\u00f3o ak Askan Wi. Mais le contexte d\u2019une d\u00e9mocratie s\u00e9n\u00e9galaise \u00ab agress\u00e9e \u00bb l\u2019a pouss\u00e9 \u00e0 s\u2019abstenir de f\u00eater les deux ann\u00e9es de l\u2019existence d\u2019un parti qui a pour fondement de pr\u00e9server la d\u00e9mocratie et d\u00e9fendre les int\u00e9r\u00eats du peuple s\u00e9n\u00e9galais. En deux ans d\u2019existence, beaucoup d\u2019\u00e9v\u00e9nements se sont d\u00e9roul\u00e9s, selon son pr\u00e9sident D\u00e9thi\u00e9 Fall qui explique que le PRP s\u2019est bien agrandi et constitue aujourd\u2019hui une force politique au S\u00e9n\u00e9gal. \u00abLe contexte politique actuel, marqu\u00e9 par une agression \u00e0 outrance de la d\u00e9mocratie, des arrestations et pers\u00e9cutions d\u2019opposants, ne peut donner lieu \u00e0 une quelconque festivit\u00e9 ni \u00e0 une c\u00e9l\u00e9bration en apoth\u00e9ose. C\u2019est pourquoi le PRP r\u00e9it\u00e8re son ind\u00e9fectible engagement dans la lutte contre la pers\u00e9cution d\u2019opposants, contre les multiples arrestations et emprisonnements politiques, contre la violation de la Constitution et des r\u00e8gles de jeu d\u00e9mocratique, contre une inacceptable troisi\u00e8me candidature clairement affich\u00e9e du pr\u00e9sident actuel\u00bb, note-t-on dans un communiqu\u00e9 sign\u00e9 D\u00e9thi\u00e9 Fall, r\u00e9v\u00e8le Le T\u00e9moin. Par ailleurs, le PRP renouvelle son engagement \u00e0 lutter pour la d\u00e9fense des int\u00e9r\u00eats l\u00e9gitimes des S\u00e9n\u00e9galaises et des S\u00e9n\u00e9galais, et le respect de leurs droits \u00e9conomiques et sociaux.<\/p>\n","protected":false},"author":7,"featured_media":19011,"comment_status":"open","ping_status":"open","sticky":false,"template":"","format":"standard","meta":{"_jetpack_memberships_contains_paid_content":false,"footnotes":""},"categories":[375,3,1,881],"tags":[5002,4309,31,5001,4801],"class_list":["post-19009","post","type-post","status-publish","format-standard","has-post-thumbnail","hentry","category-actualites","category-politique","category-non-classe","category-souvenirs","tag-2-ans","tag-anniversaire","tag-dethie-fall","tag-prp","tag-souvenir","entry","has-media","owp-thumbs-layout-horizontal","owp-btn-normal","owp-tabs-layout-horizontal","has-no-thumbnails","has-product-nav"],"yoast_head":"<!-- This site is optimized with the Yoast SEO plugin v25.5 - https:\/\/yoast.com\/wordpress\/plugins\/seo\/ -->\n<title>Dethi\u00e9 Fall ne va pas f\u00eater les deux ans de son parti\u2026les raisons - LE PUBLIC<\/title>\n<meta name=\"robots\" content=\"index, follow, max-snippet:-1, max-image-preview:large, max-video-preview:-1\" \/>\n<link rel=\"canonical\" href=\"https:\/\/www.public.sn\/index.php\/2023\/03\/29\/dethie-fall-ne-va-pas-feter-les-deux-ans-de-son-partiles-raisons\/\" \/>\n<meta property=\"og:locale\" content=\"fr_FR\" \/>\n<meta property=\"og:type\" content=\"article\" \/>\n<meta property=\"og:title\" content=\"Dethi\u00e9 Fall ne va pas f\u00eater les deux ans de son parti\u2026les raisons - LE PUBLIC\" \/>\n<meta property=\"og:description\" content=\"En d\u2019autres temps, D\u00e9thi\u00e9 Fall aurait f\u00eat\u00e9 en grande pompe les deux ans de sa formation politique, le Parti r\u00e9publicain pour progr\u00e8s\/Diis\u00f3o ak Askan Wi. Mais le contexte d\u2019une d\u00e9mocratie s\u00e9n\u00e9galaise \u00ab agress\u00e9e \u00bb l\u2019a pouss\u00e9 \u00e0 s\u2019abstenir de f\u00eater les deux ann\u00e9es de l\u2019existence d\u2019un parti qui a pour fondement de pr\u00e9server la d\u00e9mocratie et d\u00e9fendre les int\u00e9r\u00eats du peuple s\u00e9n\u00e9galais. En deux ans d\u2019existence, beaucoup d\u2019\u00e9v\u00e9nements se sont d\u00e9roul\u00e9s, selon son pr\u00e9sident D\u00e9thi\u00e9 Fall qui explique que le PRP s\u2019est bien agrandi et constitue aujourd\u2019hui une force politique au S\u00e9n\u00e9gal. \u00abLe contexte politique actuel, marqu\u00e9 par une agression \u00e0 outrance de la d\u00e9mocratie, des arrestations et pers\u00e9cutions d\u2019opposants, ne peut donner lieu \u00e0 une quelconque festivit\u00e9 ni \u00e0 une c\u00e9l\u00e9bration en apoth\u00e9ose. C\u2019est pourquoi le PRP r\u00e9it\u00e8re son ind\u00e9fectible engagement dans la lutte contre la pers\u00e9cution d\u2019opposants, contre les multiples arrestations et emprisonnements politiques, contre la violation de la Constitution et des r\u00e8gles de jeu d\u00e9mocratique, contre une inacceptable troisi\u00e8me candidature clairement affich\u00e9e du pr\u00e9sident actuel\u00bb, note-t-on dans un communiqu\u00e9 sign\u00e9 D\u00e9thi\u00e9 Fall, r\u00e9v\u00e8le Le T\u00e9moin. Par ailleurs, le PRP renouvelle son engagement \u00e0 lutter pour la d\u00e9fense des int\u00e9r\u00eats l\u00e9gitimes des S\u00e9n\u00e9galaises et des S\u00e9n\u00e9galais, et le respect de leurs droits \u00e9conomiques et sociaux.\" \/>\n<meta property=\"og:url\" content=\"https:\/\/www.public.sn\/index.php\/2023\/03\/29\/dethie-fall-ne-va-pas-feter-les-deux-ans-de-son-partiles-raisons\/\" \/>\n<meta property=\"og:site_name\" content=\"LE PUBLIC\" \/>\n<meta property=\"article:published_time\" content=\"2023-03-29T15:04:22+00:00\" \/>\n<meta property=\"og:image\" content=\"https:\/\/www.public.sn\/wp-content\/uploads\/2023\/03\/dethie_fall_1.jpg\" \/>\n\t<meta property=\"og:image:width\" content=\"800\" \/>\n\t<meta property=\"og:image:height\" content=\"600\" \/>\n\t<meta property=\"og:image:type\" content=\"image\/jpeg\" \/>\n<meta name=\"author\" content=\"LA REDACTION\" \/>\n<meta name=\"twitter:card\" content=\"summary_large_image\" \/>\n<meta name=\"twitter:label1\" content=\"\u00c9crit par\" \/>\n\t<meta name=\"twitter:data1\" content=\"LA REDACTION\" \/>\n\t<meta name=\"twitter:label2\" content=\"Dur\u00e9e de lecture estim\u00e9e\" \/>\n\t<meta name=\"twitter:data2\" content=\"2 minutes\" \/>\n<script type=\"application\/ld+json\" class=\"yoast-schema-graph\">{\"@context\":\"https:\/\/schema.org\",\"@graph\":[{\"@type\":\"Article\",\"@id\":\"https:\/\/www.public.sn\/index.php\/2023\/03\/29\/dethie-fall-ne-va-pas-feter-les-deux-ans-de-son-partiles-raisons\/#article\",\"isPartOf\":{\"@id\":\"https:\/\/www.public.sn\/index.php\/2023\/03\/29\/dethie-fall-ne-va-pas-feter-les-deux-ans-de-son-partiles-raisons\/\"},\"author\":{\"name\":\"LA REDACTION\",\"@id\":\"https:\/\/www.public.sn\/#\/schema\/person\/cb76c8e1b8becc6be61fb5e92d6d0224\"},\"headline\":\"Dethi\u00e9 Fall ne va pas f\u00eater les deux ans de son parti\u2026les raisons\",\"datePublished\":\"2023-03-29T15:04:22+00:00\",\"mainEntityOfPage\":{\"@id\":\"https:\/\/www.public.sn\/index.php\/2023\/03\/29\/dethie-fall-ne-va-pas-feter-les-deux-ans-de-son-partiles-raisons\/\"},\"wordCount\":280,\"commentCount\":0,\"publisher\":{\"@id\":\"https:\/\/www.public.sn\/#organization\"},\"image\":{\"@id\":\"https:\/\/www.public.sn\/index.php\/2023\/03\/29\/dethie-fall-ne-va-pas-feter-les-deux-ans-de-son-partiles-raisons\/#primaryimage\"},\"thumbnailUrl\":\"https:\/\/www.public.sn\/wp-content\/uploads\/2023\/03\/dethie_fall_1.jpg\",\"keywords\":[\"2 ans\",\"Anniversaire\",\"D\u00e9thi\u00e9 Fall\",\"prp\",\"souvenir\"],\"articleSection\":[\"ACTUALIT\u00c9S\",\"POLITIQUE\",\"S\u00c9N\u00c9GAL\",\"SOUVENIRS\"],\"inLanguage\":\"fr-FR\",\"potentialAction\":[{\"@type\":\"CommentAction\",\"name\":\"Comment\",\"target\":[\"https:\/\/www.public.sn\/index.php\/2023\/03\/29\/dethie-fall-ne-va-pas-feter-les-deux-ans-de-son-partiles-raisons\/#respond\"]}]},{\"@type\":\"WebPage\",\"@id\":\"https:\/\/www.public.sn\/index.php\/2023\/03\/29\/dethie-fall-ne-va-pas-feter-les-deux-ans-de-son-partiles-raisons\/\",\"url\":\"https:\/\/www.public.sn\/index.php\/2023\/03\/29\/dethie-fall-ne-va-pas-feter-les-deux-ans-de-son-partiles-raisons\/\",\"name\":\"Dethi\u00e9 Fall ne va pas f\u00eater les deux ans de son parti\u2026les raisons - LE PUBLIC\",\"isPartOf\":{\"@id\":\"https:\/\/www.public.sn\/#website\"},\"primaryImageOfPage\":{\"@id\":\"https:\/\/www.public.sn\/index.php\/2023\/03\/29\/dethie-fall-ne-va-pas-feter-les-deux-ans-de-son-partiles-raisons\/#primaryimage\"},\"image\":{\"@id\":\"https:\/\/www.public.sn\/index.php\/2023\/03\/29\/dethie-fall-ne-va-pas-feter-les-deux-ans-de-son-partiles-raisons\/#primaryimage\"},\"thumbnailUrl\":\"https:\/\/www.public.sn\/wp-content\/uploads\/2023\/03\/dethie_fall_1.jpg\",\"datePublished\":\"2023-03-29T15:04:22+00:00\",\"breadcrumb\":{\"@id\":\"https:\/\/www.public.sn\/index.php\/2023\/03\/29\/dethie-fall-ne-va-pas-feter-les-deux-ans-de-son-partiles-raisons\/#breadcrumb\"},\"inLanguage\":\"fr-FR\",\"potentialAction\":[{\"@type\":\"ReadAction\",\"target\":[\"https:\/\/www.public.sn\/index.php\/2023\/03\/29\/dethie-fall-ne-va-pas-feter-les-deux-ans-de-son-partiles-raisons\/\"]}]},{\"@type\":\"ImageObject\",\"inLanguage\":\"fr-FR\",\"@id\":\"https:\/\/www.public.sn\/index.php\/2023\/03\/29\/dethie-fall-ne-va-pas-feter-les-deux-ans-de-son-partiles-raisons\/#primaryimage\",\"url\":\"https:\/\/www.public.sn\/wp-content\/uploads\/2023\/03\/dethie_fall_1.jpg\",\"contentUrl\":\"https:\/\/www.public.sn\/wp-content\/uploads\/2023\/03\/dethie_fall_1.jpg\",\"width\":800,\"height\":600},{\"@type\":\"BreadcrumbList\",\"@id\":\"https:\/\/www.public.sn\/index.php\/2023\/03\/29\/dethie-fall-ne-va-pas-feter-les-deux-ans-de-son-partiles-raisons\/#breadcrumb\",\"itemListElement\":[{\"@type\":\"ListItem\",\"position\":1,\"name\":\"Accueil\",\"item\":\"https:\/\/www.public.sn\/\"},{\"@type\":\"ListItem\",\"position\":2,\"name\":\"Dethi\u00e9 Fall ne va pas f\u00eater les deux ans de son parti\u2026les raisons\"}]},{\"@type\":\"WebSite\",\"@id\":\"https:\/\/www.public.sn\/#website\",\"url\":\"https:\/\/www.public.sn\/\",\"name\":\"LE PUBLIC\",\"description\":\"\",\"publisher\":{\"@id\":\"https:\/\/www.public.sn\/#organization\"},\"potentialAction\":[{\"@type\":\"SearchAction\",\"target\":{\"@type\":\"EntryPoint\",\"urlTemplate\":\"https:\/\/www.public.sn\/?s={search_term_string}\"},\"query-input\":{\"@type\":\"PropertyValueSpecification\",\"valueRequired\":true,\"valueName\":\"search_term_string\"}}],\"inLanguage\":\"fr-FR\"},{\"@type\":\"Organization\",\"@id\":\"https:\/\/www.public.sn\/#organization\",\"name\":\"LE PUBLIC\",\"url\":\"https:\/\/www.public.sn\/\",\"logo\":{\"@type\":\"ImageObject\",\"inLanguage\":\"fr-FR\",\"@id\":\"https:\/\/www.public.sn\/#\/schema\/logo\/image\/\",\"url\":\"https:\/\/www.public.sn\/wp-content\/uploads\/2024\/05\/cropped-LOGO-PUBLIC.SN_.png\",\"contentUrl\":\"https:\/\/www.public.sn\/wp-content\/uploads\/2024\/05\/cropped-LOGO-PUBLIC.SN_.png\",\"width\":682,\"height\":192,\"caption\":\"LE PUBLIC\"},\"image\":{\"@id\":\"https:\/\/www.public.sn\/#\/schema\/logo\/image\/\"}},{\"@type\":\"Person\",\"@id\":\"https:\/\/www.public.sn\/#\/schema\/person\/cb76c8e1b8becc6be61fb5e92d6d0224\",\"name\":\"LA REDACTION\",\"image\":{\"@type\":\"ImageObject\",\"inLanguage\":\"fr-FR\",\"@id\":\"https:\/\/www.public.sn\/#\/schema\/person\/image\/\",\"url\":\"https:\/\/secure.gravatar.com\/avatar\/2dce5ddd34b8fef0180efe03aa2a9bee7d953856048f9a16b298190a3178407c?s=96&d=mm&r=g\",\"contentUrl\":\"https:\/\/secure.gravatar.com\/avatar\/2dce5ddd34b8fef0180efe03aa2a9bee7d953856048f9a16b298190a3178407c?s=96&d=mm&r=g\",\"caption\":\"LA REDACTION\"},\"url\":\"https:\/\/www.public.sn\/index.php\/author\/editeurpsn\/\"}]}<\/script>\n<!-- \/ Yoast SEO plugin. -->","yoast_head_json":{"title":"Dethi\u00e9 Fall ne va pas f\u00eater les deux ans de son parti\u2026les raisons - LE PUBLIC","robots":{"index":"index","follow":"follow","max-snippet":"max-snippet:-1","max-image-preview":"max-image-preview:large","max-video-preview":"max-video-preview:-1"},"canonical":"https:\/\/www.public.sn\/index.php\/2023\/03\/29\/dethie-fall-ne-va-pas-feter-les-deux-ans-de-son-partiles-raisons\/","og_locale":"fr_FR","og_type":"article","og_title":"Dethi\u00e9 Fall ne va pas f\u00eater les deux ans de son parti\u2026les raisons - LE PUBLIC","og_description":"En d\u2019autres temps, D\u00e9thi\u00e9 Fall aurait f\u00eat\u00e9 en grande pompe les deux ans de sa formation politique, le Parti r\u00e9publicain pour progr\u00e8s\/Diis\u00f3o ak Askan Wi. Mais le contexte d\u2019une d\u00e9mocratie s\u00e9n\u00e9galaise \u00ab agress\u00e9e \u00bb l\u2019a pouss\u00e9 \u00e0 s\u2019abstenir de f\u00eater les deux ann\u00e9es de l\u2019existence d\u2019un parti qui a pour fondement de pr\u00e9server la d\u00e9mocratie et d\u00e9fendre les int\u00e9r\u00eats du peuple s\u00e9n\u00e9galais. En deux ans d\u2019existence, beaucoup d\u2019\u00e9v\u00e9nements se sont d\u00e9roul\u00e9s, selon son pr\u00e9sident D\u00e9thi\u00e9 Fall qui explique que le PRP s\u2019est bien agrandi et constitue aujourd\u2019hui une force politique au S\u00e9n\u00e9gal. \u00abLe contexte politique actuel, marqu\u00e9 par une agression \u00e0 outrance de la d\u00e9mocratie, des arrestations et pers\u00e9cutions d\u2019opposants, ne peut donner lieu \u00e0 une quelconque festivit\u00e9 ni \u00e0 une c\u00e9l\u00e9bration en apoth\u00e9ose. C\u2019est pourquoi le PRP r\u00e9it\u00e8re son ind\u00e9fectible engagement dans la lutte contre la pers\u00e9cution d\u2019opposants, contre les multiples arrestations et emprisonnements politiques, contre la violation de la Constitution et des r\u00e8gles de jeu d\u00e9mocratique, contre une inacceptable troisi\u00e8me candidature clairement affich\u00e9e du pr\u00e9sident actuel\u00bb, note-t-on dans un communiqu\u00e9 sign\u00e9 D\u00e9thi\u00e9 Fall, r\u00e9v\u00e8le Le T\u00e9moin. Par ailleurs, le PRP renouvelle son engagement \u00e0 lutter pour la d\u00e9fense des int\u00e9r\u00eats l\u00e9gitimes des S\u00e9n\u00e9galaises et des S\u00e9n\u00e9galais, et le respect de leurs droits \u00e9conomiques et sociaux.","og_url":"https:\/\/www.public.sn\/index.php\/2023\/03\/29\/dethie-fall-ne-va-pas-feter-les-deux-ans-de-son-partiles-raisons\/","og_site_name":"LE PUBLIC","article_published_time":"2023-03-29T15:04:22+00:00","og_image":[{"width":800,"height":600,"url":"https:\/\/www.public.sn\/wp-content\/uploads\/2023\/03\/dethie_fall_1.jpg","type":"image\/jpeg"}],"author":"LA REDACTION","twitter_card":"summary_large_image","twitter_misc":{"\u00c9crit par":"LA REDACTION","Dur\u00e9e de lecture estim\u00e9e":"2 minutes"},"schema":{"@context":"https:\/\/schema.org","@graph":[{"@type":"Article","@id":"https:\/\/www.public.sn\/index.php\/2023\/03\/29\/dethie-fall-ne-va-pas-feter-les-deux-ans-de-son-partiles-raisons\/#article","isPartOf":{"@id":"https:\/\/www.public.sn\/index.php\/2023\/03\/29\/dethie-fall-ne-va-pas-feter-les-deux-ans-de-son-partiles-raisons\/"},"author":{"name":"LA REDACTION","@id":"https:\/\/www.public.sn\/#\/schema\/person\/cb76c8e1b8becc6be61fb5e92d6d0224"},"headline":"Dethi\u00e9 Fall ne va pas f\u00eater les deux ans de son parti\u2026les raisons","datePublished":"2023-03-29T15:04:22+00:00","mainEntityOfPage":{"@id":"https:\/\/www.public.sn\/index.php\/2023\/03\/29\/dethie-fall-ne-va-pas-feter-les-deux-ans-de-son-partiles-raisons\/"},"wordCount":280,"commentCount":0,"publisher":{"@id":"https:\/\/www.public.sn\/#organization"},"image":{"@id":"https:\/\/www.public.sn\/index.php\/2023\/03\/29\/dethie-fall-ne-va-pas-feter-les-deux-ans-de-son-partiles-raisons\/#primaryimage"},"thumbnailUrl":"https:\/\/www.public.sn\/wp-content\/uploads\/2023\/03\/dethie_fall_1.jpg","keywords":["2 ans","Anniversaire","D\u00e9thi\u00e9 Fall","prp","souvenir"],"articleSection":["ACTUALIT\u00c9S","POLITIQUE","S\u00c9N\u00c9GAL","SOUVENIRS"],"inLanguage":"fr-FR","potentialAction":[{"@type":"CommentAction","name":"Comment","target":["https:\/\/www.public.sn\/index.php\/2023\/03\/29\/dethie-fall-ne-va-pas-feter-les-deux-ans-de-son-partiles-raisons\/#respond"]}]},{"@type":"WebPage","@id":"https:\/\/www.public.sn\/index.php\/2023\/03\/29\/dethie-fall-ne-va-pas-feter-les-deux-ans-de-son-partiles-raisons\/","url":"https:\/\/www.public.sn\/index.php\/2023\/03\/29\/dethie-fall-ne-va-pas-feter-les-deux-ans-de-son-partiles-raisons\/","name":"Dethi\u00e9 Fall ne va pas f\u00eater les deux ans de son parti\u2026les raisons - LE PUBLIC","isPartOf":{"@id":"https:\/\/www.public.sn\/#website"},"primaryImageOfPage":{"@id":"https:\/\/www.public.sn\/index.php\/2023\/03\/29\/dethie-fall-ne-va-pas-feter-les-deux-ans-de-son-partiles-raisons\/#primaryimage"},"image":{"@id":"https:\/\/www.public.sn\/index.php\/2023\/03\/29\/dethie-fall-ne-va-pas-feter-les-deux-ans-de-son-partiles-raisons\/#primaryimage"},"thumbnailUrl":"https:\/\/www.public.sn\/wp-content\/uploads\/2023\/03\/dethie_fall_1.jpg","datePublished":"2023-03-29T15:04:22+00:00","breadcrumb":{"@id":"https:\/\/www.public.sn\/index.php\/2023\/03\/29\/dethie-fall-ne-va-pas-feter-les-deux-ans-de-son-partiles-raisons\/#breadcrumb"},"inLanguage":"fr-FR","potentialAction":[{"@type":"ReadAction","target":["https:\/\/www.public.sn\/index.php\/2023\/03\/29\/dethie-fall-ne-va-pas-feter-les-deux-ans-de-son-partiles-raisons\/"]}]},{"@type":"ImageObject","inLanguage":"fr-FR","@id":"https:\/\/www.public.sn\/index.php\/2023\/03\/29\/dethie-fall-ne-va-pas-feter-les-deux-ans-de-son-partiles-raisons\/#primaryimage","url":"https:\/\/www.public.sn\/wp-content\/uploads\/2023\/03\/dethie_fall_1.jpg","contentUrl":"https:\/\/www.public.sn\/wp-content\/uploads\/2023\/03\/dethie_fall_1.jpg","width":800,"height":600},{"@type":"BreadcrumbList","@id":"https:\/\/www.public.sn\/index.php\/2023\/03\/29\/dethie-fall-ne-va-pas-feter-les-deux-ans-de-son-partiles-raisons\/#breadcrumb","itemListElement":[{"@type":"ListItem","position":1,"name":"Accueil","item":"https:\/\/www.public.sn\/"},{"@type":"ListItem","position":2,"name":"Dethi\u00e9 Fall ne va pas f\u00eater les deux ans de son parti\u2026les raisons"}]},{"@type":"WebSite","@id":"https:\/\/www.public.sn\/#website","url":"https:\/\/www.public.sn\/","name":"LE PUBLIC","description":"","publisher":{"@id":"https:\/\/www.public.sn\/#organization"},"potentialAction":[{"@type":"SearchAction","target":{"@type":"EntryPoint","urlTemplate":"https:\/\/www.public.sn\/?s={search_term_string}"},"query-input":{"@type":"PropertyValueSpecification","valueRequired":true,"valueName":"search_term_string"}}],"inLanguage":"fr-FR"},{"@type":"Organization","@id":"https:\/\/www.public.sn\/#organization","name":"LE PUBLIC","url":"https:\/\/www.public.sn\/","logo":{"@type":"ImageObject","inLanguage":"fr-FR","@id":"https:\/\/www.public.sn\/#\/schema\/logo\/image\/","url":"https:\/\/www.public.sn\/wp-content\/uploads\/2024\/05\/cropped-LOGO-PUBLIC.SN_.png","contentUrl":"https:\/\/www.public.sn\/wp-content\/uploads\/2024\/05\/cropped-LOGO-PUBLIC.SN_.png","width":682,"height":192,"caption":"LE PUBLIC"},"image":{"@id":"https:\/\/www.public.sn\/#\/schema\/logo\/image\/"}},{"@type":"Person","@id":"https:\/\/www.public.sn\/#\/schema\/person\/cb76c8e1b8becc6be61fb5e92d6d0224","name":"LA REDACTION","image":{"@type":"ImageObject","inLanguage":"fr-FR","@id":"https:\/\/www.public.sn\/#\/schema\/person\/image\/","url":"https:\/\/secure.gravatar.com\/avatar\/2dce5ddd34b8fef0180efe03aa2a9bee7d953856048f9a16b298190a3178407c?s=96&d=mm&r=g","contentUrl":"https:\/\/secure.gravatar.com\/avatar\/2dce5ddd34b8fef0180efe03aa2a9bee7d953856048f9a16b298190a3178407c?s=96&d=mm&r=g","caption":"LA REDACTION"},"url":"https:\/\/www.public.sn\/index.php\/author\/editeurpsn\/"}]}},"jetpack_featured_media_url":"https:\/\/www.public.sn\/wp-content\/uploads\/2023\/03\/dethie_fall_1.jpg","jetpack_sharing_enabled":true,"_links":{"self":[{"href":"https:\/\/www.public.sn\/index.php\/wp-json\/wp\/v2\/posts\/19009","targetHints":{"allow":["GET"]}}],"collection":[{"href":"https:\/\/www.public.sn\/index.php\/wp-json\/wp\/v2\/posts"}],"about":[{"href":"https:\/\/www.public.sn\/index.php\/wp-json\/wp\/v2\/types\/post"}],"author":[{"embeddable":true,"href":"https:\/\/www.public.sn\/index.php\/wp-json\/wp\/v2\/users\/7"}],"replies":[{"embeddable":true,"href":"https:\/\/www.public.sn\/index.php\/wp-json\/wp\/v2\/comments?post=19009"}],"version-history":[{"count":1,"href":"https:\/\/www.public.sn\/index.php\/wp-json\/wp\/v2\/posts\/19009\/revisions"}],"predecessor-version":[{"id":19014,"href":"https:\/\/www.public.sn\/index.php\/wp-json\/wp\/v2\/posts\/19009\/revisions\/19014"}],"wp:featuredmedia":[{"embeddable":true,"href":"https:\/\/www.public.sn\/index.php\/wp-json\/wp\/v2\/media\/19011"}],"wp:attachment":[{"href":"https:\/\/www.public.sn\/index.php\/wp-json\/wp\/v2\/media?parent=19009"}],"wp:term":[{"taxonomy":"category","embeddable":true,"href":"https:\/\/www.public.sn\/index.php\/wp-json\/wp\/v2\/categories?post=19009"},{"taxonomy":"post_tag","embeddable":true,"href":"https:\/\/www.public.sn\/index.php\/wp-json\/wp\/v2\/tags?post=19009"}],"curies":[{"name":"wp","href":"https:\/\/api.w.org\/{rel}","templated":true}]}}