{"id":19010,"date":"2023-03-29T15:04:16","date_gmt":"2023-03-29T15:04:16","guid":{"rendered":"https:\/\/www.public.sn\/?p=19010"},"modified":"2023-03-29T15:04:16","modified_gmt":"2023-03-29T15:04:16","slug":"pourquoi-avoir-mis-la-photo-de-eumeu-sene-en-statut-balla-gaye-repond","status":"publish","type":"post","link":"https:\/\/www.public.sn\/index.php\/2023\/03\/29\/pourquoi-avoir-mis-la-photo-de-eumeu-sene-en-statut-balla-gaye-repond\/","title":{"rendered":"Pourquoi avoir mis la photo de Eumeu S\u00e9ne en statut ? Balla Gaye r\u00e9pond\u2026"},"content":{"rendered":"<p><strong>L\u2019\u00e9quipe de Lutte Tv s\u2019est rendue chez Balla Gaye 2, qui a \u00e9t\u00e9 terrass\u00e9 deux fois par Eumeu Sene et doit bient\u00f4t l\u2019affronter pour la troisi\u00e8me fois. Lors de l\u2019interview, le fils de Double Less a r\u00e9pondu \u00e0 une question qui int\u00e9ressait beaucoup de gens: \u00ab\u00a0Pourquoi avez-vous mis la photo d\u2019Eumeu Sene en statut, alors qu\u2019il est votre adversaire?\u00a0\u00bb.<\/strong><\/p><div class=\"publi-paragraphe1\" style=\"margin-top: 10px;margin-bottom: 10px;margin-left: auto;margin-right: auto;text-align: center;\" id=\"publi-352143747\"><div class=\"publi-adlabel\">Publicit\u00e9<\/div><script async src=\"\/\/pagead2.googlesyndication.com\/pagead\/js\/adsbygoogle.js?client=ca-pub-4089586018074219\" crossorigin=\"anonymous\"><\/script><ins class=\"adsbygoogle\" style=\"display:block;\" data-ad-client=\"ca-pub-4089586018074219\" \ndata-ad-slot=\"2087940154\" \ndata-ad-format=\"auto\"><\/ins>\n<script> \n(adsbygoogle = window.adsbygoogle || []).push({}); \n<\/script>\n<\/div>\n<div><ins class=\"adsbygoogle\" data-ad-client=\"ca-pub-9549512836366693\" data-ad-slot=\"4529128138\" data-ad-format=\"auto\" data-full-width-responsive=\"true\" data-adsbygoogle-status=\"done\" data-ad-status=\"unfilled\"><\/p>\n<div id=\"aswift_2_host\" tabindex=\"0\" title=\"Advertisement\" aria-label=\"Advertisement\"><\/div>\n<p><\/ins><\/div>\n<p>Balla Gaye 2\u00a0a r\u00e9pondu : \u00ab\u00a0Pour moi, c\u2019est une fiert\u00e9 de mettre la photo de mon adversaire en statut. C\u2019est un lutteur qui me respecte et qui t\u00e9moigne toujours positivement \u00e0 mon sujet. Si jamais il est \u00e0 La Mecque pour faire son p\u00e8lerinage, en tant que musulman et coll\u00e8gue, je dois partager cette image, et tous les autres lutteurs devraient faire la m\u00eame chose.\u00a0\u00bb<\/p>\n<p class=\"responsive-video-wrap clr\"><iframe title=\"?Urgent - Balla Gaye promet de battre Eumeu S\u00e8ne et rejette Sa Thi\u00e8s vs Bombardier &quot;Dafniouy pi\u00e9ger&quot;\" width=\"1200\" height=\"675\" src=\"https:\/\/www.youtube.com\/embed\/uA4jijpWEv0?feature=oembed\" frameborder=\"0\" allow=\"accelerometer; autoplay; clipboard-write; encrypted-media; gyroscope; picture-in-picture; web-share\" allowfullscreen><\/iframe><\/p>\n<div class=\"publi-apres-le-contenu\" style=\"margin-top: 10px;margin-bottom: 10px;margin-left: auto;margin-right: auto;text-align: center;\" id=\"publi-973109354\"><div class=\"publi-adlabel\">Publicit\u00e9<\/div><script async src=\"\/\/pagead2.googlesyndication.com\/pagead\/js\/adsbygoogle.js?client=ca-pub-4089586018074219\" crossorigin=\"anonymous\"><\/script><ins class=\"adsbygoogle\" style=\"display:block;\" data-ad-client=\"ca-pub-4089586018074219\" \ndata-ad-slot=\"2087940154\" \ndata-ad-format=\"auto\"><\/ins>\n<script> \n(adsbygoogle = window.adsbygoogle || []).push({}); \n<\/script>\n<\/div>","protected":false},"excerpt":{"rendered":"<p>L\u2019\u00e9quipe de Lutte Tv s\u2019est rendue chez Balla Gaye 2, qui a \u00e9t\u00e9 terrass\u00e9 deux fois par Eumeu Sene et doit bient\u00f4t l\u2019affronter pour la troisi\u00e8me fois. Lors de l\u2019interview, le fils de Double Less a r\u00e9pondu \u00e0 une question qui int\u00e9ressait beaucoup de gens: \u00ab\u00a0Pourquoi avez-vous mis la photo d\u2019Eumeu Sene en statut, alors qu\u2019il est votre adversaire?\u00a0\u00bb. Balla Gaye 2\u00a0a r\u00e9pondu : \u00ab\u00a0Pour moi, c\u2019est une fiert\u00e9 de mettre la photo de mon adversaire en statut. C\u2019est un lutteur qui me respecte et qui t\u00e9moigne toujours positivement \u00e0 mon sujet. Si jamais il est \u00e0 La Mecque pour faire son p\u00e8lerinage, en tant que musulman et coll\u00e8gue, je dois partager cette image, et tous les autres lutteurs devraient faire la m\u00eame chose.\u00a0\u00bb<\/p>\n","protected":false},"author":7,"featured_media":19012,"comment_status":"open","ping_status":"open","sticky":false,"template":"","format":"standard","meta":{"_jetpack_memberships_contains_paid_content":false,"footnotes":""},"categories":[375,1023,902,1,4,7,372,6],"tags":[4999,4195,540,5000],"class_list":["post-19010","post","type-post","status-publish","format-standard","has-post-thumbnail","hentry","category-actualites","category-buzz","category-lutte-senegalaise","category-non-classe","category-societe","category-sport","category-vedette","category-videos","tag-baalla-gaye","tag-eumeu-sene","tag-mecque","tag-statut","entry","has-media","owp-thumbs-layout-horizontal","owp-btn-normal","owp-tabs-layout-horizontal","has-no-thumbnails","has-product-nav"],"yoast_head":"<!-- This site is optimized with the Yoast SEO plugin v25.5 - https:\/\/yoast.com\/wordpress\/plugins\/seo\/ -->\n<title>Pourquoi avoir mis la photo de Eumeu S\u00e9ne en statut ? Balla Gaye r\u00e9pond\u2026 - LE PUBLIC<\/title>\n<meta name=\"robots\" content=\"index, follow, max-snippet:-1, max-image-preview:large, max-video-preview:-1\" \/>\n<link rel=\"canonical\" href=\"https:\/\/www.public.sn\/index.php\/2023\/03\/29\/pourquoi-avoir-mis-la-photo-de-eumeu-sene-en-statut-balla-gaye-repond\/\" \/>\n<meta property=\"og:locale\" content=\"fr_FR\" \/>\n<meta property=\"og:type\" content=\"article\" \/>\n<meta property=\"og:title\" content=\"Pourquoi avoir mis la photo de Eumeu S\u00e9ne en statut ? Balla Gaye r\u00e9pond\u2026 - LE PUBLIC\" \/>\n<meta property=\"og:description\" content=\"L\u2019\u00e9quipe de Lutte Tv s\u2019est rendue chez Balla Gaye 2, qui a \u00e9t\u00e9 terrass\u00e9 deux fois par Eumeu Sene et doit bient\u00f4t l\u2019affronter pour la troisi\u00e8me fois. Lors de l\u2019interview, le fils de Double Less a r\u00e9pondu \u00e0 une question qui int\u00e9ressait beaucoup de gens: \u00ab\u00a0Pourquoi avez-vous mis la photo d\u2019Eumeu Sene en statut, alors qu\u2019il est votre adversaire?\u00a0\u00bb. Balla Gaye 2\u00a0a r\u00e9pondu : \u00ab\u00a0Pour moi, c\u2019est une fiert\u00e9 de mettre la photo de mon adversaire en statut. C\u2019est un lutteur qui me respecte et qui t\u00e9moigne toujours positivement \u00e0 mon sujet. Si jamais il est \u00e0 La Mecque pour faire son p\u00e8lerinage, en tant que musulman et coll\u00e8gue, je dois partager cette image, et tous les autres lutteurs devraient faire la m\u00eame chose.\u00a0\u00bb\" \/>\n<meta property=\"og:url\" content=\"https:\/\/www.public.sn\/index.php\/2023\/03\/29\/pourquoi-avoir-mis-la-photo-de-eumeu-sene-en-statut-balla-gaye-repond\/\" \/>\n<meta property=\"og:site_name\" content=\"LE PUBLIC\" \/>\n<meta property=\"article:published_time\" content=\"2023-03-29T15:04:16+00:00\" \/>\n<meta property=\"og:image\" content=\"https:\/\/www.public.sn\/wp-content\/uploads\/2023\/03\/balla-statut-eumeu.webp\" \/>\n\t<meta property=\"og:image:width\" content=\"640\" \/>\n\t<meta property=\"og:image:height\" content=\"430\" \/>\n\t<meta property=\"og:image:type\" content=\"image\/webp\" \/>\n<meta name=\"author\" content=\"LA REDACTION\" \/>\n<meta name=\"twitter:card\" content=\"summary_large_image\" \/>\n<meta name=\"twitter:label1\" content=\"\u00c9crit par\" \/>\n\t<meta name=\"twitter:data1\" content=\"LA REDACTION\" \/>\n\t<meta name=\"twitter:label2\" content=\"Dur\u00e9e de lecture estim\u00e9e\" \/>\n\t<meta name=\"twitter:data2\" content=\"1 minute\" \/>\n<script type=\"application\/ld+json\" class=\"yoast-schema-graph\">{\"@context\":\"https:\/\/schema.org\",\"@graph\":[{\"@type\":\"Article\",\"@id\":\"https:\/\/www.public.sn\/index.php\/2023\/03\/29\/pourquoi-avoir-mis-la-photo-de-eumeu-sene-en-statut-balla-gaye-repond\/#article\",\"isPartOf\":{\"@id\":\"https:\/\/www.public.sn\/index.php\/2023\/03\/29\/pourquoi-avoir-mis-la-photo-de-eumeu-sene-en-statut-balla-gaye-repond\/\"},\"author\":{\"name\":\"LA REDACTION\",\"@id\":\"https:\/\/www.public.sn\/#\/schema\/person\/cb76c8e1b8becc6be61fb5e92d6d0224\"},\"headline\":\"Pourquoi avoir mis la photo de Eumeu S\u00e9ne en statut ? Balla Gaye r\u00e9pond\u2026\",\"datePublished\":\"2023-03-29T15:04:16+00:00\",\"mainEntityOfPage\":{\"@id\":\"https:\/\/www.public.sn\/index.php\/2023\/03\/29\/pourquoi-avoir-mis-la-photo-de-eumeu-sene-en-statut-balla-gaye-repond\/\"},\"wordCount\":156,\"commentCount\":0,\"publisher\":{\"@id\":\"https:\/\/www.public.sn\/#organization\"},\"image\":{\"@id\":\"https:\/\/www.public.sn\/index.php\/2023\/03\/29\/pourquoi-avoir-mis-la-photo-de-eumeu-sene-en-statut-balla-gaye-repond\/#primaryimage\"},\"thumbnailUrl\":\"https:\/\/www.public.sn\/wp-content\/uploads\/2023\/03\/balla-statut-eumeu.webp\",\"keywords\":[\"baalla gaye\",\"eumeu sene\",\"Mecque\",\"statut\"],\"articleSection\":[\"ACTUALIT\u00c9S\",\"BUZZ\",\"LUTTE S\u00c9N\u00c9GALAISE\",\"S\u00c9N\u00c9GAL\",\"SOCIETE\",\"SPORTS\",\"VEDETTE\",\"VIDEOS\"],\"inLanguage\":\"fr-FR\",\"potentialAction\":[{\"@type\":\"CommentAction\",\"name\":\"Comment\",\"target\":[\"https:\/\/www.public.sn\/index.php\/2023\/03\/29\/pourquoi-avoir-mis-la-photo-de-eumeu-sene-en-statut-balla-gaye-repond\/#respond\"]}]},{\"@type\":\"WebPage\",\"@id\":\"https:\/\/www.public.sn\/index.php\/2023\/03\/29\/pourquoi-avoir-mis-la-photo-de-eumeu-sene-en-statut-balla-gaye-repond\/\",\"url\":\"https:\/\/www.public.sn\/index.php\/2023\/03\/29\/pourquoi-avoir-mis-la-photo-de-eumeu-sene-en-statut-balla-gaye-repond\/\",\"name\":\"Pourquoi avoir mis la photo de Eumeu S\u00e9ne en statut ? Balla Gaye r\u00e9pond\u2026 - LE PUBLIC\",\"isPartOf\":{\"@id\":\"https:\/\/www.public.sn\/#website\"},\"primaryImageOfPage\":{\"@id\":\"https:\/\/www.public.sn\/index.php\/2023\/03\/29\/pourquoi-avoir-mis-la-photo-de-eumeu-sene-en-statut-balla-gaye-repond\/#primaryimage\"},\"image\":{\"@id\":\"https:\/\/www.public.sn\/index.php\/2023\/03\/29\/pourquoi-avoir-mis-la-photo-de-eumeu-sene-en-statut-balla-gaye-repond\/#primaryimage\"},\"thumbnailUrl\":\"https:\/\/www.public.sn\/wp-content\/uploads\/2023\/03\/balla-statut-eumeu.webp\",\"datePublished\":\"2023-03-29T15:04:16+00:00\",\"breadcrumb\":{\"@id\":\"https:\/\/www.public.sn\/index.php\/2023\/03\/29\/pourquoi-avoir-mis-la-photo-de-eumeu-sene-en-statut-balla-gaye-repond\/#breadcrumb\"},\"inLanguage\":\"fr-FR\",\"potentialAction\":[{\"@type\":\"ReadAction\",\"target\":[\"https:\/\/www.public.sn\/index.php\/2023\/03\/29\/pourquoi-avoir-mis-la-photo-de-eumeu-sene-en-statut-balla-gaye-repond\/\"]}]},{\"@type\":\"ImageObject\",\"inLanguage\":\"fr-FR\",\"@id\":\"https:\/\/www.public.sn\/index.php\/2023\/03\/29\/pourquoi-avoir-mis-la-photo-de-eumeu-sene-en-statut-balla-gaye-repond\/#primaryimage\",\"url\":\"https:\/\/www.public.sn\/wp-content\/uploads\/2023\/03\/balla-statut-eumeu.webp\",\"contentUrl\":\"https:\/\/www.public.sn\/wp-content\/uploads\/2023\/03\/balla-statut-eumeu.webp\",\"width\":640,\"height\":430},{\"@type\":\"BreadcrumbList\",\"@id\":\"https:\/\/www.public.sn\/index.php\/2023\/03\/29\/pourquoi-avoir-mis-la-photo-de-eumeu-sene-en-statut-balla-gaye-repond\/#breadcrumb\",\"itemListElement\":[{\"@type\":\"ListItem\",\"position\":1,\"name\":\"Accueil\",\"item\":\"https:\/\/www.public.sn\/\"},{\"@type\":\"ListItem\",\"position\":2,\"name\":\"Pourquoi avoir mis la photo de Eumeu S\u00e9ne en statut ? Balla Gaye r\u00e9pond\u2026\"}]},{\"@type\":\"WebSite\",\"@id\":\"https:\/\/www.public.sn\/#website\",\"url\":\"https:\/\/www.public.sn\/\",\"name\":\"LE PUBLIC\",\"description\":\"\",\"publisher\":{\"@id\":\"https:\/\/www.public.sn\/#organization\"},\"potentialAction\":[{\"@type\":\"SearchAction\",\"target\":{\"@type\":\"EntryPoint\",\"urlTemplate\":\"https:\/\/www.public.sn\/?s={search_term_string}\"},\"query-input\":{\"@type\":\"PropertyValueSpecification\",\"valueRequired\":true,\"valueName\":\"search_term_string\"}}],\"inLanguage\":\"fr-FR\"},{\"@type\":\"Organization\",\"@id\":\"https:\/\/www.public.sn\/#organization\",\"name\":\"LE PUBLIC\",\"url\":\"https:\/\/www.public.sn\/\",\"logo\":{\"@type\":\"ImageObject\",\"inLanguage\":\"fr-FR\",\"@id\":\"https:\/\/www.public.sn\/#\/schema\/logo\/image\/\",\"url\":\"https:\/\/www.public.sn\/wp-content\/uploads\/2024\/05\/cropped-LOGO-PUBLIC.SN_.png\",\"contentUrl\":\"https:\/\/www.public.sn\/wp-content\/uploads\/2024\/05\/cropped-LOGO-PUBLIC.SN_.png\",\"width\":682,\"height\":192,\"caption\":\"LE PUBLIC\"},\"image\":{\"@id\":\"https:\/\/www.public.sn\/#\/schema\/logo\/image\/\"}},{\"@type\":\"Person\",\"@id\":\"https:\/\/www.public.sn\/#\/schema\/person\/cb76c8e1b8becc6be61fb5e92d6d0224\",\"name\":\"LA REDACTION\",\"image\":{\"@type\":\"ImageObject\",\"inLanguage\":\"fr-FR\",\"@id\":\"https:\/\/www.public.sn\/#\/schema\/person\/image\/\",\"url\":\"https:\/\/secure.gravatar.com\/avatar\/2dce5ddd34b8fef0180efe03aa2a9bee7d953856048f9a16b298190a3178407c?s=96&d=mm&r=g\",\"contentUrl\":\"https:\/\/secure.gravatar.com\/avatar\/2dce5ddd34b8fef0180efe03aa2a9bee7d953856048f9a16b298190a3178407c?s=96&d=mm&r=g\",\"caption\":\"LA REDACTION\"},\"url\":\"https:\/\/www.public.sn\/index.php\/author\/editeurpsn\/\"}]}<\/script>\n<!-- \/ Yoast SEO plugin. -->","yoast_head_json":{"title":"Pourquoi avoir mis la photo de Eumeu S\u00e9ne en statut ? Balla Gaye r\u00e9pond\u2026 - LE PUBLIC","robots":{"index":"index","follow":"follow","max-snippet":"max-snippet:-1","max-image-preview":"max-image-preview:large","max-video-preview":"max-video-preview:-1"},"canonical":"https:\/\/www.public.sn\/index.php\/2023\/03\/29\/pourquoi-avoir-mis-la-photo-de-eumeu-sene-en-statut-balla-gaye-repond\/","og_locale":"fr_FR","og_type":"article","og_title":"Pourquoi avoir mis la photo de Eumeu S\u00e9ne en statut ? Balla Gaye r\u00e9pond\u2026 - LE PUBLIC","og_description":"L\u2019\u00e9quipe de Lutte Tv s\u2019est rendue chez Balla Gaye 2, qui a \u00e9t\u00e9 terrass\u00e9 deux fois par Eumeu Sene et doit bient\u00f4t l\u2019affronter pour la troisi\u00e8me fois. Lors de l\u2019interview, le fils de Double Less a r\u00e9pondu \u00e0 une question qui int\u00e9ressait beaucoup de gens: \u00ab\u00a0Pourquoi avez-vous mis la photo d\u2019Eumeu Sene en statut, alors qu\u2019il est votre adversaire?\u00a0\u00bb. Balla Gaye 2\u00a0a r\u00e9pondu : \u00ab\u00a0Pour moi, c\u2019est une fiert\u00e9 de mettre la photo de mon adversaire en statut. C\u2019est un lutteur qui me respecte et qui t\u00e9moigne toujours positivement \u00e0 mon sujet. Si jamais il est \u00e0 La Mecque pour faire son p\u00e8lerinage, en tant que musulman et coll\u00e8gue, je dois partager cette image, et tous les autres lutteurs devraient faire la m\u00eame chose.\u00a0\u00bb","og_url":"https:\/\/www.public.sn\/index.php\/2023\/03\/29\/pourquoi-avoir-mis-la-photo-de-eumeu-sene-en-statut-balla-gaye-repond\/","og_site_name":"LE PUBLIC","article_published_time":"2023-03-29T15:04:16+00:00","og_image":[{"width":640,"height":430,"url":"https:\/\/www.public.sn\/wp-content\/uploads\/2023\/03\/balla-statut-eumeu.webp","type":"image\/webp"}],"author":"LA REDACTION","twitter_card":"summary_large_image","twitter_misc":{"\u00c9crit par":"LA REDACTION","Dur\u00e9e de lecture estim\u00e9e":"1 minute"},"schema":{"@context":"https:\/\/schema.org","@graph":[{"@type":"Article","@id":"https:\/\/www.public.sn\/index.php\/2023\/03\/29\/pourquoi-avoir-mis-la-photo-de-eumeu-sene-en-statut-balla-gaye-repond\/#article","isPartOf":{"@id":"https:\/\/www.public.sn\/index.php\/2023\/03\/29\/pourquoi-avoir-mis-la-photo-de-eumeu-sene-en-statut-balla-gaye-repond\/"},"author":{"name":"LA REDACTION","@id":"https:\/\/www.public.sn\/#\/schema\/person\/cb76c8e1b8becc6be61fb5e92d6d0224"},"headline":"Pourquoi avoir mis la photo de Eumeu S\u00e9ne en statut ? Balla Gaye r\u00e9pond\u2026","datePublished":"2023-03-29T15:04:16+00:00","mainEntityOfPage":{"@id":"https:\/\/www.public.sn\/index.php\/2023\/03\/29\/pourquoi-avoir-mis-la-photo-de-eumeu-sene-en-statut-balla-gaye-repond\/"},"wordCount":156,"commentCount":0,"publisher":{"@id":"https:\/\/www.public.sn\/#organization"},"image":{"@id":"https:\/\/www.public.sn\/index.php\/2023\/03\/29\/pourquoi-avoir-mis-la-photo-de-eumeu-sene-en-statut-balla-gaye-repond\/#primaryimage"},"thumbnailUrl":"https:\/\/www.public.sn\/wp-content\/uploads\/2023\/03\/balla-statut-eumeu.webp","keywords":["baalla gaye","eumeu sene","Mecque","statut"],"articleSection":["ACTUALIT\u00c9S","BUZZ","LUTTE S\u00c9N\u00c9GALAISE","S\u00c9N\u00c9GAL","SOCIETE","SPORTS","VEDETTE","VIDEOS"],"inLanguage":"fr-FR","potentialAction":[{"@type":"CommentAction","name":"Comment","target":["https:\/\/www.public.sn\/index.php\/2023\/03\/29\/pourquoi-avoir-mis-la-photo-de-eumeu-sene-en-statut-balla-gaye-repond\/#respond"]}]},{"@type":"WebPage","@id":"https:\/\/www.public.sn\/index.php\/2023\/03\/29\/pourquoi-avoir-mis-la-photo-de-eumeu-sene-en-statut-balla-gaye-repond\/","url":"https:\/\/www.public.sn\/index.php\/2023\/03\/29\/pourquoi-avoir-mis-la-photo-de-eumeu-sene-en-statut-balla-gaye-repond\/","name":"Pourquoi avoir mis la photo de Eumeu S\u00e9ne en statut ? Balla Gaye r\u00e9pond\u2026 - LE PUBLIC","isPartOf":{"@id":"https:\/\/www.public.sn\/#website"},"primaryImageOfPage":{"@id":"https:\/\/www.public.sn\/index.php\/2023\/03\/29\/pourquoi-avoir-mis-la-photo-de-eumeu-sene-en-statut-balla-gaye-repond\/#primaryimage"},"image":{"@id":"https:\/\/www.public.sn\/index.php\/2023\/03\/29\/pourquoi-avoir-mis-la-photo-de-eumeu-sene-en-statut-balla-gaye-repond\/#primaryimage"},"thumbnailUrl":"https:\/\/www.public.sn\/wp-content\/uploads\/2023\/03\/balla-statut-eumeu.webp","datePublished":"2023-03-29T15:04:16+00:00","breadcrumb":{"@id":"https:\/\/www.public.sn\/index.php\/2023\/03\/29\/pourquoi-avoir-mis-la-photo-de-eumeu-sene-en-statut-balla-gaye-repond\/#breadcrumb"},"inLanguage":"fr-FR","potentialAction":[{"@type":"ReadAction","target":["https:\/\/www.public.sn\/index.php\/2023\/03\/29\/pourquoi-avoir-mis-la-photo-de-eumeu-sene-en-statut-balla-gaye-repond\/"]}]},{"@type":"ImageObject","inLanguage":"fr-FR","@id":"https:\/\/www.public.sn\/index.php\/2023\/03\/29\/pourquoi-avoir-mis-la-photo-de-eumeu-sene-en-statut-balla-gaye-repond\/#primaryimage","url":"https:\/\/www.public.sn\/wp-content\/uploads\/2023\/03\/balla-statut-eumeu.webp","contentUrl":"https:\/\/www.public.sn\/wp-content\/uploads\/2023\/03\/balla-statut-eumeu.webp","width":640,"height":430},{"@type":"BreadcrumbList","@id":"https:\/\/www.public.sn\/index.php\/2023\/03\/29\/pourquoi-avoir-mis-la-photo-de-eumeu-sene-en-statut-balla-gaye-repond\/#breadcrumb","itemListElement":[{"@type":"ListItem","position":1,"name":"Accueil","item":"https:\/\/www.public.sn\/"},{"@type":"ListItem","position":2,"name":"Pourquoi avoir mis la photo de Eumeu S\u00e9ne en statut ? Balla Gaye r\u00e9pond\u2026"}]},{"@type":"WebSite","@id":"https:\/\/www.public.sn\/#website","url":"https:\/\/www.public.sn\/","name":"LE PUBLIC","description":"","publisher":{"@id":"https:\/\/www.public.sn\/#organization"},"potentialAction":[{"@type":"SearchAction","target":{"@type":"EntryPoint","urlTemplate":"https:\/\/www.public.sn\/?s={search_term_string}"},"query-input":{"@type":"PropertyValueSpecification","valueRequired":true,"valueName":"search_term_string"}}],"inLanguage":"fr-FR"},{"@type":"Organization","@id":"https:\/\/www.public.sn\/#organization","name":"LE PUBLIC","url":"https:\/\/www.public.sn\/","logo":{"@type":"ImageObject","inLanguage":"fr-FR","@id":"https:\/\/www.public.sn\/#\/schema\/logo\/image\/","url":"https:\/\/www.public.sn\/wp-content\/uploads\/2024\/05\/cropped-LOGO-PUBLIC.SN_.png","contentUrl":"https:\/\/www.public.sn\/wp-content\/uploads\/2024\/05\/cropped-LOGO-PUBLIC.SN_.png","width":682,"height":192,"caption":"LE PUBLIC"},"image":{"@id":"https:\/\/www.public.sn\/#\/schema\/logo\/image\/"}},{"@type":"Person","@id":"https:\/\/www.public.sn\/#\/schema\/person\/cb76c8e1b8becc6be61fb5e92d6d0224","name":"LA REDACTION","image":{"@type":"ImageObject","inLanguage":"fr-FR","@id":"https:\/\/www.public.sn\/#\/schema\/person\/image\/","url":"https:\/\/secure.gravatar.com\/avatar\/2dce5ddd34b8fef0180efe03aa2a9bee7d953856048f9a16b298190a3178407c?s=96&d=mm&r=g","contentUrl":"https:\/\/secure.gravatar.com\/avatar\/2dce5ddd34b8fef0180efe03aa2a9bee7d953856048f9a16b298190a3178407c?s=96&d=mm&r=g","caption":"LA REDACTION"},"url":"https:\/\/www.public.sn\/index.php\/author\/editeurpsn\/"}]}},"jetpack_featured_media_url":"https:\/\/www.public.sn\/wp-content\/uploads\/2023\/03\/balla-statut-eumeu.webp","jetpack_sharing_enabled":true,"_links":{"self":[{"href":"https:\/\/www.public.sn\/index.php\/wp-json\/wp\/v2\/posts\/19010","targetHints":{"allow":["GET"]}}],"collection":[{"href":"https:\/\/www.public.sn\/index.php\/wp-json\/wp\/v2\/posts"}],"about":[{"href":"https:\/\/www.public.sn\/index.php\/wp-json\/wp\/v2\/types\/post"}],"author":[{"embeddable":true,"href":"https:\/\/www.public.sn\/index.php\/wp-json\/wp\/v2\/users\/7"}],"replies":[{"embeddable":true,"href":"https:\/\/www.public.sn\/index.php\/wp-json\/wp\/v2\/comments?post=19010"}],"version-history":[{"count":1,"href":"https:\/\/www.public.sn\/index.php\/wp-json\/wp\/v2\/posts\/19010\/revisions"}],"predecessor-version":[{"id":19013,"href":"https:\/\/www.public.sn\/index.php\/wp-json\/wp\/v2\/posts\/19010\/revisions\/19013"}],"wp:featuredmedia":[{"embeddable":true,"href":"https:\/\/www.public.sn\/index.php\/wp-json\/wp\/v2\/media\/19012"}],"wp:attachment":[{"href":"https:\/\/www.public.sn\/index.php\/wp-json\/wp\/v2\/media?parent=19010"}],"wp:term":[{"taxonomy":"category","embeddable":true,"href":"https:\/\/www.public.sn\/index.php\/wp-json\/wp\/v2\/categories?post=19010"},{"taxonomy":"post_tag","embeddable":true,"href":"https:\/\/www.public.sn\/index.php\/wp-json\/wp\/v2\/tags?post=19010"}],"curies":[{"name":"wp","href":"https:\/\/api.w.org\/{rel}","templated":true}]}}