{"id":1902,"date":"2022-09-13T13:33:35","date_gmt":"2022-09-13T13:33:35","guid":{"rendered":"https:\/\/www.public.sn\/?p=1902"},"modified":"2022-09-13T17:27:05","modified_gmt":"2022-09-13T17:27:05","slug":"oumar-youm-je-prends-lengagement-ici-a-lassemblee-nationale-que-nous-ne-voterons-aucune-loi-legalisant-lhomosexualite","status":"publish","type":"post","link":"https:\/\/www.public.sn\/index.php\/2022\/09\/13\/oumar-youm-je-prends-lengagement-ici-a-lassemblee-nationale-que-nous-ne-voterons-aucune-loi-legalisant-lhomosexualite\/","title":{"rendered":"Oumar Youm: \u00ab\u00a0Je prends l&rsquo;engagement ici \u00e0 l&rsquo;Assembl\u00e9e nationale que nous ne voterons aucune loi l\u00e9galisant l&rsquo;homosexualit\u00e9\u00a0\u00bb"},"content":{"rendered":"\n<p>Prenant la parole, le pr\u00e9sident du groupe parlementaire de Benno Bokk Yakaar Oumar Youm est revenu sur la question des droits des minorit\u00e9s au S\u00e9n\u00e9gal. L&rsquo;ancien ministre des transports pr\u00e9cise et rassure l&rsquo;\u00e9tat du S\u00e9n\u00e9gal n&rsquo;a aucune politique visant \u00e0 autoriser ou l\u00e9galiser l&rsquo;homosexualit\u00e9 car, selon lui, le S\u00e9n\u00e9gal est un pays encr\u00e9 dans des valeurs culturelles et religieuses cardinales. <\/p><div class=\"publi-paragraphe1\" style=\"margin-top: 10px;margin-bottom: 10px;margin-left: auto;margin-right: auto;text-align: center;\" id=\"publi-1335599177\"><div class=\"publi-adlabel\">Publicit\u00e9<\/div><script async src=\"\/\/pagead2.googlesyndication.com\/pagead\/js\/adsbygoogle.js?client=ca-pub-4089586018074219\" crossorigin=\"anonymous\"><\/script><ins class=\"adsbygoogle\" style=\"display:block;\" data-ad-client=\"ca-pub-4089586018074219\" \ndata-ad-slot=\"2087940154\" \ndata-ad-format=\"auto\"><\/ins>\n<script> \n(adsbygoogle = window.adsbygoogle || []).push({}); \n<\/script>\n<\/div>\n\n\n\n<p><em>\u00ab\u00a0Je prends l&rsquo;engagement ici \u00e0 l&rsquo;Assembl\u00e9e nationale que nous ne voterons aucune loi l\u00e9galisant l&rsquo;homosexualit\u00e9\u00a0\u00bb<\/em>, dit-il.<\/p>\n\n\n\n<p>Pour rappel, une loi criminalisant l&rsquo;homosexualit\u00e9 au S\u00e9n\u00e9gal a \u00e9t\u00e9 propos\u00e9e \u00e0 l&rsquo;Assembl\u00e9e nationale par le collectif \u00ab\u00a0Andd Sam Jikko Yi\u00a0\u00bb dirig\u00e9 par Ababacar Mboup \u00e0 la veille des \u00e9lections locales de janvier 2022. Une proposition tout bonnement et tout finalement rejet\u00e9e par l&rsquo;ancien bureau de l&rsquo;Assembl\u00e9e nationale pr\u00e9sid\u00e9 par Moustapha Niasse.<\/p>\n\n\n\n<figure class=\"wp-block-embed is-type-video is-provider-youtube wp-block-embed-youtube wp-embed-aspect-16-9 wp-has-aspect-ratio\"><div class=\"wp-block-embed__wrapper\">\n<p class=\"responsive-video-wrap clr\"><iframe title=\"Guy Marius Sagna &quot;Bolene niou menac\u00e9 niou menac\u00e9la..Gendarmerie si bir assembl\u00e9e dou..loi Macky Sall\" width=\"1200\" height=\"675\" src=\"https:\/\/www.youtube.com\/embed\/YpJM7ZS6F_c?feature=oembed\" frameborder=\"0\" allow=\"accelerometer; autoplay; clipboard-write; encrypted-media; gyroscope; picture-in-picture\" allowfullscreen title=\"Guy Marius Sagna \"Bolene niou menac\u00e9 niou menac\u00e9la..Gendarmerie si bir assembl\u00e9e dou..loi Macky Sall\"><\/iframe><\/p>\n<\/div><\/figure>\n<div class=\"publi-apres-le-contenu\" style=\"margin-top: 10px;margin-bottom: 10px;margin-left: auto;margin-right: auto;text-align: center;\" id=\"publi-3970511867\"><div class=\"publi-adlabel\">Publicit\u00e9<\/div><script async src=\"\/\/pagead2.googlesyndication.com\/pagead\/js\/adsbygoogle.js?client=ca-pub-4089586018074219\" crossorigin=\"anonymous\"><\/script><ins class=\"adsbygoogle\" style=\"display:block;\" data-ad-client=\"ca-pub-4089586018074219\" \ndata-ad-slot=\"2087940154\" \ndata-ad-format=\"auto\"><\/ins>\n<script> \n(adsbygoogle = window.adsbygoogle || []).push({}); \n<\/script>\n<\/div>","protected":false},"excerpt":{"rendered":"<p>Prenant la parole, le pr\u00e9sident du groupe parlementaire de Benno Bokk Yakaar Oumar Youm est revenu sur la question des droits des minorit\u00e9s au S\u00e9n\u00e9gal. L&rsquo;ancien ministre des transports pr\u00e9cise et rassure l&rsquo;\u00e9tat du S\u00e9n\u00e9gal n&rsquo;a aucune politique visant \u00e0 autoriser ou l\u00e9galiser l&rsquo;homosexualit\u00e9 car, selon lui, le S\u00e9n\u00e9gal est un pays encr\u00e9 dans des valeurs culturelles et religieuses cardinales. \u00ab\u00a0Je prends l&rsquo;engagement ici \u00e0 l&rsquo;Assembl\u00e9e nationale que nous ne voterons aucune loi l\u00e9galisant l&rsquo;homosexualit\u00e9\u00a0\u00bb, dit-il. Pour rappel, une loi criminalisant l&rsquo;homosexualit\u00e9 au S\u00e9n\u00e9gal a \u00e9t\u00e9 propos\u00e9e \u00e0 l&rsquo;Assembl\u00e9e nationale par le collectif \u00ab\u00a0Andd Sam Jikko Yi\u00a0\u00bb dirig\u00e9 par Ababacar Mboup \u00e0 la veille des \u00e9lections locales de janvier 2022. Une proposition tout bonnement et tout finalement rejet\u00e9e par l&rsquo;ancien bureau de l&rsquo;Assembl\u00e9e nationale pr\u00e9sid\u00e9 par Moustapha Niasse.<\/p>\n","protected":false},"author":1,"featured_media":1903,"comment_status":"open","ping_status":"open","sticky":false,"template":"","format":"standard","meta":{"_jetpack_memberships_contains_paid_content":false,"footnotes":""},"categories":[375],"tags":[12,24,733,11,17,729],"class_list":["post-1902","post","type-post","status-publish","format-standard","has-post-thumbnail","hentry","category-actualites","tag-assemblee-nationale","tag-justice","tag-loi","tag-macky-sall","tag-opposition","tag-oumar-youm","entry","has-media","owp-thumbs-layout-horizontal","owp-btn-normal","owp-tabs-layout-horizontal","has-no-thumbnails","has-product-nav"],"yoast_head":"<!-- This site is optimized with the Yoast SEO plugin v25.5 - https:\/\/yoast.com\/wordpress\/plugins\/seo\/ -->\n<title>Oumar Youm: &quot;Je prends l&#039;engagement ici \u00e0 l&#039;Assembl\u00e9e nationale que nous ne voterons aucune loi l\u00e9galisant l&#039;homosexualit\u00e9&quot; - LE PUBLIC<\/title>\n<meta name=\"robots\" content=\"index, follow, max-snippet:-1, max-image-preview:large, max-video-preview:-1\" \/>\n<link rel=\"canonical\" href=\"https:\/\/www.public.sn\/index.php\/2022\/09\/13\/oumar-youm-je-prends-lengagement-ici-a-lassemblee-nationale-que-nous-ne-voterons-aucune-loi-legalisant-lhomosexualite\/\" \/>\n<meta property=\"og:locale\" content=\"fr_FR\" \/>\n<meta property=\"og:type\" content=\"article\" \/>\n<meta property=\"og:title\" content=\"Oumar Youm: &quot;Je prends l&#039;engagement ici \u00e0 l&#039;Assembl\u00e9e nationale que nous ne voterons aucune loi l\u00e9galisant l&#039;homosexualit\u00e9&quot; - LE PUBLIC\" \/>\n<meta property=\"og:description\" content=\"Prenant la parole, le pr\u00e9sident du groupe parlementaire de Benno Bokk Yakaar Oumar Youm est revenu sur la question des droits des minorit\u00e9s au S\u00e9n\u00e9gal. L&rsquo;ancien ministre des transports pr\u00e9cise et rassure l&rsquo;\u00e9tat du S\u00e9n\u00e9gal n&rsquo;a aucune politique visant \u00e0 autoriser ou l\u00e9galiser l&rsquo;homosexualit\u00e9 car, selon lui, le S\u00e9n\u00e9gal est un pays encr\u00e9 dans des valeurs culturelles et religieuses cardinales. \u00ab\u00a0Je prends l&rsquo;engagement ici \u00e0 l&rsquo;Assembl\u00e9e nationale que nous ne voterons aucune loi l\u00e9galisant l&rsquo;homosexualit\u00e9\u00a0\u00bb, dit-il. Pour rappel, une loi criminalisant l&rsquo;homosexualit\u00e9 au S\u00e9n\u00e9gal a \u00e9t\u00e9 propos\u00e9e \u00e0 l&rsquo;Assembl\u00e9e nationale par le collectif \u00ab\u00a0Andd Sam Jikko Yi\u00a0\u00bb dirig\u00e9 par Ababacar Mboup \u00e0 la veille des \u00e9lections locales de janvier 2022. Une proposition tout bonnement et tout finalement rejet\u00e9e par l&rsquo;ancien bureau de l&rsquo;Assembl\u00e9e nationale pr\u00e9sid\u00e9 par Moustapha Niasse.\" \/>\n<meta property=\"og:url\" content=\"https:\/\/www.public.sn\/index.php\/2022\/09\/13\/oumar-youm-je-prends-lengagement-ici-a-lassemblee-nationale-que-nous-ne-voterons-aucune-loi-legalisant-lhomosexualite\/\" \/>\n<meta property=\"og:site_name\" content=\"LE PUBLIC\" \/>\n<meta property=\"article:published_time\" content=\"2022-09-13T13:33:35+00:00\" \/>\n<meta property=\"article:modified_time\" content=\"2022-09-13T17:27:05+00:00\" \/>\n<meta property=\"og:image\" content=\"https:\/\/www.public.sn\/wp-content\/uploads\/2022\/09\/oumar-youm-1.jpeg\" \/>\n\t<meta property=\"og:image:width\" content=\"1242\" \/>\n\t<meta property=\"og:image:height\" content=\"922\" \/>\n\t<meta property=\"og:image:type\" content=\"image\/jpeg\" \/>\n<meta name=\"author\" content=\"LA REDACTION\" \/>\n<meta name=\"twitter:card\" content=\"summary_large_image\" \/>\n<meta name=\"twitter:label1\" content=\"\u00c9crit par\" \/>\n\t<meta name=\"twitter:data1\" content=\"LA REDACTION\" \/>\n\t<meta name=\"twitter:label2\" content=\"Dur\u00e9e de lecture estim\u00e9e\" \/>\n\t<meta name=\"twitter:data2\" content=\"1 minute\" \/>\n<script type=\"application\/ld+json\" class=\"yoast-schema-graph\">{\"@context\":\"https:\/\/schema.org\",\"@graph\":[{\"@type\":\"Article\",\"@id\":\"https:\/\/www.public.sn\/index.php\/2022\/09\/13\/oumar-youm-je-prends-lengagement-ici-a-lassemblee-nationale-que-nous-ne-voterons-aucune-loi-legalisant-lhomosexualite\/#article\",\"isPartOf\":{\"@id\":\"https:\/\/www.public.sn\/index.php\/2022\/09\/13\/oumar-youm-je-prends-lengagement-ici-a-lassemblee-nationale-que-nous-ne-voterons-aucune-loi-legalisant-lhomosexualite\/\"},\"author\":{\"name\":\"LA REDACTION\",\"@id\":\"https:\/\/www.public.sn\/#\/schema\/person\/e3f4a11b037d4203902db148f9bc8d5a\"},\"headline\":\"Oumar Youm: \u00ab\u00a0Je prends l&rsquo;engagement ici \u00e0 l&rsquo;Assembl\u00e9e nationale que nous ne voterons aucune loi l\u00e9galisant l&rsquo;homosexualit\u00e9\u00a0\u00bb\",\"datePublished\":\"2022-09-13T13:33:35+00:00\",\"dateModified\":\"2022-09-13T17:27:05+00:00\",\"mainEntityOfPage\":{\"@id\":\"https:\/\/www.public.sn\/index.php\/2022\/09\/13\/oumar-youm-je-prends-lengagement-ici-a-lassemblee-nationale-que-nous-ne-voterons-aucune-loi-legalisant-lhomosexualite\/\"},\"wordCount\":168,\"commentCount\":0,\"publisher\":{\"@id\":\"https:\/\/www.public.sn\/#organization\"},\"image\":{\"@id\":\"https:\/\/www.public.sn\/index.php\/2022\/09\/13\/oumar-youm-je-prends-lengagement-ici-a-lassemblee-nationale-que-nous-ne-voterons-aucune-loi-legalisant-lhomosexualite\/#primaryimage\"},\"thumbnailUrl\":\"https:\/\/www.public.sn\/wp-content\/uploads\/2022\/09\/oumar-youm-1.jpeg\",\"keywords\":[\"Assembl\u00e9e Nationale\",\"Justice\",\"Loi\",\"Macky Sall\",\"Opposition\",\"Oumar Youm\"],\"articleSection\":[\"ACTUALIT\u00c9S\"],\"inLanguage\":\"fr-FR\",\"potentialAction\":[{\"@type\":\"CommentAction\",\"name\":\"Comment\",\"target\":[\"https:\/\/www.public.sn\/index.php\/2022\/09\/13\/oumar-youm-je-prends-lengagement-ici-a-lassemblee-nationale-que-nous-ne-voterons-aucune-loi-legalisant-lhomosexualite\/#respond\"]}]},{\"@type\":\"WebPage\",\"@id\":\"https:\/\/www.public.sn\/index.php\/2022\/09\/13\/oumar-youm-je-prends-lengagement-ici-a-lassemblee-nationale-que-nous-ne-voterons-aucune-loi-legalisant-lhomosexualite\/\",\"url\":\"https:\/\/www.public.sn\/index.php\/2022\/09\/13\/oumar-youm-je-prends-lengagement-ici-a-lassemblee-nationale-que-nous-ne-voterons-aucune-loi-legalisant-lhomosexualite\/\",\"name\":\"Oumar Youm: \\\"Je prends l'engagement ici \u00e0 l'Assembl\u00e9e nationale que nous ne voterons aucune loi l\u00e9galisant l'homosexualit\u00e9\\\" - LE PUBLIC\",\"isPartOf\":{\"@id\":\"https:\/\/www.public.sn\/#website\"},\"primaryImageOfPage\":{\"@id\":\"https:\/\/www.public.sn\/index.php\/2022\/09\/13\/oumar-youm-je-prends-lengagement-ici-a-lassemblee-nationale-que-nous-ne-voterons-aucune-loi-legalisant-lhomosexualite\/#primaryimage\"},\"image\":{\"@id\":\"https:\/\/www.public.sn\/index.php\/2022\/09\/13\/oumar-youm-je-prends-lengagement-ici-a-lassemblee-nationale-que-nous-ne-voterons-aucune-loi-legalisant-lhomosexualite\/#primaryimage\"},\"thumbnailUrl\":\"https:\/\/www.public.sn\/wp-content\/uploads\/2022\/09\/oumar-youm-1.jpeg\",\"datePublished\":\"2022-09-13T13:33:35+00:00\",\"dateModified\":\"2022-09-13T17:27:05+00:00\",\"breadcrumb\":{\"@id\":\"https:\/\/www.public.sn\/index.php\/2022\/09\/13\/oumar-youm-je-prends-lengagement-ici-a-lassemblee-nationale-que-nous-ne-voterons-aucune-loi-legalisant-lhomosexualite\/#breadcrumb\"},\"inLanguage\":\"fr-FR\",\"potentialAction\":[{\"@type\":\"ReadAction\",\"target\":[\"https:\/\/www.public.sn\/index.php\/2022\/09\/13\/oumar-youm-je-prends-lengagement-ici-a-lassemblee-nationale-que-nous-ne-voterons-aucune-loi-legalisant-lhomosexualite\/\"]}]},{\"@type\":\"ImageObject\",\"inLanguage\":\"fr-FR\",\"@id\":\"https:\/\/www.public.sn\/index.php\/2022\/09\/13\/oumar-youm-je-prends-lengagement-ici-a-lassemblee-nationale-que-nous-ne-voterons-aucune-loi-legalisant-lhomosexualite\/#primaryimage\",\"url\":\"https:\/\/www.public.sn\/wp-content\/uploads\/2022\/09\/oumar-youm-1.jpeg\",\"contentUrl\":\"https:\/\/www.public.sn\/wp-content\/uploads\/2022\/09\/oumar-youm-1.jpeg\",\"width\":1242,\"height\":922},{\"@type\":\"BreadcrumbList\",\"@id\":\"https:\/\/www.public.sn\/index.php\/2022\/09\/13\/oumar-youm-je-prends-lengagement-ici-a-lassemblee-nationale-que-nous-ne-voterons-aucune-loi-legalisant-lhomosexualite\/#breadcrumb\",\"itemListElement\":[{\"@type\":\"ListItem\",\"position\":1,\"name\":\"Accueil\",\"item\":\"https:\/\/www.public.sn\/\"},{\"@type\":\"ListItem\",\"position\":2,\"name\":\"Oumar Youm: \u00ab\u00a0Je prends l&rsquo;engagement ici \u00e0 l&rsquo;Assembl\u00e9e nationale que nous ne voterons aucune loi l\u00e9galisant l&rsquo;homosexualit\u00e9\u00a0\u00bb\"}]},{\"@type\":\"WebSite\",\"@id\":\"https:\/\/www.public.sn\/#website\",\"url\":\"https:\/\/www.public.sn\/\",\"name\":\"LE PUBLIC\",\"description\":\"\",\"publisher\":{\"@id\":\"https:\/\/www.public.sn\/#organization\"},\"potentialAction\":[{\"@type\":\"SearchAction\",\"target\":{\"@type\":\"EntryPoint\",\"urlTemplate\":\"https:\/\/www.public.sn\/?s={search_term_string}\"},\"query-input\":{\"@type\":\"PropertyValueSpecification\",\"valueRequired\":true,\"valueName\":\"search_term_string\"}}],\"inLanguage\":\"fr-FR\"},{\"@type\":\"Organization\",\"@id\":\"https:\/\/www.public.sn\/#organization\",\"name\":\"LE PUBLIC\",\"url\":\"https:\/\/www.public.sn\/\",\"logo\":{\"@type\":\"ImageObject\",\"inLanguage\":\"fr-FR\",\"@id\":\"https:\/\/www.public.sn\/#\/schema\/logo\/image\/\",\"url\":\"https:\/\/www.public.sn\/wp-content\/uploads\/2024\/05\/cropped-LOGO-PUBLIC.SN_.png\",\"contentUrl\":\"https:\/\/www.public.sn\/wp-content\/uploads\/2024\/05\/cropped-LOGO-PUBLIC.SN_.png\",\"width\":682,\"height\":192,\"caption\":\"LE PUBLIC\"},\"image\":{\"@id\":\"https:\/\/www.public.sn\/#\/schema\/logo\/image\/\"}},{\"@type\":\"Person\",\"@id\":\"https:\/\/www.public.sn\/#\/schema\/person\/e3f4a11b037d4203902db148f9bc8d5a\",\"name\":\"LA REDACTION\",\"image\":{\"@type\":\"ImageObject\",\"inLanguage\":\"fr-FR\",\"@id\":\"https:\/\/www.public.sn\/#\/schema\/person\/image\/\",\"url\":\"https:\/\/secure.gravatar.com\/avatar\/d6c030db45db2883c075085c5d6c6258654a801a93766b49af0b82d4f454e2a5?s=96&d=mm&r=g\",\"contentUrl\":\"https:\/\/secure.gravatar.com\/avatar\/d6c030db45db2883c075085c5d6c6258654a801a93766b49af0b82d4f454e2a5?s=96&d=mm&r=g\",\"caption\":\"LA REDACTION\"},\"sameAs\":[\"http:\/\/www.public.sn\"],\"url\":\"https:\/\/www.public.sn\/index.php\/author\/admin7324\/\"}]}<\/script>\n<!-- \/ Yoast SEO plugin. -->","yoast_head_json":{"title":"Oumar Youm: \"Je prends l'engagement ici \u00e0 l'Assembl\u00e9e nationale que nous ne voterons aucune loi l\u00e9galisant l'homosexualit\u00e9\" - LE PUBLIC","robots":{"index":"index","follow":"follow","max-snippet":"max-snippet:-1","max-image-preview":"max-image-preview:large","max-video-preview":"max-video-preview:-1"},"canonical":"https:\/\/www.public.sn\/index.php\/2022\/09\/13\/oumar-youm-je-prends-lengagement-ici-a-lassemblee-nationale-que-nous-ne-voterons-aucune-loi-legalisant-lhomosexualite\/","og_locale":"fr_FR","og_type":"article","og_title":"Oumar Youm: \"Je prends l'engagement ici \u00e0 l'Assembl\u00e9e nationale que nous ne voterons aucune loi l\u00e9galisant l'homosexualit\u00e9\" - LE PUBLIC","og_description":"Prenant la parole, le pr\u00e9sident du groupe parlementaire de Benno Bokk Yakaar Oumar Youm est revenu sur la question des droits des minorit\u00e9s au S\u00e9n\u00e9gal. L&rsquo;ancien ministre des transports pr\u00e9cise et rassure l&rsquo;\u00e9tat du S\u00e9n\u00e9gal n&rsquo;a aucune politique visant \u00e0 autoriser ou l\u00e9galiser l&rsquo;homosexualit\u00e9 car, selon lui, le S\u00e9n\u00e9gal est un pays encr\u00e9 dans des valeurs culturelles et religieuses cardinales. \u00ab\u00a0Je prends l&rsquo;engagement ici \u00e0 l&rsquo;Assembl\u00e9e nationale que nous ne voterons aucune loi l\u00e9galisant l&rsquo;homosexualit\u00e9\u00a0\u00bb, dit-il. Pour rappel, une loi criminalisant l&rsquo;homosexualit\u00e9 au S\u00e9n\u00e9gal a \u00e9t\u00e9 propos\u00e9e \u00e0 l&rsquo;Assembl\u00e9e nationale par le collectif \u00ab\u00a0Andd Sam Jikko Yi\u00a0\u00bb dirig\u00e9 par Ababacar Mboup \u00e0 la veille des \u00e9lections locales de janvier 2022. Une proposition tout bonnement et tout finalement rejet\u00e9e par l&rsquo;ancien bureau de l&rsquo;Assembl\u00e9e nationale pr\u00e9sid\u00e9 par Moustapha Niasse.","og_url":"https:\/\/www.public.sn\/index.php\/2022\/09\/13\/oumar-youm-je-prends-lengagement-ici-a-lassemblee-nationale-que-nous-ne-voterons-aucune-loi-legalisant-lhomosexualite\/","og_site_name":"LE PUBLIC","article_published_time":"2022-09-13T13:33:35+00:00","article_modified_time":"2022-09-13T17:27:05+00:00","og_image":[{"width":1242,"height":922,"url":"https:\/\/www.public.sn\/wp-content\/uploads\/2022\/09\/oumar-youm-1.jpeg","type":"image\/jpeg"}],"author":"LA REDACTION","twitter_card":"summary_large_image","twitter_misc":{"\u00c9crit par":"LA REDACTION","Dur\u00e9e de lecture estim\u00e9e":"1 minute"},"schema":{"@context":"https:\/\/schema.org","@graph":[{"@type":"Article","@id":"https:\/\/www.public.sn\/index.php\/2022\/09\/13\/oumar-youm-je-prends-lengagement-ici-a-lassemblee-nationale-que-nous-ne-voterons-aucune-loi-legalisant-lhomosexualite\/#article","isPartOf":{"@id":"https:\/\/www.public.sn\/index.php\/2022\/09\/13\/oumar-youm-je-prends-lengagement-ici-a-lassemblee-nationale-que-nous-ne-voterons-aucune-loi-legalisant-lhomosexualite\/"},"author":{"name":"LA REDACTION","@id":"https:\/\/www.public.sn\/#\/schema\/person\/e3f4a11b037d4203902db148f9bc8d5a"},"headline":"Oumar Youm: \u00ab\u00a0Je prends l&rsquo;engagement ici \u00e0 l&rsquo;Assembl\u00e9e nationale que nous ne voterons aucune loi l\u00e9galisant l&rsquo;homosexualit\u00e9\u00a0\u00bb","datePublished":"2022-09-13T13:33:35+00:00","dateModified":"2022-09-13T17:27:05+00:00","mainEntityOfPage":{"@id":"https:\/\/www.public.sn\/index.php\/2022\/09\/13\/oumar-youm-je-prends-lengagement-ici-a-lassemblee-nationale-que-nous-ne-voterons-aucune-loi-legalisant-lhomosexualite\/"},"wordCount":168,"commentCount":0,"publisher":{"@id":"https:\/\/www.public.sn\/#organization"},"image":{"@id":"https:\/\/www.public.sn\/index.php\/2022\/09\/13\/oumar-youm-je-prends-lengagement-ici-a-lassemblee-nationale-que-nous-ne-voterons-aucune-loi-legalisant-lhomosexualite\/#primaryimage"},"thumbnailUrl":"https:\/\/www.public.sn\/wp-content\/uploads\/2022\/09\/oumar-youm-1.jpeg","keywords":["Assembl\u00e9e Nationale","Justice","Loi","Macky Sall","Opposition","Oumar Youm"],"articleSection":["ACTUALIT\u00c9S"],"inLanguage":"fr-FR","potentialAction":[{"@type":"CommentAction","name":"Comment","target":["https:\/\/www.public.sn\/index.php\/2022\/09\/13\/oumar-youm-je-prends-lengagement-ici-a-lassemblee-nationale-que-nous-ne-voterons-aucune-loi-legalisant-lhomosexualite\/#respond"]}]},{"@type":"WebPage","@id":"https:\/\/www.public.sn\/index.php\/2022\/09\/13\/oumar-youm-je-prends-lengagement-ici-a-lassemblee-nationale-que-nous-ne-voterons-aucune-loi-legalisant-lhomosexualite\/","url":"https:\/\/www.public.sn\/index.php\/2022\/09\/13\/oumar-youm-je-prends-lengagement-ici-a-lassemblee-nationale-que-nous-ne-voterons-aucune-loi-legalisant-lhomosexualite\/","name":"Oumar Youm: \"Je prends l'engagement ici \u00e0 l'Assembl\u00e9e nationale que nous ne voterons aucune loi l\u00e9galisant l'homosexualit\u00e9\" - LE PUBLIC","isPartOf":{"@id":"https:\/\/www.public.sn\/#website"},"primaryImageOfPage":{"@id":"https:\/\/www.public.sn\/index.php\/2022\/09\/13\/oumar-youm-je-prends-lengagement-ici-a-lassemblee-nationale-que-nous-ne-voterons-aucune-loi-legalisant-lhomosexualite\/#primaryimage"},"image":{"@id":"https:\/\/www.public.sn\/index.php\/2022\/09\/13\/oumar-youm-je-prends-lengagement-ici-a-lassemblee-nationale-que-nous-ne-voterons-aucune-loi-legalisant-lhomosexualite\/#primaryimage"},"thumbnailUrl":"https:\/\/www.public.sn\/wp-content\/uploads\/2022\/09\/oumar-youm-1.jpeg","datePublished":"2022-09-13T13:33:35+00:00","dateModified":"2022-09-13T17:27:05+00:00","breadcrumb":{"@id":"https:\/\/www.public.sn\/index.php\/2022\/09\/13\/oumar-youm-je-prends-lengagement-ici-a-lassemblee-nationale-que-nous-ne-voterons-aucune-loi-legalisant-lhomosexualite\/#breadcrumb"},"inLanguage":"fr-FR","potentialAction":[{"@type":"ReadAction","target":["https:\/\/www.public.sn\/index.php\/2022\/09\/13\/oumar-youm-je-prends-lengagement-ici-a-lassemblee-nationale-que-nous-ne-voterons-aucune-loi-legalisant-lhomosexualite\/"]}]},{"@type":"ImageObject","inLanguage":"fr-FR","@id":"https:\/\/www.public.sn\/index.php\/2022\/09\/13\/oumar-youm-je-prends-lengagement-ici-a-lassemblee-nationale-que-nous-ne-voterons-aucune-loi-legalisant-lhomosexualite\/#primaryimage","url":"https:\/\/www.public.sn\/wp-content\/uploads\/2022\/09\/oumar-youm-1.jpeg","contentUrl":"https:\/\/www.public.sn\/wp-content\/uploads\/2022\/09\/oumar-youm-1.jpeg","width":1242,"height":922},{"@type":"BreadcrumbList","@id":"https:\/\/www.public.sn\/index.php\/2022\/09\/13\/oumar-youm-je-prends-lengagement-ici-a-lassemblee-nationale-que-nous-ne-voterons-aucune-loi-legalisant-lhomosexualite\/#breadcrumb","itemListElement":[{"@type":"ListItem","position":1,"name":"Accueil","item":"https:\/\/www.public.sn\/"},{"@type":"ListItem","position":2,"name":"Oumar Youm: \u00ab\u00a0Je prends l&rsquo;engagement ici \u00e0 l&rsquo;Assembl\u00e9e nationale que nous ne voterons aucune loi l\u00e9galisant l&rsquo;homosexualit\u00e9\u00a0\u00bb"}]},{"@type":"WebSite","@id":"https:\/\/www.public.sn\/#website","url":"https:\/\/www.public.sn\/","name":"LE PUBLIC","description":"","publisher":{"@id":"https:\/\/www.public.sn\/#organization"},"potentialAction":[{"@type":"SearchAction","target":{"@type":"EntryPoint","urlTemplate":"https:\/\/www.public.sn\/?s={search_term_string}"},"query-input":{"@type":"PropertyValueSpecification","valueRequired":true,"valueName":"search_term_string"}}],"inLanguage":"fr-FR"},{"@type":"Organization","@id":"https:\/\/www.public.sn\/#organization","name":"LE PUBLIC","url":"https:\/\/www.public.sn\/","logo":{"@type":"ImageObject","inLanguage":"fr-FR","@id":"https:\/\/www.public.sn\/#\/schema\/logo\/image\/","url":"https:\/\/www.public.sn\/wp-content\/uploads\/2024\/05\/cropped-LOGO-PUBLIC.SN_.png","contentUrl":"https:\/\/www.public.sn\/wp-content\/uploads\/2024\/05\/cropped-LOGO-PUBLIC.SN_.png","width":682,"height":192,"caption":"LE PUBLIC"},"image":{"@id":"https:\/\/www.public.sn\/#\/schema\/logo\/image\/"}},{"@type":"Person","@id":"https:\/\/www.public.sn\/#\/schema\/person\/e3f4a11b037d4203902db148f9bc8d5a","name":"LA REDACTION","image":{"@type":"ImageObject","inLanguage":"fr-FR","@id":"https:\/\/www.public.sn\/#\/schema\/person\/image\/","url":"https:\/\/secure.gravatar.com\/avatar\/d6c030db45db2883c075085c5d6c6258654a801a93766b49af0b82d4f454e2a5?s=96&d=mm&r=g","contentUrl":"https:\/\/secure.gravatar.com\/avatar\/d6c030db45db2883c075085c5d6c6258654a801a93766b49af0b82d4f454e2a5?s=96&d=mm&r=g","caption":"LA REDACTION"},"sameAs":["http:\/\/www.public.sn"],"url":"https:\/\/www.public.sn\/index.php\/author\/admin7324\/"}]}},"jetpack_featured_media_url":"https:\/\/www.public.sn\/wp-content\/uploads\/2022\/09\/oumar-youm-1.jpeg","jetpack_sharing_enabled":true,"_links":{"self":[{"href":"https:\/\/www.public.sn\/index.php\/wp-json\/wp\/v2\/posts\/1902","targetHints":{"allow":["GET"]}}],"collection":[{"href":"https:\/\/www.public.sn\/index.php\/wp-json\/wp\/v2\/posts"}],"about":[{"href":"https:\/\/www.public.sn\/index.php\/wp-json\/wp\/v2\/types\/post"}],"author":[{"embeddable":true,"href":"https:\/\/www.public.sn\/index.php\/wp-json\/wp\/v2\/users\/1"}],"replies":[{"embeddable":true,"href":"https:\/\/www.public.sn\/index.php\/wp-json\/wp\/v2\/comments?post=1902"}],"version-history":[{"count":2,"href":"https:\/\/www.public.sn\/index.php\/wp-json\/wp\/v2\/posts\/1902\/revisions"}],"predecessor-version":[{"id":1910,"href":"https:\/\/www.public.sn\/index.php\/wp-json\/wp\/v2\/posts\/1902\/revisions\/1910"}],"wp:featuredmedia":[{"embeddable":true,"href":"https:\/\/www.public.sn\/index.php\/wp-json\/wp\/v2\/media\/1903"}],"wp:attachment":[{"href":"https:\/\/www.public.sn\/index.php\/wp-json\/wp\/v2\/media?parent=1902"}],"wp:term":[{"taxonomy":"category","embeddable":true,"href":"https:\/\/www.public.sn\/index.php\/wp-json\/wp\/v2\/categories?post=1902"},{"taxonomy":"post_tag","embeddable":true,"href":"https:\/\/www.public.sn\/index.php\/wp-json\/wp\/v2\/tags?post=1902"}],"curies":[{"name":"wp","href":"https:\/\/api.w.org\/{rel}","templated":true}]}}