{"id":19036,"date":"2023-03-30T07:39:11","date_gmt":"2023-03-30T07:39:11","guid":{"rendered":"https:\/\/www.public.sn\/?p=19036"},"modified":"2023-03-30T07:39:11","modified_gmt":"2023-03-30T07:39:11","slug":"derniere-minute-un-des-avocats-de-sonko-suspendu","status":"publish","type":"post","link":"https:\/\/www.public.sn\/index.php\/2023\/03\/30\/derniere-minute-un-des-avocats-de-sonko-suspendu\/","title":{"rendered":"Derni\u00e8re minute&#8230; Un des avocats de Sonko suspendu"},"content":{"rendered":"<p><strong>Me Ousseynou Fall, l\u2019un de mes principaux avocats, vient de m\u2019informer de sa suspension par le bureau de l\u2019ordre des avocats du S\u00e9n\u00e9gal, sur plainte du juge en charge du dossier, Pape Mohamed Diop, suite \u00e0 des \u00e9changes lors de l\u2019audience du 16 mars dernier.<\/strong><\/p><div class=\"publi-paragraphe1\" style=\"margin-top: 10px;margin-bottom: 10px;margin-left: auto;margin-right: auto;text-align: center;\" id=\"publi-278654895\"><div class=\"publi-adlabel\">Publicit\u00e9<\/div><script async src=\"\/\/pagead2.googlesyndication.com\/pagead\/js\/adsbygoogle.js?client=ca-pub-4089586018074219\" crossorigin=\"anonymous\"><\/script><ins class=\"adsbygoogle\" style=\"display:block;\" data-ad-client=\"ca-pub-4089586018074219\" \ndata-ad-slot=\"2087940154\" \ndata-ad-format=\"auto\"><\/ins>\n<script> \n(adsbygoogle = window.adsbygoogle || []).push({}); \n<\/script>\n<\/div>\n<p>Cette d\u00e9cision, qui n\u2019a pour objectif que d\u2019affaiblir ma d\u00e9fense \u00e0 moins de 24 heures du proc\u00e8s, atteste du parti pris flagrant du b\u00e2tonnier et de l\u2019Ordre pour la partie civile.<\/p>\n<p><img fetchpriority=\"high\" decoding=\"async\" class=\"alignnone wp-image-19037 size-full\" src=\"https:\/\/www.public.sn\/wp-content\/uploads\/2023\/03\/05B2C970-EBFA-4D2C-8ED2-DA7700B649A9.png\" alt=\"\" width=\"414\" height=\"414\" srcset=\"https:\/\/www.public.sn\/wp-content\/uploads\/2023\/03\/05B2C970-EBFA-4D2C-8ED2-DA7700B649A9.png 414w, https:\/\/www.public.sn\/wp-content\/uploads\/2023\/03\/05B2C970-EBFA-4D2C-8ED2-DA7700B649A9-300x300.png 300w, https:\/\/www.public.sn\/wp-content\/uploads\/2023\/03\/05B2C970-EBFA-4D2C-8ED2-DA7700B649A9-100x100.png 100w, https:\/\/www.public.sn\/wp-content\/uploads\/2023\/03\/05B2C970-EBFA-4D2C-8ED2-DA7700B649A9-150x150.png 150w\" sizes=\"(max-width: 414px) 100vw, 414px\" \/><\/p>\n<p>Un b\u00e2tonnier et un Ordre qui sont rest\u00e9s insensibles aux multiples agressions physiques dont ont \u00e9t\u00e9 victimes leurs coll\u00e8gues, gaz\u00e9s et brutalis\u00e9s par les forces de l\u2019ordre sous les projecteurs des cam\u00e9ras du monde entier.<\/p>\n<p>Le comble avec Macky, en fin de second et dernier mandat, c\u2019est d\u2019avoir quasiment r\u00e9ussi \u00e0 asservir tous les secteurs, au grand dam de la d\u00e9mocratie et de la justice.<\/p>\n<p><strong>Ousmane Sonko<\/strong><\/p>\n<div class=\"publi-apres-le-contenu\" style=\"margin-top: 10px;margin-bottom: 10px;margin-left: auto;margin-right: auto;text-align: center;\" id=\"publi-755312159\"><div class=\"publi-adlabel\">Publicit\u00e9<\/div><script async src=\"\/\/pagead2.googlesyndication.com\/pagead\/js\/adsbygoogle.js?client=ca-pub-4089586018074219\" crossorigin=\"anonymous\"><\/script><ins class=\"adsbygoogle\" style=\"display:block;\" data-ad-client=\"ca-pub-4089586018074219\" \ndata-ad-slot=\"2087940154\" \ndata-ad-format=\"auto\"><\/ins>\n<script> \n(adsbygoogle = window.adsbygoogle || []).push({}); \n<\/script>\n<\/div>","protected":false},"excerpt":{"rendered":"<p>Me Ousseynou Fall, l\u2019un de mes principaux avocats, vient de m\u2019informer de sa suspension par le bureau de l\u2019ordre des avocats du S\u00e9n\u00e9gal, sur plainte du juge en charge du dossier, Pape Mohamed Diop, suite \u00e0 des \u00e9changes lors de l\u2019audience du 16 mars dernier. Cette d\u00e9cision, qui n\u2019a pour objectif que d\u2019affaiblir ma d\u00e9fense \u00e0 moins de 24 heures du proc\u00e8s, atteste du parti pris flagrant du b\u00e2tonnier et de l\u2019Ordre pour la partie civile. Un b\u00e2tonnier et un Ordre qui sont rest\u00e9s insensibles aux multiples agressions physiques dont ont \u00e9t\u00e9 victimes leurs coll\u00e8gues, gaz\u00e9s et brutalis\u00e9s par les forces de l\u2019ordre sous les projecteurs des cam\u00e9ras du monde entier. Le comble avec Macky, en fin de second et dernier mandat, c\u2019est d\u2019avoir quasiment r\u00e9ussi \u00e0 asservir tous les secteurs, au grand dam de la d\u00e9mocratie et de la justice. Ousmane Sonko<\/p>\n","protected":false},"author":7,"featured_media":19038,"comment_status":"open","ping_status":"open","sticky":false,"template":"","format":"standard","meta":{"_jetpack_memberships_contains_paid_content":false,"footnotes":""},"categories":[375,3724,3,376,1,4,372],"tags":[2022,24,5004,306],"class_list":["post-19036","post","type-post","status-publish","format-standard","has-post-thumbnail","hentry","category-actualites","category-justice","category-politique","category-securite-justice","category-non-classe","category-societe","category-vedette","tag-avocat","tag-justice","tag-me-ousseynou-fall","tag-sonko","entry","has-media","owp-thumbs-layout-horizontal","owp-btn-normal","owp-tabs-layout-horizontal","has-no-thumbnails","has-product-nav"],"yoast_head":"<!-- This site is optimized with the Yoast SEO plugin v25.5 - https:\/\/yoast.com\/wordpress\/plugins\/seo\/ -->\n<title>Derni\u00e8re minute... Un des avocats de Sonko suspendu - LE PUBLIC<\/title>\n<meta name=\"robots\" content=\"index, follow, max-snippet:-1, max-image-preview:large, max-video-preview:-1\" \/>\n<link rel=\"canonical\" href=\"https:\/\/www.public.sn\/index.php\/2023\/03\/30\/derniere-minute-un-des-avocats-de-sonko-suspendu\/\" \/>\n<meta property=\"og:locale\" content=\"fr_FR\" \/>\n<meta property=\"og:type\" content=\"article\" \/>\n<meta property=\"og:title\" content=\"Derni\u00e8re minute... Un des avocats de Sonko suspendu - LE PUBLIC\" \/>\n<meta property=\"og:description\" content=\"Me Ousseynou Fall, l\u2019un de mes principaux avocats, vient de m\u2019informer de sa suspension par le bureau de l\u2019ordre des avocats du S\u00e9n\u00e9gal, sur plainte du juge en charge du dossier, Pape Mohamed Diop, suite \u00e0 des \u00e9changes lors de l\u2019audience du 16 mars dernier. Cette d\u00e9cision, qui n\u2019a pour objectif que d\u2019affaiblir ma d\u00e9fense \u00e0 moins de 24 heures du proc\u00e8s, atteste du parti pris flagrant du b\u00e2tonnier et de l\u2019Ordre pour la partie civile. Un b\u00e2tonnier et un Ordre qui sont rest\u00e9s insensibles aux multiples agressions physiques dont ont \u00e9t\u00e9 victimes leurs coll\u00e8gues, gaz\u00e9s et brutalis\u00e9s par les forces de l\u2019ordre sous les projecteurs des cam\u00e9ras du monde entier. Le comble avec Macky, en fin de second et dernier mandat, c\u2019est d\u2019avoir quasiment r\u00e9ussi \u00e0 asservir tous les secteurs, au grand dam de la d\u00e9mocratie et de la justice. Ousmane Sonko\" \/>\n<meta property=\"og:url\" content=\"https:\/\/www.public.sn\/index.php\/2023\/03\/30\/derniere-minute-un-des-avocats-de-sonko-suspendu\/\" \/>\n<meta property=\"og:site_name\" content=\"LE PUBLIC\" \/>\n<meta property=\"article:published_time\" content=\"2023-03-30T07:39:11+00:00\" \/>\n<meta property=\"og:image\" content=\"https:\/\/www.public.sn\/wp-content\/uploads\/2023\/03\/3ED929A6-CB77-4C6C-B02F-23C10DA067AA.jpeg\" \/>\n\t<meta property=\"og:image:width\" content=\"755\" \/>\n\t<meta property=\"og:image:height\" content=\"445\" \/>\n\t<meta property=\"og:image:type\" content=\"image\/jpeg\" \/>\n<meta name=\"author\" content=\"LA REDACTION\" \/>\n<meta name=\"twitter:card\" content=\"summary_large_image\" \/>\n<meta name=\"twitter:label1\" content=\"\u00c9crit par\" \/>\n\t<meta name=\"twitter:data1\" content=\"LA REDACTION\" \/>\n\t<meta name=\"twitter:label2\" content=\"Dur\u00e9e de lecture estim\u00e9e\" \/>\n\t<meta name=\"twitter:data2\" content=\"1 minute\" \/>\n<script type=\"application\/ld+json\" class=\"yoast-schema-graph\">{\"@context\":\"https:\/\/schema.org\",\"@graph\":[{\"@type\":\"Article\",\"@id\":\"https:\/\/www.public.sn\/index.php\/2023\/03\/30\/derniere-minute-un-des-avocats-de-sonko-suspendu\/#article\",\"isPartOf\":{\"@id\":\"https:\/\/www.public.sn\/index.php\/2023\/03\/30\/derniere-minute-un-des-avocats-de-sonko-suspendu\/\"},\"author\":{\"name\":\"LA REDACTION\",\"@id\":\"https:\/\/www.public.sn\/#\/schema\/person\/cb76c8e1b8becc6be61fb5e92d6d0224\"},\"headline\":\"Derni\u00e8re minute&#8230; Un des avocats de Sonko suspendu\",\"datePublished\":\"2023-03-30T07:39:11+00:00\",\"mainEntityOfPage\":{\"@id\":\"https:\/\/www.public.sn\/index.php\/2023\/03\/30\/derniere-minute-un-des-avocats-de-sonko-suspendu\/\"},\"wordCount\":171,\"commentCount\":0,\"publisher\":{\"@id\":\"https:\/\/www.public.sn\/#organization\"},\"image\":{\"@id\":\"https:\/\/www.public.sn\/index.php\/2023\/03\/30\/derniere-minute-un-des-avocats-de-sonko-suspendu\/#primaryimage\"},\"thumbnailUrl\":\"https:\/\/www.public.sn\/wp-content\/uploads\/2023\/03\/3ED929A6-CB77-4C6C-B02F-23C10DA067AA.jpeg\",\"keywords\":[\"avocat\",\"Justice\",\"Me Ousseynou Fall\",\"sonko\"],\"articleSection\":[\"ACTUALIT\u00c9S\",\"justice\",\"POLITIQUE\",\"S\u00c9CURIT\u00c9 &amp; JUSTICE\",\"S\u00c9N\u00c9GAL\",\"SOCIETE\",\"VEDETTE\"],\"inLanguage\":\"fr-FR\",\"potentialAction\":[{\"@type\":\"CommentAction\",\"name\":\"Comment\",\"target\":[\"https:\/\/www.public.sn\/index.php\/2023\/03\/30\/derniere-minute-un-des-avocats-de-sonko-suspendu\/#respond\"]}]},{\"@type\":\"WebPage\",\"@id\":\"https:\/\/www.public.sn\/index.php\/2023\/03\/30\/derniere-minute-un-des-avocats-de-sonko-suspendu\/\",\"url\":\"https:\/\/www.public.sn\/index.php\/2023\/03\/30\/derniere-minute-un-des-avocats-de-sonko-suspendu\/\",\"name\":\"Derni\u00e8re minute... Un des avocats de Sonko suspendu - LE PUBLIC\",\"isPartOf\":{\"@id\":\"https:\/\/www.public.sn\/#website\"},\"primaryImageOfPage\":{\"@id\":\"https:\/\/www.public.sn\/index.php\/2023\/03\/30\/derniere-minute-un-des-avocats-de-sonko-suspendu\/#primaryimage\"},\"image\":{\"@id\":\"https:\/\/www.public.sn\/index.php\/2023\/03\/30\/derniere-minute-un-des-avocats-de-sonko-suspendu\/#primaryimage\"},\"thumbnailUrl\":\"https:\/\/www.public.sn\/wp-content\/uploads\/2023\/03\/3ED929A6-CB77-4C6C-B02F-23C10DA067AA.jpeg\",\"datePublished\":\"2023-03-30T07:39:11+00:00\",\"breadcrumb\":{\"@id\":\"https:\/\/www.public.sn\/index.php\/2023\/03\/30\/derniere-minute-un-des-avocats-de-sonko-suspendu\/#breadcrumb\"},\"inLanguage\":\"fr-FR\",\"potentialAction\":[{\"@type\":\"ReadAction\",\"target\":[\"https:\/\/www.public.sn\/index.php\/2023\/03\/30\/derniere-minute-un-des-avocats-de-sonko-suspendu\/\"]}]},{\"@type\":\"ImageObject\",\"inLanguage\":\"fr-FR\",\"@id\":\"https:\/\/www.public.sn\/index.php\/2023\/03\/30\/derniere-minute-un-des-avocats-de-sonko-suspendu\/#primaryimage\",\"url\":\"https:\/\/www.public.sn\/wp-content\/uploads\/2023\/03\/3ED929A6-CB77-4C6C-B02F-23C10DA067AA.jpeg\",\"contentUrl\":\"https:\/\/www.public.sn\/wp-content\/uploads\/2023\/03\/3ED929A6-CB77-4C6C-B02F-23C10DA067AA.jpeg\",\"width\":755,\"height\":445},{\"@type\":\"BreadcrumbList\",\"@id\":\"https:\/\/www.public.sn\/index.php\/2023\/03\/30\/derniere-minute-un-des-avocats-de-sonko-suspendu\/#breadcrumb\",\"itemListElement\":[{\"@type\":\"ListItem\",\"position\":1,\"name\":\"Accueil\",\"item\":\"https:\/\/www.public.sn\/\"},{\"@type\":\"ListItem\",\"position\":2,\"name\":\"Derni\u00e8re minute&#8230; Un des avocats de Sonko suspendu\"}]},{\"@type\":\"WebSite\",\"@id\":\"https:\/\/www.public.sn\/#website\",\"url\":\"https:\/\/www.public.sn\/\",\"name\":\"LE PUBLIC\",\"description\":\"\",\"publisher\":{\"@id\":\"https:\/\/www.public.sn\/#organization\"},\"potentialAction\":[{\"@type\":\"SearchAction\",\"target\":{\"@type\":\"EntryPoint\",\"urlTemplate\":\"https:\/\/www.public.sn\/?s={search_term_string}\"},\"query-input\":{\"@type\":\"PropertyValueSpecification\",\"valueRequired\":true,\"valueName\":\"search_term_string\"}}],\"inLanguage\":\"fr-FR\"},{\"@type\":\"Organization\",\"@id\":\"https:\/\/www.public.sn\/#organization\",\"name\":\"LE PUBLIC\",\"url\":\"https:\/\/www.public.sn\/\",\"logo\":{\"@type\":\"ImageObject\",\"inLanguage\":\"fr-FR\",\"@id\":\"https:\/\/www.public.sn\/#\/schema\/logo\/image\/\",\"url\":\"https:\/\/www.public.sn\/wp-content\/uploads\/2024\/05\/cropped-LOGO-PUBLIC.SN_.png\",\"contentUrl\":\"https:\/\/www.public.sn\/wp-content\/uploads\/2024\/05\/cropped-LOGO-PUBLIC.SN_.png\",\"width\":682,\"height\":192,\"caption\":\"LE PUBLIC\"},\"image\":{\"@id\":\"https:\/\/www.public.sn\/#\/schema\/logo\/image\/\"}},{\"@type\":\"Person\",\"@id\":\"https:\/\/www.public.sn\/#\/schema\/person\/cb76c8e1b8becc6be61fb5e92d6d0224\",\"name\":\"LA REDACTION\",\"image\":{\"@type\":\"ImageObject\",\"inLanguage\":\"fr-FR\",\"@id\":\"https:\/\/www.public.sn\/#\/schema\/person\/image\/\",\"url\":\"https:\/\/secure.gravatar.com\/avatar\/2dce5ddd34b8fef0180efe03aa2a9bee7d953856048f9a16b298190a3178407c?s=96&d=mm&r=g\",\"contentUrl\":\"https:\/\/secure.gravatar.com\/avatar\/2dce5ddd34b8fef0180efe03aa2a9bee7d953856048f9a16b298190a3178407c?s=96&d=mm&r=g\",\"caption\":\"LA REDACTION\"},\"url\":\"https:\/\/www.public.sn\/index.php\/author\/editeurpsn\/\"}]}<\/script>\n<!-- \/ Yoast SEO plugin. -->","yoast_head_json":{"title":"Derni\u00e8re minute... Un des avocats de Sonko suspendu - LE PUBLIC","robots":{"index":"index","follow":"follow","max-snippet":"max-snippet:-1","max-image-preview":"max-image-preview:large","max-video-preview":"max-video-preview:-1"},"canonical":"https:\/\/www.public.sn\/index.php\/2023\/03\/30\/derniere-minute-un-des-avocats-de-sonko-suspendu\/","og_locale":"fr_FR","og_type":"article","og_title":"Derni\u00e8re minute... Un des avocats de Sonko suspendu - LE PUBLIC","og_description":"Me Ousseynou Fall, l\u2019un de mes principaux avocats, vient de m\u2019informer de sa suspension par le bureau de l\u2019ordre des avocats du S\u00e9n\u00e9gal, sur plainte du juge en charge du dossier, Pape Mohamed Diop, suite \u00e0 des \u00e9changes lors de l\u2019audience du 16 mars dernier. Cette d\u00e9cision, qui n\u2019a pour objectif que d\u2019affaiblir ma d\u00e9fense \u00e0 moins de 24 heures du proc\u00e8s, atteste du parti pris flagrant du b\u00e2tonnier et de l\u2019Ordre pour la partie civile. Un b\u00e2tonnier et un Ordre qui sont rest\u00e9s insensibles aux multiples agressions physiques dont ont \u00e9t\u00e9 victimes leurs coll\u00e8gues, gaz\u00e9s et brutalis\u00e9s par les forces de l\u2019ordre sous les projecteurs des cam\u00e9ras du monde entier. Le comble avec Macky, en fin de second et dernier mandat, c\u2019est d\u2019avoir quasiment r\u00e9ussi \u00e0 asservir tous les secteurs, au grand dam de la d\u00e9mocratie et de la justice. Ousmane Sonko","og_url":"https:\/\/www.public.sn\/index.php\/2023\/03\/30\/derniere-minute-un-des-avocats-de-sonko-suspendu\/","og_site_name":"LE PUBLIC","article_published_time":"2023-03-30T07:39:11+00:00","og_image":[{"width":755,"height":445,"url":"https:\/\/www.public.sn\/wp-content\/uploads\/2023\/03\/3ED929A6-CB77-4C6C-B02F-23C10DA067AA.jpeg","type":"image\/jpeg"}],"author":"LA REDACTION","twitter_card":"summary_large_image","twitter_misc":{"\u00c9crit par":"LA REDACTION","Dur\u00e9e de lecture estim\u00e9e":"1 minute"},"schema":{"@context":"https:\/\/schema.org","@graph":[{"@type":"Article","@id":"https:\/\/www.public.sn\/index.php\/2023\/03\/30\/derniere-minute-un-des-avocats-de-sonko-suspendu\/#article","isPartOf":{"@id":"https:\/\/www.public.sn\/index.php\/2023\/03\/30\/derniere-minute-un-des-avocats-de-sonko-suspendu\/"},"author":{"name":"LA REDACTION","@id":"https:\/\/www.public.sn\/#\/schema\/person\/cb76c8e1b8becc6be61fb5e92d6d0224"},"headline":"Derni\u00e8re minute&#8230; Un des avocats de Sonko suspendu","datePublished":"2023-03-30T07:39:11+00:00","mainEntityOfPage":{"@id":"https:\/\/www.public.sn\/index.php\/2023\/03\/30\/derniere-minute-un-des-avocats-de-sonko-suspendu\/"},"wordCount":171,"commentCount":0,"publisher":{"@id":"https:\/\/www.public.sn\/#organization"},"image":{"@id":"https:\/\/www.public.sn\/index.php\/2023\/03\/30\/derniere-minute-un-des-avocats-de-sonko-suspendu\/#primaryimage"},"thumbnailUrl":"https:\/\/www.public.sn\/wp-content\/uploads\/2023\/03\/3ED929A6-CB77-4C6C-B02F-23C10DA067AA.jpeg","keywords":["avocat","Justice","Me Ousseynou Fall","sonko"],"articleSection":["ACTUALIT\u00c9S","justice","POLITIQUE","S\u00c9CURIT\u00c9 &amp; JUSTICE","S\u00c9N\u00c9GAL","SOCIETE","VEDETTE"],"inLanguage":"fr-FR","potentialAction":[{"@type":"CommentAction","name":"Comment","target":["https:\/\/www.public.sn\/index.php\/2023\/03\/30\/derniere-minute-un-des-avocats-de-sonko-suspendu\/#respond"]}]},{"@type":"WebPage","@id":"https:\/\/www.public.sn\/index.php\/2023\/03\/30\/derniere-minute-un-des-avocats-de-sonko-suspendu\/","url":"https:\/\/www.public.sn\/index.php\/2023\/03\/30\/derniere-minute-un-des-avocats-de-sonko-suspendu\/","name":"Derni\u00e8re minute... Un des avocats de Sonko suspendu - LE PUBLIC","isPartOf":{"@id":"https:\/\/www.public.sn\/#website"},"primaryImageOfPage":{"@id":"https:\/\/www.public.sn\/index.php\/2023\/03\/30\/derniere-minute-un-des-avocats-de-sonko-suspendu\/#primaryimage"},"image":{"@id":"https:\/\/www.public.sn\/index.php\/2023\/03\/30\/derniere-minute-un-des-avocats-de-sonko-suspendu\/#primaryimage"},"thumbnailUrl":"https:\/\/www.public.sn\/wp-content\/uploads\/2023\/03\/3ED929A6-CB77-4C6C-B02F-23C10DA067AA.jpeg","datePublished":"2023-03-30T07:39:11+00:00","breadcrumb":{"@id":"https:\/\/www.public.sn\/index.php\/2023\/03\/30\/derniere-minute-un-des-avocats-de-sonko-suspendu\/#breadcrumb"},"inLanguage":"fr-FR","potentialAction":[{"@type":"ReadAction","target":["https:\/\/www.public.sn\/index.php\/2023\/03\/30\/derniere-minute-un-des-avocats-de-sonko-suspendu\/"]}]},{"@type":"ImageObject","inLanguage":"fr-FR","@id":"https:\/\/www.public.sn\/index.php\/2023\/03\/30\/derniere-minute-un-des-avocats-de-sonko-suspendu\/#primaryimage","url":"https:\/\/www.public.sn\/wp-content\/uploads\/2023\/03\/3ED929A6-CB77-4C6C-B02F-23C10DA067AA.jpeg","contentUrl":"https:\/\/www.public.sn\/wp-content\/uploads\/2023\/03\/3ED929A6-CB77-4C6C-B02F-23C10DA067AA.jpeg","width":755,"height":445},{"@type":"BreadcrumbList","@id":"https:\/\/www.public.sn\/index.php\/2023\/03\/30\/derniere-minute-un-des-avocats-de-sonko-suspendu\/#breadcrumb","itemListElement":[{"@type":"ListItem","position":1,"name":"Accueil","item":"https:\/\/www.public.sn\/"},{"@type":"ListItem","position":2,"name":"Derni\u00e8re minute&#8230; Un des avocats de Sonko suspendu"}]},{"@type":"WebSite","@id":"https:\/\/www.public.sn\/#website","url":"https:\/\/www.public.sn\/","name":"LE PUBLIC","description":"","publisher":{"@id":"https:\/\/www.public.sn\/#organization"},"potentialAction":[{"@type":"SearchAction","target":{"@type":"EntryPoint","urlTemplate":"https:\/\/www.public.sn\/?s={search_term_string}"},"query-input":{"@type":"PropertyValueSpecification","valueRequired":true,"valueName":"search_term_string"}}],"inLanguage":"fr-FR"},{"@type":"Organization","@id":"https:\/\/www.public.sn\/#organization","name":"LE PUBLIC","url":"https:\/\/www.public.sn\/","logo":{"@type":"ImageObject","inLanguage":"fr-FR","@id":"https:\/\/www.public.sn\/#\/schema\/logo\/image\/","url":"https:\/\/www.public.sn\/wp-content\/uploads\/2024\/05\/cropped-LOGO-PUBLIC.SN_.png","contentUrl":"https:\/\/www.public.sn\/wp-content\/uploads\/2024\/05\/cropped-LOGO-PUBLIC.SN_.png","width":682,"height":192,"caption":"LE PUBLIC"},"image":{"@id":"https:\/\/www.public.sn\/#\/schema\/logo\/image\/"}},{"@type":"Person","@id":"https:\/\/www.public.sn\/#\/schema\/person\/cb76c8e1b8becc6be61fb5e92d6d0224","name":"LA REDACTION","image":{"@type":"ImageObject","inLanguage":"fr-FR","@id":"https:\/\/www.public.sn\/#\/schema\/person\/image\/","url":"https:\/\/secure.gravatar.com\/avatar\/2dce5ddd34b8fef0180efe03aa2a9bee7d953856048f9a16b298190a3178407c?s=96&d=mm&r=g","contentUrl":"https:\/\/secure.gravatar.com\/avatar\/2dce5ddd34b8fef0180efe03aa2a9bee7d953856048f9a16b298190a3178407c?s=96&d=mm&r=g","caption":"LA REDACTION"},"url":"https:\/\/www.public.sn\/index.php\/author\/editeurpsn\/"}]}},"jetpack_featured_media_url":"https:\/\/www.public.sn\/wp-content\/uploads\/2023\/03\/3ED929A6-CB77-4C6C-B02F-23C10DA067AA.jpeg","jetpack_sharing_enabled":true,"_links":{"self":[{"href":"https:\/\/www.public.sn\/index.php\/wp-json\/wp\/v2\/posts\/19036","targetHints":{"allow":["GET"]}}],"collection":[{"href":"https:\/\/www.public.sn\/index.php\/wp-json\/wp\/v2\/posts"}],"about":[{"href":"https:\/\/www.public.sn\/index.php\/wp-json\/wp\/v2\/types\/post"}],"author":[{"embeddable":true,"href":"https:\/\/www.public.sn\/index.php\/wp-json\/wp\/v2\/users\/7"}],"replies":[{"embeddable":true,"href":"https:\/\/www.public.sn\/index.php\/wp-json\/wp\/v2\/comments?post=19036"}],"version-history":[{"count":1,"href":"https:\/\/www.public.sn\/index.php\/wp-json\/wp\/v2\/posts\/19036\/revisions"}],"predecessor-version":[{"id":19039,"href":"https:\/\/www.public.sn\/index.php\/wp-json\/wp\/v2\/posts\/19036\/revisions\/19039"}],"wp:featuredmedia":[{"embeddable":true,"href":"https:\/\/www.public.sn\/index.php\/wp-json\/wp\/v2\/media\/19038"}],"wp:attachment":[{"href":"https:\/\/www.public.sn\/index.php\/wp-json\/wp\/v2\/media?parent=19036"}],"wp:term":[{"taxonomy":"category","embeddable":true,"href":"https:\/\/www.public.sn\/index.php\/wp-json\/wp\/v2\/categories?post=19036"},{"taxonomy":"post_tag","embeddable":true,"href":"https:\/\/www.public.sn\/index.php\/wp-json\/wp\/v2\/tags?post=19036"}],"curies":[{"name":"wp","href":"https:\/\/api.w.org\/{rel}","templated":true}]}}