{"id":19040,"date":"2023-03-30T07:47:53","date_gmt":"2023-03-30T07:47:53","guid":{"rendered":"https:\/\/www.public.sn\/?p=19040"},"modified":"2023-03-30T07:47:53","modified_gmt":"2023-03-30T07:47:53","slug":"presidentielle-2024-ndongo-ndiaye-declare-sa-candidature","status":"publish","type":"post","link":"https:\/\/www.public.sn\/index.php\/2023\/03\/30\/presidentielle-2024-ndongo-ndiaye-declare-sa-candidature\/","title":{"rendered":"Pr\u00e9sidentielle 2024: Ndongo Ndiaye d\u00e9clare sa candidature"},"content":{"rendered":"<p><strong>Apr\u00e8s avoir quitt\u00e9 en f\u00e9vrier dernier la pr\u00e9sidence et l\u2019Alliance pour la R\u00e9publique, l\u2019ancien conseiller sp\u00e9cial de Macky Sall charg\u00e9 de la jeunesse et du sport compte participer \u00e0 l\u2019\u00e9lection pr\u00e9sidentielle du 2024.<\/strong><\/p><div class=\"publi-paragraphe1\" style=\"margin-top: 10px;margin-bottom: 10px;margin-left: auto;margin-right: auto;text-align: center;\" id=\"publi-3575757909\"><div class=\"publi-adlabel\">Publicit\u00e9<\/div><script async src=\"\/\/pagead2.googlesyndication.com\/pagead\/js\/adsbygoogle.js?client=ca-pub-4089586018074219\" crossorigin=\"anonymous\"><\/script><ins class=\"adsbygoogle\" style=\"display:block;\" data-ad-client=\"ca-pub-4089586018074219\" \ndata-ad-slot=\"2087940154\" \ndata-ad-format=\"auto\"><\/ins>\n<script> \n(adsbygoogle = window.adsbygoogle || []).push({}); \n<\/script>\n<\/div>\n<p>\u00ab Chers compatriotes, je vous annonce ma candidature \u00e0 l\u2019\u00e9lection pr\u00e9sidentielle de f\u00e9vrier 2024. Je tends la main \u00e0 toutes les s\u00e9n\u00e9galaises et \u00e0 tous les s\u00e9n\u00e9galais, pour qu\u2019ensemble, nous puissions construire un S\u00e9n\u00e9gal nouveau, un S\u00e9n\u00e9gal de paix et de prosp\u00e9rit\u00e9 : reewum Jamm ak Xewel \u00bb a d\u00e9clar\u00e9 Ndongo Ndiaye sur sa page Instagram.<\/p>\n<p>Selon l\u2019ancien international s\u00e9n\u00e9galais, son projet peut \u00eatre consid\u00e9r\u00e9 comme un partenariat pour la paix et la prosp\u00e9rit\u00e9 parce que croyant fermement que \u00ab le d\u00e9veloppement du S\u00e9n\u00e9gal ne d\u00e9pend pas des efforts d\u2019une seule personne. Il doit se mat\u00e9rialiser avec la contribution de plusieurs acteurs, aussi bien politiques, religieux, \u00e9conomiques, que culturels \u00bb. Et ces acteurs doivent partager un m\u00eame id\u00e9al, celui de voir le Senegal prendre son envol \u00bb .<\/p>\n<p>Dans ce partenariat pour la paix et la prosp\u00e9rit\u00e9 \u00ab Jappo Nguir Jam Ak Xeweul \u00bb, le pr\u00e9sident Ndongo Ndiaye pr\u00e9sident appelle les concitoyens, d\u00e9sireux d\u2019un Senegal meilleur, \u00e0 venir se joindre \u00e0 eux pour un S\u00e9n\u00e9gal de Paix et de prosp\u00e9rit\u00e9.<\/p>\n<div class=\"publi-apres-le-contenu\" style=\"margin-top: 10px;margin-bottom: 10px;margin-left: auto;margin-right: auto;text-align: center;\" id=\"publi-2237498588\"><div class=\"publi-adlabel\">Publicit\u00e9<\/div><script async src=\"\/\/pagead2.googlesyndication.com\/pagead\/js\/adsbygoogle.js?client=ca-pub-4089586018074219\" crossorigin=\"anonymous\"><\/script><ins class=\"adsbygoogle\" style=\"display:block;\" data-ad-client=\"ca-pub-4089586018074219\" \ndata-ad-slot=\"2087940154\" \ndata-ad-format=\"auto\"><\/ins>\n<script> \n(adsbygoogle = window.adsbygoogle || []).push({}); \n<\/script>\n<\/div>","protected":false},"excerpt":{"rendered":"<p>Apr\u00e8s avoir quitt\u00e9 en f\u00e9vrier dernier la pr\u00e9sidence et l\u2019Alliance pour la R\u00e9publique, l\u2019ancien conseiller sp\u00e9cial de Macky Sall charg\u00e9 de la jeunesse et du sport compte participer \u00e0 l\u2019\u00e9lection pr\u00e9sidentielle du 2024. \u00ab Chers compatriotes, je vous annonce ma candidature \u00e0 l\u2019\u00e9lection pr\u00e9sidentielle de f\u00e9vrier 2024. Je tends la main \u00e0 toutes les s\u00e9n\u00e9galaises et \u00e0 tous les s\u00e9n\u00e9galais, pour qu\u2019ensemble, nous puissions construire un S\u00e9n\u00e9gal nouveau, un S\u00e9n\u00e9gal de paix et de prosp\u00e9rit\u00e9 : reewum Jamm ak Xewel \u00bb a d\u00e9clar\u00e9 Ndongo Ndiaye sur sa page Instagram. Selon l\u2019ancien international s\u00e9n\u00e9galais, son projet peut \u00eatre consid\u00e9r\u00e9 comme un partenariat pour la paix et la prosp\u00e9rit\u00e9 parce que croyant fermement que \u00ab le d\u00e9veloppement du S\u00e9n\u00e9gal ne d\u00e9pend pas des efforts d\u2019une seule personne. Il doit se mat\u00e9rialiser avec la contribution de plusieurs acteurs, aussi bien politiques, religieux, \u00e9conomiques, que culturels \u00bb. Et ces acteurs doivent partager un m\u00eame id\u00e9al, celui de voir le Senegal prendre son envol \u00bb . Dans ce partenariat pour la paix et la prosp\u00e9rit\u00e9 \u00ab Jappo Nguir Jam Ak Xeweul \u00bb, le pr\u00e9sident Ndongo Ndiaye pr\u00e9sident appelle les concitoyens, d\u00e9sireux d\u2019un Senegal meilleur, \u00e0 venir se joindre \u00e0 eux pour un S\u00e9n\u00e9gal de Paix et de prosp\u00e9rit\u00e9.<\/p>\n","protected":false},"author":7,"featured_media":19041,"comment_status":"open","ping_status":"open","sticky":false,"template":"","format":"standard","meta":{"_jetpack_memberships_contains_paid_content":false,"footnotes":""},"categories":[375,3,1,4],"tags":[2307,5005,20],"class_list":["post-19040","post","type-post","status-publish","format-standard","has-post-thumbnail","hentry","category-actualites","category-politique","category-non-classe","category-societe","tag-candidat","tag-ndongo-ndiaye","tag-presidentielle-2024","entry","has-media","owp-thumbs-layout-horizontal","owp-btn-normal","owp-tabs-layout-horizontal","has-no-thumbnails","has-product-nav"],"yoast_head":"<!-- This site is optimized with the Yoast SEO plugin v25.5 - https:\/\/yoast.com\/wordpress\/plugins\/seo\/ -->\n<title>Pr\u00e9sidentielle 2024: Ndongo Ndiaye d\u00e9clare sa candidature - LE PUBLIC<\/title>\n<meta name=\"robots\" content=\"index, follow, max-snippet:-1, max-image-preview:large, max-video-preview:-1\" \/>\n<link rel=\"canonical\" href=\"https:\/\/www.public.sn\/index.php\/2023\/03\/30\/presidentielle-2024-ndongo-ndiaye-declare-sa-candidature\/\" \/>\n<meta property=\"og:locale\" content=\"fr_FR\" \/>\n<meta property=\"og:type\" content=\"article\" \/>\n<meta property=\"og:title\" content=\"Pr\u00e9sidentielle 2024: Ndongo Ndiaye d\u00e9clare sa candidature - LE PUBLIC\" \/>\n<meta property=\"og:description\" content=\"Apr\u00e8s avoir quitt\u00e9 en f\u00e9vrier dernier la pr\u00e9sidence et l\u2019Alliance pour la R\u00e9publique, l\u2019ancien conseiller sp\u00e9cial de Macky Sall charg\u00e9 de la jeunesse et du sport compte participer \u00e0 l\u2019\u00e9lection pr\u00e9sidentielle du 2024. \u00ab Chers compatriotes, je vous annonce ma candidature \u00e0 l\u2019\u00e9lection pr\u00e9sidentielle de f\u00e9vrier 2024. Je tends la main \u00e0 toutes les s\u00e9n\u00e9galaises et \u00e0 tous les s\u00e9n\u00e9galais, pour qu\u2019ensemble, nous puissions construire un S\u00e9n\u00e9gal nouveau, un S\u00e9n\u00e9gal de paix et de prosp\u00e9rit\u00e9 : reewum Jamm ak Xewel \u00bb a d\u00e9clar\u00e9 Ndongo Ndiaye sur sa page Instagram. Selon l\u2019ancien international s\u00e9n\u00e9galais, son projet peut \u00eatre consid\u00e9r\u00e9 comme un partenariat pour la paix et la prosp\u00e9rit\u00e9 parce que croyant fermement que \u00ab le d\u00e9veloppement du S\u00e9n\u00e9gal ne d\u00e9pend pas des efforts d\u2019une seule personne. Il doit se mat\u00e9rialiser avec la contribution de plusieurs acteurs, aussi bien politiques, religieux, \u00e9conomiques, que culturels \u00bb. Et ces acteurs doivent partager un m\u00eame id\u00e9al, celui de voir le Senegal prendre son envol \u00bb . Dans ce partenariat pour la paix et la prosp\u00e9rit\u00e9 \u00ab Jappo Nguir Jam Ak Xeweul \u00bb, le pr\u00e9sident Ndongo Ndiaye pr\u00e9sident appelle les concitoyens, d\u00e9sireux d\u2019un Senegal meilleur, \u00e0 venir se joindre \u00e0 eux pour un S\u00e9n\u00e9gal de Paix et de prosp\u00e9rit\u00e9.\" \/>\n<meta property=\"og:url\" content=\"https:\/\/www.public.sn\/index.php\/2023\/03\/30\/presidentielle-2024-ndongo-ndiaye-declare-sa-candidature\/\" \/>\n<meta property=\"og:site_name\" content=\"LE PUBLIC\" \/>\n<meta property=\"article:published_time\" content=\"2023-03-30T07:47:53+00:00\" \/>\n<meta property=\"og:image\" content=\"https:\/\/www.public.sn\/wp-content\/uploads\/2023\/03\/5944BFAD-897B-4150-8107-675A6E6FA2B8.jpeg\" \/>\n\t<meta property=\"og:image:width\" content=\"855\" \/>\n\t<meta property=\"og:image:height\" content=\"1187\" \/>\n\t<meta property=\"og:image:type\" content=\"image\/jpeg\" \/>\n<meta name=\"author\" content=\"LA REDACTION\" \/>\n<meta name=\"twitter:card\" content=\"summary_large_image\" \/>\n<meta name=\"twitter:label1\" content=\"\u00c9crit par\" \/>\n\t<meta name=\"twitter:data1\" content=\"LA REDACTION\" \/>\n\t<meta name=\"twitter:label2\" content=\"Dur\u00e9e de lecture estim\u00e9e\" \/>\n\t<meta name=\"twitter:data2\" content=\"1 minute\" \/>\n<script type=\"application\/ld+json\" class=\"yoast-schema-graph\">{\"@context\":\"https:\/\/schema.org\",\"@graph\":[{\"@type\":\"Article\",\"@id\":\"https:\/\/www.public.sn\/index.php\/2023\/03\/30\/presidentielle-2024-ndongo-ndiaye-declare-sa-candidature\/#article\",\"isPartOf\":{\"@id\":\"https:\/\/www.public.sn\/index.php\/2023\/03\/30\/presidentielle-2024-ndongo-ndiaye-declare-sa-candidature\/\"},\"author\":{\"name\":\"LA REDACTION\",\"@id\":\"https:\/\/www.public.sn\/#\/schema\/person\/cb76c8e1b8becc6be61fb5e92d6d0224\"},\"headline\":\"Pr\u00e9sidentielle 2024: Ndongo Ndiaye d\u00e9clare sa candidature\",\"datePublished\":\"2023-03-30T07:47:53+00:00\",\"mainEntityOfPage\":{\"@id\":\"https:\/\/www.public.sn\/index.php\/2023\/03\/30\/presidentielle-2024-ndongo-ndiaye-declare-sa-candidature\/\"},\"wordCount\":238,\"commentCount\":0,\"publisher\":{\"@id\":\"https:\/\/www.public.sn\/#organization\"},\"image\":{\"@id\":\"https:\/\/www.public.sn\/index.php\/2023\/03\/30\/presidentielle-2024-ndongo-ndiaye-declare-sa-candidature\/#primaryimage\"},\"thumbnailUrl\":\"https:\/\/www.public.sn\/wp-content\/uploads\/2023\/03\/5944BFAD-897B-4150-8107-675A6E6FA2B8.jpeg\",\"keywords\":[\"candidat\",\"Ndongo Ndiaye\",\"Pr\u00e9sidentielle 2024\"],\"articleSection\":[\"ACTUALIT\u00c9S\",\"POLITIQUE\",\"S\u00c9N\u00c9GAL\",\"SOCIETE\"],\"inLanguage\":\"fr-FR\",\"potentialAction\":[{\"@type\":\"CommentAction\",\"name\":\"Comment\",\"target\":[\"https:\/\/www.public.sn\/index.php\/2023\/03\/30\/presidentielle-2024-ndongo-ndiaye-declare-sa-candidature\/#respond\"]}]},{\"@type\":\"WebPage\",\"@id\":\"https:\/\/www.public.sn\/index.php\/2023\/03\/30\/presidentielle-2024-ndongo-ndiaye-declare-sa-candidature\/\",\"url\":\"https:\/\/www.public.sn\/index.php\/2023\/03\/30\/presidentielle-2024-ndongo-ndiaye-declare-sa-candidature\/\",\"name\":\"Pr\u00e9sidentielle 2024: Ndongo Ndiaye d\u00e9clare sa candidature - LE PUBLIC\",\"isPartOf\":{\"@id\":\"https:\/\/www.public.sn\/#website\"},\"primaryImageOfPage\":{\"@id\":\"https:\/\/www.public.sn\/index.php\/2023\/03\/30\/presidentielle-2024-ndongo-ndiaye-declare-sa-candidature\/#primaryimage\"},\"image\":{\"@id\":\"https:\/\/www.public.sn\/index.php\/2023\/03\/30\/presidentielle-2024-ndongo-ndiaye-declare-sa-candidature\/#primaryimage\"},\"thumbnailUrl\":\"https:\/\/www.public.sn\/wp-content\/uploads\/2023\/03\/5944BFAD-897B-4150-8107-675A6E6FA2B8.jpeg\",\"datePublished\":\"2023-03-30T07:47:53+00:00\",\"breadcrumb\":{\"@id\":\"https:\/\/www.public.sn\/index.php\/2023\/03\/30\/presidentielle-2024-ndongo-ndiaye-declare-sa-candidature\/#breadcrumb\"},\"inLanguage\":\"fr-FR\",\"potentialAction\":[{\"@type\":\"ReadAction\",\"target\":[\"https:\/\/www.public.sn\/index.php\/2023\/03\/30\/presidentielle-2024-ndongo-ndiaye-declare-sa-candidature\/\"]}]},{\"@type\":\"ImageObject\",\"inLanguage\":\"fr-FR\",\"@id\":\"https:\/\/www.public.sn\/index.php\/2023\/03\/30\/presidentielle-2024-ndongo-ndiaye-declare-sa-candidature\/#primaryimage\",\"url\":\"https:\/\/www.public.sn\/wp-content\/uploads\/2023\/03\/5944BFAD-897B-4150-8107-675A6E6FA2B8.jpeg\",\"contentUrl\":\"https:\/\/www.public.sn\/wp-content\/uploads\/2023\/03\/5944BFAD-897B-4150-8107-675A6E6FA2B8.jpeg\",\"width\":855,\"height\":1187},{\"@type\":\"BreadcrumbList\",\"@id\":\"https:\/\/www.public.sn\/index.php\/2023\/03\/30\/presidentielle-2024-ndongo-ndiaye-declare-sa-candidature\/#breadcrumb\",\"itemListElement\":[{\"@type\":\"ListItem\",\"position\":1,\"name\":\"Accueil\",\"item\":\"https:\/\/www.public.sn\/\"},{\"@type\":\"ListItem\",\"position\":2,\"name\":\"Pr\u00e9sidentielle 2024: Ndongo Ndiaye d\u00e9clare sa candidature\"}]},{\"@type\":\"WebSite\",\"@id\":\"https:\/\/www.public.sn\/#website\",\"url\":\"https:\/\/www.public.sn\/\",\"name\":\"LE PUBLIC\",\"description\":\"\",\"publisher\":{\"@id\":\"https:\/\/www.public.sn\/#organization\"},\"potentialAction\":[{\"@type\":\"SearchAction\",\"target\":{\"@type\":\"EntryPoint\",\"urlTemplate\":\"https:\/\/www.public.sn\/?s={search_term_string}\"},\"query-input\":{\"@type\":\"PropertyValueSpecification\",\"valueRequired\":true,\"valueName\":\"search_term_string\"}}],\"inLanguage\":\"fr-FR\"},{\"@type\":\"Organization\",\"@id\":\"https:\/\/www.public.sn\/#organization\",\"name\":\"LE PUBLIC\",\"url\":\"https:\/\/www.public.sn\/\",\"logo\":{\"@type\":\"ImageObject\",\"inLanguage\":\"fr-FR\",\"@id\":\"https:\/\/www.public.sn\/#\/schema\/logo\/image\/\",\"url\":\"https:\/\/www.public.sn\/wp-content\/uploads\/2024\/05\/cropped-LOGO-PUBLIC.SN_.png\",\"contentUrl\":\"https:\/\/www.public.sn\/wp-content\/uploads\/2024\/05\/cropped-LOGO-PUBLIC.SN_.png\",\"width\":682,\"height\":192,\"caption\":\"LE PUBLIC\"},\"image\":{\"@id\":\"https:\/\/www.public.sn\/#\/schema\/logo\/image\/\"}},{\"@type\":\"Person\",\"@id\":\"https:\/\/www.public.sn\/#\/schema\/person\/cb76c8e1b8becc6be61fb5e92d6d0224\",\"name\":\"LA REDACTION\",\"image\":{\"@type\":\"ImageObject\",\"inLanguage\":\"fr-FR\",\"@id\":\"https:\/\/www.public.sn\/#\/schema\/person\/image\/\",\"url\":\"https:\/\/secure.gravatar.com\/avatar\/2dce5ddd34b8fef0180efe03aa2a9bee7d953856048f9a16b298190a3178407c?s=96&d=mm&r=g\",\"contentUrl\":\"https:\/\/secure.gravatar.com\/avatar\/2dce5ddd34b8fef0180efe03aa2a9bee7d953856048f9a16b298190a3178407c?s=96&d=mm&r=g\",\"caption\":\"LA REDACTION\"},\"url\":\"https:\/\/www.public.sn\/index.php\/author\/editeurpsn\/\"}]}<\/script>\n<!-- \/ Yoast SEO plugin. -->","yoast_head_json":{"title":"Pr\u00e9sidentielle 2024: Ndongo Ndiaye d\u00e9clare sa candidature - LE PUBLIC","robots":{"index":"index","follow":"follow","max-snippet":"max-snippet:-1","max-image-preview":"max-image-preview:large","max-video-preview":"max-video-preview:-1"},"canonical":"https:\/\/www.public.sn\/index.php\/2023\/03\/30\/presidentielle-2024-ndongo-ndiaye-declare-sa-candidature\/","og_locale":"fr_FR","og_type":"article","og_title":"Pr\u00e9sidentielle 2024: Ndongo Ndiaye d\u00e9clare sa candidature - LE PUBLIC","og_description":"Apr\u00e8s avoir quitt\u00e9 en f\u00e9vrier dernier la pr\u00e9sidence et l\u2019Alliance pour la R\u00e9publique, l\u2019ancien conseiller sp\u00e9cial de Macky Sall charg\u00e9 de la jeunesse et du sport compte participer \u00e0 l\u2019\u00e9lection pr\u00e9sidentielle du 2024. \u00ab Chers compatriotes, je vous annonce ma candidature \u00e0 l\u2019\u00e9lection pr\u00e9sidentielle de f\u00e9vrier 2024. Je tends la main \u00e0 toutes les s\u00e9n\u00e9galaises et \u00e0 tous les s\u00e9n\u00e9galais, pour qu\u2019ensemble, nous puissions construire un S\u00e9n\u00e9gal nouveau, un S\u00e9n\u00e9gal de paix et de prosp\u00e9rit\u00e9 : reewum Jamm ak Xewel \u00bb a d\u00e9clar\u00e9 Ndongo Ndiaye sur sa page Instagram. Selon l\u2019ancien international s\u00e9n\u00e9galais, son projet peut \u00eatre consid\u00e9r\u00e9 comme un partenariat pour la paix et la prosp\u00e9rit\u00e9 parce que croyant fermement que \u00ab le d\u00e9veloppement du S\u00e9n\u00e9gal ne d\u00e9pend pas des efforts d\u2019une seule personne. Il doit se mat\u00e9rialiser avec la contribution de plusieurs acteurs, aussi bien politiques, religieux, \u00e9conomiques, que culturels \u00bb. Et ces acteurs doivent partager un m\u00eame id\u00e9al, celui de voir le Senegal prendre son envol \u00bb . Dans ce partenariat pour la paix et la prosp\u00e9rit\u00e9 \u00ab Jappo Nguir Jam Ak Xeweul \u00bb, le pr\u00e9sident Ndongo Ndiaye pr\u00e9sident appelle les concitoyens, d\u00e9sireux d\u2019un Senegal meilleur, \u00e0 venir se joindre \u00e0 eux pour un S\u00e9n\u00e9gal de Paix et de prosp\u00e9rit\u00e9.","og_url":"https:\/\/www.public.sn\/index.php\/2023\/03\/30\/presidentielle-2024-ndongo-ndiaye-declare-sa-candidature\/","og_site_name":"LE PUBLIC","article_published_time":"2023-03-30T07:47:53+00:00","og_image":[{"width":855,"height":1187,"url":"https:\/\/www.public.sn\/wp-content\/uploads\/2023\/03\/5944BFAD-897B-4150-8107-675A6E6FA2B8.jpeg","type":"image\/jpeg"}],"author":"LA REDACTION","twitter_card":"summary_large_image","twitter_misc":{"\u00c9crit par":"LA REDACTION","Dur\u00e9e de lecture estim\u00e9e":"1 minute"},"schema":{"@context":"https:\/\/schema.org","@graph":[{"@type":"Article","@id":"https:\/\/www.public.sn\/index.php\/2023\/03\/30\/presidentielle-2024-ndongo-ndiaye-declare-sa-candidature\/#article","isPartOf":{"@id":"https:\/\/www.public.sn\/index.php\/2023\/03\/30\/presidentielle-2024-ndongo-ndiaye-declare-sa-candidature\/"},"author":{"name":"LA REDACTION","@id":"https:\/\/www.public.sn\/#\/schema\/person\/cb76c8e1b8becc6be61fb5e92d6d0224"},"headline":"Pr\u00e9sidentielle 2024: Ndongo Ndiaye d\u00e9clare sa candidature","datePublished":"2023-03-30T07:47:53+00:00","mainEntityOfPage":{"@id":"https:\/\/www.public.sn\/index.php\/2023\/03\/30\/presidentielle-2024-ndongo-ndiaye-declare-sa-candidature\/"},"wordCount":238,"commentCount":0,"publisher":{"@id":"https:\/\/www.public.sn\/#organization"},"image":{"@id":"https:\/\/www.public.sn\/index.php\/2023\/03\/30\/presidentielle-2024-ndongo-ndiaye-declare-sa-candidature\/#primaryimage"},"thumbnailUrl":"https:\/\/www.public.sn\/wp-content\/uploads\/2023\/03\/5944BFAD-897B-4150-8107-675A6E6FA2B8.jpeg","keywords":["candidat","Ndongo Ndiaye","Pr\u00e9sidentielle 2024"],"articleSection":["ACTUALIT\u00c9S","POLITIQUE","S\u00c9N\u00c9GAL","SOCIETE"],"inLanguage":"fr-FR","potentialAction":[{"@type":"CommentAction","name":"Comment","target":["https:\/\/www.public.sn\/index.php\/2023\/03\/30\/presidentielle-2024-ndongo-ndiaye-declare-sa-candidature\/#respond"]}]},{"@type":"WebPage","@id":"https:\/\/www.public.sn\/index.php\/2023\/03\/30\/presidentielle-2024-ndongo-ndiaye-declare-sa-candidature\/","url":"https:\/\/www.public.sn\/index.php\/2023\/03\/30\/presidentielle-2024-ndongo-ndiaye-declare-sa-candidature\/","name":"Pr\u00e9sidentielle 2024: Ndongo Ndiaye d\u00e9clare sa candidature - LE PUBLIC","isPartOf":{"@id":"https:\/\/www.public.sn\/#website"},"primaryImageOfPage":{"@id":"https:\/\/www.public.sn\/index.php\/2023\/03\/30\/presidentielle-2024-ndongo-ndiaye-declare-sa-candidature\/#primaryimage"},"image":{"@id":"https:\/\/www.public.sn\/index.php\/2023\/03\/30\/presidentielle-2024-ndongo-ndiaye-declare-sa-candidature\/#primaryimage"},"thumbnailUrl":"https:\/\/www.public.sn\/wp-content\/uploads\/2023\/03\/5944BFAD-897B-4150-8107-675A6E6FA2B8.jpeg","datePublished":"2023-03-30T07:47:53+00:00","breadcrumb":{"@id":"https:\/\/www.public.sn\/index.php\/2023\/03\/30\/presidentielle-2024-ndongo-ndiaye-declare-sa-candidature\/#breadcrumb"},"inLanguage":"fr-FR","potentialAction":[{"@type":"ReadAction","target":["https:\/\/www.public.sn\/index.php\/2023\/03\/30\/presidentielle-2024-ndongo-ndiaye-declare-sa-candidature\/"]}]},{"@type":"ImageObject","inLanguage":"fr-FR","@id":"https:\/\/www.public.sn\/index.php\/2023\/03\/30\/presidentielle-2024-ndongo-ndiaye-declare-sa-candidature\/#primaryimage","url":"https:\/\/www.public.sn\/wp-content\/uploads\/2023\/03\/5944BFAD-897B-4150-8107-675A6E6FA2B8.jpeg","contentUrl":"https:\/\/www.public.sn\/wp-content\/uploads\/2023\/03\/5944BFAD-897B-4150-8107-675A6E6FA2B8.jpeg","width":855,"height":1187},{"@type":"BreadcrumbList","@id":"https:\/\/www.public.sn\/index.php\/2023\/03\/30\/presidentielle-2024-ndongo-ndiaye-declare-sa-candidature\/#breadcrumb","itemListElement":[{"@type":"ListItem","position":1,"name":"Accueil","item":"https:\/\/www.public.sn\/"},{"@type":"ListItem","position":2,"name":"Pr\u00e9sidentielle 2024: Ndongo Ndiaye d\u00e9clare sa candidature"}]},{"@type":"WebSite","@id":"https:\/\/www.public.sn\/#website","url":"https:\/\/www.public.sn\/","name":"LE PUBLIC","description":"","publisher":{"@id":"https:\/\/www.public.sn\/#organization"},"potentialAction":[{"@type":"SearchAction","target":{"@type":"EntryPoint","urlTemplate":"https:\/\/www.public.sn\/?s={search_term_string}"},"query-input":{"@type":"PropertyValueSpecification","valueRequired":true,"valueName":"search_term_string"}}],"inLanguage":"fr-FR"},{"@type":"Organization","@id":"https:\/\/www.public.sn\/#organization","name":"LE PUBLIC","url":"https:\/\/www.public.sn\/","logo":{"@type":"ImageObject","inLanguage":"fr-FR","@id":"https:\/\/www.public.sn\/#\/schema\/logo\/image\/","url":"https:\/\/www.public.sn\/wp-content\/uploads\/2024\/05\/cropped-LOGO-PUBLIC.SN_.png","contentUrl":"https:\/\/www.public.sn\/wp-content\/uploads\/2024\/05\/cropped-LOGO-PUBLIC.SN_.png","width":682,"height":192,"caption":"LE PUBLIC"},"image":{"@id":"https:\/\/www.public.sn\/#\/schema\/logo\/image\/"}},{"@type":"Person","@id":"https:\/\/www.public.sn\/#\/schema\/person\/cb76c8e1b8becc6be61fb5e92d6d0224","name":"LA REDACTION","image":{"@type":"ImageObject","inLanguage":"fr-FR","@id":"https:\/\/www.public.sn\/#\/schema\/person\/image\/","url":"https:\/\/secure.gravatar.com\/avatar\/2dce5ddd34b8fef0180efe03aa2a9bee7d953856048f9a16b298190a3178407c?s=96&d=mm&r=g","contentUrl":"https:\/\/secure.gravatar.com\/avatar\/2dce5ddd34b8fef0180efe03aa2a9bee7d953856048f9a16b298190a3178407c?s=96&d=mm&r=g","caption":"LA REDACTION"},"url":"https:\/\/www.public.sn\/index.php\/author\/editeurpsn\/"}]}},"jetpack_featured_media_url":"https:\/\/www.public.sn\/wp-content\/uploads\/2023\/03\/5944BFAD-897B-4150-8107-675A6E6FA2B8.jpeg","jetpack_sharing_enabled":true,"_links":{"self":[{"href":"https:\/\/www.public.sn\/index.php\/wp-json\/wp\/v2\/posts\/19040","targetHints":{"allow":["GET"]}}],"collection":[{"href":"https:\/\/www.public.sn\/index.php\/wp-json\/wp\/v2\/posts"}],"about":[{"href":"https:\/\/www.public.sn\/index.php\/wp-json\/wp\/v2\/types\/post"}],"author":[{"embeddable":true,"href":"https:\/\/www.public.sn\/index.php\/wp-json\/wp\/v2\/users\/7"}],"replies":[{"embeddable":true,"href":"https:\/\/www.public.sn\/index.php\/wp-json\/wp\/v2\/comments?post=19040"}],"version-history":[{"count":1,"href":"https:\/\/www.public.sn\/index.php\/wp-json\/wp\/v2\/posts\/19040\/revisions"}],"predecessor-version":[{"id":19042,"href":"https:\/\/www.public.sn\/index.php\/wp-json\/wp\/v2\/posts\/19040\/revisions\/19042"}],"wp:featuredmedia":[{"embeddable":true,"href":"https:\/\/www.public.sn\/index.php\/wp-json\/wp\/v2\/media\/19041"}],"wp:attachment":[{"href":"https:\/\/www.public.sn\/index.php\/wp-json\/wp\/v2\/media?parent=19040"}],"wp:term":[{"taxonomy":"category","embeddable":true,"href":"https:\/\/www.public.sn\/index.php\/wp-json\/wp\/v2\/categories?post=19040"},{"taxonomy":"post_tag","embeddable":true,"href":"https:\/\/www.public.sn\/index.php\/wp-json\/wp\/v2\/tags?post=19040"}],"curies":[{"name":"wp","href":"https:\/\/api.w.org\/{rel}","templated":true}]}}