{"id":19048,"date":"2023-03-30T08:37:11","date_gmt":"2023-03-30T08:37:11","guid":{"rendered":"https:\/\/www.public.sn\/?p=19048"},"modified":"2023-03-30T08:37:11","modified_gmt":"2023-03-30T08:37:11","slug":"urgent-voici-la-carte-dembarquement-de-branco-juan-qui-confirme-son-expulsion-du-senegal-apres-son-atterrissage-a-laibd","status":"publish","type":"post","link":"https:\/\/www.public.sn\/index.php\/2023\/03\/30\/urgent-voici-la-carte-dembarquement-de-branco-juan-qui-confirme-son-expulsion-du-senegal-apres-son-atterrissage-a-laibd\/","title":{"rendered":"Urgent : Voici la carte d\u2019embarquement de Branco Juan qui confirme son expulsion du S\u00e9n\u00e9gal apr\u00e8s son atterrissage \u00e0 l\u2019AIBD"},"content":{"rendered":"<p><strong>L\u2019avocat de Ousmane Sonko, Branco Juan a \u00e9t\u00e9 expuls\u00e9 du S\u00e9n\u00e9gal apr\u00e8s son atterrissage \u00e0 l\u2019a\u00e9roport international de Blaise Diagne.<\/strong><\/p><div class=\"publi-paragraphe1\" style=\"margin-top: 10px;margin-bottom: 10px;margin-left: auto;margin-right: auto;text-align: center;\" id=\"publi-2023942342\"><div class=\"publi-adlabel\">Publicit\u00e9<\/div><script async src=\"\/\/pagead2.googlesyndication.com\/pagead\/js\/adsbygoogle.js?client=ca-pub-4089586018074219\" crossorigin=\"anonymous\"><\/script><ins class=\"adsbygoogle\" style=\"display:block;\" data-ad-client=\"ca-pub-4089586018074219\" \ndata-ad-slot=\"2087940154\" \ndata-ad-format=\"auto\"><\/ins>\n<script> \n(adsbygoogle = window.adsbygoogle || []).push({}); \n<\/script>\n<\/div>\n<div><\/div>\n<p>Il est somm\u00e9 de reprendre le premier vol \u00e0 destination de Paris.<\/p>\n<p>Cette nouvelle tombe quelques heures apr\u00e8s annonce par le pr\u00e9sident Ousmane SONKO de la suspension d\u2019un de ses avocats, Me Ouseynou Fall, du barreau de l\u2019ordre des avocats.<\/p>\n<p>La carte d\u2019embarquement ci dessous<\/p>\n<p><img fetchpriority=\"high\" decoding=\"async\" class=\"alignnone size-full wp-image-19049\" src=\"https:\/\/www.public.sn\/wp-content\/uploads\/2023\/03\/carte-dembarquement-Juan-Blanco.webp\" alt=\"\" width=\"960\" height=\"540\" srcset=\"https:\/\/www.public.sn\/wp-content\/uploads\/2023\/03\/carte-dembarquement-Juan-Blanco.webp 960w, https:\/\/www.public.sn\/wp-content\/uploads\/2023\/03\/carte-dembarquement-Juan-Blanco-600x338.webp 600w, https:\/\/www.public.sn\/wp-content\/uploads\/2023\/03\/carte-dembarquement-Juan-Blanco-300x169.webp 300w, https:\/\/www.public.sn\/wp-content\/uploads\/2023\/03\/carte-dembarquement-Juan-Blanco-768x432.webp 768w, https:\/\/www.public.sn\/wp-content\/uploads\/2023\/03\/carte-dembarquement-Juan-Blanco-800x450.webp 800w\" sizes=\"(max-width: 960px) 100vw, 960px\" \/><\/p>\n<div class=\"publi-apres-le-contenu\" style=\"margin-top: 10px;margin-bottom: 10px;margin-left: auto;margin-right: auto;text-align: center;\" id=\"publi-451679912\"><div class=\"publi-adlabel\">Publicit\u00e9<\/div><script async src=\"\/\/pagead2.googlesyndication.com\/pagead\/js\/adsbygoogle.js?client=ca-pub-4089586018074219\" crossorigin=\"anonymous\"><\/script><ins class=\"adsbygoogle\" style=\"display:block;\" data-ad-client=\"ca-pub-4089586018074219\" \ndata-ad-slot=\"2087940154\" \ndata-ad-format=\"auto\"><\/ins>\n<script> \n(adsbygoogle = window.adsbygoogle || []).push({}); \n<\/script>\n<\/div>","protected":false},"excerpt":{"rendered":"<p>L\u2019avocat de Ousmane Sonko, Branco Juan a \u00e9t\u00e9 expuls\u00e9 du S\u00e9n\u00e9gal apr\u00e8s son atterrissage \u00e0 l\u2019a\u00e9roport international de Blaise Diagne. Il est somm\u00e9 de reprendre le premier vol \u00e0 destination de Paris. Cette nouvelle tombe quelques heures apr\u00e8s annonce par le pr\u00e9sident Ousmane SONKO de la suspension d\u2019un de ses avocats, Me Ouseynou Fall, du barreau de l\u2019ordre des avocats. La carte d\u2019embarquement ci dessous<\/p>\n","protected":false},"author":7,"featured_media":19050,"comment_status":"open","ping_status":"open","sticky":false,"template":"","format":"standard","meta":{"_jetpack_memberships_contains_paid_content":false,"footnotes":""},"categories":[375,3728,3724,3,376,1,4],"tags":[2022,5009,5008,24],"class_list":["post-19048","post","type-post","status-publish","format-standard","has-post-thumbnail","hentry","category-actualites","category-internationale","category-justice","category-politique","category-securite-justice","category-non-classe","category-societe","tag-avocat","tag-embarquement","tag-juan-branco","tag-justice","entry","has-media","owp-thumbs-layout-horizontal","owp-btn-normal","owp-tabs-layout-horizontal","has-no-thumbnails","has-product-nav"],"yoast_head":"<!-- This site is optimized with the Yoast SEO plugin v25.5 - https:\/\/yoast.com\/wordpress\/plugins\/seo\/ -->\n<title>Urgent : Voici la carte d\u2019embarquement de Branco Juan qui confirme son expulsion du S\u00e9n\u00e9gal apr\u00e8s son atterrissage \u00e0 l\u2019AIBD - LE PUBLIC<\/title>\n<meta name=\"robots\" content=\"index, follow, max-snippet:-1, max-image-preview:large, max-video-preview:-1\" \/>\n<link rel=\"canonical\" href=\"https:\/\/www.public.sn\/index.php\/2023\/03\/30\/urgent-voici-la-carte-dembarquement-de-branco-juan-qui-confirme-son-expulsion-du-senegal-apres-son-atterrissage-a-laibd\/\" \/>\n<meta property=\"og:locale\" content=\"fr_FR\" \/>\n<meta property=\"og:type\" content=\"article\" \/>\n<meta property=\"og:title\" content=\"Urgent : Voici la carte d\u2019embarquement de Branco Juan qui confirme son expulsion du S\u00e9n\u00e9gal apr\u00e8s son atterrissage \u00e0 l\u2019AIBD - LE PUBLIC\" \/>\n<meta property=\"og:description\" content=\"L\u2019avocat de Ousmane Sonko, Branco Juan a \u00e9t\u00e9 expuls\u00e9 du S\u00e9n\u00e9gal apr\u00e8s son atterrissage \u00e0 l\u2019a\u00e9roport international de Blaise Diagne. Il est somm\u00e9 de reprendre le premier vol \u00e0 destination de Paris. Cette nouvelle tombe quelques heures apr\u00e8s annonce par le pr\u00e9sident Ousmane SONKO de la suspension d\u2019un de ses avocats, Me Ouseynou Fall, du barreau de l\u2019ordre des avocats. La carte d\u2019embarquement ci dessous\" \/>\n<meta property=\"og:url\" content=\"https:\/\/www.public.sn\/index.php\/2023\/03\/30\/urgent-voici-la-carte-dembarquement-de-branco-juan-qui-confirme-son-expulsion-du-senegal-apres-son-atterrissage-a-laibd\/\" \/>\n<meta property=\"og:site_name\" content=\"LE PUBLIC\" \/>\n<meta property=\"article:published_time\" content=\"2023-03-30T08:37:11+00:00\" \/>\n<meta property=\"og:image\" content=\"https:\/\/www.public.sn\/wp-content\/uploads\/2023\/03\/Juan-Branco.jpg\" \/>\n\t<meta property=\"og:image:width\" content=\"1256\" \/>\n\t<meta property=\"og:image:height\" content=\"628\" \/>\n\t<meta property=\"og:image:type\" content=\"image\/jpeg\" \/>\n<meta name=\"author\" content=\"LA REDACTION\" \/>\n<meta name=\"twitter:card\" content=\"summary_large_image\" \/>\n<meta name=\"twitter:label1\" content=\"\u00c9crit par\" \/>\n\t<meta name=\"twitter:data1\" content=\"LA REDACTION\" \/>\n\t<meta name=\"twitter:label2\" content=\"Dur\u00e9e de lecture estim\u00e9e\" \/>\n\t<meta name=\"twitter:data2\" content=\"1 minute\" \/>\n<script type=\"application\/ld+json\" class=\"yoast-schema-graph\">{\"@context\":\"https:\/\/schema.org\",\"@graph\":[{\"@type\":\"Article\",\"@id\":\"https:\/\/www.public.sn\/index.php\/2023\/03\/30\/urgent-voici-la-carte-dembarquement-de-branco-juan-qui-confirme-son-expulsion-du-senegal-apres-son-atterrissage-a-laibd\/#article\",\"isPartOf\":{\"@id\":\"https:\/\/www.public.sn\/index.php\/2023\/03\/30\/urgent-voici-la-carte-dembarquement-de-branco-juan-qui-confirme-son-expulsion-du-senegal-apres-son-atterrissage-a-laibd\/\"},\"author\":{\"name\":\"LA REDACTION\",\"@id\":\"https:\/\/www.public.sn\/#\/schema\/person\/cb76c8e1b8becc6be61fb5e92d6d0224\"},\"headline\":\"Urgent : Voici la carte d\u2019embarquement de Branco Juan qui confirme son expulsion du S\u00e9n\u00e9gal apr\u00e8s son atterrissage \u00e0 l\u2019AIBD\",\"datePublished\":\"2023-03-30T08:37:11+00:00\",\"mainEntityOfPage\":{\"@id\":\"https:\/\/www.public.sn\/index.php\/2023\/03\/30\/urgent-voici-la-carte-dembarquement-de-branco-juan-qui-confirme-son-expulsion-du-senegal-apres-son-atterrissage-a-laibd\/\"},\"wordCount\":97,\"commentCount\":0,\"publisher\":{\"@id\":\"https:\/\/www.public.sn\/#organization\"},\"image\":{\"@id\":\"https:\/\/www.public.sn\/index.php\/2023\/03\/30\/urgent-voici-la-carte-dembarquement-de-branco-juan-qui-confirme-son-expulsion-du-senegal-apres-son-atterrissage-a-laibd\/#primaryimage\"},\"thumbnailUrl\":\"https:\/\/www.public.sn\/wp-content\/uploads\/2023\/03\/Juan-Branco.jpg\",\"keywords\":[\"avocat\",\"embarquement\",\"Juan Branco\",\"Justice\"],\"articleSection\":[\"ACTUALIT\u00c9S\",\"internationale\",\"justice\",\"POLITIQUE\",\"S\u00c9CURIT\u00c9 &amp; JUSTICE\",\"S\u00c9N\u00c9GAL\",\"SOCIETE\"],\"inLanguage\":\"fr-FR\",\"potentialAction\":[{\"@type\":\"CommentAction\",\"name\":\"Comment\",\"target\":[\"https:\/\/www.public.sn\/index.php\/2023\/03\/30\/urgent-voici-la-carte-dembarquement-de-branco-juan-qui-confirme-son-expulsion-du-senegal-apres-son-atterrissage-a-laibd\/#respond\"]}]},{\"@type\":\"WebPage\",\"@id\":\"https:\/\/www.public.sn\/index.php\/2023\/03\/30\/urgent-voici-la-carte-dembarquement-de-branco-juan-qui-confirme-son-expulsion-du-senegal-apres-son-atterrissage-a-laibd\/\",\"url\":\"https:\/\/www.public.sn\/index.php\/2023\/03\/30\/urgent-voici-la-carte-dembarquement-de-branco-juan-qui-confirme-son-expulsion-du-senegal-apres-son-atterrissage-a-laibd\/\",\"name\":\"Urgent : Voici la carte d\u2019embarquement de Branco Juan qui confirme son expulsion du S\u00e9n\u00e9gal apr\u00e8s son atterrissage \u00e0 l\u2019AIBD - LE PUBLIC\",\"isPartOf\":{\"@id\":\"https:\/\/www.public.sn\/#website\"},\"primaryImageOfPage\":{\"@id\":\"https:\/\/www.public.sn\/index.php\/2023\/03\/30\/urgent-voici-la-carte-dembarquement-de-branco-juan-qui-confirme-son-expulsion-du-senegal-apres-son-atterrissage-a-laibd\/#primaryimage\"},\"image\":{\"@id\":\"https:\/\/www.public.sn\/index.php\/2023\/03\/30\/urgent-voici-la-carte-dembarquement-de-branco-juan-qui-confirme-son-expulsion-du-senegal-apres-son-atterrissage-a-laibd\/#primaryimage\"},\"thumbnailUrl\":\"https:\/\/www.public.sn\/wp-content\/uploads\/2023\/03\/Juan-Branco.jpg\",\"datePublished\":\"2023-03-30T08:37:11+00:00\",\"breadcrumb\":{\"@id\":\"https:\/\/www.public.sn\/index.php\/2023\/03\/30\/urgent-voici-la-carte-dembarquement-de-branco-juan-qui-confirme-son-expulsion-du-senegal-apres-son-atterrissage-a-laibd\/#breadcrumb\"},\"inLanguage\":\"fr-FR\",\"potentialAction\":[{\"@type\":\"ReadAction\",\"target\":[\"https:\/\/www.public.sn\/index.php\/2023\/03\/30\/urgent-voici-la-carte-dembarquement-de-branco-juan-qui-confirme-son-expulsion-du-senegal-apres-son-atterrissage-a-laibd\/\"]}]},{\"@type\":\"ImageObject\",\"inLanguage\":\"fr-FR\",\"@id\":\"https:\/\/www.public.sn\/index.php\/2023\/03\/30\/urgent-voici-la-carte-dembarquement-de-branco-juan-qui-confirme-son-expulsion-du-senegal-apres-son-atterrissage-a-laibd\/#primaryimage\",\"url\":\"https:\/\/www.public.sn\/wp-content\/uploads\/2023\/03\/Juan-Branco.jpg\",\"contentUrl\":\"https:\/\/www.public.sn\/wp-content\/uploads\/2023\/03\/Juan-Branco.jpg\",\"width\":1256,\"height\":628},{\"@type\":\"BreadcrumbList\",\"@id\":\"https:\/\/www.public.sn\/index.php\/2023\/03\/30\/urgent-voici-la-carte-dembarquement-de-branco-juan-qui-confirme-son-expulsion-du-senegal-apres-son-atterrissage-a-laibd\/#breadcrumb\",\"itemListElement\":[{\"@type\":\"ListItem\",\"position\":1,\"name\":\"Accueil\",\"item\":\"https:\/\/www.public.sn\/\"},{\"@type\":\"ListItem\",\"position\":2,\"name\":\"Urgent : Voici la carte d\u2019embarquement de Branco Juan qui confirme son expulsion du S\u00e9n\u00e9gal apr\u00e8s son atterrissage \u00e0 l\u2019AIBD\"}]},{\"@type\":\"WebSite\",\"@id\":\"https:\/\/www.public.sn\/#website\",\"url\":\"https:\/\/www.public.sn\/\",\"name\":\"LE PUBLIC\",\"description\":\"\",\"publisher\":{\"@id\":\"https:\/\/www.public.sn\/#organization\"},\"potentialAction\":[{\"@type\":\"SearchAction\",\"target\":{\"@type\":\"EntryPoint\",\"urlTemplate\":\"https:\/\/www.public.sn\/?s={search_term_string}\"},\"query-input\":{\"@type\":\"PropertyValueSpecification\",\"valueRequired\":true,\"valueName\":\"search_term_string\"}}],\"inLanguage\":\"fr-FR\"},{\"@type\":\"Organization\",\"@id\":\"https:\/\/www.public.sn\/#organization\",\"name\":\"LE PUBLIC\",\"url\":\"https:\/\/www.public.sn\/\",\"logo\":{\"@type\":\"ImageObject\",\"inLanguage\":\"fr-FR\",\"@id\":\"https:\/\/www.public.sn\/#\/schema\/logo\/image\/\",\"url\":\"https:\/\/www.public.sn\/wp-content\/uploads\/2024\/05\/cropped-LOGO-PUBLIC.SN_.png\",\"contentUrl\":\"https:\/\/www.public.sn\/wp-content\/uploads\/2024\/05\/cropped-LOGO-PUBLIC.SN_.png\",\"width\":682,\"height\":192,\"caption\":\"LE PUBLIC\"},\"image\":{\"@id\":\"https:\/\/www.public.sn\/#\/schema\/logo\/image\/\"}},{\"@type\":\"Person\",\"@id\":\"https:\/\/www.public.sn\/#\/schema\/person\/cb76c8e1b8becc6be61fb5e92d6d0224\",\"name\":\"LA REDACTION\",\"image\":{\"@type\":\"ImageObject\",\"inLanguage\":\"fr-FR\",\"@id\":\"https:\/\/www.public.sn\/#\/schema\/person\/image\/\",\"url\":\"https:\/\/secure.gravatar.com\/avatar\/2dce5ddd34b8fef0180efe03aa2a9bee7d953856048f9a16b298190a3178407c?s=96&d=mm&r=g\",\"contentUrl\":\"https:\/\/secure.gravatar.com\/avatar\/2dce5ddd34b8fef0180efe03aa2a9bee7d953856048f9a16b298190a3178407c?s=96&d=mm&r=g\",\"caption\":\"LA REDACTION\"},\"url\":\"https:\/\/www.public.sn\/index.php\/author\/editeurpsn\/\"}]}<\/script>\n<!-- \/ Yoast SEO plugin. -->","yoast_head_json":{"title":"Urgent : Voici la carte d\u2019embarquement de Branco Juan qui confirme son expulsion du S\u00e9n\u00e9gal apr\u00e8s son atterrissage \u00e0 l\u2019AIBD - LE PUBLIC","robots":{"index":"index","follow":"follow","max-snippet":"max-snippet:-1","max-image-preview":"max-image-preview:large","max-video-preview":"max-video-preview:-1"},"canonical":"https:\/\/www.public.sn\/index.php\/2023\/03\/30\/urgent-voici-la-carte-dembarquement-de-branco-juan-qui-confirme-son-expulsion-du-senegal-apres-son-atterrissage-a-laibd\/","og_locale":"fr_FR","og_type":"article","og_title":"Urgent : Voici la carte d\u2019embarquement de Branco Juan qui confirme son expulsion du S\u00e9n\u00e9gal apr\u00e8s son atterrissage \u00e0 l\u2019AIBD - LE PUBLIC","og_description":"L\u2019avocat de Ousmane Sonko, Branco Juan a \u00e9t\u00e9 expuls\u00e9 du S\u00e9n\u00e9gal apr\u00e8s son atterrissage \u00e0 l\u2019a\u00e9roport international de Blaise Diagne. Il est somm\u00e9 de reprendre le premier vol \u00e0 destination de Paris. Cette nouvelle tombe quelques heures apr\u00e8s annonce par le pr\u00e9sident Ousmane SONKO de la suspension d\u2019un de ses avocats, Me Ouseynou Fall, du barreau de l\u2019ordre des avocats. La carte d\u2019embarquement ci dessous","og_url":"https:\/\/www.public.sn\/index.php\/2023\/03\/30\/urgent-voici-la-carte-dembarquement-de-branco-juan-qui-confirme-son-expulsion-du-senegal-apres-son-atterrissage-a-laibd\/","og_site_name":"LE PUBLIC","article_published_time":"2023-03-30T08:37:11+00:00","og_image":[{"width":1256,"height":628,"url":"https:\/\/www.public.sn\/wp-content\/uploads\/2023\/03\/Juan-Branco.jpg","type":"image\/jpeg"}],"author":"LA REDACTION","twitter_card":"summary_large_image","twitter_misc":{"\u00c9crit par":"LA REDACTION","Dur\u00e9e de lecture estim\u00e9e":"1 minute"},"schema":{"@context":"https:\/\/schema.org","@graph":[{"@type":"Article","@id":"https:\/\/www.public.sn\/index.php\/2023\/03\/30\/urgent-voici-la-carte-dembarquement-de-branco-juan-qui-confirme-son-expulsion-du-senegal-apres-son-atterrissage-a-laibd\/#article","isPartOf":{"@id":"https:\/\/www.public.sn\/index.php\/2023\/03\/30\/urgent-voici-la-carte-dembarquement-de-branco-juan-qui-confirme-son-expulsion-du-senegal-apres-son-atterrissage-a-laibd\/"},"author":{"name":"LA REDACTION","@id":"https:\/\/www.public.sn\/#\/schema\/person\/cb76c8e1b8becc6be61fb5e92d6d0224"},"headline":"Urgent : Voici la carte d\u2019embarquement de Branco Juan qui confirme son expulsion du S\u00e9n\u00e9gal apr\u00e8s son atterrissage \u00e0 l\u2019AIBD","datePublished":"2023-03-30T08:37:11+00:00","mainEntityOfPage":{"@id":"https:\/\/www.public.sn\/index.php\/2023\/03\/30\/urgent-voici-la-carte-dembarquement-de-branco-juan-qui-confirme-son-expulsion-du-senegal-apres-son-atterrissage-a-laibd\/"},"wordCount":97,"commentCount":0,"publisher":{"@id":"https:\/\/www.public.sn\/#organization"},"image":{"@id":"https:\/\/www.public.sn\/index.php\/2023\/03\/30\/urgent-voici-la-carte-dembarquement-de-branco-juan-qui-confirme-son-expulsion-du-senegal-apres-son-atterrissage-a-laibd\/#primaryimage"},"thumbnailUrl":"https:\/\/www.public.sn\/wp-content\/uploads\/2023\/03\/Juan-Branco.jpg","keywords":["avocat","embarquement","Juan Branco","Justice"],"articleSection":["ACTUALIT\u00c9S","internationale","justice","POLITIQUE","S\u00c9CURIT\u00c9 &amp; JUSTICE","S\u00c9N\u00c9GAL","SOCIETE"],"inLanguage":"fr-FR","potentialAction":[{"@type":"CommentAction","name":"Comment","target":["https:\/\/www.public.sn\/index.php\/2023\/03\/30\/urgent-voici-la-carte-dembarquement-de-branco-juan-qui-confirme-son-expulsion-du-senegal-apres-son-atterrissage-a-laibd\/#respond"]}]},{"@type":"WebPage","@id":"https:\/\/www.public.sn\/index.php\/2023\/03\/30\/urgent-voici-la-carte-dembarquement-de-branco-juan-qui-confirme-son-expulsion-du-senegal-apres-son-atterrissage-a-laibd\/","url":"https:\/\/www.public.sn\/index.php\/2023\/03\/30\/urgent-voici-la-carte-dembarquement-de-branco-juan-qui-confirme-son-expulsion-du-senegal-apres-son-atterrissage-a-laibd\/","name":"Urgent : Voici la carte d\u2019embarquement de Branco Juan qui confirme son expulsion du S\u00e9n\u00e9gal apr\u00e8s son atterrissage \u00e0 l\u2019AIBD - LE PUBLIC","isPartOf":{"@id":"https:\/\/www.public.sn\/#website"},"primaryImageOfPage":{"@id":"https:\/\/www.public.sn\/index.php\/2023\/03\/30\/urgent-voici-la-carte-dembarquement-de-branco-juan-qui-confirme-son-expulsion-du-senegal-apres-son-atterrissage-a-laibd\/#primaryimage"},"image":{"@id":"https:\/\/www.public.sn\/index.php\/2023\/03\/30\/urgent-voici-la-carte-dembarquement-de-branco-juan-qui-confirme-son-expulsion-du-senegal-apres-son-atterrissage-a-laibd\/#primaryimage"},"thumbnailUrl":"https:\/\/www.public.sn\/wp-content\/uploads\/2023\/03\/Juan-Branco.jpg","datePublished":"2023-03-30T08:37:11+00:00","breadcrumb":{"@id":"https:\/\/www.public.sn\/index.php\/2023\/03\/30\/urgent-voici-la-carte-dembarquement-de-branco-juan-qui-confirme-son-expulsion-du-senegal-apres-son-atterrissage-a-laibd\/#breadcrumb"},"inLanguage":"fr-FR","potentialAction":[{"@type":"ReadAction","target":["https:\/\/www.public.sn\/index.php\/2023\/03\/30\/urgent-voici-la-carte-dembarquement-de-branco-juan-qui-confirme-son-expulsion-du-senegal-apres-son-atterrissage-a-laibd\/"]}]},{"@type":"ImageObject","inLanguage":"fr-FR","@id":"https:\/\/www.public.sn\/index.php\/2023\/03\/30\/urgent-voici-la-carte-dembarquement-de-branco-juan-qui-confirme-son-expulsion-du-senegal-apres-son-atterrissage-a-laibd\/#primaryimage","url":"https:\/\/www.public.sn\/wp-content\/uploads\/2023\/03\/Juan-Branco.jpg","contentUrl":"https:\/\/www.public.sn\/wp-content\/uploads\/2023\/03\/Juan-Branco.jpg","width":1256,"height":628},{"@type":"BreadcrumbList","@id":"https:\/\/www.public.sn\/index.php\/2023\/03\/30\/urgent-voici-la-carte-dembarquement-de-branco-juan-qui-confirme-son-expulsion-du-senegal-apres-son-atterrissage-a-laibd\/#breadcrumb","itemListElement":[{"@type":"ListItem","position":1,"name":"Accueil","item":"https:\/\/www.public.sn\/"},{"@type":"ListItem","position":2,"name":"Urgent : Voici la carte d\u2019embarquement de Branco Juan qui confirme son expulsion du S\u00e9n\u00e9gal apr\u00e8s son atterrissage \u00e0 l\u2019AIBD"}]},{"@type":"WebSite","@id":"https:\/\/www.public.sn\/#website","url":"https:\/\/www.public.sn\/","name":"LE PUBLIC","description":"","publisher":{"@id":"https:\/\/www.public.sn\/#organization"},"potentialAction":[{"@type":"SearchAction","target":{"@type":"EntryPoint","urlTemplate":"https:\/\/www.public.sn\/?s={search_term_string}"},"query-input":{"@type":"PropertyValueSpecification","valueRequired":true,"valueName":"search_term_string"}}],"inLanguage":"fr-FR"},{"@type":"Organization","@id":"https:\/\/www.public.sn\/#organization","name":"LE PUBLIC","url":"https:\/\/www.public.sn\/","logo":{"@type":"ImageObject","inLanguage":"fr-FR","@id":"https:\/\/www.public.sn\/#\/schema\/logo\/image\/","url":"https:\/\/www.public.sn\/wp-content\/uploads\/2024\/05\/cropped-LOGO-PUBLIC.SN_.png","contentUrl":"https:\/\/www.public.sn\/wp-content\/uploads\/2024\/05\/cropped-LOGO-PUBLIC.SN_.png","width":682,"height":192,"caption":"LE PUBLIC"},"image":{"@id":"https:\/\/www.public.sn\/#\/schema\/logo\/image\/"}},{"@type":"Person","@id":"https:\/\/www.public.sn\/#\/schema\/person\/cb76c8e1b8becc6be61fb5e92d6d0224","name":"LA REDACTION","image":{"@type":"ImageObject","inLanguage":"fr-FR","@id":"https:\/\/www.public.sn\/#\/schema\/person\/image\/","url":"https:\/\/secure.gravatar.com\/avatar\/2dce5ddd34b8fef0180efe03aa2a9bee7d953856048f9a16b298190a3178407c?s=96&d=mm&r=g","contentUrl":"https:\/\/secure.gravatar.com\/avatar\/2dce5ddd34b8fef0180efe03aa2a9bee7d953856048f9a16b298190a3178407c?s=96&d=mm&r=g","caption":"LA REDACTION"},"url":"https:\/\/www.public.sn\/index.php\/author\/editeurpsn\/"}]}},"jetpack_featured_media_url":"https:\/\/www.public.sn\/wp-content\/uploads\/2023\/03\/Juan-Branco.jpg","jetpack_sharing_enabled":true,"_links":{"self":[{"href":"https:\/\/www.public.sn\/index.php\/wp-json\/wp\/v2\/posts\/19048","targetHints":{"allow":["GET"]}}],"collection":[{"href":"https:\/\/www.public.sn\/index.php\/wp-json\/wp\/v2\/posts"}],"about":[{"href":"https:\/\/www.public.sn\/index.php\/wp-json\/wp\/v2\/types\/post"}],"author":[{"embeddable":true,"href":"https:\/\/www.public.sn\/index.php\/wp-json\/wp\/v2\/users\/7"}],"replies":[{"embeddable":true,"href":"https:\/\/www.public.sn\/index.php\/wp-json\/wp\/v2\/comments?post=19048"}],"version-history":[{"count":1,"href":"https:\/\/www.public.sn\/index.php\/wp-json\/wp\/v2\/posts\/19048\/revisions"}],"predecessor-version":[{"id":19051,"href":"https:\/\/www.public.sn\/index.php\/wp-json\/wp\/v2\/posts\/19048\/revisions\/19051"}],"wp:featuredmedia":[{"embeddable":true,"href":"https:\/\/www.public.sn\/index.php\/wp-json\/wp\/v2\/media\/19050"}],"wp:attachment":[{"href":"https:\/\/www.public.sn\/index.php\/wp-json\/wp\/v2\/media?parent=19048"}],"wp:term":[{"taxonomy":"category","embeddable":true,"href":"https:\/\/www.public.sn\/index.php\/wp-json\/wp\/v2\/categories?post=19048"},{"taxonomy":"post_tag","embeddable":true,"href":"https:\/\/www.public.sn\/index.php\/wp-json\/wp\/v2\/tags?post=19048"}],"curies":[{"name":"wp","href":"https:\/\/api.w.org\/{rel}","templated":true}]}}