{"id":1905,"date":"2022-09-13T17:05:26","date_gmt":"2022-09-13T17:05:26","guid":{"rendered":"https:\/\/www.public.sn\/?p=1905"},"modified":"2022-09-13T17:23:39","modified_gmt":"2022-09-13T17:23:39","slug":"abdou-bara-doly-mbacke-sattaque-a-ses-collegues-deputes-du-pouvoir","status":"publish","type":"post","link":"https:\/\/www.public.sn\/index.php\/2022\/09\/13\/abdou-bara-doly-mbacke-sattaque-a-ses-collegues-deputes-du-pouvoir\/","title":{"rendered":"Abdou Bara Doly Mback\u00e9 s&rsquo;attaque \u00e0 ses coll\u00e8gues d\u00e9put\u00e9s du pouvoir."},"content":{"rendered":"\n<p>Abdou Bara Doly Mback\u00e9 s\u2019est livr\u00e9 \u00e0 des diatribes dignes de celles des bornes fontaines. Elle a us\u00e9 de son temps de parole \u00e0 l\u2019Assembl\u00e9e nationale lors du deuxi\u00e8me jour de l\u2019installation du bureau pour s\u2019attaquer ouvertement, vertement \u00e0 ses coll\u00e8gues de Benno Bokk Yakaar. Des termes aussi durs que crus qui auraient certainement fait d\u00e9chanter ceux qui nourrissaient un optimisme b\u00e9at quant \u00e0 une Assembl\u00e9e de rupture. <\/p><div class=\"publi-paragraphe1\" style=\"margin-top: 10px;margin-bottom: 10px;margin-left: auto;margin-right: auto;text-align: center;\" id=\"publi-3138170605\"><div class=\"publi-adlabel\">Publicit\u00e9<\/div><script async src=\"\/\/pagead2.googlesyndication.com\/pagead\/js\/adsbygoogle.js?client=ca-pub-4089586018074219\" crossorigin=\"anonymous\"><\/script><ins class=\"adsbygoogle\" style=\"display:block;\" data-ad-client=\"ca-pub-4089586018074219\" \ndata-ad-slot=\"2087940154\" \ndata-ad-format=\"auto\"><\/ins>\n<script> \n(adsbygoogle = window.adsbygoogle || []).push({}); \n<\/script>\n<\/div>\n\n\n\n<p>Extrait vid\u00e9o du d\u00e9put\u00e9 Abdou Bara Doly Mback\u00e9&#8230;<\/p>\n\n\n\n<figure class=\"wp-block-embed is-type-video is-provider-youtube wp-block-embed-youtube wp-embed-aspect-16-9 wp-has-aspect-ratio\"><div class=\"wp-block-embed__wrapper\">\n<p class=\"responsive-video-wrap clr\"><iframe title=\"Bara Doly Mback\u00e9 aux d\u00e9put\u00e9s de Benno &quot;Amna gnou fi nekone di saga di khast\u00e9 tay fatounaniou moy...&quot;\" width=\"1200\" height=\"675\" src=\"https:\/\/www.youtube.com\/embed\/BwQi9fTeIFE?feature=oembed\" frameborder=\"0\" allow=\"accelerometer; autoplay; clipboard-write; encrypted-media; gyroscope; picture-in-picture\" allowfullscreen title=\"Bara Doly Mback\u00e9 aux d\u00e9put\u00e9s de Benno \"Amna gnou fi nekone di saga di khast\u00e9 tay fatounaniou moy...\"\"><\/iframe><\/p>\n<\/div><\/figure>\n<div class=\"publi-apres-le-contenu\" style=\"margin-top: 10px;margin-bottom: 10px;margin-left: auto;margin-right: auto;text-align: center;\" id=\"publi-3251829140\"><div class=\"publi-adlabel\">Publicit\u00e9<\/div><script async src=\"\/\/pagead2.googlesyndication.com\/pagead\/js\/adsbygoogle.js?client=ca-pub-4089586018074219\" crossorigin=\"anonymous\"><\/script><ins class=\"adsbygoogle\" style=\"display:block;\" data-ad-client=\"ca-pub-4089586018074219\" \ndata-ad-slot=\"2087940154\" \ndata-ad-format=\"auto\"><\/ins>\n<script> \n(adsbygoogle = window.adsbygoogle || []).push({}); \n<\/script>\n<\/div>","protected":false},"excerpt":{"rendered":"<p>Abdou Bara Doly Mback\u00e9 s\u2019est livr\u00e9 \u00e0 des diatribes dignes de celles des bornes fontaines. Elle a us\u00e9 de son temps de parole \u00e0 l\u2019Assembl\u00e9e nationale lors du deuxi\u00e8me jour de l\u2019installation du bureau pour s\u2019attaquer ouvertement, vertement \u00e0 ses coll\u00e8gues de Benno Bokk Yakaar. Des termes aussi durs que crus qui auraient certainement fait d\u00e9chanter ceux qui nourrissaient un optimisme b\u00e9at quant \u00e0 une Assembl\u00e9e de rupture. Extrait vid\u00e9o du d\u00e9put\u00e9 Abdou Bara Doly Mback\u00e9&#8230;<\/p>\n","protected":false},"author":1,"featured_media":1906,"comment_status":"open","ping_status":"open","sticky":false,"template":"","format":"standard","meta":{"_jetpack_memberships_contains_paid_content":false,"footnotes":""},"categories":[1],"tags":[734,479,300,301],"class_list":["post-1905","post","type-post","status-publish","format-standard","has-post-thumbnail","hentry","category-non-classe","tag-bara-doly-mbacke","tag-benno","tag-wallu","tag-yewwi","entry","has-media","owp-thumbs-layout-horizontal","owp-btn-normal","owp-tabs-layout-horizontal","has-no-thumbnails","has-product-nav"],"yoast_head":"<!-- This site is optimized with the Yoast SEO plugin v25.5 - https:\/\/yoast.com\/wordpress\/plugins\/seo\/ -->\n<title>Abdou Bara Doly Mback\u00e9 s&#039;attaque \u00e0 ses coll\u00e8gues d\u00e9put\u00e9s du pouvoir. - LE PUBLIC<\/title>\n<meta name=\"robots\" content=\"index, follow, max-snippet:-1, max-image-preview:large, max-video-preview:-1\" \/>\n<link rel=\"canonical\" href=\"https:\/\/www.public.sn\/index.php\/2022\/09\/13\/abdou-bara-doly-mbacke-sattaque-a-ses-collegues-deputes-du-pouvoir\/\" \/>\n<meta property=\"og:locale\" content=\"fr_FR\" \/>\n<meta property=\"og:type\" content=\"article\" \/>\n<meta property=\"og:title\" content=\"Abdou Bara Doly Mback\u00e9 s&#039;attaque \u00e0 ses coll\u00e8gues d\u00e9put\u00e9s du pouvoir. - LE PUBLIC\" \/>\n<meta property=\"og:description\" content=\"Abdou Bara Doly Mback\u00e9 s\u2019est livr\u00e9 \u00e0 des diatribes dignes de celles des bornes fontaines. Elle a us\u00e9 de son temps de parole \u00e0 l\u2019Assembl\u00e9e nationale lors du deuxi\u00e8me jour de l\u2019installation du bureau pour s\u2019attaquer ouvertement, vertement \u00e0 ses coll\u00e8gues de Benno Bokk Yakaar. Des termes aussi durs que crus qui auraient certainement fait d\u00e9chanter ceux qui nourrissaient un optimisme b\u00e9at quant \u00e0 une Assembl\u00e9e de rupture. Extrait vid\u00e9o du d\u00e9put\u00e9 Abdou Bara Doly Mback\u00e9&#8230;\" \/>\n<meta property=\"og:url\" content=\"https:\/\/www.public.sn\/index.php\/2022\/09\/13\/abdou-bara-doly-mbacke-sattaque-a-ses-collegues-deputes-du-pouvoir\/\" \/>\n<meta property=\"og:site_name\" content=\"LE PUBLIC\" \/>\n<meta property=\"article:published_time\" content=\"2022-09-13T17:05:26+00:00\" \/>\n<meta property=\"article:modified_time\" content=\"2022-09-13T17:23:39+00:00\" \/>\n<meta property=\"og:image\" content=\"https:\/\/www.public.sn\/wp-content\/uploads\/2022\/09\/9320770C-0893-46F8-ABE2-2910BEEB3740.jpeg\" \/>\n\t<meta property=\"og:image:width\" content=\"1125\" \/>\n\t<meta property=\"og:image:height\" content=\"619\" \/>\n\t<meta property=\"og:image:type\" content=\"image\/jpeg\" \/>\n<meta name=\"author\" content=\"LA REDACTION\" \/>\n<meta name=\"twitter:card\" content=\"summary_large_image\" \/>\n<meta name=\"twitter:label1\" content=\"\u00c9crit par\" \/>\n\t<meta name=\"twitter:data1\" content=\"LA REDACTION\" \/>\n\t<meta name=\"twitter:label2\" content=\"Dur\u00e9e de lecture estim\u00e9e\" \/>\n\t<meta name=\"twitter:data2\" content=\"1 minute\" \/>\n<script type=\"application\/ld+json\" class=\"yoast-schema-graph\">{\"@context\":\"https:\/\/schema.org\",\"@graph\":[{\"@type\":\"Article\",\"@id\":\"https:\/\/www.public.sn\/index.php\/2022\/09\/13\/abdou-bara-doly-mbacke-sattaque-a-ses-collegues-deputes-du-pouvoir\/#article\",\"isPartOf\":{\"@id\":\"https:\/\/www.public.sn\/index.php\/2022\/09\/13\/abdou-bara-doly-mbacke-sattaque-a-ses-collegues-deputes-du-pouvoir\/\"},\"author\":{\"name\":\"LA REDACTION\",\"@id\":\"https:\/\/www.public.sn\/#\/schema\/person\/e3f4a11b037d4203902db148f9bc8d5a\"},\"headline\":\"Abdou Bara Doly Mback\u00e9 s&rsquo;attaque \u00e0 ses coll\u00e8gues d\u00e9put\u00e9s du pouvoir.\",\"datePublished\":\"2022-09-13T17:05:26+00:00\",\"dateModified\":\"2022-09-13T17:23:39+00:00\",\"mainEntityOfPage\":{\"@id\":\"https:\/\/www.public.sn\/index.php\/2022\/09\/13\/abdou-bara-doly-mbacke-sattaque-a-ses-collegues-deputes-du-pouvoir\/\"},\"wordCount\":102,\"commentCount\":0,\"publisher\":{\"@id\":\"https:\/\/www.public.sn\/#organization\"},\"image\":{\"@id\":\"https:\/\/www.public.sn\/index.php\/2022\/09\/13\/abdou-bara-doly-mbacke-sattaque-a-ses-collegues-deputes-du-pouvoir\/#primaryimage\"},\"thumbnailUrl\":\"https:\/\/www.public.sn\/wp-content\/uploads\/2022\/09\/9320770C-0893-46F8-ABE2-2910BEEB3740.jpeg\",\"keywords\":[\"Bara Doly Mback\u00e9\",\"Benno\",\"Wallu\",\"Yewwi\"],\"articleSection\":[\"S\u00c9N\u00c9GAL\"],\"inLanguage\":\"fr-FR\",\"potentialAction\":[{\"@type\":\"CommentAction\",\"name\":\"Comment\",\"target\":[\"https:\/\/www.public.sn\/index.php\/2022\/09\/13\/abdou-bara-doly-mbacke-sattaque-a-ses-collegues-deputes-du-pouvoir\/#respond\"]}]},{\"@type\":\"WebPage\",\"@id\":\"https:\/\/www.public.sn\/index.php\/2022\/09\/13\/abdou-bara-doly-mbacke-sattaque-a-ses-collegues-deputes-du-pouvoir\/\",\"url\":\"https:\/\/www.public.sn\/index.php\/2022\/09\/13\/abdou-bara-doly-mbacke-sattaque-a-ses-collegues-deputes-du-pouvoir\/\",\"name\":\"Abdou Bara Doly Mback\u00e9 s'attaque \u00e0 ses coll\u00e8gues d\u00e9put\u00e9s du pouvoir. - LE PUBLIC\",\"isPartOf\":{\"@id\":\"https:\/\/www.public.sn\/#website\"},\"primaryImageOfPage\":{\"@id\":\"https:\/\/www.public.sn\/index.php\/2022\/09\/13\/abdou-bara-doly-mbacke-sattaque-a-ses-collegues-deputes-du-pouvoir\/#primaryimage\"},\"image\":{\"@id\":\"https:\/\/www.public.sn\/index.php\/2022\/09\/13\/abdou-bara-doly-mbacke-sattaque-a-ses-collegues-deputes-du-pouvoir\/#primaryimage\"},\"thumbnailUrl\":\"https:\/\/www.public.sn\/wp-content\/uploads\/2022\/09\/9320770C-0893-46F8-ABE2-2910BEEB3740.jpeg\",\"datePublished\":\"2022-09-13T17:05:26+00:00\",\"dateModified\":\"2022-09-13T17:23:39+00:00\",\"breadcrumb\":{\"@id\":\"https:\/\/www.public.sn\/index.php\/2022\/09\/13\/abdou-bara-doly-mbacke-sattaque-a-ses-collegues-deputes-du-pouvoir\/#breadcrumb\"},\"inLanguage\":\"fr-FR\",\"potentialAction\":[{\"@type\":\"ReadAction\",\"target\":[\"https:\/\/www.public.sn\/index.php\/2022\/09\/13\/abdou-bara-doly-mbacke-sattaque-a-ses-collegues-deputes-du-pouvoir\/\"]}]},{\"@type\":\"ImageObject\",\"inLanguage\":\"fr-FR\",\"@id\":\"https:\/\/www.public.sn\/index.php\/2022\/09\/13\/abdou-bara-doly-mbacke-sattaque-a-ses-collegues-deputes-du-pouvoir\/#primaryimage\",\"url\":\"https:\/\/www.public.sn\/wp-content\/uploads\/2022\/09\/9320770C-0893-46F8-ABE2-2910BEEB3740.jpeg\",\"contentUrl\":\"https:\/\/www.public.sn\/wp-content\/uploads\/2022\/09\/9320770C-0893-46F8-ABE2-2910BEEB3740.jpeg\",\"width\":1125,\"height\":619},{\"@type\":\"BreadcrumbList\",\"@id\":\"https:\/\/www.public.sn\/index.php\/2022\/09\/13\/abdou-bara-doly-mbacke-sattaque-a-ses-collegues-deputes-du-pouvoir\/#breadcrumb\",\"itemListElement\":[{\"@type\":\"ListItem\",\"position\":1,\"name\":\"Accueil\",\"item\":\"https:\/\/www.public.sn\/\"},{\"@type\":\"ListItem\",\"position\":2,\"name\":\"Abdou Bara Doly Mback\u00e9 s&rsquo;attaque \u00e0 ses coll\u00e8gues d\u00e9put\u00e9s du pouvoir.\"}]},{\"@type\":\"WebSite\",\"@id\":\"https:\/\/www.public.sn\/#website\",\"url\":\"https:\/\/www.public.sn\/\",\"name\":\"LE PUBLIC\",\"description\":\"\",\"publisher\":{\"@id\":\"https:\/\/www.public.sn\/#organization\"},\"potentialAction\":[{\"@type\":\"SearchAction\",\"target\":{\"@type\":\"EntryPoint\",\"urlTemplate\":\"https:\/\/www.public.sn\/?s={search_term_string}\"},\"query-input\":{\"@type\":\"PropertyValueSpecification\",\"valueRequired\":true,\"valueName\":\"search_term_string\"}}],\"inLanguage\":\"fr-FR\"},{\"@type\":\"Organization\",\"@id\":\"https:\/\/www.public.sn\/#organization\",\"name\":\"LE PUBLIC\",\"url\":\"https:\/\/www.public.sn\/\",\"logo\":{\"@type\":\"ImageObject\",\"inLanguage\":\"fr-FR\",\"@id\":\"https:\/\/www.public.sn\/#\/schema\/logo\/image\/\",\"url\":\"https:\/\/www.public.sn\/wp-content\/uploads\/2024\/05\/cropped-LOGO-PUBLIC.SN_.png\",\"contentUrl\":\"https:\/\/www.public.sn\/wp-content\/uploads\/2024\/05\/cropped-LOGO-PUBLIC.SN_.png\",\"width\":682,\"height\":192,\"caption\":\"LE PUBLIC\"},\"image\":{\"@id\":\"https:\/\/www.public.sn\/#\/schema\/logo\/image\/\"}},{\"@type\":\"Person\",\"@id\":\"https:\/\/www.public.sn\/#\/schema\/person\/e3f4a11b037d4203902db148f9bc8d5a\",\"name\":\"LA REDACTION\",\"image\":{\"@type\":\"ImageObject\",\"inLanguage\":\"fr-FR\",\"@id\":\"https:\/\/www.public.sn\/#\/schema\/person\/image\/\",\"url\":\"https:\/\/secure.gravatar.com\/avatar\/d6c030db45db2883c075085c5d6c6258654a801a93766b49af0b82d4f454e2a5?s=96&d=mm&r=g\",\"contentUrl\":\"https:\/\/secure.gravatar.com\/avatar\/d6c030db45db2883c075085c5d6c6258654a801a93766b49af0b82d4f454e2a5?s=96&d=mm&r=g\",\"caption\":\"LA REDACTION\"},\"sameAs\":[\"http:\/\/www.public.sn\"],\"url\":\"https:\/\/www.public.sn\/index.php\/author\/admin7324\/\"}]}<\/script>\n<!-- \/ Yoast SEO plugin. -->","yoast_head_json":{"title":"Abdou Bara Doly Mback\u00e9 s'attaque \u00e0 ses coll\u00e8gues d\u00e9put\u00e9s du pouvoir. - LE PUBLIC","robots":{"index":"index","follow":"follow","max-snippet":"max-snippet:-1","max-image-preview":"max-image-preview:large","max-video-preview":"max-video-preview:-1"},"canonical":"https:\/\/www.public.sn\/index.php\/2022\/09\/13\/abdou-bara-doly-mbacke-sattaque-a-ses-collegues-deputes-du-pouvoir\/","og_locale":"fr_FR","og_type":"article","og_title":"Abdou Bara Doly Mback\u00e9 s'attaque \u00e0 ses coll\u00e8gues d\u00e9put\u00e9s du pouvoir. - LE PUBLIC","og_description":"Abdou Bara Doly Mback\u00e9 s\u2019est livr\u00e9 \u00e0 des diatribes dignes de celles des bornes fontaines. Elle a us\u00e9 de son temps de parole \u00e0 l\u2019Assembl\u00e9e nationale lors du deuxi\u00e8me jour de l\u2019installation du bureau pour s\u2019attaquer ouvertement, vertement \u00e0 ses coll\u00e8gues de Benno Bokk Yakaar. Des termes aussi durs que crus qui auraient certainement fait d\u00e9chanter ceux qui nourrissaient un optimisme b\u00e9at quant \u00e0 une Assembl\u00e9e de rupture. Extrait vid\u00e9o du d\u00e9put\u00e9 Abdou Bara Doly Mback\u00e9&#8230;","og_url":"https:\/\/www.public.sn\/index.php\/2022\/09\/13\/abdou-bara-doly-mbacke-sattaque-a-ses-collegues-deputes-du-pouvoir\/","og_site_name":"LE PUBLIC","article_published_time":"2022-09-13T17:05:26+00:00","article_modified_time":"2022-09-13T17:23:39+00:00","og_image":[{"width":1125,"height":619,"url":"https:\/\/www.public.sn\/wp-content\/uploads\/2022\/09\/9320770C-0893-46F8-ABE2-2910BEEB3740.jpeg","type":"image\/jpeg"}],"author":"LA REDACTION","twitter_card":"summary_large_image","twitter_misc":{"\u00c9crit par":"LA REDACTION","Dur\u00e9e de lecture estim\u00e9e":"1 minute"},"schema":{"@context":"https:\/\/schema.org","@graph":[{"@type":"Article","@id":"https:\/\/www.public.sn\/index.php\/2022\/09\/13\/abdou-bara-doly-mbacke-sattaque-a-ses-collegues-deputes-du-pouvoir\/#article","isPartOf":{"@id":"https:\/\/www.public.sn\/index.php\/2022\/09\/13\/abdou-bara-doly-mbacke-sattaque-a-ses-collegues-deputes-du-pouvoir\/"},"author":{"name":"LA REDACTION","@id":"https:\/\/www.public.sn\/#\/schema\/person\/e3f4a11b037d4203902db148f9bc8d5a"},"headline":"Abdou Bara Doly Mback\u00e9 s&rsquo;attaque \u00e0 ses coll\u00e8gues d\u00e9put\u00e9s du pouvoir.","datePublished":"2022-09-13T17:05:26+00:00","dateModified":"2022-09-13T17:23:39+00:00","mainEntityOfPage":{"@id":"https:\/\/www.public.sn\/index.php\/2022\/09\/13\/abdou-bara-doly-mbacke-sattaque-a-ses-collegues-deputes-du-pouvoir\/"},"wordCount":102,"commentCount":0,"publisher":{"@id":"https:\/\/www.public.sn\/#organization"},"image":{"@id":"https:\/\/www.public.sn\/index.php\/2022\/09\/13\/abdou-bara-doly-mbacke-sattaque-a-ses-collegues-deputes-du-pouvoir\/#primaryimage"},"thumbnailUrl":"https:\/\/www.public.sn\/wp-content\/uploads\/2022\/09\/9320770C-0893-46F8-ABE2-2910BEEB3740.jpeg","keywords":["Bara Doly Mback\u00e9","Benno","Wallu","Yewwi"],"articleSection":["S\u00c9N\u00c9GAL"],"inLanguage":"fr-FR","potentialAction":[{"@type":"CommentAction","name":"Comment","target":["https:\/\/www.public.sn\/index.php\/2022\/09\/13\/abdou-bara-doly-mbacke-sattaque-a-ses-collegues-deputes-du-pouvoir\/#respond"]}]},{"@type":"WebPage","@id":"https:\/\/www.public.sn\/index.php\/2022\/09\/13\/abdou-bara-doly-mbacke-sattaque-a-ses-collegues-deputes-du-pouvoir\/","url":"https:\/\/www.public.sn\/index.php\/2022\/09\/13\/abdou-bara-doly-mbacke-sattaque-a-ses-collegues-deputes-du-pouvoir\/","name":"Abdou Bara Doly Mback\u00e9 s'attaque \u00e0 ses coll\u00e8gues d\u00e9put\u00e9s du pouvoir. - LE PUBLIC","isPartOf":{"@id":"https:\/\/www.public.sn\/#website"},"primaryImageOfPage":{"@id":"https:\/\/www.public.sn\/index.php\/2022\/09\/13\/abdou-bara-doly-mbacke-sattaque-a-ses-collegues-deputes-du-pouvoir\/#primaryimage"},"image":{"@id":"https:\/\/www.public.sn\/index.php\/2022\/09\/13\/abdou-bara-doly-mbacke-sattaque-a-ses-collegues-deputes-du-pouvoir\/#primaryimage"},"thumbnailUrl":"https:\/\/www.public.sn\/wp-content\/uploads\/2022\/09\/9320770C-0893-46F8-ABE2-2910BEEB3740.jpeg","datePublished":"2022-09-13T17:05:26+00:00","dateModified":"2022-09-13T17:23:39+00:00","breadcrumb":{"@id":"https:\/\/www.public.sn\/index.php\/2022\/09\/13\/abdou-bara-doly-mbacke-sattaque-a-ses-collegues-deputes-du-pouvoir\/#breadcrumb"},"inLanguage":"fr-FR","potentialAction":[{"@type":"ReadAction","target":["https:\/\/www.public.sn\/index.php\/2022\/09\/13\/abdou-bara-doly-mbacke-sattaque-a-ses-collegues-deputes-du-pouvoir\/"]}]},{"@type":"ImageObject","inLanguage":"fr-FR","@id":"https:\/\/www.public.sn\/index.php\/2022\/09\/13\/abdou-bara-doly-mbacke-sattaque-a-ses-collegues-deputes-du-pouvoir\/#primaryimage","url":"https:\/\/www.public.sn\/wp-content\/uploads\/2022\/09\/9320770C-0893-46F8-ABE2-2910BEEB3740.jpeg","contentUrl":"https:\/\/www.public.sn\/wp-content\/uploads\/2022\/09\/9320770C-0893-46F8-ABE2-2910BEEB3740.jpeg","width":1125,"height":619},{"@type":"BreadcrumbList","@id":"https:\/\/www.public.sn\/index.php\/2022\/09\/13\/abdou-bara-doly-mbacke-sattaque-a-ses-collegues-deputes-du-pouvoir\/#breadcrumb","itemListElement":[{"@type":"ListItem","position":1,"name":"Accueil","item":"https:\/\/www.public.sn\/"},{"@type":"ListItem","position":2,"name":"Abdou Bara Doly Mback\u00e9 s&rsquo;attaque \u00e0 ses coll\u00e8gues d\u00e9put\u00e9s du pouvoir."}]},{"@type":"WebSite","@id":"https:\/\/www.public.sn\/#website","url":"https:\/\/www.public.sn\/","name":"LE PUBLIC","description":"","publisher":{"@id":"https:\/\/www.public.sn\/#organization"},"potentialAction":[{"@type":"SearchAction","target":{"@type":"EntryPoint","urlTemplate":"https:\/\/www.public.sn\/?s={search_term_string}"},"query-input":{"@type":"PropertyValueSpecification","valueRequired":true,"valueName":"search_term_string"}}],"inLanguage":"fr-FR"},{"@type":"Organization","@id":"https:\/\/www.public.sn\/#organization","name":"LE PUBLIC","url":"https:\/\/www.public.sn\/","logo":{"@type":"ImageObject","inLanguage":"fr-FR","@id":"https:\/\/www.public.sn\/#\/schema\/logo\/image\/","url":"https:\/\/www.public.sn\/wp-content\/uploads\/2024\/05\/cropped-LOGO-PUBLIC.SN_.png","contentUrl":"https:\/\/www.public.sn\/wp-content\/uploads\/2024\/05\/cropped-LOGO-PUBLIC.SN_.png","width":682,"height":192,"caption":"LE PUBLIC"},"image":{"@id":"https:\/\/www.public.sn\/#\/schema\/logo\/image\/"}},{"@type":"Person","@id":"https:\/\/www.public.sn\/#\/schema\/person\/e3f4a11b037d4203902db148f9bc8d5a","name":"LA REDACTION","image":{"@type":"ImageObject","inLanguage":"fr-FR","@id":"https:\/\/www.public.sn\/#\/schema\/person\/image\/","url":"https:\/\/secure.gravatar.com\/avatar\/d6c030db45db2883c075085c5d6c6258654a801a93766b49af0b82d4f454e2a5?s=96&d=mm&r=g","contentUrl":"https:\/\/secure.gravatar.com\/avatar\/d6c030db45db2883c075085c5d6c6258654a801a93766b49af0b82d4f454e2a5?s=96&d=mm&r=g","caption":"LA REDACTION"},"sameAs":["http:\/\/www.public.sn"],"url":"https:\/\/www.public.sn\/index.php\/author\/admin7324\/"}]}},"jetpack_featured_media_url":"https:\/\/www.public.sn\/wp-content\/uploads\/2022\/09\/9320770C-0893-46F8-ABE2-2910BEEB3740.jpeg","jetpack_sharing_enabled":true,"_links":{"self":[{"href":"https:\/\/www.public.sn\/index.php\/wp-json\/wp\/v2\/posts\/1905","targetHints":{"allow":["GET"]}}],"collection":[{"href":"https:\/\/www.public.sn\/index.php\/wp-json\/wp\/v2\/posts"}],"about":[{"href":"https:\/\/www.public.sn\/index.php\/wp-json\/wp\/v2\/types\/post"}],"author":[{"embeddable":true,"href":"https:\/\/www.public.sn\/index.php\/wp-json\/wp\/v2\/users\/1"}],"replies":[{"embeddable":true,"href":"https:\/\/www.public.sn\/index.php\/wp-json\/wp\/v2\/comments?post=1905"}],"version-history":[{"count":2,"href":"https:\/\/www.public.sn\/index.php\/wp-json\/wp\/v2\/posts\/1905\/revisions"}],"predecessor-version":[{"id":1908,"href":"https:\/\/www.public.sn\/index.php\/wp-json\/wp\/v2\/posts\/1905\/revisions\/1908"}],"wp:featuredmedia":[{"embeddable":true,"href":"https:\/\/www.public.sn\/index.php\/wp-json\/wp\/v2\/media\/1906"}],"wp:attachment":[{"href":"https:\/\/www.public.sn\/index.php\/wp-json\/wp\/v2\/media?parent=1905"}],"wp:term":[{"taxonomy":"category","embeddable":true,"href":"https:\/\/www.public.sn\/index.php\/wp-json\/wp\/v2\/categories?post=1905"},{"taxonomy":"post_tag","embeddable":true,"href":"https:\/\/www.public.sn\/index.php\/wp-json\/wp\/v2\/tags?post=1905"}],"curies":[{"name":"wp","href":"https:\/\/api.w.org\/{rel}","templated":true}]}}