{"id":19055,"date":"2023-03-30T09:29:24","date_gmt":"2023-03-30T09:29:24","guid":{"rendered":"https:\/\/www.public.sn\/?p=19055"},"modified":"2023-03-30T09:29:24","modified_gmt":"2023-03-30T09:29:24","slug":"marche-de-yaw-a-diourbel-le-prefet-donne-son-verdict","status":"publish","type":"post","link":"https:\/\/www.public.sn\/index.php\/2023\/03\/30\/marche-de-yaw-a-diourbel-le-prefet-donne-son-verdict\/","title":{"rendered":"Marche de Yaw \u00e0 Diourbel: Le pr\u00e9fet donne son verdict"},"content":{"rendered":"<p><strong>Le pr\u00e9fet de Diourbel a dit niet \u00e0 la coalition Yewwi Askan Wi qui avait d\u00e9pos\u00e9 sur sa table une demande d\u2019autorisation pour d\u00e9rouler une marche pacifique ce jeudi de 17h \u00e0 19h.<\/strong><\/p><div class=\"publi-paragraphe1\" style=\"margin-top: 10px;margin-bottom: 10px;margin-left: auto;margin-right: auto;text-align: center;\" id=\"publi-3241213940\"><div class=\"publi-adlabel\">Publicit\u00e9<\/div><script async src=\"\/\/pagead2.googlesyndication.com\/pagead\/js\/adsbygoogle.js?client=ca-pub-4089586018074219\" crossorigin=\"anonymous\"><\/script><ins class=\"adsbygoogle\" style=\"display:block;\" data-ad-client=\"ca-pub-4089586018074219\" \ndata-ad-slot=\"2087940154\" \ndata-ad-format=\"auto\"><\/ins>\n<script> \n(adsbygoogle = window.adsbygoogle || []).push({}); \n<\/script>\n<\/div>\n<p>Selon le document officiel lu par seneweb, le chef de l\u2019ex\u00e9cutif r\u00e9gional Mamadou Khouma a \u00e9voqu\u00e9 des r\u00e9elles risques de troubles \u00e0 l\u2019ordre public et l\u2019entrave \u00e0 la libre circulation des personnes et des biens pour justifier sa d\u00e9cision.<\/p>\n<div class=\"td-a-rec td-a-rec-id-content_bottom  tdi_52 td_block_template_1\">\n<div>\n<div class=\"dailymotion-cpe cpe-4f0ad\"><\/div>\n<\/div>\n<\/div>\n<div class=\"publi-apres-le-contenu\" style=\"margin-top: 10px;margin-bottom: 10px;margin-left: auto;margin-right: auto;text-align: center;\" id=\"publi-3909753751\"><div class=\"publi-adlabel\">Publicit\u00e9<\/div><script async src=\"\/\/pagead2.googlesyndication.com\/pagead\/js\/adsbygoogle.js?client=ca-pub-4089586018074219\" crossorigin=\"anonymous\"><\/script><ins class=\"adsbygoogle\" style=\"display:block;\" data-ad-client=\"ca-pub-4089586018074219\" \ndata-ad-slot=\"2087940154\" \ndata-ad-format=\"auto\"><\/ins>\n<script> \n(adsbygoogle = window.adsbygoogle || []).push({}); \n<\/script>\n<\/div>","protected":false},"excerpt":{"rendered":"<p>Le pr\u00e9fet de Diourbel a dit niet \u00e0 la coalition Yewwi Askan Wi qui avait d\u00e9pos\u00e9 sur sa table une demande d\u2019autorisation pour d\u00e9rouler une marche pacifique ce jeudi de 17h \u00e0 19h. Selon le document officiel lu par seneweb, le chef de l\u2019ex\u00e9cutif r\u00e9gional Mamadou Khouma a \u00e9voqu\u00e9 des r\u00e9elles risques de troubles \u00e0 l\u2019ordre public et l\u2019entrave \u00e0 la libre circulation des personnes et des biens pour justifier sa d\u00e9cision.<\/p>\n","protected":false},"author":7,"featured_media":19056,"comment_status":"open","ping_status":"open","sticky":false,"template":"","format":"standard","meta":{"_jetpack_memberships_contains_paid_content":false,"footnotes":""},"categories":[375,3,376,1,4],"tags":[558,1564,4881,2161,301],"class_list":["post-19055","post","type-post","status-publish","format-standard","has-post-thumbnail","hentry","category-actualites","category-politique","category-securite-justice","category-non-classe","category-societe","tag-diourbel","tag-interdiction","tag-manifs","tag-prefet","tag-yewwi","entry","has-media","owp-thumbs-layout-horizontal","owp-btn-normal","owp-tabs-layout-horizontal","has-no-thumbnails","has-product-nav"],"yoast_head":"<!-- This site is optimized with the Yoast SEO plugin v25.5 - https:\/\/yoast.com\/wordpress\/plugins\/seo\/ -->\n<title>Marche de Yaw \u00e0 Diourbel: Le pr\u00e9fet donne son verdict - LE PUBLIC<\/title>\n<meta name=\"robots\" content=\"index, follow, max-snippet:-1, max-image-preview:large, max-video-preview:-1\" \/>\n<link rel=\"canonical\" href=\"https:\/\/www.public.sn\/index.php\/2023\/03\/30\/marche-de-yaw-a-diourbel-le-prefet-donne-son-verdict\/\" \/>\n<meta property=\"og:locale\" content=\"fr_FR\" \/>\n<meta property=\"og:type\" content=\"article\" \/>\n<meta property=\"og:title\" content=\"Marche de Yaw \u00e0 Diourbel: Le pr\u00e9fet donne son verdict - LE PUBLIC\" \/>\n<meta property=\"og:description\" content=\"Le pr\u00e9fet de Diourbel a dit niet \u00e0 la coalition Yewwi Askan Wi qui avait d\u00e9pos\u00e9 sur sa table une demande d\u2019autorisation pour d\u00e9rouler une marche pacifique ce jeudi de 17h \u00e0 19h. Selon le document officiel lu par seneweb, le chef de l\u2019ex\u00e9cutif r\u00e9gional Mamadou Khouma a \u00e9voqu\u00e9 des r\u00e9elles risques de troubles \u00e0 l\u2019ordre public et l\u2019entrave \u00e0 la libre circulation des personnes et des biens pour justifier sa d\u00e9cision.\" \/>\n<meta property=\"og:url\" content=\"https:\/\/www.public.sn\/index.php\/2023\/03\/30\/marche-de-yaw-a-diourbel-le-prefet-donne-son-verdict\/\" \/>\n<meta property=\"og:site_name\" content=\"LE PUBLIC\" \/>\n<meta property=\"article:published_time\" content=\"2023-03-30T09:29:24+00:00\" \/>\n<meta property=\"og:image\" content=\"https:\/\/www.public.sn\/wp-content\/uploads\/2023\/03\/Prefet-de-Diourbel.jpg\" \/>\n\t<meta property=\"og:image:width\" content=\"612\" \/>\n\t<meta property=\"og:image:height\" content=\"298\" \/>\n\t<meta property=\"og:image:type\" content=\"image\/jpeg\" \/>\n<meta name=\"author\" content=\"LA REDACTION\" \/>\n<meta name=\"twitter:card\" content=\"summary_large_image\" \/>\n<meta name=\"twitter:label1\" content=\"\u00c9crit par\" \/>\n\t<meta name=\"twitter:data1\" content=\"LA REDACTION\" \/>\n\t<meta name=\"twitter:label2\" content=\"Dur\u00e9e de lecture estim\u00e9e\" \/>\n\t<meta name=\"twitter:data2\" content=\"1 minute\" \/>\n<script type=\"application\/ld+json\" class=\"yoast-schema-graph\">{\"@context\":\"https:\/\/schema.org\",\"@graph\":[{\"@type\":\"Article\",\"@id\":\"https:\/\/www.public.sn\/index.php\/2023\/03\/30\/marche-de-yaw-a-diourbel-le-prefet-donne-son-verdict\/#article\",\"isPartOf\":{\"@id\":\"https:\/\/www.public.sn\/index.php\/2023\/03\/30\/marche-de-yaw-a-diourbel-le-prefet-donne-son-verdict\/\"},\"author\":{\"name\":\"LA REDACTION\",\"@id\":\"https:\/\/www.public.sn\/#\/schema\/person\/cb76c8e1b8becc6be61fb5e92d6d0224\"},\"headline\":\"Marche de Yaw \u00e0 Diourbel: Le pr\u00e9fet donne son verdict\",\"datePublished\":\"2023-03-30T09:29:24+00:00\",\"mainEntityOfPage\":{\"@id\":\"https:\/\/www.public.sn\/index.php\/2023\/03\/30\/marche-de-yaw-a-diourbel-le-prefet-donne-son-verdict\/\"},\"wordCount\":89,\"commentCount\":0,\"publisher\":{\"@id\":\"https:\/\/www.public.sn\/#organization\"},\"image\":{\"@id\":\"https:\/\/www.public.sn\/index.php\/2023\/03\/30\/marche-de-yaw-a-diourbel-le-prefet-donne-son-verdict\/#primaryimage\"},\"thumbnailUrl\":\"https:\/\/www.public.sn\/wp-content\/uploads\/2023\/03\/Prefet-de-Diourbel.jpg\",\"keywords\":[\"Diourbel\",\"Interdiction\",\"manifs\",\"prefet\",\"Yewwi\"],\"articleSection\":[\"ACTUALIT\u00c9S\",\"POLITIQUE\",\"S\u00c9CURIT\u00c9 &amp; JUSTICE\",\"S\u00c9N\u00c9GAL\",\"SOCIETE\"],\"inLanguage\":\"fr-FR\",\"potentialAction\":[{\"@type\":\"CommentAction\",\"name\":\"Comment\",\"target\":[\"https:\/\/www.public.sn\/index.php\/2023\/03\/30\/marche-de-yaw-a-diourbel-le-prefet-donne-son-verdict\/#respond\"]}]},{\"@type\":\"WebPage\",\"@id\":\"https:\/\/www.public.sn\/index.php\/2023\/03\/30\/marche-de-yaw-a-diourbel-le-prefet-donne-son-verdict\/\",\"url\":\"https:\/\/www.public.sn\/index.php\/2023\/03\/30\/marche-de-yaw-a-diourbel-le-prefet-donne-son-verdict\/\",\"name\":\"Marche de Yaw \u00e0 Diourbel: Le pr\u00e9fet donne son verdict - LE PUBLIC\",\"isPartOf\":{\"@id\":\"https:\/\/www.public.sn\/#website\"},\"primaryImageOfPage\":{\"@id\":\"https:\/\/www.public.sn\/index.php\/2023\/03\/30\/marche-de-yaw-a-diourbel-le-prefet-donne-son-verdict\/#primaryimage\"},\"image\":{\"@id\":\"https:\/\/www.public.sn\/index.php\/2023\/03\/30\/marche-de-yaw-a-diourbel-le-prefet-donne-son-verdict\/#primaryimage\"},\"thumbnailUrl\":\"https:\/\/www.public.sn\/wp-content\/uploads\/2023\/03\/Prefet-de-Diourbel.jpg\",\"datePublished\":\"2023-03-30T09:29:24+00:00\",\"breadcrumb\":{\"@id\":\"https:\/\/www.public.sn\/index.php\/2023\/03\/30\/marche-de-yaw-a-diourbel-le-prefet-donne-son-verdict\/#breadcrumb\"},\"inLanguage\":\"fr-FR\",\"potentialAction\":[{\"@type\":\"ReadAction\",\"target\":[\"https:\/\/www.public.sn\/index.php\/2023\/03\/30\/marche-de-yaw-a-diourbel-le-prefet-donne-son-verdict\/\"]}]},{\"@type\":\"ImageObject\",\"inLanguage\":\"fr-FR\",\"@id\":\"https:\/\/www.public.sn\/index.php\/2023\/03\/30\/marche-de-yaw-a-diourbel-le-prefet-donne-son-verdict\/#primaryimage\",\"url\":\"https:\/\/www.public.sn\/wp-content\/uploads\/2023\/03\/Prefet-de-Diourbel.jpg\",\"contentUrl\":\"https:\/\/www.public.sn\/wp-content\/uploads\/2023\/03\/Prefet-de-Diourbel.jpg\",\"width\":612,\"height\":298},{\"@type\":\"BreadcrumbList\",\"@id\":\"https:\/\/www.public.sn\/index.php\/2023\/03\/30\/marche-de-yaw-a-diourbel-le-prefet-donne-son-verdict\/#breadcrumb\",\"itemListElement\":[{\"@type\":\"ListItem\",\"position\":1,\"name\":\"Accueil\",\"item\":\"https:\/\/www.public.sn\/\"},{\"@type\":\"ListItem\",\"position\":2,\"name\":\"Marche de Yaw \u00e0 Diourbel: Le pr\u00e9fet donne son verdict\"}]},{\"@type\":\"WebSite\",\"@id\":\"https:\/\/www.public.sn\/#website\",\"url\":\"https:\/\/www.public.sn\/\",\"name\":\"LE PUBLIC\",\"description\":\"\",\"publisher\":{\"@id\":\"https:\/\/www.public.sn\/#organization\"},\"potentialAction\":[{\"@type\":\"SearchAction\",\"target\":{\"@type\":\"EntryPoint\",\"urlTemplate\":\"https:\/\/www.public.sn\/?s={search_term_string}\"},\"query-input\":{\"@type\":\"PropertyValueSpecification\",\"valueRequired\":true,\"valueName\":\"search_term_string\"}}],\"inLanguage\":\"fr-FR\"},{\"@type\":\"Organization\",\"@id\":\"https:\/\/www.public.sn\/#organization\",\"name\":\"LE PUBLIC\",\"url\":\"https:\/\/www.public.sn\/\",\"logo\":{\"@type\":\"ImageObject\",\"inLanguage\":\"fr-FR\",\"@id\":\"https:\/\/www.public.sn\/#\/schema\/logo\/image\/\",\"url\":\"https:\/\/www.public.sn\/wp-content\/uploads\/2024\/05\/cropped-LOGO-PUBLIC.SN_.png\",\"contentUrl\":\"https:\/\/www.public.sn\/wp-content\/uploads\/2024\/05\/cropped-LOGO-PUBLIC.SN_.png\",\"width\":682,\"height\":192,\"caption\":\"LE PUBLIC\"},\"image\":{\"@id\":\"https:\/\/www.public.sn\/#\/schema\/logo\/image\/\"}},{\"@type\":\"Person\",\"@id\":\"https:\/\/www.public.sn\/#\/schema\/person\/cb76c8e1b8becc6be61fb5e92d6d0224\",\"name\":\"LA REDACTION\",\"image\":{\"@type\":\"ImageObject\",\"inLanguage\":\"fr-FR\",\"@id\":\"https:\/\/www.public.sn\/#\/schema\/person\/image\/\",\"url\":\"https:\/\/secure.gravatar.com\/avatar\/2dce5ddd34b8fef0180efe03aa2a9bee7d953856048f9a16b298190a3178407c?s=96&d=mm&r=g\",\"contentUrl\":\"https:\/\/secure.gravatar.com\/avatar\/2dce5ddd34b8fef0180efe03aa2a9bee7d953856048f9a16b298190a3178407c?s=96&d=mm&r=g\",\"caption\":\"LA REDACTION\"},\"url\":\"https:\/\/www.public.sn\/index.php\/author\/editeurpsn\/\"}]}<\/script>\n<!-- \/ Yoast SEO plugin. -->","yoast_head_json":{"title":"Marche de Yaw \u00e0 Diourbel: Le pr\u00e9fet donne son verdict - LE PUBLIC","robots":{"index":"index","follow":"follow","max-snippet":"max-snippet:-1","max-image-preview":"max-image-preview:large","max-video-preview":"max-video-preview:-1"},"canonical":"https:\/\/www.public.sn\/index.php\/2023\/03\/30\/marche-de-yaw-a-diourbel-le-prefet-donne-son-verdict\/","og_locale":"fr_FR","og_type":"article","og_title":"Marche de Yaw \u00e0 Diourbel: Le pr\u00e9fet donne son verdict - LE PUBLIC","og_description":"Le pr\u00e9fet de Diourbel a dit niet \u00e0 la coalition Yewwi Askan Wi qui avait d\u00e9pos\u00e9 sur sa table une demande d\u2019autorisation pour d\u00e9rouler une marche pacifique ce jeudi de 17h \u00e0 19h. Selon le document officiel lu par seneweb, le chef de l\u2019ex\u00e9cutif r\u00e9gional Mamadou Khouma a \u00e9voqu\u00e9 des r\u00e9elles risques de troubles \u00e0 l\u2019ordre public et l\u2019entrave \u00e0 la libre circulation des personnes et des biens pour justifier sa d\u00e9cision.","og_url":"https:\/\/www.public.sn\/index.php\/2023\/03\/30\/marche-de-yaw-a-diourbel-le-prefet-donne-son-verdict\/","og_site_name":"LE PUBLIC","article_published_time":"2023-03-30T09:29:24+00:00","og_image":[{"width":612,"height":298,"url":"https:\/\/www.public.sn\/wp-content\/uploads\/2023\/03\/Prefet-de-Diourbel.jpg","type":"image\/jpeg"}],"author":"LA REDACTION","twitter_card":"summary_large_image","twitter_misc":{"\u00c9crit par":"LA REDACTION","Dur\u00e9e de lecture estim\u00e9e":"1 minute"},"schema":{"@context":"https:\/\/schema.org","@graph":[{"@type":"Article","@id":"https:\/\/www.public.sn\/index.php\/2023\/03\/30\/marche-de-yaw-a-diourbel-le-prefet-donne-son-verdict\/#article","isPartOf":{"@id":"https:\/\/www.public.sn\/index.php\/2023\/03\/30\/marche-de-yaw-a-diourbel-le-prefet-donne-son-verdict\/"},"author":{"name":"LA REDACTION","@id":"https:\/\/www.public.sn\/#\/schema\/person\/cb76c8e1b8becc6be61fb5e92d6d0224"},"headline":"Marche de Yaw \u00e0 Diourbel: Le pr\u00e9fet donne son verdict","datePublished":"2023-03-30T09:29:24+00:00","mainEntityOfPage":{"@id":"https:\/\/www.public.sn\/index.php\/2023\/03\/30\/marche-de-yaw-a-diourbel-le-prefet-donne-son-verdict\/"},"wordCount":89,"commentCount":0,"publisher":{"@id":"https:\/\/www.public.sn\/#organization"},"image":{"@id":"https:\/\/www.public.sn\/index.php\/2023\/03\/30\/marche-de-yaw-a-diourbel-le-prefet-donne-son-verdict\/#primaryimage"},"thumbnailUrl":"https:\/\/www.public.sn\/wp-content\/uploads\/2023\/03\/Prefet-de-Diourbel.jpg","keywords":["Diourbel","Interdiction","manifs","prefet","Yewwi"],"articleSection":["ACTUALIT\u00c9S","POLITIQUE","S\u00c9CURIT\u00c9 &amp; JUSTICE","S\u00c9N\u00c9GAL","SOCIETE"],"inLanguage":"fr-FR","potentialAction":[{"@type":"CommentAction","name":"Comment","target":["https:\/\/www.public.sn\/index.php\/2023\/03\/30\/marche-de-yaw-a-diourbel-le-prefet-donne-son-verdict\/#respond"]}]},{"@type":"WebPage","@id":"https:\/\/www.public.sn\/index.php\/2023\/03\/30\/marche-de-yaw-a-diourbel-le-prefet-donne-son-verdict\/","url":"https:\/\/www.public.sn\/index.php\/2023\/03\/30\/marche-de-yaw-a-diourbel-le-prefet-donne-son-verdict\/","name":"Marche de Yaw \u00e0 Diourbel: Le pr\u00e9fet donne son verdict - LE PUBLIC","isPartOf":{"@id":"https:\/\/www.public.sn\/#website"},"primaryImageOfPage":{"@id":"https:\/\/www.public.sn\/index.php\/2023\/03\/30\/marche-de-yaw-a-diourbel-le-prefet-donne-son-verdict\/#primaryimage"},"image":{"@id":"https:\/\/www.public.sn\/index.php\/2023\/03\/30\/marche-de-yaw-a-diourbel-le-prefet-donne-son-verdict\/#primaryimage"},"thumbnailUrl":"https:\/\/www.public.sn\/wp-content\/uploads\/2023\/03\/Prefet-de-Diourbel.jpg","datePublished":"2023-03-30T09:29:24+00:00","breadcrumb":{"@id":"https:\/\/www.public.sn\/index.php\/2023\/03\/30\/marche-de-yaw-a-diourbel-le-prefet-donne-son-verdict\/#breadcrumb"},"inLanguage":"fr-FR","potentialAction":[{"@type":"ReadAction","target":["https:\/\/www.public.sn\/index.php\/2023\/03\/30\/marche-de-yaw-a-diourbel-le-prefet-donne-son-verdict\/"]}]},{"@type":"ImageObject","inLanguage":"fr-FR","@id":"https:\/\/www.public.sn\/index.php\/2023\/03\/30\/marche-de-yaw-a-diourbel-le-prefet-donne-son-verdict\/#primaryimage","url":"https:\/\/www.public.sn\/wp-content\/uploads\/2023\/03\/Prefet-de-Diourbel.jpg","contentUrl":"https:\/\/www.public.sn\/wp-content\/uploads\/2023\/03\/Prefet-de-Diourbel.jpg","width":612,"height":298},{"@type":"BreadcrumbList","@id":"https:\/\/www.public.sn\/index.php\/2023\/03\/30\/marche-de-yaw-a-diourbel-le-prefet-donne-son-verdict\/#breadcrumb","itemListElement":[{"@type":"ListItem","position":1,"name":"Accueil","item":"https:\/\/www.public.sn\/"},{"@type":"ListItem","position":2,"name":"Marche de Yaw \u00e0 Diourbel: Le pr\u00e9fet donne son verdict"}]},{"@type":"WebSite","@id":"https:\/\/www.public.sn\/#website","url":"https:\/\/www.public.sn\/","name":"LE PUBLIC","description":"","publisher":{"@id":"https:\/\/www.public.sn\/#organization"},"potentialAction":[{"@type":"SearchAction","target":{"@type":"EntryPoint","urlTemplate":"https:\/\/www.public.sn\/?s={search_term_string}"},"query-input":{"@type":"PropertyValueSpecification","valueRequired":true,"valueName":"search_term_string"}}],"inLanguage":"fr-FR"},{"@type":"Organization","@id":"https:\/\/www.public.sn\/#organization","name":"LE PUBLIC","url":"https:\/\/www.public.sn\/","logo":{"@type":"ImageObject","inLanguage":"fr-FR","@id":"https:\/\/www.public.sn\/#\/schema\/logo\/image\/","url":"https:\/\/www.public.sn\/wp-content\/uploads\/2024\/05\/cropped-LOGO-PUBLIC.SN_.png","contentUrl":"https:\/\/www.public.sn\/wp-content\/uploads\/2024\/05\/cropped-LOGO-PUBLIC.SN_.png","width":682,"height":192,"caption":"LE PUBLIC"},"image":{"@id":"https:\/\/www.public.sn\/#\/schema\/logo\/image\/"}},{"@type":"Person","@id":"https:\/\/www.public.sn\/#\/schema\/person\/cb76c8e1b8becc6be61fb5e92d6d0224","name":"LA REDACTION","image":{"@type":"ImageObject","inLanguage":"fr-FR","@id":"https:\/\/www.public.sn\/#\/schema\/person\/image\/","url":"https:\/\/secure.gravatar.com\/avatar\/2dce5ddd34b8fef0180efe03aa2a9bee7d953856048f9a16b298190a3178407c?s=96&d=mm&r=g","contentUrl":"https:\/\/secure.gravatar.com\/avatar\/2dce5ddd34b8fef0180efe03aa2a9bee7d953856048f9a16b298190a3178407c?s=96&d=mm&r=g","caption":"LA REDACTION"},"url":"https:\/\/www.public.sn\/index.php\/author\/editeurpsn\/"}]}},"jetpack_featured_media_url":"https:\/\/www.public.sn\/wp-content\/uploads\/2023\/03\/Prefet-de-Diourbel.jpg","jetpack_sharing_enabled":true,"_links":{"self":[{"href":"https:\/\/www.public.sn\/index.php\/wp-json\/wp\/v2\/posts\/19055","targetHints":{"allow":["GET"]}}],"collection":[{"href":"https:\/\/www.public.sn\/index.php\/wp-json\/wp\/v2\/posts"}],"about":[{"href":"https:\/\/www.public.sn\/index.php\/wp-json\/wp\/v2\/types\/post"}],"author":[{"embeddable":true,"href":"https:\/\/www.public.sn\/index.php\/wp-json\/wp\/v2\/users\/7"}],"replies":[{"embeddable":true,"href":"https:\/\/www.public.sn\/index.php\/wp-json\/wp\/v2\/comments?post=19055"}],"version-history":[{"count":1,"href":"https:\/\/www.public.sn\/index.php\/wp-json\/wp\/v2\/posts\/19055\/revisions"}],"predecessor-version":[{"id":19057,"href":"https:\/\/www.public.sn\/index.php\/wp-json\/wp\/v2\/posts\/19055\/revisions\/19057"}],"wp:featuredmedia":[{"embeddable":true,"href":"https:\/\/www.public.sn\/index.php\/wp-json\/wp\/v2\/media\/19056"}],"wp:attachment":[{"href":"https:\/\/www.public.sn\/index.php\/wp-json\/wp\/v2\/media?parent=19055"}],"wp:term":[{"taxonomy":"category","embeddable":true,"href":"https:\/\/www.public.sn\/index.php\/wp-json\/wp\/v2\/categories?post=19055"},{"taxonomy":"post_tag","embeddable":true,"href":"https:\/\/www.public.sn\/index.php\/wp-json\/wp\/v2\/tags?post=19055"}],"curies":[{"name":"wp","href":"https:\/\/api.w.org\/{rel}","templated":true}]}}