{"id":19121,"date":"2023-03-31T18:06:30","date_gmt":"2023-03-31T18:06:30","guid":{"rendered":"https:\/\/www.public.sn\/?p=19121"},"modified":"2023-03-31T18:06:30","modified_gmt":"2023-03-31T18:06:30","slug":"la-position-de-idrissa-seck-pour-le-3eme-mandat-reste-le-meme","status":"publish","type":"post","link":"https:\/\/www.public.sn\/index.php\/2023\/03\/31\/la-position-de-idrissa-seck-pour-le-3eme-mandat-reste-le-meme\/","title":{"rendered":"La position de Idrissa Seck pour le 3\u00e9me Mandat reste le m\u00eame&#8230;"},"content":{"rendered":"<p><strong>Le 23 mars dernier, les \u00e9tudiants s\u00e9n\u00e9galais et africains, bas\u00e9s aux Etats- Unis, ont rencontr\u00e9 au Yale Club le pr\u00e9sident du parti Rewmi, par ailleurs pr\u00e9sident du Conseil \u00e9conomique, social et environnemental (Cese), Idrissa S\u00e9ck. Il \u00e9tait question lors de cette rencontre d\u2019\u00e9changer avec la 4e personnalit\u00e9 de l\u2019Etat sur les risques de violences, notamment politiques, mais aussi sur la lancinante question du troisi\u00e8me mandat au S\u00e9n\u00e9gal.<\/strong><\/p><div class=\"publi-paragraphe1\" style=\"margin-top: 10px;margin-bottom: 10px;margin-left: auto;margin-right: auto;text-align: center;\" id=\"publi-4291139047\"><div class=\"publi-adlabel\">Publicit\u00e9<\/div><script async src=\"\/\/pagead2.googlesyndication.com\/pagead\/js\/adsbygoogle.js?client=ca-pub-4089586018074219\" crossorigin=\"anonymous\"><\/script><ins class=\"adsbygoogle\" style=\"display:block;\" data-ad-client=\"ca-pub-4089586018074219\" \ndata-ad-slot=\"2087940154\" \ndata-ad-format=\"auto\"><\/ins>\n<script> \n(adsbygoogle = window.adsbygoogle || []).push({}); \n<\/script>\n<\/div>\n<p>&nbsp;<\/p>\n<p>D\u2019apr\u00e8s le leader du parti Rewmi, sa position par rapport au nombre de mandats du pr\u00e9sident de la R\u00e9publique reste inchang\u00e9e.<\/p>\n<p>\u00ab Retenez que du Sopi d\u2019hier, avec Me Abdoulaye Wade, au Rewmi d\u2019aujourd\u2019hui, avec Idy, je poursuis invraisemblable et inlassablement le m\u00eame projet politique dont les piliers demeurent constants. L\u2019un de ces piliers est de faire de notre pays, un pays souverain, respect\u00e9 par tous ses partenaires, dot\u00e9 de moyens s\u00e9curitaires appropri\u00e9s en personnel, \u00e9quipements et infrastructures pour faire face efficacement aux menaces ext\u00e9rieures et int\u00e9rieures afin d\u2019offrir aux citoyens, comme aux \u00e9trangers vivants parmi nous, un environnement pacifi\u00e9 et s\u00e9curis\u00e9 pour l\u2019exercice de leurs activit\u00e9s l\u00e9gitimes, th\u00e9orise le pr\u00e9sident du Conseil \u00e9conomique, social et environnemental.<\/p>\n<p>Toujours sur la question du troisi\u00e8me mandat, Idrissa Seck a voulu \u00eatre clair. Il d\u00e9clare que \u00able projet Sopi d\u2019hier et celui de Rewmi d\u2019aujourd\u2019hui ont toujours voulu faire du S\u00e9n\u00e9gal, une d\u00e9mocratie majeure o\u00f9 le pouvoir se transmet par intervalles r\u00e9guliers et n\u2019exc\u00e9dant pas dix ans. C\u2019est cela qui a justifi\u00e9 son combat acharn\u00e9 contre le projet de troisi\u00e8me mandat du Pr\u00e9sident Abdoulaye Wade, m\u00eame s\u2019il qualifie ce dernier de grand leader africain d\u2019exception. D\u2019apr\u00e8s lui, Me Abdoulaye Wade pouvait b\u00e9n\u00e9ficier d\u2019une sortie honorable, \u00e0 l\u2019image de Nelson Mandela, n\u2019e\u00fbt \u00e9t\u00e9 sa volont\u00e9 de faire un troisi\u00e8me mandat et la d\u00e9volution monarchique du pouvoir.<\/p>\n<p>Selon toujours le leader de Rewmi, le S\u00e9n\u00e9gal qu\u2019il souhaite voir est \u00abun S\u00e9n\u00e9gal o\u00f9 l\u2019on ne marche pas sur des cadavres pour acc\u00e9der au pouvoir ou s\u2019y maintenir. Sur le plan diplomatique, il pense que le S\u00e9n\u00e9gal doit mener une diplomatie de bon voisinage qui promeut l\u2019int\u00e9gration africaine et de participation \u00e0 la promotion de la libert\u00e9, de la paix et de la stabilit\u00e9 dans le monde. Idrissa Seck justifie son choix d\u2019accompagner le chef de l\u2019Etat, Macky Sall, dans le but de participer \u00e0 la stabilit\u00e9 et \u00e9viter toutes formes de violences pouvant d\u00e9stabiliser le pays. Ce qui peut placer le pays en position de vuln\u00e9rabilit\u00e9 vis-\u00e0-vis de l\u2019ext\u00e9rieur.<\/p>\n<p>Pour le deuxi\u00e8me point de son argumentaire pour l\u00e9gitimer son compagnonnage avec le Pr\u00e9sident Sall, Idrissa Seck estime qu\u2019il fallait faire un bloc en vue d\u2019att\u00e9nuer l\u2019impact plus que n\u00e9faste des cons\u00e9quences du Covid-19. En sus de cela, une autre crise majeure, c\u2019est-\u00e0-dire la guerre en Ukraine, vient conforter cette position d\u2019unit\u00e9. Le Pr\u00e9sident du Cese croit que le S\u00e9n\u00e9gal pouvait basculer dans le cercle de feux qui ceinture les pays de l\u2019Afrique de l\u2019Ouest, tels que le Mali, le Burkina Faso, la Guin\u00e9e Conakry o\u00f9 s\u00e9vissent les fl\u00e9aux de terrorisme, d\u2019extr\u00e9misme et de djihadisme.<\/p>\n<p>D\u2019apr\u00e8s le pr\u00e9sident de Rewmi, il ne regrette rien de son choix de travailler aux c\u00f4t\u00e9s du Pr\u00e9sident Sall. Si c\u2019est cette d\u00e9marche et ce choix politique qu\u2019on qualifie de tortuosit\u00e9, Idrissa Seck va r\u00e9pondre qu\u2019il l\u2019assume enti\u00e8rement et assure qu\u2019il ne nourrit aucun regret. La paix et la stabilit\u00e9 du pays en valent le co\u00fbt, dit-il dans l\u2019Obs.<\/p>\n<div class=\"publi-apres-le-contenu\" style=\"margin-top: 10px;margin-bottom: 10px;margin-left: auto;margin-right: auto;text-align: center;\" id=\"publi-186283780\"><div class=\"publi-adlabel\">Publicit\u00e9<\/div><script async src=\"\/\/pagead2.googlesyndication.com\/pagead\/js\/adsbygoogle.js?client=ca-pub-4089586018074219\" crossorigin=\"anonymous\"><\/script><ins class=\"adsbygoogle\" style=\"display:block;\" data-ad-client=\"ca-pub-4089586018074219\" \ndata-ad-slot=\"2087940154\" \ndata-ad-format=\"auto\"><\/ins>\n<script> \n(adsbygoogle = window.adsbygoogle || []).push({}); \n<\/script>\n<\/div>","protected":false},"excerpt":{"rendered":"<p>Le 23 mars dernier, les \u00e9tudiants s\u00e9n\u00e9galais et africains, bas\u00e9s aux Etats- Unis, ont rencontr\u00e9 au Yale Club le pr\u00e9sident du parti Rewmi, par ailleurs pr\u00e9sident du Conseil \u00e9conomique, social et environnemental (Cese), Idrissa S\u00e9ck. Il \u00e9tait question lors de cette rencontre d\u2019\u00e9changer avec la 4e personnalit\u00e9 de l\u2019Etat sur les risques de violences, notamment politiques, mais aussi sur la lancinante question du troisi\u00e8me mandat au S\u00e9n\u00e9gal. &nbsp; D\u2019apr\u00e8s le leader du parti Rewmi, sa position par rapport au nombre de mandats du pr\u00e9sident de la R\u00e9publique reste inchang\u00e9e. \u00ab Retenez que du Sopi d\u2019hier, avec Me Abdoulaye Wade, au Rewmi d\u2019aujourd\u2019hui, avec Idy, je poursuis invraisemblable et inlassablement le m\u00eame projet politique dont les piliers demeurent constants. L\u2019un de ces piliers est de faire de notre pays, un pays souverain, respect\u00e9 par tous ses partenaires, dot\u00e9 de moyens s\u00e9curitaires appropri\u00e9s en personnel, \u00e9quipements et infrastructures pour faire face efficacement aux menaces ext\u00e9rieures et int\u00e9rieures afin d\u2019offrir aux citoyens, comme aux \u00e9trangers vivants parmi nous, un environnement pacifi\u00e9 et s\u00e9curis\u00e9 pour l\u2019exercice de leurs activit\u00e9s l\u00e9gitimes, th\u00e9orise le pr\u00e9sident du Conseil \u00e9conomique, social et environnemental. Toujours sur la question du troisi\u00e8me mandat, Idrissa Seck a voulu \u00eatre clair. Il d\u00e9clare que \u00able projet Sopi d\u2019hier et celui de Rewmi d\u2019aujourd\u2019hui ont toujours voulu faire du S\u00e9n\u00e9gal, une d\u00e9mocratie majeure o\u00f9 le pouvoir se transmet par intervalles r\u00e9guliers et n\u2019exc\u00e9dant pas dix ans. C\u2019est cela qui a justifi\u00e9 son combat acharn\u00e9 contre le projet de troisi\u00e8me mandat du Pr\u00e9sident Abdoulaye Wade, m\u00eame s\u2019il qualifie ce dernier de grand leader africain d\u2019exception. D\u2019apr\u00e8s lui, Me Abdoulaye Wade pouvait b\u00e9n\u00e9ficier d\u2019une sortie honorable, \u00e0 l\u2019image de Nelson Mandela, n\u2019e\u00fbt \u00e9t\u00e9 sa volont\u00e9 de faire un troisi\u00e8me mandat et la d\u00e9volution monarchique du pouvoir. Selon toujours le leader de Rewmi, le S\u00e9n\u00e9gal qu\u2019il souhaite voir est \u00abun S\u00e9n\u00e9gal o\u00f9 l\u2019on ne marche pas sur des cadavres pour acc\u00e9der au pouvoir ou s\u2019y maintenir. Sur le plan diplomatique, il pense que le S\u00e9n\u00e9gal doit mener une diplomatie de bon voisinage qui promeut l\u2019int\u00e9gration africaine et de participation \u00e0 la promotion de la libert\u00e9, de la paix et de la stabilit\u00e9 dans le monde. Idrissa Seck justifie son choix d\u2019accompagner le chef de l\u2019Etat, Macky Sall, dans le but de participer \u00e0 la stabilit\u00e9 et \u00e9viter toutes formes de violences pouvant d\u00e9stabiliser le pays. Ce qui peut placer le pays en position de vuln\u00e9rabilit\u00e9 vis-\u00e0-vis de l\u2019ext\u00e9rieur. Pour le deuxi\u00e8me point de son argumentaire pour l\u00e9gitimer son compagnonnage avec le Pr\u00e9sident Sall, Idrissa Seck estime qu\u2019il fallait faire un bloc en vue d\u2019att\u00e9nuer l\u2019impact plus que n\u00e9faste des cons\u00e9quences du Covid-19. En sus de cela, une autre crise majeure, c\u2019est-\u00e0-dire la guerre en Ukraine, vient conforter cette position d\u2019unit\u00e9. Le Pr\u00e9sident du Cese croit que le S\u00e9n\u00e9gal pouvait basculer dans le cercle de feux qui ceinture les pays de l\u2019Afrique de l\u2019Ouest, tels que le Mali, le Burkina Faso, la Guin\u00e9e Conakry o\u00f9 s\u00e9vissent les fl\u00e9aux de terrorisme, d\u2019extr\u00e9misme et de djihadisme. D\u2019apr\u00e8s le pr\u00e9sident de Rewmi, il ne regrette rien de son choix de travailler aux c\u00f4t\u00e9s du Pr\u00e9sident Sall. Si c\u2019est cette d\u00e9marche et ce choix politique qu\u2019on qualifie de tortuosit\u00e9, Idrissa Seck va r\u00e9pondre qu\u2019il l\u2019assume enti\u00e8rement et assure qu\u2019il ne nourrit aucun regret. La paix et la stabilit\u00e9 du pays en valent le co\u00fbt, dit-il dans l\u2019Obs.<\/p>\n","protected":false},"author":7,"featured_media":19122,"comment_status":"open","ping_status":"open","sticky":false,"template":"","format":"standard","meta":{"_jetpack_memberships_contains_paid_content":false,"footnotes":""},"categories":[375,550,3,1],"tags":[4569,295,154,790,11],"class_list":["post-19121","post","type-post","status-publish","format-standard","has-post-thumbnail","hentry","category-actualites","category-afrique-monde","category-politique","category-non-classe","tag-3eme-candidature","tag-3eme-mandat","tag-abdoulaye-wade","tag-idrissa-seck","tag-macky-sall","entry","has-media","owp-thumbs-layout-horizontal","owp-btn-normal","owp-tabs-layout-horizontal","has-no-thumbnails","has-product-nav"],"yoast_head":"<!-- This site is optimized with the Yoast SEO plugin v25.5 - https:\/\/yoast.com\/wordpress\/plugins\/seo\/ -->\n<title>La position de Idrissa Seck pour le 3\u00e9me Mandat reste le m\u00eame... - LE PUBLIC<\/title>\n<meta name=\"robots\" content=\"index, follow, max-snippet:-1, max-image-preview:large, max-video-preview:-1\" \/>\n<link rel=\"canonical\" href=\"https:\/\/www.public.sn\/index.php\/2023\/03\/31\/la-position-de-idrissa-seck-pour-le-3eme-mandat-reste-le-meme\/\" \/>\n<meta property=\"og:locale\" content=\"fr_FR\" \/>\n<meta property=\"og:type\" content=\"article\" \/>\n<meta property=\"og:title\" content=\"La position de Idrissa Seck pour le 3\u00e9me Mandat reste le m\u00eame... - LE PUBLIC\" \/>\n<meta property=\"og:description\" content=\"Le 23 mars dernier, les \u00e9tudiants s\u00e9n\u00e9galais et africains, bas\u00e9s aux Etats- Unis, ont rencontr\u00e9 au Yale Club le pr\u00e9sident du parti Rewmi, par ailleurs pr\u00e9sident du Conseil \u00e9conomique, social et environnemental (Cese), Idrissa S\u00e9ck. Il \u00e9tait question lors de cette rencontre d\u2019\u00e9changer avec la 4e personnalit\u00e9 de l\u2019Etat sur les risques de violences, notamment politiques, mais aussi sur la lancinante question du troisi\u00e8me mandat au S\u00e9n\u00e9gal. &nbsp; D\u2019apr\u00e8s le leader du parti Rewmi, sa position par rapport au nombre de mandats du pr\u00e9sident de la R\u00e9publique reste inchang\u00e9e. \u00ab Retenez que du Sopi d\u2019hier, avec Me Abdoulaye Wade, au Rewmi d\u2019aujourd\u2019hui, avec Idy, je poursuis invraisemblable et inlassablement le m\u00eame projet politique dont les piliers demeurent constants. L\u2019un de ces piliers est de faire de notre pays, un pays souverain, respect\u00e9 par tous ses partenaires, dot\u00e9 de moyens s\u00e9curitaires appropri\u00e9s en personnel, \u00e9quipements et infrastructures pour faire face efficacement aux menaces ext\u00e9rieures et int\u00e9rieures afin d\u2019offrir aux citoyens, comme aux \u00e9trangers vivants parmi nous, un environnement pacifi\u00e9 et s\u00e9curis\u00e9 pour l\u2019exercice de leurs activit\u00e9s l\u00e9gitimes, th\u00e9orise le pr\u00e9sident du Conseil \u00e9conomique, social et environnemental. Toujours sur la question du troisi\u00e8me mandat, Idrissa Seck a voulu \u00eatre clair. Il d\u00e9clare que \u00able projet Sopi d\u2019hier et celui de Rewmi d\u2019aujourd\u2019hui ont toujours voulu faire du S\u00e9n\u00e9gal, une d\u00e9mocratie majeure o\u00f9 le pouvoir se transmet par intervalles r\u00e9guliers et n\u2019exc\u00e9dant pas dix ans. C\u2019est cela qui a justifi\u00e9 son combat acharn\u00e9 contre le projet de troisi\u00e8me mandat du Pr\u00e9sident Abdoulaye Wade, m\u00eame s\u2019il qualifie ce dernier de grand leader africain d\u2019exception. D\u2019apr\u00e8s lui, Me Abdoulaye Wade pouvait b\u00e9n\u00e9ficier d\u2019une sortie honorable, \u00e0 l\u2019image de Nelson Mandela, n\u2019e\u00fbt \u00e9t\u00e9 sa volont\u00e9 de faire un troisi\u00e8me mandat et la d\u00e9volution monarchique du pouvoir. Selon toujours le leader de Rewmi, le S\u00e9n\u00e9gal qu\u2019il souhaite voir est \u00abun S\u00e9n\u00e9gal o\u00f9 l\u2019on ne marche pas sur des cadavres pour acc\u00e9der au pouvoir ou s\u2019y maintenir. Sur le plan diplomatique, il pense que le S\u00e9n\u00e9gal doit mener une diplomatie de bon voisinage qui promeut l\u2019int\u00e9gration africaine et de participation \u00e0 la promotion de la libert\u00e9, de la paix et de la stabilit\u00e9 dans le monde. Idrissa Seck justifie son choix d\u2019accompagner le chef de l\u2019Etat, Macky Sall, dans le but de participer \u00e0 la stabilit\u00e9 et \u00e9viter toutes formes de violences pouvant d\u00e9stabiliser le pays. Ce qui peut placer le pays en position de vuln\u00e9rabilit\u00e9 vis-\u00e0-vis de l\u2019ext\u00e9rieur. Pour le deuxi\u00e8me point de son argumentaire pour l\u00e9gitimer son compagnonnage avec le Pr\u00e9sident Sall, Idrissa Seck estime qu\u2019il fallait faire un bloc en vue d\u2019att\u00e9nuer l\u2019impact plus que n\u00e9faste des cons\u00e9quences du Covid-19. En sus de cela, une autre crise majeure, c\u2019est-\u00e0-dire la guerre en Ukraine, vient conforter cette position d\u2019unit\u00e9. Le Pr\u00e9sident du Cese croit que le S\u00e9n\u00e9gal pouvait basculer dans le cercle de feux qui ceinture les pays de l\u2019Afrique de l\u2019Ouest, tels que le Mali, le Burkina Faso, la Guin\u00e9e Conakry o\u00f9 s\u00e9vissent les fl\u00e9aux de terrorisme, d\u2019extr\u00e9misme et de djihadisme. D\u2019apr\u00e8s le pr\u00e9sident de Rewmi, il ne regrette rien de son choix de travailler aux c\u00f4t\u00e9s du Pr\u00e9sident Sall. Si c\u2019est cette d\u00e9marche et ce choix politique qu\u2019on qualifie de tortuosit\u00e9, Idrissa Seck va r\u00e9pondre qu\u2019il l\u2019assume enti\u00e8rement et assure qu\u2019il ne nourrit aucun regret. La paix et la stabilit\u00e9 du pays en valent le co\u00fbt, dit-il dans l\u2019Obs.\" \/>\n<meta property=\"og:url\" content=\"https:\/\/www.public.sn\/index.php\/2023\/03\/31\/la-position-de-idrissa-seck-pour-le-3eme-mandat-reste-le-meme\/\" \/>\n<meta property=\"og:site_name\" content=\"LE PUBLIC\" \/>\n<meta property=\"article:published_time\" content=\"2023-03-31T18:06:30+00:00\" \/>\n<meta property=\"og:image\" content=\"https:\/\/www.public.sn\/wp-content\/uploads\/2023\/03\/Idy-pdt-CESE.jpg\" \/>\n\t<meta property=\"og:image:width\" content=\"650\" \/>\n\t<meta property=\"og:image:height\" content=\"433\" \/>\n\t<meta property=\"og:image:type\" content=\"image\/jpeg\" \/>\n<meta name=\"author\" content=\"LA REDACTION\" \/>\n<meta name=\"twitter:card\" content=\"summary_large_image\" \/>\n<meta name=\"twitter:label1\" content=\"\u00c9crit par\" \/>\n\t<meta name=\"twitter:data1\" content=\"LA REDACTION\" \/>\n\t<meta name=\"twitter:label2\" content=\"Dur\u00e9e de lecture estim\u00e9e\" \/>\n\t<meta name=\"twitter:data2\" content=\"3 minutes\" \/>\n<script type=\"application\/ld+json\" class=\"yoast-schema-graph\">{\"@context\":\"https:\/\/schema.org\",\"@graph\":[{\"@type\":\"Article\",\"@id\":\"https:\/\/www.public.sn\/index.php\/2023\/03\/31\/la-position-de-idrissa-seck-pour-le-3eme-mandat-reste-le-meme\/#article\",\"isPartOf\":{\"@id\":\"https:\/\/www.public.sn\/index.php\/2023\/03\/31\/la-position-de-idrissa-seck-pour-le-3eme-mandat-reste-le-meme\/\"},\"author\":{\"name\":\"LA REDACTION\",\"@id\":\"https:\/\/www.public.sn\/#\/schema\/person\/cb76c8e1b8becc6be61fb5e92d6d0224\"},\"headline\":\"La position de Idrissa Seck pour le 3\u00e9me Mandat reste le m\u00eame&#8230;\",\"datePublished\":\"2023-03-31T18:06:30+00:00\",\"mainEntityOfPage\":{\"@id\":\"https:\/\/www.public.sn\/index.php\/2023\/03\/31\/la-position-de-idrissa-seck-pour-le-3eme-mandat-reste-le-meme\/\"},\"wordCount\":679,\"commentCount\":0,\"publisher\":{\"@id\":\"https:\/\/www.public.sn\/#organization\"},\"image\":{\"@id\":\"https:\/\/www.public.sn\/index.php\/2023\/03\/31\/la-position-de-idrissa-seck-pour-le-3eme-mandat-reste-le-meme\/#primaryimage\"},\"thumbnailUrl\":\"https:\/\/www.public.sn\/wp-content\/uploads\/2023\/03\/Idy-pdt-CESE.jpg\",\"keywords\":[\"3\u00e8me candidature\",\"3\u00e8me mandat\",\"Abdoulaye Wade\",\"Idrissa Seck\",\"Macky Sall\"],\"articleSection\":[\"ACTUALIT\u00c9S\",\"AFRIQUE &amp; MONDE\",\"POLITIQUE\",\"S\u00c9N\u00c9GAL\"],\"inLanguage\":\"fr-FR\",\"potentialAction\":[{\"@type\":\"CommentAction\",\"name\":\"Comment\",\"target\":[\"https:\/\/www.public.sn\/index.php\/2023\/03\/31\/la-position-de-idrissa-seck-pour-le-3eme-mandat-reste-le-meme\/#respond\"]}]},{\"@type\":\"WebPage\",\"@id\":\"https:\/\/www.public.sn\/index.php\/2023\/03\/31\/la-position-de-idrissa-seck-pour-le-3eme-mandat-reste-le-meme\/\",\"url\":\"https:\/\/www.public.sn\/index.php\/2023\/03\/31\/la-position-de-idrissa-seck-pour-le-3eme-mandat-reste-le-meme\/\",\"name\":\"La position de Idrissa Seck pour le 3\u00e9me Mandat reste le m\u00eame... - LE PUBLIC\",\"isPartOf\":{\"@id\":\"https:\/\/www.public.sn\/#website\"},\"primaryImageOfPage\":{\"@id\":\"https:\/\/www.public.sn\/index.php\/2023\/03\/31\/la-position-de-idrissa-seck-pour-le-3eme-mandat-reste-le-meme\/#primaryimage\"},\"image\":{\"@id\":\"https:\/\/www.public.sn\/index.php\/2023\/03\/31\/la-position-de-idrissa-seck-pour-le-3eme-mandat-reste-le-meme\/#primaryimage\"},\"thumbnailUrl\":\"https:\/\/www.public.sn\/wp-content\/uploads\/2023\/03\/Idy-pdt-CESE.jpg\",\"datePublished\":\"2023-03-31T18:06:30+00:00\",\"breadcrumb\":{\"@id\":\"https:\/\/www.public.sn\/index.php\/2023\/03\/31\/la-position-de-idrissa-seck-pour-le-3eme-mandat-reste-le-meme\/#breadcrumb\"},\"inLanguage\":\"fr-FR\",\"potentialAction\":[{\"@type\":\"ReadAction\",\"target\":[\"https:\/\/www.public.sn\/index.php\/2023\/03\/31\/la-position-de-idrissa-seck-pour-le-3eme-mandat-reste-le-meme\/\"]}]},{\"@type\":\"ImageObject\",\"inLanguage\":\"fr-FR\",\"@id\":\"https:\/\/www.public.sn\/index.php\/2023\/03\/31\/la-position-de-idrissa-seck-pour-le-3eme-mandat-reste-le-meme\/#primaryimage\",\"url\":\"https:\/\/www.public.sn\/wp-content\/uploads\/2023\/03\/Idy-pdt-CESE.jpg\",\"contentUrl\":\"https:\/\/www.public.sn\/wp-content\/uploads\/2023\/03\/Idy-pdt-CESE.jpg\",\"width\":650,\"height\":433},{\"@type\":\"BreadcrumbList\",\"@id\":\"https:\/\/www.public.sn\/index.php\/2023\/03\/31\/la-position-de-idrissa-seck-pour-le-3eme-mandat-reste-le-meme\/#breadcrumb\",\"itemListElement\":[{\"@type\":\"ListItem\",\"position\":1,\"name\":\"Accueil\",\"item\":\"https:\/\/www.public.sn\/\"},{\"@type\":\"ListItem\",\"position\":2,\"name\":\"La position de Idrissa Seck pour le 3\u00e9me Mandat reste le m\u00eame&#8230;\"}]},{\"@type\":\"WebSite\",\"@id\":\"https:\/\/www.public.sn\/#website\",\"url\":\"https:\/\/www.public.sn\/\",\"name\":\"LE PUBLIC\",\"description\":\"\",\"publisher\":{\"@id\":\"https:\/\/www.public.sn\/#organization\"},\"potentialAction\":[{\"@type\":\"SearchAction\",\"target\":{\"@type\":\"EntryPoint\",\"urlTemplate\":\"https:\/\/www.public.sn\/?s={search_term_string}\"},\"query-input\":{\"@type\":\"PropertyValueSpecification\",\"valueRequired\":true,\"valueName\":\"search_term_string\"}}],\"inLanguage\":\"fr-FR\"},{\"@type\":\"Organization\",\"@id\":\"https:\/\/www.public.sn\/#organization\",\"name\":\"LE PUBLIC\",\"url\":\"https:\/\/www.public.sn\/\",\"logo\":{\"@type\":\"ImageObject\",\"inLanguage\":\"fr-FR\",\"@id\":\"https:\/\/www.public.sn\/#\/schema\/logo\/image\/\",\"url\":\"https:\/\/www.public.sn\/wp-content\/uploads\/2024\/05\/cropped-LOGO-PUBLIC.SN_.png\",\"contentUrl\":\"https:\/\/www.public.sn\/wp-content\/uploads\/2024\/05\/cropped-LOGO-PUBLIC.SN_.png\",\"width\":682,\"height\":192,\"caption\":\"LE PUBLIC\"},\"image\":{\"@id\":\"https:\/\/www.public.sn\/#\/schema\/logo\/image\/\"}},{\"@type\":\"Person\",\"@id\":\"https:\/\/www.public.sn\/#\/schema\/person\/cb76c8e1b8becc6be61fb5e92d6d0224\",\"name\":\"LA REDACTION\",\"image\":{\"@type\":\"ImageObject\",\"inLanguage\":\"fr-FR\",\"@id\":\"https:\/\/www.public.sn\/#\/schema\/person\/image\/\",\"url\":\"https:\/\/secure.gravatar.com\/avatar\/2dce5ddd34b8fef0180efe03aa2a9bee7d953856048f9a16b298190a3178407c?s=96&d=mm&r=g\",\"contentUrl\":\"https:\/\/secure.gravatar.com\/avatar\/2dce5ddd34b8fef0180efe03aa2a9bee7d953856048f9a16b298190a3178407c?s=96&d=mm&r=g\",\"caption\":\"LA REDACTION\"},\"url\":\"https:\/\/www.public.sn\/index.php\/author\/editeurpsn\/\"}]}<\/script>\n<!-- \/ Yoast SEO plugin. -->","yoast_head_json":{"title":"La position de Idrissa Seck pour le 3\u00e9me Mandat reste le m\u00eame... - LE PUBLIC","robots":{"index":"index","follow":"follow","max-snippet":"max-snippet:-1","max-image-preview":"max-image-preview:large","max-video-preview":"max-video-preview:-1"},"canonical":"https:\/\/www.public.sn\/index.php\/2023\/03\/31\/la-position-de-idrissa-seck-pour-le-3eme-mandat-reste-le-meme\/","og_locale":"fr_FR","og_type":"article","og_title":"La position de Idrissa Seck pour le 3\u00e9me Mandat reste le m\u00eame... - LE PUBLIC","og_description":"Le 23 mars dernier, les \u00e9tudiants s\u00e9n\u00e9galais et africains, bas\u00e9s aux Etats- Unis, ont rencontr\u00e9 au Yale Club le pr\u00e9sident du parti Rewmi, par ailleurs pr\u00e9sident du Conseil \u00e9conomique, social et environnemental (Cese), Idrissa S\u00e9ck. Il \u00e9tait question lors de cette rencontre d\u2019\u00e9changer avec la 4e personnalit\u00e9 de l\u2019Etat sur les risques de violences, notamment politiques, mais aussi sur la lancinante question du troisi\u00e8me mandat au S\u00e9n\u00e9gal. &nbsp; D\u2019apr\u00e8s le leader du parti Rewmi, sa position par rapport au nombre de mandats du pr\u00e9sident de la R\u00e9publique reste inchang\u00e9e. \u00ab Retenez que du Sopi d\u2019hier, avec Me Abdoulaye Wade, au Rewmi d\u2019aujourd\u2019hui, avec Idy, je poursuis invraisemblable et inlassablement le m\u00eame projet politique dont les piliers demeurent constants. L\u2019un de ces piliers est de faire de notre pays, un pays souverain, respect\u00e9 par tous ses partenaires, dot\u00e9 de moyens s\u00e9curitaires appropri\u00e9s en personnel, \u00e9quipements et infrastructures pour faire face efficacement aux menaces ext\u00e9rieures et int\u00e9rieures afin d\u2019offrir aux citoyens, comme aux \u00e9trangers vivants parmi nous, un environnement pacifi\u00e9 et s\u00e9curis\u00e9 pour l\u2019exercice de leurs activit\u00e9s l\u00e9gitimes, th\u00e9orise le pr\u00e9sident du Conseil \u00e9conomique, social et environnemental. Toujours sur la question du troisi\u00e8me mandat, Idrissa Seck a voulu \u00eatre clair. Il d\u00e9clare que \u00able projet Sopi d\u2019hier et celui de Rewmi d\u2019aujourd\u2019hui ont toujours voulu faire du S\u00e9n\u00e9gal, une d\u00e9mocratie majeure o\u00f9 le pouvoir se transmet par intervalles r\u00e9guliers et n\u2019exc\u00e9dant pas dix ans. C\u2019est cela qui a justifi\u00e9 son combat acharn\u00e9 contre le projet de troisi\u00e8me mandat du Pr\u00e9sident Abdoulaye Wade, m\u00eame s\u2019il qualifie ce dernier de grand leader africain d\u2019exception. D\u2019apr\u00e8s lui, Me Abdoulaye Wade pouvait b\u00e9n\u00e9ficier d\u2019une sortie honorable, \u00e0 l\u2019image de Nelson Mandela, n\u2019e\u00fbt \u00e9t\u00e9 sa volont\u00e9 de faire un troisi\u00e8me mandat et la d\u00e9volution monarchique du pouvoir. Selon toujours le leader de Rewmi, le S\u00e9n\u00e9gal qu\u2019il souhaite voir est \u00abun S\u00e9n\u00e9gal o\u00f9 l\u2019on ne marche pas sur des cadavres pour acc\u00e9der au pouvoir ou s\u2019y maintenir. Sur le plan diplomatique, il pense que le S\u00e9n\u00e9gal doit mener une diplomatie de bon voisinage qui promeut l\u2019int\u00e9gration africaine et de participation \u00e0 la promotion de la libert\u00e9, de la paix et de la stabilit\u00e9 dans le monde. Idrissa Seck justifie son choix d\u2019accompagner le chef de l\u2019Etat, Macky Sall, dans le but de participer \u00e0 la stabilit\u00e9 et \u00e9viter toutes formes de violences pouvant d\u00e9stabiliser le pays. Ce qui peut placer le pays en position de vuln\u00e9rabilit\u00e9 vis-\u00e0-vis de l\u2019ext\u00e9rieur. Pour le deuxi\u00e8me point de son argumentaire pour l\u00e9gitimer son compagnonnage avec le Pr\u00e9sident Sall, Idrissa Seck estime qu\u2019il fallait faire un bloc en vue d\u2019att\u00e9nuer l\u2019impact plus que n\u00e9faste des cons\u00e9quences du Covid-19. En sus de cela, une autre crise majeure, c\u2019est-\u00e0-dire la guerre en Ukraine, vient conforter cette position d\u2019unit\u00e9. Le Pr\u00e9sident du Cese croit que le S\u00e9n\u00e9gal pouvait basculer dans le cercle de feux qui ceinture les pays de l\u2019Afrique de l\u2019Ouest, tels que le Mali, le Burkina Faso, la Guin\u00e9e Conakry o\u00f9 s\u00e9vissent les fl\u00e9aux de terrorisme, d\u2019extr\u00e9misme et de djihadisme. D\u2019apr\u00e8s le pr\u00e9sident de Rewmi, il ne regrette rien de son choix de travailler aux c\u00f4t\u00e9s du Pr\u00e9sident Sall. Si c\u2019est cette d\u00e9marche et ce choix politique qu\u2019on qualifie de tortuosit\u00e9, Idrissa Seck va r\u00e9pondre qu\u2019il l\u2019assume enti\u00e8rement et assure qu\u2019il ne nourrit aucun regret. La paix et la stabilit\u00e9 du pays en valent le co\u00fbt, dit-il dans l\u2019Obs.","og_url":"https:\/\/www.public.sn\/index.php\/2023\/03\/31\/la-position-de-idrissa-seck-pour-le-3eme-mandat-reste-le-meme\/","og_site_name":"LE PUBLIC","article_published_time":"2023-03-31T18:06:30+00:00","og_image":[{"width":650,"height":433,"url":"https:\/\/www.public.sn\/wp-content\/uploads\/2023\/03\/Idy-pdt-CESE.jpg","type":"image\/jpeg"}],"author":"LA REDACTION","twitter_card":"summary_large_image","twitter_misc":{"\u00c9crit par":"LA REDACTION","Dur\u00e9e de lecture estim\u00e9e":"3 minutes"},"schema":{"@context":"https:\/\/schema.org","@graph":[{"@type":"Article","@id":"https:\/\/www.public.sn\/index.php\/2023\/03\/31\/la-position-de-idrissa-seck-pour-le-3eme-mandat-reste-le-meme\/#article","isPartOf":{"@id":"https:\/\/www.public.sn\/index.php\/2023\/03\/31\/la-position-de-idrissa-seck-pour-le-3eme-mandat-reste-le-meme\/"},"author":{"name":"LA REDACTION","@id":"https:\/\/www.public.sn\/#\/schema\/person\/cb76c8e1b8becc6be61fb5e92d6d0224"},"headline":"La position de Idrissa Seck pour le 3\u00e9me Mandat reste le m\u00eame&#8230;","datePublished":"2023-03-31T18:06:30+00:00","mainEntityOfPage":{"@id":"https:\/\/www.public.sn\/index.php\/2023\/03\/31\/la-position-de-idrissa-seck-pour-le-3eme-mandat-reste-le-meme\/"},"wordCount":679,"commentCount":0,"publisher":{"@id":"https:\/\/www.public.sn\/#organization"},"image":{"@id":"https:\/\/www.public.sn\/index.php\/2023\/03\/31\/la-position-de-idrissa-seck-pour-le-3eme-mandat-reste-le-meme\/#primaryimage"},"thumbnailUrl":"https:\/\/www.public.sn\/wp-content\/uploads\/2023\/03\/Idy-pdt-CESE.jpg","keywords":["3\u00e8me candidature","3\u00e8me mandat","Abdoulaye Wade","Idrissa Seck","Macky Sall"],"articleSection":["ACTUALIT\u00c9S","AFRIQUE &amp; MONDE","POLITIQUE","S\u00c9N\u00c9GAL"],"inLanguage":"fr-FR","potentialAction":[{"@type":"CommentAction","name":"Comment","target":["https:\/\/www.public.sn\/index.php\/2023\/03\/31\/la-position-de-idrissa-seck-pour-le-3eme-mandat-reste-le-meme\/#respond"]}]},{"@type":"WebPage","@id":"https:\/\/www.public.sn\/index.php\/2023\/03\/31\/la-position-de-idrissa-seck-pour-le-3eme-mandat-reste-le-meme\/","url":"https:\/\/www.public.sn\/index.php\/2023\/03\/31\/la-position-de-idrissa-seck-pour-le-3eme-mandat-reste-le-meme\/","name":"La position de Idrissa Seck pour le 3\u00e9me Mandat reste le m\u00eame... - LE PUBLIC","isPartOf":{"@id":"https:\/\/www.public.sn\/#website"},"primaryImageOfPage":{"@id":"https:\/\/www.public.sn\/index.php\/2023\/03\/31\/la-position-de-idrissa-seck-pour-le-3eme-mandat-reste-le-meme\/#primaryimage"},"image":{"@id":"https:\/\/www.public.sn\/index.php\/2023\/03\/31\/la-position-de-idrissa-seck-pour-le-3eme-mandat-reste-le-meme\/#primaryimage"},"thumbnailUrl":"https:\/\/www.public.sn\/wp-content\/uploads\/2023\/03\/Idy-pdt-CESE.jpg","datePublished":"2023-03-31T18:06:30+00:00","breadcrumb":{"@id":"https:\/\/www.public.sn\/index.php\/2023\/03\/31\/la-position-de-idrissa-seck-pour-le-3eme-mandat-reste-le-meme\/#breadcrumb"},"inLanguage":"fr-FR","potentialAction":[{"@type":"ReadAction","target":["https:\/\/www.public.sn\/index.php\/2023\/03\/31\/la-position-de-idrissa-seck-pour-le-3eme-mandat-reste-le-meme\/"]}]},{"@type":"ImageObject","inLanguage":"fr-FR","@id":"https:\/\/www.public.sn\/index.php\/2023\/03\/31\/la-position-de-idrissa-seck-pour-le-3eme-mandat-reste-le-meme\/#primaryimage","url":"https:\/\/www.public.sn\/wp-content\/uploads\/2023\/03\/Idy-pdt-CESE.jpg","contentUrl":"https:\/\/www.public.sn\/wp-content\/uploads\/2023\/03\/Idy-pdt-CESE.jpg","width":650,"height":433},{"@type":"BreadcrumbList","@id":"https:\/\/www.public.sn\/index.php\/2023\/03\/31\/la-position-de-idrissa-seck-pour-le-3eme-mandat-reste-le-meme\/#breadcrumb","itemListElement":[{"@type":"ListItem","position":1,"name":"Accueil","item":"https:\/\/www.public.sn\/"},{"@type":"ListItem","position":2,"name":"La position de Idrissa Seck pour le 3\u00e9me Mandat reste le m\u00eame&#8230;"}]},{"@type":"WebSite","@id":"https:\/\/www.public.sn\/#website","url":"https:\/\/www.public.sn\/","name":"LE PUBLIC","description":"","publisher":{"@id":"https:\/\/www.public.sn\/#organization"},"potentialAction":[{"@type":"SearchAction","target":{"@type":"EntryPoint","urlTemplate":"https:\/\/www.public.sn\/?s={search_term_string}"},"query-input":{"@type":"PropertyValueSpecification","valueRequired":true,"valueName":"search_term_string"}}],"inLanguage":"fr-FR"},{"@type":"Organization","@id":"https:\/\/www.public.sn\/#organization","name":"LE PUBLIC","url":"https:\/\/www.public.sn\/","logo":{"@type":"ImageObject","inLanguage":"fr-FR","@id":"https:\/\/www.public.sn\/#\/schema\/logo\/image\/","url":"https:\/\/www.public.sn\/wp-content\/uploads\/2024\/05\/cropped-LOGO-PUBLIC.SN_.png","contentUrl":"https:\/\/www.public.sn\/wp-content\/uploads\/2024\/05\/cropped-LOGO-PUBLIC.SN_.png","width":682,"height":192,"caption":"LE PUBLIC"},"image":{"@id":"https:\/\/www.public.sn\/#\/schema\/logo\/image\/"}},{"@type":"Person","@id":"https:\/\/www.public.sn\/#\/schema\/person\/cb76c8e1b8becc6be61fb5e92d6d0224","name":"LA REDACTION","image":{"@type":"ImageObject","inLanguage":"fr-FR","@id":"https:\/\/www.public.sn\/#\/schema\/person\/image\/","url":"https:\/\/secure.gravatar.com\/avatar\/2dce5ddd34b8fef0180efe03aa2a9bee7d953856048f9a16b298190a3178407c?s=96&d=mm&r=g","contentUrl":"https:\/\/secure.gravatar.com\/avatar\/2dce5ddd34b8fef0180efe03aa2a9bee7d953856048f9a16b298190a3178407c?s=96&d=mm&r=g","caption":"LA REDACTION"},"url":"https:\/\/www.public.sn\/index.php\/author\/editeurpsn\/"}]}},"jetpack_featured_media_url":"https:\/\/www.public.sn\/wp-content\/uploads\/2023\/03\/Idy-pdt-CESE.jpg","jetpack_sharing_enabled":true,"_links":{"self":[{"href":"https:\/\/www.public.sn\/index.php\/wp-json\/wp\/v2\/posts\/19121","targetHints":{"allow":["GET"]}}],"collection":[{"href":"https:\/\/www.public.sn\/index.php\/wp-json\/wp\/v2\/posts"}],"about":[{"href":"https:\/\/www.public.sn\/index.php\/wp-json\/wp\/v2\/types\/post"}],"author":[{"embeddable":true,"href":"https:\/\/www.public.sn\/index.php\/wp-json\/wp\/v2\/users\/7"}],"replies":[{"embeddable":true,"href":"https:\/\/www.public.sn\/index.php\/wp-json\/wp\/v2\/comments?post=19121"}],"version-history":[{"count":1,"href":"https:\/\/www.public.sn\/index.php\/wp-json\/wp\/v2\/posts\/19121\/revisions"}],"predecessor-version":[{"id":19123,"href":"https:\/\/www.public.sn\/index.php\/wp-json\/wp\/v2\/posts\/19121\/revisions\/19123"}],"wp:featuredmedia":[{"embeddable":true,"href":"https:\/\/www.public.sn\/index.php\/wp-json\/wp\/v2\/media\/19122"}],"wp:attachment":[{"href":"https:\/\/www.public.sn\/index.php\/wp-json\/wp\/v2\/media?parent=19121"}],"wp:term":[{"taxonomy":"category","embeddable":true,"href":"https:\/\/www.public.sn\/index.php\/wp-json\/wp\/v2\/categories?post=19121"},{"taxonomy":"post_tag","embeddable":true,"href":"https:\/\/www.public.sn\/index.php\/wp-json\/wp\/v2\/tags?post=19121"}],"curies":[{"name":"wp","href":"https:\/\/api.w.org\/{rel}","templated":true}]}}