{"id":19139,"date":"2023-03-31T20:27:06","date_gmt":"2023-03-31T20:27:06","guid":{"rendered":"https:\/\/www.public.sn\/?p=19139"},"modified":"2023-03-31T20:27:06","modified_gmt":"2023-03-31T20:27:06","slug":"elections-2024-3eme-mandat-un-proche-de-macky-sall-vend-la-meche-il-ne","status":"publish","type":"post","link":"https:\/\/www.public.sn\/index.php\/2023\/03\/31\/elections-2024-3eme-mandat-un-proche-de-macky-sall-vend-la-meche-il-ne\/","title":{"rendered":"Elections 2024 \u2013 3eme Mandat : Un proche de Macky Sall vend la m\u00e8che, \u00ab Il ne\u2026 \u00bb"},"content":{"rendered":"<p><strong>Farba Ngom, proche du pr\u00e9sident Macky Sall, a r\u00e9cemment r\u00e9v\u00e9l\u00e9 que certains membres de la coalition Benno Bokk Yakar ne soutiennent pas le troisi\u00e8me mandat de Macky Sall, malgr\u00e9 leur appartenance au parti. S\u2019exprimant lors d\u2019une interview avec Ma\u00efmouna Ndour Faye, le d\u00e9put\u00e9-maire d\u2019Agnam a \u00e9galement \u00e9voqu\u00e9 le double jeu de certains membres du gouvernement.<\/strong><\/p><div class=\"publi-paragraphe1\" style=\"margin-top: 10px;margin-bottom: 10px;margin-left: auto;margin-right: auto;text-align: center;\" id=\"publi-2374128969\"><div class=\"publi-adlabel\">Publicit\u00e9<\/div><script async src=\"\/\/pagead2.googlesyndication.com\/pagead\/js\/adsbygoogle.js?client=ca-pub-4089586018074219\" crossorigin=\"anonymous\"><\/script><ins class=\"adsbygoogle\" style=\"display:block;\" data-ad-client=\"ca-pub-4089586018074219\" \ndata-ad-slot=\"2087940154\" \ndata-ad-format=\"auto\"><\/ins>\n<script> \n(adsbygoogle = window.adsbygoogle || []).push({}); \n<\/script>\n<\/div>\n<div><\/div>\n<p>Bien qu\u2019il soutienne la candidature de Macky Sall pour les \u00e9lections de 2024,\u00a0Farba Ngom\u00a0a d\u00e9clar\u00e9 que le pr\u00e9sident ne lui a jamais confirm\u00e9 sa candidature. Il a \u00e9galement admis que des personnes au sein du gouvernement sont contre la candidature de Macky Sall, mais que la majorit\u00e9 des membres de l\u2019APR et de la coalition Benno Bokk Yakar sont derri\u00e8re eux.<\/p>\n<p>En tant que secr\u00e9taire national \u00e0 l\u2019organisation et \u00e0 la mobilisation de l\u2019APR, son r\u00f4le est de rassembler les personnes frustr\u00e9es et en col\u00e8re, m\u00eame celles qui ne partagent pas sa vision.<\/p>\n<div class=\"publi-apres-le-contenu\" style=\"margin-top: 10px;margin-bottom: 10px;margin-left: auto;margin-right: auto;text-align: center;\" id=\"publi-493525588\"><div class=\"publi-adlabel\">Publicit\u00e9<\/div><script async src=\"\/\/pagead2.googlesyndication.com\/pagead\/js\/adsbygoogle.js?client=ca-pub-4089586018074219\" crossorigin=\"anonymous\"><\/script><ins class=\"adsbygoogle\" style=\"display:block;\" data-ad-client=\"ca-pub-4089586018074219\" \ndata-ad-slot=\"2087940154\" \ndata-ad-format=\"auto\"><\/ins>\n<script> \n(adsbygoogle = window.adsbygoogle || []).push({}); \n<\/script>\n<\/div>","protected":false},"excerpt":{"rendered":"<p>Farba Ngom, proche du pr\u00e9sident Macky Sall, a r\u00e9cemment r\u00e9v\u00e9l\u00e9 que certains membres de la coalition Benno Bokk Yakar ne soutiennent pas le troisi\u00e8me mandat de Macky Sall, malgr\u00e9 leur appartenance au parti. S\u2019exprimant lors d\u2019une interview avec Ma\u00efmouna Ndour Faye, le d\u00e9put\u00e9-maire d\u2019Agnam a \u00e9galement \u00e9voqu\u00e9 le double jeu de certains membres du gouvernement. Bien qu\u2019il soutienne la candidature de Macky Sall pour les \u00e9lections de 2024,\u00a0Farba Ngom\u00a0a d\u00e9clar\u00e9 que le pr\u00e9sident ne lui a jamais confirm\u00e9 sa candidature. Il a \u00e9galement admis que des personnes au sein du gouvernement sont contre la candidature de Macky Sall, mais que la majorit\u00e9 des membres de l\u2019APR et de la coalition Benno Bokk Yakar sont derri\u00e8re eux. En tant que secr\u00e9taire national \u00e0 l\u2019organisation et \u00e0 la mobilisation de l\u2019APR, son r\u00f4le est de rassembler les personnes frustr\u00e9es et en col\u00e8re, m\u00eame celles qui ne partagent pas sa vision.<\/p>\n","protected":false},"author":7,"featured_media":18345,"comment_status":"open","ping_status":"open","sticky":false,"template":"","format":"standard","meta":{"_jetpack_memberships_contains_paid_content":false,"footnotes":""},"categories":[375,3,376,1,4,372],"tags":[295,5022,109,11],"class_list":["post-19139","post","type-post","status-publish","format-standard","has-post-thumbnail","hentry","category-actualites","category-politique","category-securite-justice","category-non-classe","category-societe","category-vedette","tag-3eme-mandat","tag-election-presidentielle","tag-farba-ngom","tag-macky-sall","entry","has-media","owp-thumbs-layout-horizontal","owp-btn-normal","owp-tabs-layout-horizontal","has-no-thumbnails","has-product-nav"],"yoast_head":"<!-- This site is optimized with the Yoast SEO plugin v25.5 - https:\/\/yoast.com\/wordpress\/plugins\/seo\/ -->\n<title>Elections 2024 \u2013 3eme Mandat : Un proche de Macky Sall vend la m\u00e8che, \u00ab Il ne\u2026 \u00bb - LE PUBLIC<\/title>\n<meta name=\"robots\" content=\"index, follow, max-snippet:-1, max-image-preview:large, max-video-preview:-1\" \/>\n<link rel=\"canonical\" href=\"https:\/\/www.public.sn\/index.php\/2023\/03\/31\/elections-2024-3eme-mandat-un-proche-de-macky-sall-vend-la-meche-il-ne\/\" \/>\n<meta property=\"og:locale\" content=\"fr_FR\" \/>\n<meta property=\"og:type\" content=\"article\" \/>\n<meta property=\"og:title\" content=\"Elections 2024 \u2013 3eme Mandat : Un proche de Macky Sall vend la m\u00e8che, \u00ab Il ne\u2026 \u00bb - LE PUBLIC\" \/>\n<meta property=\"og:description\" content=\"Farba Ngom, proche du pr\u00e9sident Macky Sall, a r\u00e9cemment r\u00e9v\u00e9l\u00e9 que certains membres de la coalition Benno Bokk Yakar ne soutiennent pas le troisi\u00e8me mandat de Macky Sall, malgr\u00e9 leur appartenance au parti. S\u2019exprimant lors d\u2019une interview avec Ma\u00efmouna Ndour Faye, le d\u00e9put\u00e9-maire d\u2019Agnam a \u00e9galement \u00e9voqu\u00e9 le double jeu de certains membres du gouvernement. Bien qu\u2019il soutienne la candidature de Macky Sall pour les \u00e9lections de 2024,\u00a0Farba Ngom\u00a0a d\u00e9clar\u00e9 que le pr\u00e9sident ne lui a jamais confirm\u00e9 sa candidature. Il a \u00e9galement admis que des personnes au sein du gouvernement sont contre la candidature de Macky Sall, mais que la majorit\u00e9 des membres de l\u2019APR et de la coalition Benno Bokk Yakar sont derri\u00e8re eux. En tant que secr\u00e9taire national \u00e0 l\u2019organisation et \u00e0 la mobilisation de l\u2019APR, son r\u00f4le est de rassembler les personnes frustr\u00e9es et en col\u00e8re, m\u00eame celles qui ne partagent pas sa vision.\" \/>\n<meta property=\"og:url\" content=\"https:\/\/www.public.sn\/index.php\/2023\/03\/31\/elections-2024-3eme-mandat-un-proche-de-macky-sall-vend-la-meche-il-ne\/\" \/>\n<meta property=\"og:site_name\" content=\"LE PUBLIC\" \/>\n<meta property=\"article:published_time\" content=\"2023-03-31T20:27:06+00:00\" \/>\n<meta property=\"og:image\" content=\"https:\/\/www.public.sn\/wp-content\/uploads\/2023\/03\/Macky-Sall.jpg\" \/>\n\t<meta property=\"og:image:width\" content=\"863\" \/>\n\t<meta property=\"og:image:height\" content=\"609\" \/>\n\t<meta property=\"og:image:type\" content=\"image\/jpeg\" \/>\n<meta name=\"author\" content=\"LA REDACTION\" \/>\n<meta name=\"twitter:card\" content=\"summary_large_image\" \/>\n<meta name=\"twitter:label1\" content=\"\u00c9crit par\" \/>\n\t<meta name=\"twitter:data1\" content=\"LA REDACTION\" \/>\n\t<meta name=\"twitter:label2\" content=\"Dur\u00e9e de lecture estim\u00e9e\" \/>\n\t<meta name=\"twitter:data2\" content=\"1 minute\" \/>\n<script type=\"application\/ld+json\" class=\"yoast-schema-graph\">{\"@context\":\"https:\/\/schema.org\",\"@graph\":[{\"@type\":\"Article\",\"@id\":\"https:\/\/www.public.sn\/index.php\/2023\/03\/31\/elections-2024-3eme-mandat-un-proche-de-macky-sall-vend-la-meche-il-ne\/#article\",\"isPartOf\":{\"@id\":\"https:\/\/www.public.sn\/index.php\/2023\/03\/31\/elections-2024-3eme-mandat-un-proche-de-macky-sall-vend-la-meche-il-ne\/\"},\"author\":{\"name\":\"LA REDACTION\",\"@id\":\"https:\/\/www.public.sn\/#\/schema\/person\/cb76c8e1b8becc6be61fb5e92d6d0224\"},\"headline\":\"Elections 2024 \u2013 3eme Mandat : Un proche de Macky Sall vend la m\u00e8che, \u00ab Il ne\u2026 \u00bb\",\"datePublished\":\"2023-03-31T20:27:06+00:00\",\"mainEntityOfPage\":{\"@id\":\"https:\/\/www.public.sn\/index.php\/2023\/03\/31\/elections-2024-3eme-mandat-un-proche-de-macky-sall-vend-la-meche-il-ne\/\"},\"wordCount\":184,\"commentCount\":0,\"publisher\":{\"@id\":\"https:\/\/www.public.sn\/#organization\"},\"image\":{\"@id\":\"https:\/\/www.public.sn\/index.php\/2023\/03\/31\/elections-2024-3eme-mandat-un-proche-de-macky-sall-vend-la-meche-il-ne\/#primaryimage\"},\"thumbnailUrl\":\"https:\/\/www.public.sn\/wp-content\/uploads\/2023\/03\/Macky-Sall.jpg\",\"keywords\":[\"3\u00e8me mandat\",\"\u00e9lection pr\u00e9sidentielle\",\"Farba Ngom\",\"Macky Sall\"],\"articleSection\":[\"ACTUALIT\u00c9S\",\"POLITIQUE\",\"S\u00c9CURIT\u00c9 &amp; JUSTICE\",\"S\u00c9N\u00c9GAL\",\"SOCIETE\",\"VEDETTE\"],\"inLanguage\":\"fr-FR\",\"potentialAction\":[{\"@type\":\"CommentAction\",\"name\":\"Comment\",\"target\":[\"https:\/\/www.public.sn\/index.php\/2023\/03\/31\/elections-2024-3eme-mandat-un-proche-de-macky-sall-vend-la-meche-il-ne\/#respond\"]}]},{\"@type\":\"WebPage\",\"@id\":\"https:\/\/www.public.sn\/index.php\/2023\/03\/31\/elections-2024-3eme-mandat-un-proche-de-macky-sall-vend-la-meche-il-ne\/\",\"url\":\"https:\/\/www.public.sn\/index.php\/2023\/03\/31\/elections-2024-3eme-mandat-un-proche-de-macky-sall-vend-la-meche-il-ne\/\",\"name\":\"Elections 2024 \u2013 3eme Mandat : Un proche de Macky Sall vend la m\u00e8che, \u00ab Il ne\u2026 \u00bb - LE PUBLIC\",\"isPartOf\":{\"@id\":\"https:\/\/www.public.sn\/#website\"},\"primaryImageOfPage\":{\"@id\":\"https:\/\/www.public.sn\/index.php\/2023\/03\/31\/elections-2024-3eme-mandat-un-proche-de-macky-sall-vend-la-meche-il-ne\/#primaryimage\"},\"image\":{\"@id\":\"https:\/\/www.public.sn\/index.php\/2023\/03\/31\/elections-2024-3eme-mandat-un-proche-de-macky-sall-vend-la-meche-il-ne\/#primaryimage\"},\"thumbnailUrl\":\"https:\/\/www.public.sn\/wp-content\/uploads\/2023\/03\/Macky-Sall.jpg\",\"datePublished\":\"2023-03-31T20:27:06+00:00\",\"breadcrumb\":{\"@id\":\"https:\/\/www.public.sn\/index.php\/2023\/03\/31\/elections-2024-3eme-mandat-un-proche-de-macky-sall-vend-la-meche-il-ne\/#breadcrumb\"},\"inLanguage\":\"fr-FR\",\"potentialAction\":[{\"@type\":\"ReadAction\",\"target\":[\"https:\/\/www.public.sn\/index.php\/2023\/03\/31\/elections-2024-3eme-mandat-un-proche-de-macky-sall-vend-la-meche-il-ne\/\"]}]},{\"@type\":\"ImageObject\",\"inLanguage\":\"fr-FR\",\"@id\":\"https:\/\/www.public.sn\/index.php\/2023\/03\/31\/elections-2024-3eme-mandat-un-proche-de-macky-sall-vend-la-meche-il-ne\/#primaryimage\",\"url\":\"https:\/\/www.public.sn\/wp-content\/uploads\/2023\/03\/Macky-Sall.jpg\",\"contentUrl\":\"https:\/\/www.public.sn\/wp-content\/uploads\/2023\/03\/Macky-Sall.jpg\",\"width\":863,\"height\":609},{\"@type\":\"BreadcrumbList\",\"@id\":\"https:\/\/www.public.sn\/index.php\/2023\/03\/31\/elections-2024-3eme-mandat-un-proche-de-macky-sall-vend-la-meche-il-ne\/#breadcrumb\",\"itemListElement\":[{\"@type\":\"ListItem\",\"position\":1,\"name\":\"Accueil\",\"item\":\"https:\/\/www.public.sn\/\"},{\"@type\":\"ListItem\",\"position\":2,\"name\":\"Elections 2024 \u2013 3eme Mandat : Un proche de Macky Sall vend la m\u00e8che, \u00ab Il ne\u2026 \u00bb\"}]},{\"@type\":\"WebSite\",\"@id\":\"https:\/\/www.public.sn\/#website\",\"url\":\"https:\/\/www.public.sn\/\",\"name\":\"LE PUBLIC\",\"description\":\"\",\"publisher\":{\"@id\":\"https:\/\/www.public.sn\/#organization\"},\"potentialAction\":[{\"@type\":\"SearchAction\",\"target\":{\"@type\":\"EntryPoint\",\"urlTemplate\":\"https:\/\/www.public.sn\/?s={search_term_string}\"},\"query-input\":{\"@type\":\"PropertyValueSpecification\",\"valueRequired\":true,\"valueName\":\"search_term_string\"}}],\"inLanguage\":\"fr-FR\"},{\"@type\":\"Organization\",\"@id\":\"https:\/\/www.public.sn\/#organization\",\"name\":\"LE PUBLIC\",\"url\":\"https:\/\/www.public.sn\/\",\"logo\":{\"@type\":\"ImageObject\",\"inLanguage\":\"fr-FR\",\"@id\":\"https:\/\/www.public.sn\/#\/schema\/logo\/image\/\",\"url\":\"https:\/\/www.public.sn\/wp-content\/uploads\/2024\/05\/cropped-LOGO-PUBLIC.SN_.png\",\"contentUrl\":\"https:\/\/www.public.sn\/wp-content\/uploads\/2024\/05\/cropped-LOGO-PUBLIC.SN_.png\",\"width\":682,\"height\":192,\"caption\":\"LE PUBLIC\"},\"image\":{\"@id\":\"https:\/\/www.public.sn\/#\/schema\/logo\/image\/\"}},{\"@type\":\"Person\",\"@id\":\"https:\/\/www.public.sn\/#\/schema\/person\/cb76c8e1b8becc6be61fb5e92d6d0224\",\"name\":\"LA REDACTION\",\"image\":{\"@type\":\"ImageObject\",\"inLanguage\":\"fr-FR\",\"@id\":\"https:\/\/www.public.sn\/#\/schema\/person\/image\/\",\"url\":\"https:\/\/secure.gravatar.com\/avatar\/2dce5ddd34b8fef0180efe03aa2a9bee7d953856048f9a16b298190a3178407c?s=96&d=mm&r=g\",\"contentUrl\":\"https:\/\/secure.gravatar.com\/avatar\/2dce5ddd34b8fef0180efe03aa2a9bee7d953856048f9a16b298190a3178407c?s=96&d=mm&r=g\",\"caption\":\"LA REDACTION\"},\"url\":\"https:\/\/www.public.sn\/index.php\/author\/editeurpsn\/\"}]}<\/script>\n<!-- \/ Yoast SEO plugin. -->","yoast_head_json":{"title":"Elections 2024 \u2013 3eme Mandat : Un proche de Macky Sall vend la m\u00e8che, \u00ab Il ne\u2026 \u00bb - LE PUBLIC","robots":{"index":"index","follow":"follow","max-snippet":"max-snippet:-1","max-image-preview":"max-image-preview:large","max-video-preview":"max-video-preview:-1"},"canonical":"https:\/\/www.public.sn\/index.php\/2023\/03\/31\/elections-2024-3eme-mandat-un-proche-de-macky-sall-vend-la-meche-il-ne\/","og_locale":"fr_FR","og_type":"article","og_title":"Elections 2024 \u2013 3eme Mandat : Un proche de Macky Sall vend la m\u00e8che, \u00ab Il ne\u2026 \u00bb - LE PUBLIC","og_description":"Farba Ngom, proche du pr\u00e9sident Macky Sall, a r\u00e9cemment r\u00e9v\u00e9l\u00e9 que certains membres de la coalition Benno Bokk Yakar ne soutiennent pas le troisi\u00e8me mandat de Macky Sall, malgr\u00e9 leur appartenance au parti. S\u2019exprimant lors d\u2019une interview avec Ma\u00efmouna Ndour Faye, le d\u00e9put\u00e9-maire d\u2019Agnam a \u00e9galement \u00e9voqu\u00e9 le double jeu de certains membres du gouvernement. Bien qu\u2019il soutienne la candidature de Macky Sall pour les \u00e9lections de 2024,\u00a0Farba Ngom\u00a0a d\u00e9clar\u00e9 que le pr\u00e9sident ne lui a jamais confirm\u00e9 sa candidature. Il a \u00e9galement admis que des personnes au sein du gouvernement sont contre la candidature de Macky Sall, mais que la majorit\u00e9 des membres de l\u2019APR et de la coalition Benno Bokk Yakar sont derri\u00e8re eux. En tant que secr\u00e9taire national \u00e0 l\u2019organisation et \u00e0 la mobilisation de l\u2019APR, son r\u00f4le est de rassembler les personnes frustr\u00e9es et en col\u00e8re, m\u00eame celles qui ne partagent pas sa vision.","og_url":"https:\/\/www.public.sn\/index.php\/2023\/03\/31\/elections-2024-3eme-mandat-un-proche-de-macky-sall-vend-la-meche-il-ne\/","og_site_name":"LE PUBLIC","article_published_time":"2023-03-31T20:27:06+00:00","og_image":[{"width":863,"height":609,"url":"https:\/\/www.public.sn\/wp-content\/uploads\/2023\/03\/Macky-Sall.jpg","type":"image\/jpeg"}],"author":"LA REDACTION","twitter_card":"summary_large_image","twitter_misc":{"\u00c9crit par":"LA REDACTION","Dur\u00e9e de lecture estim\u00e9e":"1 minute"},"schema":{"@context":"https:\/\/schema.org","@graph":[{"@type":"Article","@id":"https:\/\/www.public.sn\/index.php\/2023\/03\/31\/elections-2024-3eme-mandat-un-proche-de-macky-sall-vend-la-meche-il-ne\/#article","isPartOf":{"@id":"https:\/\/www.public.sn\/index.php\/2023\/03\/31\/elections-2024-3eme-mandat-un-proche-de-macky-sall-vend-la-meche-il-ne\/"},"author":{"name":"LA REDACTION","@id":"https:\/\/www.public.sn\/#\/schema\/person\/cb76c8e1b8becc6be61fb5e92d6d0224"},"headline":"Elections 2024 \u2013 3eme Mandat : Un proche de Macky Sall vend la m\u00e8che, \u00ab Il ne\u2026 \u00bb","datePublished":"2023-03-31T20:27:06+00:00","mainEntityOfPage":{"@id":"https:\/\/www.public.sn\/index.php\/2023\/03\/31\/elections-2024-3eme-mandat-un-proche-de-macky-sall-vend-la-meche-il-ne\/"},"wordCount":184,"commentCount":0,"publisher":{"@id":"https:\/\/www.public.sn\/#organization"},"image":{"@id":"https:\/\/www.public.sn\/index.php\/2023\/03\/31\/elections-2024-3eme-mandat-un-proche-de-macky-sall-vend-la-meche-il-ne\/#primaryimage"},"thumbnailUrl":"https:\/\/www.public.sn\/wp-content\/uploads\/2023\/03\/Macky-Sall.jpg","keywords":["3\u00e8me mandat","\u00e9lection pr\u00e9sidentielle","Farba Ngom","Macky Sall"],"articleSection":["ACTUALIT\u00c9S","POLITIQUE","S\u00c9CURIT\u00c9 &amp; JUSTICE","S\u00c9N\u00c9GAL","SOCIETE","VEDETTE"],"inLanguage":"fr-FR","potentialAction":[{"@type":"CommentAction","name":"Comment","target":["https:\/\/www.public.sn\/index.php\/2023\/03\/31\/elections-2024-3eme-mandat-un-proche-de-macky-sall-vend-la-meche-il-ne\/#respond"]}]},{"@type":"WebPage","@id":"https:\/\/www.public.sn\/index.php\/2023\/03\/31\/elections-2024-3eme-mandat-un-proche-de-macky-sall-vend-la-meche-il-ne\/","url":"https:\/\/www.public.sn\/index.php\/2023\/03\/31\/elections-2024-3eme-mandat-un-proche-de-macky-sall-vend-la-meche-il-ne\/","name":"Elections 2024 \u2013 3eme Mandat : Un proche de Macky Sall vend la m\u00e8che, \u00ab Il ne\u2026 \u00bb - LE PUBLIC","isPartOf":{"@id":"https:\/\/www.public.sn\/#website"},"primaryImageOfPage":{"@id":"https:\/\/www.public.sn\/index.php\/2023\/03\/31\/elections-2024-3eme-mandat-un-proche-de-macky-sall-vend-la-meche-il-ne\/#primaryimage"},"image":{"@id":"https:\/\/www.public.sn\/index.php\/2023\/03\/31\/elections-2024-3eme-mandat-un-proche-de-macky-sall-vend-la-meche-il-ne\/#primaryimage"},"thumbnailUrl":"https:\/\/www.public.sn\/wp-content\/uploads\/2023\/03\/Macky-Sall.jpg","datePublished":"2023-03-31T20:27:06+00:00","breadcrumb":{"@id":"https:\/\/www.public.sn\/index.php\/2023\/03\/31\/elections-2024-3eme-mandat-un-proche-de-macky-sall-vend-la-meche-il-ne\/#breadcrumb"},"inLanguage":"fr-FR","potentialAction":[{"@type":"ReadAction","target":["https:\/\/www.public.sn\/index.php\/2023\/03\/31\/elections-2024-3eme-mandat-un-proche-de-macky-sall-vend-la-meche-il-ne\/"]}]},{"@type":"ImageObject","inLanguage":"fr-FR","@id":"https:\/\/www.public.sn\/index.php\/2023\/03\/31\/elections-2024-3eme-mandat-un-proche-de-macky-sall-vend-la-meche-il-ne\/#primaryimage","url":"https:\/\/www.public.sn\/wp-content\/uploads\/2023\/03\/Macky-Sall.jpg","contentUrl":"https:\/\/www.public.sn\/wp-content\/uploads\/2023\/03\/Macky-Sall.jpg","width":863,"height":609},{"@type":"BreadcrumbList","@id":"https:\/\/www.public.sn\/index.php\/2023\/03\/31\/elections-2024-3eme-mandat-un-proche-de-macky-sall-vend-la-meche-il-ne\/#breadcrumb","itemListElement":[{"@type":"ListItem","position":1,"name":"Accueil","item":"https:\/\/www.public.sn\/"},{"@type":"ListItem","position":2,"name":"Elections 2024 \u2013 3eme Mandat : Un proche de Macky Sall vend la m\u00e8che, \u00ab Il ne\u2026 \u00bb"}]},{"@type":"WebSite","@id":"https:\/\/www.public.sn\/#website","url":"https:\/\/www.public.sn\/","name":"LE PUBLIC","description":"","publisher":{"@id":"https:\/\/www.public.sn\/#organization"},"potentialAction":[{"@type":"SearchAction","target":{"@type":"EntryPoint","urlTemplate":"https:\/\/www.public.sn\/?s={search_term_string}"},"query-input":{"@type":"PropertyValueSpecification","valueRequired":true,"valueName":"search_term_string"}}],"inLanguage":"fr-FR"},{"@type":"Organization","@id":"https:\/\/www.public.sn\/#organization","name":"LE PUBLIC","url":"https:\/\/www.public.sn\/","logo":{"@type":"ImageObject","inLanguage":"fr-FR","@id":"https:\/\/www.public.sn\/#\/schema\/logo\/image\/","url":"https:\/\/www.public.sn\/wp-content\/uploads\/2024\/05\/cropped-LOGO-PUBLIC.SN_.png","contentUrl":"https:\/\/www.public.sn\/wp-content\/uploads\/2024\/05\/cropped-LOGO-PUBLIC.SN_.png","width":682,"height":192,"caption":"LE PUBLIC"},"image":{"@id":"https:\/\/www.public.sn\/#\/schema\/logo\/image\/"}},{"@type":"Person","@id":"https:\/\/www.public.sn\/#\/schema\/person\/cb76c8e1b8becc6be61fb5e92d6d0224","name":"LA REDACTION","image":{"@type":"ImageObject","inLanguage":"fr-FR","@id":"https:\/\/www.public.sn\/#\/schema\/person\/image\/","url":"https:\/\/secure.gravatar.com\/avatar\/2dce5ddd34b8fef0180efe03aa2a9bee7d953856048f9a16b298190a3178407c?s=96&d=mm&r=g","contentUrl":"https:\/\/secure.gravatar.com\/avatar\/2dce5ddd34b8fef0180efe03aa2a9bee7d953856048f9a16b298190a3178407c?s=96&d=mm&r=g","caption":"LA REDACTION"},"url":"https:\/\/www.public.sn\/index.php\/author\/editeurpsn\/"}]}},"jetpack_featured_media_url":"https:\/\/www.public.sn\/wp-content\/uploads\/2023\/03\/Macky-Sall.jpg","jetpack_sharing_enabled":true,"_links":{"self":[{"href":"https:\/\/www.public.sn\/index.php\/wp-json\/wp\/v2\/posts\/19139","targetHints":{"allow":["GET"]}}],"collection":[{"href":"https:\/\/www.public.sn\/index.php\/wp-json\/wp\/v2\/posts"}],"about":[{"href":"https:\/\/www.public.sn\/index.php\/wp-json\/wp\/v2\/types\/post"}],"author":[{"embeddable":true,"href":"https:\/\/www.public.sn\/index.php\/wp-json\/wp\/v2\/users\/7"}],"replies":[{"embeddable":true,"href":"https:\/\/www.public.sn\/index.php\/wp-json\/wp\/v2\/comments?post=19139"}],"version-history":[{"count":1,"href":"https:\/\/www.public.sn\/index.php\/wp-json\/wp\/v2\/posts\/19139\/revisions"}],"predecessor-version":[{"id":19141,"href":"https:\/\/www.public.sn\/index.php\/wp-json\/wp\/v2\/posts\/19139\/revisions\/19141"}],"wp:featuredmedia":[{"embeddable":true,"href":"https:\/\/www.public.sn\/index.php\/wp-json\/wp\/v2\/media\/18345"}],"wp:attachment":[{"href":"https:\/\/www.public.sn\/index.php\/wp-json\/wp\/v2\/media?parent=19139"}],"wp:term":[{"taxonomy":"category","embeddable":true,"href":"https:\/\/www.public.sn\/index.php\/wp-json\/wp\/v2\/categories?post=19139"},{"taxonomy":"post_tag","embeddable":true,"href":"https:\/\/www.public.sn\/index.php\/wp-json\/wp\/v2\/tags?post=19139"}],"curies":[{"name":"wp","href":"https:\/\/api.w.org\/{rel}","templated":true}]}}