{"id":19147,"date":"2023-03-31T20:53:06","date_gmt":"2023-03-31T20:53:06","guid":{"rendered":"https:\/\/www.public.sn\/?p=19147"},"modified":"2023-03-31T20:53:06","modified_gmt":"2023-03-31T20:53:06","slug":"juan-branco-la-france-a-depeche-une-delegation-au-palais-il-y-a-5-jour","status":"publish","type":"post","link":"https:\/\/www.public.sn\/index.php\/2023\/03\/31\/juan-branco-la-france-a-depeche-une-delegation-au-palais-il-y-a-5-jour\/","title":{"rendered":"Juan Branco : \u00ab La France a d\u00e9p\u00each\u00e9 une d\u00e9l\u00e9gation au Palais il y a 5 jour"},"content":{"rendered":"<p>On n\u2019a pas encore fini de parler du verdict rendu hier jeudi par la Chambre correctionnelle dans le proc\u00e8s en diffamation qui oppose Ousmane Sonko au ministre Mame Mbaye Niang. Le tr\u00e8s r\u00e9put\u00e9 avocat fran\u00e7ais de l\u2019opposant s\u00e9n\u00e9galais, refoul\u00e9 \u00e0 sa descente d\u2019avion dans la nuit de mercredi \u00e0 jeudi, a fait une tr\u00e8s grosse r\u00e9v\u00e9lation qui, si elle se confirme, pourrait avoir jou\u00e9 dans le prononc\u00e9 du verdict rendu par le juge Mamadou Yakham Keita.<\/p><div class=\"publi-paragraphe1\" style=\"margin-top: 10px;margin-bottom: 10px;margin-left: auto;margin-right: auto;text-align: center;\" id=\"publi-3104504968\"><div class=\"publi-adlabel\">Publicit\u00e9<\/div><script async src=\"\/\/pagead2.googlesyndication.com\/pagead\/js\/adsbygoogle.js?client=ca-pub-4089586018074219\" crossorigin=\"anonymous\"><\/script><ins class=\"adsbygoogle\" style=\"display:block;\" data-ad-client=\"ca-pub-4089586018074219\" \ndata-ad-slot=\"2087940154\" \ndata-ad-format=\"auto\"><\/ins>\n<script> \n(adsbygoogle = window.adsbygoogle || []).push({}); \n<\/script>\n<\/div>\n<p>Selon Me Juan Branco, le Pr\u00e9sident Emmanuel Macron a envoy\u00e9 une d\u00e9l\u00e9gation de l\u2019\u00c9lys\u00e9e et du Quai d\u2019Orsay (minist\u00e8re des Affaires \u00e9trang\u00e8res de France) au Palais pr\u00e9sidentiel s\u00e9n\u00e9galais pour discuter du proc\u00e8s et de ses enjeux. \u00ab J\u2019apprends qu\u2019une d\u00e9l\u00e9gation de l\u2019Elysee et du quai d\u2019Orsay avait \u00e9t\u00e9 d\u00e9p\u00each\u00e9e en urgence au palais pr\u00e9sidentiel il y a cinq jours, dans la perspective du proc\u00e8s. La France pr\u00e9tendra-t-elle n\u2019avoir jou\u00e9 aucun r\u00f4le dans cette pantalonnade ? \u00bb, a-t-il \u00e9crit sur son compte Twitter.<\/p>\n<div class=\"dbe dbe-post-middle dbe-float-center dbe-align-center dbe-column-1 dbe-clearfix no-bg-box-model\">\n<div id=\"dbe-3576-95800973\" class=\"dbe-container dbe-type-code \" data-adid=\"3576\" data-type=\"code\">\n<div id=\"dbe-3576-95800973-place\"><\/div>\n<\/div>\n<\/div>\n<p>Avant de s\u2019interroger sur le mutisme du gouvernement fran\u00e7ais sur son expulsion du territoire s\u00e9n\u00e9galais: \u00ab Pourquoi se tait-elle au sujet de l\u2019arrestation et l\u2019expulsion de l\u2019un de ses ressortissants, auxiliaire de justice, dans l\u2019exercice de ses fonctions ? Pourquoi a-t-elle envoy\u00e9 un sorcier blanc dans l\u2019autre camp ? Pourquoi ce changement de chambre de jugement ? \u00bb.<\/p>\n<p>Pour rappel, Ousmane Sonko a \u00e9t\u00e9 condamn\u00e9 \u00e0 2 mois de prison avec sursis et 200 millions de dommages et int\u00e9r\u00eats \u00e0 payer au plaignant Mame M\u2019Baye Niang. La question, c\u2019est: est-ce que la France a mis la pression \u00e0 Macky pour que Sonko ne soit pas priv\u00e9 de ses droits civiques.<\/p>\n<div class=\"publi-apres-le-contenu\" style=\"margin-top: 10px;margin-bottom: 10px;margin-left: auto;margin-right: auto;text-align: center;\" id=\"publi-3621553553\"><div class=\"publi-adlabel\">Publicit\u00e9<\/div><script async src=\"\/\/pagead2.googlesyndication.com\/pagead\/js\/adsbygoogle.js?client=ca-pub-4089586018074219\" crossorigin=\"anonymous\"><\/script><ins class=\"adsbygoogle\" style=\"display:block;\" data-ad-client=\"ca-pub-4089586018074219\" \ndata-ad-slot=\"2087940154\" \ndata-ad-format=\"auto\"><\/ins>\n<script> \n(adsbygoogle = window.adsbygoogle || []).push({}); \n<\/script>\n<\/div>","protected":false},"excerpt":{"rendered":"<p>On n\u2019a pas encore fini de parler du verdict rendu hier jeudi par la Chambre correctionnelle dans le proc\u00e8s en diffamation qui oppose Ousmane Sonko au ministre Mame Mbaye Niang. Le tr\u00e8s r\u00e9put\u00e9 avocat fran\u00e7ais de l\u2019opposant s\u00e9n\u00e9galais, refoul\u00e9 \u00e0 sa descente d\u2019avion dans la nuit de mercredi \u00e0 jeudi, a fait une tr\u00e8s grosse r\u00e9v\u00e9lation qui, si elle se confirme, pourrait avoir jou\u00e9 dans le prononc\u00e9 du verdict rendu par le juge Mamadou Yakham Keita. Selon Me Juan Branco, le Pr\u00e9sident Emmanuel Macron a envoy\u00e9 une d\u00e9l\u00e9gation de l\u2019\u00c9lys\u00e9e et du Quai d\u2019Orsay (minist\u00e8re des Affaires \u00e9trang\u00e8res de France) au Palais pr\u00e9sidentiel s\u00e9n\u00e9galais pour discuter du proc\u00e8s et de ses enjeux. \u00ab J\u2019apprends qu\u2019une d\u00e9l\u00e9gation de l\u2019Elysee et du quai d\u2019Orsay avait \u00e9t\u00e9 d\u00e9p\u00each\u00e9e en urgence au palais pr\u00e9sidentiel il y a cinq jours, dans la perspective du proc\u00e8s. La France pr\u00e9tendra-t-elle n\u2019avoir jou\u00e9 aucun r\u00f4le dans cette pantalonnade ? \u00bb, a-t-il \u00e9crit sur son compte Twitter. Avant de s\u2019interroger sur le mutisme du gouvernement fran\u00e7ais sur son expulsion du territoire s\u00e9n\u00e9galais: \u00ab Pourquoi se tait-elle au sujet de l\u2019arrestation et l\u2019expulsion de l\u2019un de ses ressortissants, auxiliaire de justice, dans l\u2019exercice de ses fonctions ? Pourquoi a-t-elle envoy\u00e9 un sorcier blanc dans l\u2019autre camp ? Pourquoi ce changement de chambre de jugement ? \u00bb. Pour rappel, Ousmane Sonko a \u00e9t\u00e9 condamn\u00e9 \u00e0 2 mois de prison avec sursis et 200 millions de dommages et int\u00e9r\u00eats \u00e0 payer au plaignant Mame M\u2019Baye Niang. La question, c\u2019est: est-ce que la France a mis la pression \u00e0 Macky pour que Sonko ne soit pas priv\u00e9 de ses droits civiques.<\/p>\n","protected":false},"author":7,"featured_media":19050,"comment_status":"open","ping_status":"open","sticky":false,"template":"","format":"standard","meta":{"_jetpack_memberships_contains_paid_content":false,"footnotes":""},"categories":[375,9,3728,3724,3,376,1,4],"tags":[351,5008,24,293,611,306],"class_list":["post-19147","post","type-post","status-publish","format-standard","has-post-thumbnail","hentry","category-actualites","category-communique","category-internationale","category-justice","category-politique","category-securite-justice","category-non-classe","category-societe","tag-france","tag-juan-branco","tag-justice","tag-mame-mbaye-niang","tag-proces","tag-sonko","entry","has-media","owp-thumbs-layout-horizontal","owp-btn-normal","owp-tabs-layout-horizontal","has-no-thumbnails","has-product-nav"],"yoast_head":"<!-- This site is optimized with the Yoast SEO plugin v25.5 - https:\/\/yoast.com\/wordpress\/plugins\/seo\/ -->\n<title>Juan Branco : \u00ab La France a d\u00e9p\u00each\u00e9 une d\u00e9l\u00e9gation au Palais il y a 5 jour - LE PUBLIC<\/title>\n<meta name=\"robots\" content=\"index, follow, max-snippet:-1, max-image-preview:large, max-video-preview:-1\" \/>\n<link rel=\"canonical\" href=\"https:\/\/www.public.sn\/index.php\/2023\/03\/31\/juan-branco-la-france-a-depeche-une-delegation-au-palais-il-y-a-5-jour\/\" \/>\n<meta property=\"og:locale\" content=\"fr_FR\" \/>\n<meta property=\"og:type\" content=\"article\" \/>\n<meta property=\"og:title\" content=\"Juan Branco : \u00ab La France a d\u00e9p\u00each\u00e9 une d\u00e9l\u00e9gation au Palais il y a 5 jour - LE PUBLIC\" \/>\n<meta property=\"og:description\" content=\"On n\u2019a pas encore fini de parler du verdict rendu hier jeudi par la Chambre correctionnelle dans le proc\u00e8s en diffamation qui oppose Ousmane Sonko au ministre Mame Mbaye Niang. Le tr\u00e8s r\u00e9put\u00e9 avocat fran\u00e7ais de l\u2019opposant s\u00e9n\u00e9galais, refoul\u00e9 \u00e0 sa descente d\u2019avion dans la nuit de mercredi \u00e0 jeudi, a fait une tr\u00e8s grosse r\u00e9v\u00e9lation qui, si elle se confirme, pourrait avoir jou\u00e9 dans le prononc\u00e9 du verdict rendu par le juge Mamadou Yakham Keita. Selon Me Juan Branco, le Pr\u00e9sident Emmanuel Macron a envoy\u00e9 une d\u00e9l\u00e9gation de l\u2019\u00c9lys\u00e9e et du Quai d\u2019Orsay (minist\u00e8re des Affaires \u00e9trang\u00e8res de France) au Palais pr\u00e9sidentiel s\u00e9n\u00e9galais pour discuter du proc\u00e8s et de ses enjeux. \u00ab J\u2019apprends qu\u2019une d\u00e9l\u00e9gation de l\u2019Elysee et du quai d\u2019Orsay avait \u00e9t\u00e9 d\u00e9p\u00each\u00e9e en urgence au palais pr\u00e9sidentiel il y a cinq jours, dans la perspective du proc\u00e8s. La France pr\u00e9tendra-t-elle n\u2019avoir jou\u00e9 aucun r\u00f4le dans cette pantalonnade ? \u00bb, a-t-il \u00e9crit sur son compte Twitter. Avant de s\u2019interroger sur le mutisme du gouvernement fran\u00e7ais sur son expulsion du territoire s\u00e9n\u00e9galais: \u00ab Pourquoi se tait-elle au sujet de l\u2019arrestation et l\u2019expulsion de l\u2019un de ses ressortissants, auxiliaire de justice, dans l\u2019exercice de ses fonctions ? Pourquoi a-t-elle envoy\u00e9 un sorcier blanc dans l\u2019autre camp ? Pourquoi ce changement de chambre de jugement ? \u00bb. Pour rappel, Ousmane Sonko a \u00e9t\u00e9 condamn\u00e9 \u00e0 2 mois de prison avec sursis et 200 millions de dommages et int\u00e9r\u00eats \u00e0 payer au plaignant Mame M\u2019Baye Niang. La question, c\u2019est: est-ce que la France a mis la pression \u00e0 Macky pour que Sonko ne soit pas priv\u00e9 de ses droits civiques.\" \/>\n<meta property=\"og:url\" content=\"https:\/\/www.public.sn\/index.php\/2023\/03\/31\/juan-branco-la-france-a-depeche-une-delegation-au-palais-il-y-a-5-jour\/\" \/>\n<meta property=\"og:site_name\" content=\"LE PUBLIC\" \/>\n<meta property=\"article:published_time\" content=\"2023-03-31T20:53:06+00:00\" \/>\n<meta property=\"og:image\" content=\"https:\/\/www.public.sn\/wp-content\/uploads\/2023\/03\/Juan-Branco.jpg\" \/>\n\t<meta property=\"og:image:width\" content=\"1256\" \/>\n\t<meta property=\"og:image:height\" content=\"628\" \/>\n\t<meta property=\"og:image:type\" content=\"image\/jpeg\" \/>\n<meta name=\"author\" content=\"LA REDACTION\" \/>\n<meta name=\"twitter:card\" content=\"summary_large_image\" \/>\n<meta name=\"twitter:label1\" content=\"\u00c9crit par\" \/>\n\t<meta name=\"twitter:data1\" content=\"LA REDACTION\" \/>\n\t<meta name=\"twitter:label2\" content=\"Dur\u00e9e de lecture estim\u00e9e\" \/>\n\t<meta name=\"twitter:data2\" content=\"2 minutes\" \/>\n<script type=\"application\/ld+json\" class=\"yoast-schema-graph\">{\"@context\":\"https:\/\/schema.org\",\"@graph\":[{\"@type\":\"Article\",\"@id\":\"https:\/\/www.public.sn\/index.php\/2023\/03\/31\/juan-branco-la-france-a-depeche-une-delegation-au-palais-il-y-a-5-jour\/#article\",\"isPartOf\":{\"@id\":\"https:\/\/www.public.sn\/index.php\/2023\/03\/31\/juan-branco-la-france-a-depeche-une-delegation-au-palais-il-y-a-5-jour\/\"},\"author\":{\"name\":\"LA REDACTION\",\"@id\":\"https:\/\/www.public.sn\/#\/schema\/person\/cb76c8e1b8becc6be61fb5e92d6d0224\"},\"headline\":\"Juan Branco : \u00ab La France a d\u00e9p\u00each\u00e9 une d\u00e9l\u00e9gation au Palais il y a 5 jour\",\"datePublished\":\"2023-03-31T20:53:06+00:00\",\"mainEntityOfPage\":{\"@id\":\"https:\/\/www.public.sn\/index.php\/2023\/03\/31\/juan-branco-la-france-a-depeche-une-delegation-au-palais-il-y-a-5-jour\/\"},\"wordCount\":322,\"commentCount\":0,\"publisher\":{\"@id\":\"https:\/\/www.public.sn\/#organization\"},\"image\":{\"@id\":\"https:\/\/www.public.sn\/index.php\/2023\/03\/31\/juan-branco-la-france-a-depeche-une-delegation-au-palais-il-y-a-5-jour\/#primaryimage\"},\"thumbnailUrl\":\"https:\/\/www.public.sn\/wp-content\/uploads\/2023\/03\/Juan-Branco.jpg\",\"keywords\":[\"France\",\"Juan Branco\",\"Justice\",\"Mame Mbaye Niang\",\"Proc\u00e8s\",\"sonko\"],\"articleSection\":[\"ACTUALIT\u00c9S\",\"COMMUNIQU\u00c9\",\"internationale\",\"justice\",\"POLITIQUE\",\"S\u00c9CURIT\u00c9 &amp; JUSTICE\",\"S\u00c9N\u00c9GAL\",\"SOCIETE\"],\"inLanguage\":\"fr-FR\",\"potentialAction\":[{\"@type\":\"CommentAction\",\"name\":\"Comment\",\"target\":[\"https:\/\/www.public.sn\/index.php\/2023\/03\/31\/juan-branco-la-france-a-depeche-une-delegation-au-palais-il-y-a-5-jour\/#respond\"]}]},{\"@type\":\"WebPage\",\"@id\":\"https:\/\/www.public.sn\/index.php\/2023\/03\/31\/juan-branco-la-france-a-depeche-une-delegation-au-palais-il-y-a-5-jour\/\",\"url\":\"https:\/\/www.public.sn\/index.php\/2023\/03\/31\/juan-branco-la-france-a-depeche-une-delegation-au-palais-il-y-a-5-jour\/\",\"name\":\"Juan Branco : \u00ab La France a d\u00e9p\u00each\u00e9 une d\u00e9l\u00e9gation au Palais il y a 5 jour - LE PUBLIC\",\"isPartOf\":{\"@id\":\"https:\/\/www.public.sn\/#website\"},\"primaryImageOfPage\":{\"@id\":\"https:\/\/www.public.sn\/index.php\/2023\/03\/31\/juan-branco-la-france-a-depeche-une-delegation-au-palais-il-y-a-5-jour\/#primaryimage\"},\"image\":{\"@id\":\"https:\/\/www.public.sn\/index.php\/2023\/03\/31\/juan-branco-la-france-a-depeche-une-delegation-au-palais-il-y-a-5-jour\/#primaryimage\"},\"thumbnailUrl\":\"https:\/\/www.public.sn\/wp-content\/uploads\/2023\/03\/Juan-Branco.jpg\",\"datePublished\":\"2023-03-31T20:53:06+00:00\",\"breadcrumb\":{\"@id\":\"https:\/\/www.public.sn\/index.php\/2023\/03\/31\/juan-branco-la-france-a-depeche-une-delegation-au-palais-il-y-a-5-jour\/#breadcrumb\"},\"inLanguage\":\"fr-FR\",\"potentialAction\":[{\"@type\":\"ReadAction\",\"target\":[\"https:\/\/www.public.sn\/index.php\/2023\/03\/31\/juan-branco-la-france-a-depeche-une-delegation-au-palais-il-y-a-5-jour\/\"]}]},{\"@type\":\"ImageObject\",\"inLanguage\":\"fr-FR\",\"@id\":\"https:\/\/www.public.sn\/index.php\/2023\/03\/31\/juan-branco-la-france-a-depeche-une-delegation-au-palais-il-y-a-5-jour\/#primaryimage\",\"url\":\"https:\/\/www.public.sn\/wp-content\/uploads\/2023\/03\/Juan-Branco.jpg\",\"contentUrl\":\"https:\/\/www.public.sn\/wp-content\/uploads\/2023\/03\/Juan-Branco.jpg\",\"width\":1256,\"height\":628},{\"@type\":\"BreadcrumbList\",\"@id\":\"https:\/\/www.public.sn\/index.php\/2023\/03\/31\/juan-branco-la-france-a-depeche-une-delegation-au-palais-il-y-a-5-jour\/#breadcrumb\",\"itemListElement\":[{\"@type\":\"ListItem\",\"position\":1,\"name\":\"Accueil\",\"item\":\"https:\/\/www.public.sn\/\"},{\"@type\":\"ListItem\",\"position\":2,\"name\":\"Juan Branco : \u00ab La France a d\u00e9p\u00each\u00e9 une d\u00e9l\u00e9gation au Palais il y a 5 jour\"}]},{\"@type\":\"WebSite\",\"@id\":\"https:\/\/www.public.sn\/#website\",\"url\":\"https:\/\/www.public.sn\/\",\"name\":\"LE PUBLIC\",\"description\":\"\",\"publisher\":{\"@id\":\"https:\/\/www.public.sn\/#organization\"},\"potentialAction\":[{\"@type\":\"SearchAction\",\"target\":{\"@type\":\"EntryPoint\",\"urlTemplate\":\"https:\/\/www.public.sn\/?s={search_term_string}\"},\"query-input\":{\"@type\":\"PropertyValueSpecification\",\"valueRequired\":true,\"valueName\":\"search_term_string\"}}],\"inLanguage\":\"fr-FR\"},{\"@type\":\"Organization\",\"@id\":\"https:\/\/www.public.sn\/#organization\",\"name\":\"LE PUBLIC\",\"url\":\"https:\/\/www.public.sn\/\",\"logo\":{\"@type\":\"ImageObject\",\"inLanguage\":\"fr-FR\",\"@id\":\"https:\/\/www.public.sn\/#\/schema\/logo\/image\/\",\"url\":\"https:\/\/www.public.sn\/wp-content\/uploads\/2024\/05\/cropped-LOGO-PUBLIC.SN_.png\",\"contentUrl\":\"https:\/\/www.public.sn\/wp-content\/uploads\/2024\/05\/cropped-LOGO-PUBLIC.SN_.png\",\"width\":682,\"height\":192,\"caption\":\"LE PUBLIC\"},\"image\":{\"@id\":\"https:\/\/www.public.sn\/#\/schema\/logo\/image\/\"}},{\"@type\":\"Person\",\"@id\":\"https:\/\/www.public.sn\/#\/schema\/person\/cb76c8e1b8becc6be61fb5e92d6d0224\",\"name\":\"LA REDACTION\",\"image\":{\"@type\":\"ImageObject\",\"inLanguage\":\"fr-FR\",\"@id\":\"https:\/\/www.public.sn\/#\/schema\/person\/image\/\",\"url\":\"https:\/\/secure.gravatar.com\/avatar\/2dce5ddd34b8fef0180efe03aa2a9bee7d953856048f9a16b298190a3178407c?s=96&d=mm&r=g\",\"contentUrl\":\"https:\/\/secure.gravatar.com\/avatar\/2dce5ddd34b8fef0180efe03aa2a9bee7d953856048f9a16b298190a3178407c?s=96&d=mm&r=g\",\"caption\":\"LA REDACTION\"},\"url\":\"https:\/\/www.public.sn\/index.php\/author\/editeurpsn\/\"}]}<\/script>\n<!-- \/ Yoast SEO plugin. -->","yoast_head_json":{"title":"Juan Branco : \u00ab La France a d\u00e9p\u00each\u00e9 une d\u00e9l\u00e9gation au Palais il y a 5 jour - LE PUBLIC","robots":{"index":"index","follow":"follow","max-snippet":"max-snippet:-1","max-image-preview":"max-image-preview:large","max-video-preview":"max-video-preview:-1"},"canonical":"https:\/\/www.public.sn\/index.php\/2023\/03\/31\/juan-branco-la-france-a-depeche-une-delegation-au-palais-il-y-a-5-jour\/","og_locale":"fr_FR","og_type":"article","og_title":"Juan Branco : \u00ab La France a d\u00e9p\u00each\u00e9 une d\u00e9l\u00e9gation au Palais il y a 5 jour - LE PUBLIC","og_description":"On n\u2019a pas encore fini de parler du verdict rendu hier jeudi par la Chambre correctionnelle dans le proc\u00e8s en diffamation qui oppose Ousmane Sonko au ministre Mame Mbaye Niang. Le tr\u00e8s r\u00e9put\u00e9 avocat fran\u00e7ais de l\u2019opposant s\u00e9n\u00e9galais, refoul\u00e9 \u00e0 sa descente d\u2019avion dans la nuit de mercredi \u00e0 jeudi, a fait une tr\u00e8s grosse r\u00e9v\u00e9lation qui, si elle se confirme, pourrait avoir jou\u00e9 dans le prononc\u00e9 du verdict rendu par le juge Mamadou Yakham Keita. Selon Me Juan Branco, le Pr\u00e9sident Emmanuel Macron a envoy\u00e9 une d\u00e9l\u00e9gation de l\u2019\u00c9lys\u00e9e et du Quai d\u2019Orsay (minist\u00e8re des Affaires \u00e9trang\u00e8res de France) au Palais pr\u00e9sidentiel s\u00e9n\u00e9galais pour discuter du proc\u00e8s et de ses enjeux. \u00ab J\u2019apprends qu\u2019une d\u00e9l\u00e9gation de l\u2019Elysee et du quai d\u2019Orsay avait \u00e9t\u00e9 d\u00e9p\u00each\u00e9e en urgence au palais pr\u00e9sidentiel il y a cinq jours, dans la perspective du proc\u00e8s. La France pr\u00e9tendra-t-elle n\u2019avoir jou\u00e9 aucun r\u00f4le dans cette pantalonnade ? \u00bb, a-t-il \u00e9crit sur son compte Twitter. Avant de s\u2019interroger sur le mutisme du gouvernement fran\u00e7ais sur son expulsion du territoire s\u00e9n\u00e9galais: \u00ab Pourquoi se tait-elle au sujet de l\u2019arrestation et l\u2019expulsion de l\u2019un de ses ressortissants, auxiliaire de justice, dans l\u2019exercice de ses fonctions ? Pourquoi a-t-elle envoy\u00e9 un sorcier blanc dans l\u2019autre camp ? Pourquoi ce changement de chambre de jugement ? \u00bb. Pour rappel, Ousmane Sonko a \u00e9t\u00e9 condamn\u00e9 \u00e0 2 mois de prison avec sursis et 200 millions de dommages et int\u00e9r\u00eats \u00e0 payer au plaignant Mame M\u2019Baye Niang. La question, c\u2019est: est-ce que la France a mis la pression \u00e0 Macky pour que Sonko ne soit pas priv\u00e9 de ses droits civiques.","og_url":"https:\/\/www.public.sn\/index.php\/2023\/03\/31\/juan-branco-la-france-a-depeche-une-delegation-au-palais-il-y-a-5-jour\/","og_site_name":"LE PUBLIC","article_published_time":"2023-03-31T20:53:06+00:00","og_image":[{"width":1256,"height":628,"url":"https:\/\/www.public.sn\/wp-content\/uploads\/2023\/03\/Juan-Branco.jpg","type":"image\/jpeg"}],"author":"LA REDACTION","twitter_card":"summary_large_image","twitter_misc":{"\u00c9crit par":"LA REDACTION","Dur\u00e9e de lecture estim\u00e9e":"2 minutes"},"schema":{"@context":"https:\/\/schema.org","@graph":[{"@type":"Article","@id":"https:\/\/www.public.sn\/index.php\/2023\/03\/31\/juan-branco-la-france-a-depeche-une-delegation-au-palais-il-y-a-5-jour\/#article","isPartOf":{"@id":"https:\/\/www.public.sn\/index.php\/2023\/03\/31\/juan-branco-la-france-a-depeche-une-delegation-au-palais-il-y-a-5-jour\/"},"author":{"name":"LA REDACTION","@id":"https:\/\/www.public.sn\/#\/schema\/person\/cb76c8e1b8becc6be61fb5e92d6d0224"},"headline":"Juan Branco : \u00ab La France a d\u00e9p\u00each\u00e9 une d\u00e9l\u00e9gation au Palais il y a 5 jour","datePublished":"2023-03-31T20:53:06+00:00","mainEntityOfPage":{"@id":"https:\/\/www.public.sn\/index.php\/2023\/03\/31\/juan-branco-la-france-a-depeche-une-delegation-au-palais-il-y-a-5-jour\/"},"wordCount":322,"commentCount":0,"publisher":{"@id":"https:\/\/www.public.sn\/#organization"},"image":{"@id":"https:\/\/www.public.sn\/index.php\/2023\/03\/31\/juan-branco-la-france-a-depeche-une-delegation-au-palais-il-y-a-5-jour\/#primaryimage"},"thumbnailUrl":"https:\/\/www.public.sn\/wp-content\/uploads\/2023\/03\/Juan-Branco.jpg","keywords":["France","Juan Branco","Justice","Mame Mbaye Niang","Proc\u00e8s","sonko"],"articleSection":["ACTUALIT\u00c9S","COMMUNIQU\u00c9","internationale","justice","POLITIQUE","S\u00c9CURIT\u00c9 &amp; JUSTICE","S\u00c9N\u00c9GAL","SOCIETE"],"inLanguage":"fr-FR","potentialAction":[{"@type":"CommentAction","name":"Comment","target":["https:\/\/www.public.sn\/index.php\/2023\/03\/31\/juan-branco-la-france-a-depeche-une-delegation-au-palais-il-y-a-5-jour\/#respond"]}]},{"@type":"WebPage","@id":"https:\/\/www.public.sn\/index.php\/2023\/03\/31\/juan-branco-la-france-a-depeche-une-delegation-au-palais-il-y-a-5-jour\/","url":"https:\/\/www.public.sn\/index.php\/2023\/03\/31\/juan-branco-la-france-a-depeche-une-delegation-au-palais-il-y-a-5-jour\/","name":"Juan Branco : \u00ab La France a d\u00e9p\u00each\u00e9 une d\u00e9l\u00e9gation au Palais il y a 5 jour - LE PUBLIC","isPartOf":{"@id":"https:\/\/www.public.sn\/#website"},"primaryImageOfPage":{"@id":"https:\/\/www.public.sn\/index.php\/2023\/03\/31\/juan-branco-la-france-a-depeche-une-delegation-au-palais-il-y-a-5-jour\/#primaryimage"},"image":{"@id":"https:\/\/www.public.sn\/index.php\/2023\/03\/31\/juan-branco-la-france-a-depeche-une-delegation-au-palais-il-y-a-5-jour\/#primaryimage"},"thumbnailUrl":"https:\/\/www.public.sn\/wp-content\/uploads\/2023\/03\/Juan-Branco.jpg","datePublished":"2023-03-31T20:53:06+00:00","breadcrumb":{"@id":"https:\/\/www.public.sn\/index.php\/2023\/03\/31\/juan-branco-la-france-a-depeche-une-delegation-au-palais-il-y-a-5-jour\/#breadcrumb"},"inLanguage":"fr-FR","potentialAction":[{"@type":"ReadAction","target":["https:\/\/www.public.sn\/index.php\/2023\/03\/31\/juan-branco-la-france-a-depeche-une-delegation-au-palais-il-y-a-5-jour\/"]}]},{"@type":"ImageObject","inLanguage":"fr-FR","@id":"https:\/\/www.public.sn\/index.php\/2023\/03\/31\/juan-branco-la-france-a-depeche-une-delegation-au-palais-il-y-a-5-jour\/#primaryimage","url":"https:\/\/www.public.sn\/wp-content\/uploads\/2023\/03\/Juan-Branco.jpg","contentUrl":"https:\/\/www.public.sn\/wp-content\/uploads\/2023\/03\/Juan-Branco.jpg","width":1256,"height":628},{"@type":"BreadcrumbList","@id":"https:\/\/www.public.sn\/index.php\/2023\/03\/31\/juan-branco-la-france-a-depeche-une-delegation-au-palais-il-y-a-5-jour\/#breadcrumb","itemListElement":[{"@type":"ListItem","position":1,"name":"Accueil","item":"https:\/\/www.public.sn\/"},{"@type":"ListItem","position":2,"name":"Juan Branco : \u00ab La France a d\u00e9p\u00each\u00e9 une d\u00e9l\u00e9gation au Palais il y a 5 jour"}]},{"@type":"WebSite","@id":"https:\/\/www.public.sn\/#website","url":"https:\/\/www.public.sn\/","name":"LE PUBLIC","description":"","publisher":{"@id":"https:\/\/www.public.sn\/#organization"},"potentialAction":[{"@type":"SearchAction","target":{"@type":"EntryPoint","urlTemplate":"https:\/\/www.public.sn\/?s={search_term_string}"},"query-input":{"@type":"PropertyValueSpecification","valueRequired":true,"valueName":"search_term_string"}}],"inLanguage":"fr-FR"},{"@type":"Organization","@id":"https:\/\/www.public.sn\/#organization","name":"LE PUBLIC","url":"https:\/\/www.public.sn\/","logo":{"@type":"ImageObject","inLanguage":"fr-FR","@id":"https:\/\/www.public.sn\/#\/schema\/logo\/image\/","url":"https:\/\/www.public.sn\/wp-content\/uploads\/2024\/05\/cropped-LOGO-PUBLIC.SN_.png","contentUrl":"https:\/\/www.public.sn\/wp-content\/uploads\/2024\/05\/cropped-LOGO-PUBLIC.SN_.png","width":682,"height":192,"caption":"LE PUBLIC"},"image":{"@id":"https:\/\/www.public.sn\/#\/schema\/logo\/image\/"}},{"@type":"Person","@id":"https:\/\/www.public.sn\/#\/schema\/person\/cb76c8e1b8becc6be61fb5e92d6d0224","name":"LA REDACTION","image":{"@type":"ImageObject","inLanguage":"fr-FR","@id":"https:\/\/www.public.sn\/#\/schema\/person\/image\/","url":"https:\/\/secure.gravatar.com\/avatar\/2dce5ddd34b8fef0180efe03aa2a9bee7d953856048f9a16b298190a3178407c?s=96&d=mm&r=g","contentUrl":"https:\/\/secure.gravatar.com\/avatar\/2dce5ddd34b8fef0180efe03aa2a9bee7d953856048f9a16b298190a3178407c?s=96&d=mm&r=g","caption":"LA REDACTION"},"url":"https:\/\/www.public.sn\/index.php\/author\/editeurpsn\/"}]}},"jetpack_featured_media_url":"https:\/\/www.public.sn\/wp-content\/uploads\/2023\/03\/Juan-Branco.jpg","jetpack_sharing_enabled":true,"_links":{"self":[{"href":"https:\/\/www.public.sn\/index.php\/wp-json\/wp\/v2\/posts\/19147","targetHints":{"allow":["GET"]}}],"collection":[{"href":"https:\/\/www.public.sn\/index.php\/wp-json\/wp\/v2\/posts"}],"about":[{"href":"https:\/\/www.public.sn\/index.php\/wp-json\/wp\/v2\/types\/post"}],"author":[{"embeddable":true,"href":"https:\/\/www.public.sn\/index.php\/wp-json\/wp\/v2\/users\/7"}],"replies":[{"embeddable":true,"href":"https:\/\/www.public.sn\/index.php\/wp-json\/wp\/v2\/comments?post=19147"}],"version-history":[{"count":1,"href":"https:\/\/www.public.sn\/index.php\/wp-json\/wp\/v2\/posts\/19147\/revisions"}],"predecessor-version":[{"id":19148,"href":"https:\/\/www.public.sn\/index.php\/wp-json\/wp\/v2\/posts\/19147\/revisions\/19148"}],"wp:featuredmedia":[{"embeddable":true,"href":"https:\/\/www.public.sn\/index.php\/wp-json\/wp\/v2\/media\/19050"}],"wp:attachment":[{"href":"https:\/\/www.public.sn\/index.php\/wp-json\/wp\/v2\/media?parent=19147"}],"wp:term":[{"taxonomy":"category","embeddable":true,"href":"https:\/\/www.public.sn\/index.php\/wp-json\/wp\/v2\/categories?post=19147"},{"taxonomy":"post_tag","embeddable":true,"href":"https:\/\/www.public.sn\/index.php\/wp-json\/wp\/v2\/tags?post=19147"}],"curies":[{"name":"wp","href":"https:\/\/api.w.org\/{rel}","templated":true}]}}