{"id":19155,"date":"2023-04-01T12:22:40","date_gmt":"2023-04-01T12:22:40","guid":{"rendered":"https:\/\/www.public.sn\/?p=19155"},"modified":"2023-04-01T12:22:40","modified_gmt":"2023-04-01T12:22:40","slug":"le-ministre-de-la-justice-approuve-le-3eme-mandatet-il-nest-pas-seul","status":"publish","type":"post","link":"https:\/\/www.public.sn\/index.php\/2023\/04\/01\/le-ministre-de-la-justice-approuve-le-3eme-mandatet-il-nest-pas-seul\/","title":{"rendered":"Le ministre de la Justice approuve le 3\u00e8me mandat\u2026Et il n\u2019est pas seul"},"content":{"rendered":"<p>Plusieurs membres du gouvernement, dont le ministre de la Justice,\u00a0<a href=\"https:\/\/www.xibaaru.sn\/ismaila-madior-fall-on-peut-changer-de-parole-et\/\" target=\"_blank\" rel=\"noopener\"><strong>Isma\u00efla Madior Fall<\/strong><\/a>, ont d\u00e9fendu la l\u00e9galit\u00e9 d\u2019une candidature \u00e0 l\u2019\u00e9lection pr\u00e9sidentielle du 25 f\u00e9vrier 2024 de Macky Sall, a-t-on constat\u00e9 vendredi soir \u00e0 Dakar.<\/p><div class=\"publi-paragraphe1\" style=\"margin-top: 10px;margin-bottom: 10px;margin-left: auto;margin-right: auto;text-align: center;\" id=\"publi-1083826276\"><div class=\"publi-adlabel\">Publicit\u00e9<\/div><script async src=\"\/\/pagead2.googlesyndication.com\/pagead\/js\/adsbygoogle.js?client=ca-pub-4089586018074219\" crossorigin=\"anonymous\"><\/script><ins class=\"adsbygoogle\" style=\"display:block;\" data-ad-client=\"ca-pub-4089586018074219\" \ndata-ad-slot=\"2087940154\" \ndata-ad-format=\"auto\"><\/ins>\n<script> \n(adsbygoogle = window.adsbygoogle || []).push({}); \n<\/script>\n<\/div>\n<p>La possibilit\u00e9 pour l\u2019actuel chef de l\u2019Etat de briguer un nouveau mandat pr\u00e9sidentiel en toute l\u00e9galit\u00e9 a \u00e9t\u00e9 \u2018\u2019juridiquement\u2019\u2019 act\u00e9e lors du r\u00e9f\u00e9rendum constitutionnel de 2016, a soutenu M. Fall.<\/p>\n<p>\u2018\u2019Non seulement, elle n\u2019a pas de valeur juridique mais au plan \u00e9thique aussi, consid\u00e9rer que les circonstances ont chang\u00e9 et r\u00e9examiner sa position \u00e0 la lumi\u00e8re d\u2019un nouveau contexte et de donn\u00e9es nouvelles proc\u00e8de du courage et de l\u2019\u00e9thique\u2019\u2019, a-t-il fait valoir en parlant de la d\u00e9claration faite par Macky Sall, lors du r\u00e9f\u00e9rendum de 2016, de ne plus pouvoir \u00eatre candidat s\u2019il est r\u00e9\u00e9lu en 2019.<\/p>\n<p>Le garde des Sceaux prenait part \u00e0 un d\u00e9bat sur \u2018\u2019la candidature du pr\u00e9sident Macky Sall en 2024\u2019\u2019, \u00e0 l\u2019initiative de la Task Force r\u00e9publicaine, une instance proche de l\u2019APR, le parti politique du chef de l\u2019Etat.<\/p>\n<p>\u2018\u2019L\u2019opinion exprim\u00e9e par le pr\u00e9sident de la R\u00e9publique, quelle que soit sa solennit\u00e9, ne peut valoir r\u00e8gle de droit d\u00e8s lors qu\u2019elle ne se traduit pas par un acte l\u00e9gislatif\u2019\u2019, a argu\u00e9 Isma\u00efla Madior Fall.<\/p>\n<p>\u2018\u2019Cette d\u00e9claration en elle-m\u00eame ne saurait en aucun cas constituer une source de droit\u2019\u2019, a-t-il soutenu en parlant encore des propos tenus par Macky Sall, selon lesquels il est en train d\u2019exercer depuis 2019 le dernier du nombre de mandats que lui autorise la Constitution s\u00e9n\u00e9galaise.<\/p>\n<p>La question de la candidature de l\u2019actuel pr\u00e9sident de la R\u00e9publique a \u00e9t\u00e9 \u2018\u2019d\u00e9j\u00e0 tranch\u00e9e lorsque le pr\u00e9sident Macky Sall a soumis le projet de r\u00e9vision [de la Constitution] au r\u00e9f\u00e9rendum de 2016\u2019\u2019, a insist\u00e9 Isma\u00efla Madior Fall, un agr\u00e9g\u00e9 de droit qui a conseill\u00e9 Macky Sall pour la r\u00e9forme constitutionnelle de 2016.<\/p>\n<p>\u2018\u2019Le Conseil constitutionnel a exclu totalement le premier mandat du pr\u00e9sident de la R\u00e9publique en consid\u00e9rant que sous le r\u00e9gime de la Constitution version 2016, le premier mandat du pr\u00e9sident est celui allant de 2019 \u00e0 2024\u2019\u2019, a d\u00e9clar\u00e9 M. Fall.<\/p>\n<div class=\"dbe dbe-post-middle dbe-float-center dbe-align-center dbe-column-1 dbe-clearfix no-bg-box-model\">\n<div id=\"dbe-3576-65765581\" class=\"dbe-container dbe-type-code \" data-adid=\"3576\" data-type=\"code\">\n<div id=\"dbe-3576-65765581-place\"><\/div>\n<\/div>\n<\/div>\n<p>Il affirme, en citant l\u2019article 27 de la Constitution, que \u2018\u2019le pr\u00e9sident de la R\u00e9publique est \u00e9lu pour un mandat de cinq ans renouvelable une fois\u2019\u2019, et que \u2018\u2019nul ne peut exercer plus de deux mandats cons\u00e9cutifs\u2019\u2019.<\/p>\n<p>La ministre des Affaires \u00e9trang\u00e8res et des S\u00e9n\u00e9galais de l\u2019ext\u00e9rieur, A\u00efssata Tall Sall, son coll\u00e8gue charg\u00e9 des Forces arm\u00e9es, Sidiki Kaba, et d\u2019autres personnalit\u00e9s membres de l\u2019APR ont pris la parole pour d\u00e9fendre la l\u00e9galit\u00e9 de la candidature de Macky Sall au scrutin pr\u00e9sidentiel de 2024.<\/p>\n<p>\u2018\u2019Nous sommes passionn\u00e9s par une question politique qui revient de fa\u00e7on \u00e9pisodique [\u2026] Quand nous acc\u00e9dions \u00e0 l\u2019ind\u00e9pendance, la dur\u00e9e du mandat \u00e9tait de sept ans. Trois ans plus tard, on l\u2019a r\u00e9duite \u00e0 quatre ans. D\u00e8s 1967, [L\u00e9opold S\u00e9dar] Senghor l\u2019a fix\u00e9e \u00e0 cinq ans. Avec le Code [\u00e9lectoral] consensuel de 1991, Abdou Diouf l\u2019a fix\u00e9e \u00e0 sept ans\u2019\u2019, a rappel\u00e9 le professeur agr\u00e9g\u00e9 de droit constitutionnel.<\/p>\n<p>Durant la pr\u00e9sidence d\u2019Abdoulaye Wade, la dur\u00e9e du mandat pr\u00e9sidentiel a \u00e9t\u00e9 ramen\u00e9e \u00e0 cinq ans, puis \u00e0 sept ans, a poursuivi Isma\u00efla Madior Fall.<\/p>\n<p>Ensuite, Macky Sall, \u00e9lu pour un mandat de sept ans, a fait r\u00e9duire le mandat pr\u00e9sidentiel \u00e0 cinq ans, sans que cette modification relative \u00e0 la dur\u00e9e ne s\u2019applique \u00e0 celui qu\u2019il exer\u00e7ait lors du r\u00e9f\u00e9rendum de 2016, a rappel\u00e9 M. Fall.<\/p>\n<p>\u2018\u2019Je ne me d\u00e9dis pas\u2019\u2019<\/p>\n<p>Macky Sall, en proposant cette r\u00e9forme constitutionnelle, avait soutenu que le nombre de mandats pr\u00e9sidentiels autoris\u00e9s par la Constitution ne ferait plus l\u2019objet d\u2019aucune controverse au S\u00e9n\u00e9gal.<\/p>\n<p>Les membres de la Task Force r\u00e9publicaine ont repris le plaidoyer qu\u2019il a r\u00e9cemment fait dans une interview accord\u00e9e \u00e0 l\u2019hebdomadaire fran\u00e7ais L\u2019Express, dans laquelle le leader de l\u2019APR soutient pouvoir l\u00e9galement pr\u00e9senter sa candidature \u00e0 l\u2019\u00e9lection pr\u00e9sidentielle de 2024, malgr\u00e9 la promesse qu\u2019il a faite d\u2019\u00e9viter toute controvers\u00e9e relative aux mandats pr\u00e9sidentiels.<\/p>\n<p><strong><a href=\"https:\/\/aps.sn\/detail\/5348\" target=\"_blank\" rel=\"noopener nofollow\">Lire la suite ici<\/a><\/strong><\/p>\n<div class=\"publi-apres-le-contenu\" style=\"margin-top: 10px;margin-bottom: 10px;margin-left: auto;margin-right: auto;text-align: center;\" id=\"publi-3416737732\"><div class=\"publi-adlabel\">Publicit\u00e9<\/div><script async src=\"\/\/pagead2.googlesyndication.com\/pagead\/js\/adsbygoogle.js?client=ca-pub-4089586018074219\" crossorigin=\"anonymous\"><\/script><ins class=\"adsbygoogle\" style=\"display:block;\" data-ad-client=\"ca-pub-4089586018074219\" \ndata-ad-slot=\"2087940154\" \ndata-ad-format=\"auto\"><\/ins>\n<script> \n(adsbygoogle = window.adsbygoogle || []).push({}); \n<\/script>\n<\/div>","protected":false},"excerpt":{"rendered":"<p>Plusieurs membres du gouvernement, dont le ministre de la Justice,\u00a0Isma\u00efla Madior Fall, ont d\u00e9fendu la l\u00e9galit\u00e9 d\u2019une candidature \u00e0 l\u2019\u00e9lection pr\u00e9sidentielle du 25 f\u00e9vrier 2024 de Macky Sall, a-t-on constat\u00e9 vendredi soir \u00e0 Dakar. La possibilit\u00e9 pour l\u2019actuel chef de l\u2019Etat de briguer un nouveau mandat pr\u00e9sidentiel en toute l\u00e9galit\u00e9 a \u00e9t\u00e9 \u2018\u2019juridiquement\u2019\u2019 act\u00e9e lors du r\u00e9f\u00e9rendum constitutionnel de 2016, a soutenu M. Fall. \u2018\u2019Non seulement, elle n\u2019a pas de valeur juridique mais au plan \u00e9thique aussi, consid\u00e9rer que les circonstances ont chang\u00e9 et r\u00e9examiner sa position \u00e0 la lumi\u00e8re d\u2019un nouveau contexte et de donn\u00e9es nouvelles proc\u00e8de du courage et de l\u2019\u00e9thique\u2019\u2019, a-t-il fait valoir en parlant de la d\u00e9claration faite par Macky Sall, lors du r\u00e9f\u00e9rendum de 2016, de ne plus pouvoir \u00eatre candidat s\u2019il est r\u00e9\u00e9lu en 2019. Le garde des Sceaux prenait part \u00e0 un d\u00e9bat sur \u2018\u2019la candidature du pr\u00e9sident Macky Sall en 2024\u2019\u2019, \u00e0 l\u2019initiative de la Task Force r\u00e9publicaine, une instance proche de l\u2019APR, le parti politique du chef de l\u2019Etat. \u2018\u2019L\u2019opinion exprim\u00e9e par le pr\u00e9sident de la R\u00e9publique, quelle que soit sa solennit\u00e9, ne peut valoir r\u00e8gle de droit d\u00e8s lors qu\u2019elle ne se traduit pas par un acte l\u00e9gislatif\u2019\u2019, a argu\u00e9 Isma\u00efla Madior Fall. \u2018\u2019Cette d\u00e9claration en elle-m\u00eame ne saurait en aucun cas constituer une source de droit\u2019\u2019, a-t-il soutenu en parlant encore des propos tenus par Macky Sall, selon lesquels il est en train d\u2019exercer depuis 2019 le dernier du nombre de mandats que lui autorise la Constitution s\u00e9n\u00e9galaise. La question de la candidature de l\u2019actuel pr\u00e9sident de la R\u00e9publique a \u00e9t\u00e9 \u2018\u2019d\u00e9j\u00e0 tranch\u00e9e lorsque le pr\u00e9sident Macky Sall a soumis le projet de r\u00e9vision [de la Constitution] au r\u00e9f\u00e9rendum de 2016\u2019\u2019, a insist\u00e9 Isma\u00efla Madior Fall, un agr\u00e9g\u00e9 de droit qui a conseill\u00e9 Macky Sall pour la r\u00e9forme constitutionnelle de 2016. \u2018\u2019Le Conseil constitutionnel a exclu totalement le premier mandat du pr\u00e9sident de la R\u00e9publique en consid\u00e9rant que sous le r\u00e9gime de la Constitution version 2016, le premier mandat du pr\u00e9sident est celui allant de 2019 \u00e0 2024\u2019\u2019, a d\u00e9clar\u00e9 M. Fall. Il affirme, en citant l\u2019article 27 de la Constitution, que \u2018\u2019le pr\u00e9sident de la R\u00e9publique est \u00e9lu pour un mandat de cinq ans renouvelable une fois\u2019\u2019, et que \u2018\u2019nul ne peut exercer plus de deux mandats cons\u00e9cutifs\u2019\u2019. La ministre des Affaires \u00e9trang\u00e8res et des S\u00e9n\u00e9galais de l\u2019ext\u00e9rieur, A\u00efssata Tall Sall, son coll\u00e8gue charg\u00e9 des Forces arm\u00e9es, Sidiki Kaba, et d\u2019autres personnalit\u00e9s membres de l\u2019APR ont pris la parole pour d\u00e9fendre la l\u00e9galit\u00e9 de la candidature de Macky Sall au scrutin pr\u00e9sidentiel de 2024. \u2018\u2019Nous sommes passionn\u00e9s par une question politique qui revient de fa\u00e7on \u00e9pisodique [\u2026] Quand nous acc\u00e9dions \u00e0 l\u2019ind\u00e9pendance, la dur\u00e9e du mandat \u00e9tait de sept ans. Trois ans plus tard, on l\u2019a r\u00e9duite \u00e0 quatre ans. D\u00e8s 1967, [L\u00e9opold S\u00e9dar] Senghor l\u2019a fix\u00e9e \u00e0 cinq ans. Avec le Code [\u00e9lectoral] consensuel de 1991, Abdou Diouf l\u2019a fix\u00e9e \u00e0 sept ans\u2019\u2019, a rappel\u00e9 le professeur agr\u00e9g\u00e9 de droit constitutionnel. Durant la pr\u00e9sidence d\u2019Abdoulaye Wade, la dur\u00e9e du mandat pr\u00e9sidentiel a \u00e9t\u00e9 ramen\u00e9e \u00e0 cinq ans, puis \u00e0 sept ans, a poursuivi Isma\u00efla Madior Fall. Ensuite, Macky Sall, \u00e9lu pour un mandat de sept ans, a fait r\u00e9duire le mandat pr\u00e9sidentiel \u00e0 cinq ans, sans que cette modification relative \u00e0 la dur\u00e9e ne s\u2019applique \u00e0 celui qu\u2019il exer\u00e7ait lors du r\u00e9f\u00e9rendum de 2016, a rappel\u00e9 M. Fall. \u2018\u2019Je ne me d\u00e9dis pas\u2019\u2019 Macky Sall, en proposant cette r\u00e9forme constitutionnelle, avait soutenu que le nombre de mandats pr\u00e9sidentiels autoris\u00e9s par la Constitution ne ferait plus l\u2019objet d\u2019aucune controverse au S\u00e9n\u00e9gal. Les membres de la Task Force r\u00e9publicaine ont repris le plaidoyer qu\u2019il a r\u00e9cemment fait dans une interview accord\u00e9e \u00e0 l\u2019hebdomadaire fran\u00e7ais L\u2019Express, dans laquelle le leader de l\u2019APR soutient pouvoir l\u00e9galement pr\u00e9senter sa candidature \u00e0 l\u2019\u00e9lection pr\u00e9sidentielle de 2024, malgr\u00e9 la promesse qu\u2019il a faite d\u2019\u00e9viter toute controvers\u00e9e relative aux mandats pr\u00e9sidentiels. Lire la suite ici<\/p>\n","protected":false},"author":7,"featured_media":18494,"comment_status":"open","ping_status":"open","sticky":false,"template":"","format":"standard","meta":{"_jetpack_memberships_contains_paid_content":false,"footnotes":""},"categories":[375,3724,3,376,1,4],"tags":[295,24,11],"class_list":["post-19155","post","type-post","status-publish","format-standard","has-post-thumbnail","hentry","category-actualites","category-justice","category-politique","category-securite-justice","category-non-classe","category-societe","tag-3eme-mandat","tag-justice","tag-macky-sall","entry","has-media","owp-thumbs-layout-horizontal","owp-btn-normal","owp-tabs-layout-horizontal","has-no-thumbnails","has-product-nav"],"yoast_head":"<!-- This site is optimized with the Yoast SEO plugin v25.5 - https:\/\/yoast.com\/wordpress\/plugins\/seo\/ -->\n<title>Le ministre de la Justice approuve le 3\u00e8me mandat\u2026Et il n\u2019est pas seul - LE PUBLIC<\/title>\n<meta name=\"robots\" content=\"index, follow, max-snippet:-1, max-image-preview:large, max-video-preview:-1\" \/>\n<link rel=\"canonical\" href=\"https:\/\/www.public.sn\/index.php\/2023\/04\/01\/le-ministre-de-la-justice-approuve-le-3eme-mandatet-il-nest-pas-seul\/\" \/>\n<meta property=\"og:locale\" content=\"fr_FR\" \/>\n<meta property=\"og:type\" content=\"article\" \/>\n<meta property=\"og:title\" content=\"Le ministre de la Justice approuve le 3\u00e8me mandat\u2026Et il n\u2019est pas seul - LE PUBLIC\" \/>\n<meta property=\"og:description\" content=\"Plusieurs membres du gouvernement, dont le ministre de la Justice,\u00a0Isma\u00efla Madior Fall, ont d\u00e9fendu la l\u00e9galit\u00e9 d\u2019une candidature \u00e0 l\u2019\u00e9lection pr\u00e9sidentielle du 25 f\u00e9vrier 2024 de Macky Sall, a-t-on constat\u00e9 vendredi soir \u00e0 Dakar. La possibilit\u00e9 pour l\u2019actuel chef de l\u2019Etat de briguer un nouveau mandat pr\u00e9sidentiel en toute l\u00e9galit\u00e9 a \u00e9t\u00e9 \u2018\u2019juridiquement\u2019\u2019 act\u00e9e lors du r\u00e9f\u00e9rendum constitutionnel de 2016, a soutenu M. Fall. \u2018\u2019Non seulement, elle n\u2019a pas de valeur juridique mais au plan \u00e9thique aussi, consid\u00e9rer que les circonstances ont chang\u00e9 et r\u00e9examiner sa position \u00e0 la lumi\u00e8re d\u2019un nouveau contexte et de donn\u00e9es nouvelles proc\u00e8de du courage et de l\u2019\u00e9thique\u2019\u2019, a-t-il fait valoir en parlant de la d\u00e9claration faite par Macky Sall, lors du r\u00e9f\u00e9rendum de 2016, de ne plus pouvoir \u00eatre candidat s\u2019il est r\u00e9\u00e9lu en 2019. Le garde des Sceaux prenait part \u00e0 un d\u00e9bat sur \u2018\u2019la candidature du pr\u00e9sident Macky Sall en 2024\u2019\u2019, \u00e0 l\u2019initiative de la Task Force r\u00e9publicaine, une instance proche de l\u2019APR, le parti politique du chef de l\u2019Etat. \u2018\u2019L\u2019opinion exprim\u00e9e par le pr\u00e9sident de la R\u00e9publique, quelle que soit sa solennit\u00e9, ne peut valoir r\u00e8gle de droit d\u00e8s lors qu\u2019elle ne se traduit pas par un acte l\u00e9gislatif\u2019\u2019, a argu\u00e9 Isma\u00efla Madior Fall. \u2018\u2019Cette d\u00e9claration en elle-m\u00eame ne saurait en aucun cas constituer une source de droit\u2019\u2019, a-t-il soutenu en parlant encore des propos tenus par Macky Sall, selon lesquels il est en train d\u2019exercer depuis 2019 le dernier du nombre de mandats que lui autorise la Constitution s\u00e9n\u00e9galaise. La question de la candidature de l\u2019actuel pr\u00e9sident de la R\u00e9publique a \u00e9t\u00e9 \u2018\u2019d\u00e9j\u00e0 tranch\u00e9e lorsque le pr\u00e9sident Macky Sall a soumis le projet de r\u00e9vision [de la Constitution] au r\u00e9f\u00e9rendum de 2016\u2019\u2019, a insist\u00e9 Isma\u00efla Madior Fall, un agr\u00e9g\u00e9 de droit qui a conseill\u00e9 Macky Sall pour la r\u00e9forme constitutionnelle de 2016. \u2018\u2019Le Conseil constitutionnel a exclu totalement le premier mandat du pr\u00e9sident de la R\u00e9publique en consid\u00e9rant que sous le r\u00e9gime de la Constitution version 2016, le premier mandat du pr\u00e9sident est celui allant de 2019 \u00e0 2024\u2019\u2019, a d\u00e9clar\u00e9 M. Fall. Il affirme, en citant l\u2019article 27 de la Constitution, que \u2018\u2019le pr\u00e9sident de la R\u00e9publique est \u00e9lu pour un mandat de cinq ans renouvelable une fois\u2019\u2019, et que \u2018\u2019nul ne peut exercer plus de deux mandats cons\u00e9cutifs\u2019\u2019. La ministre des Affaires \u00e9trang\u00e8res et des S\u00e9n\u00e9galais de l\u2019ext\u00e9rieur, A\u00efssata Tall Sall, son coll\u00e8gue charg\u00e9 des Forces arm\u00e9es, Sidiki Kaba, et d\u2019autres personnalit\u00e9s membres de l\u2019APR ont pris la parole pour d\u00e9fendre la l\u00e9galit\u00e9 de la candidature de Macky Sall au scrutin pr\u00e9sidentiel de 2024. \u2018\u2019Nous sommes passionn\u00e9s par une question politique qui revient de fa\u00e7on \u00e9pisodique [\u2026] Quand nous acc\u00e9dions \u00e0 l\u2019ind\u00e9pendance, la dur\u00e9e du mandat \u00e9tait de sept ans. Trois ans plus tard, on l\u2019a r\u00e9duite \u00e0 quatre ans. D\u00e8s 1967, [L\u00e9opold S\u00e9dar] Senghor l\u2019a fix\u00e9e \u00e0 cinq ans. Avec le Code [\u00e9lectoral] consensuel de 1991, Abdou Diouf l\u2019a fix\u00e9e \u00e0 sept ans\u2019\u2019, a rappel\u00e9 le professeur agr\u00e9g\u00e9 de droit constitutionnel. Durant la pr\u00e9sidence d\u2019Abdoulaye Wade, la dur\u00e9e du mandat pr\u00e9sidentiel a \u00e9t\u00e9 ramen\u00e9e \u00e0 cinq ans, puis \u00e0 sept ans, a poursuivi Isma\u00efla Madior Fall. Ensuite, Macky Sall, \u00e9lu pour un mandat de sept ans, a fait r\u00e9duire le mandat pr\u00e9sidentiel \u00e0 cinq ans, sans que cette modification relative \u00e0 la dur\u00e9e ne s\u2019applique \u00e0 celui qu\u2019il exer\u00e7ait lors du r\u00e9f\u00e9rendum de 2016, a rappel\u00e9 M. Fall. \u2018\u2019Je ne me d\u00e9dis pas\u2019\u2019 Macky Sall, en proposant cette r\u00e9forme constitutionnelle, avait soutenu que le nombre de mandats pr\u00e9sidentiels autoris\u00e9s par la Constitution ne ferait plus l\u2019objet d\u2019aucune controverse au S\u00e9n\u00e9gal. Les membres de la Task Force r\u00e9publicaine ont repris le plaidoyer qu\u2019il a r\u00e9cemment fait dans une interview accord\u00e9e \u00e0 l\u2019hebdomadaire fran\u00e7ais L\u2019Express, dans laquelle le leader de l\u2019APR soutient pouvoir l\u00e9galement pr\u00e9senter sa candidature \u00e0 l\u2019\u00e9lection pr\u00e9sidentielle de 2024, malgr\u00e9 la promesse qu\u2019il a faite d\u2019\u00e9viter toute controvers\u00e9e relative aux mandats pr\u00e9sidentiels. Lire la suite ici\" \/>\n<meta property=\"og:url\" content=\"https:\/\/www.public.sn\/index.php\/2023\/04\/01\/le-ministre-de-la-justice-approuve-le-3eme-mandatet-il-nest-pas-seul\/\" \/>\n<meta property=\"og:site_name\" content=\"LE PUBLIC\" \/>\n<meta property=\"article:published_time\" content=\"2023-04-01T12:22:40+00:00\" \/>\n<meta property=\"og:image\" content=\"https:\/\/www.public.sn\/wp-content\/uploads\/2023\/03\/Macky-Sall-2.jpg\" \/>\n\t<meta property=\"og:image:width\" content=\"768\" \/>\n\t<meta property=\"og:image:height\" content=\"512\" \/>\n\t<meta property=\"og:image:type\" content=\"image\/jpeg\" \/>\n<meta name=\"author\" content=\"LA REDACTION\" \/>\n<meta name=\"twitter:card\" content=\"summary_large_image\" \/>\n<meta name=\"twitter:label1\" content=\"\u00c9crit par\" \/>\n\t<meta name=\"twitter:data1\" content=\"LA REDACTION\" \/>\n\t<meta name=\"twitter:label2\" content=\"Dur\u00e9e de lecture estim\u00e9e\" \/>\n\t<meta name=\"twitter:data2\" content=\"4 minutes\" \/>\n<script type=\"application\/ld+json\" class=\"yoast-schema-graph\">{\"@context\":\"https:\/\/schema.org\",\"@graph\":[{\"@type\":\"Article\",\"@id\":\"https:\/\/www.public.sn\/index.php\/2023\/04\/01\/le-ministre-de-la-justice-approuve-le-3eme-mandatet-il-nest-pas-seul\/#article\",\"isPartOf\":{\"@id\":\"https:\/\/www.public.sn\/index.php\/2023\/04\/01\/le-ministre-de-la-justice-approuve-le-3eme-mandatet-il-nest-pas-seul\/\"},\"author\":{\"name\":\"LA REDACTION\",\"@id\":\"https:\/\/www.public.sn\/#\/schema\/person\/cb76c8e1b8becc6be61fb5e92d6d0224\"},\"headline\":\"Le ministre de la Justice approuve le 3\u00e8me mandat\u2026Et il n\u2019est pas seul\",\"datePublished\":\"2023-04-01T12:22:40+00:00\",\"mainEntityOfPage\":{\"@id\":\"https:\/\/www.public.sn\/index.php\/2023\/04\/01\/le-ministre-de-la-justice-approuve-le-3eme-mandatet-il-nest-pas-seul\/\"},\"wordCount\":767,\"commentCount\":0,\"publisher\":{\"@id\":\"https:\/\/www.public.sn\/#organization\"},\"image\":{\"@id\":\"https:\/\/www.public.sn\/index.php\/2023\/04\/01\/le-ministre-de-la-justice-approuve-le-3eme-mandatet-il-nest-pas-seul\/#primaryimage\"},\"thumbnailUrl\":\"https:\/\/www.public.sn\/wp-content\/uploads\/2023\/03\/Macky-Sall-2.jpg\",\"keywords\":[\"3\u00e8me mandat\",\"Justice\",\"Macky Sall\"],\"articleSection\":[\"ACTUALIT\u00c9S\",\"justice\",\"POLITIQUE\",\"S\u00c9CURIT\u00c9 &amp; JUSTICE\",\"S\u00c9N\u00c9GAL\",\"SOCIETE\"],\"inLanguage\":\"fr-FR\",\"potentialAction\":[{\"@type\":\"CommentAction\",\"name\":\"Comment\",\"target\":[\"https:\/\/www.public.sn\/index.php\/2023\/04\/01\/le-ministre-de-la-justice-approuve-le-3eme-mandatet-il-nest-pas-seul\/#respond\"]}]},{\"@type\":\"WebPage\",\"@id\":\"https:\/\/www.public.sn\/index.php\/2023\/04\/01\/le-ministre-de-la-justice-approuve-le-3eme-mandatet-il-nest-pas-seul\/\",\"url\":\"https:\/\/www.public.sn\/index.php\/2023\/04\/01\/le-ministre-de-la-justice-approuve-le-3eme-mandatet-il-nest-pas-seul\/\",\"name\":\"Le ministre de la Justice approuve le 3\u00e8me mandat\u2026Et il n\u2019est pas seul - LE PUBLIC\",\"isPartOf\":{\"@id\":\"https:\/\/www.public.sn\/#website\"},\"primaryImageOfPage\":{\"@id\":\"https:\/\/www.public.sn\/index.php\/2023\/04\/01\/le-ministre-de-la-justice-approuve-le-3eme-mandatet-il-nest-pas-seul\/#primaryimage\"},\"image\":{\"@id\":\"https:\/\/www.public.sn\/index.php\/2023\/04\/01\/le-ministre-de-la-justice-approuve-le-3eme-mandatet-il-nest-pas-seul\/#primaryimage\"},\"thumbnailUrl\":\"https:\/\/www.public.sn\/wp-content\/uploads\/2023\/03\/Macky-Sall-2.jpg\",\"datePublished\":\"2023-04-01T12:22:40+00:00\",\"breadcrumb\":{\"@id\":\"https:\/\/www.public.sn\/index.php\/2023\/04\/01\/le-ministre-de-la-justice-approuve-le-3eme-mandatet-il-nest-pas-seul\/#breadcrumb\"},\"inLanguage\":\"fr-FR\",\"potentialAction\":[{\"@type\":\"ReadAction\",\"target\":[\"https:\/\/www.public.sn\/index.php\/2023\/04\/01\/le-ministre-de-la-justice-approuve-le-3eme-mandatet-il-nest-pas-seul\/\"]}]},{\"@type\":\"ImageObject\",\"inLanguage\":\"fr-FR\",\"@id\":\"https:\/\/www.public.sn\/index.php\/2023\/04\/01\/le-ministre-de-la-justice-approuve-le-3eme-mandatet-il-nest-pas-seul\/#primaryimage\",\"url\":\"https:\/\/www.public.sn\/wp-content\/uploads\/2023\/03\/Macky-Sall-2.jpg\",\"contentUrl\":\"https:\/\/www.public.sn\/wp-content\/uploads\/2023\/03\/Macky-Sall-2.jpg\",\"width\":768,\"height\":512},{\"@type\":\"BreadcrumbList\",\"@id\":\"https:\/\/www.public.sn\/index.php\/2023\/04\/01\/le-ministre-de-la-justice-approuve-le-3eme-mandatet-il-nest-pas-seul\/#breadcrumb\",\"itemListElement\":[{\"@type\":\"ListItem\",\"position\":1,\"name\":\"Accueil\",\"item\":\"https:\/\/www.public.sn\/\"},{\"@type\":\"ListItem\",\"position\":2,\"name\":\"Le ministre de la Justice approuve le 3\u00e8me mandat\u2026Et il n\u2019est pas seul\"}]},{\"@type\":\"WebSite\",\"@id\":\"https:\/\/www.public.sn\/#website\",\"url\":\"https:\/\/www.public.sn\/\",\"name\":\"LE PUBLIC\",\"description\":\"\",\"publisher\":{\"@id\":\"https:\/\/www.public.sn\/#organization\"},\"potentialAction\":[{\"@type\":\"SearchAction\",\"target\":{\"@type\":\"EntryPoint\",\"urlTemplate\":\"https:\/\/www.public.sn\/?s={search_term_string}\"},\"query-input\":{\"@type\":\"PropertyValueSpecification\",\"valueRequired\":true,\"valueName\":\"search_term_string\"}}],\"inLanguage\":\"fr-FR\"},{\"@type\":\"Organization\",\"@id\":\"https:\/\/www.public.sn\/#organization\",\"name\":\"LE PUBLIC\",\"url\":\"https:\/\/www.public.sn\/\",\"logo\":{\"@type\":\"ImageObject\",\"inLanguage\":\"fr-FR\",\"@id\":\"https:\/\/www.public.sn\/#\/schema\/logo\/image\/\",\"url\":\"https:\/\/www.public.sn\/wp-content\/uploads\/2024\/05\/cropped-LOGO-PUBLIC.SN_.png\",\"contentUrl\":\"https:\/\/www.public.sn\/wp-content\/uploads\/2024\/05\/cropped-LOGO-PUBLIC.SN_.png\",\"width\":682,\"height\":192,\"caption\":\"LE PUBLIC\"},\"image\":{\"@id\":\"https:\/\/www.public.sn\/#\/schema\/logo\/image\/\"}},{\"@type\":\"Person\",\"@id\":\"https:\/\/www.public.sn\/#\/schema\/person\/cb76c8e1b8becc6be61fb5e92d6d0224\",\"name\":\"LA REDACTION\",\"image\":{\"@type\":\"ImageObject\",\"inLanguage\":\"fr-FR\",\"@id\":\"https:\/\/www.public.sn\/#\/schema\/person\/image\/\",\"url\":\"https:\/\/secure.gravatar.com\/avatar\/2dce5ddd34b8fef0180efe03aa2a9bee7d953856048f9a16b298190a3178407c?s=96&d=mm&r=g\",\"contentUrl\":\"https:\/\/secure.gravatar.com\/avatar\/2dce5ddd34b8fef0180efe03aa2a9bee7d953856048f9a16b298190a3178407c?s=96&d=mm&r=g\",\"caption\":\"LA REDACTION\"},\"url\":\"https:\/\/www.public.sn\/index.php\/author\/editeurpsn\/\"}]}<\/script>\n<!-- \/ Yoast SEO plugin. -->","yoast_head_json":{"title":"Le ministre de la Justice approuve le 3\u00e8me mandat\u2026Et il n\u2019est pas seul - LE PUBLIC","robots":{"index":"index","follow":"follow","max-snippet":"max-snippet:-1","max-image-preview":"max-image-preview:large","max-video-preview":"max-video-preview:-1"},"canonical":"https:\/\/www.public.sn\/index.php\/2023\/04\/01\/le-ministre-de-la-justice-approuve-le-3eme-mandatet-il-nest-pas-seul\/","og_locale":"fr_FR","og_type":"article","og_title":"Le ministre de la Justice approuve le 3\u00e8me mandat\u2026Et il n\u2019est pas seul - LE PUBLIC","og_description":"Plusieurs membres du gouvernement, dont le ministre de la Justice,\u00a0Isma\u00efla Madior Fall, ont d\u00e9fendu la l\u00e9galit\u00e9 d\u2019une candidature \u00e0 l\u2019\u00e9lection pr\u00e9sidentielle du 25 f\u00e9vrier 2024 de Macky Sall, a-t-on constat\u00e9 vendredi soir \u00e0 Dakar. La possibilit\u00e9 pour l\u2019actuel chef de l\u2019Etat de briguer un nouveau mandat pr\u00e9sidentiel en toute l\u00e9galit\u00e9 a \u00e9t\u00e9 \u2018\u2019juridiquement\u2019\u2019 act\u00e9e lors du r\u00e9f\u00e9rendum constitutionnel de 2016, a soutenu M. Fall. \u2018\u2019Non seulement, elle n\u2019a pas de valeur juridique mais au plan \u00e9thique aussi, consid\u00e9rer que les circonstances ont chang\u00e9 et r\u00e9examiner sa position \u00e0 la lumi\u00e8re d\u2019un nouveau contexte et de donn\u00e9es nouvelles proc\u00e8de du courage et de l\u2019\u00e9thique\u2019\u2019, a-t-il fait valoir en parlant de la d\u00e9claration faite par Macky Sall, lors du r\u00e9f\u00e9rendum de 2016, de ne plus pouvoir \u00eatre candidat s\u2019il est r\u00e9\u00e9lu en 2019. Le garde des Sceaux prenait part \u00e0 un d\u00e9bat sur \u2018\u2019la candidature du pr\u00e9sident Macky Sall en 2024\u2019\u2019, \u00e0 l\u2019initiative de la Task Force r\u00e9publicaine, une instance proche de l\u2019APR, le parti politique du chef de l\u2019Etat. \u2018\u2019L\u2019opinion exprim\u00e9e par le pr\u00e9sident de la R\u00e9publique, quelle que soit sa solennit\u00e9, ne peut valoir r\u00e8gle de droit d\u00e8s lors qu\u2019elle ne se traduit pas par un acte l\u00e9gislatif\u2019\u2019, a argu\u00e9 Isma\u00efla Madior Fall. \u2018\u2019Cette d\u00e9claration en elle-m\u00eame ne saurait en aucun cas constituer une source de droit\u2019\u2019, a-t-il soutenu en parlant encore des propos tenus par Macky Sall, selon lesquels il est en train d\u2019exercer depuis 2019 le dernier du nombre de mandats que lui autorise la Constitution s\u00e9n\u00e9galaise. La question de la candidature de l\u2019actuel pr\u00e9sident de la R\u00e9publique a \u00e9t\u00e9 \u2018\u2019d\u00e9j\u00e0 tranch\u00e9e lorsque le pr\u00e9sident Macky Sall a soumis le projet de r\u00e9vision [de la Constitution] au r\u00e9f\u00e9rendum de 2016\u2019\u2019, a insist\u00e9 Isma\u00efla Madior Fall, un agr\u00e9g\u00e9 de droit qui a conseill\u00e9 Macky Sall pour la r\u00e9forme constitutionnelle de 2016. \u2018\u2019Le Conseil constitutionnel a exclu totalement le premier mandat du pr\u00e9sident de la R\u00e9publique en consid\u00e9rant que sous le r\u00e9gime de la Constitution version 2016, le premier mandat du pr\u00e9sident est celui allant de 2019 \u00e0 2024\u2019\u2019, a d\u00e9clar\u00e9 M. Fall. Il affirme, en citant l\u2019article 27 de la Constitution, que \u2018\u2019le pr\u00e9sident de la R\u00e9publique est \u00e9lu pour un mandat de cinq ans renouvelable une fois\u2019\u2019, et que \u2018\u2019nul ne peut exercer plus de deux mandats cons\u00e9cutifs\u2019\u2019. La ministre des Affaires \u00e9trang\u00e8res et des S\u00e9n\u00e9galais de l\u2019ext\u00e9rieur, A\u00efssata Tall Sall, son coll\u00e8gue charg\u00e9 des Forces arm\u00e9es, Sidiki Kaba, et d\u2019autres personnalit\u00e9s membres de l\u2019APR ont pris la parole pour d\u00e9fendre la l\u00e9galit\u00e9 de la candidature de Macky Sall au scrutin pr\u00e9sidentiel de 2024. \u2018\u2019Nous sommes passionn\u00e9s par une question politique qui revient de fa\u00e7on \u00e9pisodique [\u2026] Quand nous acc\u00e9dions \u00e0 l\u2019ind\u00e9pendance, la dur\u00e9e du mandat \u00e9tait de sept ans. Trois ans plus tard, on l\u2019a r\u00e9duite \u00e0 quatre ans. D\u00e8s 1967, [L\u00e9opold S\u00e9dar] Senghor l\u2019a fix\u00e9e \u00e0 cinq ans. Avec le Code [\u00e9lectoral] consensuel de 1991, Abdou Diouf l\u2019a fix\u00e9e \u00e0 sept ans\u2019\u2019, a rappel\u00e9 le professeur agr\u00e9g\u00e9 de droit constitutionnel. Durant la pr\u00e9sidence d\u2019Abdoulaye Wade, la dur\u00e9e du mandat pr\u00e9sidentiel a \u00e9t\u00e9 ramen\u00e9e \u00e0 cinq ans, puis \u00e0 sept ans, a poursuivi Isma\u00efla Madior Fall. Ensuite, Macky Sall, \u00e9lu pour un mandat de sept ans, a fait r\u00e9duire le mandat pr\u00e9sidentiel \u00e0 cinq ans, sans que cette modification relative \u00e0 la dur\u00e9e ne s\u2019applique \u00e0 celui qu\u2019il exer\u00e7ait lors du r\u00e9f\u00e9rendum de 2016, a rappel\u00e9 M. Fall. \u2018\u2019Je ne me d\u00e9dis pas\u2019\u2019 Macky Sall, en proposant cette r\u00e9forme constitutionnelle, avait soutenu que le nombre de mandats pr\u00e9sidentiels autoris\u00e9s par la Constitution ne ferait plus l\u2019objet d\u2019aucune controverse au S\u00e9n\u00e9gal. Les membres de la Task Force r\u00e9publicaine ont repris le plaidoyer qu\u2019il a r\u00e9cemment fait dans une interview accord\u00e9e \u00e0 l\u2019hebdomadaire fran\u00e7ais L\u2019Express, dans laquelle le leader de l\u2019APR soutient pouvoir l\u00e9galement pr\u00e9senter sa candidature \u00e0 l\u2019\u00e9lection pr\u00e9sidentielle de 2024, malgr\u00e9 la promesse qu\u2019il a faite d\u2019\u00e9viter toute controvers\u00e9e relative aux mandats pr\u00e9sidentiels. Lire la suite ici","og_url":"https:\/\/www.public.sn\/index.php\/2023\/04\/01\/le-ministre-de-la-justice-approuve-le-3eme-mandatet-il-nest-pas-seul\/","og_site_name":"LE PUBLIC","article_published_time":"2023-04-01T12:22:40+00:00","og_image":[{"width":768,"height":512,"url":"https:\/\/www.public.sn\/wp-content\/uploads\/2023\/03\/Macky-Sall-2.jpg","type":"image\/jpeg"}],"author":"LA REDACTION","twitter_card":"summary_large_image","twitter_misc":{"\u00c9crit par":"LA REDACTION","Dur\u00e9e de lecture estim\u00e9e":"4 minutes"},"schema":{"@context":"https:\/\/schema.org","@graph":[{"@type":"Article","@id":"https:\/\/www.public.sn\/index.php\/2023\/04\/01\/le-ministre-de-la-justice-approuve-le-3eme-mandatet-il-nest-pas-seul\/#article","isPartOf":{"@id":"https:\/\/www.public.sn\/index.php\/2023\/04\/01\/le-ministre-de-la-justice-approuve-le-3eme-mandatet-il-nest-pas-seul\/"},"author":{"name":"LA REDACTION","@id":"https:\/\/www.public.sn\/#\/schema\/person\/cb76c8e1b8becc6be61fb5e92d6d0224"},"headline":"Le ministre de la Justice approuve le 3\u00e8me mandat\u2026Et il n\u2019est pas seul","datePublished":"2023-04-01T12:22:40+00:00","mainEntityOfPage":{"@id":"https:\/\/www.public.sn\/index.php\/2023\/04\/01\/le-ministre-de-la-justice-approuve-le-3eme-mandatet-il-nest-pas-seul\/"},"wordCount":767,"commentCount":0,"publisher":{"@id":"https:\/\/www.public.sn\/#organization"},"image":{"@id":"https:\/\/www.public.sn\/index.php\/2023\/04\/01\/le-ministre-de-la-justice-approuve-le-3eme-mandatet-il-nest-pas-seul\/#primaryimage"},"thumbnailUrl":"https:\/\/www.public.sn\/wp-content\/uploads\/2023\/03\/Macky-Sall-2.jpg","keywords":["3\u00e8me mandat","Justice","Macky Sall"],"articleSection":["ACTUALIT\u00c9S","justice","POLITIQUE","S\u00c9CURIT\u00c9 &amp; JUSTICE","S\u00c9N\u00c9GAL","SOCIETE"],"inLanguage":"fr-FR","potentialAction":[{"@type":"CommentAction","name":"Comment","target":["https:\/\/www.public.sn\/index.php\/2023\/04\/01\/le-ministre-de-la-justice-approuve-le-3eme-mandatet-il-nest-pas-seul\/#respond"]}]},{"@type":"WebPage","@id":"https:\/\/www.public.sn\/index.php\/2023\/04\/01\/le-ministre-de-la-justice-approuve-le-3eme-mandatet-il-nest-pas-seul\/","url":"https:\/\/www.public.sn\/index.php\/2023\/04\/01\/le-ministre-de-la-justice-approuve-le-3eme-mandatet-il-nest-pas-seul\/","name":"Le ministre de la Justice approuve le 3\u00e8me mandat\u2026Et il n\u2019est pas seul - LE PUBLIC","isPartOf":{"@id":"https:\/\/www.public.sn\/#website"},"primaryImageOfPage":{"@id":"https:\/\/www.public.sn\/index.php\/2023\/04\/01\/le-ministre-de-la-justice-approuve-le-3eme-mandatet-il-nest-pas-seul\/#primaryimage"},"image":{"@id":"https:\/\/www.public.sn\/index.php\/2023\/04\/01\/le-ministre-de-la-justice-approuve-le-3eme-mandatet-il-nest-pas-seul\/#primaryimage"},"thumbnailUrl":"https:\/\/www.public.sn\/wp-content\/uploads\/2023\/03\/Macky-Sall-2.jpg","datePublished":"2023-04-01T12:22:40+00:00","breadcrumb":{"@id":"https:\/\/www.public.sn\/index.php\/2023\/04\/01\/le-ministre-de-la-justice-approuve-le-3eme-mandatet-il-nest-pas-seul\/#breadcrumb"},"inLanguage":"fr-FR","potentialAction":[{"@type":"ReadAction","target":["https:\/\/www.public.sn\/index.php\/2023\/04\/01\/le-ministre-de-la-justice-approuve-le-3eme-mandatet-il-nest-pas-seul\/"]}]},{"@type":"ImageObject","inLanguage":"fr-FR","@id":"https:\/\/www.public.sn\/index.php\/2023\/04\/01\/le-ministre-de-la-justice-approuve-le-3eme-mandatet-il-nest-pas-seul\/#primaryimage","url":"https:\/\/www.public.sn\/wp-content\/uploads\/2023\/03\/Macky-Sall-2.jpg","contentUrl":"https:\/\/www.public.sn\/wp-content\/uploads\/2023\/03\/Macky-Sall-2.jpg","width":768,"height":512},{"@type":"BreadcrumbList","@id":"https:\/\/www.public.sn\/index.php\/2023\/04\/01\/le-ministre-de-la-justice-approuve-le-3eme-mandatet-il-nest-pas-seul\/#breadcrumb","itemListElement":[{"@type":"ListItem","position":1,"name":"Accueil","item":"https:\/\/www.public.sn\/"},{"@type":"ListItem","position":2,"name":"Le ministre de la Justice approuve le 3\u00e8me mandat\u2026Et il n\u2019est pas seul"}]},{"@type":"WebSite","@id":"https:\/\/www.public.sn\/#website","url":"https:\/\/www.public.sn\/","name":"LE PUBLIC","description":"","publisher":{"@id":"https:\/\/www.public.sn\/#organization"},"potentialAction":[{"@type":"SearchAction","target":{"@type":"EntryPoint","urlTemplate":"https:\/\/www.public.sn\/?s={search_term_string}"},"query-input":{"@type":"PropertyValueSpecification","valueRequired":true,"valueName":"search_term_string"}}],"inLanguage":"fr-FR"},{"@type":"Organization","@id":"https:\/\/www.public.sn\/#organization","name":"LE PUBLIC","url":"https:\/\/www.public.sn\/","logo":{"@type":"ImageObject","inLanguage":"fr-FR","@id":"https:\/\/www.public.sn\/#\/schema\/logo\/image\/","url":"https:\/\/www.public.sn\/wp-content\/uploads\/2024\/05\/cropped-LOGO-PUBLIC.SN_.png","contentUrl":"https:\/\/www.public.sn\/wp-content\/uploads\/2024\/05\/cropped-LOGO-PUBLIC.SN_.png","width":682,"height":192,"caption":"LE PUBLIC"},"image":{"@id":"https:\/\/www.public.sn\/#\/schema\/logo\/image\/"}},{"@type":"Person","@id":"https:\/\/www.public.sn\/#\/schema\/person\/cb76c8e1b8becc6be61fb5e92d6d0224","name":"LA REDACTION","image":{"@type":"ImageObject","inLanguage":"fr-FR","@id":"https:\/\/www.public.sn\/#\/schema\/person\/image\/","url":"https:\/\/secure.gravatar.com\/avatar\/2dce5ddd34b8fef0180efe03aa2a9bee7d953856048f9a16b298190a3178407c?s=96&d=mm&r=g","contentUrl":"https:\/\/secure.gravatar.com\/avatar\/2dce5ddd34b8fef0180efe03aa2a9bee7d953856048f9a16b298190a3178407c?s=96&d=mm&r=g","caption":"LA REDACTION"},"url":"https:\/\/www.public.sn\/index.php\/author\/editeurpsn\/"}]}},"jetpack_featured_media_url":"https:\/\/www.public.sn\/wp-content\/uploads\/2023\/03\/Macky-Sall-2.jpg","jetpack_sharing_enabled":true,"_links":{"self":[{"href":"https:\/\/www.public.sn\/index.php\/wp-json\/wp\/v2\/posts\/19155","targetHints":{"allow":["GET"]}}],"collection":[{"href":"https:\/\/www.public.sn\/index.php\/wp-json\/wp\/v2\/posts"}],"about":[{"href":"https:\/\/www.public.sn\/index.php\/wp-json\/wp\/v2\/types\/post"}],"author":[{"embeddable":true,"href":"https:\/\/www.public.sn\/index.php\/wp-json\/wp\/v2\/users\/7"}],"replies":[{"embeddable":true,"href":"https:\/\/www.public.sn\/index.php\/wp-json\/wp\/v2\/comments?post=19155"}],"version-history":[{"count":1,"href":"https:\/\/www.public.sn\/index.php\/wp-json\/wp\/v2\/posts\/19155\/revisions"}],"predecessor-version":[{"id":19156,"href":"https:\/\/www.public.sn\/index.php\/wp-json\/wp\/v2\/posts\/19155\/revisions\/19156"}],"wp:featuredmedia":[{"embeddable":true,"href":"https:\/\/www.public.sn\/index.php\/wp-json\/wp\/v2\/media\/18494"}],"wp:attachment":[{"href":"https:\/\/www.public.sn\/index.php\/wp-json\/wp\/v2\/media?parent=19155"}],"wp:term":[{"taxonomy":"category","embeddable":true,"href":"https:\/\/www.public.sn\/index.php\/wp-json\/wp\/v2\/categories?post=19155"},{"taxonomy":"post_tag","embeddable":true,"href":"https:\/\/www.public.sn\/index.php\/wp-json\/wp\/v2\/tags?post=19155"}],"curies":[{"name":"wp","href":"https:\/\/api.w.org\/{rel}","templated":true}]}}