{"id":19179,"date":"2023-04-03T11:32:53","date_gmt":"2023-04-03T11:32:53","guid":{"rendered":"https:\/\/www.public.sn\/?p=19179"},"modified":"2023-04-03T11:32:53","modified_gmt":"2023-04-03T11:32:53","slug":"outhmane-diagne-convoque-a-la-dic-ce-lundi","status":"publish","type":"post","link":"https:\/\/www.public.sn\/index.php\/2023\/04\/03\/outhmane-diagne-convoque-a-la-dic-ce-lundi\/","title":{"rendered":"Outhmane Diagne convoqu\u00e9 \u00e0 la DIC ce lundi"},"content":{"rendered":"<p><strong>\u00ab J\u2019ai re\u00e7u aujourd\u2019hui chez-moi un agent de la Division des Investigations Criminelles (DIC) qui m\u2019a notifi\u00e9 une convocation pour demain \u00e0 09H.<\/strong><\/p><div class=\"publi-paragraphe1\" style=\"margin-top: 10px;margin-bottom: 10px;margin-left: auto;margin-right: auto;text-align: center;\" id=\"publi-3021038593\"><div class=\"publi-adlabel\">Publicit\u00e9<\/div><script async src=\"\/\/pagead2.googlesyndication.com\/pagead\/js\/adsbygoogle.js?client=ca-pub-4089586018074219\" crossorigin=\"anonymous\"><\/script><ins class=\"adsbygoogle\" style=\"display:block;\" data-ad-client=\"ca-pub-4089586018074219\" \ndata-ad-slot=\"2087940154\" \ndata-ad-format=\"auto\"><\/ins>\n<script> \n(adsbygoogle = window.adsbygoogle || []).push({}); \n<\/script>\n<\/div>\n<p>Je suis Sonko jusqu\u2019\u00e0 la mort ??<\/p>\n<p>Lu Naxari Macky Dictateur Neex Nama \u00a0\u00bb.<\/p>\n<div class=\"dbe dbe-post-middle dbe-float-center dbe-align-center dbe-column-1 dbe-clearfix no-bg-box-model\">\n<div id=\"dbe-3576-644220708\" class=\"dbe-container dbe-type-code \" data-adid=\"3576\" data-type=\"code\">\n<div id=\"dbe-3576-644220708-place\"><\/div>\n<\/div>\n<\/div>\n<p>\u00ab Voici la convocation pour ceux qui veulent une preuve de l\u2019information.<\/p>\n<p><img fetchpriority=\"high\" decoding=\"async\" class=\"alignnone size-full wp-image-19234\" src=\"https:\/\/www.public.sn\/wp-content\/uploads\/2023\/04\/convocation-Outman-Diagne.jpg\" alt=\"\" width=\"720\" height=\"1012\" srcset=\"https:\/\/www.public.sn\/wp-content\/uploads\/2023\/04\/convocation-Outman-Diagne.jpg 720w, https:\/\/www.public.sn\/wp-content\/uploads\/2023\/04\/convocation-Outman-Diagne-600x843.jpg 600w, https:\/\/www.public.sn\/wp-content\/uploads\/2023\/04\/convocation-Outman-Diagne-213x300.jpg 213w\" sizes=\"(max-width: 720px) 100vw, 720px\" \/><\/p>\n<p>Depuis ma sortie de prison, je subis un harc\u00e8lement policier sans pr\u00e9c\u00e9dent. Il y a deux semaines, c\u2019\u00e9tait la Cybercriminalit\u00e9 qui m\u2019avait appel\u00e9 pour que je vienne r\u00e9pondre au Commissaire, aujourd\u2019hui c\u2019est la Division des Investigations Criminelles.<\/p>\n<p>Je d\u00e9range Macky Sall sur les r\u00e9seaux Sociaux et sa seule strat\u00e9gie, c\u2019est de me faire arr\u00eater et de m\u2019emprisonner jusqu\u2019en 2024 pour m\u2019emp\u00eacher de communiquer. Lu Naxari Macky Dictateur Nex Nama \u00a0\u00bb a \u00e9crit Outhmane Diagne sur sa page facebook..<\/p>\n<div class=\"publi-apres-le-contenu\" style=\"margin-top: 10px;margin-bottom: 10px;margin-left: auto;margin-right: auto;text-align: center;\" id=\"publi-3023548313\"><div class=\"publi-adlabel\">Publicit\u00e9<\/div><script async src=\"\/\/pagead2.googlesyndication.com\/pagead\/js\/adsbygoogle.js?client=ca-pub-4089586018074219\" crossorigin=\"anonymous\"><\/script><ins class=\"adsbygoogle\" style=\"display:block;\" data-ad-client=\"ca-pub-4089586018074219\" \ndata-ad-slot=\"2087940154\" \ndata-ad-format=\"auto\"><\/ins>\n<script> \n(adsbygoogle = window.adsbygoogle || []).push({}); \n<\/script>\n<\/div>","protected":false},"excerpt":{"rendered":"<p>\u00ab J\u2019ai re\u00e7u aujourd\u2019hui chez-moi un agent de la Division des Investigations Criminelles (DIC) qui m\u2019a notifi\u00e9 une convocation pour demain \u00e0 09H. Je suis Sonko jusqu\u2019\u00e0 la mort ?? Lu Naxari Macky Dictateur Neex Nama \u00a0\u00bb. \u00ab Voici la convocation pour ceux qui veulent une preuve de l\u2019information. Depuis ma sortie de prison, je subis un harc\u00e8lement policier sans pr\u00e9c\u00e9dent. Il y a deux semaines, c\u2019\u00e9tait la Cybercriminalit\u00e9 qui m\u2019avait appel\u00e9 pour que je vienne r\u00e9pondre au Commissaire, aujourd\u2019hui c\u2019est la Division des Investigations Criminelles. Je d\u00e9range Macky Sall sur les r\u00e9seaux Sociaux et sa seule strat\u00e9gie, c\u2019est de me faire arr\u00eater et de m\u2019emprisonner jusqu\u2019en 2024 pour m\u2019emp\u00eacher de communiquer. Lu Naxari Macky Dictateur Nex Nama \u00a0\u00bb a \u00e9crit Outhmane Diagne sur sa page facebook..<\/p>\n","protected":false},"author":7,"featured_media":19238,"comment_status":"open","ping_status":"open","sticky":false,"template":"","format":"standard","meta":{"_jetpack_memberships_contains_paid_content":false,"footnotes":""},"categories":[375,3724,3,376,1,372],"tags":[2240,640,24,5033],"class_list":["post-19179","post","type-post","status-publish","format-standard","has-post-thumbnail","hentry","category-actualites","category-justice","category-politique","category-securite-justice","category-non-classe","category-vedette","tag-convocation","tag-dic","tag-justice","tag-outhmane-diagne","entry","has-media","owp-thumbs-layout-horizontal","owp-btn-normal","owp-tabs-layout-horizontal","has-no-thumbnails","has-product-nav"],"yoast_head":"<!-- This site is optimized with the Yoast SEO plugin v25.5 - https:\/\/yoast.com\/wordpress\/plugins\/seo\/ -->\n<title>Outhmane Diagne convoqu\u00e9 \u00e0 la DIC ce lundi - LE PUBLIC<\/title>\n<meta name=\"robots\" content=\"index, follow, max-snippet:-1, max-image-preview:large, max-video-preview:-1\" \/>\n<link rel=\"canonical\" href=\"https:\/\/www.public.sn\/index.php\/2023\/04\/03\/outhmane-diagne-convoque-a-la-dic-ce-lundi\/\" \/>\n<meta property=\"og:locale\" content=\"fr_FR\" \/>\n<meta property=\"og:type\" content=\"article\" \/>\n<meta property=\"og:title\" content=\"Outhmane Diagne convoqu\u00e9 \u00e0 la DIC ce lundi - LE PUBLIC\" \/>\n<meta property=\"og:description\" content=\"\u00ab J\u2019ai re\u00e7u aujourd\u2019hui chez-moi un agent de la Division des Investigations Criminelles (DIC) qui m\u2019a notifi\u00e9 une convocation pour demain \u00e0 09H. Je suis Sonko jusqu\u2019\u00e0 la mort ?? Lu Naxari Macky Dictateur Neex Nama \u00a0\u00bb. \u00ab Voici la convocation pour ceux qui veulent une preuve de l\u2019information. Depuis ma sortie de prison, je subis un harc\u00e8lement policier sans pr\u00e9c\u00e9dent. Il y a deux semaines, c\u2019\u00e9tait la Cybercriminalit\u00e9 qui m\u2019avait appel\u00e9 pour que je vienne r\u00e9pondre au Commissaire, aujourd\u2019hui c\u2019est la Division des Investigations Criminelles. Je d\u00e9range Macky Sall sur les r\u00e9seaux Sociaux et sa seule strat\u00e9gie, c\u2019est de me faire arr\u00eater et de m\u2019emprisonner jusqu\u2019en 2024 pour m\u2019emp\u00eacher de communiquer. Lu Naxari Macky Dictateur Nex Nama \u00a0\u00bb a \u00e9crit Outhmane Diagne sur sa page facebook..\" \/>\n<meta property=\"og:url\" content=\"https:\/\/www.public.sn\/index.php\/2023\/04\/03\/outhmane-diagne-convoque-a-la-dic-ce-lundi\/\" \/>\n<meta property=\"og:site_name\" content=\"LE PUBLIC\" \/>\n<meta property=\"article:published_time\" content=\"2023-04-03T11:32:53+00:00\" \/>\n<meta property=\"og:image\" content=\"https:\/\/www.public.sn\/wp-content\/uploads\/2023\/04\/Outhmane-Diagne.jpg\" \/>\n\t<meta property=\"og:image:width\" content=\"284\" \/>\n\t<meta property=\"og:image:height\" content=\"178\" \/>\n\t<meta property=\"og:image:type\" content=\"image\/jpeg\" \/>\n<meta name=\"author\" content=\"LA REDACTION\" \/>\n<meta name=\"twitter:card\" content=\"summary_large_image\" \/>\n<meta name=\"twitter:label1\" content=\"\u00c9crit par\" \/>\n\t<meta name=\"twitter:data1\" content=\"LA REDACTION\" \/>\n\t<meta name=\"twitter:label2\" content=\"Dur\u00e9e de lecture estim\u00e9e\" \/>\n\t<meta name=\"twitter:data2\" content=\"1 minute\" \/>\n<script type=\"application\/ld+json\" class=\"yoast-schema-graph\">{\"@context\":\"https:\/\/schema.org\",\"@graph\":[{\"@type\":\"Article\",\"@id\":\"https:\/\/www.public.sn\/index.php\/2023\/04\/03\/outhmane-diagne-convoque-a-la-dic-ce-lundi\/#article\",\"isPartOf\":{\"@id\":\"https:\/\/www.public.sn\/index.php\/2023\/04\/03\/outhmane-diagne-convoque-a-la-dic-ce-lundi\/\"},\"author\":{\"name\":\"LA REDACTION\",\"@id\":\"https:\/\/www.public.sn\/#\/schema\/person\/cb76c8e1b8becc6be61fb5e92d6d0224\"},\"headline\":\"Outhmane Diagne convoqu\u00e9 \u00e0 la DIC ce lundi\",\"datePublished\":\"2023-04-03T11:32:53+00:00\",\"mainEntityOfPage\":{\"@id\":\"https:\/\/www.public.sn\/index.php\/2023\/04\/03\/outhmane-diagne-convoque-a-la-dic-ce-lundi\/\"},\"wordCount\":149,\"commentCount\":0,\"publisher\":{\"@id\":\"https:\/\/www.public.sn\/#organization\"},\"image\":{\"@id\":\"https:\/\/www.public.sn\/index.php\/2023\/04\/03\/outhmane-diagne-convoque-a-la-dic-ce-lundi\/#primaryimage\"},\"thumbnailUrl\":\"https:\/\/www.public.sn\/wp-content\/uploads\/2023\/04\/Outhmane-Diagne.jpg\",\"keywords\":[\"Convocation\",\"DIC\",\"Justice\",\"Outhmane Diagne\"],\"articleSection\":[\"ACTUALIT\u00c9S\",\"justice\",\"POLITIQUE\",\"S\u00c9CURIT\u00c9 &amp; JUSTICE\",\"S\u00c9N\u00c9GAL\",\"VEDETTE\"],\"inLanguage\":\"fr-FR\",\"potentialAction\":[{\"@type\":\"CommentAction\",\"name\":\"Comment\",\"target\":[\"https:\/\/www.public.sn\/index.php\/2023\/04\/03\/outhmane-diagne-convoque-a-la-dic-ce-lundi\/#respond\"]}]},{\"@type\":\"WebPage\",\"@id\":\"https:\/\/www.public.sn\/index.php\/2023\/04\/03\/outhmane-diagne-convoque-a-la-dic-ce-lundi\/\",\"url\":\"https:\/\/www.public.sn\/index.php\/2023\/04\/03\/outhmane-diagne-convoque-a-la-dic-ce-lundi\/\",\"name\":\"Outhmane Diagne convoqu\u00e9 \u00e0 la DIC ce lundi - LE PUBLIC\",\"isPartOf\":{\"@id\":\"https:\/\/www.public.sn\/#website\"},\"primaryImageOfPage\":{\"@id\":\"https:\/\/www.public.sn\/index.php\/2023\/04\/03\/outhmane-diagne-convoque-a-la-dic-ce-lundi\/#primaryimage\"},\"image\":{\"@id\":\"https:\/\/www.public.sn\/index.php\/2023\/04\/03\/outhmane-diagne-convoque-a-la-dic-ce-lundi\/#primaryimage\"},\"thumbnailUrl\":\"https:\/\/www.public.sn\/wp-content\/uploads\/2023\/04\/Outhmane-Diagne.jpg\",\"datePublished\":\"2023-04-03T11:32:53+00:00\",\"breadcrumb\":{\"@id\":\"https:\/\/www.public.sn\/index.php\/2023\/04\/03\/outhmane-diagne-convoque-a-la-dic-ce-lundi\/#breadcrumb\"},\"inLanguage\":\"fr-FR\",\"potentialAction\":[{\"@type\":\"ReadAction\",\"target\":[\"https:\/\/www.public.sn\/index.php\/2023\/04\/03\/outhmane-diagne-convoque-a-la-dic-ce-lundi\/\"]}]},{\"@type\":\"ImageObject\",\"inLanguage\":\"fr-FR\",\"@id\":\"https:\/\/www.public.sn\/index.php\/2023\/04\/03\/outhmane-diagne-convoque-a-la-dic-ce-lundi\/#primaryimage\",\"url\":\"https:\/\/www.public.sn\/wp-content\/uploads\/2023\/04\/Outhmane-Diagne.jpg\",\"contentUrl\":\"https:\/\/www.public.sn\/wp-content\/uploads\/2023\/04\/Outhmane-Diagne.jpg\",\"width\":284,\"height\":178},{\"@type\":\"BreadcrumbList\",\"@id\":\"https:\/\/www.public.sn\/index.php\/2023\/04\/03\/outhmane-diagne-convoque-a-la-dic-ce-lundi\/#breadcrumb\",\"itemListElement\":[{\"@type\":\"ListItem\",\"position\":1,\"name\":\"Accueil\",\"item\":\"https:\/\/www.public.sn\/\"},{\"@type\":\"ListItem\",\"position\":2,\"name\":\"Outhmane Diagne convoqu\u00e9 \u00e0 la DIC ce lundi\"}]},{\"@type\":\"WebSite\",\"@id\":\"https:\/\/www.public.sn\/#website\",\"url\":\"https:\/\/www.public.sn\/\",\"name\":\"LE PUBLIC\",\"description\":\"\",\"publisher\":{\"@id\":\"https:\/\/www.public.sn\/#organization\"},\"potentialAction\":[{\"@type\":\"SearchAction\",\"target\":{\"@type\":\"EntryPoint\",\"urlTemplate\":\"https:\/\/www.public.sn\/?s={search_term_string}\"},\"query-input\":{\"@type\":\"PropertyValueSpecification\",\"valueRequired\":true,\"valueName\":\"search_term_string\"}}],\"inLanguage\":\"fr-FR\"},{\"@type\":\"Organization\",\"@id\":\"https:\/\/www.public.sn\/#organization\",\"name\":\"LE PUBLIC\",\"url\":\"https:\/\/www.public.sn\/\",\"logo\":{\"@type\":\"ImageObject\",\"inLanguage\":\"fr-FR\",\"@id\":\"https:\/\/www.public.sn\/#\/schema\/logo\/image\/\",\"url\":\"https:\/\/www.public.sn\/wp-content\/uploads\/2024\/05\/cropped-LOGO-PUBLIC.SN_.png\",\"contentUrl\":\"https:\/\/www.public.sn\/wp-content\/uploads\/2024\/05\/cropped-LOGO-PUBLIC.SN_.png\",\"width\":682,\"height\":192,\"caption\":\"LE PUBLIC\"},\"image\":{\"@id\":\"https:\/\/www.public.sn\/#\/schema\/logo\/image\/\"}},{\"@type\":\"Person\",\"@id\":\"https:\/\/www.public.sn\/#\/schema\/person\/cb76c8e1b8becc6be61fb5e92d6d0224\",\"name\":\"LA REDACTION\",\"image\":{\"@type\":\"ImageObject\",\"inLanguage\":\"fr-FR\",\"@id\":\"https:\/\/www.public.sn\/#\/schema\/person\/image\/\",\"url\":\"https:\/\/secure.gravatar.com\/avatar\/2dce5ddd34b8fef0180efe03aa2a9bee7d953856048f9a16b298190a3178407c?s=96&d=mm&r=g\",\"contentUrl\":\"https:\/\/secure.gravatar.com\/avatar\/2dce5ddd34b8fef0180efe03aa2a9bee7d953856048f9a16b298190a3178407c?s=96&d=mm&r=g\",\"caption\":\"LA REDACTION\"},\"url\":\"https:\/\/www.public.sn\/index.php\/author\/editeurpsn\/\"}]}<\/script>\n<!-- \/ Yoast SEO plugin. -->","yoast_head_json":{"title":"Outhmane Diagne convoqu\u00e9 \u00e0 la DIC ce lundi - LE PUBLIC","robots":{"index":"index","follow":"follow","max-snippet":"max-snippet:-1","max-image-preview":"max-image-preview:large","max-video-preview":"max-video-preview:-1"},"canonical":"https:\/\/www.public.sn\/index.php\/2023\/04\/03\/outhmane-diagne-convoque-a-la-dic-ce-lundi\/","og_locale":"fr_FR","og_type":"article","og_title":"Outhmane Diagne convoqu\u00e9 \u00e0 la DIC ce lundi - LE PUBLIC","og_description":"\u00ab J\u2019ai re\u00e7u aujourd\u2019hui chez-moi un agent de la Division des Investigations Criminelles (DIC) qui m\u2019a notifi\u00e9 une convocation pour demain \u00e0 09H. Je suis Sonko jusqu\u2019\u00e0 la mort ?? Lu Naxari Macky Dictateur Neex Nama \u00a0\u00bb. \u00ab Voici la convocation pour ceux qui veulent une preuve de l\u2019information. Depuis ma sortie de prison, je subis un harc\u00e8lement policier sans pr\u00e9c\u00e9dent. Il y a deux semaines, c\u2019\u00e9tait la Cybercriminalit\u00e9 qui m\u2019avait appel\u00e9 pour que je vienne r\u00e9pondre au Commissaire, aujourd\u2019hui c\u2019est la Division des Investigations Criminelles. Je d\u00e9range Macky Sall sur les r\u00e9seaux Sociaux et sa seule strat\u00e9gie, c\u2019est de me faire arr\u00eater et de m\u2019emprisonner jusqu\u2019en 2024 pour m\u2019emp\u00eacher de communiquer. Lu Naxari Macky Dictateur Nex Nama \u00a0\u00bb a \u00e9crit Outhmane Diagne sur sa page facebook..","og_url":"https:\/\/www.public.sn\/index.php\/2023\/04\/03\/outhmane-diagne-convoque-a-la-dic-ce-lundi\/","og_site_name":"LE PUBLIC","article_published_time":"2023-04-03T11:32:53+00:00","og_image":[{"width":284,"height":178,"url":"https:\/\/www.public.sn\/wp-content\/uploads\/2023\/04\/Outhmane-Diagne.jpg","type":"image\/jpeg"}],"author":"LA REDACTION","twitter_card":"summary_large_image","twitter_misc":{"\u00c9crit par":"LA REDACTION","Dur\u00e9e de lecture estim\u00e9e":"1 minute"},"schema":{"@context":"https:\/\/schema.org","@graph":[{"@type":"Article","@id":"https:\/\/www.public.sn\/index.php\/2023\/04\/03\/outhmane-diagne-convoque-a-la-dic-ce-lundi\/#article","isPartOf":{"@id":"https:\/\/www.public.sn\/index.php\/2023\/04\/03\/outhmane-diagne-convoque-a-la-dic-ce-lundi\/"},"author":{"name":"LA REDACTION","@id":"https:\/\/www.public.sn\/#\/schema\/person\/cb76c8e1b8becc6be61fb5e92d6d0224"},"headline":"Outhmane Diagne convoqu\u00e9 \u00e0 la DIC ce lundi","datePublished":"2023-04-03T11:32:53+00:00","mainEntityOfPage":{"@id":"https:\/\/www.public.sn\/index.php\/2023\/04\/03\/outhmane-diagne-convoque-a-la-dic-ce-lundi\/"},"wordCount":149,"commentCount":0,"publisher":{"@id":"https:\/\/www.public.sn\/#organization"},"image":{"@id":"https:\/\/www.public.sn\/index.php\/2023\/04\/03\/outhmane-diagne-convoque-a-la-dic-ce-lundi\/#primaryimage"},"thumbnailUrl":"https:\/\/www.public.sn\/wp-content\/uploads\/2023\/04\/Outhmane-Diagne.jpg","keywords":["Convocation","DIC","Justice","Outhmane Diagne"],"articleSection":["ACTUALIT\u00c9S","justice","POLITIQUE","S\u00c9CURIT\u00c9 &amp; JUSTICE","S\u00c9N\u00c9GAL","VEDETTE"],"inLanguage":"fr-FR","potentialAction":[{"@type":"CommentAction","name":"Comment","target":["https:\/\/www.public.sn\/index.php\/2023\/04\/03\/outhmane-diagne-convoque-a-la-dic-ce-lundi\/#respond"]}]},{"@type":"WebPage","@id":"https:\/\/www.public.sn\/index.php\/2023\/04\/03\/outhmane-diagne-convoque-a-la-dic-ce-lundi\/","url":"https:\/\/www.public.sn\/index.php\/2023\/04\/03\/outhmane-diagne-convoque-a-la-dic-ce-lundi\/","name":"Outhmane Diagne convoqu\u00e9 \u00e0 la DIC ce lundi - LE PUBLIC","isPartOf":{"@id":"https:\/\/www.public.sn\/#website"},"primaryImageOfPage":{"@id":"https:\/\/www.public.sn\/index.php\/2023\/04\/03\/outhmane-diagne-convoque-a-la-dic-ce-lundi\/#primaryimage"},"image":{"@id":"https:\/\/www.public.sn\/index.php\/2023\/04\/03\/outhmane-diagne-convoque-a-la-dic-ce-lundi\/#primaryimage"},"thumbnailUrl":"https:\/\/www.public.sn\/wp-content\/uploads\/2023\/04\/Outhmane-Diagne.jpg","datePublished":"2023-04-03T11:32:53+00:00","breadcrumb":{"@id":"https:\/\/www.public.sn\/index.php\/2023\/04\/03\/outhmane-diagne-convoque-a-la-dic-ce-lundi\/#breadcrumb"},"inLanguage":"fr-FR","potentialAction":[{"@type":"ReadAction","target":["https:\/\/www.public.sn\/index.php\/2023\/04\/03\/outhmane-diagne-convoque-a-la-dic-ce-lundi\/"]}]},{"@type":"ImageObject","inLanguage":"fr-FR","@id":"https:\/\/www.public.sn\/index.php\/2023\/04\/03\/outhmane-diagne-convoque-a-la-dic-ce-lundi\/#primaryimage","url":"https:\/\/www.public.sn\/wp-content\/uploads\/2023\/04\/Outhmane-Diagne.jpg","contentUrl":"https:\/\/www.public.sn\/wp-content\/uploads\/2023\/04\/Outhmane-Diagne.jpg","width":284,"height":178},{"@type":"BreadcrumbList","@id":"https:\/\/www.public.sn\/index.php\/2023\/04\/03\/outhmane-diagne-convoque-a-la-dic-ce-lundi\/#breadcrumb","itemListElement":[{"@type":"ListItem","position":1,"name":"Accueil","item":"https:\/\/www.public.sn\/"},{"@type":"ListItem","position":2,"name":"Outhmane Diagne convoqu\u00e9 \u00e0 la DIC ce lundi"}]},{"@type":"WebSite","@id":"https:\/\/www.public.sn\/#website","url":"https:\/\/www.public.sn\/","name":"LE PUBLIC","description":"","publisher":{"@id":"https:\/\/www.public.sn\/#organization"},"potentialAction":[{"@type":"SearchAction","target":{"@type":"EntryPoint","urlTemplate":"https:\/\/www.public.sn\/?s={search_term_string}"},"query-input":{"@type":"PropertyValueSpecification","valueRequired":true,"valueName":"search_term_string"}}],"inLanguage":"fr-FR"},{"@type":"Organization","@id":"https:\/\/www.public.sn\/#organization","name":"LE PUBLIC","url":"https:\/\/www.public.sn\/","logo":{"@type":"ImageObject","inLanguage":"fr-FR","@id":"https:\/\/www.public.sn\/#\/schema\/logo\/image\/","url":"https:\/\/www.public.sn\/wp-content\/uploads\/2024\/05\/cropped-LOGO-PUBLIC.SN_.png","contentUrl":"https:\/\/www.public.sn\/wp-content\/uploads\/2024\/05\/cropped-LOGO-PUBLIC.SN_.png","width":682,"height":192,"caption":"LE PUBLIC"},"image":{"@id":"https:\/\/www.public.sn\/#\/schema\/logo\/image\/"}},{"@type":"Person","@id":"https:\/\/www.public.sn\/#\/schema\/person\/cb76c8e1b8becc6be61fb5e92d6d0224","name":"LA REDACTION","image":{"@type":"ImageObject","inLanguage":"fr-FR","@id":"https:\/\/www.public.sn\/#\/schema\/person\/image\/","url":"https:\/\/secure.gravatar.com\/avatar\/2dce5ddd34b8fef0180efe03aa2a9bee7d953856048f9a16b298190a3178407c?s=96&d=mm&r=g","contentUrl":"https:\/\/secure.gravatar.com\/avatar\/2dce5ddd34b8fef0180efe03aa2a9bee7d953856048f9a16b298190a3178407c?s=96&d=mm&r=g","caption":"LA REDACTION"},"url":"https:\/\/www.public.sn\/index.php\/author\/editeurpsn\/"}]}},"jetpack_featured_media_url":"https:\/\/www.public.sn\/wp-content\/uploads\/2023\/04\/Outhmane-Diagne.jpg","jetpack_sharing_enabled":true,"_links":{"self":[{"href":"https:\/\/www.public.sn\/index.php\/wp-json\/wp\/v2\/posts\/19179","targetHints":{"allow":["GET"]}}],"collection":[{"href":"https:\/\/www.public.sn\/index.php\/wp-json\/wp\/v2\/posts"}],"about":[{"href":"https:\/\/www.public.sn\/index.php\/wp-json\/wp\/v2\/types\/post"}],"author":[{"embeddable":true,"href":"https:\/\/www.public.sn\/index.php\/wp-json\/wp\/v2\/users\/7"}],"replies":[{"embeddable":true,"href":"https:\/\/www.public.sn\/index.php\/wp-json\/wp\/v2\/comments?post=19179"}],"version-history":[{"count":1,"href":"https:\/\/www.public.sn\/index.php\/wp-json\/wp\/v2\/posts\/19179\/revisions"}],"predecessor-version":[{"id":19239,"href":"https:\/\/www.public.sn\/index.php\/wp-json\/wp\/v2\/posts\/19179\/revisions\/19239"}],"wp:featuredmedia":[{"embeddable":true,"href":"https:\/\/www.public.sn\/index.php\/wp-json\/wp\/v2\/media\/19238"}],"wp:attachment":[{"href":"https:\/\/www.public.sn\/index.php\/wp-json\/wp\/v2\/media?parent=19179"}],"wp:term":[{"taxonomy":"category","embeddable":true,"href":"https:\/\/www.public.sn\/index.php\/wp-json\/wp\/v2\/categories?post=19179"},{"taxonomy":"post_tag","embeddable":true,"href":"https:\/\/www.public.sn\/index.php\/wp-json\/wp\/v2\/tags?post=19179"}],"curies":[{"name":"wp","href":"https:\/\/api.w.org\/{rel}","templated":true}]}}