{"id":19264,"date":"2023-04-03T18:29:19","date_gmt":"2023-04-03T18:29:19","guid":{"rendered":"https:\/\/www.public.sn\/?p=19264"},"modified":"2023-04-03T18:29:19","modified_gmt":"2023-04-03T18:29:19","slug":"bagarre-entre-pecheurs-une-cellule-de-crise-mise-en-place","status":"publish","type":"post","link":"https:\/\/www.public.sn\/index.php\/2023\/04\/03\/bagarre-entre-pecheurs-une-cellule-de-crise-mise-en-place\/","title":{"rendered":"Bagarre entre p\u00eacheurs : Une cellule de crise mise en place"},"content":{"rendered":"<p><strong>Apr\u00e8s les affrontements sanglants entre les p\u00eacheurs de Cayar et ceux de Mboro, le ministre des P\u00eaches et de l\u2019\u00e9conomie maritime, M. Papa Sagna Mbaye, a effectu\u00e9 le d\u00e9placement sur Thi\u00e8s. Il s\u2019est rendu au chevet des bless\u00e9s \u00e9vacu\u00e9s au Centre hospitalier r\u00e9gional El Hadji Ahmadou Sakhir Ndi\u00e9gu\u00e8ne de Thi\u00e8s et \u00e0 l\u2019h\u00f4pital Saint Jean-De-Dieu et au Centre de sant\u00e9 de Mboro. Il dit\u00a0: \u00abIl y a eu 5 hospitalis\u00e9s au niveau de l\u2019h\u00f4pital Saint- Jean-De-Dieu, o\u00f9 nous n\u2019avons qu\u2019un seul cas grave qui a \u00e9t\u00e9 ma\u00eetris\u00e9, les quatre autres cas sont stabilis\u00e9s. Au niveau de l\u2019H\u00f4pital r\u00e9gional, nous avons un cas grave, mais tous les autres sont des cas ma\u00eetris\u00e9s qui n\u00e9cessitent des pansements. Il y en a m\u00eame certains qui pourront retourner chez eux aujourd\u2019hui (hier).\u00bb<\/strong><\/p><div class=\"publi-paragraphe1\" style=\"margin-top: 10px;margin-bottom: 10px;margin-left: auto;margin-right: auto;text-align: center;\" id=\"publi-3141284939\"><div class=\"publi-adlabel\">Publicit\u00e9<\/div><script async src=\"\/\/pagead2.googlesyndication.com\/pagead\/js\/adsbygoogle.js?client=ca-pub-4089586018074219\" crossorigin=\"anonymous\"><\/script><ins class=\"adsbygoogle\" style=\"display:block;\" data-ad-client=\"ca-pub-4089586018074219\" \ndata-ad-slot=\"2087940154\" \ndata-ad-format=\"auto\"><\/ins>\n<script> \n(adsbygoogle = window.adsbygoogle || []).push({}); \n<\/script>\n<\/div>\n<div class=\"dbe dbe-post-middle dbe-float-center dbe-align-center dbe-column-1 dbe-clearfix no-bg-box-model\">\n<div id=\"dbe-3576-1963510612\" class=\"dbe-container dbe-type-code \" data-adid=\"3576\" data-type=\"code\">\n<div id=\"dbe-3576-1963510612-place\"><\/div>\n<\/div>\n<\/div>\n<p>Pour l\u2019instant, le ministre dit n\u2019\u00eatre pas \u00aben mesure d\u2019estimer\u00bb le nombre de bless\u00e9s dans ces affrontements. Par contre, il se r\u00e9jouit que le pire ne se soit pas produit\u00a0: \u00abIl n\u2019y a heureusement pas eu de port\u00e9e disparue, pour le moment, \u00e0 ce que je sache.\u00a0Le Gouverneur a mis en place une cellule de crise et toutes les dispositions seront prises.\u00bb Par rapport audit conflit en latence depuis plusieurs ann\u00e9es pourtant, Papa Sagna Mbaye tente de rassurer : \u00abNous avons pris en charge ce probl\u00e8me, le Gouverneur et moi-m\u00eame, depuis mercredi dernier, avions envisag\u00e9 de recevoir l\u2019ensemble des responsables, ce d\u00e8s ce lundi 3 avril \u00e0 10h.\u00bb Il poursuit : \u00abHeureusement, les Forces de d\u00e9fense et de s\u00e9curit\u00e9 ont eu \u00e0 s\u2019interposer et, depuis 6h du matin (hier), quand le gouvernement m\u2019a appel\u00e9, j\u2019ai saisi les autorit\u00e9s comp\u00e9tentes de la Marine nationale qui, avec deux vedettes, sont all\u00e9es sur les lieux pour apaiser la situation.\u00bb<\/p>\n<div class=\"publi-apres-le-contenu\" style=\"margin-top: 10px;margin-bottom: 10px;margin-left: auto;margin-right: auto;text-align: center;\" id=\"publi-1881954095\"><div class=\"publi-adlabel\">Publicit\u00e9<\/div><script async src=\"\/\/pagead2.googlesyndication.com\/pagead\/js\/adsbygoogle.js?client=ca-pub-4089586018074219\" crossorigin=\"anonymous\"><\/script><ins class=\"adsbygoogle\" style=\"display:block;\" data-ad-client=\"ca-pub-4089586018074219\" \ndata-ad-slot=\"2087940154\" \ndata-ad-format=\"auto\"><\/ins>\n<script> \n(adsbygoogle = window.adsbygoogle || []).push({}); \n<\/script>\n<\/div>","protected":false},"excerpt":{"rendered":"<p>Apr\u00e8s les affrontements sanglants entre les p\u00eacheurs de Cayar et ceux de Mboro, le ministre des P\u00eaches et de l\u2019\u00e9conomie maritime, M. Papa Sagna Mbaye, a effectu\u00e9 le d\u00e9placement sur Thi\u00e8s. Il s\u2019est rendu au chevet des bless\u00e9s \u00e9vacu\u00e9s au Centre hospitalier r\u00e9gional El Hadji Ahmadou Sakhir Ndi\u00e9gu\u00e8ne de Thi\u00e8s et \u00e0 l\u2019h\u00f4pital Saint Jean-De-Dieu et au Centre de sant\u00e9 de Mboro. Il dit\u00a0: \u00abIl y a eu 5 hospitalis\u00e9s au niveau de l\u2019h\u00f4pital Saint- Jean-De-Dieu, o\u00f9 nous n\u2019avons qu\u2019un seul cas grave qui a \u00e9t\u00e9 ma\u00eetris\u00e9, les quatre autres cas sont stabilis\u00e9s. Au niveau de l\u2019H\u00f4pital r\u00e9gional, nous avons un cas grave, mais tous les autres sont des cas ma\u00eetris\u00e9s qui n\u00e9cessitent des pansements. Il y en a m\u00eame certains qui pourront retourner chez eux aujourd\u2019hui (hier).\u00bb Pour l\u2019instant, le ministre dit n\u2019\u00eatre pas \u00aben mesure d\u2019estimer\u00bb le nombre de bless\u00e9s dans ces affrontements. Par contre, il se r\u00e9jouit que le pire ne se soit pas produit\u00a0: \u00abIl n\u2019y a heureusement pas eu de port\u00e9e disparue, pour le moment, \u00e0 ce que je sache.\u00a0Le Gouverneur a mis en place une cellule de crise et toutes les dispositions seront prises.\u00bb Par rapport audit conflit en latence depuis plusieurs ann\u00e9es pourtant, Papa Sagna Mbaye tente de rassurer : \u00abNous avons pris en charge ce probl\u00e8me, le Gouverneur et moi-m\u00eame, depuis mercredi dernier, avions envisag\u00e9 de recevoir l\u2019ensemble des responsables, ce d\u00e8s ce lundi 3 avril \u00e0 10h.\u00bb Il poursuit : \u00abHeureusement, les Forces de d\u00e9fense et de s\u00e9curit\u00e9 ont eu \u00e0 s\u2019interposer et, depuis 6h du matin (hier), quand le gouvernement m\u2019a appel\u00e9, j\u2019ai saisi les autorit\u00e9s comp\u00e9tentes de la Marine nationale qui, avec deux vedettes, sont all\u00e9es sur les lieux pour apaiser la situation.\u00bb<\/p>\n","protected":false},"author":7,"featured_media":19265,"comment_status":"open","ping_status":"open","sticky":false,"template":"","format":"standard","meta":{"_jetpack_memberships_contains_paid_content":false,"footnotes":""},"categories":[375,1023,1051,379,3724,376,1,4],"tags":[1192,953,2903,1736],"class_list":["post-19264","post","type-post","status-publish","format-standard","has-post-thumbnail","hentry","category-actualites","category-buzz","category-drame","category-faits-divers","category-justice","category-securite-justice","category-non-classe","category-societe","tag-bagarre","tag-cayar","tag-mboro","tag-pecheur","entry","has-media","owp-thumbs-layout-horizontal","owp-btn-normal","owp-tabs-layout-horizontal","has-no-thumbnails","has-product-nav"],"yoast_head":"<!-- This site is optimized with the Yoast SEO plugin v25.5 - https:\/\/yoast.com\/wordpress\/plugins\/seo\/ -->\n<title>Bagarre entre p\u00eacheurs : Une cellule de crise mise en place - LE PUBLIC<\/title>\n<meta name=\"robots\" content=\"index, follow, max-snippet:-1, max-image-preview:large, max-video-preview:-1\" \/>\n<link rel=\"canonical\" href=\"https:\/\/www.public.sn\/index.php\/2023\/04\/03\/bagarre-entre-pecheurs-une-cellule-de-crise-mise-en-place\/\" \/>\n<meta property=\"og:locale\" content=\"fr_FR\" \/>\n<meta property=\"og:type\" content=\"article\" \/>\n<meta property=\"og:title\" content=\"Bagarre entre p\u00eacheurs : Une cellule de crise mise en place - LE PUBLIC\" \/>\n<meta property=\"og:description\" content=\"Apr\u00e8s les affrontements sanglants entre les p\u00eacheurs de Cayar et ceux de Mboro, le ministre des P\u00eaches et de l\u2019\u00e9conomie maritime, M. Papa Sagna Mbaye, a effectu\u00e9 le d\u00e9placement sur Thi\u00e8s. Il s\u2019est rendu au chevet des bless\u00e9s \u00e9vacu\u00e9s au Centre hospitalier r\u00e9gional El Hadji Ahmadou Sakhir Ndi\u00e9gu\u00e8ne de Thi\u00e8s et \u00e0 l\u2019h\u00f4pital Saint Jean-De-Dieu et au Centre de sant\u00e9 de Mboro. Il dit\u00a0: \u00abIl y a eu 5 hospitalis\u00e9s au niveau de l\u2019h\u00f4pital Saint- Jean-De-Dieu, o\u00f9 nous n\u2019avons qu\u2019un seul cas grave qui a \u00e9t\u00e9 ma\u00eetris\u00e9, les quatre autres cas sont stabilis\u00e9s. Au niveau de l\u2019H\u00f4pital r\u00e9gional, nous avons un cas grave, mais tous les autres sont des cas ma\u00eetris\u00e9s qui n\u00e9cessitent des pansements. Il y en a m\u00eame certains qui pourront retourner chez eux aujourd\u2019hui (hier).\u00bb Pour l\u2019instant, le ministre dit n\u2019\u00eatre pas \u00aben mesure d\u2019estimer\u00bb le nombre de bless\u00e9s dans ces affrontements. Par contre, il se r\u00e9jouit que le pire ne se soit pas produit\u00a0: \u00abIl n\u2019y a heureusement pas eu de port\u00e9e disparue, pour le moment, \u00e0 ce que je sache.\u00a0Le Gouverneur a mis en place une cellule de crise et toutes les dispositions seront prises.\u00bb Par rapport audit conflit en latence depuis plusieurs ann\u00e9es pourtant, Papa Sagna Mbaye tente de rassurer : \u00abNous avons pris en charge ce probl\u00e8me, le Gouverneur et moi-m\u00eame, depuis mercredi dernier, avions envisag\u00e9 de recevoir l\u2019ensemble des responsables, ce d\u00e8s ce lundi 3 avril \u00e0 10h.\u00bb Il poursuit : \u00abHeureusement, les Forces de d\u00e9fense et de s\u00e9curit\u00e9 ont eu \u00e0 s\u2019interposer et, depuis 6h du matin (hier), quand le gouvernement m\u2019a appel\u00e9, j\u2019ai saisi les autorit\u00e9s comp\u00e9tentes de la Marine nationale qui, avec deux vedettes, sont all\u00e9es sur les lieux pour apaiser la situation.\u00bb\" \/>\n<meta property=\"og:url\" content=\"https:\/\/www.public.sn\/index.php\/2023\/04\/03\/bagarre-entre-pecheurs-une-cellule-de-crise-mise-en-place\/\" \/>\n<meta property=\"og:site_name\" content=\"LE PUBLIC\" \/>\n<meta property=\"article:published_time\" content=\"2023-04-03T18:29:19+00:00\" \/>\n<meta property=\"og:image\" content=\"https:\/\/www.public.sn\/wp-content\/uploads\/2023\/04\/Cayar.jpeg\" \/>\n\t<meta property=\"og:image:width\" content=\"612\" \/>\n\t<meta property=\"og:image:height\" content=\"298\" \/>\n\t<meta property=\"og:image:type\" content=\"image\/jpeg\" \/>\n<meta name=\"author\" content=\"LA REDACTION\" \/>\n<meta name=\"twitter:card\" content=\"summary_large_image\" \/>\n<meta name=\"twitter:label1\" content=\"\u00c9crit par\" \/>\n\t<meta name=\"twitter:data1\" content=\"LA REDACTION\" \/>\n\t<meta name=\"twitter:label2\" content=\"Dur\u00e9e de lecture estim\u00e9e\" \/>\n\t<meta name=\"twitter:data2\" content=\"2 minutes\" \/>\n<script type=\"application\/ld+json\" class=\"yoast-schema-graph\">{\"@context\":\"https:\/\/schema.org\",\"@graph\":[{\"@type\":\"Article\",\"@id\":\"https:\/\/www.public.sn\/index.php\/2023\/04\/03\/bagarre-entre-pecheurs-une-cellule-de-crise-mise-en-place\/#article\",\"isPartOf\":{\"@id\":\"https:\/\/www.public.sn\/index.php\/2023\/04\/03\/bagarre-entre-pecheurs-une-cellule-de-crise-mise-en-place\/\"},\"author\":{\"name\":\"LA REDACTION\",\"@id\":\"https:\/\/www.public.sn\/#\/schema\/person\/cb76c8e1b8becc6be61fb5e92d6d0224\"},\"headline\":\"Bagarre entre p\u00eacheurs : Une cellule de crise mise en place\",\"datePublished\":\"2023-04-03T18:29:19+00:00\",\"mainEntityOfPage\":{\"@id\":\"https:\/\/www.public.sn\/index.php\/2023\/04\/03\/bagarre-entre-pecheurs-une-cellule-de-crise-mise-en-place\/\"},\"wordCount\":338,\"commentCount\":0,\"publisher\":{\"@id\":\"https:\/\/www.public.sn\/#organization\"},\"image\":{\"@id\":\"https:\/\/www.public.sn\/index.php\/2023\/04\/03\/bagarre-entre-pecheurs-une-cellule-de-crise-mise-en-place\/#primaryimage\"},\"thumbnailUrl\":\"https:\/\/www.public.sn\/wp-content\/uploads\/2023\/04\/Cayar.jpeg\",\"keywords\":[\"bagarre\",\"Cayar\",\"mboro\",\"pecheur\"],\"articleSection\":[\"ACTUALIT\u00c9S\",\"BUZZ\",\"DRAME\",\"FAITS DIVERS\",\"justice\",\"S\u00c9CURIT\u00c9 &amp; JUSTICE\",\"S\u00c9N\u00c9GAL\",\"SOCIETE\"],\"inLanguage\":\"fr-FR\",\"potentialAction\":[{\"@type\":\"CommentAction\",\"name\":\"Comment\",\"target\":[\"https:\/\/www.public.sn\/index.php\/2023\/04\/03\/bagarre-entre-pecheurs-une-cellule-de-crise-mise-en-place\/#respond\"]}]},{\"@type\":\"WebPage\",\"@id\":\"https:\/\/www.public.sn\/index.php\/2023\/04\/03\/bagarre-entre-pecheurs-une-cellule-de-crise-mise-en-place\/\",\"url\":\"https:\/\/www.public.sn\/index.php\/2023\/04\/03\/bagarre-entre-pecheurs-une-cellule-de-crise-mise-en-place\/\",\"name\":\"Bagarre entre p\u00eacheurs : Une cellule de crise mise en place - LE PUBLIC\",\"isPartOf\":{\"@id\":\"https:\/\/www.public.sn\/#website\"},\"primaryImageOfPage\":{\"@id\":\"https:\/\/www.public.sn\/index.php\/2023\/04\/03\/bagarre-entre-pecheurs-une-cellule-de-crise-mise-en-place\/#primaryimage\"},\"image\":{\"@id\":\"https:\/\/www.public.sn\/index.php\/2023\/04\/03\/bagarre-entre-pecheurs-une-cellule-de-crise-mise-en-place\/#primaryimage\"},\"thumbnailUrl\":\"https:\/\/www.public.sn\/wp-content\/uploads\/2023\/04\/Cayar.jpeg\",\"datePublished\":\"2023-04-03T18:29:19+00:00\",\"breadcrumb\":{\"@id\":\"https:\/\/www.public.sn\/index.php\/2023\/04\/03\/bagarre-entre-pecheurs-une-cellule-de-crise-mise-en-place\/#breadcrumb\"},\"inLanguage\":\"fr-FR\",\"potentialAction\":[{\"@type\":\"ReadAction\",\"target\":[\"https:\/\/www.public.sn\/index.php\/2023\/04\/03\/bagarre-entre-pecheurs-une-cellule-de-crise-mise-en-place\/\"]}]},{\"@type\":\"ImageObject\",\"inLanguage\":\"fr-FR\",\"@id\":\"https:\/\/www.public.sn\/index.php\/2023\/04\/03\/bagarre-entre-pecheurs-une-cellule-de-crise-mise-en-place\/#primaryimage\",\"url\":\"https:\/\/www.public.sn\/wp-content\/uploads\/2023\/04\/Cayar.jpeg\",\"contentUrl\":\"https:\/\/www.public.sn\/wp-content\/uploads\/2023\/04\/Cayar.jpeg\",\"width\":612,\"height\":298},{\"@type\":\"BreadcrumbList\",\"@id\":\"https:\/\/www.public.sn\/index.php\/2023\/04\/03\/bagarre-entre-pecheurs-une-cellule-de-crise-mise-en-place\/#breadcrumb\",\"itemListElement\":[{\"@type\":\"ListItem\",\"position\":1,\"name\":\"Accueil\",\"item\":\"https:\/\/www.public.sn\/\"},{\"@type\":\"ListItem\",\"position\":2,\"name\":\"Bagarre entre p\u00eacheurs : Une cellule de crise mise en place\"}]},{\"@type\":\"WebSite\",\"@id\":\"https:\/\/www.public.sn\/#website\",\"url\":\"https:\/\/www.public.sn\/\",\"name\":\"LE PUBLIC\",\"description\":\"\",\"publisher\":{\"@id\":\"https:\/\/www.public.sn\/#organization\"},\"potentialAction\":[{\"@type\":\"SearchAction\",\"target\":{\"@type\":\"EntryPoint\",\"urlTemplate\":\"https:\/\/www.public.sn\/?s={search_term_string}\"},\"query-input\":{\"@type\":\"PropertyValueSpecification\",\"valueRequired\":true,\"valueName\":\"search_term_string\"}}],\"inLanguage\":\"fr-FR\"},{\"@type\":\"Organization\",\"@id\":\"https:\/\/www.public.sn\/#organization\",\"name\":\"LE PUBLIC\",\"url\":\"https:\/\/www.public.sn\/\",\"logo\":{\"@type\":\"ImageObject\",\"inLanguage\":\"fr-FR\",\"@id\":\"https:\/\/www.public.sn\/#\/schema\/logo\/image\/\",\"url\":\"https:\/\/www.public.sn\/wp-content\/uploads\/2024\/05\/cropped-LOGO-PUBLIC.SN_.png\",\"contentUrl\":\"https:\/\/www.public.sn\/wp-content\/uploads\/2024\/05\/cropped-LOGO-PUBLIC.SN_.png\",\"width\":682,\"height\":192,\"caption\":\"LE PUBLIC\"},\"image\":{\"@id\":\"https:\/\/www.public.sn\/#\/schema\/logo\/image\/\"}},{\"@type\":\"Person\",\"@id\":\"https:\/\/www.public.sn\/#\/schema\/person\/cb76c8e1b8becc6be61fb5e92d6d0224\",\"name\":\"LA REDACTION\",\"image\":{\"@type\":\"ImageObject\",\"inLanguage\":\"fr-FR\",\"@id\":\"https:\/\/www.public.sn\/#\/schema\/person\/image\/\",\"url\":\"https:\/\/secure.gravatar.com\/avatar\/2dce5ddd34b8fef0180efe03aa2a9bee7d953856048f9a16b298190a3178407c?s=96&d=mm&r=g\",\"contentUrl\":\"https:\/\/secure.gravatar.com\/avatar\/2dce5ddd34b8fef0180efe03aa2a9bee7d953856048f9a16b298190a3178407c?s=96&d=mm&r=g\",\"caption\":\"LA REDACTION\"},\"url\":\"https:\/\/www.public.sn\/index.php\/author\/editeurpsn\/\"}]}<\/script>\n<!-- \/ Yoast SEO plugin. -->","yoast_head_json":{"title":"Bagarre entre p\u00eacheurs : Une cellule de crise mise en place - LE PUBLIC","robots":{"index":"index","follow":"follow","max-snippet":"max-snippet:-1","max-image-preview":"max-image-preview:large","max-video-preview":"max-video-preview:-1"},"canonical":"https:\/\/www.public.sn\/index.php\/2023\/04\/03\/bagarre-entre-pecheurs-une-cellule-de-crise-mise-en-place\/","og_locale":"fr_FR","og_type":"article","og_title":"Bagarre entre p\u00eacheurs : Une cellule de crise mise en place - LE PUBLIC","og_description":"Apr\u00e8s les affrontements sanglants entre les p\u00eacheurs de Cayar et ceux de Mboro, le ministre des P\u00eaches et de l\u2019\u00e9conomie maritime, M. Papa Sagna Mbaye, a effectu\u00e9 le d\u00e9placement sur Thi\u00e8s. Il s\u2019est rendu au chevet des bless\u00e9s \u00e9vacu\u00e9s au Centre hospitalier r\u00e9gional El Hadji Ahmadou Sakhir Ndi\u00e9gu\u00e8ne de Thi\u00e8s et \u00e0 l\u2019h\u00f4pital Saint Jean-De-Dieu et au Centre de sant\u00e9 de Mboro. Il dit\u00a0: \u00abIl y a eu 5 hospitalis\u00e9s au niveau de l\u2019h\u00f4pital Saint- Jean-De-Dieu, o\u00f9 nous n\u2019avons qu\u2019un seul cas grave qui a \u00e9t\u00e9 ma\u00eetris\u00e9, les quatre autres cas sont stabilis\u00e9s. Au niveau de l\u2019H\u00f4pital r\u00e9gional, nous avons un cas grave, mais tous les autres sont des cas ma\u00eetris\u00e9s qui n\u00e9cessitent des pansements. Il y en a m\u00eame certains qui pourront retourner chez eux aujourd\u2019hui (hier).\u00bb Pour l\u2019instant, le ministre dit n\u2019\u00eatre pas \u00aben mesure d\u2019estimer\u00bb le nombre de bless\u00e9s dans ces affrontements. Par contre, il se r\u00e9jouit que le pire ne se soit pas produit\u00a0: \u00abIl n\u2019y a heureusement pas eu de port\u00e9e disparue, pour le moment, \u00e0 ce que je sache.\u00a0Le Gouverneur a mis en place une cellule de crise et toutes les dispositions seront prises.\u00bb Par rapport audit conflit en latence depuis plusieurs ann\u00e9es pourtant, Papa Sagna Mbaye tente de rassurer : \u00abNous avons pris en charge ce probl\u00e8me, le Gouverneur et moi-m\u00eame, depuis mercredi dernier, avions envisag\u00e9 de recevoir l\u2019ensemble des responsables, ce d\u00e8s ce lundi 3 avril \u00e0 10h.\u00bb Il poursuit : \u00abHeureusement, les Forces de d\u00e9fense et de s\u00e9curit\u00e9 ont eu \u00e0 s\u2019interposer et, depuis 6h du matin (hier), quand le gouvernement m\u2019a appel\u00e9, j\u2019ai saisi les autorit\u00e9s comp\u00e9tentes de la Marine nationale qui, avec deux vedettes, sont all\u00e9es sur les lieux pour apaiser la situation.\u00bb","og_url":"https:\/\/www.public.sn\/index.php\/2023\/04\/03\/bagarre-entre-pecheurs-une-cellule-de-crise-mise-en-place\/","og_site_name":"LE PUBLIC","article_published_time":"2023-04-03T18:29:19+00:00","og_image":[{"width":612,"height":298,"url":"https:\/\/www.public.sn\/wp-content\/uploads\/2023\/04\/Cayar.jpeg","type":"image\/jpeg"}],"author":"LA REDACTION","twitter_card":"summary_large_image","twitter_misc":{"\u00c9crit par":"LA REDACTION","Dur\u00e9e de lecture estim\u00e9e":"2 minutes"},"schema":{"@context":"https:\/\/schema.org","@graph":[{"@type":"Article","@id":"https:\/\/www.public.sn\/index.php\/2023\/04\/03\/bagarre-entre-pecheurs-une-cellule-de-crise-mise-en-place\/#article","isPartOf":{"@id":"https:\/\/www.public.sn\/index.php\/2023\/04\/03\/bagarre-entre-pecheurs-une-cellule-de-crise-mise-en-place\/"},"author":{"name":"LA REDACTION","@id":"https:\/\/www.public.sn\/#\/schema\/person\/cb76c8e1b8becc6be61fb5e92d6d0224"},"headline":"Bagarre entre p\u00eacheurs : Une cellule de crise mise en place","datePublished":"2023-04-03T18:29:19+00:00","mainEntityOfPage":{"@id":"https:\/\/www.public.sn\/index.php\/2023\/04\/03\/bagarre-entre-pecheurs-une-cellule-de-crise-mise-en-place\/"},"wordCount":338,"commentCount":0,"publisher":{"@id":"https:\/\/www.public.sn\/#organization"},"image":{"@id":"https:\/\/www.public.sn\/index.php\/2023\/04\/03\/bagarre-entre-pecheurs-une-cellule-de-crise-mise-en-place\/#primaryimage"},"thumbnailUrl":"https:\/\/www.public.sn\/wp-content\/uploads\/2023\/04\/Cayar.jpeg","keywords":["bagarre","Cayar","mboro","pecheur"],"articleSection":["ACTUALIT\u00c9S","BUZZ","DRAME","FAITS DIVERS","justice","S\u00c9CURIT\u00c9 &amp; JUSTICE","S\u00c9N\u00c9GAL","SOCIETE"],"inLanguage":"fr-FR","potentialAction":[{"@type":"CommentAction","name":"Comment","target":["https:\/\/www.public.sn\/index.php\/2023\/04\/03\/bagarre-entre-pecheurs-une-cellule-de-crise-mise-en-place\/#respond"]}]},{"@type":"WebPage","@id":"https:\/\/www.public.sn\/index.php\/2023\/04\/03\/bagarre-entre-pecheurs-une-cellule-de-crise-mise-en-place\/","url":"https:\/\/www.public.sn\/index.php\/2023\/04\/03\/bagarre-entre-pecheurs-une-cellule-de-crise-mise-en-place\/","name":"Bagarre entre p\u00eacheurs : Une cellule de crise mise en place - LE PUBLIC","isPartOf":{"@id":"https:\/\/www.public.sn\/#website"},"primaryImageOfPage":{"@id":"https:\/\/www.public.sn\/index.php\/2023\/04\/03\/bagarre-entre-pecheurs-une-cellule-de-crise-mise-en-place\/#primaryimage"},"image":{"@id":"https:\/\/www.public.sn\/index.php\/2023\/04\/03\/bagarre-entre-pecheurs-une-cellule-de-crise-mise-en-place\/#primaryimage"},"thumbnailUrl":"https:\/\/www.public.sn\/wp-content\/uploads\/2023\/04\/Cayar.jpeg","datePublished":"2023-04-03T18:29:19+00:00","breadcrumb":{"@id":"https:\/\/www.public.sn\/index.php\/2023\/04\/03\/bagarre-entre-pecheurs-une-cellule-de-crise-mise-en-place\/#breadcrumb"},"inLanguage":"fr-FR","potentialAction":[{"@type":"ReadAction","target":["https:\/\/www.public.sn\/index.php\/2023\/04\/03\/bagarre-entre-pecheurs-une-cellule-de-crise-mise-en-place\/"]}]},{"@type":"ImageObject","inLanguage":"fr-FR","@id":"https:\/\/www.public.sn\/index.php\/2023\/04\/03\/bagarre-entre-pecheurs-une-cellule-de-crise-mise-en-place\/#primaryimage","url":"https:\/\/www.public.sn\/wp-content\/uploads\/2023\/04\/Cayar.jpeg","contentUrl":"https:\/\/www.public.sn\/wp-content\/uploads\/2023\/04\/Cayar.jpeg","width":612,"height":298},{"@type":"BreadcrumbList","@id":"https:\/\/www.public.sn\/index.php\/2023\/04\/03\/bagarre-entre-pecheurs-une-cellule-de-crise-mise-en-place\/#breadcrumb","itemListElement":[{"@type":"ListItem","position":1,"name":"Accueil","item":"https:\/\/www.public.sn\/"},{"@type":"ListItem","position":2,"name":"Bagarre entre p\u00eacheurs : Une cellule de crise mise en place"}]},{"@type":"WebSite","@id":"https:\/\/www.public.sn\/#website","url":"https:\/\/www.public.sn\/","name":"LE PUBLIC","description":"","publisher":{"@id":"https:\/\/www.public.sn\/#organization"},"potentialAction":[{"@type":"SearchAction","target":{"@type":"EntryPoint","urlTemplate":"https:\/\/www.public.sn\/?s={search_term_string}"},"query-input":{"@type":"PropertyValueSpecification","valueRequired":true,"valueName":"search_term_string"}}],"inLanguage":"fr-FR"},{"@type":"Organization","@id":"https:\/\/www.public.sn\/#organization","name":"LE PUBLIC","url":"https:\/\/www.public.sn\/","logo":{"@type":"ImageObject","inLanguage":"fr-FR","@id":"https:\/\/www.public.sn\/#\/schema\/logo\/image\/","url":"https:\/\/www.public.sn\/wp-content\/uploads\/2024\/05\/cropped-LOGO-PUBLIC.SN_.png","contentUrl":"https:\/\/www.public.sn\/wp-content\/uploads\/2024\/05\/cropped-LOGO-PUBLIC.SN_.png","width":682,"height":192,"caption":"LE PUBLIC"},"image":{"@id":"https:\/\/www.public.sn\/#\/schema\/logo\/image\/"}},{"@type":"Person","@id":"https:\/\/www.public.sn\/#\/schema\/person\/cb76c8e1b8becc6be61fb5e92d6d0224","name":"LA REDACTION","image":{"@type":"ImageObject","inLanguage":"fr-FR","@id":"https:\/\/www.public.sn\/#\/schema\/person\/image\/","url":"https:\/\/secure.gravatar.com\/avatar\/2dce5ddd34b8fef0180efe03aa2a9bee7d953856048f9a16b298190a3178407c?s=96&d=mm&r=g","contentUrl":"https:\/\/secure.gravatar.com\/avatar\/2dce5ddd34b8fef0180efe03aa2a9bee7d953856048f9a16b298190a3178407c?s=96&d=mm&r=g","caption":"LA REDACTION"},"url":"https:\/\/www.public.sn\/index.php\/author\/editeurpsn\/"}]}},"jetpack_featured_media_url":"https:\/\/www.public.sn\/wp-content\/uploads\/2023\/04\/Cayar.jpeg","jetpack_sharing_enabled":true,"_links":{"self":[{"href":"https:\/\/www.public.sn\/index.php\/wp-json\/wp\/v2\/posts\/19264","targetHints":{"allow":["GET"]}}],"collection":[{"href":"https:\/\/www.public.sn\/index.php\/wp-json\/wp\/v2\/posts"}],"about":[{"href":"https:\/\/www.public.sn\/index.php\/wp-json\/wp\/v2\/types\/post"}],"author":[{"embeddable":true,"href":"https:\/\/www.public.sn\/index.php\/wp-json\/wp\/v2\/users\/7"}],"replies":[{"embeddable":true,"href":"https:\/\/www.public.sn\/index.php\/wp-json\/wp\/v2\/comments?post=19264"}],"version-history":[{"count":1,"href":"https:\/\/www.public.sn\/index.php\/wp-json\/wp\/v2\/posts\/19264\/revisions"}],"predecessor-version":[{"id":19266,"href":"https:\/\/www.public.sn\/index.php\/wp-json\/wp\/v2\/posts\/19264\/revisions\/19266"}],"wp:featuredmedia":[{"embeddable":true,"href":"https:\/\/www.public.sn\/index.php\/wp-json\/wp\/v2\/media\/19265"}],"wp:attachment":[{"href":"https:\/\/www.public.sn\/index.php\/wp-json\/wp\/v2\/media?parent=19264"}],"wp:term":[{"taxonomy":"category","embeddable":true,"href":"https:\/\/www.public.sn\/index.php\/wp-json\/wp\/v2\/categories?post=19264"},{"taxonomy":"post_tag","embeddable":true,"href":"https:\/\/www.public.sn\/index.php\/wp-json\/wp\/v2\/tags?post=19264"}],"curies":[{"name":"wp","href":"https:\/\/api.w.org\/{rel}","templated":true}]}}