{"id":19285,"date":"2023-04-03T20:39:20","date_gmt":"2023-04-03T20:39:20","guid":{"rendered":"https:\/\/www.public.sn\/?p=19285"},"modified":"2023-04-03T20:39:20","modified_gmt":"2023-04-03T20:39:20","slug":"fete-de-lindependance-revivez-le-discours-du-president-macky-sall-03-avril-2023","status":"publish","type":"post","link":"https:\/\/www.public.sn\/index.php\/2023\/04\/03\/fete-de-lindependance-revivez-le-discours-du-president-macky-sall-03-avril-2023\/","title":{"rendered":"F\u00eate de l&rsquo;ind\u00e9pendance : revivez le discours du pr\u00e9sident Macky Sall  03 avril 2023)"},"content":{"rendered":"<p><strong>Le pr\u00e9sident de la R\u00e9publique Macky Sall s\u2019est adress\u00e9 \u00e0 la Nation dans un discours officiel ce lundi 03 avril 2023 l\u2019occasion de la f\u00eate nationale de l\u2019ind\u00e9pendance qui se d\u00e9roulera demain.<\/strong><\/p><div class=\"publi-paragraphe1\" style=\"margin-top: 10px;margin-bottom: 10px;margin-left: auto;margin-right: auto;text-align: center;\" id=\"publi-2505409487\"><div class=\"publi-adlabel\">Publicit\u00e9<\/div><script async src=\"\/\/pagead2.googlesyndication.com\/pagead\/js\/adsbygoogle.js?client=ca-pub-4089586018074219\" crossorigin=\"anonymous\"><\/script><ins class=\"adsbygoogle\" style=\"display:block;\" data-ad-client=\"ca-pub-4089586018074219\" \ndata-ad-slot=\"2087940154\" \ndata-ad-format=\"auto\"><\/ins>\n<script> \n(adsbygoogle = window.adsbygoogle || []).push({}); \n<\/script>\n<\/div>\n<p>Le pr\u00e9sident a abord\u00e9 plusieurs sujets, notamment la situation politique actuelle du pays, ainsi que les mesures \u00e9conomiques et sociales \u00e0 prendre pour le pays.<\/p>\n<p><iframe title=\"? \u00c9dition Sp\u00e9ciale :Suivez en direct discours \u00e0 la nation du pr\u00e9sident Macky Sall \u2026\" src=\"https:\/\/www.youtube.com\/embed\/0XfKQaH0rl4\" width=\"684\" height=\"385\" frameborder=\"0\" allowfullscreen=\"allowfullscreen\"><\/iframe><\/p>\n<div class=\"publi-apres-le-contenu\" style=\"margin-top: 10px;margin-bottom: 10px;margin-left: auto;margin-right: auto;text-align: center;\" id=\"publi-2194688594\"><div class=\"publi-adlabel\">Publicit\u00e9<\/div><script async src=\"\/\/pagead2.googlesyndication.com\/pagead\/js\/adsbygoogle.js?client=ca-pub-4089586018074219\" crossorigin=\"anonymous\"><\/script><ins class=\"adsbygoogle\" style=\"display:block;\" data-ad-client=\"ca-pub-4089586018074219\" \ndata-ad-slot=\"2087940154\" \ndata-ad-format=\"auto\"><\/ins>\n<script> \n(adsbygoogle = window.adsbygoogle || []).push({}); \n<\/script>\n<\/div>","protected":false},"excerpt":{"rendered":"<p>Le pr\u00e9sident de la R\u00e9publique Macky Sall s\u2019est adress\u00e9 \u00e0 la Nation dans un discours officiel ce lundi 03 avril 2023 l\u2019occasion de la f\u00eate nationale de l\u2019ind\u00e9pendance qui se d\u00e9roulera demain. Le pr\u00e9sident a abord\u00e9 plusieurs sujets, notamment la situation politique actuelle du pays, ainsi que les mesures \u00e9conomiques et sociales \u00e0 prendre pour le pays.<\/p>\n","protected":false},"author":1,"featured_media":19287,"comment_status":"open","ping_status":"open","sticky":false,"template":"","format":"standard","meta":{"_jetpack_memberships_contains_paid_content":false,"footnotes":""},"categories":[375,3,8,1,372,6],"tags":[5048,292,11],"class_list":["post-19285","post","type-post","status-publish","format-standard","has-post-thumbnail","hentry","category-actualites","category-politique","category-public-tv","category-non-classe","category-vedette","category-videos","tag-03-avril","tag-discours","tag-macky-sall","entry","has-media","owp-thumbs-layout-horizontal","owp-btn-normal","owp-tabs-layout-horizontal","has-no-thumbnails","has-product-nav"],"yoast_head":"<!-- This site is optimized with the Yoast SEO plugin v25.5 - https:\/\/yoast.com\/wordpress\/plugins\/seo\/ -->\n<title>F\u00eate de l&#039;ind\u00e9pendance : revivez le discours du pr\u00e9sident Macky Sall 03 avril 2023) - LE PUBLIC<\/title>\n<meta name=\"description\" content=\"Le pr\u00e9sident de la R\u00e9publique Macky Sall s\u2019est adress\u00e9 \u00e0 la Nation dans un discours officiel ce lundi 03 avril 2023 l\u2019occasion de la f\u00eate nationale de l\u2019ind\u00e9pendance qui se d\u00e9roulera demain, le 4 avril 2023.\" \/>\n<meta name=\"robots\" content=\"index, follow, max-snippet:-1, max-image-preview:large, max-video-preview:-1\" \/>\n<link rel=\"canonical\" href=\"https:\/\/www.public.sn\/index.php\/2023\/04\/03\/fete-de-lindependance-revivez-le-discours-du-president-macky-sall-03-avril-2023\/\" \/>\n<meta property=\"og:locale\" content=\"fr_FR\" \/>\n<meta property=\"og:type\" content=\"article\" \/>\n<meta property=\"og:title\" content=\"F\u00eate de l&#039;ind\u00e9pendance : revivez le discours du pr\u00e9sident Macky Sall 03 avril 2023) - LE PUBLIC\" \/>\n<meta property=\"og:description\" content=\"Le pr\u00e9sident de la R\u00e9publique Macky Sall s\u2019est adress\u00e9 \u00e0 la Nation dans un discours officiel ce lundi 03 avril 2023 l\u2019occasion de la f\u00eate nationale de l\u2019ind\u00e9pendance qui se d\u00e9roulera demain, le 4 avril 2023.\" \/>\n<meta property=\"og:url\" content=\"https:\/\/www.public.sn\/index.php\/2023\/04\/03\/fete-de-lindependance-revivez-le-discours-du-president-macky-sall-03-avril-2023\/\" \/>\n<meta property=\"og:site_name\" content=\"LE PUBLIC\" \/>\n<meta property=\"article:published_time\" content=\"2023-04-03T20:39:20+00:00\" \/>\n<meta property=\"og:image\" content=\"https:\/\/www.public.sn\/wp-content\/uploads\/2023\/04\/discours-03-AVRIL-MACKY-SALL.webp\" \/>\n\t<meta property=\"og:image:width\" content=\"1080\" \/>\n\t<meta property=\"og:image:height\" content=\"725\" \/>\n\t<meta property=\"og:image:type\" content=\"image\/webp\" \/>\n<meta name=\"author\" content=\"LA REDACTION\" \/>\n<meta name=\"twitter:card\" content=\"summary_large_image\" \/>\n<meta name=\"twitter:label1\" content=\"\u00c9crit par\" \/>\n\t<meta name=\"twitter:data1\" content=\"LA REDACTION\" \/>\n\t<meta name=\"twitter:label2\" content=\"Dur\u00e9e de lecture estim\u00e9e\" \/>\n\t<meta name=\"twitter:data2\" content=\"1 minute\" \/>\n<script type=\"application\/ld+json\" class=\"yoast-schema-graph\">{\"@context\":\"https:\/\/schema.org\",\"@graph\":[{\"@type\":\"Article\",\"@id\":\"https:\/\/www.public.sn\/index.php\/2023\/04\/03\/fete-de-lindependance-revivez-le-discours-du-president-macky-sall-03-avril-2023\/#article\",\"isPartOf\":{\"@id\":\"https:\/\/www.public.sn\/index.php\/2023\/04\/03\/fete-de-lindependance-revivez-le-discours-du-president-macky-sall-03-avril-2023\/\"},\"author\":{\"name\":\"LA REDACTION\",\"@id\":\"https:\/\/www.public.sn\/#\/schema\/person\/e3f4a11b037d4203902db148f9bc8d5a\"},\"headline\":\"F\u00eate de l&rsquo;ind\u00e9pendance : revivez le discours du pr\u00e9sident Macky Sall 03 avril 2023)\",\"datePublished\":\"2023-04-03T20:39:20+00:00\",\"mainEntityOfPage\":{\"@id\":\"https:\/\/www.public.sn\/index.php\/2023\/04\/03\/fete-de-lindependance-revivez-le-discours-du-president-macky-sall-03-avril-2023\/\"},\"wordCount\":76,\"commentCount\":0,\"publisher\":{\"@id\":\"https:\/\/www.public.sn\/#organization\"},\"image\":{\"@id\":\"https:\/\/www.public.sn\/index.php\/2023\/04\/03\/fete-de-lindependance-revivez-le-discours-du-president-macky-sall-03-avril-2023\/#primaryimage\"},\"thumbnailUrl\":\"https:\/\/www.public.sn\/wp-content\/uploads\/2023\/04\/discours-03-AVRIL-MACKY-SALL.webp\",\"keywords\":[\"03 avril\",\"discours\",\"Macky Sall\"],\"articleSection\":[\"ACTUALIT\u00c9S\",\"POLITIQUE\",\"PUBLIC TV\",\"S\u00c9N\u00c9GAL\",\"VEDETTE\",\"VIDEOS\"],\"inLanguage\":\"fr-FR\",\"potentialAction\":[{\"@type\":\"CommentAction\",\"name\":\"Comment\",\"target\":[\"https:\/\/www.public.sn\/index.php\/2023\/04\/03\/fete-de-lindependance-revivez-le-discours-du-president-macky-sall-03-avril-2023\/#respond\"]}]},{\"@type\":\"WebPage\",\"@id\":\"https:\/\/www.public.sn\/index.php\/2023\/04\/03\/fete-de-lindependance-revivez-le-discours-du-president-macky-sall-03-avril-2023\/\",\"url\":\"https:\/\/www.public.sn\/index.php\/2023\/04\/03\/fete-de-lindependance-revivez-le-discours-du-president-macky-sall-03-avril-2023\/\",\"name\":\"F\u00eate de l'ind\u00e9pendance : revivez le discours du pr\u00e9sident Macky Sall 03 avril 2023) - LE PUBLIC\",\"isPartOf\":{\"@id\":\"https:\/\/www.public.sn\/#website\"},\"primaryImageOfPage\":{\"@id\":\"https:\/\/www.public.sn\/index.php\/2023\/04\/03\/fete-de-lindependance-revivez-le-discours-du-president-macky-sall-03-avril-2023\/#primaryimage\"},\"image\":{\"@id\":\"https:\/\/www.public.sn\/index.php\/2023\/04\/03\/fete-de-lindependance-revivez-le-discours-du-president-macky-sall-03-avril-2023\/#primaryimage\"},\"thumbnailUrl\":\"https:\/\/www.public.sn\/wp-content\/uploads\/2023\/04\/discours-03-AVRIL-MACKY-SALL.webp\",\"datePublished\":\"2023-04-03T20:39:20+00:00\",\"description\":\"Le pr\u00e9sident de la R\u00e9publique Macky Sall s\u2019est adress\u00e9 \u00e0 la Nation dans un discours officiel ce lundi 03 avril 2023 l\u2019occasion de la f\u00eate nationale de l\u2019ind\u00e9pendance qui se d\u00e9roulera demain, le 4 avril 2023.\",\"breadcrumb\":{\"@id\":\"https:\/\/www.public.sn\/index.php\/2023\/04\/03\/fete-de-lindependance-revivez-le-discours-du-president-macky-sall-03-avril-2023\/#breadcrumb\"},\"inLanguage\":\"fr-FR\",\"potentialAction\":[{\"@type\":\"ReadAction\",\"target\":[\"https:\/\/www.public.sn\/index.php\/2023\/04\/03\/fete-de-lindependance-revivez-le-discours-du-president-macky-sall-03-avril-2023\/\"]}]},{\"@type\":\"ImageObject\",\"inLanguage\":\"fr-FR\",\"@id\":\"https:\/\/www.public.sn\/index.php\/2023\/04\/03\/fete-de-lindependance-revivez-le-discours-du-president-macky-sall-03-avril-2023\/#primaryimage\",\"url\":\"https:\/\/www.public.sn\/wp-content\/uploads\/2023\/04\/discours-03-AVRIL-MACKY-SALL.webp\",\"contentUrl\":\"https:\/\/www.public.sn\/wp-content\/uploads\/2023\/04\/discours-03-AVRIL-MACKY-SALL.webp\",\"width\":1080,\"height\":725},{\"@type\":\"BreadcrumbList\",\"@id\":\"https:\/\/www.public.sn\/index.php\/2023\/04\/03\/fete-de-lindependance-revivez-le-discours-du-president-macky-sall-03-avril-2023\/#breadcrumb\",\"itemListElement\":[{\"@type\":\"ListItem\",\"position\":1,\"name\":\"Accueil\",\"item\":\"https:\/\/www.public.sn\/\"},{\"@type\":\"ListItem\",\"position\":2,\"name\":\"F\u00eate de l&rsquo;ind\u00e9pendance : revivez le discours du pr\u00e9sident Macky Sall 03 avril 2023)\"}]},{\"@type\":\"WebSite\",\"@id\":\"https:\/\/www.public.sn\/#website\",\"url\":\"https:\/\/www.public.sn\/\",\"name\":\"LE PUBLIC\",\"description\":\"\",\"publisher\":{\"@id\":\"https:\/\/www.public.sn\/#organization\"},\"potentialAction\":[{\"@type\":\"SearchAction\",\"target\":{\"@type\":\"EntryPoint\",\"urlTemplate\":\"https:\/\/www.public.sn\/?s={search_term_string}\"},\"query-input\":{\"@type\":\"PropertyValueSpecification\",\"valueRequired\":true,\"valueName\":\"search_term_string\"}}],\"inLanguage\":\"fr-FR\"},{\"@type\":\"Organization\",\"@id\":\"https:\/\/www.public.sn\/#organization\",\"name\":\"LE PUBLIC\",\"url\":\"https:\/\/www.public.sn\/\",\"logo\":{\"@type\":\"ImageObject\",\"inLanguage\":\"fr-FR\",\"@id\":\"https:\/\/www.public.sn\/#\/schema\/logo\/image\/\",\"url\":\"https:\/\/www.public.sn\/wp-content\/uploads\/2024\/05\/cropped-LOGO-PUBLIC.SN_.png\",\"contentUrl\":\"https:\/\/www.public.sn\/wp-content\/uploads\/2024\/05\/cropped-LOGO-PUBLIC.SN_.png\",\"width\":682,\"height\":192,\"caption\":\"LE PUBLIC\"},\"image\":{\"@id\":\"https:\/\/www.public.sn\/#\/schema\/logo\/image\/\"}},{\"@type\":\"Person\",\"@id\":\"https:\/\/www.public.sn\/#\/schema\/person\/e3f4a11b037d4203902db148f9bc8d5a\",\"name\":\"LA REDACTION\",\"image\":{\"@type\":\"ImageObject\",\"inLanguage\":\"fr-FR\",\"@id\":\"https:\/\/www.public.sn\/#\/schema\/person\/image\/\",\"url\":\"https:\/\/secure.gravatar.com\/avatar\/d6c030db45db2883c075085c5d6c6258654a801a93766b49af0b82d4f454e2a5?s=96&d=mm&r=g\",\"contentUrl\":\"https:\/\/secure.gravatar.com\/avatar\/d6c030db45db2883c075085c5d6c6258654a801a93766b49af0b82d4f454e2a5?s=96&d=mm&r=g\",\"caption\":\"LA REDACTION\"},\"sameAs\":[\"http:\/\/www.public.sn\"],\"url\":\"https:\/\/www.public.sn\/index.php\/author\/admin7324\/\"}]}<\/script>\n<!-- \/ Yoast SEO plugin. -->","yoast_head_json":{"title":"F\u00eate de l'ind\u00e9pendance : revivez le discours du pr\u00e9sident Macky Sall 03 avril 2023) - LE PUBLIC","description":"Le pr\u00e9sident de la R\u00e9publique Macky Sall s\u2019est adress\u00e9 \u00e0 la Nation dans un discours officiel ce lundi 03 avril 2023 l\u2019occasion de la f\u00eate nationale de l\u2019ind\u00e9pendance qui se d\u00e9roulera demain, le 4 avril 2023.","robots":{"index":"index","follow":"follow","max-snippet":"max-snippet:-1","max-image-preview":"max-image-preview:large","max-video-preview":"max-video-preview:-1"},"canonical":"https:\/\/www.public.sn\/index.php\/2023\/04\/03\/fete-de-lindependance-revivez-le-discours-du-president-macky-sall-03-avril-2023\/","og_locale":"fr_FR","og_type":"article","og_title":"F\u00eate de l'ind\u00e9pendance : revivez le discours du pr\u00e9sident Macky Sall 03 avril 2023) - LE PUBLIC","og_description":"Le pr\u00e9sident de la R\u00e9publique Macky Sall s\u2019est adress\u00e9 \u00e0 la Nation dans un discours officiel ce lundi 03 avril 2023 l\u2019occasion de la f\u00eate nationale de l\u2019ind\u00e9pendance qui se d\u00e9roulera demain, le 4 avril 2023.","og_url":"https:\/\/www.public.sn\/index.php\/2023\/04\/03\/fete-de-lindependance-revivez-le-discours-du-president-macky-sall-03-avril-2023\/","og_site_name":"LE PUBLIC","article_published_time":"2023-04-03T20:39:20+00:00","og_image":[{"width":1080,"height":725,"url":"https:\/\/www.public.sn\/wp-content\/uploads\/2023\/04\/discours-03-AVRIL-MACKY-SALL.webp","type":"image\/webp"}],"author":"LA REDACTION","twitter_card":"summary_large_image","twitter_misc":{"\u00c9crit par":"LA REDACTION","Dur\u00e9e de lecture estim\u00e9e":"1 minute"},"schema":{"@context":"https:\/\/schema.org","@graph":[{"@type":"Article","@id":"https:\/\/www.public.sn\/index.php\/2023\/04\/03\/fete-de-lindependance-revivez-le-discours-du-president-macky-sall-03-avril-2023\/#article","isPartOf":{"@id":"https:\/\/www.public.sn\/index.php\/2023\/04\/03\/fete-de-lindependance-revivez-le-discours-du-president-macky-sall-03-avril-2023\/"},"author":{"name":"LA REDACTION","@id":"https:\/\/www.public.sn\/#\/schema\/person\/e3f4a11b037d4203902db148f9bc8d5a"},"headline":"F\u00eate de l&rsquo;ind\u00e9pendance : revivez le discours du pr\u00e9sident Macky Sall 03 avril 2023)","datePublished":"2023-04-03T20:39:20+00:00","mainEntityOfPage":{"@id":"https:\/\/www.public.sn\/index.php\/2023\/04\/03\/fete-de-lindependance-revivez-le-discours-du-president-macky-sall-03-avril-2023\/"},"wordCount":76,"commentCount":0,"publisher":{"@id":"https:\/\/www.public.sn\/#organization"},"image":{"@id":"https:\/\/www.public.sn\/index.php\/2023\/04\/03\/fete-de-lindependance-revivez-le-discours-du-president-macky-sall-03-avril-2023\/#primaryimage"},"thumbnailUrl":"https:\/\/www.public.sn\/wp-content\/uploads\/2023\/04\/discours-03-AVRIL-MACKY-SALL.webp","keywords":["03 avril","discours","Macky Sall"],"articleSection":["ACTUALIT\u00c9S","POLITIQUE","PUBLIC TV","S\u00c9N\u00c9GAL","VEDETTE","VIDEOS"],"inLanguage":"fr-FR","potentialAction":[{"@type":"CommentAction","name":"Comment","target":["https:\/\/www.public.sn\/index.php\/2023\/04\/03\/fete-de-lindependance-revivez-le-discours-du-president-macky-sall-03-avril-2023\/#respond"]}]},{"@type":"WebPage","@id":"https:\/\/www.public.sn\/index.php\/2023\/04\/03\/fete-de-lindependance-revivez-le-discours-du-president-macky-sall-03-avril-2023\/","url":"https:\/\/www.public.sn\/index.php\/2023\/04\/03\/fete-de-lindependance-revivez-le-discours-du-president-macky-sall-03-avril-2023\/","name":"F\u00eate de l'ind\u00e9pendance : revivez le discours du pr\u00e9sident Macky Sall 03 avril 2023) - LE PUBLIC","isPartOf":{"@id":"https:\/\/www.public.sn\/#website"},"primaryImageOfPage":{"@id":"https:\/\/www.public.sn\/index.php\/2023\/04\/03\/fete-de-lindependance-revivez-le-discours-du-president-macky-sall-03-avril-2023\/#primaryimage"},"image":{"@id":"https:\/\/www.public.sn\/index.php\/2023\/04\/03\/fete-de-lindependance-revivez-le-discours-du-president-macky-sall-03-avril-2023\/#primaryimage"},"thumbnailUrl":"https:\/\/www.public.sn\/wp-content\/uploads\/2023\/04\/discours-03-AVRIL-MACKY-SALL.webp","datePublished":"2023-04-03T20:39:20+00:00","description":"Le pr\u00e9sident de la R\u00e9publique Macky Sall s\u2019est adress\u00e9 \u00e0 la Nation dans un discours officiel ce lundi 03 avril 2023 l\u2019occasion de la f\u00eate nationale de l\u2019ind\u00e9pendance qui se d\u00e9roulera demain, le 4 avril 2023.","breadcrumb":{"@id":"https:\/\/www.public.sn\/index.php\/2023\/04\/03\/fete-de-lindependance-revivez-le-discours-du-president-macky-sall-03-avril-2023\/#breadcrumb"},"inLanguage":"fr-FR","potentialAction":[{"@type":"ReadAction","target":["https:\/\/www.public.sn\/index.php\/2023\/04\/03\/fete-de-lindependance-revivez-le-discours-du-president-macky-sall-03-avril-2023\/"]}]},{"@type":"ImageObject","inLanguage":"fr-FR","@id":"https:\/\/www.public.sn\/index.php\/2023\/04\/03\/fete-de-lindependance-revivez-le-discours-du-president-macky-sall-03-avril-2023\/#primaryimage","url":"https:\/\/www.public.sn\/wp-content\/uploads\/2023\/04\/discours-03-AVRIL-MACKY-SALL.webp","contentUrl":"https:\/\/www.public.sn\/wp-content\/uploads\/2023\/04\/discours-03-AVRIL-MACKY-SALL.webp","width":1080,"height":725},{"@type":"BreadcrumbList","@id":"https:\/\/www.public.sn\/index.php\/2023\/04\/03\/fete-de-lindependance-revivez-le-discours-du-president-macky-sall-03-avril-2023\/#breadcrumb","itemListElement":[{"@type":"ListItem","position":1,"name":"Accueil","item":"https:\/\/www.public.sn\/"},{"@type":"ListItem","position":2,"name":"F\u00eate de l&rsquo;ind\u00e9pendance : revivez le discours du pr\u00e9sident Macky Sall 03 avril 2023)"}]},{"@type":"WebSite","@id":"https:\/\/www.public.sn\/#website","url":"https:\/\/www.public.sn\/","name":"LE PUBLIC","description":"","publisher":{"@id":"https:\/\/www.public.sn\/#organization"},"potentialAction":[{"@type":"SearchAction","target":{"@type":"EntryPoint","urlTemplate":"https:\/\/www.public.sn\/?s={search_term_string}"},"query-input":{"@type":"PropertyValueSpecification","valueRequired":true,"valueName":"search_term_string"}}],"inLanguage":"fr-FR"},{"@type":"Organization","@id":"https:\/\/www.public.sn\/#organization","name":"LE PUBLIC","url":"https:\/\/www.public.sn\/","logo":{"@type":"ImageObject","inLanguage":"fr-FR","@id":"https:\/\/www.public.sn\/#\/schema\/logo\/image\/","url":"https:\/\/www.public.sn\/wp-content\/uploads\/2024\/05\/cropped-LOGO-PUBLIC.SN_.png","contentUrl":"https:\/\/www.public.sn\/wp-content\/uploads\/2024\/05\/cropped-LOGO-PUBLIC.SN_.png","width":682,"height":192,"caption":"LE PUBLIC"},"image":{"@id":"https:\/\/www.public.sn\/#\/schema\/logo\/image\/"}},{"@type":"Person","@id":"https:\/\/www.public.sn\/#\/schema\/person\/e3f4a11b037d4203902db148f9bc8d5a","name":"LA REDACTION","image":{"@type":"ImageObject","inLanguage":"fr-FR","@id":"https:\/\/www.public.sn\/#\/schema\/person\/image\/","url":"https:\/\/secure.gravatar.com\/avatar\/d6c030db45db2883c075085c5d6c6258654a801a93766b49af0b82d4f454e2a5?s=96&d=mm&r=g","contentUrl":"https:\/\/secure.gravatar.com\/avatar\/d6c030db45db2883c075085c5d6c6258654a801a93766b49af0b82d4f454e2a5?s=96&d=mm&r=g","caption":"LA REDACTION"},"sameAs":["http:\/\/www.public.sn"],"url":"https:\/\/www.public.sn\/index.php\/author\/admin7324\/"}]}},"jetpack_featured_media_url":"https:\/\/www.public.sn\/wp-content\/uploads\/2023\/04\/discours-03-AVRIL-MACKY-SALL.webp","jetpack_sharing_enabled":true,"_links":{"self":[{"href":"https:\/\/www.public.sn\/index.php\/wp-json\/wp\/v2\/posts\/19285","targetHints":{"allow":["GET"]}}],"collection":[{"href":"https:\/\/www.public.sn\/index.php\/wp-json\/wp\/v2\/posts"}],"about":[{"href":"https:\/\/www.public.sn\/index.php\/wp-json\/wp\/v2\/types\/post"}],"author":[{"embeddable":true,"href":"https:\/\/www.public.sn\/index.php\/wp-json\/wp\/v2\/users\/1"}],"replies":[{"embeddable":true,"href":"https:\/\/www.public.sn\/index.php\/wp-json\/wp\/v2\/comments?post=19285"}],"version-history":[{"count":1,"href":"https:\/\/www.public.sn\/index.php\/wp-json\/wp\/v2\/posts\/19285\/revisions"}],"predecessor-version":[{"id":19288,"href":"https:\/\/www.public.sn\/index.php\/wp-json\/wp\/v2\/posts\/19285\/revisions\/19288"}],"wp:featuredmedia":[{"embeddable":true,"href":"https:\/\/www.public.sn\/index.php\/wp-json\/wp\/v2\/media\/19287"}],"wp:attachment":[{"href":"https:\/\/www.public.sn\/index.php\/wp-json\/wp\/v2\/media?parent=19285"}],"wp:term":[{"taxonomy":"category","embeddable":true,"href":"https:\/\/www.public.sn\/index.php\/wp-json\/wp\/v2\/categories?post=19285"},{"taxonomy":"post_tag","embeddable":true,"href":"https:\/\/www.public.sn\/index.php\/wp-json\/wp\/v2\/tags?post=19285"}],"curies":[{"name":"wp","href":"https:\/\/api.w.org\/{rel}","templated":true}]}}