{"id":19379,"date":"2023-04-05T13:13:50","date_gmt":"2023-04-05T13:13:50","guid":{"rendered":"https:\/\/www.public.sn\/?p=19379"},"modified":"2023-04-05T13:13:50","modified_gmt":"2023-04-05T13:13:50","slug":"ouest-foire-un-agent-immobilier-se-pend-dans-sa-chambre","status":"publish","type":"post","link":"https:\/\/www.public.sn\/index.php\/2023\/04\/05\/ouest-foire-un-agent-immobilier-se-pend-dans-sa-chambre\/","title":{"rendered":"Ouest-Foire : un agent immobilier se pend dans sa chambre"},"content":{"rendered":"<p><strong>A Ouest-Foire, un agent immobilier se suicide par pendaison, il \u00e9tait\u00a0cribl\u00e9 de dettes<\/strong><\/p><div class=\"publi-paragraphe1\" style=\"margin-top: 10px;margin-bottom: 10px;margin-left: auto;margin-right: auto;text-align: center;\" id=\"publi-3182293745\"><div class=\"publi-adlabel\">Publicit\u00e9<\/div><script async src=\"\/\/pagead2.googlesyndication.com\/pagead\/js\/adsbygoogle.js?client=ca-pub-4089586018074219\" crossorigin=\"anonymous\"><\/script><ins class=\"adsbygoogle\" style=\"display:block;\" data-ad-client=\"ca-pub-4089586018074219\" \ndata-ad-slot=\"2087940154\" \ndata-ad-format=\"auto\"><\/ins>\n<script> \n(adsbygoogle = window.adsbygoogle || []).push({}); \n<\/script>\n<\/div>\n<p>Un agent immobilier nomm\u00e9 Patrick Lefebvre s\u2019est donn\u00e9 la mort ce mardi 4 avril \u00e0 Ouest-Foire. Les gendarmes ont retrouv\u00e9 son corps dans sa chambre suspendu dans le vide \u00e0 l\u2019aide d\u2019une corde attach\u00e9e au plafond.<\/p>\n<div class=\"google-auto-placed ap_container\"><\/div>\n<div class=\"dbe dbe-post-middle dbe-float-center dbe-align-center dbe-column-1 dbe-clearfix no-bg-box-model\">\n<div id=\"dbe-3576-1995590682\" class=\"dbe-container dbe-type-code \" data-adid=\"3576\" data-type=\"code\">\n<div id=\"dbe-3576-1995590682-place\"><\/div>\n<\/div>\n<\/div>\n<p>D\u2019apr\u00e8s la source, les premiers \u00e9l\u00e9ments de l\u2019enqu\u00eate sur les circonstance de la mort de la victime r\u00e9v\u00e8lent que cette derni\u00e8re \u00e9tait cribl\u00e9e de dettes. Le journal ajoute que plusieurs actions en justice \u00e9taient en cours contre Lefebvre.<\/p>\n<p>La m\u00eame source indique que la gendarmerie a \u00e9t\u00e9 alert\u00e9e par M. Sow, l\u2019\u00e9pouse du propri\u00e9taire de l\u2019immeuble o\u00f9 logeait le d\u00e9funt. La dame a d\u00e9clar\u00e9 qu\u2019un de ses locataires n\u2019avait plus donn\u00e9 signe de vie depuis quatre jours alors que de son appartement \u00e9manait une odeur naus\u00e9abonde.<\/p>\n<div class=\"publi-apres-le-contenu\" style=\"margin-top: 10px;margin-bottom: 10px;margin-left: auto;margin-right: auto;text-align: center;\" id=\"publi-214387942\"><div class=\"publi-adlabel\">Publicit\u00e9<\/div><script async src=\"\/\/pagead2.googlesyndication.com\/pagead\/js\/adsbygoogle.js?client=ca-pub-4089586018074219\" crossorigin=\"anonymous\"><\/script><ins class=\"adsbygoogle\" style=\"display:block;\" data-ad-client=\"ca-pub-4089586018074219\" \ndata-ad-slot=\"2087940154\" \ndata-ad-format=\"auto\"><\/ins>\n<script> \n(adsbygoogle = window.adsbygoogle || []).push({}); \n<\/script>\n<\/div>","protected":false},"excerpt":{"rendered":"<p>A Ouest-Foire, un agent immobilier se suicide par pendaison, il \u00e9tait\u00a0cribl\u00e9 de dettes Un agent immobilier nomm\u00e9 Patrick Lefebvre s\u2019est donn\u00e9 la mort ce mardi 4 avril \u00e0 Ouest-Foire. Les gendarmes ont retrouv\u00e9 son corps dans sa chambre suspendu dans le vide \u00e0 l\u2019aide d\u2019une corde attach\u00e9e au plafond. D\u2019apr\u00e8s la source, les premiers \u00e9l\u00e9ments de l\u2019enqu\u00eate sur les circonstance de la mort de la victime r\u00e9v\u00e8lent que cette derni\u00e8re \u00e9tait cribl\u00e9e de dettes. Le journal ajoute que plusieurs actions en justice \u00e9taient en cours contre Lefebvre. La m\u00eame source indique que la gendarmerie a \u00e9t\u00e9 alert\u00e9e par M. Sow, l\u2019\u00e9pouse du propri\u00e9taire de l\u2019immeuble o\u00f9 logeait le d\u00e9funt. La dame a d\u00e9clar\u00e9 qu\u2019un de ses locataires n\u2019avait plus donn\u00e9 signe de vie depuis quatre jours alors que de son appartement \u00e9manait une odeur naus\u00e9abonde.<\/p>\n","protected":false},"author":7,"featured_media":19382,"comment_status":"open","ping_status":"open","sticky":false,"template":"","format":"standard","meta":{"_jetpack_memberships_contains_paid_content":false,"footnotes":""},"categories":[375,1051,379,376,1,4],"tags":[2574,444],"class_list":["post-19379","post","type-post","status-publish","format-standard","has-post-thumbnail","hentry","category-actualites","category-drame","category-faits-divers","category-securite-justice","category-non-classe","category-societe","tag-agent-immobilier","tag-drame","entry","has-media","owp-thumbs-layout-horizontal","owp-btn-normal","owp-tabs-layout-horizontal","has-no-thumbnails","has-product-nav"],"yoast_head":"<!-- This site is optimized with the Yoast SEO plugin v25.5 - https:\/\/yoast.com\/wordpress\/plugins\/seo\/ -->\n<title>Ouest-Foire : un agent immobilier se pend dans sa chambre - LE PUBLIC<\/title>\n<meta name=\"robots\" content=\"index, follow, max-snippet:-1, max-image-preview:large, max-video-preview:-1\" \/>\n<link rel=\"canonical\" href=\"https:\/\/www.public.sn\/index.php\/2023\/04\/05\/ouest-foire-un-agent-immobilier-se-pend-dans-sa-chambre\/\" \/>\n<meta property=\"og:locale\" content=\"fr_FR\" \/>\n<meta property=\"og:type\" content=\"article\" \/>\n<meta property=\"og:title\" content=\"Ouest-Foire : un agent immobilier se pend dans sa chambre - LE PUBLIC\" \/>\n<meta property=\"og:description\" content=\"A Ouest-Foire, un agent immobilier se suicide par pendaison, il \u00e9tait\u00a0cribl\u00e9 de dettes Un agent immobilier nomm\u00e9 Patrick Lefebvre s\u2019est donn\u00e9 la mort ce mardi 4 avril \u00e0 Ouest-Foire. Les gendarmes ont retrouv\u00e9 son corps dans sa chambre suspendu dans le vide \u00e0 l\u2019aide d\u2019une corde attach\u00e9e au plafond. D\u2019apr\u00e8s la source, les premiers \u00e9l\u00e9ments de l\u2019enqu\u00eate sur les circonstance de la mort de la victime r\u00e9v\u00e8lent que cette derni\u00e8re \u00e9tait cribl\u00e9e de dettes. Le journal ajoute que plusieurs actions en justice \u00e9taient en cours contre Lefebvre. La m\u00eame source indique que la gendarmerie a \u00e9t\u00e9 alert\u00e9e par M. Sow, l\u2019\u00e9pouse du propri\u00e9taire de l\u2019immeuble o\u00f9 logeait le d\u00e9funt. La dame a d\u00e9clar\u00e9 qu\u2019un de ses locataires n\u2019avait plus donn\u00e9 signe de vie depuis quatre jours alors que de son appartement \u00e9manait une odeur naus\u00e9abonde.\" \/>\n<meta property=\"og:url\" content=\"https:\/\/www.public.sn\/index.php\/2023\/04\/05\/ouest-foire-un-agent-immobilier-se-pend-dans-sa-chambre\/\" \/>\n<meta property=\"og:site_name\" content=\"LE PUBLIC\" \/>\n<meta property=\"article:published_time\" content=\"2023-04-05T13:13:50+00:00\" \/>\n<meta property=\"og:image\" content=\"https:\/\/www.public.sn\/wp-content\/uploads\/2023\/04\/pendaison.webp\" \/>\n\t<meta property=\"og:image:width\" content=\"1444\" \/>\n\t<meta property=\"og:image:height\" content=\"710\" \/>\n\t<meta property=\"og:image:type\" content=\"image\/webp\" \/>\n<meta name=\"author\" content=\"LA REDACTION\" \/>\n<meta name=\"twitter:card\" content=\"summary_large_image\" \/>\n<meta name=\"twitter:label1\" content=\"\u00c9crit par\" \/>\n\t<meta name=\"twitter:data1\" content=\"LA REDACTION\" \/>\n\t<meta name=\"twitter:label2\" content=\"Dur\u00e9e de lecture estim\u00e9e\" \/>\n\t<meta name=\"twitter:data2\" content=\"1 minute\" \/>\n<script type=\"application\/ld+json\" class=\"yoast-schema-graph\">{\"@context\":\"https:\/\/schema.org\",\"@graph\":[{\"@type\":\"Article\",\"@id\":\"https:\/\/www.public.sn\/index.php\/2023\/04\/05\/ouest-foire-un-agent-immobilier-se-pend-dans-sa-chambre\/#article\",\"isPartOf\":{\"@id\":\"https:\/\/www.public.sn\/index.php\/2023\/04\/05\/ouest-foire-un-agent-immobilier-se-pend-dans-sa-chambre\/\"},\"author\":{\"name\":\"LA REDACTION\",\"@id\":\"https:\/\/www.public.sn\/#\/schema\/person\/cb76c8e1b8becc6be61fb5e92d6d0224\"},\"headline\":\"Ouest-Foire : un agent immobilier se pend dans sa chambre\",\"datePublished\":\"2023-04-05T13:13:50+00:00\",\"mainEntityOfPage\":{\"@id\":\"https:\/\/www.public.sn\/index.php\/2023\/04\/05\/ouest-foire-un-agent-immobilier-se-pend-dans-sa-chambre\/\"},\"wordCount\":165,\"commentCount\":0,\"publisher\":{\"@id\":\"https:\/\/www.public.sn\/#organization\"},\"image\":{\"@id\":\"https:\/\/www.public.sn\/index.php\/2023\/04\/05\/ouest-foire-un-agent-immobilier-se-pend-dans-sa-chambre\/#primaryimage\"},\"thumbnailUrl\":\"https:\/\/www.public.sn\/wp-content\/uploads\/2023\/04\/pendaison.webp\",\"keywords\":[\"Agent Immobilier\",\"Drame\"],\"articleSection\":[\"ACTUALIT\u00c9S\",\"DRAME\",\"FAITS DIVERS\",\"S\u00c9CURIT\u00c9 &amp; JUSTICE\",\"S\u00c9N\u00c9GAL\",\"SOCIETE\"],\"inLanguage\":\"fr-FR\",\"potentialAction\":[{\"@type\":\"CommentAction\",\"name\":\"Comment\",\"target\":[\"https:\/\/www.public.sn\/index.php\/2023\/04\/05\/ouest-foire-un-agent-immobilier-se-pend-dans-sa-chambre\/#respond\"]}]},{\"@type\":\"WebPage\",\"@id\":\"https:\/\/www.public.sn\/index.php\/2023\/04\/05\/ouest-foire-un-agent-immobilier-se-pend-dans-sa-chambre\/\",\"url\":\"https:\/\/www.public.sn\/index.php\/2023\/04\/05\/ouest-foire-un-agent-immobilier-se-pend-dans-sa-chambre\/\",\"name\":\"Ouest-Foire : un agent immobilier se pend dans sa chambre - LE PUBLIC\",\"isPartOf\":{\"@id\":\"https:\/\/www.public.sn\/#website\"},\"primaryImageOfPage\":{\"@id\":\"https:\/\/www.public.sn\/index.php\/2023\/04\/05\/ouest-foire-un-agent-immobilier-se-pend-dans-sa-chambre\/#primaryimage\"},\"image\":{\"@id\":\"https:\/\/www.public.sn\/index.php\/2023\/04\/05\/ouest-foire-un-agent-immobilier-se-pend-dans-sa-chambre\/#primaryimage\"},\"thumbnailUrl\":\"https:\/\/www.public.sn\/wp-content\/uploads\/2023\/04\/pendaison.webp\",\"datePublished\":\"2023-04-05T13:13:50+00:00\",\"breadcrumb\":{\"@id\":\"https:\/\/www.public.sn\/index.php\/2023\/04\/05\/ouest-foire-un-agent-immobilier-se-pend-dans-sa-chambre\/#breadcrumb\"},\"inLanguage\":\"fr-FR\",\"potentialAction\":[{\"@type\":\"ReadAction\",\"target\":[\"https:\/\/www.public.sn\/index.php\/2023\/04\/05\/ouest-foire-un-agent-immobilier-se-pend-dans-sa-chambre\/\"]}]},{\"@type\":\"ImageObject\",\"inLanguage\":\"fr-FR\",\"@id\":\"https:\/\/www.public.sn\/index.php\/2023\/04\/05\/ouest-foire-un-agent-immobilier-se-pend-dans-sa-chambre\/#primaryimage\",\"url\":\"https:\/\/www.public.sn\/wp-content\/uploads\/2023\/04\/pendaison.webp\",\"contentUrl\":\"https:\/\/www.public.sn\/wp-content\/uploads\/2023\/04\/pendaison.webp\",\"width\":1444,\"height\":710},{\"@type\":\"BreadcrumbList\",\"@id\":\"https:\/\/www.public.sn\/index.php\/2023\/04\/05\/ouest-foire-un-agent-immobilier-se-pend-dans-sa-chambre\/#breadcrumb\",\"itemListElement\":[{\"@type\":\"ListItem\",\"position\":1,\"name\":\"Accueil\",\"item\":\"https:\/\/www.public.sn\/\"},{\"@type\":\"ListItem\",\"position\":2,\"name\":\"Ouest-Foire : un agent immobilier se pend dans sa chambre\"}]},{\"@type\":\"WebSite\",\"@id\":\"https:\/\/www.public.sn\/#website\",\"url\":\"https:\/\/www.public.sn\/\",\"name\":\"LE PUBLIC\",\"description\":\"\",\"publisher\":{\"@id\":\"https:\/\/www.public.sn\/#organization\"},\"potentialAction\":[{\"@type\":\"SearchAction\",\"target\":{\"@type\":\"EntryPoint\",\"urlTemplate\":\"https:\/\/www.public.sn\/?s={search_term_string}\"},\"query-input\":{\"@type\":\"PropertyValueSpecification\",\"valueRequired\":true,\"valueName\":\"search_term_string\"}}],\"inLanguage\":\"fr-FR\"},{\"@type\":\"Organization\",\"@id\":\"https:\/\/www.public.sn\/#organization\",\"name\":\"LE PUBLIC\",\"url\":\"https:\/\/www.public.sn\/\",\"logo\":{\"@type\":\"ImageObject\",\"inLanguage\":\"fr-FR\",\"@id\":\"https:\/\/www.public.sn\/#\/schema\/logo\/image\/\",\"url\":\"https:\/\/www.public.sn\/wp-content\/uploads\/2024\/05\/cropped-LOGO-PUBLIC.SN_.png\",\"contentUrl\":\"https:\/\/www.public.sn\/wp-content\/uploads\/2024\/05\/cropped-LOGO-PUBLIC.SN_.png\",\"width\":682,\"height\":192,\"caption\":\"LE PUBLIC\"},\"image\":{\"@id\":\"https:\/\/www.public.sn\/#\/schema\/logo\/image\/\"}},{\"@type\":\"Person\",\"@id\":\"https:\/\/www.public.sn\/#\/schema\/person\/cb76c8e1b8becc6be61fb5e92d6d0224\",\"name\":\"LA REDACTION\",\"image\":{\"@type\":\"ImageObject\",\"inLanguage\":\"fr-FR\",\"@id\":\"https:\/\/www.public.sn\/#\/schema\/person\/image\/\",\"url\":\"https:\/\/secure.gravatar.com\/avatar\/2dce5ddd34b8fef0180efe03aa2a9bee7d953856048f9a16b298190a3178407c?s=96&d=mm&r=g\",\"contentUrl\":\"https:\/\/secure.gravatar.com\/avatar\/2dce5ddd34b8fef0180efe03aa2a9bee7d953856048f9a16b298190a3178407c?s=96&d=mm&r=g\",\"caption\":\"LA REDACTION\"},\"url\":\"https:\/\/www.public.sn\/index.php\/author\/editeurpsn\/\"}]}<\/script>\n<!-- \/ Yoast SEO plugin. -->","yoast_head_json":{"title":"Ouest-Foire : un agent immobilier se pend dans sa chambre - LE PUBLIC","robots":{"index":"index","follow":"follow","max-snippet":"max-snippet:-1","max-image-preview":"max-image-preview:large","max-video-preview":"max-video-preview:-1"},"canonical":"https:\/\/www.public.sn\/index.php\/2023\/04\/05\/ouest-foire-un-agent-immobilier-se-pend-dans-sa-chambre\/","og_locale":"fr_FR","og_type":"article","og_title":"Ouest-Foire : un agent immobilier se pend dans sa chambre - LE PUBLIC","og_description":"A Ouest-Foire, un agent immobilier se suicide par pendaison, il \u00e9tait\u00a0cribl\u00e9 de dettes Un agent immobilier nomm\u00e9 Patrick Lefebvre s\u2019est donn\u00e9 la mort ce mardi 4 avril \u00e0 Ouest-Foire. Les gendarmes ont retrouv\u00e9 son corps dans sa chambre suspendu dans le vide \u00e0 l\u2019aide d\u2019une corde attach\u00e9e au plafond. D\u2019apr\u00e8s la source, les premiers \u00e9l\u00e9ments de l\u2019enqu\u00eate sur les circonstance de la mort de la victime r\u00e9v\u00e8lent que cette derni\u00e8re \u00e9tait cribl\u00e9e de dettes. Le journal ajoute que plusieurs actions en justice \u00e9taient en cours contre Lefebvre. La m\u00eame source indique que la gendarmerie a \u00e9t\u00e9 alert\u00e9e par M. Sow, l\u2019\u00e9pouse du propri\u00e9taire de l\u2019immeuble o\u00f9 logeait le d\u00e9funt. La dame a d\u00e9clar\u00e9 qu\u2019un de ses locataires n\u2019avait plus donn\u00e9 signe de vie depuis quatre jours alors que de son appartement \u00e9manait une odeur naus\u00e9abonde.","og_url":"https:\/\/www.public.sn\/index.php\/2023\/04\/05\/ouest-foire-un-agent-immobilier-se-pend-dans-sa-chambre\/","og_site_name":"LE PUBLIC","article_published_time":"2023-04-05T13:13:50+00:00","og_image":[{"width":1444,"height":710,"url":"https:\/\/www.public.sn\/wp-content\/uploads\/2023\/04\/pendaison.webp","type":"image\/webp"}],"author":"LA REDACTION","twitter_card":"summary_large_image","twitter_misc":{"\u00c9crit par":"LA REDACTION","Dur\u00e9e de lecture estim\u00e9e":"1 minute"},"schema":{"@context":"https:\/\/schema.org","@graph":[{"@type":"Article","@id":"https:\/\/www.public.sn\/index.php\/2023\/04\/05\/ouest-foire-un-agent-immobilier-se-pend-dans-sa-chambre\/#article","isPartOf":{"@id":"https:\/\/www.public.sn\/index.php\/2023\/04\/05\/ouest-foire-un-agent-immobilier-se-pend-dans-sa-chambre\/"},"author":{"name":"LA REDACTION","@id":"https:\/\/www.public.sn\/#\/schema\/person\/cb76c8e1b8becc6be61fb5e92d6d0224"},"headline":"Ouest-Foire : un agent immobilier se pend dans sa chambre","datePublished":"2023-04-05T13:13:50+00:00","mainEntityOfPage":{"@id":"https:\/\/www.public.sn\/index.php\/2023\/04\/05\/ouest-foire-un-agent-immobilier-se-pend-dans-sa-chambre\/"},"wordCount":165,"commentCount":0,"publisher":{"@id":"https:\/\/www.public.sn\/#organization"},"image":{"@id":"https:\/\/www.public.sn\/index.php\/2023\/04\/05\/ouest-foire-un-agent-immobilier-se-pend-dans-sa-chambre\/#primaryimage"},"thumbnailUrl":"https:\/\/www.public.sn\/wp-content\/uploads\/2023\/04\/pendaison.webp","keywords":["Agent Immobilier","Drame"],"articleSection":["ACTUALIT\u00c9S","DRAME","FAITS DIVERS","S\u00c9CURIT\u00c9 &amp; JUSTICE","S\u00c9N\u00c9GAL","SOCIETE"],"inLanguage":"fr-FR","potentialAction":[{"@type":"CommentAction","name":"Comment","target":["https:\/\/www.public.sn\/index.php\/2023\/04\/05\/ouest-foire-un-agent-immobilier-se-pend-dans-sa-chambre\/#respond"]}]},{"@type":"WebPage","@id":"https:\/\/www.public.sn\/index.php\/2023\/04\/05\/ouest-foire-un-agent-immobilier-se-pend-dans-sa-chambre\/","url":"https:\/\/www.public.sn\/index.php\/2023\/04\/05\/ouest-foire-un-agent-immobilier-se-pend-dans-sa-chambre\/","name":"Ouest-Foire : un agent immobilier se pend dans sa chambre - LE PUBLIC","isPartOf":{"@id":"https:\/\/www.public.sn\/#website"},"primaryImageOfPage":{"@id":"https:\/\/www.public.sn\/index.php\/2023\/04\/05\/ouest-foire-un-agent-immobilier-se-pend-dans-sa-chambre\/#primaryimage"},"image":{"@id":"https:\/\/www.public.sn\/index.php\/2023\/04\/05\/ouest-foire-un-agent-immobilier-se-pend-dans-sa-chambre\/#primaryimage"},"thumbnailUrl":"https:\/\/www.public.sn\/wp-content\/uploads\/2023\/04\/pendaison.webp","datePublished":"2023-04-05T13:13:50+00:00","breadcrumb":{"@id":"https:\/\/www.public.sn\/index.php\/2023\/04\/05\/ouest-foire-un-agent-immobilier-se-pend-dans-sa-chambre\/#breadcrumb"},"inLanguage":"fr-FR","potentialAction":[{"@type":"ReadAction","target":["https:\/\/www.public.sn\/index.php\/2023\/04\/05\/ouest-foire-un-agent-immobilier-se-pend-dans-sa-chambre\/"]}]},{"@type":"ImageObject","inLanguage":"fr-FR","@id":"https:\/\/www.public.sn\/index.php\/2023\/04\/05\/ouest-foire-un-agent-immobilier-se-pend-dans-sa-chambre\/#primaryimage","url":"https:\/\/www.public.sn\/wp-content\/uploads\/2023\/04\/pendaison.webp","contentUrl":"https:\/\/www.public.sn\/wp-content\/uploads\/2023\/04\/pendaison.webp","width":1444,"height":710},{"@type":"BreadcrumbList","@id":"https:\/\/www.public.sn\/index.php\/2023\/04\/05\/ouest-foire-un-agent-immobilier-se-pend-dans-sa-chambre\/#breadcrumb","itemListElement":[{"@type":"ListItem","position":1,"name":"Accueil","item":"https:\/\/www.public.sn\/"},{"@type":"ListItem","position":2,"name":"Ouest-Foire : un agent immobilier se pend dans sa chambre"}]},{"@type":"WebSite","@id":"https:\/\/www.public.sn\/#website","url":"https:\/\/www.public.sn\/","name":"LE PUBLIC","description":"","publisher":{"@id":"https:\/\/www.public.sn\/#organization"},"potentialAction":[{"@type":"SearchAction","target":{"@type":"EntryPoint","urlTemplate":"https:\/\/www.public.sn\/?s={search_term_string}"},"query-input":{"@type":"PropertyValueSpecification","valueRequired":true,"valueName":"search_term_string"}}],"inLanguage":"fr-FR"},{"@type":"Organization","@id":"https:\/\/www.public.sn\/#organization","name":"LE PUBLIC","url":"https:\/\/www.public.sn\/","logo":{"@type":"ImageObject","inLanguage":"fr-FR","@id":"https:\/\/www.public.sn\/#\/schema\/logo\/image\/","url":"https:\/\/www.public.sn\/wp-content\/uploads\/2024\/05\/cropped-LOGO-PUBLIC.SN_.png","contentUrl":"https:\/\/www.public.sn\/wp-content\/uploads\/2024\/05\/cropped-LOGO-PUBLIC.SN_.png","width":682,"height":192,"caption":"LE PUBLIC"},"image":{"@id":"https:\/\/www.public.sn\/#\/schema\/logo\/image\/"}},{"@type":"Person","@id":"https:\/\/www.public.sn\/#\/schema\/person\/cb76c8e1b8becc6be61fb5e92d6d0224","name":"LA REDACTION","image":{"@type":"ImageObject","inLanguage":"fr-FR","@id":"https:\/\/www.public.sn\/#\/schema\/person\/image\/","url":"https:\/\/secure.gravatar.com\/avatar\/2dce5ddd34b8fef0180efe03aa2a9bee7d953856048f9a16b298190a3178407c?s=96&d=mm&r=g","contentUrl":"https:\/\/secure.gravatar.com\/avatar\/2dce5ddd34b8fef0180efe03aa2a9bee7d953856048f9a16b298190a3178407c?s=96&d=mm&r=g","caption":"LA REDACTION"},"url":"https:\/\/www.public.sn\/index.php\/author\/editeurpsn\/"}]}},"jetpack_featured_media_url":"https:\/\/www.public.sn\/wp-content\/uploads\/2023\/04\/pendaison.webp","jetpack_sharing_enabled":true,"_links":{"self":[{"href":"https:\/\/www.public.sn\/index.php\/wp-json\/wp\/v2\/posts\/19379","targetHints":{"allow":["GET"]}}],"collection":[{"href":"https:\/\/www.public.sn\/index.php\/wp-json\/wp\/v2\/posts"}],"about":[{"href":"https:\/\/www.public.sn\/index.php\/wp-json\/wp\/v2\/types\/post"}],"author":[{"embeddable":true,"href":"https:\/\/www.public.sn\/index.php\/wp-json\/wp\/v2\/users\/7"}],"replies":[{"embeddable":true,"href":"https:\/\/www.public.sn\/index.php\/wp-json\/wp\/v2\/comments?post=19379"}],"version-history":[{"count":1,"href":"https:\/\/www.public.sn\/index.php\/wp-json\/wp\/v2\/posts\/19379\/revisions"}],"predecessor-version":[{"id":19383,"href":"https:\/\/www.public.sn\/index.php\/wp-json\/wp\/v2\/posts\/19379\/revisions\/19383"}],"wp:featuredmedia":[{"embeddable":true,"href":"https:\/\/www.public.sn\/index.php\/wp-json\/wp\/v2\/media\/19382"}],"wp:attachment":[{"href":"https:\/\/www.public.sn\/index.php\/wp-json\/wp\/v2\/media?parent=19379"}],"wp:term":[{"taxonomy":"category","embeddable":true,"href":"https:\/\/www.public.sn\/index.php\/wp-json\/wp\/v2\/categories?post=19379"},{"taxonomy":"post_tag","embeddable":true,"href":"https:\/\/www.public.sn\/index.php\/wp-json\/wp\/v2\/tags?post=19379"}],"curies":[{"name":"wp","href":"https:\/\/api.w.org\/{rel}","templated":true}]}}