{"id":19385,"date":"2023-04-05T13:27:17","date_gmt":"2023-04-05T13:27:17","guid":{"rendered":"https:\/\/www.public.sn\/?p=19385"},"modified":"2023-04-05T13:28:32","modified_gmt":"2023-04-05T13:28:32","slug":"macky-sall-a-t-il-achete-des-vues-pour-son-discours-pape-ale-niang-evoque-des-subterfuges","status":"publish","type":"post","link":"https:\/\/www.public.sn\/index.php\/2023\/04\/05\/macky-sall-a-t-il-achete-des-vues-pour-son-discours-pape-ale-niang-evoque-des-subterfuges\/","title":{"rendered":"Macky Sall a-t-il achet\u00e9 des vues pour son discours ? Pape Al\u00e9 Niang \u00e9voque des \u00ab subterfuges \u00bb"},"content":{"rendered":"<p><strong>Le 3 avril 2023, veille de la f\u00eate de l\u2019ind\u00e9pendance du S\u00e9n\u00e9gal, le pr\u00e9sident Macky Sall a prononc\u00e9 son discours annuel \u00e0 la nation, diffus\u00e9 en direct sur la cha\u00eene nationale RTS et relay\u00e9 par d\u2019autres m\u00e9dias locaux. La vid\u00e9o du discours a \u00e9galement \u00e9t\u00e9 partag\u00e9e sur la page officielle de Macky Sall.<\/strong><\/p><div class=\"publi-paragraphe1\" style=\"margin-top: 10px;margin-bottom: 10px;margin-left: auto;margin-right: auto;text-align: center;\" id=\"publi-2934155185\"><div class=\"publi-adlabel\">Publicit\u00e9<\/div><script async src=\"\/\/pagead2.googlesyndication.com\/pagead\/js\/adsbygoogle.js?client=ca-pub-4089586018074219\" crossorigin=\"anonymous\"><\/script><ins class=\"adsbygoogle\" style=\"display:block;\" data-ad-client=\"ca-pub-4089586018074219\" \ndata-ad-slot=\"2087940154\" \ndata-ad-format=\"auto\"><\/ins>\n<script> \n(adsbygoogle = window.adsbygoogle || []).push({}); \n<\/script>\n<\/div>\n<p>L\u2019audience en ligne a atteint un niveau exceptionnel pendant le discours, avec un pic de 82 315 utilisateurs connect\u00e9s simultan\u00e9ment pour regarder le discours en direct sur la page du pr\u00e9sident. Ce chiffre a \u00e9t\u00e9 remarqu\u00e9 par les partisans et les militants de Sall, qui ont compar\u00e9 ce r\u00e9sultat \u00e0 ceux des prises de parole de l\u2019opposant Ousmane Sonko, qui ont \u00e9galement attir\u00e9 des audiences massives, atteignant parfois jusqu\u2019\u00e0 90 000 utilisateurs connect\u00e9s en m\u00eame temps.<\/p>\n<div class=\"publi-apres-le-contenu\" style=\"margin-top: 10px;margin-bottom: 10px;margin-left: auto;margin-right: auto;text-align: center;\" id=\"publi-2597176932\"><div class=\"publi-adlabel\">Publicit\u00e9<\/div><script async src=\"\/\/pagead2.googlesyndication.com\/pagead\/js\/adsbygoogle.js?client=ca-pub-4089586018074219\" crossorigin=\"anonymous\"><\/script><ins class=\"adsbygoogle\" style=\"display:block;\" data-ad-client=\"ca-pub-4089586018074219\" \ndata-ad-slot=\"2087940154\" \ndata-ad-format=\"auto\"><\/ins>\n<script> \n(adsbygoogle = window.adsbygoogle || []).push({}); \n<\/script>\n<\/div>","protected":false},"excerpt":{"rendered":"<p>Le 3 avril 2023, veille de la f\u00eate de l\u2019ind\u00e9pendance du S\u00e9n\u00e9gal, le pr\u00e9sident Macky Sall a prononc\u00e9 son discours annuel \u00e0 la nation, diffus\u00e9 en direct sur la cha\u00eene nationale RTS et relay\u00e9 par d\u2019autres m\u00e9dias locaux. La vid\u00e9o du discours a \u00e9galement \u00e9t\u00e9 partag\u00e9e sur la page officielle de Macky Sall. L\u2019audience en ligne a atteint un niveau exceptionnel pendant le discours, avec un pic de 82 315 utilisateurs connect\u00e9s simultan\u00e9ment pour regarder le discours en direct sur la page du pr\u00e9sident. Ce chiffre a \u00e9t\u00e9 remarqu\u00e9 par les partisans et les militants de Sall, qui ont compar\u00e9 ce r\u00e9sultat \u00e0 ceux des prises de parole de l\u2019opposant Ousmane Sonko, qui ont \u00e9galement attir\u00e9 des audiences massives, atteignant parfois jusqu\u2019\u00e0 90 000 utilisateurs connect\u00e9s en m\u00eame temps.<\/p>\n","protected":false},"author":7,"featured_media":19388,"comment_status":"open","ping_status":"open","sticky":false,"template":"","format":"standard","meta":{"_jetpack_memberships_contains_paid_content":false,"footnotes":""},"categories":[375,961,3,376,1,4,372],"tags":[11,2489,5056],"class_list":["post-19385","post","type-post","status-publish","format-standard","has-post-thumbnail","hentry","category-actualites","category-medias","category-politique","category-securite-justice","category-non-classe","category-societe","category-vedette","tag-macky-sall","tag-pape-ale-niang","tag-subterfuges","entry","has-media","owp-thumbs-layout-horizontal","owp-btn-normal","owp-tabs-layout-horizontal","has-no-thumbnails","has-product-nav"],"yoast_head":"<!-- This site is optimized with the Yoast SEO plugin v25.5 - https:\/\/yoast.com\/wordpress\/plugins\/seo\/ -->\n<title>Macky Sall a-t-il achet\u00e9 des vues pour son discours ? Pape Al\u00e9 Niang \u00e9voque des \u00ab subterfuges \u00bb - LE PUBLIC<\/title>\n<meta name=\"robots\" content=\"index, follow, max-snippet:-1, max-image-preview:large, max-video-preview:-1\" \/>\n<link rel=\"canonical\" href=\"https:\/\/www.public.sn\/index.php\/2023\/04\/05\/macky-sall-a-t-il-achete-des-vues-pour-son-discours-pape-ale-niang-evoque-des-subterfuges\/\" \/>\n<meta property=\"og:locale\" content=\"fr_FR\" \/>\n<meta property=\"og:type\" content=\"article\" \/>\n<meta property=\"og:title\" content=\"Macky Sall a-t-il achet\u00e9 des vues pour son discours ? Pape Al\u00e9 Niang \u00e9voque des \u00ab subterfuges \u00bb - LE PUBLIC\" \/>\n<meta property=\"og:description\" content=\"Le 3 avril 2023, veille de la f\u00eate de l\u2019ind\u00e9pendance du S\u00e9n\u00e9gal, le pr\u00e9sident Macky Sall a prononc\u00e9 son discours annuel \u00e0 la nation, diffus\u00e9 en direct sur la cha\u00eene nationale RTS et relay\u00e9 par d\u2019autres m\u00e9dias locaux. La vid\u00e9o du discours a \u00e9galement \u00e9t\u00e9 partag\u00e9e sur la page officielle de Macky Sall. L\u2019audience en ligne a atteint un niveau exceptionnel pendant le discours, avec un pic de 82 315 utilisateurs connect\u00e9s simultan\u00e9ment pour regarder le discours en direct sur la page du pr\u00e9sident. Ce chiffre a \u00e9t\u00e9 remarqu\u00e9 par les partisans et les militants de Sall, qui ont compar\u00e9 ce r\u00e9sultat \u00e0 ceux des prises de parole de l\u2019opposant Ousmane Sonko, qui ont \u00e9galement attir\u00e9 des audiences massives, atteignant parfois jusqu\u2019\u00e0 90 000 utilisateurs connect\u00e9s en m\u00eame temps.\" \/>\n<meta property=\"og:url\" content=\"https:\/\/www.public.sn\/index.php\/2023\/04\/05\/macky-sall-a-t-il-achete-des-vues-pour-son-discours-pape-ale-niang-evoque-des-subterfuges\/\" \/>\n<meta property=\"og:site_name\" content=\"LE PUBLIC\" \/>\n<meta property=\"article:published_time\" content=\"2023-04-05T13:27:17+00:00\" \/>\n<meta property=\"article:modified_time\" content=\"2023-04-05T13:28:32+00:00\" \/>\n<meta property=\"og:image\" content=\"https:\/\/www.public.sn\/wp-content\/uploads\/2023\/04\/fddv.webp\" \/>\n\t<meta property=\"og:image:width\" content=\"599\" \/>\n\t<meta property=\"og:image:height\" content=\"341\" \/>\n\t<meta property=\"og:image:type\" content=\"image\/webp\" \/>\n<meta name=\"author\" content=\"LA REDACTION\" \/>\n<meta name=\"twitter:card\" content=\"summary_large_image\" \/>\n<meta name=\"twitter:label1\" content=\"\u00c9crit par\" \/>\n\t<meta name=\"twitter:data1\" content=\"LA REDACTION\" \/>\n\t<meta name=\"twitter:label2\" content=\"Dur\u00e9e de lecture estim\u00e9e\" \/>\n\t<meta name=\"twitter:data2\" content=\"1 minute\" \/>\n<script type=\"application\/ld+json\" class=\"yoast-schema-graph\">{\"@context\":\"https:\/\/schema.org\",\"@graph\":[{\"@type\":\"Article\",\"@id\":\"https:\/\/www.public.sn\/index.php\/2023\/04\/05\/macky-sall-a-t-il-achete-des-vues-pour-son-discours-pape-ale-niang-evoque-des-subterfuges\/#article\",\"isPartOf\":{\"@id\":\"https:\/\/www.public.sn\/index.php\/2023\/04\/05\/macky-sall-a-t-il-achete-des-vues-pour-son-discours-pape-ale-niang-evoque-des-subterfuges\/\"},\"author\":{\"name\":\"LA REDACTION\",\"@id\":\"https:\/\/www.public.sn\/#\/schema\/person\/cb76c8e1b8becc6be61fb5e92d6d0224\"},\"headline\":\"Macky Sall a-t-il achet\u00e9 des vues pour son discours ? Pape Al\u00e9 Niang \u00e9voque des \u00ab subterfuges \u00bb\",\"datePublished\":\"2023-04-05T13:27:17+00:00\",\"dateModified\":\"2023-04-05T13:28:32+00:00\",\"mainEntityOfPage\":{\"@id\":\"https:\/\/www.public.sn\/index.php\/2023\/04\/05\/macky-sall-a-t-il-achete-des-vues-pour-son-discours-pape-ale-niang-evoque-des-subterfuges\/\"},\"wordCount\":155,\"commentCount\":0,\"publisher\":{\"@id\":\"https:\/\/www.public.sn\/#organization\"},\"image\":{\"@id\":\"https:\/\/www.public.sn\/index.php\/2023\/04\/05\/macky-sall-a-t-il-achete-des-vues-pour-son-discours-pape-ale-niang-evoque-des-subterfuges\/#primaryimage\"},\"thumbnailUrl\":\"https:\/\/www.public.sn\/wp-content\/uploads\/2023\/04\/fddv.webp\",\"keywords\":[\"Macky Sall\",\"Pape Al\u00e9 Niang\",\"subterfuges\"],\"articleSection\":[\"ACTUALIT\u00c9S\",\"M\u00c9DIAS\",\"POLITIQUE\",\"S\u00c9CURIT\u00c9 &amp; JUSTICE\",\"S\u00c9N\u00c9GAL\",\"SOCIETE\",\"VEDETTE\"],\"inLanguage\":\"fr-FR\",\"potentialAction\":[{\"@type\":\"CommentAction\",\"name\":\"Comment\",\"target\":[\"https:\/\/www.public.sn\/index.php\/2023\/04\/05\/macky-sall-a-t-il-achete-des-vues-pour-son-discours-pape-ale-niang-evoque-des-subterfuges\/#respond\"]}]},{\"@type\":\"WebPage\",\"@id\":\"https:\/\/www.public.sn\/index.php\/2023\/04\/05\/macky-sall-a-t-il-achete-des-vues-pour-son-discours-pape-ale-niang-evoque-des-subterfuges\/\",\"url\":\"https:\/\/www.public.sn\/index.php\/2023\/04\/05\/macky-sall-a-t-il-achete-des-vues-pour-son-discours-pape-ale-niang-evoque-des-subterfuges\/\",\"name\":\"Macky Sall a-t-il achet\u00e9 des vues pour son discours ? Pape Al\u00e9 Niang \u00e9voque des \u00ab subterfuges \u00bb - LE PUBLIC\",\"isPartOf\":{\"@id\":\"https:\/\/www.public.sn\/#website\"},\"primaryImageOfPage\":{\"@id\":\"https:\/\/www.public.sn\/index.php\/2023\/04\/05\/macky-sall-a-t-il-achete-des-vues-pour-son-discours-pape-ale-niang-evoque-des-subterfuges\/#primaryimage\"},\"image\":{\"@id\":\"https:\/\/www.public.sn\/index.php\/2023\/04\/05\/macky-sall-a-t-il-achete-des-vues-pour-son-discours-pape-ale-niang-evoque-des-subterfuges\/#primaryimage\"},\"thumbnailUrl\":\"https:\/\/www.public.sn\/wp-content\/uploads\/2023\/04\/fddv.webp\",\"datePublished\":\"2023-04-05T13:27:17+00:00\",\"dateModified\":\"2023-04-05T13:28:32+00:00\",\"breadcrumb\":{\"@id\":\"https:\/\/www.public.sn\/index.php\/2023\/04\/05\/macky-sall-a-t-il-achete-des-vues-pour-son-discours-pape-ale-niang-evoque-des-subterfuges\/#breadcrumb\"},\"inLanguage\":\"fr-FR\",\"potentialAction\":[{\"@type\":\"ReadAction\",\"target\":[\"https:\/\/www.public.sn\/index.php\/2023\/04\/05\/macky-sall-a-t-il-achete-des-vues-pour-son-discours-pape-ale-niang-evoque-des-subterfuges\/\"]}]},{\"@type\":\"ImageObject\",\"inLanguage\":\"fr-FR\",\"@id\":\"https:\/\/www.public.sn\/index.php\/2023\/04\/05\/macky-sall-a-t-il-achete-des-vues-pour-son-discours-pape-ale-niang-evoque-des-subterfuges\/#primaryimage\",\"url\":\"https:\/\/www.public.sn\/wp-content\/uploads\/2023\/04\/fddv.webp\",\"contentUrl\":\"https:\/\/www.public.sn\/wp-content\/uploads\/2023\/04\/fddv.webp\",\"width\":599,\"height\":341},{\"@type\":\"BreadcrumbList\",\"@id\":\"https:\/\/www.public.sn\/index.php\/2023\/04\/05\/macky-sall-a-t-il-achete-des-vues-pour-son-discours-pape-ale-niang-evoque-des-subterfuges\/#breadcrumb\",\"itemListElement\":[{\"@type\":\"ListItem\",\"position\":1,\"name\":\"Accueil\",\"item\":\"https:\/\/www.public.sn\/\"},{\"@type\":\"ListItem\",\"position\":2,\"name\":\"Macky Sall a-t-il achet\u00e9 des vues pour son discours ? Pape Al\u00e9 Niang \u00e9voque des \u00ab subterfuges \u00bb\"}]},{\"@type\":\"WebSite\",\"@id\":\"https:\/\/www.public.sn\/#website\",\"url\":\"https:\/\/www.public.sn\/\",\"name\":\"LE PUBLIC\",\"description\":\"\",\"publisher\":{\"@id\":\"https:\/\/www.public.sn\/#organization\"},\"potentialAction\":[{\"@type\":\"SearchAction\",\"target\":{\"@type\":\"EntryPoint\",\"urlTemplate\":\"https:\/\/www.public.sn\/?s={search_term_string}\"},\"query-input\":{\"@type\":\"PropertyValueSpecification\",\"valueRequired\":true,\"valueName\":\"search_term_string\"}}],\"inLanguage\":\"fr-FR\"},{\"@type\":\"Organization\",\"@id\":\"https:\/\/www.public.sn\/#organization\",\"name\":\"LE PUBLIC\",\"url\":\"https:\/\/www.public.sn\/\",\"logo\":{\"@type\":\"ImageObject\",\"inLanguage\":\"fr-FR\",\"@id\":\"https:\/\/www.public.sn\/#\/schema\/logo\/image\/\",\"url\":\"https:\/\/www.public.sn\/wp-content\/uploads\/2024\/05\/cropped-LOGO-PUBLIC.SN_.png\",\"contentUrl\":\"https:\/\/www.public.sn\/wp-content\/uploads\/2024\/05\/cropped-LOGO-PUBLIC.SN_.png\",\"width\":682,\"height\":192,\"caption\":\"LE PUBLIC\"},\"image\":{\"@id\":\"https:\/\/www.public.sn\/#\/schema\/logo\/image\/\"}},{\"@type\":\"Person\",\"@id\":\"https:\/\/www.public.sn\/#\/schema\/person\/cb76c8e1b8becc6be61fb5e92d6d0224\",\"name\":\"LA REDACTION\",\"image\":{\"@type\":\"ImageObject\",\"inLanguage\":\"fr-FR\",\"@id\":\"https:\/\/www.public.sn\/#\/schema\/person\/image\/\",\"url\":\"https:\/\/secure.gravatar.com\/avatar\/2dce5ddd34b8fef0180efe03aa2a9bee7d953856048f9a16b298190a3178407c?s=96&d=mm&r=g\",\"contentUrl\":\"https:\/\/secure.gravatar.com\/avatar\/2dce5ddd34b8fef0180efe03aa2a9bee7d953856048f9a16b298190a3178407c?s=96&d=mm&r=g\",\"caption\":\"LA REDACTION\"},\"url\":\"https:\/\/www.public.sn\/index.php\/author\/editeurpsn\/\"}]}<\/script>\n<!-- \/ Yoast SEO plugin. -->","yoast_head_json":{"title":"Macky Sall a-t-il achet\u00e9 des vues pour son discours ? Pape Al\u00e9 Niang \u00e9voque des \u00ab subterfuges \u00bb - LE PUBLIC","robots":{"index":"index","follow":"follow","max-snippet":"max-snippet:-1","max-image-preview":"max-image-preview:large","max-video-preview":"max-video-preview:-1"},"canonical":"https:\/\/www.public.sn\/index.php\/2023\/04\/05\/macky-sall-a-t-il-achete-des-vues-pour-son-discours-pape-ale-niang-evoque-des-subterfuges\/","og_locale":"fr_FR","og_type":"article","og_title":"Macky Sall a-t-il achet\u00e9 des vues pour son discours ? Pape Al\u00e9 Niang \u00e9voque des \u00ab subterfuges \u00bb - LE PUBLIC","og_description":"Le 3 avril 2023, veille de la f\u00eate de l\u2019ind\u00e9pendance du S\u00e9n\u00e9gal, le pr\u00e9sident Macky Sall a prononc\u00e9 son discours annuel \u00e0 la nation, diffus\u00e9 en direct sur la cha\u00eene nationale RTS et relay\u00e9 par d\u2019autres m\u00e9dias locaux. La vid\u00e9o du discours a \u00e9galement \u00e9t\u00e9 partag\u00e9e sur la page officielle de Macky Sall. L\u2019audience en ligne a atteint un niveau exceptionnel pendant le discours, avec un pic de 82 315 utilisateurs connect\u00e9s simultan\u00e9ment pour regarder le discours en direct sur la page du pr\u00e9sident. Ce chiffre a \u00e9t\u00e9 remarqu\u00e9 par les partisans et les militants de Sall, qui ont compar\u00e9 ce r\u00e9sultat \u00e0 ceux des prises de parole de l\u2019opposant Ousmane Sonko, qui ont \u00e9galement attir\u00e9 des audiences massives, atteignant parfois jusqu\u2019\u00e0 90 000 utilisateurs connect\u00e9s en m\u00eame temps.","og_url":"https:\/\/www.public.sn\/index.php\/2023\/04\/05\/macky-sall-a-t-il-achete-des-vues-pour-son-discours-pape-ale-niang-evoque-des-subterfuges\/","og_site_name":"LE PUBLIC","article_published_time":"2023-04-05T13:27:17+00:00","article_modified_time":"2023-04-05T13:28:32+00:00","og_image":[{"width":599,"height":341,"url":"https:\/\/www.public.sn\/wp-content\/uploads\/2023\/04\/fddv.webp","type":"image\/webp"}],"author":"LA REDACTION","twitter_card":"summary_large_image","twitter_misc":{"\u00c9crit par":"LA REDACTION","Dur\u00e9e de lecture estim\u00e9e":"1 minute"},"schema":{"@context":"https:\/\/schema.org","@graph":[{"@type":"Article","@id":"https:\/\/www.public.sn\/index.php\/2023\/04\/05\/macky-sall-a-t-il-achete-des-vues-pour-son-discours-pape-ale-niang-evoque-des-subterfuges\/#article","isPartOf":{"@id":"https:\/\/www.public.sn\/index.php\/2023\/04\/05\/macky-sall-a-t-il-achete-des-vues-pour-son-discours-pape-ale-niang-evoque-des-subterfuges\/"},"author":{"name":"LA REDACTION","@id":"https:\/\/www.public.sn\/#\/schema\/person\/cb76c8e1b8becc6be61fb5e92d6d0224"},"headline":"Macky Sall a-t-il achet\u00e9 des vues pour son discours ? Pape Al\u00e9 Niang \u00e9voque des \u00ab subterfuges \u00bb","datePublished":"2023-04-05T13:27:17+00:00","dateModified":"2023-04-05T13:28:32+00:00","mainEntityOfPage":{"@id":"https:\/\/www.public.sn\/index.php\/2023\/04\/05\/macky-sall-a-t-il-achete-des-vues-pour-son-discours-pape-ale-niang-evoque-des-subterfuges\/"},"wordCount":155,"commentCount":0,"publisher":{"@id":"https:\/\/www.public.sn\/#organization"},"image":{"@id":"https:\/\/www.public.sn\/index.php\/2023\/04\/05\/macky-sall-a-t-il-achete-des-vues-pour-son-discours-pape-ale-niang-evoque-des-subterfuges\/#primaryimage"},"thumbnailUrl":"https:\/\/www.public.sn\/wp-content\/uploads\/2023\/04\/fddv.webp","keywords":["Macky Sall","Pape Al\u00e9 Niang","subterfuges"],"articleSection":["ACTUALIT\u00c9S","M\u00c9DIAS","POLITIQUE","S\u00c9CURIT\u00c9 &amp; JUSTICE","S\u00c9N\u00c9GAL","SOCIETE","VEDETTE"],"inLanguage":"fr-FR","potentialAction":[{"@type":"CommentAction","name":"Comment","target":["https:\/\/www.public.sn\/index.php\/2023\/04\/05\/macky-sall-a-t-il-achete-des-vues-pour-son-discours-pape-ale-niang-evoque-des-subterfuges\/#respond"]}]},{"@type":"WebPage","@id":"https:\/\/www.public.sn\/index.php\/2023\/04\/05\/macky-sall-a-t-il-achete-des-vues-pour-son-discours-pape-ale-niang-evoque-des-subterfuges\/","url":"https:\/\/www.public.sn\/index.php\/2023\/04\/05\/macky-sall-a-t-il-achete-des-vues-pour-son-discours-pape-ale-niang-evoque-des-subterfuges\/","name":"Macky Sall a-t-il achet\u00e9 des vues pour son discours ? Pape Al\u00e9 Niang \u00e9voque des \u00ab subterfuges \u00bb - LE PUBLIC","isPartOf":{"@id":"https:\/\/www.public.sn\/#website"},"primaryImageOfPage":{"@id":"https:\/\/www.public.sn\/index.php\/2023\/04\/05\/macky-sall-a-t-il-achete-des-vues-pour-son-discours-pape-ale-niang-evoque-des-subterfuges\/#primaryimage"},"image":{"@id":"https:\/\/www.public.sn\/index.php\/2023\/04\/05\/macky-sall-a-t-il-achete-des-vues-pour-son-discours-pape-ale-niang-evoque-des-subterfuges\/#primaryimage"},"thumbnailUrl":"https:\/\/www.public.sn\/wp-content\/uploads\/2023\/04\/fddv.webp","datePublished":"2023-04-05T13:27:17+00:00","dateModified":"2023-04-05T13:28:32+00:00","breadcrumb":{"@id":"https:\/\/www.public.sn\/index.php\/2023\/04\/05\/macky-sall-a-t-il-achete-des-vues-pour-son-discours-pape-ale-niang-evoque-des-subterfuges\/#breadcrumb"},"inLanguage":"fr-FR","potentialAction":[{"@type":"ReadAction","target":["https:\/\/www.public.sn\/index.php\/2023\/04\/05\/macky-sall-a-t-il-achete-des-vues-pour-son-discours-pape-ale-niang-evoque-des-subterfuges\/"]}]},{"@type":"ImageObject","inLanguage":"fr-FR","@id":"https:\/\/www.public.sn\/index.php\/2023\/04\/05\/macky-sall-a-t-il-achete-des-vues-pour-son-discours-pape-ale-niang-evoque-des-subterfuges\/#primaryimage","url":"https:\/\/www.public.sn\/wp-content\/uploads\/2023\/04\/fddv.webp","contentUrl":"https:\/\/www.public.sn\/wp-content\/uploads\/2023\/04\/fddv.webp","width":599,"height":341},{"@type":"BreadcrumbList","@id":"https:\/\/www.public.sn\/index.php\/2023\/04\/05\/macky-sall-a-t-il-achete-des-vues-pour-son-discours-pape-ale-niang-evoque-des-subterfuges\/#breadcrumb","itemListElement":[{"@type":"ListItem","position":1,"name":"Accueil","item":"https:\/\/www.public.sn\/"},{"@type":"ListItem","position":2,"name":"Macky Sall a-t-il achet\u00e9 des vues pour son discours ? Pape Al\u00e9 Niang \u00e9voque des \u00ab subterfuges \u00bb"}]},{"@type":"WebSite","@id":"https:\/\/www.public.sn\/#website","url":"https:\/\/www.public.sn\/","name":"LE PUBLIC","description":"","publisher":{"@id":"https:\/\/www.public.sn\/#organization"},"potentialAction":[{"@type":"SearchAction","target":{"@type":"EntryPoint","urlTemplate":"https:\/\/www.public.sn\/?s={search_term_string}"},"query-input":{"@type":"PropertyValueSpecification","valueRequired":true,"valueName":"search_term_string"}}],"inLanguage":"fr-FR"},{"@type":"Organization","@id":"https:\/\/www.public.sn\/#organization","name":"LE PUBLIC","url":"https:\/\/www.public.sn\/","logo":{"@type":"ImageObject","inLanguage":"fr-FR","@id":"https:\/\/www.public.sn\/#\/schema\/logo\/image\/","url":"https:\/\/www.public.sn\/wp-content\/uploads\/2024\/05\/cropped-LOGO-PUBLIC.SN_.png","contentUrl":"https:\/\/www.public.sn\/wp-content\/uploads\/2024\/05\/cropped-LOGO-PUBLIC.SN_.png","width":682,"height":192,"caption":"LE PUBLIC"},"image":{"@id":"https:\/\/www.public.sn\/#\/schema\/logo\/image\/"}},{"@type":"Person","@id":"https:\/\/www.public.sn\/#\/schema\/person\/cb76c8e1b8becc6be61fb5e92d6d0224","name":"LA REDACTION","image":{"@type":"ImageObject","inLanguage":"fr-FR","@id":"https:\/\/www.public.sn\/#\/schema\/person\/image\/","url":"https:\/\/secure.gravatar.com\/avatar\/2dce5ddd34b8fef0180efe03aa2a9bee7d953856048f9a16b298190a3178407c?s=96&d=mm&r=g","contentUrl":"https:\/\/secure.gravatar.com\/avatar\/2dce5ddd34b8fef0180efe03aa2a9bee7d953856048f9a16b298190a3178407c?s=96&d=mm&r=g","caption":"LA REDACTION"},"url":"https:\/\/www.public.sn\/index.php\/author\/editeurpsn\/"}]}},"jetpack_featured_media_url":"https:\/\/www.public.sn\/wp-content\/uploads\/2023\/04\/fddv.webp","jetpack_sharing_enabled":true,"_links":{"self":[{"href":"https:\/\/www.public.sn\/index.php\/wp-json\/wp\/v2\/posts\/19385","targetHints":{"allow":["GET"]}}],"collection":[{"href":"https:\/\/www.public.sn\/index.php\/wp-json\/wp\/v2\/posts"}],"about":[{"href":"https:\/\/www.public.sn\/index.php\/wp-json\/wp\/v2\/types\/post"}],"author":[{"embeddable":true,"href":"https:\/\/www.public.sn\/index.php\/wp-json\/wp\/v2\/users\/7"}],"replies":[{"embeddable":true,"href":"https:\/\/www.public.sn\/index.php\/wp-json\/wp\/v2\/comments?post=19385"}],"version-history":[{"count":1,"href":"https:\/\/www.public.sn\/index.php\/wp-json\/wp\/v2\/posts\/19385\/revisions"}],"predecessor-version":[{"id":19387,"href":"https:\/\/www.public.sn\/index.php\/wp-json\/wp\/v2\/posts\/19385\/revisions\/19387"}],"wp:featuredmedia":[{"embeddable":true,"href":"https:\/\/www.public.sn\/index.php\/wp-json\/wp\/v2\/media\/19388"}],"wp:attachment":[{"href":"https:\/\/www.public.sn\/index.php\/wp-json\/wp\/v2\/media?parent=19385"}],"wp:term":[{"taxonomy":"category","embeddable":true,"href":"https:\/\/www.public.sn\/index.php\/wp-json\/wp\/v2\/categories?post=19385"},{"taxonomy":"post_tag","embeddable":true,"href":"https:\/\/www.public.sn\/index.php\/wp-json\/wp\/v2\/tags?post=19385"}],"curies":[{"name":"wp","href":"https:\/\/api.w.org\/{rel}","templated":true}]}}