{"id":19401,"date":"2023-04-05T20:55:47","date_gmt":"2023-04-05T20:55:47","guid":{"rendered":"https:\/\/www.public.sn\/?p=19401"},"modified":"2023-04-05T20:58:04","modified_gmt":"2023-04-05T20:58:04","slug":"19401","status":"publish","type":"post","link":"https:\/\/www.public.sn\/index.php\/2023\/04\/05\/19401\/","title":{"rendered":"Communiqu\u00e9 du conseil des ministres du mercredi 05 avril 2023 (Document)"},"content":{"rendered":"<p><strong>Le Conseil des ministres s\u2019est tenu ce mercredi 05 avril 2023 au Palais de la R\u00e9publique, sous la pr\u00e9sidence du Chef de l\u2019Etat, son Excellence, Monsieur Macky SALL.<\/strong><\/p><div class=\"publi-paragraphe1\" style=\"margin-top: 10px;margin-bottom: 10px;margin-left: auto;margin-right: auto;text-align: center;\" id=\"publi-79276707\"><div class=\"publi-adlabel\">Publicit\u00e9<\/div><script async src=\"\/\/pagead2.googlesyndication.com\/pagead\/js\/adsbygoogle.js?client=ca-pub-4089586018074219\" crossorigin=\"anonymous\"><\/script><ins class=\"adsbygoogle\" style=\"display:block;\" data-ad-client=\"ca-pub-4089586018074219\" \ndata-ad-slot=\"2087940154\" \ndata-ad-format=\"auto\"><\/ins>\n<script> \n(adsbygoogle = window.adsbygoogle || []).push({}); \n<\/script>\n<\/div>\n<p>A l\u2019entame de sa communication, le Pr\u00e9sident de la R\u00e9publique a saisi l\u2019occasion des c\u00e9l\u00e9brations de la semaine sainte et de la f\u00eate de P\u00e2ques, pour adresser ses chaleureuses f\u00e9licitations ainsi que ses meilleurs v\u0153ux \u00e0 la communaut\u00e9 chr\u00e9tienne.<\/p>\n<p>Abordant la c\u00e9l\u00e9bration du soixante troisi\u00e8me anniversaire de l\u2019accession de notre pays \u00e0 la souverainet\u00e9 internationale, ce 4 avril 2023, le Chef de l\u2019Etat a f\u00e9licit\u00e9 le Gouvernement, notamment le Ministre des Forces Arm\u00e9es, le Ministre en charge de la Jeunesse, le Chef d\u2019Etat- Major g\u00e9n\u00e9ral des Arm\u00e9es, le Haut Commandant de la Gendarmerie nationale et Directeur de la Justice militaire, l\u2019ensemble des forces de d\u00e9fense et de s\u00e9curit\u00e9, les anciens combattants, les autorit\u00e9s administratives d\u00e9concentr\u00e9es et d\u00e9centralis\u00e9es, les \u00e9l\u00e8ves, \u00e9tudiants, enseignants et autres corps de la Nation, pour la mobilisation exceptionnelle et le d\u00e9roulement impeccable des d\u00e9fil\u00e9s et festivit\u00e9s sur l\u2019\u00e9tendue du territoire national.<br \/>\nLe Pr\u00e9sident de la R\u00e9publique a magnifi\u00e9, \u00e0 travers le succ\u00e8s des manifestations, le professionnalisme de nos forces de d\u00e9fense et de s\u00e9curit\u00e9, qui restent des hommes et des femmes engag\u00e9s au service de la Nation, en veillant en tout lieu et en tout temps, \u00e0 la sanctuarisation du territoire national et \u00e0 la s\u00e9curisation des personnes et des biens.<\/p>\n<p>Le Chef de l\u2019Etat a aussi salu\u00e9, la posture exemplaire de nos forces arm\u00e9es, qui demeurent des socles de notre souverainet\u00e9 et de notre commune volont\u00e9 de vivre ensemble dans une soci\u00e9t\u00e9 solidaire et dans un Etat de droit, conform\u00e9ment au Plan S\u00e9n\u00e9gal Emergent (PSE) qui accorde une place de premier plan \u00e0 la paix, \u00e0 la s\u00e9curit\u00e9 et au capital humain, notamment la jeunesse.<\/p>\n<p>En sa qualit\u00e9 de Chef supr\u00eame des Arm\u00e9es, le Pr\u00e9sident de la R\u00e9publique a r\u00e9it\u00e9r\u00e9 son engagement \u00e0 ne m\u00e9nager aucun effort pour renforcer le maillage s\u00e9curitaire du territoire national et l\u2019\u00e9quipement des forces afin de soutenir leur efficacit\u00e9 dans l\u2019exercice de leurs missions \u00e0 l\u2019int\u00e9rieur comme \u00e0 l\u2019ext\u00e9rieur du pays.<\/p>\n<p>De surcro\u00eet, le Chef de l\u2019Etat a invit\u00e9 le Gouvernement \u00e0 consolider l\u2019ancrage du concept \u00ab Arm\u00e9e- Nation \u00bb, notamment par le d\u00e9veloppement indispensable du service civique national et des activit\u00e9s civilo-militaires dans plusieurs secteurs de la vie \u00e9conomique et sociale.<\/p>\n<p>A ce titre, le Pr\u00e9sident de la R\u00e9publique a demand\u00e9 au Ministre des Forces arm\u00e9es, au Ministre de l\u2019Education nationale, au Ministre de l\u2019Enseignement sup\u00e9rieur et au Ministre de la Jeunesse d\u2019engager une r\u00e9flexion sur le renforcement des cours d\u2019instruction civique et de promotion de la citoyennet\u00e9 dans les programmes scolaires, en vue de mieux former, \u00e0 la base, les \u00e9l\u00e8ves, \u00e9tudiants et autres apprenants aux valeurs qui fondent la R\u00e9publique et la Nation.<\/p>\n<p>A cet \u00e9gard, le Chef de l\u2019Etat a demand\u00e9 au Premier Ministre de lui pr\u00e9senter, dans une dynamique interminist\u00e9rielle, \u00e0 la fin de chaque ann\u00e9e, un rapport sur l\u2019instruction civique et la promotion de la citoyennet\u00e9 au S\u00e9n\u00e9gal.<\/p>\n<p>Revenant sur l\u2019\u00e9valuation des performances du secteur de la sant\u00e9 et l\u2019acc\u00e9l\u00e9ration des r\u00e9formes pour un syst\u00e8me de sant\u00e9 performant, le Pr\u00e9sident de la R\u00e9publique a saisi l\u2019occasion de la c\u00e9l\u00e9bration de la journ\u00e9e mondiale de la Sant\u00e9, le 07 avril prochain, pour rappeler au Gouvernement la place primordiale de la sant\u00e9 des populations dans la promotion d\u2019un capital humain de qualit\u00e9.<br \/>\n1 Communiqu\u00e9 du Conseil des Ministres du 5 Avril 2023<\/p>\n<p>Le Chef de l\u2019Etat a, notamment, salu\u00e9 la mise \u00e0 disposition exceptionnelle de ressources, \u00e9quipements et moyens logistiques ad\u00e9quats au secteur de la sant\u00e9, en vue : (i) de la r\u00e9alisation des infrastructures sanitaires de derni\u00e8re g\u00e9n\u00e9ration \u00e0 Dakar et dans les autres r\u00e9gions ;(ii) du recrutement annuel d\u2019un nombre significatif de personnels m\u00e9dicaux et param\u00e9dicaux ; (iii) de l\u2019am\u00e9lioration de la qualit\u00e9 des offres de soins et la motivation des agents de sant\u00e9.<\/p>\n<p>D\u00e8s lors, le Pr\u00e9sident de la R\u00e9publique a demand\u00e9 au Ministre de la Sant\u00e9 et de l\u2019Action sociale d\u2019intensifier, avec le concours des acteurs impliqu\u00e9s, les r\u00e9formes dans le secteur, afin d\u2019\u00e9largir et de consolider les importants investissements r\u00e9alis\u00e9s par l\u2019Etat pour am\u00e9liorer la sant\u00e9 des populations \u00e0 des co\u00fbts optimis\u00e9s.<\/p>\n<p>Le Chef de l\u2019Etat a rappel\u00e9 l\u2019urgence de la finalisation de l\u2019\u00e9valuation de la r\u00e9forme hospitali\u00e8re de 1998, mais, surtout, de l\u2019actualisation de la r\u00e9glementation sur les tarifs des consultations et analyses m\u00e9dicales dans les structures publiques et priv\u00e9es de sant\u00e9.<\/p>\n<p>Le Pr\u00e9sident de la R\u00e9publique a, en outre, indiqu\u00e9 l\u2019imp\u00e9ratif de poursuivre la modernisation des Services d\u2019Accueil et d\u2019urgence (SAU), ainsi que le processus de certification des \u00e9tablissements de sant\u00e9 publics et priv\u00e9s ; entit\u00e9s qui doivent \u00eatre davantage audit\u00e9es et contr\u00f4l\u00e9es avec le renforcement des inspections techniques et financi\u00e8res r\u00e9guli\u00e8res du Minist\u00e8re de la Sant\u00e9.<\/p>\n<p>Par ailleurs, le Chef de l\u2019Etat a demand\u00e9 au Ministre de la Sant\u00e9 et de l\u2019Action sociale de veiller au suivi permanent du secteur de la pharmacie et du m\u00e9dicament, au regard des investissements sans pr\u00e9c\u00e9dent port\u00e9s par l\u2019Etat et les transformations notables engag\u00e9es pour asseoir la souverainet\u00e9 pharmaceutique du S\u00e9n\u00e9gal.<\/p>\n<p>Au demeurant, le Pr\u00e9sident de la R\u00e9publique a invit\u00e9 le Ministre de la Sant\u00e9 \u00e0 examiner avec les acteurs, l\u2019efficacit\u00e9 de la carte sanitaire actuelle, au regard de l\u2019\u00e9volution de la population, de l\u2019accentuation de l\u2019urbanisation du pays, des besoins exprim\u00e9s dans les diff\u00e9rentes localit\u00e9s et des d\u00e9fis sanitaires li\u00e9s aux enseignements tir\u00e9s de la gestion de la pand\u00e9mie de COVID-19.<\/p>\n<p>Le Chef de l\u2019Etat a demand\u00e9, enfin, au Premier Ministre de veiller au suivi permanent du contr\u00f4le de l\u2019ouverture et du fonctionnement des \u00e9tablissements de formation aux m\u00e9tiers de la sant\u00e9.<br \/>\nS\u2019agissant du climat social, de la gestion et du suivi des affaires int\u00e9rieures, le Pr\u00e9sident de la R\u00e9publique est revenu sur l\u2019encadrement de la p\u00eache artisanale et le d\u00e9veloppement des zones de p\u00eaches, en soulignant la place primordiale que la p\u00eache artisanale occupe dans la vie \u00e9conomique et sociale du pays.<\/p>\n<p>A cet \u00e9gard, le Chef de l\u2019Etat a demand\u00e9 au Premier Ministre de veiller \u00e0 l\u2019acc\u00e9l\u00e9ration de l\u2019ex\u00e9cution des projets de modernisation de la p\u00eache artisanale. Le Pr\u00e9sident de la R\u00e9publique a rappel\u00e9 la n\u00e9cessit\u00e9 de l\u2019intensification des am\u00e9nagements des aires de d\u00e9barquement et de transformation des produits de la p\u00eache, de la promotion du renouvellement progressif du parc de pirogues avec le recours aux pirogues en fibres de verre ainsi que du renforcement des programmes de dotations des p\u00eacheurs en gilets et en moteurs hors-bord subventionn\u00e9s.<\/p>\n<p>Enfin, le Chef de l\u2019Etat a indiqu\u00e9 au Gouvernement, l\u2019urgence de mener une r\u00e9flexion inclusive sur l\u2019am\u00e9nagement, l\u2019habitat et le cadre de vie des populations au niveau des localit\u00e9s, zones et sites de p\u00eache et l\u2019urgence de finaliser la pr\u00e9paration du Conseil Pr\u00e9sidentiel sur la P\u00eache.<br \/>\nDans sa communication, le Premier Ministre est revenu sur le suivi de la coordination de l\u2019activit\u00e9 gouvernementale en \u00e9voquant :<\/p>\n<p>-le conseil interminist\u00e9riel sur la pr\u00e9paration du P\u00e8lerinage aux Lieux saints de l\u2019Islam ;<\/p>\n<p>-la r\u00e9union interminist\u00e9rielle sur les projets hospitaliers ;<br \/>\n-la r\u00e9union interminist\u00e9rielle sur les projets de l\u2019Enseignement sup\u00e9rieur.<\/p>\n<p><strong>AU TITRE DES COMMUNICATIONS DES MINISTRES<\/strong><\/p>\n<p>\uf0b7 le Ministre des Affaires \u00e9trang\u00e8res et des S\u00e9n\u00e9galais de l\u2019Ext\u00e9rieur a fait une communication sur la situation internationale ;<br \/>\n\uf0b7 le Ministre des Finances et du budget a fait une communication sur la situation d\u2019ex\u00e9cution budg\u00e9taire du 1er trimestre 2023 ;<br \/>\n\uf0b7 le Ministre de l\u2019Agriculture, de l\u2019Equipement rural et de la Souverainet\u00e9 alimentaire a fait un point sur le suivi de la campagne de commercialisation de l\u2019arachide 2022\/2023 et exportations de Produits horticoles ;<br \/>\n\uf0b7 le Ministre de l\u2019Economie, du Plan et de la Coop\u00e9ration a fait une communication sur le Programme d\u2019Acc\u00e9l\u00e9ration de la Comp\u00e9titivit\u00e9 et de l\u2019Emploi (PACE) ;<br \/>\n\uf0b7 le Ministre de la Microfinance et de l\u2019Economie sociale et solidaire a fait une communication sur l\u2019\u00e9tat d\u2019avancement des pr\u00e9paratifs du Forum mondial de l\u2019Economie sociale et solidaire.<br \/>\nAU TITRE DES TEXTES LEGISLATIFS ET REGLEMENTAIRES<br \/>\nLe Conseil a examin\u00e9 et adopt\u00e9 :<br \/>\n\uf0b7 le projet de d\u00e9cret portant organisation du Minist\u00e8re de la Jeunesse, de l\u2019Entreprenariat et de l\u2019Emploi.<\/p>\n<p><strong>AU TITRE DES MESURES INDIVIDUELLES<\/strong><\/p>\n<p>Le Pr\u00e9sident de la R\u00e9publique a pris les d\u00e9cisions suivantes :<br \/>\n<strong>Pour le Minist\u00e8re des Finances et du Budget :<\/strong><\/p>\n<p><strong>Monsieur El Hadji Amar LO,<\/strong> Titulaire d\u2019un Ex\u00e9cutive Master en Administration des Affaires, est nomm\u00e9 Pr\u00e9sident de la Commission de Supervision de la Haute Autorit\u00e9 du Waqf.<\/p>\n<p><strong>Monsieur Pape Adama CISSE,<\/strong> Expert-Comptable, est nomm\u00e9 Secr\u00e9taire g\u00e9n\u00e9ral de la Haute Autorit\u00e9 du Waqf.<\/p>\n<p><strong>Pour le Minist\u00e8re de l\u2019Agriculture, de l\u2019Equipement rural et de la Souverainet\u00e9 alimentaire :<\/strong><\/p>\n<p><strong>Monsieur Mamadou BADIANE,<\/strong> Ing\u00e9nieur agronome, pr\u00e9c\u00e9demment Directeur r\u00e9gional du D\u00e9veloppement rural de Fatick, est nomm\u00e9 Directeur r\u00e9gional du D\u00e9veloppement rural de Kaffrine, en remplacement de <strong>Monsieur Samba Ndao TALL<\/strong> appel\u00e9 \u00e0 d\u2019autres fonctions.<\/p>\n<p><strong>Monsieur Samba Ndao TALL<\/strong>, Ing\u00e9nieur agronome, pr\u00e9c\u00e9demment Directeur r\u00e9gional du D\u00e9veloppement rural de Kaffrine, est nomm\u00e9 Directeur r\u00e9gional du D\u00e9veloppement rural de Kaolack, en remplacement de <strong>Monsieur Souleymane DIOP<\/strong> appel\u00e9 \u00e0 d\u2019autres fonctions.<\/p>\n<p><strong>Monsieur Souleymane DIOP<\/strong>, Ing\u00e9nieur agronome, pr\u00e9c\u00e9demment Directeur r\u00e9gional du D\u00e9veloppement rural de Kaolack, est nomm\u00e9 Directeur r\u00e9gional du D\u00e9veloppement rural de Diourbel, en remplacement de <strong>Monsieur Pierre DIOUF<\/strong>, admis \u00e0 faire valoir ses droits \u00e0 une pension de retraite.<\/p>\n<p><strong>Monsieur Hamadou BALD<\/strong>E , Ing\u00e9nieur agronome, pr\u00e9c\u00e9demment Directeur r\u00e9gional du D\u00e9veloppement rural de Saint Louis, est nomm\u00e9 Directeur r\u00e9gional du D\u00e9veloppement rural de Kolda, en remplacement de <strong>Monsieur Brahima Mamadou BA<\/strong> appel\u00e9 \u00e0 d\u2019autres fonctions.<\/p>\n<p><strong>Monsieur Brahima Mamadou BA<\/strong>, Ing\u00e9nieur agronome, pr\u00e9c\u00e9demment Directeur r\u00e9gional du D\u00e9veloppement rural de Kolda, est nomm\u00e9 Directeur r\u00e9gional du D\u00e9veloppement rural de Tambacounda, en remplacement de <strong>Monsieur Baboy Dit Sada LY<\/strong> appel\u00e9 \u00e0 d\u2019autres fonctions.<\/p>\n<p><strong>Monsieur Abdoulaye CAMARA,<\/strong> Ing\u00e9nieur agronome, pr\u00e9c\u00e9demment Directeur r\u00e9gional du D\u00e9veloppement rural de Matam, est nomm\u00e9 Directeur r\u00e9gional du D\u00e9veloppement rural de Fatick, en remplacement de <strong>Monsieur Mamadou Badiane<\/strong> appel\u00e9 \u00e0 d\u2019autres fonctions.<\/p>\n<p><strong>Monsieur Cheikh Ahmet Tidiane DIENG<\/strong>, Ing\u00e9nieur agronome, pr\u00e9c\u00e9demment Chef du service d\u00e9partemental du d\u00e9veloppement rural de V\u00e9lingara, est nomm\u00e9 Directeur r\u00e9gional du D\u00e9veloppement rural de Matam, en remplacement de <strong>Monsieur Abdoulaye Camara<\/strong> appel\u00e9 \u00e0 d\u2019autres fonctions.<\/p>\n<p><strong>Monsieur Casimir Adrien SAMBOU,<\/strong> Ing\u00e9nieur agronome, pr\u00e9c\u00e9demment Directeur r\u00e9gional du D\u00e9veloppement rural de Ziguinchor, est nomm\u00e9 Directeur r\u00e9gional du D\u00e9veloppement rural de S\u00e9dhiou, en remplacement de <strong>Monsieur Oumar MBENGUE<\/strong> appel\u00e9 \u00e0 d\u2019autres fonctions.<\/p>\n<p><strong>Monsieur Oumar MBENGUE,<\/strong> Ing\u00e9nieur agronome, pr\u00e9c\u00e9demment Directeur r\u00e9gional du D\u00e9veloppement rural de S\u00e9dhiou, est nomm\u00e9 Directeur r\u00e9gional du D\u00e9veloppement rural de Dakar, en remplacement de <strong>Madame Tacko Diawara<\/strong> appel\u00e9e \u00e0 d\u2019autres fonctions.<\/p>\n<p><strong>Madame Tacko Diawara,<\/strong> Ing\u00e9nieur agronome, pr\u00e9c\u00e9demment Directeur r\u00e9gional du D\u00e9veloppement rural de Dakar, est nomm\u00e9e Directeur r\u00e9gional du D\u00e9veloppement rural de Saint Louis, en remplacement de <strong>Monsieur Hamadou BALDE<\/strong> appel\u00e9 \u00e0 d\u2019autres fonctions.<\/p>\n<p><strong>Monsieur Jean Paul BAMPOKY<\/strong>, Ing\u00e9nieur agronome, pr\u00e9c\u00e9demment Directeur r\u00e9gional du D\u00e9veloppement rural de Louga, est nomm\u00e9 Directeur r\u00e9gional du D\u00e9veloppement rural de Ziguinchor, en remplacement de <strong>Monsieur Casimir Adrien Sambou<\/strong> appel\u00e9 \u00e0 d\u2019autres fonctions.<\/p>\n<p><strong>Monsieur Daouda HANE,<\/strong> Ing\u00e9nieur agronome, pr\u00e9c\u00e9demment Directeur r\u00e9gional du D\u00e9veloppement rural de K\u00e9dougou, est nomm\u00e9 Directeur r\u00e9gional du D\u00e9veloppement rural de Louga, en remplacement de <strong>Monsieur Jean Paul BAMPOKY<\/strong> appel\u00e9 \u00e0 d\u2019autres fonctions.<\/p>\n<p><strong>Monsieur Ndiasse SARR<\/strong>, Ing\u00e9nieur agronome, pr\u00e9c\u00e9demment Chef du service d\u00e9partemental du d\u00e9veloppement rural de Louga, est nomm\u00e9 Directeur r\u00e9gional du D\u00e9veloppement rural de K\u00e9dougou, en remplacement de <strong>Monsieur Daouda Hane<\/strong> appel\u00e9 \u00e0 d\u2019autres fonctions.<\/p>\n<p><strong>Pour le Minist\u00e8re de l\u2019Eau et de l\u2019Assainissement :<\/strong><\/p>\n<p><strong>Monsieur Madick\u00e9 CISSE,<\/strong> G\u00e9ographe- Am\u00e9nagiste, est nomm\u00e9 Directeur de la Pr\u00e9vention et de la Gestion des Inondations, en remplacement de <strong>Monsieur Mamadou Alpha SIDIBE<\/strong>, admis \u00e0 faire valoir ses droits \u00e0 une pension de retraite.<\/p>\n<p><strong>Fait \u00e0 Dakar le 05 avril 2023 Le Ministre du Commerce, de la Consommation et des petites et moyennes Entreprises Porte-parole du Gouvernement<\/strong><br \/>\n<strong>Abdou Karim FOFANA<\/strong><\/p>\n<div class=\"publi-apres-le-contenu\" style=\"margin-top: 10px;margin-bottom: 10px;margin-left: auto;margin-right: auto;text-align: center;\" id=\"publi-2407105379\"><div class=\"publi-adlabel\">Publicit\u00e9<\/div><script async src=\"\/\/pagead2.googlesyndication.com\/pagead\/js\/adsbygoogle.js?client=ca-pub-4089586018074219\" crossorigin=\"anonymous\"><\/script><ins class=\"adsbygoogle\" style=\"display:block;\" data-ad-client=\"ca-pub-4089586018074219\" \ndata-ad-slot=\"2087940154\" \ndata-ad-format=\"auto\"><\/ins>\n<script> \n(adsbygoogle = window.adsbygoogle || []).push({}); \n<\/script>\n<\/div>","protected":false},"excerpt":{"rendered":"<p>Le Conseil des ministres s\u2019est tenu ce mercredi 05 avril 2023 au Palais de la R\u00e9publique, sous la pr\u00e9sidence du Chef de l\u2019Etat, son Excellence, Monsieur Macky SALL. A l\u2019entame de sa communication, le Pr\u00e9sident de la R\u00e9publique a saisi l\u2019occasion des c\u00e9l\u00e9brations de la semaine sainte et de la f\u00eate de P\u00e2ques, pour adresser ses chaleureuses f\u00e9licitations ainsi que ses meilleurs v\u0153ux \u00e0 la communaut\u00e9 chr\u00e9tienne. Abordant la c\u00e9l\u00e9bration du soixante troisi\u00e8me anniversaire de l\u2019accession de notre pays \u00e0 la souverainet\u00e9 internationale, ce 4 avril 2023, le Chef de l\u2019Etat a f\u00e9licit\u00e9 le Gouvernement, notamment le Ministre des Forces Arm\u00e9es, le Ministre en charge de la Jeunesse, le Chef d\u2019Etat- Major g\u00e9n\u00e9ral des Arm\u00e9es, le Haut Commandant de la Gendarmerie nationale et Directeur de la Justice militaire, l\u2019ensemble des forces de d\u00e9fense et de s\u00e9curit\u00e9, les anciens combattants, les autorit\u00e9s administratives d\u00e9concentr\u00e9es et d\u00e9centralis\u00e9es, les \u00e9l\u00e8ves, \u00e9tudiants, enseignants et autres corps de la Nation, pour la mobilisation exceptionnelle et le d\u00e9roulement impeccable des d\u00e9fil\u00e9s et festivit\u00e9s sur l\u2019\u00e9tendue du territoire national. Le Pr\u00e9sident de la R\u00e9publique a magnifi\u00e9, \u00e0 travers le succ\u00e8s des manifestations, le professionnalisme de nos forces de d\u00e9fense et de s\u00e9curit\u00e9, qui restent des hommes et des femmes engag\u00e9s au service de la Nation, en veillant en tout lieu et en tout temps, \u00e0 la sanctuarisation du territoire national et \u00e0 la s\u00e9curisation des personnes et des biens. Le Chef de l\u2019Etat a aussi salu\u00e9, la posture exemplaire de nos forces arm\u00e9es, qui demeurent des socles de notre souverainet\u00e9 et de notre commune volont\u00e9 de vivre ensemble dans une soci\u00e9t\u00e9 solidaire et dans un Etat de droit, conform\u00e9ment au Plan S\u00e9n\u00e9gal Emergent (PSE) qui accorde une place de premier plan \u00e0 la paix, \u00e0 la s\u00e9curit\u00e9 et au capital humain, notamment la jeunesse. En sa qualit\u00e9 de Chef supr\u00eame des Arm\u00e9es, le Pr\u00e9sident de la R\u00e9publique a r\u00e9it\u00e9r\u00e9 son engagement \u00e0 ne m\u00e9nager aucun effort pour renforcer le maillage s\u00e9curitaire du territoire national et l\u2019\u00e9quipement des forces afin de soutenir leur efficacit\u00e9 dans l\u2019exercice de leurs missions \u00e0 l\u2019int\u00e9rieur comme \u00e0 l\u2019ext\u00e9rieur du pays. De surcro\u00eet, le Chef de l\u2019Etat a invit\u00e9 le Gouvernement \u00e0 consolider l\u2019ancrage du concept \u00ab Arm\u00e9e- Nation \u00bb, notamment par le d\u00e9veloppement indispensable du service civique national et des activit\u00e9s civilo-militaires dans plusieurs secteurs de la vie \u00e9conomique et sociale. A ce titre, le Pr\u00e9sident de la R\u00e9publique a demand\u00e9 au Ministre des Forces arm\u00e9es, au Ministre de l\u2019Education nationale, au Ministre de l\u2019Enseignement sup\u00e9rieur et au Ministre de la Jeunesse d\u2019engager une r\u00e9flexion sur le renforcement des cours d\u2019instruction civique et de promotion de la citoyennet\u00e9 dans les programmes scolaires, en vue de mieux former, \u00e0 la base, les \u00e9l\u00e8ves, \u00e9tudiants et autres apprenants aux valeurs qui fondent la R\u00e9publique et la Nation. A cet \u00e9gard, le Chef de l\u2019Etat a demand\u00e9 au Premier Ministre de lui pr\u00e9senter, dans une dynamique interminist\u00e9rielle, \u00e0 la fin de chaque ann\u00e9e, un rapport sur l\u2019instruction civique et la promotion de la citoyennet\u00e9 au S\u00e9n\u00e9gal. Revenant sur l\u2019\u00e9valuation des performances du secteur de la sant\u00e9 et l\u2019acc\u00e9l\u00e9ration des r\u00e9formes pour un syst\u00e8me de sant\u00e9 performant, le Pr\u00e9sident de la R\u00e9publique a saisi l\u2019occasion de la c\u00e9l\u00e9bration de la journ\u00e9e mondiale de la Sant\u00e9, le 07 avril prochain, pour rappeler au Gouvernement la place primordiale de la sant\u00e9 des populations dans la promotion d\u2019un capital humain de qualit\u00e9. 1 Communiqu\u00e9 du Conseil des Ministres du 5 Avril 2023 Le Chef de l\u2019Etat a, notamment, salu\u00e9 la mise \u00e0 disposition exceptionnelle de ressources, \u00e9quipements et moyens logistiques ad\u00e9quats au secteur de la sant\u00e9, en vue : (i) de la r\u00e9alisation des infrastructures sanitaires de derni\u00e8re g\u00e9n\u00e9ration \u00e0 Dakar et dans les autres r\u00e9gions ;(ii) du recrutement annuel d\u2019un nombre significatif de personnels m\u00e9dicaux et param\u00e9dicaux ; (iii) de l\u2019am\u00e9lioration de la qualit\u00e9 des offres de soins et la motivation des agents de sant\u00e9. D\u00e8s lors, le Pr\u00e9sident de la R\u00e9publique a demand\u00e9 au Ministre de la Sant\u00e9 et de l\u2019Action sociale d\u2019intensifier, avec le concours des acteurs impliqu\u00e9s, les r\u00e9formes dans le secteur, afin d\u2019\u00e9largir et de consolider les importants investissements r\u00e9alis\u00e9s par l\u2019Etat pour am\u00e9liorer la sant\u00e9 des populations \u00e0 des co\u00fbts optimis\u00e9s. Le Chef de l\u2019Etat a rappel\u00e9 l\u2019urgence de la finalisation de l\u2019\u00e9valuation de la r\u00e9forme hospitali\u00e8re de 1998, mais, surtout, de l\u2019actualisation de la r\u00e9glementation sur les tarifs des consultations et analyses m\u00e9dicales dans les structures publiques et priv\u00e9es de sant\u00e9. Le Pr\u00e9sident de la R\u00e9publique a, en outre, indiqu\u00e9 l\u2019imp\u00e9ratif de poursuivre la modernisation des Services d\u2019Accueil et d\u2019urgence (SAU), ainsi que le processus de certification des \u00e9tablissements de sant\u00e9 publics et priv\u00e9s ; entit\u00e9s qui doivent \u00eatre davantage audit\u00e9es et contr\u00f4l\u00e9es avec le renforcement des inspections techniques et financi\u00e8res r\u00e9guli\u00e8res du Minist\u00e8re de la Sant\u00e9. Par ailleurs, le Chef de l\u2019Etat a demand\u00e9 au Ministre de la Sant\u00e9 et de l\u2019Action sociale de veiller au suivi permanent du secteur de la pharmacie et du m\u00e9dicament, au regard des investissements sans pr\u00e9c\u00e9dent port\u00e9s par l\u2019Etat et les transformations notables engag\u00e9es pour asseoir la souverainet\u00e9 pharmaceutique du S\u00e9n\u00e9gal. Au demeurant, le Pr\u00e9sident de la R\u00e9publique a invit\u00e9 le Ministre de la Sant\u00e9 \u00e0 examiner avec les acteurs, l\u2019efficacit\u00e9 de la carte sanitaire actuelle, au regard de l\u2019\u00e9volution de la population, de l\u2019accentuation de l\u2019urbanisation du pays, des besoins exprim\u00e9s dans les diff\u00e9rentes localit\u00e9s et des d\u00e9fis sanitaires li\u00e9s aux enseignements tir\u00e9s de la gestion de la pand\u00e9mie de COVID-19. Le Chef de l\u2019Etat a demand\u00e9, enfin, au Premier Ministre de veiller au suivi permanent du contr\u00f4le de l\u2019ouverture et du fonctionnement des \u00e9tablissements de formation aux m\u00e9tiers de la sant\u00e9. S\u2019agissant du climat social, de la gestion et du suivi des affaires int\u00e9rieures, le Pr\u00e9sident de la R\u00e9publique est revenu sur l\u2019encadrement de la p\u00eache artisanale et le d\u00e9veloppement des zones de p\u00eaches, en soulignant la place primordiale que la p\u00eache artisanale occupe dans la vie \u00e9conomique et sociale du pays. A cet \u00e9gard, le Chef de l\u2019Etat a demand\u00e9 au<\/p>\n","protected":false},"author":1,"featured_media":17472,"comment_status":"open","ping_status":"open","sticky":false,"template":"","format":"standard","meta":{"_jetpack_memberships_contains_paid_content":false,"footnotes":""},"categories":[375,9,3,1],"tags":[1062,1063],"class_list":["post-19401","post","type-post","status-publish","format-standard","has-post-thumbnail","hentry","category-actualites","category-communique","category-politique","category-non-classe","tag-communique","tag-conseil-des-ministres","entry","has-media","owp-thumbs-layout-horizontal","owp-btn-normal","owp-tabs-layout-horizontal","has-no-thumbnails","has-product-nav"],"yoast_head":"<!-- This site is optimized with the Yoast SEO plugin v25.5 - https:\/\/yoast.com\/wordpress\/plugins\/seo\/ -->\n<title>Communiqu\u00e9 du conseil des ministres du mercredi 05 avril 2023 (Document) - LE PUBLIC<\/title>\n<meta name=\"description\" content=\"Le Conseil des ministres s\u2019est tenu ce mercredi 05 avril 2023 au Palais de la R\u00e9publique, sous la pr\u00e9sidence du Chef de l\u2019Etat, son Excellence, Monsieur Macky SALL.\" \/>\n<meta name=\"robots\" content=\"index, follow, max-snippet:-1, max-image-preview:large, max-video-preview:-1\" \/>\n<link rel=\"canonical\" href=\"https:\/\/www.public.sn\/index.php\/2023\/04\/05\/19401\/\" \/>\n<meta property=\"og:locale\" content=\"fr_FR\" \/>\n<meta property=\"og:type\" content=\"article\" \/>\n<meta property=\"og:title\" content=\"Communiqu\u00e9 du conseil des ministres du mercredi 05 avril 2023 (Document) - LE PUBLIC\" \/>\n<meta property=\"og:description\" content=\"Le Conseil des ministres s\u2019est tenu ce mercredi 05 avril 2023 au Palais de la R\u00e9publique, sous la pr\u00e9sidence du Chef de l\u2019Etat, son Excellence, Monsieur Macky SALL.\" \/>\n<meta property=\"og:url\" content=\"https:\/\/www.public.sn\/index.php\/2023\/04\/05\/19401\/\" \/>\n<meta property=\"og:site_name\" content=\"LE PUBLIC\" \/>\n<meta property=\"article:published_time\" content=\"2023-04-05T20:55:47+00:00\" \/>\n<meta property=\"article:modified_time\" content=\"2023-04-05T20:58:04+00:00\" \/>\n<meta property=\"og:image\" content=\"https:\/\/www.public.sn\/wp-content\/uploads\/2023\/03\/macky-sall-1.jpg\" \/>\n\t<meta property=\"og:image:width\" content=\"600\" \/>\n\t<meta property=\"og:image:height\" content=\"344\" \/>\n\t<meta property=\"og:image:type\" content=\"image\/jpeg\" \/>\n<meta name=\"author\" content=\"LA REDACTION\" \/>\n<meta name=\"twitter:card\" content=\"summary_large_image\" \/>\n<meta name=\"twitter:label1\" content=\"\u00c9crit par\" \/>\n\t<meta name=\"twitter:data1\" content=\"LA REDACTION\" \/>\n\t<meta name=\"twitter:label2\" content=\"Dur\u00e9e de lecture estim\u00e9e\" \/>\n\t<meta name=\"twitter:data2\" content=\"10 minutes\" \/>\n<script type=\"application\/ld+json\" class=\"yoast-schema-graph\">{\"@context\":\"https:\/\/schema.org\",\"@graph\":[{\"@type\":\"Article\",\"@id\":\"https:\/\/www.public.sn\/index.php\/2023\/04\/05\/19401\/#article\",\"isPartOf\":{\"@id\":\"https:\/\/www.public.sn\/index.php\/2023\/04\/05\/19401\/\"},\"author\":{\"name\":\"LA REDACTION\",\"@id\":\"https:\/\/www.public.sn\/#\/schema\/person\/e3f4a11b037d4203902db148f9bc8d5a\"},\"headline\":\"Communiqu\u00e9 du conseil des ministres du mercredi 05 avril 2023 (Document)\",\"datePublished\":\"2023-04-05T20:55:47+00:00\",\"dateModified\":\"2023-04-05T20:58:04+00:00\",\"mainEntityOfPage\":{\"@id\":\"https:\/\/www.public.sn\/index.php\/2023\/04\/05\/19401\/\"},\"wordCount\":2258,\"commentCount\":0,\"publisher\":{\"@id\":\"https:\/\/www.public.sn\/#organization\"},\"image\":{\"@id\":\"https:\/\/www.public.sn\/index.php\/2023\/04\/05\/19401\/#primaryimage\"},\"thumbnailUrl\":\"https:\/\/www.public.sn\/wp-content\/uploads\/2023\/03\/macky-sall-1.jpg\",\"keywords\":[\"communiqu\u00e9\",\"conseil des ministres\"],\"articleSection\":[\"ACTUALIT\u00c9S\",\"COMMUNIQU\u00c9\",\"POLITIQUE\",\"S\u00c9N\u00c9GAL\"],\"inLanguage\":\"fr-FR\",\"potentialAction\":[{\"@type\":\"CommentAction\",\"name\":\"Comment\",\"target\":[\"https:\/\/www.public.sn\/index.php\/2023\/04\/05\/19401\/#respond\"]}]},{\"@type\":\"WebPage\",\"@id\":\"https:\/\/www.public.sn\/index.php\/2023\/04\/05\/19401\/\",\"url\":\"https:\/\/www.public.sn\/index.php\/2023\/04\/05\/19401\/\",\"name\":\"Communiqu\u00e9 du conseil des ministres du mercredi 05 avril 2023 (Document) - LE PUBLIC\",\"isPartOf\":{\"@id\":\"https:\/\/www.public.sn\/#website\"},\"primaryImageOfPage\":{\"@id\":\"https:\/\/www.public.sn\/index.php\/2023\/04\/05\/19401\/#primaryimage\"},\"image\":{\"@id\":\"https:\/\/www.public.sn\/index.php\/2023\/04\/05\/19401\/#primaryimage\"},\"thumbnailUrl\":\"https:\/\/www.public.sn\/wp-content\/uploads\/2023\/03\/macky-sall-1.jpg\",\"datePublished\":\"2023-04-05T20:55:47+00:00\",\"dateModified\":\"2023-04-05T20:58:04+00:00\",\"description\":\"Le Conseil des ministres s\u2019est tenu ce mercredi 05 avril 2023 au Palais de la R\u00e9publique, sous la pr\u00e9sidence du Chef de l\u2019Etat, son Excellence, Monsieur Macky SALL.\",\"breadcrumb\":{\"@id\":\"https:\/\/www.public.sn\/index.php\/2023\/04\/05\/19401\/#breadcrumb\"},\"inLanguage\":\"fr-FR\",\"potentialAction\":[{\"@type\":\"ReadAction\",\"target\":[\"https:\/\/www.public.sn\/index.php\/2023\/04\/05\/19401\/\"]}]},{\"@type\":\"ImageObject\",\"inLanguage\":\"fr-FR\",\"@id\":\"https:\/\/www.public.sn\/index.php\/2023\/04\/05\/19401\/#primaryimage\",\"url\":\"https:\/\/www.public.sn\/wp-content\/uploads\/2023\/03\/macky-sall-1.jpg\",\"contentUrl\":\"https:\/\/www.public.sn\/wp-content\/uploads\/2023\/03\/macky-sall-1.jpg\",\"width\":600,\"height\":344},{\"@type\":\"BreadcrumbList\",\"@id\":\"https:\/\/www.public.sn\/index.php\/2023\/04\/05\/19401\/#breadcrumb\",\"itemListElement\":[{\"@type\":\"ListItem\",\"position\":1,\"name\":\"Accueil\",\"item\":\"https:\/\/www.public.sn\/\"},{\"@type\":\"ListItem\",\"position\":2,\"name\":\"Communiqu\u00e9 du conseil des ministres du mercredi 05 avril 2023 (Document)\"}]},{\"@type\":\"WebSite\",\"@id\":\"https:\/\/www.public.sn\/#website\",\"url\":\"https:\/\/www.public.sn\/\",\"name\":\"LE PUBLIC\",\"description\":\"\",\"publisher\":{\"@id\":\"https:\/\/www.public.sn\/#organization\"},\"potentialAction\":[{\"@type\":\"SearchAction\",\"target\":{\"@type\":\"EntryPoint\",\"urlTemplate\":\"https:\/\/www.public.sn\/?s={search_term_string}\"},\"query-input\":{\"@type\":\"PropertyValueSpecification\",\"valueRequired\":true,\"valueName\":\"search_term_string\"}}],\"inLanguage\":\"fr-FR\"},{\"@type\":\"Organization\",\"@id\":\"https:\/\/www.public.sn\/#organization\",\"name\":\"LE PUBLIC\",\"url\":\"https:\/\/www.public.sn\/\",\"logo\":{\"@type\":\"ImageObject\",\"inLanguage\":\"fr-FR\",\"@id\":\"https:\/\/www.public.sn\/#\/schema\/logo\/image\/\",\"url\":\"https:\/\/www.public.sn\/wp-content\/uploads\/2024\/05\/cropped-LOGO-PUBLIC.SN_.png\",\"contentUrl\":\"https:\/\/www.public.sn\/wp-content\/uploads\/2024\/05\/cropped-LOGO-PUBLIC.SN_.png\",\"width\":682,\"height\":192,\"caption\":\"LE PUBLIC\"},\"image\":{\"@id\":\"https:\/\/www.public.sn\/#\/schema\/logo\/image\/\"}},{\"@type\":\"Person\",\"@id\":\"https:\/\/www.public.sn\/#\/schema\/person\/e3f4a11b037d4203902db148f9bc8d5a\",\"name\":\"LA REDACTION\",\"image\":{\"@type\":\"ImageObject\",\"inLanguage\":\"fr-FR\",\"@id\":\"https:\/\/www.public.sn\/#\/schema\/person\/image\/\",\"url\":\"https:\/\/secure.gravatar.com\/avatar\/d6c030db45db2883c075085c5d6c6258654a801a93766b49af0b82d4f454e2a5?s=96&d=mm&r=g\",\"contentUrl\":\"https:\/\/secure.gravatar.com\/avatar\/d6c030db45db2883c075085c5d6c6258654a801a93766b49af0b82d4f454e2a5?s=96&d=mm&r=g\",\"caption\":\"LA REDACTION\"},\"sameAs\":[\"http:\/\/www.public.sn\"],\"url\":\"https:\/\/www.public.sn\/index.php\/author\/admin7324\/\"}]}<\/script>\n<!-- \/ Yoast SEO plugin. -->","yoast_head_json":{"title":"Communiqu\u00e9 du conseil des ministres du mercredi 05 avril 2023 (Document) - LE PUBLIC","description":"Le Conseil des ministres s\u2019est tenu ce mercredi 05 avril 2023 au Palais de la R\u00e9publique, sous la pr\u00e9sidence du Chef de l\u2019Etat, son Excellence, Monsieur Macky SALL.","robots":{"index":"index","follow":"follow","max-snippet":"max-snippet:-1","max-image-preview":"max-image-preview:large","max-video-preview":"max-video-preview:-1"},"canonical":"https:\/\/www.public.sn\/index.php\/2023\/04\/05\/19401\/","og_locale":"fr_FR","og_type":"article","og_title":"Communiqu\u00e9 du conseil des ministres du mercredi 05 avril 2023 (Document) - LE PUBLIC","og_description":"Le Conseil des ministres s\u2019est tenu ce mercredi 05 avril 2023 au Palais de la R\u00e9publique, sous la pr\u00e9sidence du Chef de l\u2019Etat, son Excellence, Monsieur Macky SALL.","og_url":"https:\/\/www.public.sn\/index.php\/2023\/04\/05\/19401\/","og_site_name":"LE PUBLIC","article_published_time":"2023-04-05T20:55:47+00:00","article_modified_time":"2023-04-05T20:58:04+00:00","og_image":[{"width":600,"height":344,"url":"https:\/\/www.public.sn\/wp-content\/uploads\/2023\/03\/macky-sall-1.jpg","type":"image\/jpeg"}],"author":"LA REDACTION","twitter_card":"summary_large_image","twitter_misc":{"\u00c9crit par":"LA REDACTION","Dur\u00e9e de lecture estim\u00e9e":"10 minutes"},"schema":{"@context":"https:\/\/schema.org","@graph":[{"@type":"Article","@id":"https:\/\/www.public.sn\/index.php\/2023\/04\/05\/19401\/#article","isPartOf":{"@id":"https:\/\/www.public.sn\/index.php\/2023\/04\/05\/19401\/"},"author":{"name":"LA REDACTION","@id":"https:\/\/www.public.sn\/#\/schema\/person\/e3f4a11b037d4203902db148f9bc8d5a"},"headline":"Communiqu\u00e9 du conseil des ministres du mercredi 05 avril 2023 (Document)","datePublished":"2023-04-05T20:55:47+00:00","dateModified":"2023-04-05T20:58:04+00:00","mainEntityOfPage":{"@id":"https:\/\/www.public.sn\/index.php\/2023\/04\/05\/19401\/"},"wordCount":2258,"commentCount":0,"publisher":{"@id":"https:\/\/www.public.sn\/#organization"},"image":{"@id":"https:\/\/www.public.sn\/index.php\/2023\/04\/05\/19401\/#primaryimage"},"thumbnailUrl":"https:\/\/www.public.sn\/wp-content\/uploads\/2023\/03\/macky-sall-1.jpg","keywords":["communiqu\u00e9","conseil des ministres"],"articleSection":["ACTUALIT\u00c9S","COMMUNIQU\u00c9","POLITIQUE","S\u00c9N\u00c9GAL"],"inLanguage":"fr-FR","potentialAction":[{"@type":"CommentAction","name":"Comment","target":["https:\/\/www.public.sn\/index.php\/2023\/04\/05\/19401\/#respond"]}]},{"@type":"WebPage","@id":"https:\/\/www.public.sn\/index.php\/2023\/04\/05\/19401\/","url":"https:\/\/www.public.sn\/index.php\/2023\/04\/05\/19401\/","name":"Communiqu\u00e9 du conseil des ministres du mercredi 05 avril 2023 (Document) - LE PUBLIC","isPartOf":{"@id":"https:\/\/www.public.sn\/#website"},"primaryImageOfPage":{"@id":"https:\/\/www.public.sn\/index.php\/2023\/04\/05\/19401\/#primaryimage"},"image":{"@id":"https:\/\/www.public.sn\/index.php\/2023\/04\/05\/19401\/#primaryimage"},"thumbnailUrl":"https:\/\/www.public.sn\/wp-content\/uploads\/2023\/03\/macky-sall-1.jpg","datePublished":"2023-04-05T20:55:47+00:00","dateModified":"2023-04-05T20:58:04+00:00","description":"Le Conseil des ministres s\u2019est tenu ce mercredi 05 avril 2023 au Palais de la R\u00e9publique, sous la pr\u00e9sidence du Chef de l\u2019Etat, son Excellence, Monsieur Macky SALL.","breadcrumb":{"@id":"https:\/\/www.public.sn\/index.php\/2023\/04\/05\/19401\/#breadcrumb"},"inLanguage":"fr-FR","potentialAction":[{"@type":"ReadAction","target":["https:\/\/www.public.sn\/index.php\/2023\/04\/05\/19401\/"]}]},{"@type":"ImageObject","inLanguage":"fr-FR","@id":"https:\/\/www.public.sn\/index.php\/2023\/04\/05\/19401\/#primaryimage","url":"https:\/\/www.public.sn\/wp-content\/uploads\/2023\/03\/macky-sall-1.jpg","contentUrl":"https:\/\/www.public.sn\/wp-content\/uploads\/2023\/03\/macky-sall-1.jpg","width":600,"height":344},{"@type":"BreadcrumbList","@id":"https:\/\/www.public.sn\/index.php\/2023\/04\/05\/19401\/#breadcrumb","itemListElement":[{"@type":"ListItem","position":1,"name":"Accueil","item":"https:\/\/www.public.sn\/"},{"@type":"ListItem","position":2,"name":"Communiqu\u00e9 du conseil des ministres du mercredi 05 avril 2023 (Document)"}]},{"@type":"WebSite","@id":"https:\/\/www.public.sn\/#website","url":"https:\/\/www.public.sn\/","name":"LE PUBLIC","description":"","publisher":{"@id":"https:\/\/www.public.sn\/#organization"},"potentialAction":[{"@type":"SearchAction","target":{"@type":"EntryPoint","urlTemplate":"https:\/\/www.public.sn\/?s={search_term_string}"},"query-input":{"@type":"PropertyValueSpecification","valueRequired":true,"valueName":"search_term_string"}}],"inLanguage":"fr-FR"},{"@type":"Organization","@id":"https:\/\/www.public.sn\/#organization","name":"LE PUBLIC","url":"https:\/\/www.public.sn\/","logo":{"@type":"ImageObject","inLanguage":"fr-FR","@id":"https:\/\/www.public.sn\/#\/schema\/logo\/image\/","url":"https:\/\/www.public.sn\/wp-content\/uploads\/2024\/05\/cropped-LOGO-PUBLIC.SN_.png","contentUrl":"https:\/\/www.public.sn\/wp-content\/uploads\/2024\/05\/cropped-LOGO-PUBLIC.SN_.png","width":682,"height":192,"caption":"LE PUBLIC"},"image":{"@id":"https:\/\/www.public.sn\/#\/schema\/logo\/image\/"}},{"@type":"Person","@id":"https:\/\/www.public.sn\/#\/schema\/person\/e3f4a11b037d4203902db148f9bc8d5a","name":"LA REDACTION","image":{"@type":"ImageObject","inLanguage":"fr-FR","@id":"https:\/\/www.public.sn\/#\/schema\/person\/image\/","url":"https:\/\/secure.gravatar.com\/avatar\/d6c030db45db2883c075085c5d6c6258654a801a93766b49af0b82d4f454e2a5?s=96&d=mm&r=g","contentUrl":"https:\/\/secure.gravatar.com\/avatar\/d6c030db45db2883c075085c5d6c6258654a801a93766b49af0b82d4f454e2a5?s=96&d=mm&r=g","caption":"LA REDACTION"},"sameAs":["http:\/\/www.public.sn"],"url":"https:\/\/www.public.sn\/index.php\/author\/admin7324\/"}]}},"jetpack_featured_media_url":"https:\/\/www.public.sn\/wp-content\/uploads\/2023\/03\/macky-sall-1.jpg","jetpack_sharing_enabled":true,"_links":{"self":[{"href":"https:\/\/www.public.sn\/index.php\/wp-json\/wp\/v2\/posts\/19401","targetHints":{"allow":["GET"]}}],"collection":[{"href":"https:\/\/www.public.sn\/index.php\/wp-json\/wp\/v2\/posts"}],"about":[{"href":"https:\/\/www.public.sn\/index.php\/wp-json\/wp\/v2\/types\/post"}],"author":[{"embeddable":true,"href":"https:\/\/www.public.sn\/index.php\/wp-json\/wp\/v2\/users\/1"}],"replies":[{"embeddable":true,"href":"https:\/\/www.public.sn\/index.php\/wp-json\/wp\/v2\/comments?post=19401"}],"version-history":[{"count":3,"href":"https:\/\/www.public.sn\/index.php\/wp-json\/wp\/v2\/posts\/19401\/revisions"}],"predecessor-version":[{"id":19404,"href":"https:\/\/www.public.sn\/index.php\/wp-json\/wp\/v2\/posts\/19401\/revisions\/19404"}],"wp:featuredmedia":[{"embeddable":true,"href":"https:\/\/www.public.sn\/index.php\/wp-json\/wp\/v2\/media\/17472"}],"wp:attachment":[{"href":"https:\/\/www.public.sn\/index.php\/wp-json\/wp\/v2\/media?parent=19401"}],"wp:term":[{"taxonomy":"category","embeddable":true,"href":"https:\/\/www.public.sn\/index.php\/wp-json\/wp\/v2\/categories?post=19401"},{"taxonomy":"post_tag","embeddable":true,"href":"https:\/\/www.public.sn\/index.php\/wp-json\/wp\/v2\/tags?post=19401"}],"curies":[{"name":"wp","href":"https:\/\/api.w.org\/{rel}","templated":true}]}}