{"id":1944,"date":"2022-09-14T00:27:03","date_gmt":"2022-09-14T00:27:03","guid":{"rendered":"https:\/\/www.public.sn\/?p=1944"},"modified":"2022-09-14T00:27:05","modified_gmt":"2022-09-14T00:27:05","slug":"presidence-de-lassemblee-nationale-petit-precis-de-meurtres-fratricides-autour-du-perchoir-par-cheikh-lamane-diop","status":"publish","type":"post","link":"https:\/\/www.public.sn\/index.php\/2022\/09\/14\/presidence-de-lassemblee-nationale-petit-precis-de-meurtres-fratricides-autour-du-perchoir-par-cheikh-lamane-diop\/","title":{"rendered":"Pr\u00e9sidence de l\u2019Assembl\u00e9e nationale: petit pr\u00e9cis de meurtres fratricides autour du perchoir (Par Cheikh Lamane Diop)."},"content":{"rendered":"\n<p><strong>La\u00a0Pr\u00e9sidence de l\u2019Assembl\u00e9e\u00a0nationale\u00a0n\u2019a pas toujours \u00e9t\u00e9\u00a0un fauteuil\u00a0moelleux\u00a0pour ses occupants.\u00a0Il a \u00e9t\u00e9 aussi une station, sinon hant\u00e9e, du moins\u00a0tr\u00e8s\u00a0inconfortable\u00a0pour la plupart\u00a0des personnalit\u00e9s qui l\u2019ont occup\u00e9e\u00a0ces\u00a040 derni\u00e8res ann\u00e9es<\/strong>.<\/p><div class=\"publi-paragraphe1\" style=\"margin-top: 10px;margin-bottom: 10px;margin-left: auto;margin-right: auto;text-align: center;\" id=\"publi-749074841\"><div class=\"publi-adlabel\">Publicit\u00e9<\/div><script async src=\"\/\/pagead2.googlesyndication.com\/pagead\/js\/adsbygoogle.js?client=ca-pub-4089586018074219\" crossorigin=\"anonymous\"><\/script><ins class=\"adsbygoogle\" style=\"display:block;\" data-ad-client=\"ca-pub-4089586018074219\" \ndata-ad-slot=\"2087940154\" \ndata-ad-format=\"auto\"><\/ins>\n<script> \n(adsbygoogle = window.adsbygoogle || []).push({}); \n<\/script>\n<\/div>\n\n\n\n<p>Le&nbsp;cas Aminata Tour\u00e9, sous les feux de la rampe,&nbsp;est loin&nbsp;de constituer&nbsp;une s\u00e9quence&nbsp;isol\u00e9e&nbsp;dans les intrigues politiques autour de la Pr\u00e9sidence de l\u2019Assembl\u00e9e nationale s\u00e9n\u00e9galaise. Un petit co\u00fbt d\u2019\u0153il dans le r\u00e9troviseur politicien s\u00e9n\u00e9galais permet d\u2019en avoir un clair aper\u00e7u.&nbsp;Habib Thiam, Daouda Sow,&nbsp;Macky Sall, Aminata Tour\u00e9,&nbsp;pour ne citer que les cas les plus en vue,&nbsp;sont&nbsp;tour \u00e0 tour&nbsp;pass\u00e9s \u00e0 la trappe sous les coups de boutoir de leur&nbsp;propre&nbsp;famille politique.<\/p>\n\n\n\n<p>En 1983, M. Habib Thiam, ami personnel du Pr\u00e9sident Abdou Diouf,&nbsp;vient d\u2019\u00eatre&nbsp;limog\u00e9 du poste de Premier ministre,r\u00e9cemment supprim\u00e9&nbsp;\u00e0 la faveur d\u2019une r\u00e9forme constitutionnelle.&nbsp;Le Perchoir de l\u2019Assembl\u00e9e nationale fut son point de chute.<\/p>\n\n\n\n<p>Au bout de quelques semaines, l\u2019ami du&nbsp;Pr\u00e9sident&nbsp;fut victime d\u2019une p\u00e9tition pr\u00e9conisant une r\u00e9forme visant \u00e0 ramener son mandat de 5 \u00e0 1 an. A la man\u0153uvre, un certain Jean Collin, tout-puissant ministre d\u2019\u00c9tat,&nbsp;est index\u00e9. Abdou Diouf s\u2019est d\u00e9lib\u00e9r\u00e9ment abstenu d\u2019interrompre le \u00ab&nbsp;putsch&nbsp;\u00bb contre son amiau nom des&nbsp;\u00ab&nbsp;principes d\u00e9mocratiques&nbsp;\u00bb.&nbsp;De guerre lasse, M. Thiam d\u00e9missionne de la Pr\u00e9sidence et se&nbsp;d\u00e9barrasse&nbsp;en outrede son poste de d\u00e9put\u00e9. Il est remplac\u00e9 par le Dr Daouda Sow, ancien ministre de la Sant\u00e9.&nbsp;<\/p>\n\n\n\n<p>En d\u00e9cembre 1988, M. Sow fit face,&nbsp;\u00e0 l\u2019instar de son pr\u00e9d\u00e9cesseur,&nbsp;\u00e0 un nouveau complot parlementaire. Et comme lors du pr\u00e9c\u00e9dent \u00ab&nbsp;pronunciamiento&nbsp;\u00bb, encore des proches de Jean Collin \u00e0 la man\u0153uvre. Daouda Sow, contraint&nbsp;de d\u00e9guerpir,&nbsp;c\u00e8de&nbsp;le fauteuil \u00e0 Abdoul Aziz Ndao, mis sur orbite par le clan Collin.&nbsp;Le&nbsp;virus&nbsp;du Perchoir, dans une nouvelle variante,&nbsp;s\u2019installe&nbsp;et se propage&nbsp;derri\u00e8re le dossier du douillet fauteuil.&nbsp;Il&nbsp;r\u00e9appara\u00eet&nbsp;en&nbsp;2007 sous la pr\u00e9sidence d\u2019un certain Macky Sall.<\/p>\n\n\n\n<p>Confortablement install\u00e9&nbsp;avec le&nbsp;pl\u00e9biscite&nbsp;de 131 d\u00e9put\u00e9s,&nbsp;lenouveau&nbsp;Pr\u00e9sident&nbsp;de&nbsp;l\u2019Assembl\u00e9e est&nbsp;rattrap\u00e9 par le syndrome Habib Thiam.&nbsp;En effet,&nbsp;apr\u00e8s seulement quatre mois de pr\u00e9sidence, il est accus\u00e9 par le clan des Wade de vouloir installer une dualit\u00e9 au sommet de l\u2019\u00c9tat, en visant une audition de Karim Wade, fils du Pr\u00e9sident de la R\u00e9publique et tout-puissant ministre \u00ab&nbsp;du ciel et de la terre&nbsp;\u00bb, par allusion \u00e0 l\u2019\u00e9quivalent de quatre portefeuilles minist\u00e9riels&nbsp;sous sa coulpe.&nbsp;<\/p>\n\n\n\n<p>La proc\u00e9dure fut rude. Difficile fut la croisade de Doudou Wade, pr\u00e9sident du Groupe parlementaire&nbsp;de la majorit\u00e9&nbsp;et initiateur de la p\u00e9tition pour le d\u00e9part &nbsp;de Macky Sall, de trouver les arguments juridiques pour l\u2019accomplissement de la man\u0153uvre.&nbsp;<\/p>\n\n\n\n<p>L\u2019arme non conventionnelle consistant \u00e0 ramener le mandat&nbsp;de 5 \u00e0 1 an, sans&nbsp;passer par le r\u00e9f\u00e9rendum&nbsp;tel que prescrit par&nbsp;notre&nbsp;Charte fondamentale,&nbsp;fut d\u00e9gain\u00e9e. Refusant le fait accompli, Macky Sall qui avait conduit les&nbsp;troupes lib\u00e9rales \u00e0 la victoire aux l\u00e9gislatives,&nbsp;apr\u00e8s avoir \u00e9t\u00e9 le directeur de campagne de Me Wade \u00e0 la pr\u00e9sidentielle de 2007, d\u00e9missionne du Perchoir, dans les m\u00eames conditions que son a\u00een\u00e9 Habib Thiam,&nbsp;une vingtaine d\u2019ann\u00e9es plus t\u00f4t.&nbsp;On conna\u00eet les suites de cette d\u00e9convenue&nbsp;qui a grandement, voire&nbsp;d\u00e9cisivement&nbsp;contribu\u00e9 \u00e0 l\u2019accession de&nbsp;l\u2019actuel&nbsp;Chef de l\u2019\u00c9tat \u00e0 la magistrature supr\u00eame.&nbsp;<\/p>\n\n\n\n<p>L\u2019ex-Premier ministre Aminata Tour\u00e9&nbsp;dite Mimi&nbsp;a boud\u00e9 l\u2019H\u00e9micycle ce 12 septembre. Le choix du patron de la majorit\u00e9 ne s\u2019est pas port\u00e9 sur sa personne, apr\u00e8s avoir pourtant men\u00e9 les troupes de Bennoo \u00e0&nbsp;cette&nbsp;victoire \u00e0 la&nbsp;Pyrrhus&nbsp;aux&nbsp;derni\u00e8res&nbsp;l\u00e9gislatives de juillet 2022.<\/p>\n\n\n\n<p>C\u2019est&nbsp;dire,&nbsp;\u00e0 la lumi\u00e8re de cette&nbsp;r\u00e9trospective,&nbsp;que des intrigues, tragi-com\u00e9dies&nbsp;et autres jeux de jojo politiciens&nbsp;ont&nbsp;toujours jalonn\u00e9 l\u2019histoire de l\u2019institution parlementaire,&nbsp;et&nbsp;impact\u00e9&nbsp;les illustres personnalit\u00e9s&nbsp;qui l\u2019ont&nbsp;successivement&nbsp;dirig\u00e9e, avec des fortunes diverses.<\/p>\n\n\n\n<p><strong>Par Cheikh Lamane Diop, journaliste<\/strong><\/p>\n<div class=\"publi-apres-le-contenu\" style=\"margin-top: 10px;margin-bottom: 10px;margin-left: auto;margin-right: auto;text-align: center;\" id=\"publi-2427441719\"><div class=\"publi-adlabel\">Publicit\u00e9<\/div><script async src=\"\/\/pagead2.googlesyndication.com\/pagead\/js\/adsbygoogle.js?client=ca-pub-4089586018074219\" crossorigin=\"anonymous\"><\/script><ins class=\"adsbygoogle\" style=\"display:block;\" data-ad-client=\"ca-pub-4089586018074219\" \ndata-ad-slot=\"2087940154\" \ndata-ad-format=\"auto\"><\/ins>\n<script> \n(adsbygoogle = window.adsbygoogle || []).push({}); \n<\/script>\n<\/div>","protected":false},"excerpt":{"rendered":"<p>La\u00a0Pr\u00e9sidence de l\u2019Assembl\u00e9e\u00a0nationale\u00a0n\u2019a pas toujours \u00e9t\u00e9\u00a0un fauteuil\u00a0moelleux\u00a0pour ses occupants.\u00a0Il a \u00e9t\u00e9 aussi une station, sinon hant\u00e9e, du moins\u00a0tr\u00e8s\u00a0inconfortable\u00a0pour la plupart\u00a0des personnalit\u00e9s qui l\u2019ont occup\u00e9e\u00a0ces\u00a040 derni\u00e8res ann\u00e9es. Le&nbsp;cas Aminata Tour\u00e9, sous les feux de la rampe,&nbsp;est loin&nbsp;de constituer&nbsp;une s\u00e9quence&nbsp;isol\u00e9e&nbsp;dans les intrigues politiques autour de la Pr\u00e9sidence de l\u2019Assembl\u00e9e nationale s\u00e9n\u00e9galaise. Un petit co\u00fbt d\u2019\u0153il dans le r\u00e9troviseur politicien s\u00e9n\u00e9galais permet d\u2019en avoir un clair aper\u00e7u.&nbsp;Habib Thiam, Daouda Sow,&nbsp;Macky Sall, Aminata Tour\u00e9,&nbsp;pour ne citer que les cas les plus en vue,&nbsp;sont&nbsp;tour \u00e0 tour&nbsp;pass\u00e9s \u00e0 la trappe sous les coups de boutoir de leur&nbsp;propre&nbsp;famille politique. En 1983, M. Habib Thiam, ami personnel du Pr\u00e9sident Abdou Diouf,&nbsp;vient d\u2019\u00eatre&nbsp;limog\u00e9 du poste de Premier ministre,r\u00e9cemment supprim\u00e9&nbsp;\u00e0 la faveur d\u2019une r\u00e9forme constitutionnelle.&nbsp;Le Perchoir de l\u2019Assembl\u00e9e nationale fut son point de chute. Au bout de quelques semaines, l\u2019ami du&nbsp;Pr\u00e9sident&nbsp;fut victime d\u2019une p\u00e9tition pr\u00e9conisant une r\u00e9forme visant \u00e0 ramener son mandat de 5 \u00e0 1 an. A la man\u0153uvre, un certain Jean Collin, tout-puissant ministre d\u2019\u00c9tat,&nbsp;est index\u00e9. Abdou Diouf s\u2019est d\u00e9lib\u00e9r\u00e9ment abstenu d\u2019interrompre le \u00ab&nbsp;putsch&nbsp;\u00bb contre son amiau nom des&nbsp;\u00ab&nbsp;principes d\u00e9mocratiques&nbsp;\u00bb.&nbsp;De guerre lasse, M. Thiam d\u00e9missionne de la Pr\u00e9sidence et se&nbsp;d\u00e9barrasse&nbsp;en outrede son poste de d\u00e9put\u00e9. Il est remplac\u00e9 par le Dr Daouda Sow, ancien ministre de la Sant\u00e9.&nbsp; En d\u00e9cembre 1988, M. Sow fit face,&nbsp;\u00e0 l\u2019instar de son pr\u00e9d\u00e9cesseur,&nbsp;\u00e0 un nouveau complot parlementaire. Et comme lors du pr\u00e9c\u00e9dent \u00ab&nbsp;pronunciamiento&nbsp;\u00bb, encore des proches de Jean Collin \u00e0 la man\u0153uvre. Daouda Sow, contraint&nbsp;de d\u00e9guerpir,&nbsp;c\u00e8de&nbsp;le fauteuil \u00e0 Abdoul Aziz Ndao, mis sur orbite par le clan Collin.&nbsp;Le&nbsp;virus&nbsp;du Perchoir, dans une nouvelle variante,&nbsp;s\u2019installe&nbsp;et se propage&nbsp;derri\u00e8re le dossier du douillet fauteuil.&nbsp;Il&nbsp;r\u00e9appara\u00eet&nbsp;en&nbsp;2007 sous la pr\u00e9sidence d\u2019un certain Macky Sall. Confortablement install\u00e9&nbsp;avec le&nbsp;pl\u00e9biscite&nbsp;de 131 d\u00e9put\u00e9s,&nbsp;lenouveau&nbsp;Pr\u00e9sident&nbsp;de&nbsp;l\u2019Assembl\u00e9e est&nbsp;rattrap\u00e9 par le syndrome Habib Thiam.&nbsp;En effet,&nbsp;apr\u00e8s seulement quatre mois de pr\u00e9sidence, il est accus\u00e9 par le clan des Wade de vouloir installer une dualit\u00e9 au sommet de l\u2019\u00c9tat, en visant une audition de Karim Wade, fils du Pr\u00e9sident de la R\u00e9publique et tout-puissant ministre \u00ab&nbsp;du ciel et de la terre&nbsp;\u00bb, par allusion \u00e0 l\u2019\u00e9quivalent de quatre portefeuilles minist\u00e9riels&nbsp;sous sa coulpe.&nbsp; La proc\u00e9dure fut rude. Difficile fut la croisade de Doudou Wade, pr\u00e9sident du Groupe parlementaire&nbsp;de la majorit\u00e9&nbsp;et initiateur de la p\u00e9tition pour le d\u00e9part &nbsp;de Macky Sall, de trouver les arguments juridiques pour l\u2019accomplissement de la man\u0153uvre.&nbsp; L\u2019arme non conventionnelle consistant \u00e0 ramener le mandat&nbsp;de 5 \u00e0 1 an, sans&nbsp;passer par le r\u00e9f\u00e9rendum&nbsp;tel que prescrit par&nbsp;notre&nbsp;Charte fondamentale,&nbsp;fut d\u00e9gain\u00e9e. Refusant le fait accompli, Macky Sall qui avait conduit les&nbsp;troupes lib\u00e9rales \u00e0 la victoire aux l\u00e9gislatives,&nbsp;apr\u00e8s avoir \u00e9t\u00e9 le directeur de campagne de Me Wade \u00e0 la pr\u00e9sidentielle de 2007, d\u00e9missionne du Perchoir, dans les m\u00eames conditions que son a\u00een\u00e9 Habib Thiam,&nbsp;une vingtaine d\u2019ann\u00e9es plus t\u00f4t.&nbsp;On conna\u00eet les suites de cette d\u00e9convenue&nbsp;qui a grandement, voire&nbsp;d\u00e9cisivement&nbsp;contribu\u00e9 \u00e0 l\u2019accession de&nbsp;l\u2019actuel&nbsp;Chef de l\u2019\u00c9tat \u00e0 la magistrature supr\u00eame.&nbsp; L\u2019ex-Premier ministre Aminata Tour\u00e9&nbsp;dite Mimi&nbsp;a boud\u00e9 l\u2019H\u00e9micycle ce 12 septembre. Le choix du patron de la majorit\u00e9 ne s\u2019est pas port\u00e9 sur sa personne, apr\u00e8s avoir pourtant men\u00e9 les troupes de Bennoo \u00e0&nbsp;cette&nbsp;victoire \u00e0 la&nbsp;Pyrrhus&nbsp;aux&nbsp;derni\u00e8res&nbsp;l\u00e9gislatives de juillet 2022. C\u2019est&nbsp;dire,&nbsp;\u00e0 la lumi\u00e8re de cette&nbsp;r\u00e9trospective,&nbsp;que des intrigues, tragi-com\u00e9dies&nbsp;et autres jeux de jojo politiciens&nbsp;ont&nbsp;toujours jalonn\u00e9 l\u2019histoire de l\u2019institution parlementaire,&nbsp;et&nbsp;impact\u00e9&nbsp;les illustres personnalit\u00e9s&nbsp;qui l\u2019ont&nbsp;successivement&nbsp;dirig\u00e9e, avec des fortunes diverses. Par Cheikh Lamane Diop, journaliste<\/p>\n","protected":false},"author":1,"featured_media":1945,"comment_status":"open","ping_status":"open","sticky":false,"template":"","format":"standard","meta":{"_jetpack_memberships_contains_paid_content":false,"footnotes":""},"categories":[375],"tags":[723,12,739,400,352],"class_list":["post-1944","post","type-post","status-publish","format-standard","has-post-thumbnail","hentry","category-actualites","tag-amadou-mame-diop","tag-assemblee-nationale","tag-cheikh-lamane-diop","tag-perchoir","tag-presidence","entry","has-media","owp-thumbs-layout-horizontal","owp-btn-normal","owp-tabs-layout-horizontal","has-no-thumbnails","has-product-nav"],"yoast_head":"<!-- This site is optimized with the Yoast SEO plugin v25.5 - https:\/\/yoast.com\/wordpress\/plugins\/seo\/ -->\n<title>Pr\u00e9sidence de l\u2019Assembl\u00e9e nationale: petit pr\u00e9cis de meurtres fratricides autour du perchoir (Par Cheikh Lamane Diop). - LE PUBLIC<\/title>\n<meta name=\"robots\" content=\"index, follow, max-snippet:-1, max-image-preview:large, max-video-preview:-1\" \/>\n<link rel=\"canonical\" href=\"https:\/\/www.public.sn\/index.php\/2022\/09\/14\/presidence-de-lassemblee-nationale-petit-precis-de-meurtres-fratricides-autour-du-perchoir-par-cheikh-lamane-diop\/\" \/>\n<meta property=\"og:locale\" content=\"fr_FR\" \/>\n<meta property=\"og:type\" content=\"article\" \/>\n<meta property=\"og:title\" content=\"Pr\u00e9sidence de l\u2019Assembl\u00e9e nationale: petit pr\u00e9cis de meurtres fratricides autour du perchoir (Par Cheikh Lamane Diop). - LE PUBLIC\" \/>\n<meta property=\"og:description\" content=\"La\u00a0Pr\u00e9sidence de l\u2019Assembl\u00e9e\u00a0nationale\u00a0n\u2019a pas toujours \u00e9t\u00e9\u00a0un fauteuil\u00a0moelleux\u00a0pour ses occupants.\u00a0Il a \u00e9t\u00e9 aussi une station, sinon hant\u00e9e, du moins\u00a0tr\u00e8s\u00a0inconfortable\u00a0pour la plupart\u00a0des personnalit\u00e9s qui l\u2019ont occup\u00e9e\u00a0ces\u00a040 derni\u00e8res ann\u00e9es. Le&nbsp;cas Aminata Tour\u00e9, sous les feux de la rampe,&nbsp;est loin&nbsp;de constituer&nbsp;une s\u00e9quence&nbsp;isol\u00e9e&nbsp;dans les intrigues politiques autour de la Pr\u00e9sidence de l\u2019Assembl\u00e9e nationale s\u00e9n\u00e9galaise. Un petit co\u00fbt d\u2019\u0153il dans le r\u00e9troviseur politicien s\u00e9n\u00e9galais permet d\u2019en avoir un clair aper\u00e7u.&nbsp;Habib Thiam, Daouda Sow,&nbsp;Macky Sall, Aminata Tour\u00e9,&nbsp;pour ne citer que les cas les plus en vue,&nbsp;sont&nbsp;tour \u00e0 tour&nbsp;pass\u00e9s \u00e0 la trappe sous les coups de boutoir de leur&nbsp;propre&nbsp;famille politique. En 1983, M. Habib Thiam, ami personnel du Pr\u00e9sident Abdou Diouf,&nbsp;vient d\u2019\u00eatre&nbsp;limog\u00e9 du poste de Premier ministre,r\u00e9cemment supprim\u00e9&nbsp;\u00e0 la faveur d\u2019une r\u00e9forme constitutionnelle.&nbsp;Le Perchoir de l\u2019Assembl\u00e9e nationale fut son point de chute. Au bout de quelques semaines, l\u2019ami du&nbsp;Pr\u00e9sident&nbsp;fut victime d\u2019une p\u00e9tition pr\u00e9conisant une r\u00e9forme visant \u00e0 ramener son mandat de 5 \u00e0 1 an. A la man\u0153uvre, un certain Jean Collin, tout-puissant ministre d\u2019\u00c9tat,&nbsp;est index\u00e9. Abdou Diouf s\u2019est d\u00e9lib\u00e9r\u00e9ment abstenu d\u2019interrompre le \u00ab&nbsp;putsch&nbsp;\u00bb contre son amiau nom des&nbsp;\u00ab&nbsp;principes d\u00e9mocratiques&nbsp;\u00bb.&nbsp;De guerre lasse, M. Thiam d\u00e9missionne de la Pr\u00e9sidence et se&nbsp;d\u00e9barrasse&nbsp;en outrede son poste de d\u00e9put\u00e9. Il est remplac\u00e9 par le Dr Daouda Sow, ancien ministre de la Sant\u00e9.&nbsp; En d\u00e9cembre 1988, M. Sow fit face,&nbsp;\u00e0 l\u2019instar de son pr\u00e9d\u00e9cesseur,&nbsp;\u00e0 un nouveau complot parlementaire. Et comme lors du pr\u00e9c\u00e9dent \u00ab&nbsp;pronunciamiento&nbsp;\u00bb, encore des proches de Jean Collin \u00e0 la man\u0153uvre. Daouda Sow, contraint&nbsp;de d\u00e9guerpir,&nbsp;c\u00e8de&nbsp;le fauteuil \u00e0 Abdoul Aziz Ndao, mis sur orbite par le clan Collin.&nbsp;Le&nbsp;virus&nbsp;du Perchoir, dans une nouvelle variante,&nbsp;s\u2019installe&nbsp;et se propage&nbsp;derri\u00e8re le dossier du douillet fauteuil.&nbsp;Il&nbsp;r\u00e9appara\u00eet&nbsp;en&nbsp;2007 sous la pr\u00e9sidence d\u2019un certain Macky Sall. Confortablement install\u00e9&nbsp;avec le&nbsp;pl\u00e9biscite&nbsp;de 131 d\u00e9put\u00e9s,&nbsp;lenouveau&nbsp;Pr\u00e9sident&nbsp;de&nbsp;l\u2019Assembl\u00e9e est&nbsp;rattrap\u00e9 par le syndrome Habib Thiam.&nbsp;En effet,&nbsp;apr\u00e8s seulement quatre mois de pr\u00e9sidence, il est accus\u00e9 par le clan des Wade de vouloir installer une dualit\u00e9 au sommet de l\u2019\u00c9tat, en visant une audition de Karim Wade, fils du Pr\u00e9sident de la R\u00e9publique et tout-puissant ministre \u00ab&nbsp;du ciel et de la terre&nbsp;\u00bb, par allusion \u00e0 l\u2019\u00e9quivalent de quatre portefeuilles minist\u00e9riels&nbsp;sous sa coulpe.&nbsp; La proc\u00e9dure fut rude. Difficile fut la croisade de Doudou Wade, pr\u00e9sident du Groupe parlementaire&nbsp;de la majorit\u00e9&nbsp;et initiateur de la p\u00e9tition pour le d\u00e9part &nbsp;de Macky Sall, de trouver les arguments juridiques pour l\u2019accomplissement de la man\u0153uvre.&nbsp; L\u2019arme non conventionnelle consistant \u00e0 ramener le mandat&nbsp;de 5 \u00e0 1 an, sans&nbsp;passer par le r\u00e9f\u00e9rendum&nbsp;tel que prescrit par&nbsp;notre&nbsp;Charte fondamentale,&nbsp;fut d\u00e9gain\u00e9e. Refusant le fait accompli, Macky Sall qui avait conduit les&nbsp;troupes lib\u00e9rales \u00e0 la victoire aux l\u00e9gislatives,&nbsp;apr\u00e8s avoir \u00e9t\u00e9 le directeur de campagne de Me Wade \u00e0 la pr\u00e9sidentielle de 2007, d\u00e9missionne du Perchoir, dans les m\u00eames conditions que son a\u00een\u00e9 Habib Thiam,&nbsp;une vingtaine d\u2019ann\u00e9es plus t\u00f4t.&nbsp;On conna\u00eet les suites de cette d\u00e9convenue&nbsp;qui a grandement, voire&nbsp;d\u00e9cisivement&nbsp;contribu\u00e9 \u00e0 l\u2019accession de&nbsp;l\u2019actuel&nbsp;Chef de l\u2019\u00c9tat \u00e0 la magistrature supr\u00eame.&nbsp; L\u2019ex-Premier ministre Aminata Tour\u00e9&nbsp;dite Mimi&nbsp;a boud\u00e9 l\u2019H\u00e9micycle ce 12 septembre. Le choix du patron de la majorit\u00e9 ne s\u2019est pas port\u00e9 sur sa personne, apr\u00e8s avoir pourtant men\u00e9 les troupes de Bennoo \u00e0&nbsp;cette&nbsp;victoire \u00e0 la&nbsp;Pyrrhus&nbsp;aux&nbsp;derni\u00e8res&nbsp;l\u00e9gislatives de juillet 2022. C\u2019est&nbsp;dire,&nbsp;\u00e0 la lumi\u00e8re de cette&nbsp;r\u00e9trospective,&nbsp;que des intrigues, tragi-com\u00e9dies&nbsp;et autres jeux de jojo politiciens&nbsp;ont&nbsp;toujours jalonn\u00e9 l\u2019histoire de l\u2019institution parlementaire,&nbsp;et&nbsp;impact\u00e9&nbsp;les illustres personnalit\u00e9s&nbsp;qui l\u2019ont&nbsp;successivement&nbsp;dirig\u00e9e, avec des fortunes diverses. Par Cheikh Lamane Diop, journaliste\" \/>\n<meta property=\"og:url\" content=\"https:\/\/www.public.sn\/index.php\/2022\/09\/14\/presidence-de-lassemblee-nationale-petit-precis-de-meurtres-fratricides-autour-du-perchoir-par-cheikh-lamane-diop\/\" \/>\n<meta property=\"og:site_name\" content=\"LE PUBLIC\" \/>\n<meta property=\"article:published_time\" content=\"2022-09-14T00:27:03+00:00\" \/>\n<meta property=\"article:modified_time\" content=\"2022-09-14T00:27:05+00:00\" \/>\n<meta property=\"og:image\" content=\"https:\/\/www.public.sn\/wp-content\/uploads\/2022\/09\/3D47AE27-7FAA-489E-99B6-B5A77E01BF1F.jpeg\" \/>\n\t<meta property=\"og:image:width\" content=\"799\" \/>\n\t<meta property=\"og:image:height\" content=\"589\" \/>\n\t<meta property=\"og:image:type\" content=\"image\/jpeg\" \/>\n<meta name=\"author\" content=\"LA REDACTION\" \/>\n<meta name=\"twitter:card\" content=\"summary_large_image\" \/>\n<meta name=\"twitter:label1\" content=\"\u00c9crit par\" \/>\n\t<meta name=\"twitter:data1\" content=\"LA REDACTION\" \/>\n\t<meta name=\"twitter:label2\" content=\"Dur\u00e9e de lecture estim\u00e9e\" \/>\n\t<meta name=\"twitter:data2\" content=\"4 minutes\" \/>\n<script type=\"application\/ld+json\" class=\"yoast-schema-graph\">{\"@context\":\"https:\/\/schema.org\",\"@graph\":[{\"@type\":\"Article\",\"@id\":\"https:\/\/www.public.sn\/index.php\/2022\/09\/14\/presidence-de-lassemblee-nationale-petit-precis-de-meurtres-fratricides-autour-du-perchoir-par-cheikh-lamane-diop\/#article\",\"isPartOf\":{\"@id\":\"https:\/\/www.public.sn\/index.php\/2022\/09\/14\/presidence-de-lassemblee-nationale-petit-precis-de-meurtres-fratricides-autour-du-perchoir-par-cheikh-lamane-diop\/\"},\"author\":{\"name\":\"LA REDACTION\",\"@id\":\"https:\/\/www.public.sn\/#\/schema\/person\/e3f4a11b037d4203902db148f9bc8d5a\"},\"headline\":\"Pr\u00e9sidence de l\u2019Assembl\u00e9e nationale: petit pr\u00e9cis de meurtres fratricides autour du perchoir (Par Cheikh Lamane Diop).\",\"datePublished\":\"2022-09-14T00:27:03+00:00\",\"dateModified\":\"2022-09-14T00:27:05+00:00\",\"mainEntityOfPage\":{\"@id\":\"https:\/\/www.public.sn\/index.php\/2022\/09\/14\/presidence-de-lassemblee-nationale-petit-precis-de-meurtres-fratricides-autour-du-perchoir-par-cheikh-lamane-diop\/\"},\"wordCount\":838,\"commentCount\":0,\"publisher\":{\"@id\":\"https:\/\/www.public.sn\/#organization\"},\"image\":{\"@id\":\"https:\/\/www.public.sn\/index.php\/2022\/09\/14\/presidence-de-lassemblee-nationale-petit-precis-de-meurtres-fratricides-autour-du-perchoir-par-cheikh-lamane-diop\/#primaryimage\"},\"thumbnailUrl\":\"https:\/\/www.public.sn\/wp-content\/uploads\/2022\/09\/3D47AE27-7FAA-489E-99B6-B5A77E01BF1F.jpeg\",\"keywords\":[\"Amadou Mame Diop\",\"Assembl\u00e9e Nationale\",\"Cheikh Lamane Diop\",\"Perchoir\",\"Pr\u00e9sidence\"],\"articleSection\":[\"ACTUALIT\u00c9S\"],\"inLanguage\":\"fr-FR\",\"potentialAction\":[{\"@type\":\"CommentAction\",\"name\":\"Comment\",\"target\":[\"https:\/\/www.public.sn\/index.php\/2022\/09\/14\/presidence-de-lassemblee-nationale-petit-precis-de-meurtres-fratricides-autour-du-perchoir-par-cheikh-lamane-diop\/#respond\"]}]},{\"@type\":\"WebPage\",\"@id\":\"https:\/\/www.public.sn\/index.php\/2022\/09\/14\/presidence-de-lassemblee-nationale-petit-precis-de-meurtres-fratricides-autour-du-perchoir-par-cheikh-lamane-diop\/\",\"url\":\"https:\/\/www.public.sn\/index.php\/2022\/09\/14\/presidence-de-lassemblee-nationale-petit-precis-de-meurtres-fratricides-autour-du-perchoir-par-cheikh-lamane-diop\/\",\"name\":\"Pr\u00e9sidence de l\u2019Assembl\u00e9e nationale: petit pr\u00e9cis de meurtres fratricides autour du perchoir (Par Cheikh Lamane Diop). - LE PUBLIC\",\"isPartOf\":{\"@id\":\"https:\/\/www.public.sn\/#website\"},\"primaryImageOfPage\":{\"@id\":\"https:\/\/www.public.sn\/index.php\/2022\/09\/14\/presidence-de-lassemblee-nationale-petit-precis-de-meurtres-fratricides-autour-du-perchoir-par-cheikh-lamane-diop\/#primaryimage\"},\"image\":{\"@id\":\"https:\/\/www.public.sn\/index.php\/2022\/09\/14\/presidence-de-lassemblee-nationale-petit-precis-de-meurtres-fratricides-autour-du-perchoir-par-cheikh-lamane-diop\/#primaryimage\"},\"thumbnailUrl\":\"https:\/\/www.public.sn\/wp-content\/uploads\/2022\/09\/3D47AE27-7FAA-489E-99B6-B5A77E01BF1F.jpeg\",\"datePublished\":\"2022-09-14T00:27:03+00:00\",\"dateModified\":\"2022-09-14T00:27:05+00:00\",\"breadcrumb\":{\"@id\":\"https:\/\/www.public.sn\/index.php\/2022\/09\/14\/presidence-de-lassemblee-nationale-petit-precis-de-meurtres-fratricides-autour-du-perchoir-par-cheikh-lamane-diop\/#breadcrumb\"},\"inLanguage\":\"fr-FR\",\"potentialAction\":[{\"@type\":\"ReadAction\",\"target\":[\"https:\/\/www.public.sn\/index.php\/2022\/09\/14\/presidence-de-lassemblee-nationale-petit-precis-de-meurtres-fratricides-autour-du-perchoir-par-cheikh-lamane-diop\/\"]}]},{\"@type\":\"ImageObject\",\"inLanguage\":\"fr-FR\",\"@id\":\"https:\/\/www.public.sn\/index.php\/2022\/09\/14\/presidence-de-lassemblee-nationale-petit-precis-de-meurtres-fratricides-autour-du-perchoir-par-cheikh-lamane-diop\/#primaryimage\",\"url\":\"https:\/\/www.public.sn\/wp-content\/uploads\/2022\/09\/3D47AE27-7FAA-489E-99B6-B5A77E01BF1F.jpeg\",\"contentUrl\":\"https:\/\/www.public.sn\/wp-content\/uploads\/2022\/09\/3D47AE27-7FAA-489E-99B6-B5A77E01BF1F.jpeg\",\"width\":799,\"height\":589},{\"@type\":\"BreadcrumbList\",\"@id\":\"https:\/\/www.public.sn\/index.php\/2022\/09\/14\/presidence-de-lassemblee-nationale-petit-precis-de-meurtres-fratricides-autour-du-perchoir-par-cheikh-lamane-diop\/#breadcrumb\",\"itemListElement\":[{\"@type\":\"ListItem\",\"position\":1,\"name\":\"Accueil\",\"item\":\"https:\/\/www.public.sn\/\"},{\"@type\":\"ListItem\",\"position\":2,\"name\":\"Pr\u00e9sidence de l\u2019Assembl\u00e9e nationale: petit pr\u00e9cis de meurtres fratricides autour du perchoir (Par Cheikh Lamane Diop).\"}]},{\"@type\":\"WebSite\",\"@id\":\"https:\/\/www.public.sn\/#website\",\"url\":\"https:\/\/www.public.sn\/\",\"name\":\"LE PUBLIC\",\"description\":\"\",\"publisher\":{\"@id\":\"https:\/\/www.public.sn\/#organization\"},\"potentialAction\":[{\"@type\":\"SearchAction\",\"target\":{\"@type\":\"EntryPoint\",\"urlTemplate\":\"https:\/\/www.public.sn\/?s={search_term_string}\"},\"query-input\":{\"@type\":\"PropertyValueSpecification\",\"valueRequired\":true,\"valueName\":\"search_term_string\"}}],\"inLanguage\":\"fr-FR\"},{\"@type\":\"Organization\",\"@id\":\"https:\/\/www.public.sn\/#organization\",\"name\":\"LE PUBLIC\",\"url\":\"https:\/\/www.public.sn\/\",\"logo\":{\"@type\":\"ImageObject\",\"inLanguage\":\"fr-FR\",\"@id\":\"https:\/\/www.public.sn\/#\/schema\/logo\/image\/\",\"url\":\"https:\/\/www.public.sn\/wp-content\/uploads\/2024\/05\/cropped-LOGO-PUBLIC.SN_.png\",\"contentUrl\":\"https:\/\/www.public.sn\/wp-content\/uploads\/2024\/05\/cropped-LOGO-PUBLIC.SN_.png\",\"width\":682,\"height\":192,\"caption\":\"LE PUBLIC\"},\"image\":{\"@id\":\"https:\/\/www.public.sn\/#\/schema\/logo\/image\/\"}},{\"@type\":\"Person\",\"@id\":\"https:\/\/www.public.sn\/#\/schema\/person\/e3f4a11b037d4203902db148f9bc8d5a\",\"name\":\"LA REDACTION\",\"image\":{\"@type\":\"ImageObject\",\"inLanguage\":\"fr-FR\",\"@id\":\"https:\/\/www.public.sn\/#\/schema\/person\/image\/\",\"url\":\"https:\/\/secure.gravatar.com\/avatar\/d6c030db45db2883c075085c5d6c6258654a801a93766b49af0b82d4f454e2a5?s=96&d=mm&r=g\",\"contentUrl\":\"https:\/\/secure.gravatar.com\/avatar\/d6c030db45db2883c075085c5d6c6258654a801a93766b49af0b82d4f454e2a5?s=96&d=mm&r=g\",\"caption\":\"LA REDACTION\"},\"sameAs\":[\"http:\/\/www.public.sn\"],\"url\":\"https:\/\/www.public.sn\/index.php\/author\/admin7324\/\"}]}<\/script>\n<!-- \/ Yoast SEO plugin. -->","yoast_head_json":{"title":"Pr\u00e9sidence de l\u2019Assembl\u00e9e nationale: petit pr\u00e9cis de meurtres fratricides autour du perchoir (Par Cheikh Lamane Diop). - LE PUBLIC","robots":{"index":"index","follow":"follow","max-snippet":"max-snippet:-1","max-image-preview":"max-image-preview:large","max-video-preview":"max-video-preview:-1"},"canonical":"https:\/\/www.public.sn\/index.php\/2022\/09\/14\/presidence-de-lassemblee-nationale-petit-precis-de-meurtres-fratricides-autour-du-perchoir-par-cheikh-lamane-diop\/","og_locale":"fr_FR","og_type":"article","og_title":"Pr\u00e9sidence de l\u2019Assembl\u00e9e nationale: petit pr\u00e9cis de meurtres fratricides autour du perchoir (Par Cheikh Lamane Diop). - LE PUBLIC","og_description":"La\u00a0Pr\u00e9sidence de l\u2019Assembl\u00e9e\u00a0nationale\u00a0n\u2019a pas toujours \u00e9t\u00e9\u00a0un fauteuil\u00a0moelleux\u00a0pour ses occupants.\u00a0Il a \u00e9t\u00e9 aussi une station, sinon hant\u00e9e, du moins\u00a0tr\u00e8s\u00a0inconfortable\u00a0pour la plupart\u00a0des personnalit\u00e9s qui l\u2019ont occup\u00e9e\u00a0ces\u00a040 derni\u00e8res ann\u00e9es. Le&nbsp;cas Aminata Tour\u00e9, sous les feux de la rampe,&nbsp;est loin&nbsp;de constituer&nbsp;une s\u00e9quence&nbsp;isol\u00e9e&nbsp;dans les intrigues politiques autour de la Pr\u00e9sidence de l\u2019Assembl\u00e9e nationale s\u00e9n\u00e9galaise. Un petit co\u00fbt d\u2019\u0153il dans le r\u00e9troviseur politicien s\u00e9n\u00e9galais permet d\u2019en avoir un clair aper\u00e7u.&nbsp;Habib Thiam, Daouda Sow,&nbsp;Macky Sall, Aminata Tour\u00e9,&nbsp;pour ne citer que les cas les plus en vue,&nbsp;sont&nbsp;tour \u00e0 tour&nbsp;pass\u00e9s \u00e0 la trappe sous les coups de boutoir de leur&nbsp;propre&nbsp;famille politique. En 1983, M. Habib Thiam, ami personnel du Pr\u00e9sident Abdou Diouf,&nbsp;vient d\u2019\u00eatre&nbsp;limog\u00e9 du poste de Premier ministre,r\u00e9cemment supprim\u00e9&nbsp;\u00e0 la faveur d\u2019une r\u00e9forme constitutionnelle.&nbsp;Le Perchoir de l\u2019Assembl\u00e9e nationale fut son point de chute. Au bout de quelques semaines, l\u2019ami du&nbsp;Pr\u00e9sident&nbsp;fut victime d\u2019une p\u00e9tition pr\u00e9conisant une r\u00e9forme visant \u00e0 ramener son mandat de 5 \u00e0 1 an. A la man\u0153uvre, un certain Jean Collin, tout-puissant ministre d\u2019\u00c9tat,&nbsp;est index\u00e9. Abdou Diouf s\u2019est d\u00e9lib\u00e9r\u00e9ment abstenu d\u2019interrompre le \u00ab&nbsp;putsch&nbsp;\u00bb contre son amiau nom des&nbsp;\u00ab&nbsp;principes d\u00e9mocratiques&nbsp;\u00bb.&nbsp;De guerre lasse, M. Thiam d\u00e9missionne de la Pr\u00e9sidence et se&nbsp;d\u00e9barrasse&nbsp;en outrede son poste de d\u00e9put\u00e9. Il est remplac\u00e9 par le Dr Daouda Sow, ancien ministre de la Sant\u00e9.&nbsp; En d\u00e9cembre 1988, M. Sow fit face,&nbsp;\u00e0 l\u2019instar de son pr\u00e9d\u00e9cesseur,&nbsp;\u00e0 un nouveau complot parlementaire. Et comme lors du pr\u00e9c\u00e9dent \u00ab&nbsp;pronunciamiento&nbsp;\u00bb, encore des proches de Jean Collin \u00e0 la man\u0153uvre. Daouda Sow, contraint&nbsp;de d\u00e9guerpir,&nbsp;c\u00e8de&nbsp;le fauteuil \u00e0 Abdoul Aziz Ndao, mis sur orbite par le clan Collin.&nbsp;Le&nbsp;virus&nbsp;du Perchoir, dans une nouvelle variante,&nbsp;s\u2019installe&nbsp;et se propage&nbsp;derri\u00e8re le dossier du douillet fauteuil.&nbsp;Il&nbsp;r\u00e9appara\u00eet&nbsp;en&nbsp;2007 sous la pr\u00e9sidence d\u2019un certain Macky Sall. Confortablement install\u00e9&nbsp;avec le&nbsp;pl\u00e9biscite&nbsp;de 131 d\u00e9put\u00e9s,&nbsp;lenouveau&nbsp;Pr\u00e9sident&nbsp;de&nbsp;l\u2019Assembl\u00e9e est&nbsp;rattrap\u00e9 par le syndrome Habib Thiam.&nbsp;En effet,&nbsp;apr\u00e8s seulement quatre mois de pr\u00e9sidence, il est accus\u00e9 par le clan des Wade de vouloir installer une dualit\u00e9 au sommet de l\u2019\u00c9tat, en visant une audition de Karim Wade, fils du Pr\u00e9sident de la R\u00e9publique et tout-puissant ministre \u00ab&nbsp;du ciel et de la terre&nbsp;\u00bb, par allusion \u00e0 l\u2019\u00e9quivalent de quatre portefeuilles minist\u00e9riels&nbsp;sous sa coulpe.&nbsp; La proc\u00e9dure fut rude. Difficile fut la croisade de Doudou Wade, pr\u00e9sident du Groupe parlementaire&nbsp;de la majorit\u00e9&nbsp;et initiateur de la p\u00e9tition pour le d\u00e9part &nbsp;de Macky Sall, de trouver les arguments juridiques pour l\u2019accomplissement de la man\u0153uvre.&nbsp; L\u2019arme non conventionnelle consistant \u00e0 ramener le mandat&nbsp;de 5 \u00e0 1 an, sans&nbsp;passer par le r\u00e9f\u00e9rendum&nbsp;tel que prescrit par&nbsp;notre&nbsp;Charte fondamentale,&nbsp;fut d\u00e9gain\u00e9e. Refusant le fait accompli, Macky Sall qui avait conduit les&nbsp;troupes lib\u00e9rales \u00e0 la victoire aux l\u00e9gislatives,&nbsp;apr\u00e8s avoir \u00e9t\u00e9 le directeur de campagne de Me Wade \u00e0 la pr\u00e9sidentielle de 2007, d\u00e9missionne du Perchoir, dans les m\u00eames conditions que son a\u00een\u00e9 Habib Thiam,&nbsp;une vingtaine d\u2019ann\u00e9es plus t\u00f4t.&nbsp;On conna\u00eet les suites de cette d\u00e9convenue&nbsp;qui a grandement, voire&nbsp;d\u00e9cisivement&nbsp;contribu\u00e9 \u00e0 l\u2019accession de&nbsp;l\u2019actuel&nbsp;Chef de l\u2019\u00c9tat \u00e0 la magistrature supr\u00eame.&nbsp; L\u2019ex-Premier ministre Aminata Tour\u00e9&nbsp;dite Mimi&nbsp;a boud\u00e9 l\u2019H\u00e9micycle ce 12 septembre. Le choix du patron de la majorit\u00e9 ne s\u2019est pas port\u00e9 sur sa personne, apr\u00e8s avoir pourtant men\u00e9 les troupes de Bennoo \u00e0&nbsp;cette&nbsp;victoire \u00e0 la&nbsp;Pyrrhus&nbsp;aux&nbsp;derni\u00e8res&nbsp;l\u00e9gislatives de juillet 2022. C\u2019est&nbsp;dire,&nbsp;\u00e0 la lumi\u00e8re de cette&nbsp;r\u00e9trospective,&nbsp;que des intrigues, tragi-com\u00e9dies&nbsp;et autres jeux de jojo politiciens&nbsp;ont&nbsp;toujours jalonn\u00e9 l\u2019histoire de l\u2019institution parlementaire,&nbsp;et&nbsp;impact\u00e9&nbsp;les illustres personnalit\u00e9s&nbsp;qui l\u2019ont&nbsp;successivement&nbsp;dirig\u00e9e, avec des fortunes diverses. Par Cheikh Lamane Diop, journaliste","og_url":"https:\/\/www.public.sn\/index.php\/2022\/09\/14\/presidence-de-lassemblee-nationale-petit-precis-de-meurtres-fratricides-autour-du-perchoir-par-cheikh-lamane-diop\/","og_site_name":"LE PUBLIC","article_published_time":"2022-09-14T00:27:03+00:00","article_modified_time":"2022-09-14T00:27:05+00:00","og_image":[{"width":799,"height":589,"url":"https:\/\/www.public.sn\/wp-content\/uploads\/2022\/09\/3D47AE27-7FAA-489E-99B6-B5A77E01BF1F.jpeg","type":"image\/jpeg"}],"author":"LA REDACTION","twitter_card":"summary_large_image","twitter_misc":{"\u00c9crit par":"LA REDACTION","Dur\u00e9e de lecture estim\u00e9e":"4 minutes"},"schema":{"@context":"https:\/\/schema.org","@graph":[{"@type":"Article","@id":"https:\/\/www.public.sn\/index.php\/2022\/09\/14\/presidence-de-lassemblee-nationale-petit-precis-de-meurtres-fratricides-autour-du-perchoir-par-cheikh-lamane-diop\/#article","isPartOf":{"@id":"https:\/\/www.public.sn\/index.php\/2022\/09\/14\/presidence-de-lassemblee-nationale-petit-precis-de-meurtres-fratricides-autour-du-perchoir-par-cheikh-lamane-diop\/"},"author":{"name":"LA REDACTION","@id":"https:\/\/www.public.sn\/#\/schema\/person\/e3f4a11b037d4203902db148f9bc8d5a"},"headline":"Pr\u00e9sidence de l\u2019Assembl\u00e9e nationale: petit pr\u00e9cis de meurtres fratricides autour du perchoir (Par Cheikh Lamane Diop).","datePublished":"2022-09-14T00:27:03+00:00","dateModified":"2022-09-14T00:27:05+00:00","mainEntityOfPage":{"@id":"https:\/\/www.public.sn\/index.php\/2022\/09\/14\/presidence-de-lassemblee-nationale-petit-precis-de-meurtres-fratricides-autour-du-perchoir-par-cheikh-lamane-diop\/"},"wordCount":838,"commentCount":0,"publisher":{"@id":"https:\/\/www.public.sn\/#organization"},"image":{"@id":"https:\/\/www.public.sn\/index.php\/2022\/09\/14\/presidence-de-lassemblee-nationale-petit-precis-de-meurtres-fratricides-autour-du-perchoir-par-cheikh-lamane-diop\/#primaryimage"},"thumbnailUrl":"https:\/\/www.public.sn\/wp-content\/uploads\/2022\/09\/3D47AE27-7FAA-489E-99B6-B5A77E01BF1F.jpeg","keywords":["Amadou Mame Diop","Assembl\u00e9e Nationale","Cheikh Lamane Diop","Perchoir","Pr\u00e9sidence"],"articleSection":["ACTUALIT\u00c9S"],"inLanguage":"fr-FR","potentialAction":[{"@type":"CommentAction","name":"Comment","target":["https:\/\/www.public.sn\/index.php\/2022\/09\/14\/presidence-de-lassemblee-nationale-petit-precis-de-meurtres-fratricides-autour-du-perchoir-par-cheikh-lamane-diop\/#respond"]}]},{"@type":"WebPage","@id":"https:\/\/www.public.sn\/index.php\/2022\/09\/14\/presidence-de-lassemblee-nationale-petit-precis-de-meurtres-fratricides-autour-du-perchoir-par-cheikh-lamane-diop\/","url":"https:\/\/www.public.sn\/index.php\/2022\/09\/14\/presidence-de-lassemblee-nationale-petit-precis-de-meurtres-fratricides-autour-du-perchoir-par-cheikh-lamane-diop\/","name":"Pr\u00e9sidence de l\u2019Assembl\u00e9e nationale: petit pr\u00e9cis de meurtres fratricides autour du perchoir (Par Cheikh Lamane Diop). - LE PUBLIC","isPartOf":{"@id":"https:\/\/www.public.sn\/#website"},"primaryImageOfPage":{"@id":"https:\/\/www.public.sn\/index.php\/2022\/09\/14\/presidence-de-lassemblee-nationale-petit-precis-de-meurtres-fratricides-autour-du-perchoir-par-cheikh-lamane-diop\/#primaryimage"},"image":{"@id":"https:\/\/www.public.sn\/index.php\/2022\/09\/14\/presidence-de-lassemblee-nationale-petit-precis-de-meurtres-fratricides-autour-du-perchoir-par-cheikh-lamane-diop\/#primaryimage"},"thumbnailUrl":"https:\/\/www.public.sn\/wp-content\/uploads\/2022\/09\/3D47AE27-7FAA-489E-99B6-B5A77E01BF1F.jpeg","datePublished":"2022-09-14T00:27:03+00:00","dateModified":"2022-09-14T00:27:05+00:00","breadcrumb":{"@id":"https:\/\/www.public.sn\/index.php\/2022\/09\/14\/presidence-de-lassemblee-nationale-petit-precis-de-meurtres-fratricides-autour-du-perchoir-par-cheikh-lamane-diop\/#breadcrumb"},"inLanguage":"fr-FR","potentialAction":[{"@type":"ReadAction","target":["https:\/\/www.public.sn\/index.php\/2022\/09\/14\/presidence-de-lassemblee-nationale-petit-precis-de-meurtres-fratricides-autour-du-perchoir-par-cheikh-lamane-diop\/"]}]},{"@type":"ImageObject","inLanguage":"fr-FR","@id":"https:\/\/www.public.sn\/index.php\/2022\/09\/14\/presidence-de-lassemblee-nationale-petit-precis-de-meurtres-fratricides-autour-du-perchoir-par-cheikh-lamane-diop\/#primaryimage","url":"https:\/\/www.public.sn\/wp-content\/uploads\/2022\/09\/3D47AE27-7FAA-489E-99B6-B5A77E01BF1F.jpeg","contentUrl":"https:\/\/www.public.sn\/wp-content\/uploads\/2022\/09\/3D47AE27-7FAA-489E-99B6-B5A77E01BF1F.jpeg","width":799,"height":589},{"@type":"BreadcrumbList","@id":"https:\/\/www.public.sn\/index.php\/2022\/09\/14\/presidence-de-lassemblee-nationale-petit-precis-de-meurtres-fratricides-autour-du-perchoir-par-cheikh-lamane-diop\/#breadcrumb","itemListElement":[{"@type":"ListItem","position":1,"name":"Accueil","item":"https:\/\/www.public.sn\/"},{"@type":"ListItem","position":2,"name":"Pr\u00e9sidence de l\u2019Assembl\u00e9e nationale: petit pr\u00e9cis de meurtres fratricides autour du perchoir (Par Cheikh Lamane Diop)."}]},{"@type":"WebSite","@id":"https:\/\/www.public.sn\/#website","url":"https:\/\/www.public.sn\/","name":"LE PUBLIC","description":"","publisher":{"@id":"https:\/\/www.public.sn\/#organization"},"potentialAction":[{"@type":"SearchAction","target":{"@type":"EntryPoint","urlTemplate":"https:\/\/www.public.sn\/?s={search_term_string}"},"query-input":{"@type":"PropertyValueSpecification","valueRequired":true,"valueName":"search_term_string"}}],"inLanguage":"fr-FR"},{"@type":"Organization","@id":"https:\/\/www.public.sn\/#organization","name":"LE PUBLIC","url":"https:\/\/www.public.sn\/","logo":{"@type":"ImageObject","inLanguage":"fr-FR","@id":"https:\/\/www.public.sn\/#\/schema\/logo\/image\/","url":"https:\/\/www.public.sn\/wp-content\/uploads\/2024\/05\/cropped-LOGO-PUBLIC.SN_.png","contentUrl":"https:\/\/www.public.sn\/wp-content\/uploads\/2024\/05\/cropped-LOGO-PUBLIC.SN_.png","width":682,"height":192,"caption":"LE PUBLIC"},"image":{"@id":"https:\/\/www.public.sn\/#\/schema\/logo\/image\/"}},{"@type":"Person","@id":"https:\/\/www.public.sn\/#\/schema\/person\/e3f4a11b037d4203902db148f9bc8d5a","name":"LA REDACTION","image":{"@type":"ImageObject","inLanguage":"fr-FR","@id":"https:\/\/www.public.sn\/#\/schema\/person\/image\/","url":"https:\/\/secure.gravatar.com\/avatar\/d6c030db45db2883c075085c5d6c6258654a801a93766b49af0b82d4f454e2a5?s=96&d=mm&r=g","contentUrl":"https:\/\/secure.gravatar.com\/avatar\/d6c030db45db2883c075085c5d6c6258654a801a93766b49af0b82d4f454e2a5?s=96&d=mm&r=g","caption":"LA REDACTION"},"sameAs":["http:\/\/www.public.sn"],"url":"https:\/\/www.public.sn\/index.php\/author\/admin7324\/"}]}},"jetpack_featured_media_url":"https:\/\/www.public.sn\/wp-content\/uploads\/2022\/09\/3D47AE27-7FAA-489E-99B6-B5A77E01BF1F.jpeg","jetpack_sharing_enabled":true,"_links":{"self":[{"href":"https:\/\/www.public.sn\/index.php\/wp-json\/wp\/v2\/posts\/1944","targetHints":{"allow":["GET"]}}],"collection":[{"href":"https:\/\/www.public.sn\/index.php\/wp-json\/wp\/v2\/posts"}],"about":[{"href":"https:\/\/www.public.sn\/index.php\/wp-json\/wp\/v2\/types\/post"}],"author":[{"embeddable":true,"href":"https:\/\/www.public.sn\/index.php\/wp-json\/wp\/v2\/users\/1"}],"replies":[{"embeddable":true,"href":"https:\/\/www.public.sn\/index.php\/wp-json\/wp\/v2\/comments?post=1944"}],"version-history":[{"count":1,"href":"https:\/\/www.public.sn\/index.php\/wp-json\/wp\/v2\/posts\/1944\/revisions"}],"predecessor-version":[{"id":1946,"href":"https:\/\/www.public.sn\/index.php\/wp-json\/wp\/v2\/posts\/1944\/revisions\/1946"}],"wp:featuredmedia":[{"embeddable":true,"href":"https:\/\/www.public.sn\/index.php\/wp-json\/wp\/v2\/media\/1945"}],"wp:attachment":[{"href":"https:\/\/www.public.sn\/index.php\/wp-json\/wp\/v2\/media?parent=1944"}],"wp:term":[{"taxonomy":"category","embeddable":true,"href":"https:\/\/www.public.sn\/index.php\/wp-json\/wp\/v2\/categories?post=1944"},{"taxonomy":"post_tag","embeddable":true,"href":"https:\/\/www.public.sn\/index.php\/wp-json\/wp\/v2\/tags?post=1944"}],"curies":[{"name":"wp","href":"https:\/\/api.w.org\/{rel}","templated":true}]}}