{"id":19459,"date":"2023-04-06T12:15:50","date_gmt":"2023-04-06T12:15:50","guid":{"rendered":"https:\/\/www.public.sn\/?p=19459"},"modified":"2023-04-06T12:15:50","modified_gmt":"2023-04-06T12:15:50","slug":"les-avocats-de-ousmane-sonko-face-a-la-presse","status":"publish","type":"post","link":"https:\/\/www.public.sn\/index.php\/2023\/04\/06\/les-avocats-de-ousmane-sonko-face-a-la-presse\/","title":{"rendered":"Les avocats de Ousmane Sonko face \u00e0 la presse"},"content":{"rendered":"<p><strong>Le cabinet juridique repr\u00e9sentant le maire de Ziguinchor Ousmane Sonko, tiendra une conf\u00e9rence de presse ce le jeudi 6 avril \u00e0 15 heures, suite \u00e0 l\u2019annonce de l\u2019appel fait par le ministre du Tourisme et des Loisirs, Mame Mbaye Niang.<\/strong><\/p><div class=\"publi-paragraphe1\" style=\"margin-top: 10px;margin-bottom: 10px;margin-left: auto;margin-right: auto;text-align: center;\" id=\"publi-1588311050\"><div class=\"publi-adlabel\">Publicit\u00e9<\/div><script async src=\"\/\/pagead2.googlesyndication.com\/pagead\/js\/adsbygoogle.js?client=ca-pub-4089586018074219\" crossorigin=\"anonymous\"><\/script><ins class=\"adsbygoogle\" style=\"display:block;\" data-ad-client=\"ca-pub-4089586018074219\" \ndata-ad-slot=\"2087940154\" \ndata-ad-format=\"auto\"><\/ins>\n<script> \n(adsbygoogle = window.adsbygoogle || []).push({}); \n<\/script>\n<\/div>\n<div class=\"dbe dbe-post-middle dbe-float-center dbe-align-center dbe-column-1 dbe-clearfix no-bg-box-model\">\n<div id=\"dbe-3576-109694411\" class=\"dbe-container dbe-type-code \" data-adid=\"3576\" data-type=\"code\">\n<div id=\"dbe-3576-109694411-place\"><\/div>\n<\/div>\n<\/div>\n<p>Apr\u00e8s avoir \u00e9t\u00e9 reconnu coupable de diffamation lors d\u2019un proc\u00e8s intent\u00e9 par Mame Mbaye Niang, Ousmane Sonko a \u00e9t\u00e9 condamn\u00e9 \u00e0 une peine de deux mois de prison avec sursis et \u00e0 payer 200 millions FCFA de dommages et int\u00e9r\u00eats. Et, cette sentence ne satisfait pas l\u2019ancien ministre de la Jeunesse.<\/p>\n<div class=\"publi-apres-le-contenu\" style=\"margin-top: 10px;margin-bottom: 10px;margin-left: auto;margin-right: auto;text-align: center;\" id=\"publi-2926375542\"><div class=\"publi-adlabel\">Publicit\u00e9<\/div><script async src=\"\/\/pagead2.googlesyndication.com\/pagead\/js\/adsbygoogle.js?client=ca-pub-4089586018074219\" crossorigin=\"anonymous\"><\/script><ins class=\"adsbygoogle\" style=\"display:block;\" data-ad-client=\"ca-pub-4089586018074219\" \ndata-ad-slot=\"2087940154\" \ndata-ad-format=\"auto\"><\/ins>\n<script> \n(adsbygoogle = window.adsbygoogle || []).push({}); \n<\/script>\n<\/div>","protected":false},"excerpt":{"rendered":"<p>Le cabinet juridique repr\u00e9sentant le maire de Ziguinchor Ousmane Sonko, tiendra une conf\u00e9rence de presse ce le jeudi 6 avril \u00e0 15 heures, suite \u00e0 l\u2019annonce de l\u2019appel fait par le ministre du Tourisme et des Loisirs, Mame Mbaye Niang. Apr\u00e8s avoir \u00e9t\u00e9 reconnu coupable de diffamation lors d\u2019un proc\u00e8s intent\u00e9 par Mame Mbaye Niang, Ousmane Sonko a \u00e9t\u00e9 condamn\u00e9 \u00e0 une peine de deux mois de prison avec sursis et \u00e0 payer 200 millions FCFA de dommages et int\u00e9r\u00eats. Et, cette sentence ne satisfait pas l\u2019ancien ministre de la Jeunesse.<\/p>\n","protected":false},"author":7,"featured_media":19463,"comment_status":"open","ping_status":"open","sticky":false,"template":"","format":"standard","meta":{"_jetpack_memberships_contains_paid_content":false,"footnotes":""},"categories":[375,3724,376,1],"tags":[3546,24,1828,306],"class_list":["post-19459","post","type-post","status-publish","format-standard","has-post-thumbnail","hentry","category-actualites","category-justice","category-securite-justice","category-non-classe","tag-avocats","tag-justice","tag-presse","tag-sonko","entry","has-media","owp-thumbs-layout-horizontal","owp-btn-normal","owp-tabs-layout-horizontal","has-no-thumbnails","has-product-nav"],"yoast_head":"<!-- This site is optimized with the Yoast SEO plugin v25.5 - https:\/\/yoast.com\/wordpress\/plugins\/seo\/ -->\n<title>Les avocats de Ousmane Sonko face \u00e0 la presse - LE PUBLIC<\/title>\n<meta name=\"robots\" content=\"index, follow, max-snippet:-1, max-image-preview:large, max-video-preview:-1\" \/>\n<link rel=\"canonical\" href=\"https:\/\/www.public.sn\/index.php\/2023\/04\/06\/les-avocats-de-ousmane-sonko-face-a-la-presse\/\" \/>\n<meta property=\"og:locale\" content=\"fr_FR\" \/>\n<meta property=\"og:type\" content=\"article\" \/>\n<meta property=\"og:title\" content=\"Les avocats de Ousmane Sonko face \u00e0 la presse - LE PUBLIC\" \/>\n<meta property=\"og:description\" content=\"Le cabinet juridique repr\u00e9sentant le maire de Ziguinchor Ousmane Sonko, tiendra une conf\u00e9rence de presse ce le jeudi 6 avril \u00e0 15 heures, suite \u00e0 l\u2019annonce de l\u2019appel fait par le ministre du Tourisme et des Loisirs, Mame Mbaye Niang. Apr\u00e8s avoir \u00e9t\u00e9 reconnu coupable de diffamation lors d\u2019un proc\u00e8s intent\u00e9 par Mame Mbaye Niang, Ousmane Sonko a \u00e9t\u00e9 condamn\u00e9 \u00e0 une peine de deux mois de prison avec sursis et \u00e0 payer 200 millions FCFA de dommages et int\u00e9r\u00eats. Et, cette sentence ne satisfait pas l\u2019ancien ministre de la Jeunesse.\" \/>\n<meta property=\"og:url\" content=\"https:\/\/www.public.sn\/index.php\/2023\/04\/06\/les-avocats-de-ousmane-sonko-face-a-la-presse\/\" \/>\n<meta property=\"og:site_name\" content=\"LE PUBLIC\" \/>\n<meta property=\"article:published_time\" content=\"2023-04-06T12:15:50+00:00\" \/>\n<meta property=\"og:image\" content=\"https:\/\/www.public.sn\/wp-content\/uploads\/2023\/04\/avocat.jpg\" \/>\n\t<meta property=\"og:image:width\" content=\"755\" \/>\n\t<meta property=\"og:image:height\" content=\"445\" \/>\n\t<meta property=\"og:image:type\" content=\"image\/jpeg\" \/>\n<meta name=\"author\" content=\"LA REDACTION\" \/>\n<meta name=\"twitter:card\" content=\"summary_large_image\" \/>\n<meta name=\"twitter:label1\" content=\"\u00c9crit par\" \/>\n\t<meta name=\"twitter:data1\" content=\"LA REDACTION\" \/>\n\t<meta name=\"twitter:label2\" content=\"Dur\u00e9e de lecture estim\u00e9e\" \/>\n\t<meta name=\"twitter:data2\" content=\"1 minute\" \/>\n<script type=\"application\/ld+json\" class=\"yoast-schema-graph\">{\"@context\":\"https:\/\/schema.org\",\"@graph\":[{\"@type\":\"Article\",\"@id\":\"https:\/\/www.public.sn\/index.php\/2023\/04\/06\/les-avocats-de-ousmane-sonko-face-a-la-presse\/#article\",\"isPartOf\":{\"@id\":\"https:\/\/www.public.sn\/index.php\/2023\/04\/06\/les-avocats-de-ousmane-sonko-face-a-la-presse\/\"},\"author\":{\"name\":\"LA REDACTION\",\"@id\":\"https:\/\/www.public.sn\/#\/schema\/person\/cb76c8e1b8becc6be61fb5e92d6d0224\"},\"headline\":\"Les avocats de Ousmane Sonko face \u00e0 la presse\",\"datePublished\":\"2023-04-06T12:15:50+00:00\",\"mainEntityOfPage\":{\"@id\":\"https:\/\/www.public.sn\/index.php\/2023\/04\/06\/les-avocats-de-ousmane-sonko-face-a-la-presse\/\"},\"wordCount\":102,\"commentCount\":0,\"publisher\":{\"@id\":\"https:\/\/www.public.sn\/#organization\"},\"image\":{\"@id\":\"https:\/\/www.public.sn\/index.php\/2023\/04\/06\/les-avocats-de-ousmane-sonko-face-a-la-presse\/#primaryimage\"},\"thumbnailUrl\":\"https:\/\/www.public.sn\/wp-content\/uploads\/2023\/04\/avocat.jpg\",\"keywords\":[\"avocats\",\"Justice\",\"presse\",\"sonko\"],\"articleSection\":[\"ACTUALIT\u00c9S\",\"justice\",\"S\u00c9CURIT\u00c9 &amp; JUSTICE\",\"S\u00c9N\u00c9GAL\"],\"inLanguage\":\"fr-FR\",\"potentialAction\":[{\"@type\":\"CommentAction\",\"name\":\"Comment\",\"target\":[\"https:\/\/www.public.sn\/index.php\/2023\/04\/06\/les-avocats-de-ousmane-sonko-face-a-la-presse\/#respond\"]}]},{\"@type\":\"WebPage\",\"@id\":\"https:\/\/www.public.sn\/index.php\/2023\/04\/06\/les-avocats-de-ousmane-sonko-face-a-la-presse\/\",\"url\":\"https:\/\/www.public.sn\/index.php\/2023\/04\/06\/les-avocats-de-ousmane-sonko-face-a-la-presse\/\",\"name\":\"Les avocats de Ousmane Sonko face \u00e0 la presse - LE PUBLIC\",\"isPartOf\":{\"@id\":\"https:\/\/www.public.sn\/#website\"},\"primaryImageOfPage\":{\"@id\":\"https:\/\/www.public.sn\/index.php\/2023\/04\/06\/les-avocats-de-ousmane-sonko-face-a-la-presse\/#primaryimage\"},\"image\":{\"@id\":\"https:\/\/www.public.sn\/index.php\/2023\/04\/06\/les-avocats-de-ousmane-sonko-face-a-la-presse\/#primaryimage\"},\"thumbnailUrl\":\"https:\/\/www.public.sn\/wp-content\/uploads\/2023\/04\/avocat.jpg\",\"datePublished\":\"2023-04-06T12:15:50+00:00\",\"breadcrumb\":{\"@id\":\"https:\/\/www.public.sn\/index.php\/2023\/04\/06\/les-avocats-de-ousmane-sonko-face-a-la-presse\/#breadcrumb\"},\"inLanguage\":\"fr-FR\",\"potentialAction\":[{\"@type\":\"ReadAction\",\"target\":[\"https:\/\/www.public.sn\/index.php\/2023\/04\/06\/les-avocats-de-ousmane-sonko-face-a-la-presse\/\"]}]},{\"@type\":\"ImageObject\",\"inLanguage\":\"fr-FR\",\"@id\":\"https:\/\/www.public.sn\/index.php\/2023\/04\/06\/les-avocats-de-ousmane-sonko-face-a-la-presse\/#primaryimage\",\"url\":\"https:\/\/www.public.sn\/wp-content\/uploads\/2023\/04\/avocat.jpg\",\"contentUrl\":\"https:\/\/www.public.sn\/wp-content\/uploads\/2023\/04\/avocat.jpg\",\"width\":755,\"height\":445},{\"@type\":\"BreadcrumbList\",\"@id\":\"https:\/\/www.public.sn\/index.php\/2023\/04\/06\/les-avocats-de-ousmane-sonko-face-a-la-presse\/#breadcrumb\",\"itemListElement\":[{\"@type\":\"ListItem\",\"position\":1,\"name\":\"Accueil\",\"item\":\"https:\/\/www.public.sn\/\"},{\"@type\":\"ListItem\",\"position\":2,\"name\":\"Les avocats de Ousmane Sonko face \u00e0 la presse\"}]},{\"@type\":\"WebSite\",\"@id\":\"https:\/\/www.public.sn\/#website\",\"url\":\"https:\/\/www.public.sn\/\",\"name\":\"LE PUBLIC\",\"description\":\"\",\"publisher\":{\"@id\":\"https:\/\/www.public.sn\/#organization\"},\"potentialAction\":[{\"@type\":\"SearchAction\",\"target\":{\"@type\":\"EntryPoint\",\"urlTemplate\":\"https:\/\/www.public.sn\/?s={search_term_string}\"},\"query-input\":{\"@type\":\"PropertyValueSpecification\",\"valueRequired\":true,\"valueName\":\"search_term_string\"}}],\"inLanguage\":\"fr-FR\"},{\"@type\":\"Organization\",\"@id\":\"https:\/\/www.public.sn\/#organization\",\"name\":\"LE PUBLIC\",\"url\":\"https:\/\/www.public.sn\/\",\"logo\":{\"@type\":\"ImageObject\",\"inLanguage\":\"fr-FR\",\"@id\":\"https:\/\/www.public.sn\/#\/schema\/logo\/image\/\",\"url\":\"https:\/\/www.public.sn\/wp-content\/uploads\/2024\/05\/cropped-LOGO-PUBLIC.SN_.png\",\"contentUrl\":\"https:\/\/www.public.sn\/wp-content\/uploads\/2024\/05\/cropped-LOGO-PUBLIC.SN_.png\",\"width\":682,\"height\":192,\"caption\":\"LE PUBLIC\"},\"image\":{\"@id\":\"https:\/\/www.public.sn\/#\/schema\/logo\/image\/\"}},{\"@type\":\"Person\",\"@id\":\"https:\/\/www.public.sn\/#\/schema\/person\/cb76c8e1b8becc6be61fb5e92d6d0224\",\"name\":\"LA REDACTION\",\"image\":{\"@type\":\"ImageObject\",\"inLanguage\":\"fr-FR\",\"@id\":\"https:\/\/www.public.sn\/#\/schema\/person\/image\/\",\"url\":\"https:\/\/secure.gravatar.com\/avatar\/2dce5ddd34b8fef0180efe03aa2a9bee7d953856048f9a16b298190a3178407c?s=96&d=mm&r=g\",\"contentUrl\":\"https:\/\/secure.gravatar.com\/avatar\/2dce5ddd34b8fef0180efe03aa2a9bee7d953856048f9a16b298190a3178407c?s=96&d=mm&r=g\",\"caption\":\"LA REDACTION\"},\"url\":\"https:\/\/www.public.sn\/index.php\/author\/editeurpsn\/\"}]}<\/script>\n<!-- \/ Yoast SEO plugin. -->","yoast_head_json":{"title":"Les avocats de Ousmane Sonko face \u00e0 la presse - LE PUBLIC","robots":{"index":"index","follow":"follow","max-snippet":"max-snippet:-1","max-image-preview":"max-image-preview:large","max-video-preview":"max-video-preview:-1"},"canonical":"https:\/\/www.public.sn\/index.php\/2023\/04\/06\/les-avocats-de-ousmane-sonko-face-a-la-presse\/","og_locale":"fr_FR","og_type":"article","og_title":"Les avocats de Ousmane Sonko face \u00e0 la presse - LE PUBLIC","og_description":"Le cabinet juridique repr\u00e9sentant le maire de Ziguinchor Ousmane Sonko, tiendra une conf\u00e9rence de presse ce le jeudi 6 avril \u00e0 15 heures, suite \u00e0 l\u2019annonce de l\u2019appel fait par le ministre du Tourisme et des Loisirs, Mame Mbaye Niang. Apr\u00e8s avoir \u00e9t\u00e9 reconnu coupable de diffamation lors d\u2019un proc\u00e8s intent\u00e9 par Mame Mbaye Niang, Ousmane Sonko a \u00e9t\u00e9 condamn\u00e9 \u00e0 une peine de deux mois de prison avec sursis et \u00e0 payer 200 millions FCFA de dommages et int\u00e9r\u00eats. Et, cette sentence ne satisfait pas l\u2019ancien ministre de la Jeunesse.","og_url":"https:\/\/www.public.sn\/index.php\/2023\/04\/06\/les-avocats-de-ousmane-sonko-face-a-la-presse\/","og_site_name":"LE PUBLIC","article_published_time":"2023-04-06T12:15:50+00:00","og_image":[{"width":755,"height":445,"url":"https:\/\/www.public.sn\/wp-content\/uploads\/2023\/04\/avocat.jpg","type":"image\/jpeg"}],"author":"LA REDACTION","twitter_card":"summary_large_image","twitter_misc":{"\u00c9crit par":"LA REDACTION","Dur\u00e9e de lecture estim\u00e9e":"1 minute"},"schema":{"@context":"https:\/\/schema.org","@graph":[{"@type":"Article","@id":"https:\/\/www.public.sn\/index.php\/2023\/04\/06\/les-avocats-de-ousmane-sonko-face-a-la-presse\/#article","isPartOf":{"@id":"https:\/\/www.public.sn\/index.php\/2023\/04\/06\/les-avocats-de-ousmane-sonko-face-a-la-presse\/"},"author":{"name":"LA REDACTION","@id":"https:\/\/www.public.sn\/#\/schema\/person\/cb76c8e1b8becc6be61fb5e92d6d0224"},"headline":"Les avocats de Ousmane Sonko face \u00e0 la presse","datePublished":"2023-04-06T12:15:50+00:00","mainEntityOfPage":{"@id":"https:\/\/www.public.sn\/index.php\/2023\/04\/06\/les-avocats-de-ousmane-sonko-face-a-la-presse\/"},"wordCount":102,"commentCount":0,"publisher":{"@id":"https:\/\/www.public.sn\/#organization"},"image":{"@id":"https:\/\/www.public.sn\/index.php\/2023\/04\/06\/les-avocats-de-ousmane-sonko-face-a-la-presse\/#primaryimage"},"thumbnailUrl":"https:\/\/www.public.sn\/wp-content\/uploads\/2023\/04\/avocat.jpg","keywords":["avocats","Justice","presse","sonko"],"articleSection":["ACTUALIT\u00c9S","justice","S\u00c9CURIT\u00c9 &amp; JUSTICE","S\u00c9N\u00c9GAL"],"inLanguage":"fr-FR","potentialAction":[{"@type":"CommentAction","name":"Comment","target":["https:\/\/www.public.sn\/index.php\/2023\/04\/06\/les-avocats-de-ousmane-sonko-face-a-la-presse\/#respond"]}]},{"@type":"WebPage","@id":"https:\/\/www.public.sn\/index.php\/2023\/04\/06\/les-avocats-de-ousmane-sonko-face-a-la-presse\/","url":"https:\/\/www.public.sn\/index.php\/2023\/04\/06\/les-avocats-de-ousmane-sonko-face-a-la-presse\/","name":"Les avocats de Ousmane Sonko face \u00e0 la presse - LE PUBLIC","isPartOf":{"@id":"https:\/\/www.public.sn\/#website"},"primaryImageOfPage":{"@id":"https:\/\/www.public.sn\/index.php\/2023\/04\/06\/les-avocats-de-ousmane-sonko-face-a-la-presse\/#primaryimage"},"image":{"@id":"https:\/\/www.public.sn\/index.php\/2023\/04\/06\/les-avocats-de-ousmane-sonko-face-a-la-presse\/#primaryimage"},"thumbnailUrl":"https:\/\/www.public.sn\/wp-content\/uploads\/2023\/04\/avocat.jpg","datePublished":"2023-04-06T12:15:50+00:00","breadcrumb":{"@id":"https:\/\/www.public.sn\/index.php\/2023\/04\/06\/les-avocats-de-ousmane-sonko-face-a-la-presse\/#breadcrumb"},"inLanguage":"fr-FR","potentialAction":[{"@type":"ReadAction","target":["https:\/\/www.public.sn\/index.php\/2023\/04\/06\/les-avocats-de-ousmane-sonko-face-a-la-presse\/"]}]},{"@type":"ImageObject","inLanguage":"fr-FR","@id":"https:\/\/www.public.sn\/index.php\/2023\/04\/06\/les-avocats-de-ousmane-sonko-face-a-la-presse\/#primaryimage","url":"https:\/\/www.public.sn\/wp-content\/uploads\/2023\/04\/avocat.jpg","contentUrl":"https:\/\/www.public.sn\/wp-content\/uploads\/2023\/04\/avocat.jpg","width":755,"height":445},{"@type":"BreadcrumbList","@id":"https:\/\/www.public.sn\/index.php\/2023\/04\/06\/les-avocats-de-ousmane-sonko-face-a-la-presse\/#breadcrumb","itemListElement":[{"@type":"ListItem","position":1,"name":"Accueil","item":"https:\/\/www.public.sn\/"},{"@type":"ListItem","position":2,"name":"Les avocats de Ousmane Sonko face \u00e0 la presse"}]},{"@type":"WebSite","@id":"https:\/\/www.public.sn\/#website","url":"https:\/\/www.public.sn\/","name":"LE PUBLIC","description":"","publisher":{"@id":"https:\/\/www.public.sn\/#organization"},"potentialAction":[{"@type":"SearchAction","target":{"@type":"EntryPoint","urlTemplate":"https:\/\/www.public.sn\/?s={search_term_string}"},"query-input":{"@type":"PropertyValueSpecification","valueRequired":true,"valueName":"search_term_string"}}],"inLanguage":"fr-FR"},{"@type":"Organization","@id":"https:\/\/www.public.sn\/#organization","name":"LE PUBLIC","url":"https:\/\/www.public.sn\/","logo":{"@type":"ImageObject","inLanguage":"fr-FR","@id":"https:\/\/www.public.sn\/#\/schema\/logo\/image\/","url":"https:\/\/www.public.sn\/wp-content\/uploads\/2024\/05\/cropped-LOGO-PUBLIC.SN_.png","contentUrl":"https:\/\/www.public.sn\/wp-content\/uploads\/2024\/05\/cropped-LOGO-PUBLIC.SN_.png","width":682,"height":192,"caption":"LE PUBLIC"},"image":{"@id":"https:\/\/www.public.sn\/#\/schema\/logo\/image\/"}},{"@type":"Person","@id":"https:\/\/www.public.sn\/#\/schema\/person\/cb76c8e1b8becc6be61fb5e92d6d0224","name":"LA REDACTION","image":{"@type":"ImageObject","inLanguage":"fr-FR","@id":"https:\/\/www.public.sn\/#\/schema\/person\/image\/","url":"https:\/\/secure.gravatar.com\/avatar\/2dce5ddd34b8fef0180efe03aa2a9bee7d953856048f9a16b298190a3178407c?s=96&d=mm&r=g","contentUrl":"https:\/\/secure.gravatar.com\/avatar\/2dce5ddd34b8fef0180efe03aa2a9bee7d953856048f9a16b298190a3178407c?s=96&d=mm&r=g","caption":"LA REDACTION"},"url":"https:\/\/www.public.sn\/index.php\/author\/editeurpsn\/"}]}},"jetpack_featured_media_url":"https:\/\/www.public.sn\/wp-content\/uploads\/2023\/04\/avocat.jpg","jetpack_sharing_enabled":true,"_links":{"self":[{"href":"https:\/\/www.public.sn\/index.php\/wp-json\/wp\/v2\/posts\/19459","targetHints":{"allow":["GET"]}}],"collection":[{"href":"https:\/\/www.public.sn\/index.php\/wp-json\/wp\/v2\/posts"}],"about":[{"href":"https:\/\/www.public.sn\/index.php\/wp-json\/wp\/v2\/types\/post"}],"author":[{"embeddable":true,"href":"https:\/\/www.public.sn\/index.php\/wp-json\/wp\/v2\/users\/7"}],"replies":[{"embeddable":true,"href":"https:\/\/www.public.sn\/index.php\/wp-json\/wp\/v2\/comments?post=19459"}],"version-history":[{"count":1,"href":"https:\/\/www.public.sn\/index.php\/wp-json\/wp\/v2\/posts\/19459\/revisions"}],"predecessor-version":[{"id":19464,"href":"https:\/\/www.public.sn\/index.php\/wp-json\/wp\/v2\/posts\/19459\/revisions\/19464"}],"wp:featuredmedia":[{"embeddable":true,"href":"https:\/\/www.public.sn\/index.php\/wp-json\/wp\/v2\/media\/19463"}],"wp:attachment":[{"href":"https:\/\/www.public.sn\/index.php\/wp-json\/wp\/v2\/media?parent=19459"}],"wp:term":[{"taxonomy":"category","embeddable":true,"href":"https:\/\/www.public.sn\/index.php\/wp-json\/wp\/v2\/categories?post=19459"},{"taxonomy":"post_tag","embeddable":true,"href":"https:\/\/www.public.sn\/index.php\/wp-json\/wp\/v2\/tags?post=19459"}],"curies":[{"name":"wp","href":"https:\/\/api.w.org\/{rel}","templated":true}]}}