{"id":19465,"date":"2023-04-06T14:19:03","date_gmt":"2023-04-06T14:19:03","guid":{"rendered":"https:\/\/www.public.sn\/?p=19465"},"modified":"2023-04-06T14:19:03","modified_gmt":"2023-04-06T14:19:03","slug":"la-revision-des-listes-electorales-demarre-ce-jeudi","status":"publish","type":"post","link":"https:\/\/www.public.sn\/index.php\/2023\/04\/06\/la-revision-des-listes-electorales-demarre-ce-jeudi\/","title":{"rendered":"La r\u00e9vision des listes \u00e9lectorales d\u00e9marre ce jeudi !"},"content":{"rendered":"<p><strong>La r\u00e9vision exceptionnelle des listes \u00e9lectorales en vue de l\u2019\u00e9lection pr\u00e9sidentielle du 25 f\u00e9vrier 2024 va d\u00e9marrer \u00e0 partir de ce mercredi 6 avril jusqu\u2019au samedi 06 mai 2023, au S\u00e9n\u00e9gal et \u00e0 l\u2019\u00e9tranger. Une campagne d\u2019inscription sur fond de pol\u00e9mique li\u00e9e \u00e0 la 3e candidature de Macky Sall.<\/strong><\/p><div class=\"publi-paragraphe1\" style=\"margin-top: 10px;margin-bottom: 10px;margin-left: auto;margin-right: auto;text-align: center;\" id=\"publi-343760876\"><div class=\"publi-adlabel\">Publicit\u00e9<\/div><script async src=\"\/\/pagead2.googlesyndication.com\/pagead\/js\/adsbygoogle.js?client=ca-pub-4089586018074219\" crossorigin=\"anonymous\"><\/script><ins class=\"adsbygoogle\" style=\"display:block;\" data-ad-client=\"ca-pub-4089586018074219\" \ndata-ad-slot=\"2087940154\" \ndata-ad-format=\"auto\"><\/ins>\n<script> \n(adsbygoogle = window.adsbygoogle || []).push({}); \n<\/script>\n<\/div>\n<div class=\"dbe dbe-post-middle dbe-float-center dbe-align-center dbe-column-1 dbe-clearfix no-bg-box-model\">\n<div id=\"dbe-3576-737906089\" class=\"dbe-container dbe-type-code \" data-adid=\"3576\" data-type=\"code\">\n<div id=\"dbe-3576-737906089-place\"><\/div>\n<\/div>\n<\/div>\n<p>Pour rappel avant chaque \u00e9lection g\u00e9n\u00e9rale, une r\u00e9vision exceptionnelle des listes \u00e9lectorales est d\u00e9cid\u00e9e par d\u00e9cret. Une mani\u00e8re de mettre \u00e0 jour les listes \u00e9lectorales, mais \u00e9galement de permettre aux S\u00e9n\u00e9galais qui auront dix-huit (18) ans r\u00e9volus \u00e0 cette date, mais aussi \u00e0 tout autre citoyen remplissant les conditions requises et n\u2019ayant pas encore accompli cette formalit\u00e9 de pouvoir s\u2019inscrire\u2026 Ou changer de lieu de vote\u2026<\/p>\n<p>Pour une nouvelle inscription sur les listes \u00e9lectorales, il faut obligatoirement avoir une carte d\u2019identit\u00e9 Cedeao et un justificatif d\u2019adresse (carte consulaire, contrat de location, certificat de travail ou tout autre document pouvant justifier\u2026)<\/p>\n<div class=\"publi-apres-le-contenu\" style=\"margin-top: 10px;margin-bottom: 10px;margin-left: auto;margin-right: auto;text-align: center;\" id=\"publi-2253029490\"><div class=\"publi-adlabel\">Publicit\u00e9<\/div><script async src=\"\/\/pagead2.googlesyndication.com\/pagead\/js\/adsbygoogle.js?client=ca-pub-4089586018074219\" crossorigin=\"anonymous\"><\/script><ins class=\"adsbygoogle\" style=\"display:block;\" data-ad-client=\"ca-pub-4089586018074219\" \ndata-ad-slot=\"2087940154\" \ndata-ad-format=\"auto\"><\/ins>\n<script> \n(adsbygoogle = window.adsbygoogle || []).push({}); \n<\/script>\n<\/div>","protected":false},"excerpt":{"rendered":"<p>La r\u00e9vision exceptionnelle des listes \u00e9lectorales en vue de l\u2019\u00e9lection pr\u00e9sidentielle du 25 f\u00e9vrier 2024 va d\u00e9marrer \u00e0 partir de ce mercredi 6 avril jusqu\u2019au samedi 06 mai 2023, au S\u00e9n\u00e9gal et \u00e0 l\u2019\u00e9tranger. Une campagne d\u2019inscription sur fond de pol\u00e9mique li\u00e9e \u00e0 la 3e candidature de Macky Sall. Pour rappel avant chaque \u00e9lection g\u00e9n\u00e9rale, une r\u00e9vision exceptionnelle des listes \u00e9lectorales est d\u00e9cid\u00e9e par d\u00e9cret. Une mani\u00e8re de mettre \u00e0 jour les listes \u00e9lectorales, mais \u00e9galement de permettre aux S\u00e9n\u00e9galais qui auront dix-huit (18) ans r\u00e9volus \u00e0 cette date, mais aussi \u00e0 tout autre citoyen remplissant les conditions requises et n\u2019ayant pas encore accompli cette formalit\u00e9 de pouvoir s\u2019inscrire\u2026 Ou changer de lieu de vote\u2026 Pour une nouvelle inscription sur les listes \u00e9lectorales, il faut obligatoirement avoir une carte d\u2019identit\u00e9 Cedeao et un justificatif d\u2019adresse (carte consulaire, contrat de location, certificat de travail ou tout autre document pouvant justifier\u2026)<\/p>\n","protected":false},"author":7,"featured_media":19469,"comment_status":"open","ping_status":"open","sticky":false,"template":"","format":"standard","meta":{"_jetpack_memberships_contains_paid_content":false,"footnotes":""},"categories":[375,3,376,1],"tags":[463,5076,4249],"class_list":["post-19465","post","type-post","status-publish","format-standard","has-post-thumbnail","hentry","category-actualites","category-politique","category-securite-justice","category-non-classe","tag-election","tag-liste-electoral","tag-revision","entry","has-media","owp-thumbs-layout-horizontal","owp-btn-normal","owp-tabs-layout-horizontal","has-no-thumbnails","has-product-nav"],"yoast_head":"<!-- This site is optimized with the Yoast SEO plugin v25.5 - https:\/\/yoast.com\/wordpress\/plugins\/seo\/ -->\n<title>La r\u00e9vision des listes \u00e9lectorales d\u00e9marre ce jeudi ! - LE PUBLIC<\/title>\n<meta name=\"robots\" content=\"index, follow, max-snippet:-1, max-image-preview:large, max-video-preview:-1\" \/>\n<link rel=\"canonical\" href=\"https:\/\/www.public.sn\/index.php\/2023\/04\/06\/la-revision-des-listes-electorales-demarre-ce-jeudi\/\" \/>\n<meta property=\"og:locale\" content=\"fr_FR\" \/>\n<meta property=\"og:type\" content=\"article\" \/>\n<meta property=\"og:title\" content=\"La r\u00e9vision des listes \u00e9lectorales d\u00e9marre ce jeudi ! - LE PUBLIC\" \/>\n<meta property=\"og:description\" content=\"La r\u00e9vision exceptionnelle des listes \u00e9lectorales en vue de l\u2019\u00e9lection pr\u00e9sidentielle du 25 f\u00e9vrier 2024 va d\u00e9marrer \u00e0 partir de ce mercredi 6 avril jusqu\u2019au samedi 06 mai 2023, au S\u00e9n\u00e9gal et \u00e0 l\u2019\u00e9tranger. Une campagne d\u2019inscription sur fond de pol\u00e9mique li\u00e9e \u00e0 la 3e candidature de Macky Sall. Pour rappel avant chaque \u00e9lection g\u00e9n\u00e9rale, une r\u00e9vision exceptionnelle des listes \u00e9lectorales est d\u00e9cid\u00e9e par d\u00e9cret. Une mani\u00e8re de mettre \u00e0 jour les listes \u00e9lectorales, mais \u00e9galement de permettre aux S\u00e9n\u00e9galais qui auront dix-huit (18) ans r\u00e9volus \u00e0 cette date, mais aussi \u00e0 tout autre citoyen remplissant les conditions requises et n\u2019ayant pas encore accompli cette formalit\u00e9 de pouvoir s\u2019inscrire\u2026 Ou changer de lieu de vote\u2026 Pour une nouvelle inscription sur les listes \u00e9lectorales, il faut obligatoirement avoir une carte d\u2019identit\u00e9 Cedeao et un justificatif d\u2019adresse (carte consulaire, contrat de location, certificat de travail ou tout autre document pouvant justifier\u2026)\" \/>\n<meta property=\"og:url\" content=\"https:\/\/www.public.sn\/index.php\/2023\/04\/06\/la-revision-des-listes-electorales-demarre-ce-jeudi\/\" \/>\n<meta property=\"og:site_name\" content=\"LE PUBLIC\" \/>\n<meta property=\"article:published_time\" content=\"2023-04-06T14:19:03+00:00\" \/>\n<meta property=\"og:image\" content=\"https:\/\/www.public.sn\/wp-content\/uploads\/2023\/04\/Presidentielle-2024-Debut-de-la-revision-des-listes-electorales.jpg\" \/>\n\t<meta property=\"og:image:width\" content=\"600\" \/>\n\t<meta property=\"og:image:height\" content=\"343\" \/>\n\t<meta property=\"og:image:type\" content=\"image\/jpeg\" \/>\n<meta name=\"author\" content=\"LA REDACTION\" \/>\n<meta name=\"twitter:card\" content=\"summary_large_image\" \/>\n<meta name=\"twitter:label1\" content=\"\u00c9crit par\" \/>\n\t<meta name=\"twitter:data1\" content=\"LA REDACTION\" \/>\n\t<meta name=\"twitter:label2\" content=\"Dur\u00e9e de lecture estim\u00e9e\" \/>\n\t<meta name=\"twitter:data2\" content=\"1 minute\" \/>\n<script type=\"application\/ld+json\" class=\"yoast-schema-graph\">{\"@context\":\"https:\/\/schema.org\",\"@graph\":[{\"@type\":\"Article\",\"@id\":\"https:\/\/www.public.sn\/index.php\/2023\/04\/06\/la-revision-des-listes-electorales-demarre-ce-jeudi\/#article\",\"isPartOf\":{\"@id\":\"https:\/\/www.public.sn\/index.php\/2023\/04\/06\/la-revision-des-listes-electorales-demarre-ce-jeudi\/\"},\"author\":{\"name\":\"LA REDACTION\",\"@id\":\"https:\/\/www.public.sn\/#\/schema\/person\/cb76c8e1b8becc6be61fb5e92d6d0224\"},\"headline\":\"La r\u00e9vision des listes \u00e9lectorales d\u00e9marre ce jeudi !\",\"datePublished\":\"2023-04-06T14:19:03+00:00\",\"mainEntityOfPage\":{\"@id\":\"https:\/\/www.public.sn\/index.php\/2023\/04\/06\/la-revision-des-listes-electorales-demarre-ce-jeudi\/\"},\"wordCount\":173,\"commentCount\":0,\"publisher\":{\"@id\":\"https:\/\/www.public.sn\/#organization\"},\"image\":{\"@id\":\"https:\/\/www.public.sn\/index.php\/2023\/04\/06\/la-revision-des-listes-electorales-demarre-ce-jeudi\/#primaryimage\"},\"thumbnailUrl\":\"https:\/\/www.public.sn\/wp-content\/uploads\/2023\/04\/Presidentielle-2024-Debut-de-la-revision-des-listes-electorales.jpg\",\"keywords\":[\"\u00c9lection\",\"liste electoral\",\"r\u00e9vision\"],\"articleSection\":[\"ACTUALIT\u00c9S\",\"POLITIQUE\",\"S\u00c9CURIT\u00c9 &amp; JUSTICE\",\"S\u00c9N\u00c9GAL\"],\"inLanguage\":\"fr-FR\",\"potentialAction\":[{\"@type\":\"CommentAction\",\"name\":\"Comment\",\"target\":[\"https:\/\/www.public.sn\/index.php\/2023\/04\/06\/la-revision-des-listes-electorales-demarre-ce-jeudi\/#respond\"]}]},{\"@type\":\"WebPage\",\"@id\":\"https:\/\/www.public.sn\/index.php\/2023\/04\/06\/la-revision-des-listes-electorales-demarre-ce-jeudi\/\",\"url\":\"https:\/\/www.public.sn\/index.php\/2023\/04\/06\/la-revision-des-listes-electorales-demarre-ce-jeudi\/\",\"name\":\"La r\u00e9vision des listes \u00e9lectorales d\u00e9marre ce jeudi ! - LE PUBLIC\",\"isPartOf\":{\"@id\":\"https:\/\/www.public.sn\/#website\"},\"primaryImageOfPage\":{\"@id\":\"https:\/\/www.public.sn\/index.php\/2023\/04\/06\/la-revision-des-listes-electorales-demarre-ce-jeudi\/#primaryimage\"},\"image\":{\"@id\":\"https:\/\/www.public.sn\/index.php\/2023\/04\/06\/la-revision-des-listes-electorales-demarre-ce-jeudi\/#primaryimage\"},\"thumbnailUrl\":\"https:\/\/www.public.sn\/wp-content\/uploads\/2023\/04\/Presidentielle-2024-Debut-de-la-revision-des-listes-electorales.jpg\",\"datePublished\":\"2023-04-06T14:19:03+00:00\",\"breadcrumb\":{\"@id\":\"https:\/\/www.public.sn\/index.php\/2023\/04\/06\/la-revision-des-listes-electorales-demarre-ce-jeudi\/#breadcrumb\"},\"inLanguage\":\"fr-FR\",\"potentialAction\":[{\"@type\":\"ReadAction\",\"target\":[\"https:\/\/www.public.sn\/index.php\/2023\/04\/06\/la-revision-des-listes-electorales-demarre-ce-jeudi\/\"]}]},{\"@type\":\"ImageObject\",\"inLanguage\":\"fr-FR\",\"@id\":\"https:\/\/www.public.sn\/index.php\/2023\/04\/06\/la-revision-des-listes-electorales-demarre-ce-jeudi\/#primaryimage\",\"url\":\"https:\/\/www.public.sn\/wp-content\/uploads\/2023\/04\/Presidentielle-2024-Debut-de-la-revision-des-listes-electorales.jpg\",\"contentUrl\":\"https:\/\/www.public.sn\/wp-content\/uploads\/2023\/04\/Presidentielle-2024-Debut-de-la-revision-des-listes-electorales.jpg\",\"width\":600,\"height\":343},{\"@type\":\"BreadcrumbList\",\"@id\":\"https:\/\/www.public.sn\/index.php\/2023\/04\/06\/la-revision-des-listes-electorales-demarre-ce-jeudi\/#breadcrumb\",\"itemListElement\":[{\"@type\":\"ListItem\",\"position\":1,\"name\":\"Accueil\",\"item\":\"https:\/\/www.public.sn\/\"},{\"@type\":\"ListItem\",\"position\":2,\"name\":\"La r\u00e9vision des listes \u00e9lectorales d\u00e9marre ce jeudi !\"}]},{\"@type\":\"WebSite\",\"@id\":\"https:\/\/www.public.sn\/#website\",\"url\":\"https:\/\/www.public.sn\/\",\"name\":\"LE PUBLIC\",\"description\":\"\",\"publisher\":{\"@id\":\"https:\/\/www.public.sn\/#organization\"},\"potentialAction\":[{\"@type\":\"SearchAction\",\"target\":{\"@type\":\"EntryPoint\",\"urlTemplate\":\"https:\/\/www.public.sn\/?s={search_term_string}\"},\"query-input\":{\"@type\":\"PropertyValueSpecification\",\"valueRequired\":true,\"valueName\":\"search_term_string\"}}],\"inLanguage\":\"fr-FR\"},{\"@type\":\"Organization\",\"@id\":\"https:\/\/www.public.sn\/#organization\",\"name\":\"LE PUBLIC\",\"url\":\"https:\/\/www.public.sn\/\",\"logo\":{\"@type\":\"ImageObject\",\"inLanguage\":\"fr-FR\",\"@id\":\"https:\/\/www.public.sn\/#\/schema\/logo\/image\/\",\"url\":\"https:\/\/www.public.sn\/wp-content\/uploads\/2024\/05\/cropped-LOGO-PUBLIC.SN_.png\",\"contentUrl\":\"https:\/\/www.public.sn\/wp-content\/uploads\/2024\/05\/cropped-LOGO-PUBLIC.SN_.png\",\"width\":682,\"height\":192,\"caption\":\"LE PUBLIC\"},\"image\":{\"@id\":\"https:\/\/www.public.sn\/#\/schema\/logo\/image\/\"}},{\"@type\":\"Person\",\"@id\":\"https:\/\/www.public.sn\/#\/schema\/person\/cb76c8e1b8becc6be61fb5e92d6d0224\",\"name\":\"LA REDACTION\",\"image\":{\"@type\":\"ImageObject\",\"inLanguage\":\"fr-FR\",\"@id\":\"https:\/\/www.public.sn\/#\/schema\/person\/image\/\",\"url\":\"https:\/\/secure.gravatar.com\/avatar\/2dce5ddd34b8fef0180efe03aa2a9bee7d953856048f9a16b298190a3178407c?s=96&d=mm&r=g\",\"contentUrl\":\"https:\/\/secure.gravatar.com\/avatar\/2dce5ddd34b8fef0180efe03aa2a9bee7d953856048f9a16b298190a3178407c?s=96&d=mm&r=g\",\"caption\":\"LA REDACTION\"},\"url\":\"https:\/\/www.public.sn\/index.php\/author\/editeurpsn\/\"}]}<\/script>\n<!-- \/ Yoast SEO plugin. -->","yoast_head_json":{"title":"La r\u00e9vision des listes \u00e9lectorales d\u00e9marre ce jeudi ! - LE PUBLIC","robots":{"index":"index","follow":"follow","max-snippet":"max-snippet:-1","max-image-preview":"max-image-preview:large","max-video-preview":"max-video-preview:-1"},"canonical":"https:\/\/www.public.sn\/index.php\/2023\/04\/06\/la-revision-des-listes-electorales-demarre-ce-jeudi\/","og_locale":"fr_FR","og_type":"article","og_title":"La r\u00e9vision des listes \u00e9lectorales d\u00e9marre ce jeudi ! - LE PUBLIC","og_description":"La r\u00e9vision exceptionnelle des listes \u00e9lectorales en vue de l\u2019\u00e9lection pr\u00e9sidentielle du 25 f\u00e9vrier 2024 va d\u00e9marrer \u00e0 partir de ce mercredi 6 avril jusqu\u2019au samedi 06 mai 2023, au S\u00e9n\u00e9gal et \u00e0 l\u2019\u00e9tranger. Une campagne d\u2019inscription sur fond de pol\u00e9mique li\u00e9e \u00e0 la 3e candidature de Macky Sall. Pour rappel avant chaque \u00e9lection g\u00e9n\u00e9rale, une r\u00e9vision exceptionnelle des listes \u00e9lectorales est d\u00e9cid\u00e9e par d\u00e9cret. Une mani\u00e8re de mettre \u00e0 jour les listes \u00e9lectorales, mais \u00e9galement de permettre aux S\u00e9n\u00e9galais qui auront dix-huit (18) ans r\u00e9volus \u00e0 cette date, mais aussi \u00e0 tout autre citoyen remplissant les conditions requises et n\u2019ayant pas encore accompli cette formalit\u00e9 de pouvoir s\u2019inscrire\u2026 Ou changer de lieu de vote\u2026 Pour une nouvelle inscription sur les listes \u00e9lectorales, il faut obligatoirement avoir une carte d\u2019identit\u00e9 Cedeao et un justificatif d\u2019adresse (carte consulaire, contrat de location, certificat de travail ou tout autre document pouvant justifier\u2026)","og_url":"https:\/\/www.public.sn\/index.php\/2023\/04\/06\/la-revision-des-listes-electorales-demarre-ce-jeudi\/","og_site_name":"LE PUBLIC","article_published_time":"2023-04-06T14:19:03+00:00","og_image":[{"width":600,"height":343,"url":"https:\/\/www.public.sn\/wp-content\/uploads\/2023\/04\/Presidentielle-2024-Debut-de-la-revision-des-listes-electorales.jpg","type":"image\/jpeg"}],"author":"LA REDACTION","twitter_card":"summary_large_image","twitter_misc":{"\u00c9crit par":"LA REDACTION","Dur\u00e9e de lecture estim\u00e9e":"1 minute"},"schema":{"@context":"https:\/\/schema.org","@graph":[{"@type":"Article","@id":"https:\/\/www.public.sn\/index.php\/2023\/04\/06\/la-revision-des-listes-electorales-demarre-ce-jeudi\/#article","isPartOf":{"@id":"https:\/\/www.public.sn\/index.php\/2023\/04\/06\/la-revision-des-listes-electorales-demarre-ce-jeudi\/"},"author":{"name":"LA REDACTION","@id":"https:\/\/www.public.sn\/#\/schema\/person\/cb76c8e1b8becc6be61fb5e92d6d0224"},"headline":"La r\u00e9vision des listes \u00e9lectorales d\u00e9marre ce jeudi !","datePublished":"2023-04-06T14:19:03+00:00","mainEntityOfPage":{"@id":"https:\/\/www.public.sn\/index.php\/2023\/04\/06\/la-revision-des-listes-electorales-demarre-ce-jeudi\/"},"wordCount":173,"commentCount":0,"publisher":{"@id":"https:\/\/www.public.sn\/#organization"},"image":{"@id":"https:\/\/www.public.sn\/index.php\/2023\/04\/06\/la-revision-des-listes-electorales-demarre-ce-jeudi\/#primaryimage"},"thumbnailUrl":"https:\/\/www.public.sn\/wp-content\/uploads\/2023\/04\/Presidentielle-2024-Debut-de-la-revision-des-listes-electorales.jpg","keywords":["\u00c9lection","liste electoral","r\u00e9vision"],"articleSection":["ACTUALIT\u00c9S","POLITIQUE","S\u00c9CURIT\u00c9 &amp; JUSTICE","S\u00c9N\u00c9GAL"],"inLanguage":"fr-FR","potentialAction":[{"@type":"CommentAction","name":"Comment","target":["https:\/\/www.public.sn\/index.php\/2023\/04\/06\/la-revision-des-listes-electorales-demarre-ce-jeudi\/#respond"]}]},{"@type":"WebPage","@id":"https:\/\/www.public.sn\/index.php\/2023\/04\/06\/la-revision-des-listes-electorales-demarre-ce-jeudi\/","url":"https:\/\/www.public.sn\/index.php\/2023\/04\/06\/la-revision-des-listes-electorales-demarre-ce-jeudi\/","name":"La r\u00e9vision des listes \u00e9lectorales d\u00e9marre ce jeudi ! - LE PUBLIC","isPartOf":{"@id":"https:\/\/www.public.sn\/#website"},"primaryImageOfPage":{"@id":"https:\/\/www.public.sn\/index.php\/2023\/04\/06\/la-revision-des-listes-electorales-demarre-ce-jeudi\/#primaryimage"},"image":{"@id":"https:\/\/www.public.sn\/index.php\/2023\/04\/06\/la-revision-des-listes-electorales-demarre-ce-jeudi\/#primaryimage"},"thumbnailUrl":"https:\/\/www.public.sn\/wp-content\/uploads\/2023\/04\/Presidentielle-2024-Debut-de-la-revision-des-listes-electorales.jpg","datePublished":"2023-04-06T14:19:03+00:00","breadcrumb":{"@id":"https:\/\/www.public.sn\/index.php\/2023\/04\/06\/la-revision-des-listes-electorales-demarre-ce-jeudi\/#breadcrumb"},"inLanguage":"fr-FR","potentialAction":[{"@type":"ReadAction","target":["https:\/\/www.public.sn\/index.php\/2023\/04\/06\/la-revision-des-listes-electorales-demarre-ce-jeudi\/"]}]},{"@type":"ImageObject","inLanguage":"fr-FR","@id":"https:\/\/www.public.sn\/index.php\/2023\/04\/06\/la-revision-des-listes-electorales-demarre-ce-jeudi\/#primaryimage","url":"https:\/\/www.public.sn\/wp-content\/uploads\/2023\/04\/Presidentielle-2024-Debut-de-la-revision-des-listes-electorales.jpg","contentUrl":"https:\/\/www.public.sn\/wp-content\/uploads\/2023\/04\/Presidentielle-2024-Debut-de-la-revision-des-listes-electorales.jpg","width":600,"height":343},{"@type":"BreadcrumbList","@id":"https:\/\/www.public.sn\/index.php\/2023\/04\/06\/la-revision-des-listes-electorales-demarre-ce-jeudi\/#breadcrumb","itemListElement":[{"@type":"ListItem","position":1,"name":"Accueil","item":"https:\/\/www.public.sn\/"},{"@type":"ListItem","position":2,"name":"La r\u00e9vision des listes \u00e9lectorales d\u00e9marre ce jeudi !"}]},{"@type":"WebSite","@id":"https:\/\/www.public.sn\/#website","url":"https:\/\/www.public.sn\/","name":"LE PUBLIC","description":"","publisher":{"@id":"https:\/\/www.public.sn\/#organization"},"potentialAction":[{"@type":"SearchAction","target":{"@type":"EntryPoint","urlTemplate":"https:\/\/www.public.sn\/?s={search_term_string}"},"query-input":{"@type":"PropertyValueSpecification","valueRequired":true,"valueName":"search_term_string"}}],"inLanguage":"fr-FR"},{"@type":"Organization","@id":"https:\/\/www.public.sn\/#organization","name":"LE PUBLIC","url":"https:\/\/www.public.sn\/","logo":{"@type":"ImageObject","inLanguage":"fr-FR","@id":"https:\/\/www.public.sn\/#\/schema\/logo\/image\/","url":"https:\/\/www.public.sn\/wp-content\/uploads\/2024\/05\/cropped-LOGO-PUBLIC.SN_.png","contentUrl":"https:\/\/www.public.sn\/wp-content\/uploads\/2024\/05\/cropped-LOGO-PUBLIC.SN_.png","width":682,"height":192,"caption":"LE PUBLIC"},"image":{"@id":"https:\/\/www.public.sn\/#\/schema\/logo\/image\/"}},{"@type":"Person","@id":"https:\/\/www.public.sn\/#\/schema\/person\/cb76c8e1b8becc6be61fb5e92d6d0224","name":"LA REDACTION","image":{"@type":"ImageObject","inLanguage":"fr-FR","@id":"https:\/\/www.public.sn\/#\/schema\/person\/image\/","url":"https:\/\/secure.gravatar.com\/avatar\/2dce5ddd34b8fef0180efe03aa2a9bee7d953856048f9a16b298190a3178407c?s=96&d=mm&r=g","contentUrl":"https:\/\/secure.gravatar.com\/avatar\/2dce5ddd34b8fef0180efe03aa2a9bee7d953856048f9a16b298190a3178407c?s=96&d=mm&r=g","caption":"LA REDACTION"},"url":"https:\/\/www.public.sn\/index.php\/author\/editeurpsn\/"}]}},"jetpack_featured_media_url":"https:\/\/www.public.sn\/wp-content\/uploads\/2023\/04\/Presidentielle-2024-Debut-de-la-revision-des-listes-electorales.jpg","jetpack_sharing_enabled":true,"_links":{"self":[{"href":"https:\/\/www.public.sn\/index.php\/wp-json\/wp\/v2\/posts\/19465","targetHints":{"allow":["GET"]}}],"collection":[{"href":"https:\/\/www.public.sn\/index.php\/wp-json\/wp\/v2\/posts"}],"about":[{"href":"https:\/\/www.public.sn\/index.php\/wp-json\/wp\/v2\/types\/post"}],"author":[{"embeddable":true,"href":"https:\/\/www.public.sn\/index.php\/wp-json\/wp\/v2\/users\/7"}],"replies":[{"embeddable":true,"href":"https:\/\/www.public.sn\/index.php\/wp-json\/wp\/v2\/comments?post=19465"}],"version-history":[{"count":2,"href":"https:\/\/www.public.sn\/index.php\/wp-json\/wp\/v2\/posts\/19465\/revisions"}],"predecessor-version":[{"id":19483,"href":"https:\/\/www.public.sn\/index.php\/wp-json\/wp\/v2\/posts\/19465\/revisions\/19483"}],"wp:featuredmedia":[{"embeddable":true,"href":"https:\/\/www.public.sn\/index.php\/wp-json\/wp\/v2\/media\/19469"}],"wp:attachment":[{"href":"https:\/\/www.public.sn\/index.php\/wp-json\/wp\/v2\/media?parent=19465"}],"wp:term":[{"taxonomy":"category","embeddable":true,"href":"https:\/\/www.public.sn\/index.php\/wp-json\/wp\/v2\/categories?post=19465"},{"taxonomy":"post_tag","embeddable":true,"href":"https:\/\/www.public.sn\/index.php\/wp-json\/wp\/v2\/tags?post=19465"}],"curies":[{"name":"wp","href":"https:\/\/api.w.org\/{rel}","templated":true}]}}