{"id":19591,"date":"2023-04-09T03:09:16","date_gmt":"2023-04-09T03:09:16","guid":{"rendered":"https:\/\/www.public.sn\/?p=19591"},"modified":"2023-04-09T03:09:16","modified_gmt":"2023-04-09T03:09:16","slug":"necrologie-ibrahima-sene-pit-nest-plus","status":"publish","type":"post","link":"https:\/\/www.public.sn\/index.php\/2023\/04\/09\/necrologie-ibrahima-sene-pit-nest-plus\/","title":{"rendered":"N\u00e9crologie : Ibrahima S\u00e8ne (Pit) n&rsquo;est plus"},"content":{"rendered":"<p><b>Une triste nouvelle vient de nous parvenir. En effet, le monde politique est encore en deuil. Le professeur Ibrahima S\u00e8ne, Secr\u00e9taire g\u00e9n\u00e9ral en charge des questions \u00e9conomiques au PIT vient de rendre l&rsquo;\u00e2me.<\/b><\/p><div class=\"publi-paragraphe1\" style=\"margin-top: 10px;margin-bottom: 10px;margin-left: auto;margin-right: auto;text-align: center;\" id=\"publi-3946229995\"><div class=\"publi-adlabel\">Publicit\u00e9<\/div><script async src=\"\/\/pagead2.googlesyndication.com\/pagead\/js\/adsbygoogle.js?client=ca-pub-4089586018074219\" crossorigin=\"anonymous\"><\/script><ins class=\"adsbygoogle\" style=\"display:block;\" data-ad-client=\"ca-pub-4089586018074219\" \ndata-ad-slot=\"2087940154\" \ndata-ad-format=\"auto\"><\/ins>\n<script> \n(adsbygoogle = window.adsbygoogle || []).push({}); \n<\/script>\n<\/div>\n<p>Les circonstances de son d\u00e9c\u00e8s, le moment et le lieu ne sont pas encore donn\u00e9s. Mais, en attendant d&rsquo;y vire clair, Pubic.sn pr\u00e9sente ses sinc\u00e8res condol\u00e9ances \u00e0 la famille \u00e9plor\u00e9e, aux membres du P.I.T ainsi qu&rsquo;\u00e0 toute la classe politique s\u00e9n\u00e9galaise<\/p>\n<div class=\"publi-apres-le-contenu\" style=\"margin-top: 10px;margin-bottom: 10px;margin-left: auto;margin-right: auto;text-align: center;\" id=\"publi-3332711074\"><div class=\"publi-adlabel\">Publicit\u00e9<\/div><script async src=\"\/\/pagead2.googlesyndication.com\/pagead\/js\/adsbygoogle.js?client=ca-pub-4089586018074219\" crossorigin=\"anonymous\"><\/script><ins class=\"adsbygoogle\" style=\"display:block;\" data-ad-client=\"ca-pub-4089586018074219\" \ndata-ad-slot=\"2087940154\" \ndata-ad-format=\"auto\"><\/ins>\n<script> \n(adsbygoogle = window.adsbygoogle || []).push({}); \n<\/script>\n<\/div>","protected":false},"excerpt":{"rendered":"<p>Une triste nouvelle vient de nous parvenir. En effet, le monde politique est encore en deuil. Le professeur Ibrahima S\u00e8ne, Secr\u00e9taire g\u00e9n\u00e9ral en charge des questions \u00e9conomiques au PIT vient de rendre l&rsquo;\u00e2me. Les circonstances de son d\u00e9c\u00e8s, le moment et le lieu ne sont pas encore donn\u00e9s. Mais, en attendant d&rsquo;y vire clair, Pubic.sn pr\u00e9sente ses sinc\u00e8res condol\u00e9ances \u00e0 la famille \u00e9plor\u00e9e, aux membres du P.I.T ainsi qu&rsquo;\u00e0 toute la classe politique s\u00e9n\u00e9galaise<\/p>\n","protected":false},"author":1,"featured_media":7294,"comment_status":"open","ping_status":"open","sticky":false,"template":"","format":"standard","meta":{"_jetpack_memberships_contains_paid_content":false,"footnotes":""},"categories":[375,371,1,372],"tags":[374,1906,1907],"class_list":["post-19591","post","type-post","status-publish","format-standard","has-post-thumbnail","hentry","category-actualites","category-necrologie","category-non-classe","category-vedette","tag-deces","tag-ibrahima-sene","tag-pit","entry","has-media","owp-thumbs-layout-horizontal","owp-btn-normal","owp-tabs-layout-horizontal","has-no-thumbnails","has-product-nav"],"yoast_head":"<!-- This site is optimized with the Yoast SEO plugin v25.5 - https:\/\/yoast.com\/wordpress\/plugins\/seo\/ -->\n<title>N\u00e9crologie : Ibrahima S\u00e8ne (Pit) n&#039;est plus - LE PUBLIC<\/title>\n<meta name=\"robots\" content=\"index, follow, max-snippet:-1, max-image-preview:large, max-video-preview:-1\" \/>\n<link rel=\"canonical\" href=\"https:\/\/www.public.sn\/index.php\/2023\/04\/09\/necrologie-ibrahima-sene-pit-nest-plus\/\" \/>\n<meta property=\"og:locale\" content=\"fr_FR\" \/>\n<meta property=\"og:type\" content=\"article\" \/>\n<meta property=\"og:title\" content=\"N\u00e9crologie : Ibrahima S\u00e8ne (Pit) n&#039;est plus - LE PUBLIC\" \/>\n<meta property=\"og:description\" content=\"Une triste nouvelle vient de nous parvenir. En effet, le monde politique est encore en deuil. Le professeur Ibrahima S\u00e8ne, Secr\u00e9taire g\u00e9n\u00e9ral en charge des questions \u00e9conomiques au PIT vient de rendre l&rsquo;\u00e2me. Les circonstances de son d\u00e9c\u00e8s, le moment et le lieu ne sont pas encore donn\u00e9s. Mais, en attendant d&rsquo;y vire clair, Pubic.sn pr\u00e9sente ses sinc\u00e8res condol\u00e9ances \u00e0 la famille \u00e9plor\u00e9e, aux membres du P.I.T ainsi qu&rsquo;\u00e0 toute la classe politique s\u00e9n\u00e9galaise\" \/>\n<meta property=\"og:url\" content=\"https:\/\/www.public.sn\/index.php\/2023\/04\/09\/necrologie-ibrahima-sene-pit-nest-plus\/\" \/>\n<meta property=\"og:site_name\" content=\"LE PUBLIC\" \/>\n<meta property=\"article:published_time\" content=\"2023-04-09T03:09:16+00:00\" \/>\n<meta property=\"og:image\" content=\"https:\/\/www.public.sn\/wp-content\/uploads\/2022\/11\/ibrahima-sene.webp\" \/>\n\t<meta property=\"og:image:width\" content=\"800\" \/>\n\t<meta property=\"og:image:height\" content=\"532\" \/>\n\t<meta property=\"og:image:type\" content=\"image\/webp\" \/>\n<meta name=\"author\" content=\"LA REDACTION\" \/>\n<meta name=\"twitter:card\" content=\"summary_large_image\" \/>\n<meta name=\"twitter:label1\" content=\"\u00c9crit par\" \/>\n\t<meta name=\"twitter:data1\" content=\"LA REDACTION\" \/>\n\t<meta name=\"twitter:label2\" content=\"Dur\u00e9e de lecture estim\u00e9e\" \/>\n\t<meta name=\"twitter:data2\" content=\"1 minute\" \/>\n<script type=\"application\/ld+json\" class=\"yoast-schema-graph\">{\"@context\":\"https:\/\/schema.org\",\"@graph\":[{\"@type\":\"Article\",\"@id\":\"https:\/\/www.public.sn\/index.php\/2023\/04\/09\/necrologie-ibrahima-sene-pit-nest-plus\/#article\",\"isPartOf\":{\"@id\":\"https:\/\/www.public.sn\/index.php\/2023\/04\/09\/necrologie-ibrahima-sene-pit-nest-plus\/\"},\"author\":{\"name\":\"LA REDACTION\",\"@id\":\"https:\/\/www.public.sn\/#\/schema\/person\/e3f4a11b037d4203902db148f9bc8d5a\"},\"headline\":\"N\u00e9crologie : Ibrahima S\u00e8ne (Pit) n&rsquo;est plus\",\"datePublished\":\"2023-04-09T03:09:16+00:00\",\"mainEntityOfPage\":{\"@id\":\"https:\/\/www.public.sn\/index.php\/2023\/04\/09\/necrologie-ibrahima-sene-pit-nest-plus\/\"},\"wordCount\":98,\"commentCount\":0,\"publisher\":{\"@id\":\"https:\/\/www.public.sn\/#organization\"},\"image\":{\"@id\":\"https:\/\/www.public.sn\/index.php\/2023\/04\/09\/necrologie-ibrahima-sene-pit-nest-plus\/#primaryimage\"},\"thumbnailUrl\":\"https:\/\/www.public.sn\/wp-content\/uploads\/2022\/11\/ibrahima-sene.webp\",\"keywords\":[\"d\u00e9c\u00e8s\",\"ibrahima sene\",\"pit\"],\"articleSection\":[\"ACTUALIT\u00c9S\",\"N\u00c9CROLOGIE\",\"S\u00c9N\u00c9GAL\",\"VEDETTE\"],\"inLanguage\":\"fr-FR\",\"potentialAction\":[{\"@type\":\"CommentAction\",\"name\":\"Comment\",\"target\":[\"https:\/\/www.public.sn\/index.php\/2023\/04\/09\/necrologie-ibrahima-sene-pit-nest-plus\/#respond\"]}]},{\"@type\":\"WebPage\",\"@id\":\"https:\/\/www.public.sn\/index.php\/2023\/04\/09\/necrologie-ibrahima-sene-pit-nest-plus\/\",\"url\":\"https:\/\/www.public.sn\/index.php\/2023\/04\/09\/necrologie-ibrahima-sene-pit-nest-plus\/\",\"name\":\"N\u00e9crologie : Ibrahima S\u00e8ne (Pit) n'est plus - LE PUBLIC\",\"isPartOf\":{\"@id\":\"https:\/\/www.public.sn\/#website\"},\"primaryImageOfPage\":{\"@id\":\"https:\/\/www.public.sn\/index.php\/2023\/04\/09\/necrologie-ibrahima-sene-pit-nest-plus\/#primaryimage\"},\"image\":{\"@id\":\"https:\/\/www.public.sn\/index.php\/2023\/04\/09\/necrologie-ibrahima-sene-pit-nest-plus\/#primaryimage\"},\"thumbnailUrl\":\"https:\/\/www.public.sn\/wp-content\/uploads\/2022\/11\/ibrahima-sene.webp\",\"datePublished\":\"2023-04-09T03:09:16+00:00\",\"breadcrumb\":{\"@id\":\"https:\/\/www.public.sn\/index.php\/2023\/04\/09\/necrologie-ibrahima-sene-pit-nest-plus\/#breadcrumb\"},\"inLanguage\":\"fr-FR\",\"potentialAction\":[{\"@type\":\"ReadAction\",\"target\":[\"https:\/\/www.public.sn\/index.php\/2023\/04\/09\/necrologie-ibrahima-sene-pit-nest-plus\/\"]}]},{\"@type\":\"ImageObject\",\"inLanguage\":\"fr-FR\",\"@id\":\"https:\/\/www.public.sn\/index.php\/2023\/04\/09\/necrologie-ibrahima-sene-pit-nest-plus\/#primaryimage\",\"url\":\"https:\/\/www.public.sn\/wp-content\/uploads\/2022\/11\/ibrahima-sene.webp\",\"contentUrl\":\"https:\/\/www.public.sn\/wp-content\/uploads\/2022\/11\/ibrahima-sene.webp\",\"width\":800,\"height\":532,\"caption\":\"publicsn\"},{\"@type\":\"BreadcrumbList\",\"@id\":\"https:\/\/www.public.sn\/index.php\/2023\/04\/09\/necrologie-ibrahima-sene-pit-nest-plus\/#breadcrumb\",\"itemListElement\":[{\"@type\":\"ListItem\",\"position\":1,\"name\":\"Accueil\",\"item\":\"https:\/\/www.public.sn\/\"},{\"@type\":\"ListItem\",\"position\":2,\"name\":\"N\u00e9crologie : Ibrahima S\u00e8ne (Pit) n&rsquo;est plus\"}]},{\"@type\":\"WebSite\",\"@id\":\"https:\/\/www.public.sn\/#website\",\"url\":\"https:\/\/www.public.sn\/\",\"name\":\"LE PUBLIC\",\"description\":\"\",\"publisher\":{\"@id\":\"https:\/\/www.public.sn\/#organization\"},\"potentialAction\":[{\"@type\":\"SearchAction\",\"target\":{\"@type\":\"EntryPoint\",\"urlTemplate\":\"https:\/\/www.public.sn\/?s={search_term_string}\"},\"query-input\":{\"@type\":\"PropertyValueSpecification\",\"valueRequired\":true,\"valueName\":\"search_term_string\"}}],\"inLanguage\":\"fr-FR\"},{\"@type\":\"Organization\",\"@id\":\"https:\/\/www.public.sn\/#organization\",\"name\":\"LE PUBLIC\",\"url\":\"https:\/\/www.public.sn\/\",\"logo\":{\"@type\":\"ImageObject\",\"inLanguage\":\"fr-FR\",\"@id\":\"https:\/\/www.public.sn\/#\/schema\/logo\/image\/\",\"url\":\"https:\/\/www.public.sn\/wp-content\/uploads\/2024\/05\/cropped-LOGO-PUBLIC.SN_.png\",\"contentUrl\":\"https:\/\/www.public.sn\/wp-content\/uploads\/2024\/05\/cropped-LOGO-PUBLIC.SN_.png\",\"width\":682,\"height\":192,\"caption\":\"LE PUBLIC\"},\"image\":{\"@id\":\"https:\/\/www.public.sn\/#\/schema\/logo\/image\/\"}},{\"@type\":\"Person\",\"@id\":\"https:\/\/www.public.sn\/#\/schema\/person\/e3f4a11b037d4203902db148f9bc8d5a\",\"name\":\"LA REDACTION\",\"image\":{\"@type\":\"ImageObject\",\"inLanguage\":\"fr-FR\",\"@id\":\"https:\/\/www.public.sn\/#\/schema\/person\/image\/\",\"url\":\"https:\/\/secure.gravatar.com\/avatar\/d6c030db45db2883c075085c5d6c6258654a801a93766b49af0b82d4f454e2a5?s=96&d=mm&r=g\",\"contentUrl\":\"https:\/\/secure.gravatar.com\/avatar\/d6c030db45db2883c075085c5d6c6258654a801a93766b49af0b82d4f454e2a5?s=96&d=mm&r=g\",\"caption\":\"LA REDACTION\"},\"sameAs\":[\"http:\/\/www.public.sn\"],\"url\":\"https:\/\/www.public.sn\/index.php\/author\/admin7324\/\"}]}<\/script>\n<!-- \/ Yoast SEO plugin. -->","yoast_head_json":{"title":"N\u00e9crologie : Ibrahima S\u00e8ne (Pit) n'est plus - LE PUBLIC","robots":{"index":"index","follow":"follow","max-snippet":"max-snippet:-1","max-image-preview":"max-image-preview:large","max-video-preview":"max-video-preview:-1"},"canonical":"https:\/\/www.public.sn\/index.php\/2023\/04\/09\/necrologie-ibrahima-sene-pit-nest-plus\/","og_locale":"fr_FR","og_type":"article","og_title":"N\u00e9crologie : Ibrahima S\u00e8ne (Pit) n'est plus - LE PUBLIC","og_description":"Une triste nouvelle vient de nous parvenir. En effet, le monde politique est encore en deuil. Le professeur Ibrahima S\u00e8ne, Secr\u00e9taire g\u00e9n\u00e9ral en charge des questions \u00e9conomiques au PIT vient de rendre l&rsquo;\u00e2me. Les circonstances de son d\u00e9c\u00e8s, le moment et le lieu ne sont pas encore donn\u00e9s. Mais, en attendant d&rsquo;y vire clair, Pubic.sn pr\u00e9sente ses sinc\u00e8res condol\u00e9ances \u00e0 la famille \u00e9plor\u00e9e, aux membres du P.I.T ainsi qu&rsquo;\u00e0 toute la classe politique s\u00e9n\u00e9galaise","og_url":"https:\/\/www.public.sn\/index.php\/2023\/04\/09\/necrologie-ibrahima-sene-pit-nest-plus\/","og_site_name":"LE PUBLIC","article_published_time":"2023-04-09T03:09:16+00:00","og_image":[{"width":800,"height":532,"url":"https:\/\/www.public.sn\/wp-content\/uploads\/2022\/11\/ibrahima-sene.webp","type":"image\/webp"}],"author":"LA REDACTION","twitter_card":"summary_large_image","twitter_misc":{"\u00c9crit par":"LA REDACTION","Dur\u00e9e de lecture estim\u00e9e":"1 minute"},"schema":{"@context":"https:\/\/schema.org","@graph":[{"@type":"Article","@id":"https:\/\/www.public.sn\/index.php\/2023\/04\/09\/necrologie-ibrahima-sene-pit-nest-plus\/#article","isPartOf":{"@id":"https:\/\/www.public.sn\/index.php\/2023\/04\/09\/necrologie-ibrahima-sene-pit-nest-plus\/"},"author":{"name":"LA REDACTION","@id":"https:\/\/www.public.sn\/#\/schema\/person\/e3f4a11b037d4203902db148f9bc8d5a"},"headline":"N\u00e9crologie : Ibrahima S\u00e8ne (Pit) n&rsquo;est plus","datePublished":"2023-04-09T03:09:16+00:00","mainEntityOfPage":{"@id":"https:\/\/www.public.sn\/index.php\/2023\/04\/09\/necrologie-ibrahima-sene-pit-nest-plus\/"},"wordCount":98,"commentCount":0,"publisher":{"@id":"https:\/\/www.public.sn\/#organization"},"image":{"@id":"https:\/\/www.public.sn\/index.php\/2023\/04\/09\/necrologie-ibrahima-sene-pit-nest-plus\/#primaryimage"},"thumbnailUrl":"https:\/\/www.public.sn\/wp-content\/uploads\/2022\/11\/ibrahima-sene.webp","keywords":["d\u00e9c\u00e8s","ibrahima sene","pit"],"articleSection":["ACTUALIT\u00c9S","N\u00c9CROLOGIE","S\u00c9N\u00c9GAL","VEDETTE"],"inLanguage":"fr-FR","potentialAction":[{"@type":"CommentAction","name":"Comment","target":["https:\/\/www.public.sn\/index.php\/2023\/04\/09\/necrologie-ibrahima-sene-pit-nest-plus\/#respond"]}]},{"@type":"WebPage","@id":"https:\/\/www.public.sn\/index.php\/2023\/04\/09\/necrologie-ibrahima-sene-pit-nest-plus\/","url":"https:\/\/www.public.sn\/index.php\/2023\/04\/09\/necrologie-ibrahima-sene-pit-nest-plus\/","name":"N\u00e9crologie : Ibrahima S\u00e8ne (Pit) n'est plus - LE PUBLIC","isPartOf":{"@id":"https:\/\/www.public.sn\/#website"},"primaryImageOfPage":{"@id":"https:\/\/www.public.sn\/index.php\/2023\/04\/09\/necrologie-ibrahima-sene-pit-nest-plus\/#primaryimage"},"image":{"@id":"https:\/\/www.public.sn\/index.php\/2023\/04\/09\/necrologie-ibrahima-sene-pit-nest-plus\/#primaryimage"},"thumbnailUrl":"https:\/\/www.public.sn\/wp-content\/uploads\/2022\/11\/ibrahima-sene.webp","datePublished":"2023-04-09T03:09:16+00:00","breadcrumb":{"@id":"https:\/\/www.public.sn\/index.php\/2023\/04\/09\/necrologie-ibrahima-sene-pit-nest-plus\/#breadcrumb"},"inLanguage":"fr-FR","potentialAction":[{"@type":"ReadAction","target":["https:\/\/www.public.sn\/index.php\/2023\/04\/09\/necrologie-ibrahima-sene-pit-nest-plus\/"]}]},{"@type":"ImageObject","inLanguage":"fr-FR","@id":"https:\/\/www.public.sn\/index.php\/2023\/04\/09\/necrologie-ibrahima-sene-pit-nest-plus\/#primaryimage","url":"https:\/\/www.public.sn\/wp-content\/uploads\/2022\/11\/ibrahima-sene.webp","contentUrl":"https:\/\/www.public.sn\/wp-content\/uploads\/2022\/11\/ibrahima-sene.webp","width":800,"height":532,"caption":"publicsn"},{"@type":"BreadcrumbList","@id":"https:\/\/www.public.sn\/index.php\/2023\/04\/09\/necrologie-ibrahima-sene-pit-nest-plus\/#breadcrumb","itemListElement":[{"@type":"ListItem","position":1,"name":"Accueil","item":"https:\/\/www.public.sn\/"},{"@type":"ListItem","position":2,"name":"N\u00e9crologie : Ibrahima S\u00e8ne (Pit) n&rsquo;est plus"}]},{"@type":"WebSite","@id":"https:\/\/www.public.sn\/#website","url":"https:\/\/www.public.sn\/","name":"LE PUBLIC","description":"","publisher":{"@id":"https:\/\/www.public.sn\/#organization"},"potentialAction":[{"@type":"SearchAction","target":{"@type":"EntryPoint","urlTemplate":"https:\/\/www.public.sn\/?s={search_term_string}"},"query-input":{"@type":"PropertyValueSpecification","valueRequired":true,"valueName":"search_term_string"}}],"inLanguage":"fr-FR"},{"@type":"Organization","@id":"https:\/\/www.public.sn\/#organization","name":"LE PUBLIC","url":"https:\/\/www.public.sn\/","logo":{"@type":"ImageObject","inLanguage":"fr-FR","@id":"https:\/\/www.public.sn\/#\/schema\/logo\/image\/","url":"https:\/\/www.public.sn\/wp-content\/uploads\/2024\/05\/cropped-LOGO-PUBLIC.SN_.png","contentUrl":"https:\/\/www.public.sn\/wp-content\/uploads\/2024\/05\/cropped-LOGO-PUBLIC.SN_.png","width":682,"height":192,"caption":"LE PUBLIC"},"image":{"@id":"https:\/\/www.public.sn\/#\/schema\/logo\/image\/"}},{"@type":"Person","@id":"https:\/\/www.public.sn\/#\/schema\/person\/e3f4a11b037d4203902db148f9bc8d5a","name":"LA REDACTION","image":{"@type":"ImageObject","inLanguage":"fr-FR","@id":"https:\/\/www.public.sn\/#\/schema\/person\/image\/","url":"https:\/\/secure.gravatar.com\/avatar\/d6c030db45db2883c075085c5d6c6258654a801a93766b49af0b82d4f454e2a5?s=96&d=mm&r=g","contentUrl":"https:\/\/secure.gravatar.com\/avatar\/d6c030db45db2883c075085c5d6c6258654a801a93766b49af0b82d4f454e2a5?s=96&d=mm&r=g","caption":"LA REDACTION"},"sameAs":["http:\/\/www.public.sn"],"url":"https:\/\/www.public.sn\/index.php\/author\/admin7324\/"}]}},"jetpack_featured_media_url":"https:\/\/www.public.sn\/wp-content\/uploads\/2022\/11\/ibrahima-sene.webp","jetpack_sharing_enabled":true,"_links":{"self":[{"href":"https:\/\/www.public.sn\/index.php\/wp-json\/wp\/v2\/posts\/19591","targetHints":{"allow":["GET"]}}],"collection":[{"href":"https:\/\/www.public.sn\/index.php\/wp-json\/wp\/v2\/posts"}],"about":[{"href":"https:\/\/www.public.sn\/index.php\/wp-json\/wp\/v2\/types\/post"}],"author":[{"embeddable":true,"href":"https:\/\/www.public.sn\/index.php\/wp-json\/wp\/v2\/users\/1"}],"replies":[{"embeddable":true,"href":"https:\/\/www.public.sn\/index.php\/wp-json\/wp\/v2\/comments?post=19591"}],"version-history":[{"count":1,"href":"https:\/\/www.public.sn\/index.php\/wp-json\/wp\/v2\/posts\/19591\/revisions"}],"predecessor-version":[{"id":19592,"href":"https:\/\/www.public.sn\/index.php\/wp-json\/wp\/v2\/posts\/19591\/revisions\/19592"}],"wp:featuredmedia":[{"embeddable":true,"href":"https:\/\/www.public.sn\/index.php\/wp-json\/wp\/v2\/media\/7294"}],"wp:attachment":[{"href":"https:\/\/www.public.sn\/index.php\/wp-json\/wp\/v2\/media?parent=19591"}],"wp:term":[{"taxonomy":"category","embeddable":true,"href":"https:\/\/www.public.sn\/index.php\/wp-json\/wp\/v2\/categories?post=19591"},{"taxonomy":"post_tag","embeddable":true,"href":"https:\/\/www.public.sn\/index.php\/wp-json\/wp\/v2\/tags?post=19591"}],"curies":[{"name":"wp","href":"https:\/\/api.w.org\/{rel}","templated":true}]}}