{"id":19593,"date":"2023-04-09T03:44:59","date_gmt":"2023-04-09T03:44:59","guid":{"rendered":"https:\/\/www.public.sn\/?p=19593"},"modified":"2023-04-09T03:45:31","modified_gmt":"2023-04-09T03:45:31","slug":"derniere-minute-arrete-par-la-dic-decouvrez-ce-que-assane-diouf-a-dit-aux-enqueteurs","status":"publish","type":"post","link":"https:\/\/www.public.sn\/index.php\/2023\/04\/09\/derniere-minute-arrete-par-la-dic-decouvrez-ce-que-assane-diouf-a-dit-aux-enqueteurs\/","title":{"rendered":"Derni\u00e8re minute : arr\u00eat\u00e9 par la DIC, d\u00e9couvrez ce que Assane Diouf a dit aux enqu\u00eateurs"},"content":{"rendered":"<p><strong>Son arrestation par les \u00e9l\u00e9ments de la Division des Investigations Criminelles (DIC) a fait le tour du pays. Assane Diouf, puisque c&rsquo;est de lui qu&rsquo;il s&rsquo;agit, a \u00e9t\u00e9 interrog\u00e9 sur proc\u00e8s-verbal.<\/strong><\/p><div class=\"publi-paragraphe1\" style=\"margin-top: 10px;margin-bottom: 10px;margin-left: auto;margin-right: auto;text-align: center;\" id=\"publi-1779446219\"><div class=\"publi-adlabel\">Publicit\u00e9<\/div><script async src=\"\/\/pagead2.googlesyndication.com\/pagead\/js\/adsbygoogle.js?client=ca-pub-4089586018074219\" crossorigin=\"anonymous\"><\/script><ins class=\"adsbygoogle\" style=\"display:block;\" data-ad-client=\"ca-pub-4089586018074219\" \ndata-ad-slot=\"2087940154\" \ndata-ad-format=\"auto\"><\/ins>\n<script> \n(adsbygoogle = window.adsbygoogle || []).push({}); \n<\/script>\n<\/div>\n<p>Sln nos confr\u00e8res de Seneweb qui filent l&rsquo;info, interpell\u00e9 sur une vid\u00e9o dans laquelle, il tenait des propos outrageants \u00e0 l&rsquo;endroit du pr\u00e9sident Macky Sall, l&rsquo;activiste a confi\u00e9 aux hommes du commissaire Adram\u00e9 Sarr que \u00ab\u00a0la vid\u00e9o de l&rsquo;esp\u00e8ce est tr\u00e8s ancienne et qu&rsquo;il avait \u00e9t\u00e9 d\u00e9j\u00e0 arr\u00eat\u00e9, inculp\u00e9 par le feu Doyen des Juges Samba SALL (puisse le Tr\u00e8s -Haut lui r\u00e9serve une place de choix dans son \u00e9ternit\u00e9 en ce deuxi\u00e8me anniversaire de sa disparition), avant d&rsquo;\u00eatre jug\u00e9 et condamn\u00e9 pour les m\u00eames faits\u00a0\u00bb.<\/p>\n<p>Aux derni\u00e8res nouvelles, il a annonc\u00e9 une plainte contre le diffuseur de la vid\u00e9o sur Tik-Tok. Il va donc porter plainte contre X , identifi\u00e9 comme l&rsquo;auteur malveillant de la rediffusion de cet \u00e9l\u00e9ment sur le r\u00e9seau social Tik-Tok selon l&rsquo;un des avocats Ma\u00eetre Khoureychi B\u00e2.<\/p>\n<p>Malgr\u00e9 tout, il a \u00e9t\u00e9 plac\u00e9 en garde \u00e0 vue ,note la m\u00eame source, pour appel \u00e0 l&rsquo;insurrection et \u00e0 la violence, offense au chef de l&rsquo;Etat, atteinte \u00e0 la s\u00fbret\u00e9 de l&rsquo;Etat, actes et man\u0153uvres de nature \u00e0 compromettre la s\u00e9curit\u00e9 publique ou \u00e0 occasionner des troubles politiques graves, propagande de nature \u00e0 inciter les citoyens \u00e0 enfreindre les lois du pays, insultes par le biais d&rsquo;un syst\u00e8me informatique, injures publiques&#8230;<\/p>\n<div class=\"publi-apres-le-contenu\" style=\"margin-top: 10px;margin-bottom: 10px;margin-left: auto;margin-right: auto;text-align: center;\" id=\"publi-2785753835\"><div class=\"publi-adlabel\">Publicit\u00e9<\/div><script async src=\"\/\/pagead2.googlesyndication.com\/pagead\/js\/adsbygoogle.js?client=ca-pub-4089586018074219\" crossorigin=\"anonymous\"><\/script><ins class=\"adsbygoogle\" style=\"display:block;\" data-ad-client=\"ca-pub-4089586018074219\" \ndata-ad-slot=\"2087940154\" \ndata-ad-format=\"auto\"><\/ins>\n<script> \n(adsbygoogle = window.adsbygoogle || []).push({}); \n<\/script>\n<\/div>","protected":false},"excerpt":{"rendered":"<p>Son arrestation par les \u00e9l\u00e9ments de la Division des Investigations Criminelles (DIC) a fait le tour du pays. Assane Diouf, puisque c&rsquo;est de lui qu&rsquo;il s&rsquo;agit, a \u00e9t\u00e9 interrog\u00e9 sur proc\u00e8s-verbal. Sln nos confr\u00e8res de Seneweb qui filent l&rsquo;info, interpell\u00e9 sur une vid\u00e9o dans laquelle, il tenait des propos outrageants \u00e0 l&rsquo;endroit du pr\u00e9sident Macky Sall, l&rsquo;activiste a confi\u00e9 aux hommes du commissaire Adram\u00e9 Sarr que \u00ab\u00a0la vid\u00e9o de l&rsquo;esp\u00e8ce est tr\u00e8s ancienne et qu&rsquo;il avait \u00e9t\u00e9 d\u00e9j\u00e0 arr\u00eat\u00e9, inculp\u00e9 par le feu Doyen des Juges Samba SALL (puisse le Tr\u00e8s -Haut lui r\u00e9serve une place de choix dans son \u00e9ternit\u00e9 en ce deuxi\u00e8me anniversaire de sa disparition), avant d&rsquo;\u00eatre jug\u00e9 et condamn\u00e9 pour les m\u00eames faits\u00a0\u00bb. Aux derni\u00e8res nouvelles, il a annonc\u00e9 une plainte contre le diffuseur de la vid\u00e9o sur Tik-Tok. Il va donc porter plainte contre X , identifi\u00e9 comme l&rsquo;auteur malveillant de la rediffusion de cet \u00e9l\u00e9ment sur le r\u00e9seau social Tik-Tok selon l&rsquo;un des avocats Ma\u00eetre Khoureychi B\u00e2. Malgr\u00e9 tout, il a \u00e9t\u00e9 plac\u00e9 en garde \u00e0 vue ,note la m\u00eame source, pour appel \u00e0 l&rsquo;insurrection et \u00e0 la violence, offense au chef de l&rsquo;Etat, atteinte \u00e0 la s\u00fbret\u00e9 de l&rsquo;Etat, actes et man\u0153uvres de nature \u00e0 compromettre la s\u00e9curit\u00e9 publique ou \u00e0 occasionner des troubles politiques graves, propagande de nature \u00e0 inciter les citoyens \u00e0 enfreindre les lois du pays, insultes par le biais d&rsquo;un syst\u00e8me informatique, injures publiques&#8230;<\/p>\n","protected":false},"author":1,"featured_media":19594,"comment_status":"open","ping_status":"open","sticky":false,"template":"","format":"standard","meta":{"_jetpack_memberships_contains_paid_content":false,"footnotes":""},"categories":[375,3,376,1],"tags":[5080,640],"class_list":["post-19593","post","type-post","status-publish","format-standard","has-post-thumbnail","hentry","category-actualites","category-politique","category-securite-justice","category-non-classe","tag-assane-diouf","tag-dic","entry","has-media","owp-thumbs-layout-horizontal","owp-btn-normal","owp-tabs-layout-horizontal","has-no-thumbnails","has-product-nav"],"yoast_head":"<!-- This site is optimized with the Yoast SEO plugin v25.5 - https:\/\/yoast.com\/wordpress\/plugins\/seo\/ -->\n<title>Derni\u00e8re minute : arr\u00eat\u00e9 par la DIC, d\u00e9couvrez ce que Assane Diouf a dit aux enqu\u00eateurs - LE PUBLIC<\/title>\n<meta name=\"description\" content=\"Son arrestation par les \u00e9l\u00e9ments de la Division des Investigations Criminelles afait le tour du pays. Assane Diouf, puisque c&#039;est de lui qu&#039;il s&#039;agit, a \u00e9t\u00e9 interrog\u00e9 sur proc\u00e8s-verbal.\" \/>\n<meta name=\"robots\" content=\"index, follow, max-snippet:-1, max-image-preview:large, max-video-preview:-1\" \/>\n<link rel=\"canonical\" href=\"https:\/\/www.public.sn\/index.php\/2023\/04\/09\/derniere-minute-arrete-par-la-dic-decouvrez-ce-que-assane-diouf-a-dit-aux-enqueteurs\/\" \/>\n<meta property=\"og:locale\" content=\"fr_FR\" \/>\n<meta property=\"og:type\" content=\"article\" \/>\n<meta property=\"og:title\" content=\"Derni\u00e8re minute : arr\u00eat\u00e9 par la DIC, d\u00e9couvrez ce que Assane Diouf a dit aux enqu\u00eateurs - LE PUBLIC\" \/>\n<meta property=\"og:description\" content=\"Son arrestation par les \u00e9l\u00e9ments de la Division des Investigations Criminelles afait le tour du pays. Assane Diouf, puisque c&#039;est de lui qu&#039;il s&#039;agit, a \u00e9t\u00e9 interrog\u00e9 sur proc\u00e8s-verbal.\" \/>\n<meta property=\"og:url\" content=\"https:\/\/www.public.sn\/index.php\/2023\/04\/09\/derniere-minute-arrete-par-la-dic-decouvrez-ce-que-assane-diouf-a-dit-aux-enqueteurs\/\" \/>\n<meta property=\"og:site_name\" content=\"LE PUBLIC\" \/>\n<meta property=\"article:published_time\" content=\"2023-04-09T03:44:59+00:00\" \/>\n<meta property=\"article:modified_time\" content=\"2023-04-09T03:45:31+00:00\" \/>\n<meta property=\"og:image\" content=\"https:\/\/www.public.sn\/wp-content\/uploads\/2023\/04\/assane-diouf.jpeg\" \/>\n\t<meta property=\"og:image:width\" content=\"601\" \/>\n\t<meta property=\"og:image:height\" content=\"356\" \/>\n\t<meta property=\"og:image:type\" content=\"image\/jpeg\" \/>\n<meta name=\"author\" content=\"LA REDACTION\" \/>\n<meta name=\"twitter:card\" content=\"summary_large_image\" \/>\n<meta name=\"twitter:label1\" content=\"\u00c9crit par\" \/>\n\t<meta name=\"twitter:data1\" content=\"LA REDACTION\" \/>\n\t<meta name=\"twitter:label2\" content=\"Dur\u00e9e de lecture estim\u00e9e\" \/>\n\t<meta name=\"twitter:data2\" content=\"2 minutes\" \/>\n<script type=\"application\/ld+json\" class=\"yoast-schema-graph\">{\"@context\":\"https:\/\/schema.org\",\"@graph\":[{\"@type\":\"Article\",\"@id\":\"https:\/\/www.public.sn\/index.php\/2023\/04\/09\/derniere-minute-arrete-par-la-dic-decouvrez-ce-que-assane-diouf-a-dit-aux-enqueteurs\/#article\",\"isPartOf\":{\"@id\":\"https:\/\/www.public.sn\/index.php\/2023\/04\/09\/derniere-minute-arrete-par-la-dic-decouvrez-ce-que-assane-diouf-a-dit-aux-enqueteurs\/\"},\"author\":{\"name\":\"LA REDACTION\",\"@id\":\"https:\/\/www.public.sn\/#\/schema\/person\/e3f4a11b037d4203902db148f9bc8d5a\"},\"headline\":\"Derni\u00e8re minute : arr\u00eat\u00e9 par la DIC, d\u00e9couvrez ce que Assane Diouf a dit aux enqu\u00eateurs\",\"datePublished\":\"2023-04-09T03:44:59+00:00\",\"dateModified\":\"2023-04-09T03:45:31+00:00\",\"mainEntityOfPage\":{\"@id\":\"https:\/\/www.public.sn\/index.php\/2023\/04\/09\/derniere-minute-arrete-par-la-dic-decouvrez-ce-que-assane-diouf-a-dit-aux-enqueteurs\/\"},\"wordCount\":269,\"commentCount\":2,\"publisher\":{\"@id\":\"https:\/\/www.public.sn\/#organization\"},\"image\":{\"@id\":\"https:\/\/www.public.sn\/index.php\/2023\/04\/09\/derniere-minute-arrete-par-la-dic-decouvrez-ce-que-assane-diouf-a-dit-aux-enqueteurs\/#primaryimage\"},\"thumbnailUrl\":\"https:\/\/www.public.sn\/wp-content\/uploads\/2023\/04\/assane-diouf.jpeg\",\"keywords\":[\"Assane Diouf\",\"DIC\"],\"articleSection\":[\"ACTUALIT\u00c9S\",\"POLITIQUE\",\"S\u00c9CURIT\u00c9 &amp; JUSTICE\",\"S\u00c9N\u00c9GAL\"],\"inLanguage\":\"fr-FR\",\"potentialAction\":[{\"@type\":\"CommentAction\",\"name\":\"Comment\",\"target\":[\"https:\/\/www.public.sn\/index.php\/2023\/04\/09\/derniere-minute-arrete-par-la-dic-decouvrez-ce-que-assane-diouf-a-dit-aux-enqueteurs\/#respond\"]}]},{\"@type\":\"WebPage\",\"@id\":\"https:\/\/www.public.sn\/index.php\/2023\/04\/09\/derniere-minute-arrete-par-la-dic-decouvrez-ce-que-assane-diouf-a-dit-aux-enqueteurs\/\",\"url\":\"https:\/\/www.public.sn\/index.php\/2023\/04\/09\/derniere-minute-arrete-par-la-dic-decouvrez-ce-que-assane-diouf-a-dit-aux-enqueteurs\/\",\"name\":\"Derni\u00e8re minute : arr\u00eat\u00e9 par la DIC, d\u00e9couvrez ce que Assane Diouf a dit aux enqu\u00eateurs - LE PUBLIC\",\"isPartOf\":{\"@id\":\"https:\/\/www.public.sn\/#website\"},\"primaryImageOfPage\":{\"@id\":\"https:\/\/www.public.sn\/index.php\/2023\/04\/09\/derniere-minute-arrete-par-la-dic-decouvrez-ce-que-assane-diouf-a-dit-aux-enqueteurs\/#primaryimage\"},\"image\":{\"@id\":\"https:\/\/www.public.sn\/index.php\/2023\/04\/09\/derniere-minute-arrete-par-la-dic-decouvrez-ce-que-assane-diouf-a-dit-aux-enqueteurs\/#primaryimage\"},\"thumbnailUrl\":\"https:\/\/www.public.sn\/wp-content\/uploads\/2023\/04\/assane-diouf.jpeg\",\"datePublished\":\"2023-04-09T03:44:59+00:00\",\"dateModified\":\"2023-04-09T03:45:31+00:00\",\"description\":\"Son arrestation par les \u00e9l\u00e9ments de la Division des Investigations Criminelles afait le tour du pays. Assane Diouf, puisque c'est de lui qu'il s'agit, a \u00e9t\u00e9 interrog\u00e9 sur proc\u00e8s-verbal.\",\"breadcrumb\":{\"@id\":\"https:\/\/www.public.sn\/index.php\/2023\/04\/09\/derniere-minute-arrete-par-la-dic-decouvrez-ce-que-assane-diouf-a-dit-aux-enqueteurs\/#breadcrumb\"},\"inLanguage\":\"fr-FR\",\"potentialAction\":[{\"@type\":\"ReadAction\",\"target\":[\"https:\/\/www.public.sn\/index.php\/2023\/04\/09\/derniere-minute-arrete-par-la-dic-decouvrez-ce-que-assane-diouf-a-dit-aux-enqueteurs\/\"]}]},{\"@type\":\"ImageObject\",\"inLanguage\":\"fr-FR\",\"@id\":\"https:\/\/www.public.sn\/index.php\/2023\/04\/09\/derniere-minute-arrete-par-la-dic-decouvrez-ce-que-assane-diouf-a-dit-aux-enqueteurs\/#primaryimage\",\"url\":\"https:\/\/www.public.sn\/wp-content\/uploads\/2023\/04\/assane-diouf.jpeg\",\"contentUrl\":\"https:\/\/www.public.sn\/wp-content\/uploads\/2023\/04\/assane-diouf.jpeg\",\"width\":601,\"height\":356},{\"@type\":\"BreadcrumbList\",\"@id\":\"https:\/\/www.public.sn\/index.php\/2023\/04\/09\/derniere-minute-arrete-par-la-dic-decouvrez-ce-que-assane-diouf-a-dit-aux-enqueteurs\/#breadcrumb\",\"itemListElement\":[{\"@type\":\"ListItem\",\"position\":1,\"name\":\"Accueil\",\"item\":\"https:\/\/www.public.sn\/\"},{\"@type\":\"ListItem\",\"position\":2,\"name\":\"Derni\u00e8re minute : arr\u00eat\u00e9 par la DIC, d\u00e9couvrez ce que Assane Diouf a dit aux enqu\u00eateurs\"}]},{\"@type\":\"WebSite\",\"@id\":\"https:\/\/www.public.sn\/#website\",\"url\":\"https:\/\/www.public.sn\/\",\"name\":\"LE PUBLIC\",\"description\":\"\",\"publisher\":{\"@id\":\"https:\/\/www.public.sn\/#organization\"},\"potentialAction\":[{\"@type\":\"SearchAction\",\"target\":{\"@type\":\"EntryPoint\",\"urlTemplate\":\"https:\/\/www.public.sn\/?s={search_term_string}\"},\"query-input\":{\"@type\":\"PropertyValueSpecification\",\"valueRequired\":true,\"valueName\":\"search_term_string\"}}],\"inLanguage\":\"fr-FR\"},{\"@type\":\"Organization\",\"@id\":\"https:\/\/www.public.sn\/#organization\",\"name\":\"LE PUBLIC\",\"url\":\"https:\/\/www.public.sn\/\",\"logo\":{\"@type\":\"ImageObject\",\"inLanguage\":\"fr-FR\",\"@id\":\"https:\/\/www.public.sn\/#\/schema\/logo\/image\/\",\"url\":\"https:\/\/www.public.sn\/wp-content\/uploads\/2024\/05\/cropped-LOGO-PUBLIC.SN_.png\",\"contentUrl\":\"https:\/\/www.public.sn\/wp-content\/uploads\/2024\/05\/cropped-LOGO-PUBLIC.SN_.png\",\"width\":682,\"height\":192,\"caption\":\"LE PUBLIC\"},\"image\":{\"@id\":\"https:\/\/www.public.sn\/#\/schema\/logo\/image\/\"}},{\"@type\":\"Person\",\"@id\":\"https:\/\/www.public.sn\/#\/schema\/person\/e3f4a11b037d4203902db148f9bc8d5a\",\"name\":\"LA REDACTION\",\"image\":{\"@type\":\"ImageObject\",\"inLanguage\":\"fr-FR\",\"@id\":\"https:\/\/www.public.sn\/#\/schema\/person\/image\/\",\"url\":\"https:\/\/secure.gravatar.com\/avatar\/d6c030db45db2883c075085c5d6c6258654a801a93766b49af0b82d4f454e2a5?s=96&d=mm&r=g\",\"contentUrl\":\"https:\/\/secure.gravatar.com\/avatar\/d6c030db45db2883c075085c5d6c6258654a801a93766b49af0b82d4f454e2a5?s=96&d=mm&r=g\",\"caption\":\"LA REDACTION\"},\"sameAs\":[\"http:\/\/www.public.sn\"],\"url\":\"https:\/\/www.public.sn\/index.php\/author\/admin7324\/\"}]}<\/script>\n<!-- \/ Yoast SEO plugin. -->","yoast_head_json":{"title":"Derni\u00e8re minute : arr\u00eat\u00e9 par la DIC, d\u00e9couvrez ce que Assane Diouf a dit aux enqu\u00eateurs - LE PUBLIC","description":"Son arrestation par les \u00e9l\u00e9ments de la Division des Investigations Criminelles afait le tour du pays. Assane Diouf, puisque c'est de lui qu'il s'agit, a \u00e9t\u00e9 interrog\u00e9 sur proc\u00e8s-verbal.","robots":{"index":"index","follow":"follow","max-snippet":"max-snippet:-1","max-image-preview":"max-image-preview:large","max-video-preview":"max-video-preview:-1"},"canonical":"https:\/\/www.public.sn\/index.php\/2023\/04\/09\/derniere-minute-arrete-par-la-dic-decouvrez-ce-que-assane-diouf-a-dit-aux-enqueteurs\/","og_locale":"fr_FR","og_type":"article","og_title":"Derni\u00e8re minute : arr\u00eat\u00e9 par la DIC, d\u00e9couvrez ce que Assane Diouf a dit aux enqu\u00eateurs - LE PUBLIC","og_description":"Son arrestation par les \u00e9l\u00e9ments de la Division des Investigations Criminelles afait le tour du pays. Assane Diouf, puisque c'est de lui qu'il s'agit, a \u00e9t\u00e9 interrog\u00e9 sur proc\u00e8s-verbal.","og_url":"https:\/\/www.public.sn\/index.php\/2023\/04\/09\/derniere-minute-arrete-par-la-dic-decouvrez-ce-que-assane-diouf-a-dit-aux-enqueteurs\/","og_site_name":"LE PUBLIC","article_published_time":"2023-04-09T03:44:59+00:00","article_modified_time":"2023-04-09T03:45:31+00:00","og_image":[{"width":601,"height":356,"url":"https:\/\/www.public.sn\/wp-content\/uploads\/2023\/04\/assane-diouf.jpeg","type":"image\/jpeg"}],"author":"LA REDACTION","twitter_card":"summary_large_image","twitter_misc":{"\u00c9crit par":"LA REDACTION","Dur\u00e9e de lecture estim\u00e9e":"2 minutes"},"schema":{"@context":"https:\/\/schema.org","@graph":[{"@type":"Article","@id":"https:\/\/www.public.sn\/index.php\/2023\/04\/09\/derniere-minute-arrete-par-la-dic-decouvrez-ce-que-assane-diouf-a-dit-aux-enqueteurs\/#article","isPartOf":{"@id":"https:\/\/www.public.sn\/index.php\/2023\/04\/09\/derniere-minute-arrete-par-la-dic-decouvrez-ce-que-assane-diouf-a-dit-aux-enqueteurs\/"},"author":{"name":"LA REDACTION","@id":"https:\/\/www.public.sn\/#\/schema\/person\/e3f4a11b037d4203902db148f9bc8d5a"},"headline":"Derni\u00e8re minute : arr\u00eat\u00e9 par la DIC, d\u00e9couvrez ce que Assane Diouf a dit aux enqu\u00eateurs","datePublished":"2023-04-09T03:44:59+00:00","dateModified":"2023-04-09T03:45:31+00:00","mainEntityOfPage":{"@id":"https:\/\/www.public.sn\/index.php\/2023\/04\/09\/derniere-minute-arrete-par-la-dic-decouvrez-ce-que-assane-diouf-a-dit-aux-enqueteurs\/"},"wordCount":269,"commentCount":2,"publisher":{"@id":"https:\/\/www.public.sn\/#organization"},"image":{"@id":"https:\/\/www.public.sn\/index.php\/2023\/04\/09\/derniere-minute-arrete-par-la-dic-decouvrez-ce-que-assane-diouf-a-dit-aux-enqueteurs\/#primaryimage"},"thumbnailUrl":"https:\/\/www.public.sn\/wp-content\/uploads\/2023\/04\/assane-diouf.jpeg","keywords":["Assane Diouf","DIC"],"articleSection":["ACTUALIT\u00c9S","POLITIQUE","S\u00c9CURIT\u00c9 &amp; JUSTICE","S\u00c9N\u00c9GAL"],"inLanguage":"fr-FR","potentialAction":[{"@type":"CommentAction","name":"Comment","target":["https:\/\/www.public.sn\/index.php\/2023\/04\/09\/derniere-minute-arrete-par-la-dic-decouvrez-ce-que-assane-diouf-a-dit-aux-enqueteurs\/#respond"]}]},{"@type":"WebPage","@id":"https:\/\/www.public.sn\/index.php\/2023\/04\/09\/derniere-minute-arrete-par-la-dic-decouvrez-ce-que-assane-diouf-a-dit-aux-enqueteurs\/","url":"https:\/\/www.public.sn\/index.php\/2023\/04\/09\/derniere-minute-arrete-par-la-dic-decouvrez-ce-que-assane-diouf-a-dit-aux-enqueteurs\/","name":"Derni\u00e8re minute : arr\u00eat\u00e9 par la DIC, d\u00e9couvrez ce que Assane Diouf a dit aux enqu\u00eateurs - LE PUBLIC","isPartOf":{"@id":"https:\/\/www.public.sn\/#website"},"primaryImageOfPage":{"@id":"https:\/\/www.public.sn\/index.php\/2023\/04\/09\/derniere-minute-arrete-par-la-dic-decouvrez-ce-que-assane-diouf-a-dit-aux-enqueteurs\/#primaryimage"},"image":{"@id":"https:\/\/www.public.sn\/index.php\/2023\/04\/09\/derniere-minute-arrete-par-la-dic-decouvrez-ce-que-assane-diouf-a-dit-aux-enqueteurs\/#primaryimage"},"thumbnailUrl":"https:\/\/www.public.sn\/wp-content\/uploads\/2023\/04\/assane-diouf.jpeg","datePublished":"2023-04-09T03:44:59+00:00","dateModified":"2023-04-09T03:45:31+00:00","description":"Son arrestation par les \u00e9l\u00e9ments de la Division des Investigations Criminelles afait le tour du pays. Assane Diouf, puisque c'est de lui qu'il s'agit, a \u00e9t\u00e9 interrog\u00e9 sur proc\u00e8s-verbal.","breadcrumb":{"@id":"https:\/\/www.public.sn\/index.php\/2023\/04\/09\/derniere-minute-arrete-par-la-dic-decouvrez-ce-que-assane-diouf-a-dit-aux-enqueteurs\/#breadcrumb"},"inLanguage":"fr-FR","potentialAction":[{"@type":"ReadAction","target":["https:\/\/www.public.sn\/index.php\/2023\/04\/09\/derniere-minute-arrete-par-la-dic-decouvrez-ce-que-assane-diouf-a-dit-aux-enqueteurs\/"]}]},{"@type":"ImageObject","inLanguage":"fr-FR","@id":"https:\/\/www.public.sn\/index.php\/2023\/04\/09\/derniere-minute-arrete-par-la-dic-decouvrez-ce-que-assane-diouf-a-dit-aux-enqueteurs\/#primaryimage","url":"https:\/\/www.public.sn\/wp-content\/uploads\/2023\/04\/assane-diouf.jpeg","contentUrl":"https:\/\/www.public.sn\/wp-content\/uploads\/2023\/04\/assane-diouf.jpeg","width":601,"height":356},{"@type":"BreadcrumbList","@id":"https:\/\/www.public.sn\/index.php\/2023\/04\/09\/derniere-minute-arrete-par-la-dic-decouvrez-ce-que-assane-diouf-a-dit-aux-enqueteurs\/#breadcrumb","itemListElement":[{"@type":"ListItem","position":1,"name":"Accueil","item":"https:\/\/www.public.sn\/"},{"@type":"ListItem","position":2,"name":"Derni\u00e8re minute : arr\u00eat\u00e9 par la DIC, d\u00e9couvrez ce que Assane Diouf a dit aux enqu\u00eateurs"}]},{"@type":"WebSite","@id":"https:\/\/www.public.sn\/#website","url":"https:\/\/www.public.sn\/","name":"LE PUBLIC","description":"","publisher":{"@id":"https:\/\/www.public.sn\/#organization"},"potentialAction":[{"@type":"SearchAction","target":{"@type":"EntryPoint","urlTemplate":"https:\/\/www.public.sn\/?s={search_term_string}"},"query-input":{"@type":"PropertyValueSpecification","valueRequired":true,"valueName":"search_term_string"}}],"inLanguage":"fr-FR"},{"@type":"Organization","@id":"https:\/\/www.public.sn\/#organization","name":"LE PUBLIC","url":"https:\/\/www.public.sn\/","logo":{"@type":"ImageObject","inLanguage":"fr-FR","@id":"https:\/\/www.public.sn\/#\/schema\/logo\/image\/","url":"https:\/\/www.public.sn\/wp-content\/uploads\/2024\/05\/cropped-LOGO-PUBLIC.SN_.png","contentUrl":"https:\/\/www.public.sn\/wp-content\/uploads\/2024\/05\/cropped-LOGO-PUBLIC.SN_.png","width":682,"height":192,"caption":"LE PUBLIC"},"image":{"@id":"https:\/\/www.public.sn\/#\/schema\/logo\/image\/"}},{"@type":"Person","@id":"https:\/\/www.public.sn\/#\/schema\/person\/e3f4a11b037d4203902db148f9bc8d5a","name":"LA REDACTION","image":{"@type":"ImageObject","inLanguage":"fr-FR","@id":"https:\/\/www.public.sn\/#\/schema\/person\/image\/","url":"https:\/\/secure.gravatar.com\/avatar\/d6c030db45db2883c075085c5d6c6258654a801a93766b49af0b82d4f454e2a5?s=96&d=mm&r=g","contentUrl":"https:\/\/secure.gravatar.com\/avatar\/d6c030db45db2883c075085c5d6c6258654a801a93766b49af0b82d4f454e2a5?s=96&d=mm&r=g","caption":"LA REDACTION"},"sameAs":["http:\/\/www.public.sn"],"url":"https:\/\/www.public.sn\/index.php\/author\/admin7324\/"}]}},"jetpack_featured_media_url":"https:\/\/www.public.sn\/wp-content\/uploads\/2023\/04\/assane-diouf.jpeg","jetpack_sharing_enabled":true,"_links":{"self":[{"href":"https:\/\/www.public.sn\/index.php\/wp-json\/wp\/v2\/posts\/19593","targetHints":{"allow":["GET"]}}],"collection":[{"href":"https:\/\/www.public.sn\/index.php\/wp-json\/wp\/v2\/posts"}],"about":[{"href":"https:\/\/www.public.sn\/index.php\/wp-json\/wp\/v2\/types\/post"}],"author":[{"embeddable":true,"href":"https:\/\/www.public.sn\/index.php\/wp-json\/wp\/v2\/users\/1"}],"replies":[{"embeddable":true,"href":"https:\/\/www.public.sn\/index.php\/wp-json\/wp\/v2\/comments?post=19593"}],"version-history":[{"count":2,"href":"https:\/\/www.public.sn\/index.php\/wp-json\/wp\/v2\/posts\/19593\/revisions"}],"predecessor-version":[{"id":19596,"href":"https:\/\/www.public.sn\/index.php\/wp-json\/wp\/v2\/posts\/19593\/revisions\/19596"}],"wp:featuredmedia":[{"embeddable":true,"href":"https:\/\/www.public.sn\/index.php\/wp-json\/wp\/v2\/media\/19594"}],"wp:attachment":[{"href":"https:\/\/www.public.sn\/index.php\/wp-json\/wp\/v2\/media?parent=19593"}],"wp:term":[{"taxonomy":"category","embeddable":true,"href":"https:\/\/www.public.sn\/index.php\/wp-json\/wp\/v2\/categories?post=19593"},{"taxonomy":"post_tag","embeddable":true,"href":"https:\/\/www.public.sn\/index.php\/wp-json\/wp\/v2\/tags?post=19593"}],"curies":[{"name":"wp","href":"https:\/\/api.w.org\/{rel}","templated":true}]}}